{"id":92395,"date":"2019-07-02T04:53:12","date_gmt":"2019-07-02T02:53:12","guid":{"rendered":"http:\/\/www.radiopiu.net\/wordpress\/?p=92395"},"modified":"2019-07-22T04:56:53","modified_gmt":"2019-07-22T02:56:53","slug":"danilo-scola-vince-la-corrinvalle-2019","status":"publish","type":"post","link":"https:\/\/www.radiopiu.net\/wordpress\/danilo-scola-vince-la-corrinvalle-2019\/","title":{"rendered":"DANILO SCOLA VINCE LA CORRINVALLE 2019"},"content":{"rendered":"<p><a class=\"dt-pswp-item\" href=\"http:\/\/www.radiopiu.net\/wordpress\/wp-content\/uploads\/2019\/07\/PARTENZA-CORRINVALLE-2019.jpg\" data-dt-img-description=\"DCIM100MEDIADJI_0074.JPG\" data-large_image_width=\"4000\" data-large_image_height=\"3000\"><img loading=\"lazy\" decoding=\"async\" class=\"wp-image-92396 size-large\" src=\"http:\/\/www.radiopiu.net\/wordpress\/wp-content\/uploads\/2019\/07\/PARTENZA-CORRINVALLE-2019-1024x768.jpg\" alt=\"\" width=\"1024\" height=\"768\" srcset=\"https:\/\/www.radiopiu.net\/wordpress\/wp-content\/uploads\/2019\/07\/PARTENZA-CORRINVALLE-2019-1024x768.jpg 1024w, https:\/\/www.radiopiu.net\/wordpress\/wp-content\/uploads\/2019\/07\/PARTENZA-CORRINVALLE-2019-300x225.jpg 300w, https:\/\/www.radiopiu.net\/wordpress\/wp-content\/uploads\/2019\/07\/PARTENZA-CORRINVALLE-2019-768x576.jpg 768w\" sizes=\"auto, (max-width: 1024px) 100vw, 1024px\" \/><\/a><\/p>\n<p>Su un percorso alternativo rispetto alle scorse edizioni, sabato pomeriggio si \u00e8 corsa l&#8217;edizione 2019 della Corrinvalle, la corsa podistica non competitiva che va a braccietto con la Ciclinvalle che ci sar\u00e0 ad agosto. 4,5 km di tracciato misto tra strada e sterrato con partenza da Piazza San Cipriano ed arrivo agli impianti sportivi di Taibon.<\/p>\n<p>MARCO DE COLO&#8217; SPIEGA IL NUOVO PERCORSO<\/p>\n<div style=\"width: 848px;\" class=\"wp-video\"><video class=\"wp-video-shortcode\" id=\"video-92395-1\" width=\"848\" height=\"480\" preload=\"metadata\" controls=\"controls\"><source type=\"video\/mp4\" src=\"http:\/\/www.radiopiu.net\/wordpress\/wp-content\/uploads\/2019\/07\/Corrinvalle-Marco-De-Colo\u0300.mp4?_=1\" \/><a href=\"http:\/\/www.radiopiu.net\/wordpress\/wp-content\/uploads\/2019\/07\/Corrinvalle-Marco-De-Colo\u0300.mp4\">http:\/\/www.radiopiu.net\/wordpress\/wp-content\/uploads\/2019\/07\/Corrinvalle-Marco-De-Colo\u0300.mp4<\/a><\/video><\/div>\n<p>IL VIDEO DELLA PARTENZA<\/p>\n<div id=\"fb-root\"><\/div>\n<p><script async=\"1\" defer=\"1\" crossorigin=\"anonymous\" src=\"https:\/\/connect.facebook.net\/it_IT\/sdk.js#xfbml=1&amp;version=v6.0\"><\/script><\/p>\n<div class=\"fb-video\" data-href=\"https:\/\/www.facebook.com\/marcobaghy\/videos\/10219504371023953\/\" data-width=\"1200\">\n<blockquote cite=\"https:\/\/www.facebook.com\/marcobaghy\/videos\/10219504371023953\/\" class=\"fb-xfbml-parse-ignore\"><p><a href=\"https:\/\/www.facebook.com\/marcobaghy\/videos\/10219504371023953\/\"><\/a><\/p>\n<p>Pubblicato da <a href=\"https:\/\/www.facebook.com\/marcobaghy\">Marco Gaz<\/a> su Sabato 20 luglio 2019<\/p><\/blockquote>\n<\/div>\n<p>Ad imporsi \u00e8 stato Danilo Scola che per pochi secondi ha battuto Valentino De Nardin. Al terzo posto Cesare Friz. Gara che \u00e8 durata poco pi\u00f9 di 17 minuti.<\/p>\n<p>L&#8217;ARRIVO AL CAMPO SPORTIVO DI TAIBON<\/p>\n<div id=\"fb-root\"><\/div>\n<p><script async=\"1\" defer=\"1\" crossorigin=\"anonymous\" src=\"https:\/\/connect.facebook.net\/it_IT\/sdk.js#xfbml=1&amp;version=v6.0\"><\/script><\/p>\n<div class=\"fb-video\" data-href=\"https:\/\/www.facebook.com\/marcobaghy\/videos\/10219504514427538\/\" data-width=\"1200\">\n<blockquote cite=\"https:\/\/www.facebook.com\/marcobaghy\/videos\/10219504514427538\/\" class=\"fb-xfbml-parse-ignore\"><p><a href=\"https:\/\/www.facebook.com\/marcobaghy\/videos\/10219504514427538\/\"><\/a><\/p>\n<p>Pubblicato da <a href=\"https:\/\/www.facebook.com\/marcobaghy\">Marco Gaz<\/a> su Sabato 20 luglio 2019<\/p><\/blockquote>\n<\/div>\n<p>Nella femminile vince Emanuela Zaetta, seconda posizione per Monica Todesco e terza Francesca De Col\u00f2<\/p>\n<p>WILLIAM DA ROIT E LE SUE IMPRESSIONI SUL TRACCIATO<\/p>\n<div style=\"width: 848px;\" class=\"wp-video\"><video class=\"wp-video-shortcode\" id=\"video-92395-2\" width=\"848\" height=\"480\" preload=\"metadata\" controls=\"controls\"><source type=\"video\/mp4\" src=\"http:\/\/www.radiopiu.net\/wordpress\/wp-content\/uploads\/2019\/07\/Corrinvalle-William-Da-Roit.mp4?_=2\" \/><a href=\"http:\/\/www.radiopiu.net\/wordpress\/wp-content\/uploads\/2019\/07\/Corrinvalle-William-Da-Roit.mp4\">http:\/\/www.radiopiu.net\/wordpress\/wp-content\/uploads\/2019\/07\/Corrinvalle-William-Da-Roit.mp4<\/a><\/video><\/div>\n<p>LE PREMIAZIONI<\/p>\n<p><a class=\"dt-pswp-item\" href=\"http:\/\/www.radiopiu.net\/wordpress\/wp-content\/uploads\/2019\/07\/CORRINVALLE-2019-MEMORIAL-ARTICO.jpeg\" data-dt-img-description=\"\" data-large_image_width=\"1024\" data-large_image_height=\"768\"><img loading=\"lazy\" decoding=\"async\" class=\"alignnone size-medium wp-image-92404\" src=\"http:\/\/www.radiopiu.net\/wordpress\/wp-content\/uploads\/2019\/07\/CORRINVALLE-2019-MEMORIAL-ARTICO-300x225.jpeg\" alt=\"\" width=\"300\" height=\"225\" srcset=\"https:\/\/www.radiopiu.net\/wordpress\/wp-content\/uploads\/2019\/07\/CORRINVALLE-2019-MEMORIAL-ARTICO-300x225.jpeg 300w, https:\/\/www.radiopiu.net\/wordpress\/wp-content\/uploads\/2019\/07\/CORRINVALLE-2019-MEMORIAL-ARTICO-768x576.jpeg 768w, https:\/\/www.radiopiu.net\/wordpress\/wp-content\/uploads\/2019\/07\/CORRINVALLE-2019-MEMORIAL-ARTICO.jpeg 1024w\" sizes=\"auto, (max-width: 300px) 100vw, 300px\" \/><\/a><a class=\"dt-pswp-item\" href=\"http:\/\/www.radiopiu.net\/wordpress\/wp-content\/uploads\/2019\/07\/CORRINVALLE-2019-PODIO-FEMMINILE.jpeg\" data-dt-img-description=\"\" data-large_image_width=\"1024\" data-large_image_height=\"768\"><img loading=\"lazy\" decoding=\"async\" class=\"alignnone size-medium wp-image-92405\" src=\"http:\/\/www.radiopiu.net\/wordpress\/wp-content\/uploads\/2019\/07\/CORRINVALLE-2019-PODIO-FEMMINILE-300x225.jpeg\" alt=\"\" width=\"300\" height=\"225\" srcset=\"https:\/\/www.radiopiu.net\/wordpress\/wp-content\/uploads\/2019\/07\/CORRINVALLE-2019-PODIO-FEMMINILE-300x225.jpeg 300w, https:\/\/www.radiopiu.net\/wordpress\/wp-content\/uploads\/2019\/07\/CORRINVALLE-2019-PODIO-FEMMINILE-768x576.jpeg 768w, https:\/\/www.radiopiu.net\/wordpress\/wp-content\/uploads\/2019\/07\/CORRINVALLE-2019-PODIO-FEMMINILE.jpeg 1024w\" sizes=\"auto, (max-width: 300px) 100vw, 300px\" \/><\/a><a class=\"dt-pswp-item\" href=\"http:\/\/www.radiopiu.net\/wordpress\/wp-content\/uploads\/2019\/07\/CORRINVALLE-2019-PODIO-MASCHILE.jpeg\" data-dt-img-description=\"\" data-large_image_width=\"1024\" data-large_image_height=\"768\"><img loading=\"lazy\" decoding=\"async\" class=\"alignnone size-medium wp-image-92406\" src=\"http:\/\/www.radiopiu.net\/wordpress\/wp-content\/uploads\/2019\/07\/CORRINVALLE-2019-PODIO-MASCHILE-300x225.jpeg\" alt=\"\" width=\"300\" height=\"225\" srcset=\"https:\/\/www.radiopiu.net\/wordpress\/wp-content\/uploads\/2019\/07\/CORRINVALLE-2019-PODIO-MASCHILE-300x225.jpeg 300w, https:\/\/www.radiopiu.net\/wordpress\/wp-content\/uploads\/2019\/07\/CORRINVALLE-2019-PODIO-MASCHILE-768x576.jpeg 768w, https:\/\/www.radiopiu.net\/wordpress\/wp-content\/uploads\/2019\/07\/CORRINVALLE-2019-PODIO-MASCHILE.jpeg 1024w\" sizes=\"auto, (max-width: 300px) 100vw, 300px\" \/><\/a><\/p>\n<p>LE CLASSIFICHE (clicca sotto per scaricare il PDF)<\/p>\n<p><a href=\"http:\/\/www.radiopiu.net\/wordpress\/wp-content\/uploads\/2019\/07\/Classifiche-Corrinvalle-2019.pdf\">Classifiche Corrinvalle 2019<\/a><\/p>\n","protected":false},"excerpt":{"rendered":"<p>Su un percorso alternativo rispetto alle scorse edizioni, sabato pomeriggio si \u00e8 corsa l&#8217;edizione 2019 della Corrinvalle, la corsa podistica non competitiva che va a braccietto con la Ciclinvalle che ci sar\u00e0 ad agosto. 4,5 km di tracciato misto tra strada e sterrato con partenza da Piazza San Cipriano ed arrivo agli impianti sportivi di&hellip;<\/p>\n","protected":false},"author":4,"featured_media":92396,"comment_status":"closed","ping_status":"closed","sticky":false,"template":"","format":"standard","meta":{"_monsterinsights_skip_tracking":false,"_monsterinsights_sitenote_active":false,"_monsterinsights_sitenote_note":"","_monsterinsights_sitenote_category":0,"footnotes":""},"categories":[49],"tags":[],"class_list":["post-92395","post","type-post","status-publish","format-standard","has-post-thumbnail","hentry","category-news-18","category-49","description-off"],"img_url":"https:\/\/www.radiopiu.net\/wordpress\/wp-content\/uploads\/2019\/07\/PARTENZA-CORRINVALLE-2019.jpg","_links":{"self":[{"href":"https:\/\/www.radiopiu.net\/wordpress\/wp-json\/wp\/v2\/posts\/92395","targetHints":{"allow":["GET"]}}],"collection":[{"href":"https:\/\/www.radiopiu.net\/wordpress\/wp-json\/wp\/v2\/posts"}],"about":[{"href":"https:\/\/www.radiopiu.net\/wordpress\/wp-json\/wp\/v2\/types\/post"}],"author":[{"embeddable":true,"href":"https:\/\/www.radiopiu.net\/wordpress\/wp-json\/wp\/v2\/users\/4"}],"replies":[{"embeddable":true,"href":"https:\/\/www.radiopiu.net\/wordpress\/wp-json\/wp\/v2\/comments?post=92395"}],"version-history":[{"count":0,"href":"https:\/\/www.radiopiu.net\/wordpress\/wp-json\/wp\/v2\/posts\/92395\/revisions"}],"wp:featuredmedia":[{"embeddable":true,"href":"https:\/\/www.radiopiu.net\/wordpress\/wp-json\/wp\/v2\/media\/92396"}],"wp:attachment":[{"href":"https:\/\/www.radiopiu.net\/wordpress\/wp-json\/wp\/v2\/media?parent=92395"}],"wp:term":[{"taxonomy":"category","embeddable":true,"href":"https:\/\/www.radiopiu.net\/wordpress\/wp-json\/wp\/v2\/categories?post=92395"},{"taxonomy":"post_tag","embeddable":true,"href":"https:\/\/www.radiopiu.net\/wordpress\/wp-json\/wp\/v2\/tags?post=92395"}],"curies":[{"name":"wp","href":"https:\/\/api.w.org\/{rel}","templated":true}]}}