{"id":92601,"date":"2019-07-23T17:03:55","date_gmt":"2019-07-23T15:03:55","guid":{"rendered":"http:\/\/www.radiopiu.net\/wordpress\/?p=92601"},"modified":"2019-07-24T05:49:30","modified_gmt":"2019-07-24T03:49:30","slug":"ghisel-cancella-la-festa","status":"publish","type":"post","link":"https:\/\/www.radiopiu.net\/wordpress\/ghisel-cancella-la-festa\/","title":{"rendered":"GHISEL CANCELLA LA FESTA"},"content":{"rendered":"<p><strong><a class=\"dt-pswp-item\" href=\"http:\/\/www.radiopiu.net\/wordpress\/wp-content\/uploads\/2019\/07\/67486623_3055020111204719_4142207081786638336_n.jpg\" data-dt-img-description=\"\" data-large_image_width=\"720\" data-large_image_height=\"960\"><img loading=\"lazy\" decoding=\"async\" class=\"wp-image-92565 alignleft\" src=\"http:\/\/www.radiopiu.net\/wordpress\/wp-content\/uploads\/2019\/07\/67486623_3055020111204719_4142207081786638336_n-225x300.jpg\" alt=\"\" width=\"146\" height=\"195\" srcset=\"https:\/\/www.radiopiu.net\/wordpress\/wp-content\/uploads\/2019\/07\/67486623_3055020111204719_4142207081786638336_n-225x300.jpg 225w, https:\/\/www.radiopiu.net\/wordpress\/wp-content\/uploads\/2019\/07\/67486623_3055020111204719_4142207081786638336_n.jpg 720w\" sizes=\"auto, (max-width: 146px) 100vw, 146px\" \/><\/a><\/strong><\/p>\n<p><strong>CENCENIGHE<\/strong> Era prevedibile, la festas del 4 agosto \u00e8 stata annullata, lo scorso ottobre Vaia ha coinvolto anche l&#8217;oasi Papa Luciani. Il sentiero \u00e8 stato distrutto ed \u00e8 impraticabile. La protezione civile per ragioni di sicurezza ha vietato l&#8217;accesso alla frazione Ghisel<em>. &#8220;Confidiamo nella collaborazione della Regione Veneto, Comune di Cencenighe e Amici di Ghisel perch\u00e9 sia ripristinato l&#8217;accesso all&#8217;oasi&#8221;<\/em> \u00e8 l&#8217;accorata appello dell&#8217;associazione Oasi Papa Luciani.<\/p>\n<p>&nbsp;<\/p>\n<div id=\"fb-root\"><\/div>\n<p><script async=\"1\" defer=\"1\" crossorigin=\"anonymous\" src=\"https:\/\/connect.facebook.net\/it_IT\/sdk.js#xfbml=1&amp;version=v6.0\"><\/script><\/p>\n<div class=\"fb-video\" data-href=\"https:\/\/www.facebook.com\/ghiseloasipapaluciani\/videos\/700359596988739\/\" data-width=\"1200\">\n<blockquote cite=\"https:\/\/www.facebook.com\/ghiseloasipapaluciani\/videos\/700359596988739\/\" class=\"fb-xfbml-parse-ignore\"><p><a href=\"https:\/\/www.facebook.com\/ghiseloasipapaluciani\/videos\/700359596988739\/\"><\/a><\/p>\n<p>Domenica 11 Novembre sopralluogo a Ghisel per documentare i danni provocati dal maltempo che ha colpito Agordino e Bellunese a fine ottobre. Il sentiero, semidistrutto, avr\u00e1 un nuovo percorso. Nell\u2019Oasi, nessun danno alle case, alberi caduti e tratti franati. Ma siamo pronti a ripartire, sempre assieme a Don Ettore e alla Provvidenza che ci guarda da lass\u00f9 con gli occhi di Papa Luciani.<\/p>\n<p>Pubblicato da <a href=\"https:\/\/www.facebook.com\/ghiseloasipapaluciani\/\">Ghisel OASI PAPA Luciani<\/a> su Luned\u00ec 12 novembre 2018<\/p><\/blockquote>\n<\/div>\n<p>&nbsp;<\/p>\n<p>&nbsp;<\/p>\n<p>&nbsp;<\/p>\n<h3>INCONT<\/h3>\n","protected":false},"excerpt":{"rendered":"<p>CENCENIGHE Era prevedibile, la festas del 4 agosto \u00e8 stata annullata, lo scorso ottobre Vaia ha coinvolto anche l&#8217;oasi Papa Luciani. Il sentiero \u00e8 stato distrutto ed \u00e8 impraticabile. La protezione civile per ragioni di sicurezza ha vietato l&#8217;accesso alla frazione Ghisel. &#8220;Confidiamo nella collaborazione della Regione Veneto, Comune di Cencenighe e Amici di Ghisel&hellip;<\/p>\n","protected":false},"author":1,"featured_media":92565,"comment_status":"closed","ping_status":"closed","sticky":false,"template":"","format":"standard","meta":{"_monsterinsights_skip_tracking":false,"_monsterinsights_sitenote_active":false,"_monsterinsights_sitenote_note":"","_monsterinsights_sitenote_category":0,"footnotes":""},"categories":[103,49],"tags":[],"class_list":["post-92601","post","type-post","status-publish","format-standard","has-post-thumbnail","hentry","category-evidenza_2","category-news-18","category-103","category-49","description-off"],"img_url":"https:\/\/www.radiopiu.net\/wordpress\/wp-content\/uploads\/2019\/07\/67486623_3055020111204719_4142207081786638336_n.jpg","_links":{"self":[{"href":"https:\/\/www.radiopiu.net\/wordpress\/wp-json\/wp\/v2\/posts\/92601","targetHints":{"allow":["GET"]}}],"collection":[{"href":"https:\/\/www.radiopiu.net\/wordpress\/wp-json\/wp\/v2\/posts"}],"about":[{"href":"https:\/\/www.radiopiu.net\/wordpress\/wp-json\/wp\/v2\/types\/post"}],"author":[{"embeddable":true,"href":"https:\/\/www.radiopiu.net\/wordpress\/wp-json\/wp\/v2\/users\/1"}],"replies":[{"embeddable":true,"href":"https:\/\/www.radiopiu.net\/wordpress\/wp-json\/wp\/v2\/comments?post=92601"}],"version-history":[{"count":0,"href":"https:\/\/www.radiopiu.net\/wordpress\/wp-json\/wp\/v2\/posts\/92601\/revisions"}],"wp:featuredmedia":[{"embeddable":true,"href":"https:\/\/www.radiopiu.net\/wordpress\/wp-json\/wp\/v2\/media\/92565"}],"wp:attachment":[{"href":"https:\/\/www.radiopiu.net\/wordpress\/wp-json\/wp\/v2\/media?parent=92601"}],"wp:term":[{"taxonomy":"category","embeddable":true,"href":"https:\/\/www.radiopiu.net\/wordpress\/wp-json\/wp\/v2\/categories?post=92601"},{"taxonomy":"post_tag","embeddable":true,"href":"https:\/\/www.radiopiu.net\/wordpress\/wp-json\/wp\/v2\/tags?post=92601"}],"curies":[{"name":"wp","href":"https:\/\/api.w.org\/{rel}","templated":true}]}}