{"id":92667,"date":"2019-07-23T10:43:22","date_gmt":"2019-07-23T08:43:22","guid":{"rendered":"http:\/\/www.radiopiu.net\/wordpress\/?p=92667"},"modified":"2019-07-24T05:48:40","modified_gmt":"2019-07-24T03:48:40","slug":"grave-incidente-a-ponte-nelle-alpi","status":"publish","type":"post","link":"https:\/\/www.radiopiu.net\/wordpress\/grave-incidente-a-ponte-nelle-alpi\/","title":{"rendered":"GRAVE INCIDENTE A PONTE NELLE ALPI"},"content":{"rendered":"<p><strong>BELLUNO<\/strong> Due feriti nell&#8217;incidente di questa mattina ad Andreane tra Ponte nelle Alpi e Belluno, un uomo \u00e8 stato portato in elicottero all&#8217;ospedale di Treviso. Scontro frontale tra una macchina e un tir. Una terza auto, che seguiva il mezzo pesante \u00e8 rimasta coinvolta non avendo potuto evitare il tamponamento. Il ferito pi\u00f9 grave \u00e8 un brasiliano di 20 anni R.L.<strong>,\u00a0 <\/strong>\u00e8\u00a0 residente nel Bellunese, lotta tra la vita e la morte<strong>.<\/strong>\u00a0Gravi ripercussioni per il traffico, che \u00e8 stato bloccato a lungo.<\/p>\n<p>DAI VIGILI DEL FUOCO<\/p>\n<p>Alle 6:30, i vigili del fuoco sono intervenuti lungo la SS50, che collega Ponte nelle Alpi e Belluno per uno scontro frontale tra un camion e un\u2019auto: due feriti, di cui uno a bordo di una terza auto che seguiva l\u2019autoarticolato ed \u00e8 rimasta coinvolta tamponando il TIR.\u00a0\u00a0I pompieri arrivati con due automezzi tra cui l\u2019autogr\u00f9, hanno messo in sicurezza i mezzi ed estratto il conducente dell\u2019auto, rimasto incastrato nell\u2019abitacolo. L\u2019uomo \u00e8 stato stabilizzato dal personale del Suem 118 e trasferito in ospedale in codice rosso. Ferito in maniera pi\u00f9 lieve, ma comunque trasferito in pronto soccorso l\u2019automobilista che viaggiava dietro il camion. Illeso l\u2019autista del mezzo pesante. Durante tutte le operazioni di soccorso la strada \u00e8 rimasta interrotta con il traffico deviato su viabilit\u00e0 alternativa. La polizia stradale oltre a deviare il traffico ha eseguito i rilievi del sinistro per ricostruirne la dinamica. Le operazioni di soccorso dei vigili del fuoco sono terminate alle 10.00 circa.<\/p>\n<p><a class=\"dt-pswp-item\" href=\"http:\/\/www.radiopiu.net\/wordpress\/wp-content\/uploads\/2019\/07\/IMG_20190723_101013_865_wm.jpg\" data-dt-img-description=\"\" data-large_image_width=\"4404\" data-large_image_height=\"3000\"><img loading=\"lazy\" decoding=\"async\" class=\"alignnone size-medium wp-image-92678\" src=\"http:\/\/www.radiopiu.net\/wordpress\/wp-content\/uploads\/2019\/07\/IMG_20190723_101013_865_wm-300x204.jpg\" alt=\"\" width=\"300\" height=\"204\" srcset=\"https:\/\/www.radiopiu.net\/wordpress\/wp-content\/uploads\/2019\/07\/IMG_20190723_101013_865_wm-300x204.jpg 300w, https:\/\/www.radiopiu.net\/wordpress\/wp-content\/uploads\/2019\/07\/IMG_20190723_101013_865_wm-768x523.jpg 768w, https:\/\/www.radiopiu.net\/wordpress\/wp-content\/uploads\/2019\/07\/IMG_20190723_101013_865_wm-1024x698.jpg 1024w\" sizes=\"auto, (max-width: 300px) 100vw, 300px\" \/><\/a><a class=\"dt-pswp-item\" href=\"http:\/\/www.radiopiu.net\/wordpress\/wp-content\/uploads\/2019\/07\/20190723_105649_wm1.jpg\" data-dt-img-description=\"\" data-large_image_width=\"2727\" data-large_image_height=\"1794\"><img loading=\"lazy\" decoding=\"async\" class=\"alignnone size-medium wp-image-92679\" src=\"http:\/\/www.radiopiu.net\/wordpress\/wp-content\/uploads\/2019\/07\/20190723_105649_wm1-300x197.jpg\" alt=\"\" width=\"300\" height=\"197\" srcset=\"https:\/\/www.radiopiu.net\/wordpress\/wp-content\/uploads\/2019\/07\/20190723_105649_wm1-300x197.jpg 300w, https:\/\/www.radiopiu.net\/wordpress\/wp-content\/uploads\/2019\/07\/20190723_105649_wm1-768x505.jpg 768w, https:\/\/www.radiopiu.net\/wordpress\/wp-content\/uploads\/2019\/07\/20190723_105649_wm1-1024x674.jpg 1024w\" sizes=\"auto, (max-width: 300px) 100vw, 300px\" \/><\/a><a class=\"dt-pswp-item\" href=\"http:\/\/www.radiopiu.net\/wordpress\/wp-content\/uploads\/2019\/07\/20190723_105649_wm.jpg\" data-dt-img-description=\"\" data-large_image_width=\"2727\" data-large_image_height=\"1794\"><img loading=\"lazy\" decoding=\"async\" class=\"alignnone size-medium wp-image-92681\" src=\"http:\/\/www.radiopiu.net\/wordpress\/wp-content\/uploads\/2019\/07\/20190723_105649_wm-300x197.jpg\" alt=\"\" width=\"300\" height=\"197\" srcset=\"https:\/\/www.radiopiu.net\/wordpress\/wp-content\/uploads\/2019\/07\/20190723_105649_wm-300x197.jpg 300w, https:\/\/www.radiopiu.net\/wordpress\/wp-content\/uploads\/2019\/07\/20190723_105649_wm-768x505.jpg 768w, https:\/\/www.radiopiu.net\/wordpress\/wp-content\/uploads\/2019\/07\/20190723_105649_wm-1024x674.jpg 1024w\" sizes=\"auto, (max-width: 300px) 100vw, 300px\" \/><\/a><a class=\"dt-pswp-item\" href=\"http:\/\/www.radiopiu.net\/wordpress\/wp-content\/uploads\/2019\/07\/20190723_105718_wm.jpg\" data-dt-img-description=\"\" data-large_image_width=\"3777\" data-large_image_height=\"2536\"><img loading=\"lazy\" decoding=\"async\" class=\"alignnone size-medium wp-image-92682\" src=\"http:\/\/www.radiopiu.net\/wordpress\/wp-content\/uploads\/2019\/07\/20190723_105718_wm-300x201.jpg\" alt=\"\" width=\"300\" height=\"201\" srcset=\"https:\/\/www.radiopiu.net\/wordpress\/wp-content\/uploads\/2019\/07\/20190723_105718_wm-300x201.jpg 300w, https:\/\/www.radiopiu.net\/wordpress\/wp-content\/uploads\/2019\/07\/20190723_105718_wm-768x516.jpg 768w, https:\/\/www.radiopiu.net\/wordpress\/wp-content\/uploads\/2019\/07\/20190723_105718_wm-1024x688.jpg 1024w\" sizes=\"auto, (max-width: 300px) 100vw, 300px\" \/><\/a><\/p>\n","protected":false},"excerpt":{"rendered":"<p>BELLUNO Due feriti nell&#8217;incidente di questa mattina ad Andreane tra Ponte nelle Alpi e Belluno, un uomo \u00e8 stato portato in elicottero all&#8217;ospedale di Treviso. Scontro frontale tra una macchina e un tir. Una terza auto, che seguiva il mezzo pesante \u00e8 rimasta coinvolta non avendo potuto evitare il tamponamento. Il ferito pi\u00f9 grave \u00e8&hellip;<\/p>\n","protected":false},"author":1,"featured_media":92682,"comment_status":"closed","ping_status":"closed","sticky":false,"template":"","format":"standard","meta":{"_monsterinsights_skip_tracking":false,"_monsterinsights_sitenote_active":false,"_monsterinsights_sitenote_note":"","_monsterinsights_sitenote_category":0,"footnotes":""},"categories":[51,49],"tags":[],"class_list":["post-92667","post","type-post","status-publish","format-standard","has-post-thumbnail","hentry","category-evidenza-top","category-news-18","category-51","category-49","description-off"],"img_url":"https:\/\/www.radiopiu.net\/wordpress\/wp-content\/uploads\/2019\/07\/20190723_105718_wm.jpg","_links":{"self":[{"href":"https:\/\/www.radiopiu.net\/wordpress\/wp-json\/wp\/v2\/posts\/92667","targetHints":{"allow":["GET"]}}],"collection":[{"href":"https:\/\/www.radiopiu.net\/wordpress\/wp-json\/wp\/v2\/posts"}],"about":[{"href":"https:\/\/www.radiopiu.net\/wordpress\/wp-json\/wp\/v2\/types\/post"}],"author":[{"embeddable":true,"href":"https:\/\/www.radiopiu.net\/wordpress\/wp-json\/wp\/v2\/users\/1"}],"replies":[{"embeddable":true,"href":"https:\/\/www.radiopiu.net\/wordpress\/wp-json\/wp\/v2\/comments?post=92667"}],"version-history":[{"count":0,"href":"https:\/\/www.radiopiu.net\/wordpress\/wp-json\/wp\/v2\/posts\/92667\/revisions"}],"wp:featuredmedia":[{"embeddable":true,"href":"https:\/\/www.radiopiu.net\/wordpress\/wp-json\/wp\/v2\/media\/92682"}],"wp:attachment":[{"href":"https:\/\/www.radiopiu.net\/wordpress\/wp-json\/wp\/v2\/media?parent=92667"}],"wp:term":[{"taxonomy":"category","embeddable":true,"href":"https:\/\/www.radiopiu.net\/wordpress\/wp-json\/wp\/v2\/categories?post=92667"},{"taxonomy":"post_tag","embeddable":true,"href":"https:\/\/www.radiopiu.net\/wordpress\/wp-json\/wp\/v2\/tags?post=92667"}],"curies":[{"name":"wp","href":"https:\/\/api.w.org\/{rel}","templated":true}]}}