{"id":92721,"date":"2019-07-25T06:44:31","date_gmt":"2019-07-25T04:44:31","guid":{"rendered":"http:\/\/www.radiopiu.net\/wordpress\/?p=92721"},"modified":"2019-07-26T06:42:08","modified_gmt":"2019-07-26T04:42:08","slug":"giornale-radiopiu-25-luglio-2019-direttore-mirko-mezzacasa","status":"publish","type":"post","link":"https:\/\/www.radiopiu.net\/wordpress\/giornale-radiopiu-25-luglio-2019-direttore-mirko-mezzacasa\/","title":{"rendered":"GIORNALE RADIOPIU 25 LUGLIO 2019 DIRETTORE MIRKO MEZZACASA"},"content":{"rendered":"<p><strong>Il Cipe ha sbloccato i fondi<\/strong> per l&#8217;elettrificazione\u00a0 e viabilit\u00e0 d&#8217;accesso a Cortina e arrivano nel bellunese centinaia di milioni di euro per nuovi investimenti anche in ambito sanitario per l&#8217;ospedale San Martino e protezione civile per la frana del Tessina. <strong>Poligono di tiro ad Agordo<\/strong>, totale abbandono ma c&#8217;\u00e8 l&#8217;interesse dell&#8217;amministrazione comunale per recuperare denaro. All&#8217;ex Follador la situazione non migliora: tutto fermo. <strong>Disavventura a lieto fine<\/strong> per i turisti americani in valle del Mis, ritrovata parte della refurtiva, i Carabinieri ringraziati con un&#8217;emozionante mail. <strong>Tragedia sfiorata alla piscina di Sappada<\/strong>, il bagnino Matteo D&#8217;Inc\u00e0 salva una dodicenne svenuta in piscina con il massaggio cardiaco prima dell&#8217;intervento dei medici (Gazzettino).\u00a0<strong> Il ragazzo brasiliano<\/strong> vittima dell&#8217;incidente dell&#8217;altra mattina a Ponte nelle Alpi \u00e8 sempre gravissimo e stazionario al C\u00e0 Foncello di Treviso,la Procura ha\u00a0 aperto un&#8217;inchiesta indagato anche il camionista (atto dovuto) e ci sarebbero testimoni che confermano che il ventenne era in sorpasso.<strong> Il parcheggio ex Moi a Belluno<\/strong> aprir\u00e0 tra un paio di mesi, messa in sicurezza la parte superiore. <strong>La Camera di commercio<\/strong> avanza proposte per il turismo e le Olimpiadi, prima di tutto l&#8217;ospitalit\u00e0 e le strade. <strong>Anche ieri tanti interventi del Cnsas<\/strong> da mattina a sera, l&#8217;appello alla prudenza dal Soccorso Alpino e un vademecum anti infortuni. Nel fine settimana ai Piani di Pezz\u00e8 l&#8217;avventura ad alta quota con AdventureOutdoorFest e il cinema ad Agordo con Kalat Nissa Film Festival.<\/p>\n<p>&nbsp;<\/p>\n<p>Ciao Maurizio&#8230;<\/p>\n<div class=\"_2cuy _3dgx\" data-block=\"true\" data-editor=\"clc6e\" data-offset-key=\"d8png-0-0\">\n<blockquote>\n<div class=\"_1mf _1mj\" data-offset-key=\"d8png-0-0\"><span data-offset-key=\"d8png-0-0\"><a class=\"dt-pswp-item\" href=\"http:\/\/www.radiopiu.net\/wordpress\/wp-content\/uploads\/2019\/07\/maurizio-melita-566253.660x368.jpg\" data-dt-img-description=\"\" data-large_image_width=\"660\" data-large_image_height=\"368\"><img loading=\"lazy\" decoding=\"async\" class=\"size-medium wp-image-92965 alignleft\" src=\"http:\/\/www.radiopiu.net\/wordpress\/wp-content\/uploads\/2019\/07\/maurizio-melita-566253.660x368-300x167.jpg\" alt=\"\" width=\"300\" height=\"167\" srcset=\"https:\/\/www.radiopiu.net\/wordpress\/wp-content\/uploads\/2019\/07\/maurizio-melita-566253.660x368-300x167.jpg 300w, https:\/\/www.radiopiu.net\/wordpress\/wp-content\/uploads\/2019\/07\/maurizio-melita-566253.660x368.jpg 660w\" sizes=\"auto, (max-width: 300px) 100vw, 300px\" \/><\/a>SE N&#8217;E&#8217; ANDATO MAURIZIO MELITA&#8230; PER MOLTI ANNI CONDUTTORE DELLE CLASSIFICHE &#8220;TOP INTERNATIONAL&#8221; A RADIO PIU&#8230; IL MONDO DELLE RADIO E&#8217; IN LUTTO. PERDIAMO UN GRANDE PROFESSIONISTA E UNA VOCE DI CASA ANCHE NELLA NOSTRA RADIO&#8230;\u00a0 <a href=\"https:\/\/www.ivg.it\/2019\/07\/radio-in-lutto-se-ne-andato-lo-speaker-savonese-maurizio-melita\/\">CLICCA QUI<\/a><\/span><\/div>\n<\/blockquote>\n<\/div>\n<div class=\"_2cuy _3dgx\" data-block=\"true\" data-editor=\"clc6e\" data-offset-key=\"cq92t-0-0\">\n<div class=\"_1mf _1mj\" data-offset-key=\"cq92t-0-0\"><\/div>\n<\/div>\n<h3>dalla rassegna stampa<\/h3>\n<audio class=\"wp-audio-shortcode\" id=\"audio-92721-1\" preload=\"none\" style=\"width: 100%;\" controls=\"controls\"><source type=\"audio\/mpeg\" src=\"http:\/\/www.radiopiu.net\/wordpress\/wp-content\/uploads\/2019\/07\/MELITA.mp3?_=1\" \/><a href=\"http:\/\/www.radiopiu.net\/wordpress\/wp-content\/uploads\/2019\/07\/MELITA.mp3\">http:\/\/www.radiopiu.net\/wordpress\/wp-content\/uploads\/2019\/07\/MELITA.mp3<\/a><\/audio>\n<p>&nbsp;<\/p>\n<p>&nbsp;<\/p>\n<div>\n<p><strong>NUOVO SENSO UNICO A SALESEI<\/strong> <strong>ED ARABBA<\/strong>Lungo la 48 delle DolomitI fino al 9 agosto alle 7 alle 18 senso unico alternato esclusi i giorni festivi e prefestivi per la messa in sicurezza dei versanti. Ad Arabba FINO al 9 agosto (escluso sabato e domenica)<\/p>\n<p><strong>Regionale 203 agordina, <\/strong>localit\u00e0 LE CAMPE senso unico alternato per il ripristino della rete fognaria. Fino 2 agosto dalle 7.30 alle 8.30 e dalle 16.30 alle 18 con moviere;\u00a0 dalle 7 alle 7.30, dalle 8.30 alle 16.30 dalle 18 alle 19 con semaforo.<\/p>\n<\/div>\n<p>&nbsp;<\/p>\n<p>&nbsp;<\/p>\n<blockquote><p><em>Gestione Servizi Pubblici informa che a Vodo di Cadore nelle localit\u00e0 Vinigo e Peaio l&#8217;acqua erogata dall&#8217;acquedotto non \u00e8 potabile e pu\u00f2 essere usata per scopi alimentari solo previa bollitura. E\u2019 di nuovo potabile, invece, a Lamen, Pren e Cardenzan in comune di Feltre. Acqua sempre inquinata a Colcuc di Colle Santa Lucia.<\/em><\/p><\/blockquote>\n<p>&nbsp;<\/p>\n<p>&nbsp;<\/p>\n<h2>METEO. STATO DI ATTENZIONE SULL\u2019ALTO PIAVE, TEMPORALI PREVISTI SU DOLOMITI E PREALPI<\/h2>\n<p><strong><a class=\"dt-pswp-item\" href=\"http:\/\/www.radiopiu.net\/wordpress\/wp-content\/uploads\/2018\/08\/instabilita.jpg\" data-dt-img-description=\"\" data-large_image_width=\"1280\" data-large_image_height=\"768\"><img loading=\"lazy\" decoding=\"async\" class=\"wp-image-57488 alignleft\" src=\"http:\/\/www.radiopiu.net\/wordpress\/wp-content\/uploads\/2018\/08\/instabilita.jpg\" alt=\"\" width=\"210\" height=\"126\" srcset=\"https:\/\/www.radiopiu.net\/wordpress\/wp-content\/uploads\/2018\/08\/instabilita.jpg 1280w, https:\/\/www.radiopiu.net\/wordpress\/wp-content\/uploads\/2018\/08\/instabilita-300x180.jpg 300w, https:\/\/www.radiopiu.net\/wordpress\/wp-content\/uploads\/2018\/08\/instabilita-768x461.jpg 768w, https:\/\/www.radiopiu.net\/wordpress\/wp-content\/uploads\/2018\/08\/instabilita-1024x614.jpg 1024w\" sizes=\"auto, (max-width: 210px) 100vw, 210px\" \/><\/a>VENEZIA\u00a0<\/strong> <span style=\"font-size: x-large;\"><span style=\"font-size: medium;\">Il Centro funzionale decentrato della Protezione Civile del Veneto, <\/span><span style=\"font-size: medium;\">visti i fenDERYL&#8217;ORomeni meteorologici previsti, <\/span><span style=\"font-size: medium;\">ha emesso un avviso di criticit\u00e0 idrogeologica. <\/span><\/span><span style=\"font-size: medium;\">Nel pomeriggio\/sera\u00a0 sono attesi rovesci e\/o temporali locali sulle Prealpi e fenomeni sparsi sulle Dolomiti. Sulle Dolomiti rischio contenuto di precipitazioni intense, locali. Sulle Prealpi rischio assente o molto basso di precipitazioni intense, locali.<\/span><span style=\"font-size: medium;\">Il possibile verificarsi di rovesci o temporali localmente anche intensi, potrebbe creare disagi al sistema fognario e lungo la rete idrografica minore. Si segnala la possibilit\u00e0 d&#8217;innesco di fenomeni franosi superficiali sui versanti e la possibilit\u00e0 di innesco di colate rapide nella zona di allertamento Alto Piave.<\/span><\/p>\n<h3><\/h3>\n<p>&nbsp;<\/p>\n<blockquote>\n<h3>LE FOTO DEL GIORNO, DI DINO DONA&#8217;. Una manza alpina? Oppure una manza sfuggita\u00a0 al pastore? E&#8217; stata fotografata sul Civetta in Van de le Sasse.<\/h3>\n<\/blockquote>\n<p><a class=\"dt-pswp-item\" href=\"http:\/\/www.radiopiu.net\/wordpress\/wp-content\/uploads\/2019\/07\/ce77ec93-ce05-4669-801f-c3ceab85aee8.jpg\" data-dt-img-description=\"\" data-large_image_width=\"1600\" data-large_image_height=\"1066\"><img loading=\"lazy\" decoding=\"async\" class=\"alignnone size-thumbnail wp-image-92941\" src=\"http:\/\/www.radiopiu.net\/wordpress\/wp-content\/uploads\/2019\/07\/ce77ec93-ce05-4669-801f-c3ceab85aee8-150x150.jpg\" alt=\"\" width=\"150\" height=\"150\" \/><\/a><a class=\"dt-pswp-item\" href=\"http:\/\/www.radiopiu.net\/wordpress\/wp-content\/uploads\/2019\/07\/44ec4e36-2157-4447-9e3f-1dcad8a0f988.jpg\" data-dt-img-description=\"\" data-large_image_width=\"1600\" data-large_image_height=\"1066\"><img loading=\"lazy\" decoding=\"async\" class=\"alignnone size-thumbnail wp-image-92942\" src=\"http:\/\/www.radiopiu.net\/wordpress\/wp-content\/uploads\/2019\/07\/44ec4e36-2157-4447-9e3f-1dcad8a0f988-150x150.jpg\" alt=\"\" width=\"150\" height=\"150\" \/><\/a><a class=\"dt-pswp-item\" href=\"http:\/\/www.radiopiu.net\/wordpress\/wp-content\/uploads\/2019\/07\/6d38d870-5209-40c9-b8ad-98bc8ca4b370.jpg\" data-dt-img-description=\"\" data-large_image_width=\"1600\" data-large_image_height=\"1427\"><img loading=\"lazy\" decoding=\"async\" class=\"alignnone size-thumbnail wp-image-92943\" src=\"http:\/\/www.radiopiu.net\/wordpress\/wp-content\/uploads\/2019\/07\/6d38d870-5209-40c9-b8ad-98bc8ca4b370-150x150.jpg\" alt=\"\" width=\"150\" height=\"150\" \/><\/a><\/p>\n<p>&nbsp;<\/p>\n<p>&nbsp;<\/p>\n<p>&nbsp;<\/p>\n<blockquote>\n<h3><em>SEMPRE VISITE IMPORTANTI IN LUXOTTICA, DA IERI UN ELICOTTERO E&#8217; &#8220;PARCHEGGIATO&#8221; E GLI OSPITI IN VISITA PER I REPARTI. SI TRATTA DI UN VELIVOLO DELLA FIAT DI TORINO<\/em><\/h3>\n<\/blockquote>\n<p><a class=\"dt-pswp-item\" href=\"http:\/\/www.radiopiu.net\/wordpress\/wp-content\/uploads\/2019\/07\/WhatsApp-Image-2019-07-25-at-08.01.28.jpeg\" data-dt-img-description=\"\" data-large_image_width=\"1171\" data-large_image_height=\"773\"><img loading=\"lazy\" decoding=\"async\" class=\"alignnone size-medium wp-image-92986\" src=\"http:\/\/www.radiopiu.net\/wordpress\/wp-content\/uploads\/2019\/07\/WhatsApp-Image-2019-07-25-at-08.01.28-300x198.jpeg\" alt=\"\" width=\"300\" height=\"198\" srcset=\"https:\/\/www.radiopiu.net\/wordpress\/wp-content\/uploads\/2019\/07\/WhatsApp-Image-2019-07-25-at-08.01.28-300x198.jpeg 300w, https:\/\/www.radiopiu.net\/wordpress\/wp-content\/uploads\/2019\/07\/WhatsApp-Image-2019-07-25-at-08.01.28-768x507.jpeg 768w, https:\/\/www.radiopiu.net\/wordpress\/wp-content\/uploads\/2019\/07\/WhatsApp-Image-2019-07-25-at-08.01.28-1024x676.jpeg 1024w, https:\/\/www.radiopiu.net\/wordpress\/wp-content\/uploads\/2019\/07\/WhatsApp-Image-2019-07-25-at-08.01.28.jpeg 1171w\" sizes=\"auto, (max-width: 300px) 100vw, 300px\" \/><\/a><\/p>\n<p>&nbsp;<\/p>\n<p>&nbsp;<\/p>\n<p>&nbsp;<\/p>\n<blockquote><p>&nbsp;<\/p><\/blockquote>\n<p>GLI SPECIALI ALLA &#8230; RADIO PIU&#8217;<\/p>\n<blockquote class=\"wp-embedded-content\" data-secret=\"FJvnwOLB3x\"><p><a href=\"http:\/\/www.radiopiu.net\/wordpress\/al-via-kalat-nissa-film-festival\/\">AL VIA KALAT NISSA FILM FESTIVAL<\/a><\/p><\/blockquote>\n<p><iframe loading=\"lazy\" title=\"&#8220;AL VIA KALAT NISSA FILM FESTIVAL&#8221; &#8212; Radio Pi\u00f9\" class=\"wp-embedded-content\" sandbox=\"allow-scripts\" security=\"restricted\" style=\"position: absolute; clip: rect(1px, 1px, 1px, 1px);\" src=\"http:\/\/www.radiopiu.net\/wordpress\/al-via-kalat-nissa-film-festival\/embed\/#?secret=FJvnwOLB3x\" data-secret=\"FJvnwOLB3x\" width=\"600\" height=\"338\" frameborder=\"0\" marginwidth=\"0\" marginheight=\"0\" scrolling=\"no\"><\/iframe><\/p>\n<blockquote><p>&nbsp;<\/p><\/blockquote>\n<h2><\/h2>\n<blockquote>\n<h2><\/h2>\n<\/blockquote>\n<h2>LITIGA CON IL FRATELLO GEMELLO, FINISCE IN CARCERE A BALDENICH<\/h2>\n<p><strong>LOZZO DI CADORE<\/strong> Violenta lite in famiglia a Lozzo con un arresto. I Carabinieri di Vigo di Cadore hanno arrestato in flagranza di reato F.E.\u00a0 49 anni perch\u00e9 l&#8217;altra notte ha dato vita ad una violenta lite con il fratello gemello. A Chiamare gli uomini dell&#8217;Arma la madre, al loro arrivo l&#8217;uomo non si \u00e8 calmato, anzi ha aggredito i Carabinieri ma dopo una breve collutazione \u00e8 stato bloccato ed arrestato. Nessuna lesione per i Carabinieri.<\/p>\n<p>&nbsp;<\/p>\n<p>&nbsp;<\/p>\n<p>&nbsp;<\/p>\n<h2>DALL&#8217;ORDINE MESSAGGIO AL PRESIDENTE E GIORNALISTA ROBERTO PADRIN&#8230;<\/h2>\n<p>Da Bellunopress-Dolomiti, di Roberto De Nart<\/p>\n<blockquote class=\"wp-embedded-content\" data-secret=\"9KkTNepCAX\"><p><a href=\"http:\/\/www.bellunopress.it\/2019\/07\/24\/concorso-per-addetto-stampa-in-provincia-sindacato-giornalisti-veneto-il-presidente-padrin-ritiri-o-modifichi-il-bando-offensivo-e-lesivo-della-dignita-professionale-dei-giornalisti\/\">Concorso per addetto stampa in Provincia. Sindacato giornalisti Veneto: &#8220;Il presidente Padrin ritiri o modifichi il bando, offensivo e lesivo della dignit\u00e0 professionale dei giornalisti&#8221;<\/a><\/p><\/blockquote>\n<p><iframe loading=\"lazy\" title=\"&#8220;Concorso per addetto stampa in Provincia. Sindacato giornalisti Veneto: &#8220;Il presidente Padrin ritiri o modifichi il bando, offensivo e lesivo della dignit\u00e0 professionale dei giornalisti&#8221;&#8221; &#8212; Bellunopress - Dolomiti  \" class=\"wp-embedded-content\" sandbox=\"allow-scripts\" security=\"restricted\" style=\"position: absolute; clip: rect(1px, 1px, 1px, 1px);\" src=\"http:\/\/www.bellunopress.it\/2019\/07\/24\/concorso-per-addetto-stampa-in-provincia-sindacato-giornalisti-veneto-il-presidente-padrin-ritiri-o-modifichi-il-bando-offensivo-e-lesivo-della-dignita-professionale-dei-giornalisti\/embed\/#?secret=9KkTNepCAX\" data-secret=\"9KkTNepCAX\" width=\"600\" height=\"338\" frameborder=\"0\" marginwidth=\"0\" marginheight=\"0\" scrolling=\"no\"><\/iframe><\/p>\n<p>&nbsp;<\/p>\n<p>&nbsp;<\/p>\n<p>&nbsp;<\/p>\n<p>&nbsp;<\/p>\n<h2>BANCONOTA DA 100 EURO FALSA, 24ENNE DENUNCIATO IN STATO DI LIBERTA&#8217;<\/h2>\n<p><a class=\"dt-pswp-item\" href=\"http:\/\/www.radiopiu.net\/wordpress\/wp-content\/uploads\/2019\/07\/4cc72590-80e0-4d03-b4ee-50a39e12922d.jpg\" data-dt-img-description=\"\" data-large_image_width=\"721\" data-large_image_height=\"1024\"><img loading=\"lazy\" decoding=\"async\" class=\" wp-image-92853 alignleft\" src=\"http:\/\/www.radiopiu.net\/wordpress\/wp-content\/uploads\/2019\/07\/4cc72590-80e0-4d03-b4ee-50a39e12922d-150x150.jpg\" alt=\"\" width=\"202\" height=\"202\" \/><\/a><strong>BELLUNO<\/strong> Un giovane di Catania (G.I. le inizlali) ha scambiato Belluno per una terra di conquista e i bellunesi per commercianti sprovveduti, ma quanto si sbagliava. Lo ha capito quando i Carabinieri lo hanno denunciato \u00a0in stato di libert\u00e0 per aver immesso sul mercato banconote da 100 euro totalmente false . Il ragazzo lo scorso giugno si presentava in un negozio del centro facendo acquisti per 20 euro\u00a0 e pagando con una banconota da 100. Prima di lasciare il negozio chiedeva all&#8217;esercente di tenere in custodia la merce comperata con la promessa che sarebbe passato successivamente per il ritiro. Mentre usciva dal locale, non ancora contento chiedeva al personale di cambiargli un&#8217;altra banconota da 100. Il personale eseguiva la sua richiesta anche perch\u00e9 c&#8217;era in deposito la merce da poco acquistata. Da Un successivo controllo delle banconote il commerciante si accorgeva che le stesse avevano il medesimo numero di serie. Il personale del Norm di Belluno \u00e8 intervenuto e ha sequestrato la &#8220;cartaccia&#8221;. Da successive indagini presso altri comandi dell&#8217;Arma i Carabinieri di Belluno sono entrati in possesso delle fotografie di un soggetto gi\u00e0 noto per simili episodi avendo collezionato 12 denunce per comportamenti illeciti.<\/p>\n<p>&nbsp;<\/p>\n<p>&nbsp;<\/p>\n<h2>RECUPERATA CORDATA SUL COL DEI BOS<\/h2>\n<p><strong>CORTINA<\/strong>\u00a0 Ieri sera dopo le 20 l&#8217;elicottero del Suem di Pieve di Cadore \u00e8 decollato in direzione del Col dei Bos per una cordata in difficolt\u00e0. Arrivati quasi all&#8217;uscita della Via Alver\u00e0, sull&#8217;ultimo tiro con passaggi molto aerei due alpinisti, lei australiana di 28 anni, lui inglese di 20, si sono spaventati e non sono stati pi\u00f9 in grado di proseguire. Recuperati dal tecnico di elisoccorso con due verricellate da 40 metri, i due rocciatori sono stati accompagnati al Col Gallina.<\/p>\n<h2>SBAGLIA IL SENTIERO IN VAL POPENA<\/h2>\n<p><strong>MISURINA<\/strong> Un escursionista ottantenne di Rimini ha contattato il 118 perch\u00e9 si trovava in difficolt\u00e0. Percorrendo il sentiero numero 222 in Val Popena, aveva infatti sbagliato a seguire la traccia e, anzich\u00e9 tenere la sinistra, era andato dalla parte opposta iniziando a risalire la Val delle Baracche, finch\u00e9 giunto sotto il Cristallino non era pi\u00f9 stato in grado di proseguire, n\u00e8 ritornare sui propri passi. Geolocalizzato grazie all&#8217;applicazione per smartphone in dotazione al Soccorso alpino, l&#8217;uomo \u00e8 stato individuato dall&#8217;elicottero del Suem di Pieve di Cadore, imbarcato in hovering da tecnico di elisoccorso e accompagnato a Misurina.<\/p>\n<h2>INFORTUNIO IN MARMOLADA<\/h2>\n<p><strong>ROCCA PIETORE<\/strong> Su richiesta della Centrale di Trento l&#8217;eliambulanza \u00e8 volata in Marmolada, dove un turista austriaco di 49 anni, era ruzzolato infortunandosi a un braccio. I compagni lo hanno aiutato a raggiungere Pian dei Fiacconi e l\u00ec \u00e8 stato imbarcato dall&#8217;equipaggio per essere trasportato all&#8217;ospedale di Agordo.<\/p>\n<h2>SI PERDONO SUL DURANNO<\/h2>\n<p><strong>PERAROLO <\/strong>L&#8217;elicottero nel pomeriggio \u00e8 stato inviato a Perarolo di Cadore per due amici che si erano persi. I due ragazzi, entrambi di 23 anni e residenti a Ponte San Nicol\u00f2 (PD), avevano raggiunto Forcella della Spalla sul Duranno con l&#8217;intenzione di scendere il sentiero numero 382 verso il Bivacco Baroni. Avevano per\u00f2 perso l&#8217;orientamento ed erano rimasti bloccati sopra salti di roccia a circa 2.050 metri di quota. Calato con un verricello, il tecnico del Soccorso alpino dell&#8217;equipaggio ha recuperato tutti e due con la stessa modalit\u00e0. I due giovani sono quindi stati portati a Pieve di Cadore.<\/p>\n<p>&nbsp;<\/p>\n<p>&nbsp;<\/p>\n<p>&nbsp;<\/p>\n<h2>DERUBATI A FELTRE, RIPAGATI DALL&#8217; &#8220;AFFETTO&#8221; DEI CARABINIERI<\/h2>\n<h3 class=\"im_message_text\" dir=\"auto\"><a class=\"dt-pswp-item\" href=\"http:\/\/www.radiopiu.net\/wordpress\/wp-content\/uploads\/2019\/07\/66a93ec7-2ddb-4385-b676-9c74fe08f949.jpg\" data-dt-img-description=\"\" data-large_image_width=\"1280\" data-large_image_height=\"720\"><img loading=\"lazy\" decoding=\"async\" class=\"wp-image-92859 alignleft\" src=\"http:\/\/www.radiopiu.net\/wordpress\/wp-content\/uploads\/2019\/07\/66a93ec7-2ddb-4385-b676-9c74fe08f949-1024x576.jpg\" alt=\"\" width=\"304\" height=\"171\" srcset=\"https:\/\/www.radiopiu.net\/wordpress\/wp-content\/uploads\/2019\/07\/66a93ec7-2ddb-4385-b676-9c74fe08f949-1024x576.jpg 1024w, https:\/\/www.radiopiu.net\/wordpress\/wp-content\/uploads\/2019\/07\/66a93ec7-2ddb-4385-b676-9c74fe08f949-300x169.jpg 300w, https:\/\/www.radiopiu.net\/wordpress\/wp-content\/uploads\/2019\/07\/66a93ec7-2ddb-4385-b676-9c74fe08f949-768x432.jpg 768w, https:\/\/www.radiopiu.net\/wordpress\/wp-content\/uploads\/2019\/07\/66a93ec7-2ddb-4385-b676-9c74fe08f949.jpg 1280w\" sizes=\"auto, (max-width: 304px) 100vw, 304px\" \/><\/a><\/h3>\n<p><strong>FELTRE<\/strong> Una bella storia nella brutta avventura\u00a0 per due\u00a0 turisti in soggiorno a Feltre. La vicenda risale ad alcuni giorni fa quando i cittadini degli Stati Uniti d&#8217;America sono stati derubati di sette valige contenenti di tutto, documenti, vestiario,\u00a0 gioielli e denaro. Dopo la denuncia sporta\u00a0 alla Compagnia Carabinieri di Feltre gli uomini del Capitano Luca Innelli hanno alzato il grado di attenzione ritrovando in un campo le valige abbandonate e parte del bottino. Dopo averlo ripulito a proprie spese i Carabinieri non potendo risalire ai turisti tramite l&#8217;ambasciata hanno avviato una ricerca sui social network e quindi hanno spedito quanto ritrovato negli Usa,\u00a0 tutto a loro spese. Pochi giorni dopo a Feltre \u00e8 arrivata una commovente mail di ringraziamento.<\/p>\n<p><strong>IL FATTO\u00a0<\/strong> Il 28 giugno la coppia di inglesi in vacanza nel bellunese parcheggiavano l&#8217;auto nei pressi della valle del Mis dove volevano fare una passeggiata . Al loro ritorno in tarda mattinata si accorgevano che ignoti avevano forzato il mezzo rubando: 2 PC portatili 3 Iphone 4 tablet 7 borse varie contenenti gioielli per un valore di 3000 euro circa, 1000 sterline circa e 400 euro, 2 videocamere e i passaporti. I Carabinieri di Sedico hanno ritrovato parte del materiale in mezzo ad un bosco. Quindi la pulizia del materiale ritrovato e la spedizione. A luglio uno dei quattro inglesi provvedeva a ringraziare i Carabinieri\u00a0 con la mail<\/p>\n<div class=\"im_history_message_wrap im_grouped\">\n<div class=\"im_message_outer_wrap hasselect\" data-msg-id=\"1752\">\n<div class=\"im_message_wrap clearfix\">\n<div class=\"im_content_message_wrap im_message_in\">\n<div class=\"im_message_body\"><strong><a class=\"dt-pswp-item\" href=\"http:\/\/www.radiopiu.net\/wordpress\/wp-content\/uploads\/2019\/07\/58b93ebc-cc2b-4387-b41b-ee3dcbbc9b8e-1.jpg\" data-dt-img-description=\"\" data-large_image_width=\"240\" data-large_image_height=\"320\"><img loading=\"lazy\" decoding=\"async\" class=\" wp-image-92848 alignleft\" src=\"http:\/\/www.radiopiu.net\/wordpress\/wp-content\/uploads\/2019\/07\/58b93ebc-cc2b-4387-b41b-ee3dcbbc9b8e-1-150x150.jpg\" alt=\"\" width=\"120\" height=\"120\" \/><\/a><\/strong><\/div>\n<\/div>\n<\/div>\n<\/div>\n<\/div>\n<div class=\"im_message_outer_wrap hasselect\" data-msg-id=\"1753\">\n<div class=\"im_message_wrap clearfix\">\n<div class=\"im_content_message_wrap im_message_in\">\n<div class=\"im_message_body\">\n<h3 dir=\"auto\"><\/h3>\n<h3 class=\"im_message_text\" dir=\"auto\">AI MICROFONI DI RADIO PIU&#8217; IL CAPITANO LUCA INNELLI<\/h3>\n<\/div>\n<\/div>\n<\/div>\n<\/div>\n<audio class=\"wp-audio-shortcode\" id=\"audio-92721-2\" preload=\"none\" style=\"width: 100%;\" controls=\"controls\"><source type=\"audio\/mpeg\" src=\"http:\/\/www.radiopiu.net\/wordpress\/wp-content\/uploads\/2019\/07\/iannelli.mp3?_=2\" \/><a href=\"http:\/\/www.radiopiu.net\/wordpress\/wp-content\/uploads\/2019\/07\/iannelli.mp3\">http:\/\/www.radiopiu.net\/wordpress\/wp-content\/uploads\/2019\/07\/iannelli.mp3<\/a><\/audio>\n<h2><\/h2>\n<h2>I GIOIELLI NASCOSTI NEGLI INDUMENTI RITROVATI NEL BOSCO<\/h2>\n\n\t\t\t<style type='text\/css'>\n\t\t\t\t#gallery-1 {\n\t\t\t\t\tmargin: auto;\n\t\t\t\t}\n\t\t\t\t#gallery-1 .gallery-item {\n\t\t\t\t\tfloat: left;\n\t\t\t\t\tmargin-top: 10px;\n\t\t\t\t\ttext-align: center;\n\t\t\t\t\twidth: 33%;\n\t\t\t\t}\n\t\t\t\t#gallery-1 img {\n\t\t\t\t\tborder: 2px solid #cfcfcf;\n\t\t\t\t}\n\t\t\t\t#gallery-1 .gallery-caption {\n\t\t\t\t\tmargin-left: 0;\n\t\t\t\t}\n\t\t\t\t\/* see gallery_shortcode() in wp-includes\/media.php *\/\n\t\t\t<\/style>\n\t\t<div id='gallery-1' class='dt-gallery-container gallery galleryid-92721 gallery-columns-3 gallery-size-thumbnail'><dl class='gallery-item'>\n\t\t\t\t<dt class='gallery-icon landscape'>\n\t\t\t\t\t<a class=\"rollover\" href='https:\/\/www.radiopiu.net\/wordpress\/derubati-a-feltre-ripagati-dall-affetto-dei-carabinieri\/d5572072-6d19-4506-8f0e-28f4bd75c711\/'><img loading=\"lazy\" decoding=\"async\" width=\"150\" height=\"150\" src=\"https:\/\/www.radiopiu.net\/wordpress\/wp-content\/uploads\/2019\/07\/d5572072-6d19-4506-8f0e-28f4bd75c711-e1563973260752-150x150.jpg\" class=\"attachment-thumbnail size-thumbnail\" alt=\"\" \/><\/a>\n\t\t\t\t<\/dt><\/dl><dl class='gallery-item'>\n\t\t\t\t<dt class='gallery-icon portrait'>\n\t\t\t\t\t<a class=\"rollover\" href='https:\/\/www.radiopiu.net\/wordpress\/derubati-a-feltre-ripagati-dall-affetto-dei-carabinieri\/f3ff132b-ab66-4402-8f3f-a47daa115011\/'><img loading=\"lazy\" decoding=\"async\" width=\"150\" height=\"150\" src=\"https:\/\/www.radiopiu.net\/wordpress\/wp-content\/uploads\/2019\/07\/f3ff132b-ab66-4402-8f3f-a47daa115011-150x150.jpg\" class=\"attachment-thumbnail size-thumbnail\" alt=\"\" \/><\/a>\n\t\t\t\t<\/dt><\/dl><dl class='gallery-item'>\n\t\t\t\t<dt class='gallery-icon portrait'>\n\t\t\t\t\t<a class=\"rollover\" href='https:\/\/www.radiopiu.net\/wordpress\/derubati-a-feltre-ripagati-dall-affetto-dei-carabinieri\/87a1a3ba-406a-4731-93c1-3fb6cb6fbffa\/'><img loading=\"lazy\" decoding=\"async\" width=\"150\" height=\"150\" src=\"https:\/\/www.radiopiu.net\/wordpress\/wp-content\/uploads\/2019\/07\/87a1a3ba-406a-4731-93c1-3fb6cb6fbffa-150x150.jpg\" class=\"attachment-thumbnail size-thumbnail\" alt=\"\" \/><\/a>\n\t\t\t\t<\/dt><\/dl><br style=\"clear: both\" \/><dl class='gallery-item'>\n\t\t\t\t<dt class='gallery-icon portrait'>\n\t\t\t\t\t<a class=\"rollover\" href='https:\/\/www.radiopiu.net\/wordpress\/derubati-a-feltre-ripagati-dall-affetto-dei-carabinieri\/f97cda25-6289-4e35-9b14-73f1490f5913\/'><img loading=\"lazy\" decoding=\"async\" width=\"150\" height=\"150\" src=\"https:\/\/www.radiopiu.net\/wordpress\/wp-content\/uploads\/2019\/07\/f97cda25-6289-4e35-9b14-73f1490f5913-150x150.jpg\" class=\"attachment-thumbnail size-thumbnail\" alt=\"\" \/><\/a>\n\t\t\t\t<\/dt><\/dl>\n\t\t\t\t<br style='clear: both' \/>\n\t\t\t<\/div>\n\n<p><strong><span style=\"font-size: 14px;\">LA BELLA MAIL INVIATA A FELTRE\u00a0<\/span><\/strong><\/p>\n<div class=\"im_message_outer_wrap hasselect\" data-msg-id=\"1753\">\n<div class=\"im_message_wrap clearfix\">\n<div class=\"im_content_message_wrap im_message_in\">\n<div class=\"im_message_body\">\n<div dir=\"auto\">\n<p><a class=\"dt-pswp-item\" href=\"http:\/\/www.radiopiu.net\/wordpress\/wp-content\/uploads\/2019\/07\/1111.jpg\" data-dt-img-description=\"\" data-large_image_width=\"764\" data-large_image_height=\"889\"><img loading=\"lazy\" decoding=\"async\" class=\"alignnone wp-image-92864\" src=\"http:\/\/www.radiopiu.net\/wordpress\/wp-content\/uploads\/2019\/07\/1111.jpg\" alt=\"\" width=\"218\" height=\"253\" srcset=\"https:\/\/www.radiopiu.net\/wordpress\/wp-content\/uploads\/2019\/07\/1111.jpg 764w, https:\/\/www.radiopiu.net\/wordpress\/wp-content\/uploads\/2019\/07\/1111-258x300.jpg 258w\" sizes=\"auto, (max-width: 218px) 100vw, 218px\" \/><\/a><a class=\"dt-pswp-item\" href=\"http:\/\/www.radiopiu.net\/wordpress\/wp-content\/uploads\/2019\/07\/2222-768x403_1.jpg\" data-dt-img-description=\"\" data-large_image_width=\"768\" data-large_image_height=\"403\"><img loading=\"lazy\" decoding=\"async\" class=\"alignnone wp-image-92871\" src=\"http:\/\/www.radiopiu.net\/wordpress\/wp-content\/uploads\/2019\/07\/2222-768x403_1.jpg\" alt=\"\" width=\"296\" height=\"155\" srcset=\"https:\/\/www.radiopiu.net\/wordpress\/wp-content\/uploads\/2019\/07\/2222-768x403_1.jpg 768w, https:\/\/www.radiopiu.net\/wordpress\/wp-content\/uploads\/2019\/07\/2222-768x403_1-300x157.jpg 300w\" sizes=\"auto, (max-width: 296px) 100vw, 296px\" \/><\/a><\/p>\n<\/div>\n<\/div>\n<\/div>\n<p>&nbsp;<\/p>\n<\/div>\n<\/div>\n<p>&nbsp;<\/p>\n<h1><\/h1>\n<p>&nbsp;<\/p>\n<blockquote><p>&nbsp;<\/p><\/blockquote>\n<h1>LA TRUFFA<\/h1>\n<h2>Nel Feltrino pagati 897 euro per tre rilevatori del gas del valore di una cinquantina di euro<\/h2>\n<p><strong><a class=\"dt-pswp-item\" href=\"http:\/\/www.radiopiu.net\/wordpress\/wp-content\/uploads\/2018\/03\/truffa-anziana-610x264.jpg\" data-dt-img-description=\"\" data-large_image_width=\"610\" data-large_image_height=\"264\"><img loading=\"lazy\" decoding=\"async\" class=\" wp-image-44797 alignleft\" src=\"http:\/\/www.radiopiu.net\/wordpress\/wp-content\/uploads\/2018\/03\/truffa-anziana-610x264-150x150.jpg\" alt=\"\" width=\"181\" height=\"181\" \/><\/a>FELTRE<\/strong> La vendita porta a porta dei rilevatori delle fughe di gas \u00e8 arrivata in Valbelluna. Lo fa sapere Andrea Brumurelli, responsabile dell&#8217;Associazione consumatori &#8216;Io mi tutelo&#8217; che ha inaugurato la settimana scorsa lo sportello nella sede dell&#8217;Unione montana feltrina.\u00a0 \u00a0<span style=\"color: #ff0000;\">\u00abNei giorni scorsi, si \u00e8 presentato nei nostri uffici un signore anziano residente nel Feltrino &#8211; racconta Brumurelli &#8211; dicendo di\u00a0 aver pagato 897 euro per il controllo delle fughe di gas a due incaricati che si sono presentati in casa sua e si sono qualificati con tesserino della Tu.Gas, una societ\u00e0 di Brescia. La visita era stata anticipata da dei volantini che annunciavano che sarebbero stati effettuati dei controlli nelle abitazioni per rilevare l&#8217;eventuali fughe di gas o monossido di carbonio. Il signore ha fatto entrare in casa i due uomini,\u00a0 uno fa dei controlli o simula di fare dei controlli girando per la cucina con un rilevatore, mentre l&#8217;altro inizia a chiedere i dati anagrafici, codice fiscale, e alla fine spiegano che i controlli effettuati hanno un certo costo e chiedono il pagamento per la verifica effettuata. L&#8217;incasso avviene con bancomat\u00a0 tramite un pos portatile. I due inoltre consegnano la scatola dicendo di non aprirla subito perch\u00e9 seguiranno istruzioni. Quando il figlio rientra si accorge che c&#8217;\u00e8 qualcosa che non va. Apre la scatola e trova tre rilevatori. Scopre quindi che il pagamento di 897 euro \u00e8 avvenuto a fronte dell&#8217;acquisto dei tre rilevatori contenuti nella scatola del valore commerciale di una cinquantina di euro o poco pi\u00f9.\u00a0 Avviamo pertanto la procedura di recesso con restituzione dei tre rilevatori e la raccomandata con richiesta di restituzione della somma, come previsto dal Codice di consumo. Aspettiamo il decorso dei 14 giorni lavorativi ma il rimborso non avviene. I contatti telefonici con una segretaria si rivelano inutili perch\u00e9 l&#8217;impiegata fa solo da filtro cercando con varie scuse di far passare i giorni. Il bonifico con restituzione dei 897 euro non arriva. Intimiamo nuovamente la restituzione entro 48 ore. Ma nulla e pertanto abbiamo incaricato i nostri legali di aprire la procedura di recupero attraverso il decreto ingiuntivo dinanzi al giudice di pace.\u00a0 <\/span><\/p>\n<blockquote><p><em>Invitiamo a prestare la massima attenzione su questo tipo di vendita fatte fuori dai locali commerciali. Soprattutto le persone anziane, che sono il bersaglio preferito da questi venditori senza scrupoli.\u00a0 Non esitate a contattarci, i nostri recapiti sono i seguenti: tel. 0439 026204 oppure 0439 861121 e-mail info@iomitutelo.it , la nostra associazione interverr\u00e0 tempestivamente&#8221;.<\/em><\/p><\/blockquote>\n<p>&nbsp;<\/p>\n<p>&nbsp;<\/p>\n<p>&nbsp;<\/p>\n<p>&nbsp;<\/p>\n<h1>E CON L&#8217;OSTELLO COME LA METTIAMO? FALLIMENTI E DIFFICOLTA&#8217; PER\u00a0 RECUPERARE I SOLDI<\/h1>\n<p><strong><a class=\"dt-pswp-item\" href=\"http:\/\/www.radiopiu.net\/wordpress\/wp-content\/uploads\/2015\/11\/20110615_follador.jpg\" data-dt-img-description=\"\" data-large_image_width=\"500\" data-large_image_height=\"333\"><img loading=\"lazy\" decoding=\"async\" class=\"size-thumbnail wp-image-12820 alignleft\" src=\"http:\/\/www.radiopiu.net\/wordpress\/wp-content\/uploads\/2015\/11\/20110615_follador-150x150.jpg\" alt=\"\" width=\"150\" height=\"150\" \/><\/a><\/strong><\/p>\n<p><strong>AGORDO\u00a0 Quel ribasso del 40 per cento aveva fatto storcere il naso e non solo agli esperti. L&#8217;anomalia confermata a gennaio quando la ditta ha lasciato il cantiere&#8230;proprio come a Crema.\u00a0<\/strong><\/p>\n<p>&nbsp;<\/p>\n<p><strong>DI GIANNI SANTOMASO<\/strong><\/p>\n<p>&nbsp;<\/p>\n<audio class=\"wp-audio-shortcode\" id=\"audio-92721-3\" preload=\"none\" style=\"width: 100%;\" controls=\"controls\"><source type=\"audio\/mpeg\" src=\"http:\/\/www.radiopiu.net\/wordpress\/wp-content\/uploads\/2019\/07\/GIANNI-OSTELLO.mp3?_=3\" \/><a href=\"http:\/\/www.radiopiu.net\/wordpress\/wp-content\/uploads\/2019\/07\/GIANNI-OSTELLO.mp3\">http:\/\/www.radiopiu.net\/wordpress\/wp-content\/uploads\/2019\/07\/GIANNI-OSTELLO.mp3<\/a><\/audio>\n<p>&nbsp;<\/p>\n<h2>NON SOLO AGORDO&#8230; A CREMA LA STORIA SI RIPETE OPPURE LA STORIA SI RIPETE AD AGORDO&#8230;<\/h2>\n<p><strong>Crema, Geo cantieri, \u00e8 ancora fumata nera<\/strong><\/p>\n<div>\n<p><strong>Il Comune non pu\u00f2 abbonare i soldi gi\u00e0 consegnati all\u2019impresa<\/strong><\/p>\n<div class=\"detail-author\"><strong>di PIER GIORGIO RUGGERI\u00a0 &#8220;IL GIORNO&#8221; di Cremona<\/strong><\/div>\n<\/div>\n<div><strong><a href=\"https:\/\/www.ilgiorno.it\/cremona\/cronaca\/geo-cantieri-1.4512680\">CLICCA QUI\u00a0<\/a><\/strong><\/div>\n<div><\/div>\n<blockquote>\n<div><\/div>\n<\/blockquote>\n<h3><\/h3>\n<p>&nbsp;<\/p>\n<p>&nbsp;<\/p>\n<blockquote><p>&nbsp;<\/p><\/blockquote>\n<h3>EX TIRO A SEGNO SEMPRE IN TOTALE ABBANDONO, MA L&#8217;AMMINISTRAZIONE ATTUALE COERENTE CON LE PROPRIE IDEE FIN DAI TEMPI DELL&#8217;OPPOSIZIONE SI ATTIVA E CHIEDE COLLABORAZIONE AL DEPUTATO ROGER DE MENECH<\/h3>\n<p><a class=\"dt-pswp-item\" href=\"http:\/\/www.radiopiu.net\/wordpress\/wp-content\/uploads\/2019\/07\/8e6f79a9-311c-4662-afa0-752e18aa486d.jpg\" data-dt-img-description=\"\" data-large_image_width=\"1024\" data-large_image_height=\"683\"><img loading=\"lazy\" decoding=\"async\" class=\"alignnone wp-image-92891\" src=\"http:\/\/www.radiopiu.net\/wordpress\/wp-content\/uploads\/2019\/07\/8e6f79a9-311c-4662-afa0-752e18aa486d.jpg\" alt=\"\" width=\"180\" height=\"120\" srcset=\"https:\/\/www.radiopiu.net\/wordpress\/wp-content\/uploads\/2019\/07\/8e6f79a9-311c-4662-afa0-752e18aa486d.jpg 1024w, https:\/\/www.radiopiu.net\/wordpress\/wp-content\/uploads\/2019\/07\/8e6f79a9-311c-4662-afa0-752e18aa486d-300x200.jpg 300w, https:\/\/www.radiopiu.net\/wordpress\/wp-content\/uploads\/2019\/07\/8e6f79a9-311c-4662-afa0-752e18aa486d-768x512.jpg 768w\" sizes=\"auto, (max-width: 180px) 100vw, 180px\" \/><\/a><a class=\"dt-pswp-item\" href=\"http:\/\/www.radiopiu.net\/wordpress\/wp-content\/uploads\/2019\/07\/0a8afac9-2b29-4609-ac28-bce006012857.jpg\" data-dt-img-description=\"\" data-large_image_width=\"1024\" data-large_image_height=\"683\"><img loading=\"lazy\" decoding=\"async\" class=\"alignnone wp-image-92890\" src=\"http:\/\/www.radiopiu.net\/wordpress\/wp-content\/uploads\/2019\/07\/0a8afac9-2b29-4609-ac28-bce006012857.jpg\" alt=\"\" width=\"179\" height=\"119\" srcset=\"https:\/\/www.radiopiu.net\/wordpress\/wp-content\/uploads\/2019\/07\/0a8afac9-2b29-4609-ac28-bce006012857.jpg 1024w, https:\/\/www.radiopiu.net\/wordpress\/wp-content\/uploads\/2019\/07\/0a8afac9-2b29-4609-ac28-bce006012857-300x200.jpg 300w, https:\/\/www.radiopiu.net\/wordpress\/wp-content\/uploads\/2019\/07\/0a8afac9-2b29-4609-ac28-bce006012857-768x512.jpg 768w\" sizes=\"auto, (max-width: 179px) 100vw, 179px\" \/><\/a><a class=\"dt-pswp-item\" href=\"http:\/\/www.radiopiu.net\/wordpress\/wp-content\/uploads\/2019\/07\/e888adb3-08c9-404a-baf4-51e39efe7f68.jpg\" data-dt-img-description=\"\" data-large_image_width=\"683\" data-large_image_height=\"1024\"><img loading=\"lazy\" decoding=\"async\" class=\"alignnone wp-image-92889\" src=\"http:\/\/www.radiopiu.net\/wordpress\/wp-content\/uploads\/2019\/07\/e888adb3-08c9-404a-baf4-51e39efe7f68-150x150.jpg\" alt=\"\" width=\"121\" height=\"121\" \/><\/a><a class=\"dt-pswp-item\" href=\"http:\/\/www.radiopiu.net\/wordpress\/wp-content\/uploads\/2019\/07\/6ad77c57-df64-4608-8a16-b281470a87f6.jpg\" data-dt-img-description=\"\" data-large_image_width=\"1024\" data-large_image_height=\"683\"><img loading=\"lazy\" decoding=\"async\" class=\"alignnone wp-image-92888\" src=\"http:\/\/www.radiopiu.net\/wordpress\/wp-content\/uploads\/2019\/07\/6ad77c57-df64-4608-8a16-b281470a87f6.jpg\" alt=\"\" width=\"183\" height=\"122\" srcset=\"https:\/\/www.radiopiu.net\/wordpress\/wp-content\/uploads\/2019\/07\/6ad77c57-df64-4608-8a16-b281470a87f6.jpg 1024w, https:\/\/www.radiopiu.net\/wordpress\/wp-content\/uploads\/2019\/07\/6ad77c57-df64-4608-8a16-b281470a87f6-300x200.jpg 300w, https:\/\/www.radiopiu.net\/wordpress\/wp-content\/uploads\/2019\/07\/6ad77c57-df64-4608-8a16-b281470a87f6-768x512.jpg 768w\" sizes=\"auto, (max-width: 183px) 100vw, 183px\" \/><\/a><\/p>\n<div><strong>DI GIANNI SANTOMASO<\/strong><\/div>\n<div><\/div>\n<div>\n<audio class=\"wp-audio-shortcode\" id=\"audio-92721-4\" preload=\"none\" style=\"width: 100%;\" controls=\"controls\"><source type=\"audio\/mpeg\" src=\"http:\/\/www.radiopiu.net\/wordpress\/wp-content\/uploads\/2019\/07\/GIANNI-AGORDO-POLIGONO.mp3?_=4\" \/><a href=\"http:\/\/www.radiopiu.net\/wordpress\/wp-content\/uploads\/2019\/07\/GIANNI-AGORDO-POLIGONO.mp3\">http:\/\/www.radiopiu.net\/wordpress\/wp-content\/uploads\/2019\/07\/GIANNI-AGORDO-POLIGONO.mp3<\/a><\/audio>\n<p><strong>IL SINDACO ROBERTO CHISSALE&#8217;<\/strong><\/p>\n<audio class=\"wp-audio-shortcode\" id=\"audio-92721-5\" preload=\"none\" style=\"width: 100%;\" controls=\"controls\"><source type=\"audio\/mpeg\" src=\"http:\/\/www.radiopiu.net\/wordpress\/wp-content\/uploads\/2019\/07\/CHISSALE.mp3?_=5\" \/><a href=\"http:\/\/www.radiopiu.net\/wordpress\/wp-content\/uploads\/2019\/07\/CHISSALE.mp3\">http:\/\/www.radiopiu.net\/wordpress\/wp-content\/uploads\/2019\/07\/CHISSALE.mp3<\/a><\/audio>\n<p><strong>L&#8217;ASSESSORE CRISTINA BIEN<\/strong><\/p>\n<audio class=\"wp-audio-shortcode\" id=\"audio-92721-6\" preload=\"none\" style=\"width: 100%;\" controls=\"controls\"><source type=\"audio\/mpeg\" src=\"http:\/\/www.radiopiu.net\/wordpress\/wp-content\/uploads\/2019\/07\/CRISTINA-BIEN.mp3?_=6\" \/><a href=\"http:\/\/www.radiopiu.net\/wordpress\/wp-content\/uploads\/2019\/07\/CRISTINA-BIEN.mp3\">http:\/\/www.radiopiu.net\/wordpress\/wp-content\/uploads\/2019\/07\/CRISTINA-BIEN.mp3<\/a><\/audio>\n<p><strong>IL DEPUTATO ROGER DE MENECH<\/strong><\/p>\n<audio class=\"wp-audio-shortcode\" id=\"audio-92721-7\" preload=\"none\" style=\"width: 100%;\" controls=\"controls\"><source type=\"audio\/mpeg\" src=\"http:\/\/www.radiopiu.net\/wordpress\/wp-content\/uploads\/2019\/07\/ROGER-2.mp3?_=7\" \/><a href=\"http:\/\/www.radiopiu.net\/wordpress\/wp-content\/uploads\/2019\/07\/ROGER-2.mp3\">http:\/\/www.radiopiu.net\/wordpress\/wp-content\/uploads\/2019\/07\/ROGER-2.mp3<\/a><\/audio>\n<\/div>\n<h1>IL VIDEO<\/h1>\n<div>\n<div style=\"width: 640px;\" class=\"wp-video\"><video class=\"wp-video-shortcode\" id=\"video-92721-1\" width=\"640\" height=\"352\" preload=\"metadata\" controls=\"controls\"><source type=\"video\/mp4\" src=\"http:\/\/www.radiopiu.net\/wordpress\/wp-content\/uploads\/2019\/07\/WhatsApp-Video-2019-07-24-at-15.09.24.mp4?_=1\" \/><a href=\"http:\/\/www.radiopiu.net\/wordpress\/wp-content\/uploads\/2019\/07\/WhatsApp-Video-2019-07-24-at-15.09.24.mp4\">http:\/\/www.radiopiu.net\/wordpress\/wp-content\/uploads\/2019\/07\/WhatsApp-Video-2019-07-24-at-15.09.24.mp4<\/a><\/video><\/div>\n<\/div>\n<div>\n<h1><strong>L&#8217;ESTERNO<\/strong><\/h1>\n<\/div>\n<div>\n<div style=\"width: 640px;\" class=\"wp-video\"><video class=\"wp-video-shortcode\" id=\"video-92721-2\" width=\"640\" height=\"352\" preload=\"metadata\" controls=\"controls\"><source type=\"video\/mp4\" src=\"http:\/\/www.radiopiu.net\/wordpress\/wp-content\/uploads\/2019\/07\/WhatsApp-Video-2019-07-24-at-15.08.23.mp4?_=2\" \/><a href=\"http:\/\/www.radiopiu.net\/wordpress\/wp-content\/uploads\/2019\/07\/WhatsApp-Video-2019-07-24-at-15.08.23.mp4\">http:\/\/www.radiopiu.net\/wordpress\/wp-content\/uploads\/2019\/07\/WhatsApp-Video-2019-07-24-at-15.08.23.mp4<\/a><\/video><\/div>\n<h1><strong>L&#8217;INTERNO<\/strong><\/h1>\n<div style=\"width: 640px;\" class=\"wp-video\"><video class=\"wp-video-shortcode\" id=\"video-92721-3\" width=\"640\" height=\"352\" preload=\"metadata\" controls=\"controls\"><source type=\"video\/mp4\" src=\"http:\/\/www.radiopiu.net\/wordpress\/wp-content\/uploads\/2019\/07\/WhatsApp-Video-2019-07-24-at-15.09.07.mp4?_=3\" \/><a href=\"http:\/\/www.radiopiu.net\/wordpress\/wp-content\/uploads\/2019\/07\/WhatsApp-Video-2019-07-24-at-15.09.07.mp4\">http:\/\/www.radiopiu.net\/wordpress\/wp-content\/uploads\/2019\/07\/WhatsApp-Video-2019-07-24-at-15.09.07.mp4<\/a><\/video><\/div>\n<\/div>\n<h3><\/h3>\n<h3>COMUNICATO STAMPA CONGIUNTO DEL DEPUTATO\u00a0 ROGER DE MENECH E DELL&#8217;ASSESSORE\u00a0 CRISTINA BIEN<\/h3>\n<blockquote><p><em> L&#8217;interrogazione chiede al Ministero della difesa quali sono gli impedimenti che insistono sulla struttura del poligono di Agordo e che ne impediscono la riqualificazione da parte dello stesso ministero della Difesa o da parte del Comune e\/o Regione Veneto.<\/em><\/p><\/blockquote>\n<div><\/div>\n<div><strong><a class=\"dt-pswp-item\" href=\"http:\/\/www.radiopiu.net\/wordpress\/wp-content\/uploads\/2019\/07\/30c559a8-a74d-492a-9eff-158df9e1c321.jpg\" data-dt-img-description=\"\" data-large_image_width=\"1600\" data-large_image_height=\"1200\"><img loading=\"lazy\" decoding=\"async\" class=\"wp-image-92887 alignleft\" src=\"http:\/\/www.radiopiu.net\/wordpress\/wp-content\/uploads\/2019\/07\/30c559a8-a74d-492a-9eff-158df9e1c321.jpg\" alt=\"\" width=\"226\" height=\"169\" srcset=\"https:\/\/www.radiopiu.net\/wordpress\/wp-content\/uploads\/2019\/07\/30c559a8-a74d-492a-9eff-158df9e1c321.jpg 1600w, https:\/\/www.radiopiu.net\/wordpress\/wp-content\/uploads\/2019\/07\/30c559a8-a74d-492a-9eff-158df9e1c321-300x225.jpg 300w, https:\/\/www.radiopiu.net\/wordpress\/wp-content\/uploads\/2019\/07\/30c559a8-a74d-492a-9eff-158df9e1c321-768x576.jpg 768w, https:\/\/www.radiopiu.net\/wordpress\/wp-content\/uploads\/2019\/07\/30c559a8-a74d-492a-9eff-158df9e1c321-1024x768.jpg 1024w\" sizes=\"auto, (max-width: 226px) 100vw, 226px\" \/><\/a>AGORDO<\/strong> Rendere disponibile per la collettivit\u00e0 l&#8217;ex poligono di tiro di Crostolin ad Agordo, questa la richiesta inoltrata dal deputato De Menech al ministero della difesa tramite un&#8217;interrogazione dopo che l&#8217;attuale Amministrazione Comunale, tramite l&#8217;Assessore Bien, ha richiesto la sua collaborazione per la questione. La struttura nata alla met\u00e0 dell&#8217;800 e rimasta fino ai primi anni 90 luogo di attivit\u00e0 per la sezione di Agordo del Tiro a segno nazionale e di propriet\u00e0 del Demanio, \u00e8 ormai in un grave stato di degrado edilizio, urbanistico ed ambientale, l\u2019immobile e l\u2019area di pertinenza sono territorio di vandali e writers.<em> &#8220;Nel mio ruolo di vice-presidente della commissione difesa della Camera- sottolinea De Menech- costantemente mi metto a disposizione degli enti locali per avviare progetti di riqualificazione dei sedimi militari oggi non pi\u00f9 utilizzati, e che possono diventare luoghi di memoria e soprattutto di aggregazione importantissimi per le nostre comunit\u00e0&#8221; Il comune con il sindaco Chissal\u00e9 e l&#8217;assessore Cristina Bien vogliono concretamente che l\u2019area del poligono torni in uso per la cittadinanza, preservando la memoria di un monumento cos\u00ec importante e con una grande storia culturale e sportiva per il comune di Agordo. &#8220;Appena insediati- dichiara il sindaco Chissal\u00e9_ abbiamo iniziato una ricognizione dei beni comunali e non da riqualificare e il poligono sicuramente \u00e8 uno di quelli che hanno attirato il nostro interesse<\/em>&#8221; <em>&#8220;Per la comunit\u00e0 agordina- afferma l&#8217;assessore Cristina Bien- quei luoghi vanno assolutamente recuperati, riqualificati e ripristinati dal degrado che attualmente li colpisce&#8221; <\/em>Il Comune di Agordo nel 2016 aveva richiesto di poter acquistare la struttura, ma sembrerebbe che questa non sia fra i beni che lo Stato ha messo in vendita perch\u00e9 su di essa insiste un diritto del tiro a segno nazionale e se questo non vi rinuncia lo Stato non pu\u00f2 vendere. Dopo il parere negativo pi\u00f9 nulla si \u00e8 fatto e non \u00e8 stata inoltrata alcuna richiesta di riesame.<\/div>\n<h2>ARCHIVIO CORRIERE DELLE ALPI, I PRECEDENTI<\/h2>\n<p>L&#8217;EX POLIGONO REGNO DEL DEGRADO\u00a0 <span style=\"color: #0000ff;\"><a style=\"color: #0000ff;\" href=\"http:\/\/ricerca.gelocal.it\/corrierealpi\/archivio\/corrierealpi\/2015\/10\/18\/belluno-l-ex-poligono-e-diventato-regno-di-writers-e-degrado-21.html?ref=search\">CLICCA QUI\u00a0<\/a><\/span><\/p>\n<p>UN PROGETTO SUL POLIGONO <span style=\"color: #0000ff;\"><a style=\"color: #0000ff;\" href=\"http:\/\/ricerca.gelocal.it\/corrierealpi\/archivio\/corrierealpi\/2015\/10\/20\/belluno-un-progetto-sul-poligono-di-crostolin-29.html?ref=search\">CLICCA QUI\u00a0<\/a><\/span><\/p>\n<p>POLIGONO DI CROSTOLIN <span style=\"color: #0000ff;\"><a style=\"color: #0000ff;\" href=\"http:\/\/ricerca.gelocal.it\/corrierealpi\/archivio\/corrierealpi\/2015\/10\/21\/belluno-document-31.html?ref=search\">CLICCA QUI<\/a><\/span><\/p>\n<p>MISTERIOSO SPAZZINO PULISCE IL POLIGONO <span style=\"color: #0000ff;\"><a style=\"color: #0000ff;\" href=\"http:\/\/ricerca.gelocal.it\/corrierealpi\/archivio\/corrierealpi\/2015\/11\/10\/belluno-misterioso-spazzino-ripulisce-il-poligono-46.html?ref=search\">CLICCA QUI<\/a><\/span><\/p>\n<p>MISTERO SVELATO &#8220;IO HO PULITO&#8221; <span style=\"color: #0000ff;\"><a style=\"color: #0000ff;\" href=\"http:\/\/ricerca.gelocal.it\/corrierealpi\/archivio\/corrierealpi\/2015\/11\/14\/belluno-mistero-svelato-ho-pulito-io-il-poligono-28.html?ref=search\">CLICCA QUI\u00a0<\/a><\/span><\/p>\n<p>LO STATO NON CEDE L&#8217;EX POLIGONO <span style=\"color: #0000ff;\"><a style=\"color: #0000ff;\" href=\"http:\/\/ricerca.gelocal.it\/corrierealpi\/archivio\/corrierealpi\/2017\/02\/11\/belluno-lo-stato-non-cede-l-ex-poligono-di-tiro-serve-ai-militari-21.html?ref=search\">CLICCA QUI\u00a0<\/a><\/span><\/p>\n<p>&nbsp;<\/p>\n<p>&nbsp;<\/p>\n<p>&nbsp;<\/p>\n<h1 class=\"entry-title\">TRAGICA FINE 76 ANNI FA IN SARDEGNA PER L\u2019ASSO DELL\u2019AVIAZIONE SERAFINI<\/h1>\n<h1 class=\"entry-title\">DI RENATO BONA<\/h1>\n<blockquote class=\"wp-embedded-content\" data-secret=\"UdbxvFbot2\"><p><a href=\"http:\/\/www.radiopiu.net\/wordpress\/tragica-fine-76-anni-fa-in-sardegna-per-lasso-dellaviazione-serafini-di-renato-bona\/\">TRAGICA FINE 76 ANNI FA IN SARDEGNA PER L\u2019ASSO DELL\u2019AVIAZIONE SERAFINI di RENATO BONA<\/a><\/p><\/blockquote>\n<p><iframe loading=\"lazy\" title=\"&#8220;TRAGICA FINE 76 ANNI FA IN SARDEGNA PER L\u2019ASSO DELL\u2019AVIAZIONE SERAFINI di RENATO BONA&#8221; &#8212; Radio Pi\u00f9\" class=\"wp-embedded-content\" sandbox=\"allow-scripts\" security=\"restricted\" style=\"position: absolute; clip: rect(1px, 1px, 1px, 1px);\" src=\"http:\/\/www.radiopiu.net\/wordpress\/tragica-fine-76-anni-fa-in-sardegna-per-lasso-dellaviazione-serafini-di-renato-bona\/embed\/#?secret=UdbxvFbot2\" data-secret=\"UdbxvFbot2\" width=\"600\" height=\"338\" frameborder=\"0\" marginwidth=\"0\" marginheight=\"0\" scrolling=\"no\"><\/iframe><\/p>\n<p>&nbsp;<\/p>\n<p>&nbsp;<\/p>\n<p>&nbsp;<\/p>\n<h2>PREVENZIONE IN MONTAGNA, QUALCHE SEMPLICE CONSIGLIO PER PIANIFICARE IN SICUREZZA LE PROPRIE GITE<\/h2>\n<blockquote><p><em>Dal Soccorso Alpino e Spelelogico Veneto le norme minime comportamentali per la prevenzione di incidenti e situazioni di difficolt\u00e0, anche alla luce dei gi\u00e0 tanti episodi in cui sono intervenuti gli uomini e le donne del soccorso.<\/em><\/p><\/blockquote>\n<p><a class=\"dt-pswp-item\" href=\"http:\/\/www.radiopiu.net\/wordpress\/wp-content\/uploads\/2019\/07\/IMG-20190724-WA0014.jpg\" data-dt-img-description=\"\" data-large_image_width=\"1600\" data-large_image_height=\"1600\"><img loading=\"lazy\" decoding=\"async\" class=\"wp-image-92884 alignleft\" src=\"http:\/\/www.radiopiu.net\/wordpress\/wp-content\/uploads\/2019\/07\/IMG-20190724-WA0014.jpg\" alt=\"\" width=\"269\" height=\"269\" srcset=\"https:\/\/www.radiopiu.net\/wordpress\/wp-content\/uploads\/2019\/07\/IMG-20190724-WA0014.jpg 1600w, https:\/\/www.radiopiu.net\/wordpress\/wp-content\/uploads\/2019\/07\/IMG-20190724-WA0014-150x150.jpg 150w, https:\/\/www.radiopiu.net\/wordpress\/wp-content\/uploads\/2019\/07\/IMG-20190724-WA0014-300x300.jpg 300w, https:\/\/www.radiopiu.net\/wordpress\/wp-content\/uploads\/2019\/07\/IMG-20190724-WA0014-768x768.jpg 768w, https:\/\/www.radiopiu.net\/wordpress\/wp-content\/uploads\/2019\/07\/IMG-20190724-WA0014-1024x1024.jpg 1024w\" sizes=\"auto, (max-width: 269px) 100vw, 269px\" \/><\/a><strong>BELLUNO<\/strong> Scegliere escursioni e salite commisurate alla propria preparazione tecnica e alla propria condizione psico-fisica; non sopravvalutare mai le capacit\u00e0 individuali e considerare sempre i limiti di ciascuno. Preparare l\u2019escursione, studiando il percorso con carte topografiche e guide e assumendo informazioni dalle locali previsioni meteo aggiornate. Ricordiamo che a seguito del passaggio di Vaia moltissimi sentieri risultano tuttora impraticabili, \u00e8 quindi fondamentale rivolgersi alle Sezioni del Cai del posto, alle Guide alpine, ai gestori dei Rifugi o contattare il Numero verde montagna sicura \u00a0800.22.13.25. Sempre meglio essere in compagnia per contare sull\u2019aiuto reciproco in caso di difficolt\u00e0. Verificare costantemente le condizioni del percorso; in caso di imprevisti (difficolt\u00e0 elevate, pericoli ambientali, maltempo e altro) ricordare che una rinuncia non \u00e8 mai disonorevole. Controllare lo zaino, che contenga un ricambio completo asciutto, cibo e soprattutto delle bevande. Un piccolo kit di pronto soccorso e una pila frontale non devono mancare. Vestirsi in modo appropriato con particolare attenzione alle calzature; sempre utile, anche nella bella stagione e a bassa quota, una giacca anti pioggia\/vento e abbigliamento pesante. Attrezzarsi adeguatamente in relazione all\u2019attivit\u00e0 programmata, al percorso, alla quota e alla stagione. Lasciare detto ai familiari l\u2019itinerario e la meta, non variarla se non per necessit\u00e0 e avvisare al rientro. Se ci si trovasse in difficolt\u00e0, non bisogna farsi prendere dal panico, ma mettersi in posizione di sicurezza e attendere i soccorsi. Non affidarsi mai unicamente a strumenti tecnologici (smartphone, gps, ecc.), sicuramente utili, ma non in grado di proteggere in assoluto dai guai. In caso di bisogno in ambiente impervio e ostile &#8211; che manifesta comunque sempre un potenziale di pericolo per il rischio evolutivo &#8211; il numero da contattare in Veneto per allertare il Servizio sanitario e il Soccorso alpino e speleologioco \u00e8 tuttora il 118, non essendo ancora stato attivato nella nostra regione il 112 quale numero unico di emergenza. Al 112 &#8211; che resta nelle zone di assenza di copertura l\u2019unico attivabile &#8211; rispondono ancora i Carabinieri, che provvederanno subito a trasferire la chiamata al 118. Alla Centrale del 118 risponder\u00e0 un operatore che, in base alla situazione in corso, stabilir\u00e0 quale tipo di intervento, mezzi e personale siano necessari. Qualora si contatti il 118, bisogna cercare di non spostarsi dal luogo in cui ci si trova: si faciliter\u00e0 l\u2019individuazione da parte dei soccorritori; si potrebbe non essere pi\u00f9 raggiungibili telefonicamente a poca distanza dal punto in cui prima c\u2019era copertura; cambiando luogo si potrebbe addirittura peggiorare la propria situazione. Gli operatori del 118 chiederanno tutte le informazioni indispensabili, fornendo al contempo gli opportuni consigli in attesa dell\u2019arrivo dei soccorsi.<\/p>\n<p>&nbsp;<\/p>\n<p>&nbsp;<\/p>\n<p>&nbsp;<\/p>\n<blockquote><p>&nbsp;<\/p><\/blockquote>\n<h2>CAMERA DI COMMERCIO E OLIMPIADI<\/h2>\n<p><a class=\"dt-pswp-item\" href=\"http:\/\/www.radiopiu.net\/wordpress\/wp-content\/uploads\/2016\/08\/camera-commercio-belluno-845x522.jpg\" data-dt-img-description=\"\" data-large_image_width=\"845\" data-large_image_height=\"522\"><img loading=\"lazy\" decoding=\"async\" class=\"size-thumbnail wp-image-22343 alignleft\" src=\"http:\/\/www.radiopiu.net\/wordpress\/wp-content\/uploads\/2016\/08\/camera-commercio-belluno-845x522-150x150.jpg\" alt=\"\" width=\"150\" height=\"150\" \/><\/a><\/p>\n<p>BELLUNO<\/p>\n<p><strong>DI DAMIANO TORMEN<\/strong><\/p>\n<audio class=\"wp-audio-shortcode\" id=\"audio-92721-8\" preload=\"none\" style=\"width: 100%;\" controls=\"controls\"><source type=\"audio\/mpeg\" src=\"http:\/\/www.radiopiu.net\/wordpress\/wp-content\/uploads\/2019\/07\/DAMIANO-2.mp3?_=8\" \/><a href=\"http:\/\/www.radiopiu.net\/wordpress\/wp-content\/uploads\/2019\/07\/DAMIANO-2.mp3\">http:\/\/www.radiopiu.net\/wordpress\/wp-content\/uploads\/2019\/07\/DAMIANO-2.mp3<\/a><\/audio>\n<p>&nbsp;<\/p>\n<p>&nbsp;<\/p>\n<p>&nbsp;<\/p>\n<blockquote><p>&nbsp;<\/p><\/blockquote>\n<h2>LAVORI EX MOI, IL PUNTO CON L&#8217;ASSESSORE BIAGIO GIANNONE<\/h2>\n<p><strong><a class=\"dt-pswp-item\" href=\"http:\/\/www.radiopiu.net\/wordpress\/wp-content\/uploads\/2018\/03\/biagio.jpg\" data-dt-img-description=\"\" data-large_image_width=\"183\" data-large_image_height=\"275\"><img loading=\"lazy\" decoding=\"async\" class=\"size-thumbnail wp-image-45153 alignleft\" src=\"http:\/\/www.radiopiu.net\/wordpress\/wp-content\/uploads\/2018\/03\/biagio-150x150.jpg\" alt=\"\" width=\"150\" height=\"150\" \/><\/a><\/strong><\/p>\n<p>&nbsp;<\/p>\n<p>&nbsp;<\/p>\n<p><strong>BELLUNO<\/strong> Tempo di assestare il bilancio in Giunta, ma anche di guardare avanti nel capitolo lavori pubblici. Le ultime novit\u00e0 con l&#8217;assessore Biagio Giannone sul parcheggio ex Moi, interventi per 150mila euro, un paio di mesi di lavoro.<\/p>\n<p>&nbsp;<\/p>\n<audio class=\"wp-audio-shortcode\" id=\"audio-92721-9\" preload=\"none\" style=\"width: 100%;\" controls=\"controls\"><source type=\"audio\/mpeg\" src=\"http:\/\/www.radiopiu.net\/wordpress\/wp-content\/uploads\/2019\/07\/GIANNONE-1.mp3?_=9\" \/><a href=\"http:\/\/www.radiopiu.net\/wordpress\/wp-content\/uploads\/2019\/07\/GIANNONE-1.mp3\">http:\/\/www.radiopiu.net\/wordpress\/wp-content\/uploads\/2019\/07\/GIANNONE-1.mp3<\/a><\/audio>\n<p>&nbsp;<\/p>\n<h2>ILLUMINAZIONE VIA MIARI<\/h2>\n<p>Undici punti sensibili da sistemare, l&#8217;idea era di realizzare tutto in fotovolaico, ma il sole non lo permette, saranno 11 i punti luce tradizionali, ancora l&#8217;assessore Biagio Giannone<\/p>\n<audio class=\"wp-audio-shortcode\" id=\"audio-92721-10\" preload=\"none\" style=\"width: 100%;\" controls=\"controls\"><source type=\"audio\/mpeg\" src=\"http:\/\/www.radiopiu.net\/wordpress\/wp-content\/uploads\/2019\/07\/giannone2.mp3?_=10\" \/><a href=\"http:\/\/www.radiopiu.net\/wordpress\/wp-content\/uploads\/2019\/07\/giannone2.mp3\">http:\/\/www.radiopiu.net\/wordpress\/wp-content\/uploads\/2019\/07\/giannone2.mp3<\/a><\/audio>\n<p>&nbsp;<\/p>\n<blockquote>\n<div><\/div>\n<\/blockquote>\n<div><\/div>\n<div><\/div>\n<div><\/div>\n<blockquote>\n<div><\/div>\n<\/blockquote>\n<div>\n<h2><strong>QUOTA 100 PER GLI AGENTI DI COMMERCIO<\/strong> C\u2019E\u2019 LA SOLUZIONE<\/h2>\n<p>AUDIO DALLA RASSEGNA STAMPA<\/p>\n<audio class=\"wp-audio-shortcode\" id=\"audio-92721-11\" preload=\"none\" style=\"width: 100%;\" controls=\"controls\"><source type=\"audio\/mpeg\" src=\"http:\/\/www.radiopiu.net\/wordpress\/wp-content\/uploads\/2019\/07\/ROCCON.mp3?_=11\" \/><a href=\"http:\/\/www.radiopiu.net\/wordpress\/wp-content\/uploads\/2019\/07\/ROCCON.mp3\">http:\/\/www.radiopiu.net\/wordpress\/wp-content\/uploads\/2019\/07\/ROCCON.mp3<\/a><\/audio>\n<p>&nbsp;<\/p>\n<p><strong><a class=\"dt-pswp-item\" href=\"http:\/\/www.radiopiu.net\/wordpress\/wp-content\/uploads\/2018\/06\/Roccon-Franco.jpg\" data-dt-img-description=\"\" data-large_image_width=\"402\" data-large_image_height=\"483\"><img loading=\"lazy\" decoding=\"async\" class=\" wp-image-52102 alignleft\" src=\"http:\/\/www.radiopiu.net\/wordpress\/wp-content\/uploads\/2018\/06\/Roccon-Franco-150x150.jpg\" alt=\"\" width=\"183\" height=\"183\" \/><\/a>BELLUNO\u00a0<\/strong> C\u2019\u00e8 la via d\u2019uscita dall\u2019impasse in cui sono incappati gli agenti di commercio con Quota 100. Ad assicurarlo \u00e8 il sottosegretario onorevole Claudio Durigon. Insomma, le istanze sollevate da Usarci nazionale, alle quali aveva dato eco anche il presidente provinciale e regionale del sindacato Franco Roccon, sono state accolte. La richiesta di riprendere in mano la legge e di fare i dovuti distinguo per quanto riguardava la categoria degli agenti era stata rivolta dal presidente di Usarci Umberto Mirizzi e dal vice presidente Giovanni Di Pietro al Ministero competente e alla Commissione Lavoro della Camera e ora, anche se la soluzione ancora non \u00e8 nota nei dettagli, da Roma \u00e8 arrivata la rassicurazione di una prossima presa in carico della questione. Il problema investiva gli agenti coinvolti, per et\u00e0, nella possibilit\u00e0 offerta da Quota 100. \u201cOgni agente deve dare avviso di fuoriuscita con sei mesi di anticipo, al proprio mandante \u2013 spiega Roccon -, ma la legge prevede che uno interrompa tutti i rapporti lavorativi il giorno prima di presentare la domanda. Farlo con sei mesi di anticipo portava con s\u00e8 il rischio di non rientrare pi\u00f9 nella finestra e di aver perso anche il lavoro. Ora \u00e8 stato riconosciuto l\u2019errore formale e verr\u00e0 posta correzione, ne siamo soddisfatti. La mission di Usarci e di Enasarco \u00e8 proprio questa, tutelare i professionisti e intervenire nelle sedi competenti qualora vengano lesi diritti\u201d.<\/p>\n<\/div>\n<blockquote>\n<div><\/div>\n<\/blockquote>\n<div><\/div>\n<div><\/div>\n<div><\/div>\n<div><\/div>\n<div><\/div>\n<blockquote>\n<div><\/div>\n<\/blockquote>\n<div>\n<h2>CONTRATTO DEI MEDICI, BENE L&#8217;ACCORDO MA UNCEM NON ACCETTA LA SMOBILITAZIONE DI AMBULATORI E SERVIZI NELLE AREE MONTANE<\/h2>\n<p><a class=\"dt-pswp-item\" href=\"http:\/\/www.radiopiu.net\/wordpress\/wp-content\/uploads\/2018\/12\/argentera_ferrere-3.jpg\" data-dt-img-description=\"\" data-large_image_width=\"865\" data-large_image_height=\"330\"><img loading=\"lazy\" decoding=\"async\" class=\"alignnone size-full wp-image-71005\" src=\"http:\/\/www.radiopiu.net\/wordpress\/wp-content\/uploads\/2018\/12\/argentera_ferrere-3.jpg\" alt=\"\" width=\"865\" height=\"330\" srcset=\"https:\/\/www.radiopiu.net\/wordpress\/wp-content\/uploads\/2018\/12\/argentera_ferrere-3.jpg 865w, https:\/\/www.radiopiu.net\/wordpress\/wp-content\/uploads\/2018\/12\/argentera_ferrere-3-300x114.jpg 300w, https:\/\/www.radiopiu.net\/wordpress\/wp-content\/uploads\/2018\/12\/argentera_ferrere-3-768x293.jpg 768w\" sizes=\"auto, (max-width: 865px) 100vw, 865px\" \/><\/a>Uncem accoglie la firma del nuovo contratto nazionale per i medici con un invito a Ordine e Sindacati: inserire dei correttivi negli integrativi regionali di prossima discussione e firma, affinch\u00e9 venga evitata l&#8217;ulteriore, continua emorragia di servizi sanitari dalle aree montane. &#8220;Negli ultimi anni, all&#8217;interno dei distretti delle zone interne, Alpi e Appennini del Paese &#8211; afferma Marco Bussone, Presidente Uncem &#8211; abbiamo registrato una smobilitazione di servizi e chiusure di ambulatori pericolosa. Sono state create in alcune Regioni delle &#8216;case della salute&#8217; piuttosto che avviate sperimentazioni di nuovo welfare, per far fronte alle crescenti cronicit\u00e0, che hanno portato ad avere &#8216;infermieri di comunit\u00e0&#8217;, grazie alla Strategia nazionale per le Aree interne, e pi\u00f9 assistenza in emergenza grazie al volo notturno delle eliambulanze potenziato. Una situazione non omogenea nel Paese. I piccoli ospedali sono stati chiusi. Pure i medici hanno chiuso studi nei piccoli centri, spostandoli a valle. Per loro \u00e8 pi\u00f9 comodo. Le conseguenze per le comunit\u00e0 sono evidenti. Le fasce deboli della popolazione, in particolare terza et\u00e0, devono fare chilometri e chilometri per raggiungere gli studi. Nessuno ha vincolato, ad esempio, un aumento di contribuzione nel contratto nazionale al mantenimento di studi nelle zone montane e pi\u00f9 interne del Paese. Sarebbe stata un&#8217;operazione seria, moderna, proiettata al futuro. La popolazione anziana aumenta, di pi\u00f9 nei borghi delle Alpi e degli Appennini. C&#8217;\u00e8 bisogno di un nuovo sistema sanitario, anche con incentivi per i medici da inserire, a questo punto, nei contratti integrativi regionali. Chiediamo a Ordine dei medici e sindacati di non sottovalutare questa necessit\u00e0. Chi vive nelle zone alpine e appenniniche ha gli stessi diritti a un medico o a un pediatra di base rispetto a chi vive nelle aree urbane. I Comuni sono pronti a fare la loro parte, anche mettendo a disposizione locali per gli studi. Cos\u00ec le farmacie, come recentemente sancito anche dall&#8217;accordo Uncem-Federfarma Sunifar, le farmacie rurali. Il problema dell&#8217;assistenza medica nelle zone montane italiane esiste, \u00e8 grande, e purtroppo il nuovo contratto non apporta correttivi alla smobilitazione di servizi&#8221;.<\/p>\n<\/div>\n<blockquote>\n<div><\/div>\n<\/blockquote>\n<div><\/div>\n<div><\/div>\n<div><\/div>\n<blockquote>\n<div><\/div>\n<\/blockquote>\n<div>\n<h2>Anello ferroviario, 130 milioni dal Cipe. D\u2019Inc\u00e0 (M5S): \u201cSoddisfatto, ora per\u00f2 chiudiamo con il collegamento Primolano-Feltre e Pian di Vedoia-Castellavazzo\u201d.<\/h2>\n<p><strong>ROMA<\/strong>\u00a0 Il deputato del Movimento 5 Stelle commenta in modo estremamente positivo le nuove risorse sbloccate oggi dal Cipe e destinate al bellunese per completare l\u2019elettrificazione della Belluno-Montebelluna. L\u2019obiettivo, adesso, \u00e8 la bretella stradale di Longarone in vista delle prossime Olimpiadi di Milano Cortina. Approvato da parte del Cipe, dell\u2019aggiornamento del Contratto di Programma 2018-2019 di RFI che ha ridefinito il perimetro degli interventi di elettrificazione delle linee ferroviarie del bacino bellunese (Anello basso delle Dolomiti), sbloccando nuove risorse pari a 130 milioni di euro.<\/p>\n<p>AUDIO DALLA RASSEGNA STAMPA, FEDERICO D&#8217;INCA&#8217;<\/p>\n<audio class=\"wp-audio-shortcode\" id=\"audio-92721-12\" preload=\"none\" style=\"width: 100%;\" controls=\"controls\"><source type=\"audio\/mpeg\" src=\"http:\/\/www.radiopiu.net\/wordpress\/wp-content\/uploads\/2019\/07\/INDA.mp3?_=12\" \/><a href=\"http:\/\/www.radiopiu.net\/wordpress\/wp-content\/uploads\/2019\/07\/INDA.mp3\">http:\/\/www.radiopiu.net\/wordpress\/wp-content\/uploads\/2019\/07\/INDA.mp3<\/a><\/audio>\n<p>&nbsp;<\/p>\n<p>&nbsp;<\/p>\n<\/div>\n<div><\/div>\n<div>\n<h2>ITS-ACADEMY IN DESIGN E TECNICA DELL\u2019OCCHIALE<\/h2>\n<p><strong><a class=\"dt-pswp-item\" href=\"http:\/\/www.radiopiu.net\/wordpress\/wp-content\/uploads\/2019\/07\/IMG_2649.jpg\" data-dt-img-description=\"\" data-large_image_width=\"2016\" data-large_image_height=\"1512\"><img loading=\"lazy\" decoding=\"async\" class=\"size-thumbnail wp-image-92951 alignleft\" src=\"http:\/\/www.radiopiu.net\/wordpress\/wp-content\/uploads\/2019\/07\/IMG_2649-150x150.jpg\" alt=\"\" width=\"150\" height=\"150\" \/><\/a>LONGARONE<\/strong>\u00a0 <em>\u201cIl mondo dell\u2019occhiale ha sempre pi\u00f9 necessit\u00e0 di queste figure competenti e preparate\u201d:<\/em> questo il commento unanime delle aziende a margine dell\u2019evento finale dell\u2019ITS Academy in Design e Tecnica dell\u2019Occhiale di Certottica, un percorso post diploma unico nel suo genere e unico nel Bellunese, finanziato da Regione Veneto e MIUR avente la titolarit\u00e0 della Fondazione ITS Cosmo di Padova. Sono 16 i nuovi Product Manager Jr per il settore occhialeria diplomati quest\u2019anno: un evento nella sede dell\u2019istituto di Longarone ha messo in mostra le loro collezioni, presentate al pubblico con un allestimento curato dagli stessi allievi e apprezzate in primis dagli stessi designer. <em>\u201cA tal proposito \u2013 ha commentato la Responsabile dell\u2019Area Formazione, Simona Agnoli &#8211; c\u2019\u00e8 da dire che l\u2019articolazione <a class=\"dt-pswp-item\" href=\"http:\/\/www.radiopiu.net\/wordpress\/wp-content\/uploads\/2019\/07\/IMG_2650.jpg\" data-dt-img-description=\"\" data-large_image_width=\"2016\" data-large_image_height=\"1512\"><img loading=\"lazy\" decoding=\"async\" class=\"size-thumbnail wp-image-92950 alignright\" src=\"http:\/\/www.radiopiu.net\/wordpress\/wp-content\/uploads\/2019\/07\/IMG_2650-150x150.jpg\" alt=\"\" width=\"150\" height=\"150\" \/><\/a>formativa dell\u2019ITS-Academy, con 1.200 ore di lezione curata da docenti appartenenti al settore e 800 ore di tirocinio in azienda, prepara gli studenti a comprendere e gestire il processo creativo che sottende la creazione del prodotto, sviluppare idee innovative, scoprire e trasformare le idee in prototipi commerciabili, con la consapevolezza di dover rapportarsi con tutte le figure aziendali coinvolte nella realizzazione dell\u2019occhiale\u201d. <\/em><em>\u201cGli ITS, Istituti Tecnici Superiori \u2013 ha precisato il Direttore Generale di Certottica, Marco Tappainer nei saluti di benvenuto &#8211; nascono per applicazione del Decreto del Presidente del Consiglio dei Ministri del<\/em> 2008 e sono una sorta di \u2018piccolo politecnico\u2019 con un\u2019offerta formativa specializzata su un <a class=\"dt-pswp-item\" href=\"http:\/\/www.radiopiu.net\/wordpress\/wp-content\/uploads\/2019\/07\/IMG_2655.jpg\" data-dt-img-description=\"\" data-large_image_width=\"2016\" data-large_image_height=\"1512\"><img loading=\"lazy\" decoding=\"async\" class=\"size-thumbnail wp-image-92948 alignleft\" src=\"http:\/\/www.radiopiu.net\/wordpress\/wp-content\/uploads\/2019\/07\/IMG_2655-150x150.jpg\" alt=\"\" width=\"150\" height=\"150\" \/><\/a>particolare settore merceologico, in questo caso l\u2019occhiale, per formare un \u2018supertecnico\u2019. La bont\u00e0 di questi corsi, che offrono un\u2019alternativa altamente qualificata all\u2019universit\u00e0, \u00e8 la percentuale di assunzioni che registriamo ogni anno. Basti pensare che tra i 16 diplomati di oggi, 11 hanno gi\u00e0 siglato un contratto di lavoro\u201d. <em>\u201cCon onore \u2013 ha aggiunto \u2013 vi comunico anche che mi \u00e8 arrivata la conferma dal Presidente Boito dell\u2019impegno da parte della famiglia di Floriano Pra, indimenticato presidente di Certottica, di premiare nuovamente due studenti meritevoli tra quelli che oggi si diplomano. Saranno ancora due le borse di studio, del valore di 2.000 euro l\u2019una, che verranno assegnate sulla base delle valutazioni dei percorsi, del voto d\u2019esame e del parere di una giuria con un componente della famiglia Pra\u201d. <\/em>Dopo i saluti del Direttore della Fondazione ITS Cosmo, Roberto Gigliotti, spazio alla creativit\u00e0: illustrando le collezioni, i diplomati hanno confermato come l\u2019ispirazione possa trovarsi <a class=\"dt-pswp-item\" href=\"http:\/\/www.radiopiu.net\/wordpress\/wp-content\/uploads\/2019\/07\/IMG_2648.jpg\" data-dt-img-description=\"\" data-large_image_width=\"2016\" data-large_image_height=\"1512\"><img loading=\"lazy\" decoding=\"async\" class=\"size-thumbnail wp-image-92947 alignright\" src=\"http:\/\/www.radiopiu.net\/wordpress\/wp-content\/uploads\/2019\/07\/IMG_2648-150x150.jpg\" alt=\"\" width=\"150\" height=\"150\" \/><\/a>ovunque. Dal concetto di materia plasmata dalla velocit\u00e0 al minimalismo, dalla musica Darkwave alle ideologie dei popoli, da Antonio Canova al \u201cchiodo\u201d, i brand ideati dagli allievi hanno tradotto in prototipi industrializzabili le proprie idee. <em>\u201cA ottobre partiremo con la 6\u00b0 edizione dell\u2019Academy \u2013 ha concluso la Agnoli &#8211; che \u00e8 il frutto di un costante dialogo con le aziende del Distretto. Oltre ad ospitare i ragazzi negli stage che completano la loro formazione, infatti, aiutano il nostro staff a ritarare gli argomenti trattati per essere perennemente aggiornati sulle esigenze del mercato\u201d. <\/em>Sono gi\u00e0 aperte le iscrizioni e la data della selezione \u00e8 fissata al 24 settembre: per ulteriori informazioni, Vi invitiamo a contattare lo staff dell\u2019Area Formazione allo 0437\/573157, o via mail a formazione@certottica.it (http:\/\/its.certottica.it\/).<\/p>\n<\/div>\n<blockquote>\n<div><\/div>\n<\/blockquote>\n<div><\/div>\n<div><\/div>\n<div><\/div>\n<blockquote>\n<div><\/div>\n<\/blockquote>\n<div>\n<h2>Come disostruire le vie aree nei bambini Incontro in ospedale domani\u00a0 alle 10<\/h2>\n<p><strong>FELTRE<\/strong>\u00a0 Domani alle 10 nella sala convegni dell\u2019ospedale di Feltre si terr\u00e0 un incontro sulla disostruzione delle vie aree in et\u00e0 pediatrica aperto a genitori, nonni e a chiunque sia interessato. Il corso \u00e8 tenuto dal formatore BLSD pediatrico Riccardo Mazzoni ed \u00e8 proposto dalle ostetriche del consultorio familiare.<\/p>\n<\/div>\n<div><\/div>\n<p>&nbsp;<\/p>\n<p>&nbsp;<\/p>\n<div>\n<h3>DOMANI\u00a0 CONSIGLIO COMUNALE AD AGORDO<\/h3>\n<p><strong>AGORDO<\/strong> Domani alle 18.45 il sindaco Roberto Chissal\u00e8 e il consigliere Paolo Selva Moretti scioglieranno le riserve e ufficializzeranno i consiglieri che rappresenteranno il Comune capoluogo in seno al consiglio dell&#8217;Unione Montana Agordina. Nella seduta convocata a palazzo Marconi gli altri punti all&#8217;ordine del giorno: variazione al bilancio, variazione al documento programmatico, compenso revisore dei conti, approvazione del documento di riordino istituzionale delle Province.<\/p>\n<\/div>\n<p>&nbsp;<\/p>\n<p>&nbsp;<\/p>\n<p>&nbsp;<\/p>\n<h3>NOMI NUOVI PER L&#8217;UNIONE MONTANA AGORDINA<\/h3>\n<p><strong>AGORDO<\/strong> Si riunisce lunedi alle 20 in sala Don Tamis il consiglio dell&#8217;Unione Montana. Nell&#8217;occasione \u00e8 prevista la presa d&#8217;atto dei nuovi rappresentanti dei Comuni di Agordo, Rocca Pietore e Taibon in seguito alla elezioni del 26 maggio. All&#8217;ordine del giorno anche il bilancio di previsione e la salvaguardia degli equilibri di bilancio.<\/p>\n<p>&nbsp;<\/p>\n<p>&nbsp;<\/p>\n<p>&nbsp;<\/p>\n<h3>BILANCIO DA ASSESTARE, EQUILIBRI DA SALVAGUARDARE<\/h3>\n<p><strong>CANALE D&#8217;AGORDO<\/strong> Martedi alle 20 nella nuova sala dell&#8217;ex Albergo Cavallino di via al Forn si riunir\u00e0 il consiglio comunale convocato dal sindaco Flavio Colcergnan, l&#8217;unico punto all&#8217;ordine del giorno prevede l&#8217;assestamento del bilancio e la salvaguardia degli equilibri per l&#8217;esercizio 2019.<\/p>\n<p>&nbsp;<\/p>\n<p>&nbsp;<\/p>\n<p>&nbsp;<\/p>\n<h3>CONSORZIO BIM, CONTRIBUTI PER CONFINANZIAMENTI EUROPEI<\/h3>\n<p><strong>BELLUNO<\/strong> Domani alle 16 nella sala convegni Ana Belluno di via Tissi assemblea generale del Consorzio Bim Piave. Ordine del giorno: verifica permanenza equilibri bilancio, terza variazione al bilancio, approvazione regolamento per il servizio di tesoreria e del comuni consorziati per il cofinanziamento degli interventi a valere su fondi europei.<\/p>\n<div><\/div>\n<p>&nbsp;<\/p>\n<div>\n<h3>SELEZIONE PERSONALE DISABILE<\/h3>\n<p><strong>FELTRE<\/strong> Sul sito ClicLavoroVeneto, sezione centri per l&#8217;impiego \u00e8 pubblicato l&#8217;avviso di selezione di personale disabile presso\u00a0 il Comune di Feltre per il profilo professionale \u201cOperatore ai Servizi Generali&#8221; a tempo pieno (30 ore) e indeterminato, Comparto Funzioni Locali.<\/p>\n<\/div>\n<blockquote>\n<div><\/div>\n<\/blockquote>\n<div><\/div>\n<div><\/div>\n<div><\/div>\n<blockquote>\n<div><\/div>\n<\/blockquote>\n<div>\n<h2>Riapre dal 2 di settembre la piscina comunale di Santa Giustina.<\/h2>\n<blockquote><p><em>Rinnovata la convenzione per 10 anni con Ondablu.<\/em><\/p><\/blockquote>\n<p>Riapre luned\u00ec 2 settembre la piscina comunale di Santa Giustina; siamo ormai vicini al termine dei lavori di rifinitura per quel che concerne gli interventi di messa in sicurezza e ristrutturazione migliorativa dell\u2019impianto palestra e piscina. Il gruppo di lavoro comunale incaricato di seguire e coordinare i lavori finanziati attraverso i fondi di confine ODI ha stabilito il cronoprogramma per la consegna della piscina alla societ\u00e0 Ondablu alla quale recentemente \u00e8 stata concessa la gestione dell\u2019impianto per dieci anni (dal 2019 al 2029). La segreteria sar\u00e0 aperta al pubblico per informazioni e per le iscrizioni da luned\u00ec 19 a venerd\u00ec 30 agosto dalle 16 alle ore 20. La piscina sar\u00e0 aperta al nuoto libero da luned\u00ec 2 settembre con il seguente orario: dal luned\u00ec al sabato dalle ore 16.00 alle ore 20.00; il mercoled\u00ec dalle 10.30 alle 14.00; il sabato dalle 10.30 alle 12.30;<br \/>\nla domenica dalle 9.00 alle 12.00. Con lo stesso orario sar\u00e0 aperta anche la segreteria. L\u2019inizio delle attivit\u00e0 programmate per il periodo settembre 2019 \u2013 giugno 2020 \u00e8 previsto dal 16 settembre; da tale data il nuoto libero avr\u00e0 nuovi orari. La saletta riunioni sar\u00e0 disponibile previa prenotazione a partire dal 2 settembre. Dal 19 di agosto \u00e8 possibile contattare la segreteria ai seguenti numeri: telefono: 0437-888538, indirizzo posta elettronica sgiustina@ondablu.org, Per ulteriori informazioni si pu\u00f2 visitare il sito www.ondablu.org<\/p>\n<p>&nbsp;<\/p>\n<p>&nbsp;<\/p>\n<\/div>\n<div><\/div>\n<h3>FELTRE START LAB 20 idee in gara<\/h3>\n<div><strong><a class=\"dt-pswp-item\" href=\"http:\/\/www.radiopiu.net\/wordpress\/wp-content\/uploads\/2018\/10\/Hackathon-Rurale-SIparte-Feltre-4-e-5-ottobre-2018-3.jpeg\" data-dt-img-description=\"\" data-large_image_width=\"1024\" data-large_image_height=\"477\"><img loading=\"lazy\" decoding=\"async\" class=\" wp-image-62965 alignleft\" src=\"http:\/\/www.radiopiu.net\/wordpress\/wp-content\/uploads\/2018\/10\/Hackathon-Rurale-SIparte-Feltre-4-e-5-ottobre-2018-3-150x150.jpeg\" alt=\"\" width=\"188\" height=\"188\" \/><\/a>FELTRE\u00a0<\/strong> Sono 20 i progetti in gara per il concorso di idee Feltre Start Lab. Il progetto, che mira a far nascere nuove imprese sul territorio cittadino, mette in palio ventunomila euro e tre percorsi di accompagnamento. Con Feltre start lab il Comune di Feltre, con il sostegno di Cariverona e il supporto tecnico di Impact Hub Trentino, promuove l\u2019imprenditorialit\u00e0, facendo emergere idee d\u2019impresa da parte dei giovani del territorio. Il programma di accompagnamento imprenditoriale svolto nei mesi scorsi ha visto gi\u00e0 30 ragazzi impegnati in un laboratorio di impresa che ha unito momenti formativi e testimonianze di imprenditori &#8211; \u00c8 stato poi lanciato un contest dedicato a chi ha un&#8217;idea o un progetto imprenditoriale interessante da sviluppare. Sono 20 progetti i progetti candidati, di cui 11 presentati da donne e 9 da uomini. L\u2019et\u00e0 media dei referenti \u00e8 molto eterogenea: 9 progetti sono stati presentati da under 30, 5 da ragazzi tra i 30 e i 40 anni e 6 da over 40. I progetti sono concepiti per essere sviluppati nel territorio locale in citt\u00e0 a Feltre o nei territori circostanti. Ciascuno dei vincitori potr\u00e0 usufruire di una dotazione economica del valore di 7.000 euro in beni e servizi per sostenere i costi d\u2019avviamento, e di un percorso di accompagnamento per implementare e sviluppare l&#8217;idea d\u2019impresa. feltrestartlab@comune.feltre.bl.it.<\/div>\n<div><\/div>\n<blockquote>\n<div><\/div>\n<\/blockquote>\n<div><\/div>\n<div><\/div>\n<blockquote>\n<div><\/div>\n<\/blockquote>\n<div><\/div>\n<div><a class=\"dt-pswp-item\" href=\"http:\/\/www.radiopiu.net\/wordpress\/wp-content\/uploads\/2019\/07\/WhatsApp-Image-2019-07-24-at-20.13.13.jpeg\" data-dt-img-description=\"\" data-large_image_width=\"1054\" data-large_image_height=\"1587\"><img loading=\"lazy\" decoding=\"async\" class=\"size-thumbnail wp-image-92955 alignleft\" src=\"http:\/\/www.radiopiu.net\/wordpress\/wp-content\/uploads\/2019\/07\/WhatsApp-Image-2019-07-24-at-20.13.13-150x150.jpeg\" alt=\"\" width=\"150\" height=\"150\" \/><\/a><strong>Sabato 27 luglio alle ore 17.00 inaugurazione della personale di pittura nel suggestivo scenario del Castello di Andraz<\/strong> (Livinallongo &#8211; Belluno), strada per il passo Falzarego.<\/div>\n<div><\/div>\n<div><\/div>\n<div><\/div>\n<div><\/div>\n<blockquote>\n<div><\/div>\n<\/blockquote>\n<div><\/div>\n<div><\/div>\n<blockquote>\n<div><\/div>\n<\/blockquote>\n<h2>VOLANDO DALL&#8217;ALPAGO ALLA LUNA CON INGRESSO LIBERO<\/h2>\n<div><strong>ALPAGO<\/strong> Domenica 28 luglio 201 9, il Comune di Alpago, in collaborazione con ARTEVEN, organizza presso la Piazzetta Vecchia di Spert (in caso di maltempo nella chiesa di Spert) alle ore 17, con ingresso libero e gratuito, il concerto &#8220;Fly me to te Moon&#8221;\u00a0 Volare fino alla luna, giocare tra le stelle, sono le parole del brano &#8220;Fammi volare fino alla luna&#8221;, popolarmente chiamato in inglese e meglio conosciuto come &#8220;Fly me to the Moon&#8221;, &#8220;Fly me to the Moon&#8221; e&#8217; anche il titolo di questo concerto che nelle notti estive, al chiaro di luna, ci fara&#8217; sognare, afferrare per mano e innamorare, tra raffinati brani pop, swing, jazz, il fascino e la bellezza della musica e della luna con brani eseguiti dall&#8217;Orchestra Ritmico Sinfonica Italiana, diretta dal Maestro Diego Basso, e interpretati dalle voci dell&#8217;Art Voice Academy; \u00e8 parte di un progetto musicale che nasce 50 anni dopo una delle frasi pi\u00f9 note della storia: &#8220;Questo \u00e8 un piccolo passo per un uomo, ma un grande balzo per l&#8217;Umanita&#8217;&#8221;, pronunciata da Neil Armstrong mettendo piede per la prima volta sul suolo lunare. Un evento musicale di eccezionale rilevanza che gli organizzatori hanno voluto portare a Spert per consentire a residenti e villeggianti di fruire di un concerto altrimenti ascoltabile solo in grandi contesti cittadini.<\/div>\n<blockquote>\n<div><\/div>\n<\/blockquote>\n<div><\/div>\n<div><\/div>\n<div><\/div>\n<div><\/div>\n<blockquote>\n<div><\/div>\n<\/blockquote>\n<div><a class=\"dt-pswp-item\" href=\"http:\/\/www.radiopiu.net\/wordpress\/wp-content\/uploads\/2019\/07\/DAmbros.jpg\" data-dt-img-description=\"\" data-large_image_width=\"1092\" data-large_image_height=\"952\"><img loading=\"lazy\" decoding=\"async\" class=\"size-thumbnail wp-image-92867 alignleft\" src=\"http:\/\/www.radiopiu.net\/wordpress\/wp-content\/uploads\/2019\/07\/DAmbros-150x150.jpg\" alt=\"\" width=\"150\" height=\"150\" \/><\/a><strong>LE DOLOMITI A COLORI: IN UNA DUPLICE MOSTRA IL TRIBUTO DEGLI ARTISTI CADORINI DEL NOVECENTO ALLE LORO MONTAGNE, OGGI PATRIMONIO UNESCO<\/strong><br \/>\nL\u2019esposizione si svilupper\u00e0 in due sedi: le scuole elementari di San Vito di Cadore, dove inaugurer\u00e0 sabato 27 luglio, e la sala espositiva di Auronzo di Cadore, dove invece aprir\u00e0 venerd\u00ec 2 agosto. Si potranno ammirare, tra gli altri, i lavori di Guglielmo Talamini, Gina Roma, Ada Genova, Masi Simonetti, Fulvio Della Libera, Nando Coletti: essi interpretano con sguardi e stili personali le infinite potenzialit\u00e0 di narrazione che il paesaggio montano esprime. La mostra ha ottenuto anche la concessione da parte della Collezione Salce di Treviso della riproduzione di 27 manifesti storici che esprimono un legame con il Cadore.<\/div>\n<blockquote>\n<div><\/div>\n<\/blockquote>\n<div><\/div>\n<div><\/div>\n<div><\/div>\n<div><\/div>\n<blockquote>\n<div><\/div>\n<\/blockquote>\n<div>\n<h3>\u00a0IL PROGRAMMA DEL\u00a0\u00a0 KALAT NISSA FILM FESTIVAL, QUESTA SETTIMANA AD AGORDO.<\/h3>\n<p><strong><a class=\"dt-pswp-item\" href=\"http:\/\/www.radiopiu.net\/wordpress\/wp-content\/uploads\/2019\/07\/65872978_2996720780368549_5075867520930414592_n.jpg\" data-dt-img-description=\"\" data-large_image_width=\"960\" data-large_image_height=\"714\"><img loading=\"lazy\" decoding=\"async\" class=\"size-medium wp-image-91793 alignleft\" src=\"http:\/\/www.radiopiu.net\/wordpress\/wp-content\/uploads\/2019\/07\/65872978_2996720780368549_5075867520930414592_n-300x223.jpg\" alt=\"\" width=\"300\" height=\"223\" srcset=\"https:\/\/www.radiopiu.net\/wordpress\/wp-content\/uploads\/2019\/07\/65872978_2996720780368549_5075867520930414592_n-300x223.jpg 300w, https:\/\/www.radiopiu.net\/wordpress\/wp-content\/uploads\/2019\/07\/65872978_2996720780368549_5075867520930414592_n-768x571.jpg 768w, https:\/\/www.radiopiu.net\/wordpress\/wp-content\/uploads\/2019\/07\/65872978_2996720780368549_5075867520930414592_n.jpg 960w\" sizes=\"auto, (max-width: 300px) 100vw, 300px\" \/><\/a>OGGI SALA DON TAMIS ALLE 17<\/strong>\u00a0 Welcome Desk per i registi e gli ospiti del \u201cKalat Nissa Film Festival\u201d Ore 20:45 Apertura ufficiale della manifestazione alla presenza di tutte le autorit\u00e0, con il taglio del nastro presso la Sala Don Tamis Agordo. Ore 21:00 Inizio prima serata inaugurale del Festival. Presenta: Laura Abbaleo \u2022 Saluto delle autorit\u00e0\u00a0 \u2022 Visione dei Cortometraggi in nomination: 1 Robot will protect you, di Nicola Piovesan Animazione 10 m Estonia 3 Le avventure di Mr food and Mrs wine, di Antonio Silvestre Comics 18 m Italy 4 Eva, di Paolo Budassi Io Diverso da chi? 15 m Italy 5 La Verit\u00e0, di Giuseppe Alessio Nuzzo Trailer 2m 04s Italy 6 Lucy, di Roberto Gutierrez Tema libero 15m Venezuela\u00a0 \u2022 Musica a cura dell\u2019Associazione cinematografica e culturale Laboratorio dei sogni -Esibizione con il sax di Luigi Scarnato &#8211; Esibizione della cantante Jessica Lena<\/p>\n<\/div>\n<div><\/div>\n<div><\/div>\n<div>\n<div>\n<blockquote>\n<h3 style=\"text-align: left;\"><\/h3>\n<\/blockquote>\n<h3><\/h3>\n<h3><a class=\"dt-pswp-item\" href=\"http:\/\/www.radiopiu.net\/wordpress\/wp-content\/uploads\/2018\/09\/appuntamenti.jpeg\" data-dt-img-description=\"\" data-large_image_width=\"800\" data-large_image_height=\"100\"><img loading=\"lazy\" decoding=\"async\" class=\"alignnone size-full wp-image-61958\" src=\"http:\/\/www.radiopiu.net\/wordpress\/wp-content\/uploads\/2018\/09\/appuntamenti.jpeg\" alt=\"\" width=\"800\" height=\"100\" srcset=\"https:\/\/www.radiopiu.net\/wordpress\/wp-content\/uploads\/2018\/09\/appuntamenti.jpeg 800w, https:\/\/www.radiopiu.net\/wordpress\/wp-content\/uploads\/2018\/09\/appuntamenti-300x38.jpeg 300w, https:\/\/www.radiopiu.net\/wordpress\/wp-content\/uploads\/2018\/09\/appuntamenti-768x96.jpeg 768w\" sizes=\"auto, (max-width: 800px) 100vw, 800px\" \/><\/a><\/h3>\n<\/div>\n<\/div>\n<p>&nbsp;<\/p>\n<p>&nbsp;<\/p>\n<p><span style=\"color: #ff0000;\"><strong><a class=\"dt-pswp-item\" href=\"http:\/\/www.radiopiu.net\/wordpress\/wp-content\/uploads\/2019\/07\/21231208_1428419980586085_1115215269049052745_n.jpg\" data-dt-img-description=\"\" data-large_image_width=\"661\" data-large_image_height=\"661\"><img loading=\"lazy\" decoding=\"async\" class=\" wp-image-90482 alignleft\" src=\"http:\/\/www.radiopiu.net\/wordpress\/wp-content\/uploads\/2019\/07\/21231208_1428419980586085_1115215269049052745_n-300x300.jpg\" alt=\"\" width=\"145\" height=\"145\" srcset=\"https:\/\/www.radiopiu.net\/wordpress\/wp-content\/uploads\/2019\/07\/21231208_1428419980586085_1115215269049052745_n-300x300.jpg 300w, https:\/\/www.radiopiu.net\/wordpress\/wp-content\/uploads\/2019\/07\/21231208_1428419980586085_1115215269049052745_n-150x150.jpg 150w, https:\/\/www.radiopiu.net\/wordpress\/wp-content\/uploads\/2019\/07\/21231208_1428419980586085_1115215269049052745_n.jpg 661w\" sizes=\"auto, (max-width: 145px) 100vw, 145px\" \/><\/a><\/strong><\/span><\/p>\n<p><span style=\"color: #ff0000;\"><strong>PER IL SECONDO ANNO, PER TUTTA L&#8217;ESTATE: LA &#8220;FABBRICA DELLE EMOZIONI&#8221;, IN COLLABORAZIONE CON\u00a0<a class=\"profileLink\" style=\"color: #ff0000;\" href=\"https:\/\/www.facebook.com\/dersut.taibon\/?__tn__=K-R&amp;eid=ARAWHGS4pY7ErSAGuNNMHp-xra7d294ysugnpoUicWkeK9rjbvd86RDR3SHV57JuBTC7yrMP85kcC7oy&amp;fref=mentions&amp;__xts__%5B0%5D=68.ARA8kEGfdeZlMevmYpMAmAmJ7ziHM_3WogqE61anVHM5V-Ht7pYFd4NJRcEVlK7VIq__zFsG6G8vsxxKnVF1SBmpERHebECtYKNHrf4mG4C4wVmPxxn4uj_nmTIeZglrdIyUPa0dnE3usWWzci033oOnyRS5XDhoavIU-eTU85t_Wp6jFT0-ULRP932r4STxN16bdptt8cef\" data-hovercard=\"\/ajax\/hovercard\/page.php?id=904939246267497&amp;extragetparams=%7B%22__tn__%22%3A%22%2CdK-R-R%22%2C%22eid%22%3A%22ARAWHGS4pY7ErSAGuNNMHp-xra7d294ysugnpoUicWkeK9rjbvd86RDR3SHV57JuBTC7yrMP85kcC7oy%22%2C%22fref%22%3A%22mentions%22%7D\" data-hovercard-prefer-more-content-show=\"1\">Dersut Taibon<\/a>\u00a0EVENTI, APPUNTAMENTI, DIVERTIMENTI NELLA VALLATA AGORDINA. IN ONDA ALLA RADIO NEI NOTIZIARI E NEGLI APPROFONDIMENTI ALLA RADIO E SUL SITO\u00a0<a style=\"color: #ff0000;\" href=\"http:\/\/www.radiopiu.net\/?fbclid=IwAR3Zckh6EArPlP9el3_APl-CxxkfxeumpcmQ4v9HIwZohBUQuztQ4jOimzE\" target=\"_blank\" rel=\"noopener nofollow noreferrer\" data-ft=\"{&quot;tn&quot;:&quot;-U&quot;}\" data-lynx-mode=\"async\" data-lynx-uri=\"https:\/\/l.facebook.com\/l.php?u=http%3A%2F%2FWWW.RADIOPIU.NET%2F%3Ffbclid%3DIwAR3Zckh6EArPlP9el3_APl-CxxkfxeumpcmQ4v9HIwZohBUQuztQ4jOimzE&amp;h=AT3iK2sNf9WjhvLB7AaqYnWzUdWcBNNS_1cXI6UJ3eEvhP4Ym5v2vemsj9TpyM0_qzzb9gjT9sJhgm4I2ZXxgJSAlUfvNTaJwITPvOvqfAuTNdwnWON3ic-lvSbJXWzM3FVSvAgPffEqbH4dYL2TEG6D6xs5TZHrlhUGtTKMYKoPXpBJIF8ke0VZdFkl3YQ7tGdqat-r6rzvDTprheLIjQ7jKZPmLRbVLu1fIKQ2jHEQkMU8LzIZvt_s5FE3Fxl6fUw_HG6Kz2ygpE7qxE3yIyhlOk0wt55c_6ZWHfM2I0PFlpPFgNhCDJwFSVFieE73_LsmFyKeJSBqSnd9p7KBuOYgQAQepyVC8du7dtfKvd60oOKKb1xchMvMyu9mMRYGRKi2y8I7U2WlGyyKbcYHubfjzWI02WXZXcSE97K_yFCYyeqZ2T_hgQJ7vzHhfBlDLdaXxkE\">WWW.RADIOPIU.NET<\/a><\/strong><\/span><\/p>\n<audio class=\"wp-audio-shortcode\" id=\"audio-92721-13\" preload=\"none\" style=\"width: 100%;\" controls=\"controls\"><source type=\"audio\/mpeg\" src=\"http:\/\/www.radiopiu.net\/wordpress\/wp-content\/uploads\/2019\/07\/FABBRICA-EMOZIONI.mp3?_=13\" \/><a href=\"http:\/\/www.radiopiu.net\/wordpress\/wp-content\/uploads\/2019\/07\/FABBRICA-EMOZIONI.mp3\">http:\/\/www.radiopiu.net\/wordpress\/wp-content\/uploads\/2019\/07\/FABBRICA-EMOZIONI.mp3<\/a><\/audio>\n<p>&nbsp;<\/p>\n<p>&nbsp;<\/p>\n<div>\n<div><strong>CANALE D&#8217;AGORDO<\/strong> Domani dalle 19 festa di Via Roma con musica dal vivo dalle 19, degustazione gnocco fritto con i volontari di Via Roma che vi invitano alla festa di Colmel<\/div>\n<div><\/div>\n<p><strong>SELVA DI CADORE<\/strong> Pensieri in versi, poeti erranti del bellunese e amici. Presentazione del libro e incontro con gli autori, domani\u00a0 alle 20.30 alle ore 20.30 nella sala convegni del Museo il gruppo POETI ERRANTI E AMICI presenter\u00e0 il loro libro &#8220;Quelli del sabato pomeriggio&#8221;. Vi intratterranno leggendo dei loro componimenti.<\/p>\n<div>\n<p><strong>CANALE D&#8217;AGORDO<\/strong> Sabato dalle 16 Festa de Rividella, giochi e meranda per bambini, degustazione di prodotti fatti in casa con Hockey Club Canale. Previsto anche mini spettacolo pirotecnico.<\/p>\n<p><strong>ALLEGHE<\/strong> Sabato alle 20 nella sede Cai di Caprile &#8220;Nostalgia per il cammino di Santiago&#8221;, diapositive con Gabriella Bellenzier, entrata libera.<\/p>\n<p><strong>ALPAGO<\/strong> Sabato alle 17 in piazzetta vecchia a Spert Fly me to the moon, musica alla luna con orchestra ritmica sinfonica italiana, voci art voice academy. Direttore diego Basso.<\/p>\n<\/div>\n<div><strong>AGORDO<\/strong> Ad Agordo Proloco organizza per sabato un mercatino di soli produttori bellunesi, attorno al Broi dalle 9 alle 18. L&#8217;intento \u00e8 quello di promuovere la provincia e le sue bellezze e bont\u00e0 durante il Festival internazionale del cortometraggio che porter\u00e0 ad Agordo visitatori da varie parti del mondo (e della nostra penisola).<\/div>\n<div><\/div>\n<div>\n<p><strong>SOSPIROLO<\/strong>\u00a0 Al via l&#8217;attesa festa campestre al Pr\u00e0 de la Melia, presso gli impianti sportivi di Gron di Sospirolo, proposta dalla Pro loco \u201cMonti del Sole\u201d. Sabato ha inizio il tradizionale appuntamento che abbraccia sport, gastronomia locale, cultura e ballo.\u00a0 Appuntamenti fino al 4 agosto Per info www.sospirolo.net<\/p>\n<\/div>\n<div><strong>CAVIOLA\u00a0<\/strong> Sabato dai romani la porchetta di Ariccia, quella vera. Tutto il giorno dalle 6 del mattino a tarda sera.<\/div>\n<div><\/div>\n<div><strong>CAVIOLA<\/strong> Sabato il ritorno di RomantiCaviola, mercatino dell&#8217;artigianato in via Lungo Tegosa dalle 10 alle 20. Alle 15.30 il Truccabimbi.<\/div>\n<div><\/div>\n<div><strong>RIVAMONTE<\/strong> Domenica dalle 18.30\u00a0 al Bar Molin\u00a0 festa dell&#8217;orzo, musica con\u00a0 EMME PI. AND BLACK WEATHER il<\/div>\n<div>grande rythm and blues e non solo.<\/div>\n<div><\/div>\n<div><strong>CAVIOLA<\/strong> Domenica 34esimo trofeo Carla Serafini, gara podistica di 6 chilometri. Partenza alle 10 e percorsi per i pi\u00f9 piccoli.\u00a0 Al termine intrattenimento al Parco Giochi con la nuova gestione di Mattia De Nardin.\u00a0 INFO PRO LOCO DI CAVIOLA 0437 590116<\/div>\n<p>&nbsp;<\/p>\n<p><strong>CENCENIGHE<\/strong> Domenica festa degli alpini in Pineta, alle 10.30 messa, 12 degustazione piatti tipici e pomeriggio in musica con Ioris.<\/p>\n<div>\n<p><strong>ZOLDO<\/strong> &#8220;Il romanzo di un valle&#8221;, il caso editoriale di Marco e Mattio di Vassalli tra le Dolomiti di Zoldo e Venezia. Dal 27 luglio al 31 agosto mostra a Forno in Municipio ex sala consigliare dalle 9 alle 18. Sabato alle 17 a Dont sala cinema il convegno, alle 19.30 l&#8217;inaugurazione della mostra e alle 21 sul sagrato della chiesa di Forno Reading musicale.<\/p>\n<\/div>\n<p><strong>CAVIOLA<\/strong> Sabato 3 e domenica 4 agosto Sagra D&#8217;Ista\u00e0 con il gruppo alpini Cime d&#8217;Auta. Sabato dalle 21 i Tirataie,\u00a0 Domenica Daniela, Wilmer e Paolo.<\/p>\n<div><\/div>\n<p>&nbsp;<\/p>\n<h3 style=\"text-align: center;\">ADVENTURE OUTDOOR FEST&#8230; CHE NOVITA&#8217;!<\/h3>\n<div>\n<blockquote>\n<h3>OGGI ALLE 15.10 LO SPECIALE ALLA RADIO Fabio Cavallari\u00a0 parler\u00e0 del Dolomiti Outdoor Fest, che prendera&#8217; il via domani con l&#8217;inaugurazione da Sottoguda, e che poi sar\u00e0 per tutto il fines ettimana con base ai Piani di Pezze&#8217; ad\u00a0 Alleghe ma che poi si snodera&#8217; anche in altre location dell&#8217;Alto Agordino. Sport attivo ma anche yoga, meditazione, gare di corsa, arrampicata, musica dal vivo e cinema. Nell&#8217;intervista il ricco programma.<\/h3>\n<\/blockquote>\n<\/div>\n<\/div>\n<div><\/div>\n<div><\/div>\n<div>\n<p>&nbsp;<\/p>\n<div>\n<h3>AL RIFUGIO BURZ A 2000 METRI, LOVE, LIVE, FOOD<\/h3>\n<p><strong>LIVINALLONGO<\/strong> Tra le pi\u00f9 belle vette, l&#8217;appuntamento del fine settimana. IL 26 luglio il concerto con la grande musica di Woodstok<\/p>\n<\/div>\n<p>&nbsp;<\/p>\n<p>&nbsp;<\/p>\n<h3>POZZA RITORNA NELL&#8217;AGORDINO<\/h3>\n<p><strong>FALCADE<\/strong> Marted\u00ec 30 luglio alle 20.30 alla casa della giovent\u00f9 di Caviola intervento di Don Marco Pozza,\u00a0 parroco del carcere \u201cDue Palazzi\u201d di Padova, \u00e8 anche giornalista\u00a0 ed\u00a0 \u00a0ha condotto su tv2000 Ave Maria e Padre Nostro e su Rai 1 \u201cA Sua Immagine,le ragioni della speranza&#8221; che ha avuto ospite anche Luisa Velluti di Falcade quando raccont\u00f2 la sua storia &#8220;Alla ricerca della mamma biologica&#8221;<\/p>\n<\/div>\n<div><\/div>\n<div><\/div>\n<div><\/div>\n<div><\/div>\n<p>&nbsp;<\/p>\n<p>&nbsp;<\/p>\n<p><a class=\"dt-pswp-item\" href=\"http:\/\/www.radiopiu.net\/wordpress\/wp-content\/uploads\/2018\/09\/viabilita.jpeg\" data-dt-img-description=\"\" data-large_image_width=\"800\" data-large_image_height=\"100\"><img loading=\"lazy\" decoding=\"async\" class=\"alignnone size-full wp-image-61954\" src=\"http:\/\/www.radiopiu.net\/wordpress\/wp-content\/uploads\/2018\/09\/viabilita.jpeg\" alt=\"\" width=\"800\" height=\"100\" srcset=\"https:\/\/www.radiopiu.net\/wordpress\/wp-content\/uploads\/2018\/09\/viabilita.jpeg 800w, https:\/\/www.radiopiu.net\/wordpress\/wp-content\/uploads\/2018\/09\/viabilita-300x38.jpeg 300w, https:\/\/www.radiopiu.net\/wordpress\/wp-content\/uploads\/2018\/09\/viabilita-768x96.jpeg 768w\" sizes=\"auto, (max-width: 800px) 100vw, 800px\" \/><\/a><\/p>\n<p>&nbsp;<\/p>\n<blockquote><p><strong>NUOVO SENSO UNICO A SALESEI<\/strong> <strong>ED ARABBA<\/strong>Lungo la 48 delle Dolomiti da domani e fino al 9 agosto alle 7 alle 18 senso unico alternato esclusi i giorni festivi e prefestivi per la messa in sicurezza dei versanti. Ad Arabba da oggi al 9 agosto (escluso sabato e domenica)<\/p><\/blockquote>\n<p><strong>PROVINCIALE 251 VAL DI ZOLDO<\/strong>\u00a0 Fino\u00a0 al 2 agosto dalle 8 alle 12 e dalle 13.30 alle 17.30 (esclusi festivi e prefestivi) senso unico alternato e brevi interruzioni della durata massima di 15 minuti.<\/p>\n<p><strong>PROVINCIALE 8 DI SAN TOMASO:\u00a0 <\/strong>Fino\u00a0 AL 09 AGOSTO, SABATO E DOMENICA INCLUSI TRA LE LOCALITA&#8217; PIAN MOLIN E ROI INTERDIZIONE TOTALE AL TRAFFICO PER POSA CONDOTTA IDROELETTRICA.<\/p>\n<blockquote><p><strong>Regionale 203 agordina, <\/strong>localit\u00e0 LE CAMPE senso unico alternato per il ripristino della rete fognaria. Fino 2 agosto dalle 7.30 alle 8.30 e dalle 16.30 alle 18 con moviere, dalle 7 alle 7.30, dalle 8.30 alle 16.30 dalle 18 alle 19 con semaforo.<\/p><\/blockquote>\n<p><strong>PROVINCIALE 346 DEL SAN PELLEGRINO<\/strong>\u00a0 fino al 26 luglio (sabato e domenica escluso) senso unico alternato saltuario regolato da movieri in Comune di Canale d&#8217;Agordo<\/p>\n<p><strong>PROVINCIALE 3 DI VALLE IMPERINA f<\/strong>ino\u00a0 al 2 agosto senso unico alternato in localit\u00e0 Ponte Alto per allacciamento all&#8217;acquedotto per conto di GSP<\/p>\n<blockquote><p><strong>PROVINCIALE 346 DEL SAN PELLEGRINO<\/strong> fino al 2 agosto e dal 27 agosto al 13 settembre (festivi e prefestivi inclusi) senso unico alternato con movieri tra Falcade, Canale d&#8217;Agordo e Vallada per tesatura conduttori alta tensione.<\/p><\/blockquote>\n<p><strong>REGIONALE 203 AGORDINA<\/strong>\u00a0 fino al 2 agosto e dal 27 agosto al 13 settembre (inclusi festivi e prefestivi) senso unico alternato in Comune di Cencenighe, per tesatura conduttori alta tensione.<\/p>\n<p><strong>PROVINCIALE 641 DI PASSO FEDAIA<\/strong> In localit\u00e0 Rocca Pietore fino al 30 luglio senso unico alternato con impianto semaforico.<\/p>\n<p><strong>PROVINCIALE 563 DI SALESEI<\/strong> Fino al 9 agosto (festivi e prefestivi esclusi) senso unico alternato in localit\u00e0 Salesei per la posa di protezioni sul versante.<\/p>\n<div dir=\"ltr\">\n<div dir=\"ltr\">\n<p><strong>PROVINCIALE 641 DI PASSO FEDAIA<\/strong> fino al 9 agosto senso unico alternato tra Malga Ciapela e Sottoguda per la posa di nuovo cavidotto<\/p>\n<blockquote><p><strong>LA VALLE\u00a0 <\/strong>Fino\u00a031 luglio (festivi e prefestivi esclusi) senso unico a seconda delle esigenze con semaforo o movieri lungo la regionale 203 agordina in localit\u00e0 La Muda<\/p><\/blockquote>\n<\/div>\n<\/div>\n<p>&nbsp;<\/p>\n<p>&nbsp;<\/p>\n<div>\n<p>&nbsp;<\/p>\n<p><a class=\"dt-pswp-item\" href=\"http:\/\/www.radiopiu.net\/wordpress\/wp-content\/uploads\/2018\/09\/sport.jpg\" data-dt-img-description=\"\" data-large_image_width=\"800\" data-large_image_height=\"100\"><img loading=\"lazy\" decoding=\"async\" class=\"alignnone wp-image-60761 size-full\" src=\"http:\/\/www.radiopiu.net\/wordpress\/wp-content\/uploads\/2018\/09\/sport.jpg\" alt=\"\" width=\"800\" height=\"100\" srcset=\"https:\/\/www.radiopiu.net\/wordpress\/wp-content\/uploads\/2018\/09\/sport.jpg 800w, https:\/\/www.radiopiu.net\/wordpress\/wp-content\/uploads\/2018\/09\/sport-300x38.jpg 300w, https:\/\/www.radiopiu.net\/wordpress\/wp-content\/uploads\/2018\/09\/sport-768x96.jpg 768w\" sizes=\"auto, (max-width: 800px) 100vw, 800px\" \/><\/a><\/p>\n<\/div>\n<h2>L&#8217;ULTIMA GIORNATA DEL CAMPIONATO AGORDINO FEMMINILE. ORA LE SEMIFINALI<\/h2>\n<p>Si sono giocate le ultime due partite del Campionato Agordino femminile. Nell&#8217;ultima giornata di qualificazione il Taibon ha strappato un pareggio al Voltago che fin&#8217;ora aveva vinto tutte le partite. Nella giornata in cui le campionesse in carica del Le Ville riposavano, Alleghe e Fodom si sono scontrate per decretare quale delle due formazioni conquistasse l&#8217;accesso alla fase finale. La prossima settimana al campo sportivo di Taibon in programma le semifinali. Al \u201cCesare Scatena\u201d di Taibon le padrone di casa non vanno oltre il pareggio contro la corrazzata Voltago che chiude con un pareggio e 7 vittorie la fase eliminatoria del torneo in rosa. Taibon che va a segno con Lam Kim e ospiti che pareggiano i conti grazie ad un calcio di rigore di Conedera. Tutto facile per l&#8217;Alleghe che a Boscoverde vince con un punteggio tennistico contro il Fodom. Alleghesi che strappano il biglietto per la fase finale e orsette che salutano definitivamente il torneo. Alleghe che incamera 3 punti con la tripletta di Busin e un gol a testa per Bassot, Tibolla e Agostini. Fodom a segno con Roilo e Del Negro<\/p>\n<blockquote><p><strong>I RISULTATI: Taibon \u2013 Voltago 1-1, Alleghe \u2013 Fodom 6-2. Ha riposato il Le Ville<\/strong><\/p>\n<p><strong>LA CLASSIFICA FINALE: Voltago 22, Taibon 11, Alleghe 10, Le Ville 9, Fodom 4<\/strong><\/p>\n<p><strong>LE SEMIFINALI: mercoled\u00ec 31 luglio a Taibon, Taibon \u2013 Alleghe e Voltago \u2013 Le Ville<\/strong><\/p><\/blockquote>\n<p>&nbsp;<\/p>\n<blockquote><p>&nbsp;<\/p><\/blockquote>\n<div>\n<h2 class=\"p1\"><span class=\"s1\"><b>CAMPIONATO AGORDINO DI CALCIO<\/b><\/span><\/h2>\n<p class=\"p1\"><span class=\"s1\"><b>QUARTI DI FINALE<\/b><\/span><\/p>\n<p class=\"p1\"><span class=\"s1\"><b>IL PUNTO<\/b><\/span><\/p>\n<p class=\"p1\"><span class=\"s1\"><a class=\"dt-pswp-item\" href=\"http:\/\/www.radiopiu.net\/wordpress\/wp-content\/uploads\/2019\/07\/TABELLONE-FINALE-CAMPIONATO-AGORDINO-2019-SEMIFINALI.jpg\" data-dt-img-description=\"\" data-large_image_width=\"1754\" data-large_image_height=\"1239\"><img loading=\"lazy\" decoding=\"async\" class=\" wp-image-92510 alignleft\" src=\"http:\/\/www.radiopiu.net\/wordpress\/wp-content\/uploads\/2019\/07\/TABELLONE-FINALE-CAMPIONATO-AGORDINO-2019-SEMIFINALI-300x212.jpg\" alt=\"\" width=\"336\" height=\"237\" srcset=\"https:\/\/www.radiopiu.net\/wordpress\/wp-content\/uploads\/2019\/07\/TABELLONE-FINALE-CAMPIONATO-AGORDINO-2019-SEMIFINALI-300x212.jpg 300w, https:\/\/www.radiopiu.net\/wordpress\/wp-content\/uploads\/2019\/07\/TABELLONE-FINALE-CAMPIONATO-AGORDINO-2019-SEMIFINALI-768x543.jpg 768w, https:\/\/www.radiopiu.net\/wordpress\/wp-content\/uploads\/2019\/07\/TABELLONE-FINALE-CAMPIONATO-AGORDINO-2019-SEMIFINALI-1024x723.jpg 1024w, https:\/\/www.radiopiu.net\/wordpress\/wp-content\/uploads\/2019\/07\/TABELLONE-FINALE-CAMPIONATO-AGORDINO-2019-SEMIFINALI.jpg 1754w\" sizes=\"auto, (max-width: 336px) 100vw, 336px\" \/><\/a><\/span><\/p>\n<p class=\"p1\"><span class=\"s1\"><b>I RISULTATI<\/b><\/span><\/p>\n<p class=\"p1\"><span class=\"s1\">Vallada &#8211; Taibon 3-2<\/span><\/p>\n<p class=\"p1\"><span class=\"s1\">Caprile &#8211; Rivamonte 3-0<\/span><\/p>\n<p class=\"p1\"><span class=\"s1\">Fodom &#8211; Agordo 2009 4-2<\/span><\/p>\n<p class=\"p1\"><span class=\"s1\">Voltago &#8211; Frassen\u00e8 2-1<\/span><\/p>\n<p class=\"p1\"><span class=\"s1\"><b>PROSSIMO TURNO <\/b><\/span><\/p>\n<p class=\"p1\"><span class=\"s1\">SEMIFINALI<\/span><\/p>\n<p class=\"p1\"><span class=\"s1\">A Boscoverde di Rocca Pietore<\/span><\/p>\n<p class=\"p1\"><span class=\"s1\">ore 15 Voltago &#8211; Vallada<\/span><\/p>\n<p class=\"p1\"><span class=\"s1\">ore 17:30 Caprile &#8211; Fodom<\/span><\/p>\n<blockquote>\n<h2><\/h2>\n<h2 class=\"p1\"><span class=\"s1\"><b>CAMPIONATO AGORDINO GIOVANILE <\/b><\/span><\/h2>\n<\/blockquote>\n<p class=\"p3\"><span class=\"s1\">I risultati: La Valle \u2013 Taibon 0-3, Cencenighe \u2013 Alleghe 2-4, Canale \u2013 Le Ville \u00e8 stata rinviata a marted\u00ec prossimo. Ha riposato il Fodom<\/span><\/p>\n<p class=\"p3\"><span class=\"s1\">Classifica: La Valle e Taibon 15, Canale*, Fodom e Le Ville* 6, Alleghe 3, Cencenighe 0 (*una partita in meno)<\/span><\/p>\n<p class=\"p3\"><span class=\"s1\">Prossimo turno: sabato 27 luglio alle ore 16 Canale \u2013 Alleghe, Taibon \u2013 Cencenighe, Le Ville \u2013 Fodom. Riposa il La Valle.<\/span><\/p>\n<p>&nbsp;<\/p>\n<\/div>\n<p>&nbsp;<\/p>\n<h2>Mancano pochi giorni all\u2019appuntamento con la corsa in montagna bellunese che prender\u00e0 il via domenica 28 luglio dalla piazza di Tisoi.<\/h2>\n<p><a class=\"dt-pswp-item\" href=\"http:\/\/www.radiopiu.net\/wordpress\/wp-content\/uploads\/2019\/07\/Onlqy0pA.jpeg\" data-dt-img-description=\"\" data-large_image_width=\"1000\" data-large_image_height=\"668\"><img loading=\"lazy\" decoding=\"async\" class=\" wp-image-92928 alignleft\" src=\"http:\/\/www.radiopiu.net\/wordpress\/wp-content\/uploads\/2019\/07\/Onlqy0pA-150x150.jpeg\" alt=\"\" width=\"206\" height=\"206\" \/><\/a><strong>BELLUNO<\/strong>\u00a0 Appuntamento domenica 28 luglio 2019 con la terza edizione del Gos\u00e8r Trail, la competizione di corsa in montagna \u201cMade in Tisoi\u201d che si sviluppa lungo i sentieri che dal centro abitato salgono verso il Monte Talvena.<br \/>\nLa gara pi\u00f9 lunga, nonch\u00e9 la competizione regina, si articola su un tracciato di 17 chilometri e un dislivello positivo di 1300 metri. Partenza fissata per le ore 9.30 dalla centrale piazza di Tisoi. Per chi invece non se la sente di partecipare alla gara lunga ma vuole comunque provare l\u2019emozione della corsa in natura e del trail, l\u2019asd Al Gos\u00e8r ha previsto un percorso corto su una lunghezza di 10 chilometri e 600 metri di dislivello positivo con partenza alle ore 10 in punto.\u00a0 Infine alle ore 10.15 prender\u00e0 il via il Mini Trail Family che con i suoi 5 chilometri \u00e8 adatto anche ai pi\u00f9 piccoli accompagnati da familiari e parenti. <strong>ISCRIZIONI<\/strong>\u00a0&#8211; Le iscrizioni sono aperte online al link\u00a0www.algoser.it\/gara\/iscrizioni\u00a0fino alli ore 23.59 di venerdi 26 luglio, altrimenti sar\u00e0 possibile iscriversi allo stand, allestito presso la sagra di Tisoi, nella giornata di sabato e domenica prima della partenza. Info alla pagina Facebook\u00a0www.facebook.com\/gosertrail\/\u00a0oppure\u00a0contattare Enrico al numero\u00a0328 5468827oppure Eugenio al numero\u00a0348 0913669.<\/p>\n<p>&nbsp;<\/p>\n<p>&nbsp;<\/p>\n<h2>ALPAGO TRIATHLON CON 900 ATLETI IN GARA<\/h2>\n<p lang=\"it-IT\" align=\"CENTER\"><span style=\"color: #000000;\"><span style=\"font-family: Helvetica Neue, sans-serif;\"><span style=\"font-size: small;\"><span style=\"font-family: Calibri, sans-serif;\"><i>Sabato l\u2019Olimpico Cross Triathlon e l\u2019Aquathlon kids, domenica la Sprint Silca Cup<\/i><\/span><\/span><\/span><\/span><\/p>\n<p>Oltre 900 atleti-gara tra sabato 27 e domenica 28 luglio, sul Lago di Santa Croce, in Alpago (BL) per un weekend a tutto triathlon. Il programma prevede nella mattinata di sabato il Triathlon Olimpico Cross Country in mountain bike e l\u2019Alpago Aquathlon Kids e Miniaquathlon nel pomeriggio. Domenica nuova giornata di gare, con la Triathlon Sprint Silca Cup, valevole anche come tappa finale del Sicleri Triathlon Challenge (con una classifica combinata con il Triathlon Sprint Rank Gold Citt\u00e0 di Caorle disputato nella localit\u00e0 balneare veneziana a maggio). Un\u2019intensissima due giorni che vedr\u00e0 in gara molti specialisti della mountain bike, ma anche i migliori rappresentanti della multidisciplina del Veneto e delle regioni vicine. Pettorale numero uno per chi della bicicletta (meglio su strada senza disdegnare per\u00f2 le ruote grasse), ha fatto il suo punto di forza, provenendo proprio dal ciclismo professionistico, Massimo Cigana, atleta mestrino in forza alla societ\u00e0 trevigiana Eroi del Piave. Puntano al podio Marco Barison (Liger Team), Stefano Davite (Sai Frecce Bianche), tecnico della nazionale di cross triathlon, Samuele Gobbo (A3) e Leonardo Ballerini (Raschiani Triathlon Pavese). Al femminile, favorite d\u2019obbligo le azzurre Marta Menditto e Matilde Bolzan, campionessa e vicecampionessa europea di cross triathlon, categoria under 23, alla recente rassegna continentale di Targu Mures in Romania. Menditto \u00e8 anche vicecampionessa europea, sempre under 23, nel cross duathlon. Tenter\u00e0 di contrastare le due portacolori di Sai Frecce Bianche, Francesca Ferlazzo, gi\u00e0 medagliata in varie rassegne nazionali. Il percorso di gara (start dalle ore 10.30 con la gara femminile, 10.40 la gara maschile) prevede una frazione di nuoto di 1 km (due giri), una di mountain bike di 21,3 km (due giri, tra l&#8217;oasi naturalistica del lago di Santa Croce, il sentiero che porta a Sitran fino a lambire Puos D&#8217;Alpago e la discesa fino a via Grotta) e una di corsa di 6,3 km (tre giri). Nel pomeriggio, dalle ore 14.00, invece i giovani (dai minicuccioli agli Youth B) si sfideranno in un aquathlon (corsa, nuoto, corsa) su distanze varie (dai 50 metri di corsa, 25 metri di nuoto, 50 metri di corsa dei pi\u00f9 piccoli, ai 750 metri di corsa, 400 metri di nuoto e 750 metri di nuoto dei pi\u00f9 grandi, gli under 18). Domenica invece l\u2019appuntamento da non perdere \u00e8 con la Triathlon Sprint Silca Cup, che vedr\u00e0 pi\u00f9 di 600 atleti al via, che si tufferanno nelle acque del lago di Santa Croce per la prima frazione di 750 metri a nuoto (un giro), per poi affrontare 19,3 km (due giri da 9,6 km) di ciclismo e 5 km (2 giri da 2,5 km) di corsa a piedi. Lo start alle 9.30 per la gara femminile, alle 11.15 start per la prima batteria maschile.<\/p>\n<p>&nbsp;<\/p>\n<p>&nbsp;<\/p>\n<div><strong><a class=\"dt-pswp-item\" href=\"http:\/\/www.radiopiu.net\/wordpress\/wp-content\/uploads\/2018\/09\/WhatsApp-Image-2018-09-20-at-16.04.06.jpeg\" data-dt-img-description=\"\" data-large_image_width=\"800\" data-large_image_height=\"100\"><img loading=\"lazy\" decoding=\"async\" class=\"alignnone wp-image-61378 size-full\" src=\"http:\/\/www.radiopiu.net\/wordpress\/wp-content\/uploads\/2018\/09\/WhatsApp-Image-2018-09-20-at-16.04.06.jpeg\" alt=\"\" width=\"800\" height=\"100\" srcset=\"https:\/\/www.radiopiu.net\/wordpress\/wp-content\/uploads\/2018\/09\/WhatsApp-Image-2018-09-20-at-16.04.06.jpeg 800w, https:\/\/www.radiopiu.net\/wordpress\/wp-content\/uploads\/2018\/09\/WhatsApp-Image-2018-09-20-at-16.04.06-300x38.jpeg 300w, https:\/\/www.radiopiu.net\/wordpress\/wp-content\/uploads\/2018\/09\/WhatsApp-Image-2018-09-20-at-16.04.06-768x96.jpeg 768w\" sizes=\"auto, (max-width: 800px) 100vw, 800px\" \/><\/a><\/strong><\/div>\n<p>&nbsp;<\/p>\n<p><center><b>Giovedi 25<\/b><\/center><b>Tempo atteso: <\/b>Tempo ben soleggiato al mattino, poi moderata cumulificazione, localmente intensa ed associata a fenomeni convettivi. Clima molto caldo, anche assai afoso, specie nei fondovalle prealpini, dove il disagio per caldo umido sar\u00e0 forte.<br \/>\n<b>Precipitazioni: <\/b>Al mattino assenti (0%), al pomeriggio e in prima serata probabilit\u00e0 medio-bassa (30\/40%) per rovesci ed occasionali temporali convettivi, isolatamente intensi.<br \/>\n<b>Temperature: <\/b>Minime in aumento nelle valli e pressoch\u00e9 stazionarie in quota; massime in leggera flessione. Sono previste punte di 33\/35\u00b0C nei fondovalle prealpini, con forte disagio per caldo umido, e di 28\/30\u00b0C a 1000\/1200 m. Su Prealpi a 1500 m min 18\u00b0C max 22\u00b0C, a 2000 m min 15\u00b0C max 18\u00b0C. Su Dolomiti a 2000 m min 14\u00b0C max 18\u00b0C, a 3000 m min 9\u00b0C max 10\u00b0C.<br \/>\n<b>Venti: <\/b>Nelle valli deboli\/moderati a regime di brezza; in quota deboli dai quadranti occidentali, a 5-10 km\/h sia a 2000 che a 3000 m.<\/p>\n<hr \/>\n<p><center><b>Venerdi 26<\/b><\/center><b>Tempo atteso: <\/b>Tempo ben soleggiato con cielo sereno al mattino, mentre la cumulificazione sar\u00e0 maggiore rispetto ai giorni precedenti cos\u00ec come l&#8217;insidia di fenomeni convettivi. Temperature diurne in leggera flessione, ma ancora ben superiori alle medie del periodo. L&#8217;afa crescer\u00e0 ulteriormente alle quote pi\u00f9 basse.<br \/>\n<b>Precipitazioni: <\/b>Al mattino assenti (0%); tra le ore centrali e il pomeriggio\/sera possibili rovesci sparsi e temporali di calore (40\/60%), isolatamente di forte intensit\u00e0.<br \/>\n<b>Temperature: <\/b>Minime senza notevoli variazioni; massime in contenuto calo nelle valli, stazionarie in quota. Su Prealpi a 1500 m min 18\u00b0C max 22\u00b0C, a 2000 m min 15\u00b0C max 18\u00b0C. Su Dolomiti a 2000 m min 14\u00b0C max 18\u00b0C, a 3000 m min 8\u00b0C max 10\u00b0C.<br \/>\n<b>Venti: <\/b>Nelle valli deboli\/moderati a regime di brezza; in quota deboli dai quadranti occidentali, a 5-10 km\/h sia a 2000 che a 3000 m.<\/p>\n<hr \/>\n<p><center><b>Sabato 27<\/b><\/center>Tempo da variabile ad instabile con nuvolosit\u00e0 irregolare sia al mattino che al pomeriggio con rovesci e temporali gi\u00e0 nella prima parte del giorno, anche se pi\u00f9 probabili al pomeriggio\/sera. Temperature in sensibile diminuzione, con scomparsa dell&#8217;afa dai fondovalle. In quota venti deboli o molto deboli da Nord al mattino e moderati da Sud-Ovest al pomeriggio, nelle valli perlopi\u00f9 deboli di direzione variabile.<\/p>\n<hr \/>\n<p><center><b>Domenica 28<\/b><\/center>Cielo irregolarmente o temporaneamente molto nuvoloso, con possibilit\u00e0 di rovesci e temporali, in attenuazione nella seconda parte della giornata. Clima pi\u00f9 fresco con ulteriore calo termico. Venti deboli\/moderati settentrionali in quota. Previsore: G.M.<\/p>\n","protected":false},"excerpt":{"rendered":"<p>Il Cipe ha sbloccato i fondi per l&#8217;elettrificazione\u00a0 e viabilit\u00e0 d&#8217;accesso a Cortina e arrivano nel bellunese centinaia di milioni di euro per nuovi investimenti anche in ambito sanitario per l&#8217;ospedale San Martino e protezione civile per la frana del Tessina. Poligono di tiro ad Agordo, totale abbandono ma c&#8217;\u00e8 l&#8217;interesse dell&#8217;amministrazione comunale per recuperare&hellip;<\/p>\n","protected":false},"author":1,"featured_media":92911,"comment_status":"closed","ping_status":"closed","sticky":false,"template":"","format":"standard","meta":{"_monsterinsights_skip_tracking":false,"_monsterinsights_sitenote_active":false,"_monsterinsights_sitenote_note":"","_monsterinsights_sitenote_category":0,"footnotes":""},"categories":[86],"tags":[],"class_list":["post-92721","post","type-post","status-publish","format-standard","has-post-thumbnail","hentry","category-gr","category-86","description-off"],"img_url":"https:\/\/www.radiopiu.net\/wordpress\/wp-content\/uploads\/2019\/07\/67372585_1204380846400669_8647874774564864000_n.jpg","_links":{"self":[{"href":"https:\/\/www.radiopiu.net\/wordpress\/wp-json\/wp\/v2\/posts\/92721","targetHints":{"allow":["GET"]}}],"collection":[{"href":"https:\/\/www.radiopiu.net\/wordpress\/wp-json\/wp\/v2\/posts"}],"about":[{"href":"https:\/\/www.radiopiu.net\/wordpress\/wp-json\/wp\/v2\/types\/post"}],"author":[{"embeddable":true,"href":"https:\/\/www.radiopiu.net\/wordpress\/wp-json\/wp\/v2\/users\/1"}],"replies":[{"embeddable":true,"href":"https:\/\/www.radiopiu.net\/wordpress\/wp-json\/wp\/v2\/comments?post=92721"}],"version-history":[{"count":0,"href":"https:\/\/www.radiopiu.net\/wordpress\/wp-json\/wp\/v2\/posts\/92721\/revisions"}],"wp:featuredmedia":[{"embeddable":true,"href":"https:\/\/www.radiopiu.net\/wordpress\/wp-json\/wp\/v2\/media\/92911"}],"wp:attachment":[{"href":"https:\/\/www.radiopiu.net\/wordpress\/wp-json\/wp\/v2\/media?parent=92721"}],"wp:term":[{"taxonomy":"category","embeddable":true,"href":"https:\/\/www.radiopiu.net\/wordpress\/wp-json\/wp\/v2\/categories?post=92721"},{"taxonomy":"post_tag","embeddable":true,"href":"https:\/\/www.radiopiu.net\/wordpress\/wp-json\/wp\/v2\/tags?post=92721"}],"curies":[{"name":"wp","href":"https:\/\/api.w.org\/{rel}","templated":true}]}}