{"id":92978,"date":"2019-07-26T05:59:09","date_gmt":"2019-07-26T03:59:09","guid":{"rendered":"http:\/\/www.radiopiu.net\/wordpress\/?p=92978"},"modified":"2019-07-26T10:44:35","modified_gmt":"2019-07-26T08:44:35","slug":"giornale-radiopiu-26-luglio-2019-direttore-mirko-mezzacasa","status":"publish","type":"post","link":"https:\/\/www.radiopiu.net\/wordpress\/giornale-radiopiu-26-luglio-2019-direttore-mirko-mezzacasa\/","title":{"rendered":"GIORNALE RADIOPIU 26 LUGLIO 2019 DIRETTORE MIRKO MEZZACASA"},"content":{"rendered":"<p><strong>Un altro temporale e la 641 del Fedaia va in tilt,<\/strong> problemi maggiori a Misurina con la chiusura della Sp49, maltempo atteso anche per il fine settimana intanto Cibiana causa una frana rischia l&#8217;isolamento. <strong>Vento e tempesta anche tra i sindaci agordini<\/strong>, le nomine per il Consorzio Bim fanno storcere il naso da destra a sinistra, soprattutto a destra. La riunione di ieri \u00e8 stata rinviata per un errore nella convocazione. <strong>Acqua sugli eventi agordini,<\/strong> ma gli organizzatori non disperano il pubblico non manca e l&#8217;interesse nemmeno. OGGI SECONDA GIORNATA CON Adventure Outdoor Fest E 9\u00b0 Kalat Nissa Film Festival &#8211; Festival del Cortometraggio, PER ESSERE INFORMATO SUI PROGRAMMI SEGUI I NOTIZIARI DI RADIOPIU: 805, 9.30. 12.30, 14.30, 1630. 1830 E MEZZANOTTE.\u00a0 <strong>A Livinallongo<\/strong> \u00e8 stato bocciato il ricorso contro la seconda centralina di Andraz ma Lucia Ruffato di Acqua Bene Comune non dispera perch\u00e9 l&#8217;impianto di contributi non ne ricever\u00e0 perch\u00e8 non rispetterebbe i parametri imposti dalle leggi europee, ne da oggi\u00a0 notizia il Corriere delle Alpi con Lorenzo Soratroi.\u00a0 <strong>La Pinarello regala quattro biciclette agli agenti di Polizia<\/strong> che vigilano il territorio a Cortina, controlleranno i cicloturisti indisciplinati e le strade per i rifugi. <strong>Presentato a Roma il Giro delle Mura<\/strong>, presentata &#8220;Mura solidali&#8221; il progetto che mander\u00e0 un atleta bellunese alle ParaOlimpiadi di Tokyo.<\/p>\n<p>&nbsp;<\/p>\n<blockquote><p><strong>A seguito di caduta sassi viene chiuso al traffico il seguente tratto stradale: &#8211; S.P. 49 \u201cdi Misurina\u201d dalla progressiva km 5+300 (localit\u00e0 Malga Popena) al km 7+800 (localit\u00e0<\/strong><strong>Carbonin); Si conferma inoltre la chiusura al traffico del seguente tratto stradale:<\/strong><strong>&#8211; S.P. 5 dir \u201cdi Lamosano\u201d &#8211; Bongaio Fail &#8211; dalla progressiva km 0+070 (localit\u00e0 Bongaio) alla progressiva 0+450 (fine abitato di Schiucaz).<\/strong><\/p><\/blockquote>\n<p>&nbsp;<\/p>\n<p>&nbsp;<\/p>\n<div>\n<p><strong>NUOVO SENSO UNICO A SALESEI<\/strong> <strong>ED ARABBA<\/strong>Lungo la 48 delle DolomitI fino al 9 agosto alle 7 alle 18 senso unico alternato esclusi i giorni festivi e prefestivi per la messa in sicurezza dei versanti. Ad Arabba FINO al 9 agosto (escluso sabato e domenica)<\/p>\n<p><strong>Regionale 203 agordina, <\/strong>localit\u00e0 LE CAMPE senso unico alternato per il ripristino della rete fognaria. Fino 2 agosto dalle 7.30 alle 8.30 e dalle 16.30 alle 18 con moviere;\u00a0 dalle 7 alle 7.30, dalle 8.30 alle 16.30 dalle 18 alle 19 con semaforo.<\/p>\n<\/div>\n<p>&nbsp;<\/p>\n<blockquote><p><em>Gestione Servizi Pubblici informa che a Vodo di Cadore nelle localit\u00e0 Vinigo e Peaio l&#8217;acqua erogata dall&#8217;acquedotto non \u00e8 potabile e pu\u00f2 essere usata per scopi alimentari solo previa bollitura. E\u2019 di nuovo potabile, invece, a Lamen, Pren e Cardenzan in comune di Feltre. Acqua sempre inquinata a Colcuc di Colle Santa Lucia.<\/em><\/p><\/blockquote>\n<p>&nbsp;<\/p>\n<p>&nbsp;<\/p>\n<h3>METEO. TEMPORALI PREVISTI NEL FINE SETTIMANA, INIZIANDO SUI RILIEVI GIA\u2019 NEL POMERIGGIO DI OGGI<\/h3>\n<p>Il centro funzionale decentrato della Protezione Civile del Veneto ha emesso un avviso di criticit\u00e0 idrogeologica valido fino alle 14\u00a0 di domani. Nel pomeriggio, si configura sui rilievi del Veneto una probabilit\u00e0 medio-alta di rovesci e temporali diffusi. Probabilit\u00e0 che sar\u00e0, invece medio-bassa sulla pianura. Nei prossimi giorni, comunque, resta crescente il rischio di temporali, anche con forti rovesci e grandinate, che soprattutto nei giorni del fine settimana potranno colpire tutta la regione.\u00a0 Per il comune di Borca di Cadore (Belluno) \u00e8 confermato il livello di \u201cattenzione rinforzata\u201d a causa del fenomeno franoso presente nel territorio.<\/p>\n<p>&nbsp;<\/p>\n<p>&nbsp;<\/p>\n<p>&nbsp;<\/p>\n<blockquote>\n<h3>IERI POMERIGGIO A ROCCA PIETORE, CAPANNA BILL LUNGO LA REGIONALE 641 DI PASSO FEDAIA (SINISTRA) E MISURINA LUNGO LA SP49 (FOTO VENETO STRADE)<\/h3>\n<\/blockquote>\n<p><a class=\"dt-pswp-item\" href=\"http:\/\/www.radiopiu.net\/wordpress\/wp-content\/uploads\/2019\/07\/WhatsApp-Image-2019-07-25-at-16.01.16-1.jpeg\" data-dt-img-description=\"\" data-large_image_width=\"1600\" data-large_image_height=\"1200\"><img loading=\"lazy\" decoding=\"async\" class=\"alignnone wp-image-93030\" src=\"http:\/\/www.radiopiu.net\/wordpress\/wp-content\/uploads\/2019\/07\/WhatsApp-Image-2019-07-25-at-16.01.16-1-1024x768.jpeg\" alt=\"\" width=\"387\" height=\"290\" srcset=\"https:\/\/www.radiopiu.net\/wordpress\/wp-content\/uploads\/2019\/07\/WhatsApp-Image-2019-07-25-at-16.01.16-1-1024x768.jpeg 1024w, https:\/\/www.radiopiu.net\/wordpress\/wp-content\/uploads\/2019\/07\/WhatsApp-Image-2019-07-25-at-16.01.16-1-300x225.jpeg 300w, https:\/\/www.radiopiu.net\/wordpress\/wp-content\/uploads\/2019\/07\/WhatsApp-Image-2019-07-25-at-16.01.16-1-768x576.jpeg 768w, https:\/\/www.radiopiu.net\/wordpress\/wp-content\/uploads\/2019\/07\/WhatsApp-Image-2019-07-25-at-16.01.16-1.jpeg 1600w\" sizes=\"auto, (max-width: 387px) 100vw, 387px\" \/><\/a><a class=\"dt-pswp-item\" href=\"http:\/\/www.radiopiu.net\/wordpress\/wp-content\/uploads\/2019\/07\/67173465_2374534999281913_7290426270192500736_n.jpg\" data-dt-img-description=\"\" data-large_image_width=\"466\" data-large_image_height=\"960\"><img loading=\"lazy\" decoding=\"async\" class=\"alignnone wp-image-93038\" src=\"http:\/\/www.radiopiu.net\/wordpress\/wp-content\/uploads\/2019\/07\/67173465_2374534999281913_7290426270192500736_n.jpg\" alt=\"\" width=\"143\" height=\"294\" srcset=\"https:\/\/www.radiopiu.net\/wordpress\/wp-content\/uploads\/2019\/07\/67173465_2374534999281913_7290426270192500736_n.jpg 466w, https:\/\/www.radiopiu.net\/wordpress\/wp-content\/uploads\/2019\/07\/67173465_2374534999281913_7290426270192500736_n-146x300.jpg 146w\" sizes=\"auto, (max-width: 143px) 100vw, 143px\" \/><\/a><\/p>\n<h2>IL RITORNO ALLA NORMALITA&#8217;<\/h2>\n<p><a class=\"dt-pswp-item\" href=\"http:\/\/www.radiopiu.net\/wordpress\/wp-content\/uploads\/2019\/07\/WhatsApp-Image-2019-07-25-at-17.33.55.jpeg\" data-dt-img-description=\"\" data-large_image_width=\"1599\" data-large_image_height=\"1200\"><img loading=\"lazy\" decoding=\"async\" class=\"alignnone wp-image-93044\" src=\"http:\/\/www.radiopiu.net\/wordpress\/wp-content\/uploads\/2019\/07\/WhatsApp-Image-2019-07-25-at-17.33.55-1024x768.jpeg\" alt=\"\" width=\"302\" height=\"226\" srcset=\"https:\/\/www.radiopiu.net\/wordpress\/wp-content\/uploads\/2019\/07\/WhatsApp-Image-2019-07-25-at-17.33.55-1024x768.jpeg 1024w, https:\/\/www.radiopiu.net\/wordpress\/wp-content\/uploads\/2019\/07\/WhatsApp-Image-2019-07-25-at-17.33.55-300x225.jpeg 300w, https:\/\/www.radiopiu.net\/wordpress\/wp-content\/uploads\/2019\/07\/WhatsApp-Image-2019-07-25-at-17.33.55-768x576.jpeg 768w, https:\/\/www.radiopiu.net\/wordpress\/wp-content\/uploads\/2019\/07\/WhatsApp-Image-2019-07-25-at-17.33.55.jpeg 1599w\" sizes=\"auto, (max-width: 302px) 100vw, 302px\" \/><\/a><a class=\"dt-pswp-item\" href=\"http:\/\/www.radiopiu.net\/wordpress\/wp-content\/uploads\/2019\/07\/778d60ea-0154-40c7-8e97-c2ac20cd9f3d.jpg\" data-dt-img-description=\"\" data-large_image_width=\"900\" data-large_image_height=\"1600\"><img loading=\"lazy\" decoding=\"async\" class=\"alignnone wp-image-93055\" src=\"http:\/\/www.radiopiu.net\/wordpress\/wp-content\/uploads\/2019\/07\/778d60ea-0154-40c7-8e97-c2ac20cd9f3d-576x1024.jpg\" alt=\"\" width=\"129\" height=\"229\" srcset=\"https:\/\/www.radiopiu.net\/wordpress\/wp-content\/uploads\/2019\/07\/778d60ea-0154-40c7-8e97-c2ac20cd9f3d-576x1024.jpg 576w, https:\/\/www.radiopiu.net\/wordpress\/wp-content\/uploads\/2019\/07\/778d60ea-0154-40c7-8e97-c2ac20cd9f3d-169x300.jpg 169w, https:\/\/www.radiopiu.net\/wordpress\/wp-content\/uploads\/2019\/07\/778d60ea-0154-40c7-8e97-c2ac20cd9f3d-768x1365.jpg 768w, https:\/\/www.radiopiu.net\/wordpress\/wp-content\/uploads\/2019\/07\/778d60ea-0154-40c7-8e97-c2ac20cd9f3d.jpg 900w\" sizes=\"auto, (max-width: 129px) 100vw, 129px\" \/><\/a><\/p>\n<p>&nbsp;<\/p>\n<p>&nbsp;<\/p>\n<p>&nbsp;<\/p>\n<h3>OPERAI BLOCCATI DA UNA FRANA, INTERVIENE IL SOCCORSO ALPINO<\/h3>\n<p><strong>VODO DI CADORE <\/strong>Ieri sera attorno alle 20 il Soccorso alpino del Centro Cadore \u00e8 intervenuto in Val Frison, a Vodo di Cadore, dove due operai, che stavano facendo dei lavori sulle centraline elettriche, erano rimasti bloccati con l&#8217;auto da una frana. Andata loro incontro, una squadra li ha poi riaccompagnati a valle. L&#8217;elicottero del Suem di Pieve di Cadore \u00e8 invece intervenuto in localit\u00e0 Costapiana, Valle di Cadore, per un uomo, allergico, punto da una vespa. Dopo averlo individuato, l&#8217;equipaggio lo ha recuperato con un verricello e trasportato all&#8217;ospedale di Pieve di Cadore.<\/p>\n<p>&nbsp;<\/p>\n<p>&nbsp;<\/p>\n<p>&nbsp;<\/p>\n<h3>ECCOLI I NOSTRI AGENTI PRONTI PER IL SERVIZIO LUNGO CICLABILI E RIFUGI! SICUREZZA IN PIU&#8217; BUON LAVORO <a class=\"profileLink\" style=\"font-size: 14px; font-weight: normal;\" href=\"https:\/\/www.facebook.com\/questuradibelluno\/?__tn__=K-R&amp;eid=ARARdbB2BqmlRExLo6NzmOwQ3d05PSYImQE1v9eIqGMNILhDJL55gJx6cB_WZPPdOf-lx7N19Sp5WNzZ&amp;fref=mentions&amp;__xts__%5B0%5D=68.ARD7owS2hNdOewOBoTIhaZtE90Yr0dWbu72vZOthkX16LRrtnMC-9SFCiVHh0urPMDoonH30h9xB_hyBab7_OqFQpuDKuH56MG5kpFvNCwK2ANlGm8Mz9oHdW2NEpse8VPHFMEBCDTeyj_rtNNqJ97dPKs61iGN1mhtw9KAVpjPdVVGAz1ksGYHH1LD2RdiSCzG-CxFU_feoRbxA\" data-hovercard=\"\/ajax\/hovercard\/page.php?id=1437545709872806&amp;extragetparams=%7B%22__tn__%22%3A%22%2CdK-R-R%22%2C%22eid%22%3A%22ARARdbB2BqmlRExLo6NzmOwQ3d05PSYImQE1v9eIqGMNILhDJL55gJx6cB_WZPPdOf-lx7N19Sp5WNzZ%22%2C%22fref%22%3A%22mentions%22%7D\" data-hovercard-prefer-more-content-show=\"1\">Questura di Belluno<\/a><\/h3>\n<p><a class=\"dt-pswp-item\" href=\"http:\/\/www.radiopiu.net\/wordpress\/wp-content\/uploads\/2019\/07\/7d289af0-662f-41c9-80c1-387358bad9e8.jpg\" data-dt-img-description=\"\" data-large_image_width=\"1600\" data-large_image_height=\"1200\"><img loading=\"lazy\" decoding=\"async\" class=\"alignnone wp-image-93001 \" src=\"http:\/\/www.radiopiu.net\/wordpress\/wp-content\/uploads\/2019\/07\/7d289af0-662f-41c9-80c1-387358bad9e8-300x225.jpg\" alt=\"\" width=\"256\" height=\"192\" srcset=\"https:\/\/www.radiopiu.net\/wordpress\/wp-content\/uploads\/2019\/07\/7d289af0-662f-41c9-80c1-387358bad9e8-300x225.jpg 300w, https:\/\/www.radiopiu.net\/wordpress\/wp-content\/uploads\/2019\/07\/7d289af0-662f-41c9-80c1-387358bad9e8-768x576.jpg 768w, https:\/\/www.radiopiu.net\/wordpress\/wp-content\/uploads\/2019\/07\/7d289af0-662f-41c9-80c1-387358bad9e8-1024x768.jpg 1024w, https:\/\/www.radiopiu.net\/wordpress\/wp-content\/uploads\/2019\/07\/7d289af0-662f-41c9-80c1-387358bad9e8.jpg 1600w\" sizes=\"auto, (max-width: 256px) 100vw, 256px\" \/><\/a><a class=\"dt-pswp-item\" href=\"http:\/\/www.radiopiu.net\/wordpress\/wp-content\/uploads\/2019\/07\/3979c710-695a-4e07-a3ef-1ab2a21bc0ff.jpg\" data-dt-img-description=\"\" data-large_image_width=\"1600\" data-large_image_height=\"1200\"><img loading=\"lazy\" decoding=\"async\" class=\"alignnone wp-image-93002 \" src=\"http:\/\/www.radiopiu.net\/wordpress\/wp-content\/uploads\/2019\/07\/3979c710-695a-4e07-a3ef-1ab2a21bc0ff-300x225.jpg\" alt=\"\" width=\"258\" height=\"193\" srcset=\"https:\/\/www.radiopiu.net\/wordpress\/wp-content\/uploads\/2019\/07\/3979c710-695a-4e07-a3ef-1ab2a21bc0ff-300x225.jpg 300w, https:\/\/www.radiopiu.net\/wordpress\/wp-content\/uploads\/2019\/07\/3979c710-695a-4e07-a3ef-1ab2a21bc0ff-768x576.jpg 768w, https:\/\/www.radiopiu.net\/wordpress\/wp-content\/uploads\/2019\/07\/3979c710-695a-4e07-a3ef-1ab2a21bc0ff-1024x768.jpg 1024w, https:\/\/www.radiopiu.net\/wordpress\/wp-content\/uploads\/2019\/07\/3979c710-695a-4e07-a3ef-1ab2a21bc0ff.jpg 1600w\" sizes=\"auto, (max-width: 258px) 100vw, 258px\" \/><\/a><\/p>\n<p>&nbsp;<\/p>\n<p>&nbsp;<\/p>\n<p>&nbsp;<\/p>\n<p>&nbsp;<\/p>\n<h2>I COMMENTI AL GIORNALE RADIOPIU&#8217; DI IERI<\/h2>\n<blockquote><p><strong>TAIBON<\/strong> Arrivano spesso commenti al notiziario, oggi abbiamo scelto tre importanti pensieri che sono stati inviati relativamente ad altrettanti servizi pubblicati sul sito e nei radiogiornali quotidiani.<\/p><\/blockquote>\n<ol>\n<li><strong>ROBERTA:\u00a0<\/strong><em> &#8220;Sono sempre dell&#8217;idea che recuperare strutture per la collettivit\u00e0 sia ottima idea. Ma la collettivit\u00e0 poi se ne interessa? After Hour e Valle di San Lucano, sito di Valle Imperina, Museo etnografico di Taibon, Palestra Luxottica e potrei continuare allargando un po&#8217; in condini.\u00a0 Adesso si parla dell&#8217;Ostello all&#8217;ex Minerario. Vogliamo aggiungere anche lo stadio ghiaccio di Agordo?\u00a0 Un&#8217;altra struttura da recuperare per la collettivit\u00e0. Prima bisogna capire se la collettivit\u00e0 agordina \u00e8 interessata all&#8217;operazione o preferisce finire a lavorare in fabbrica&#8221;.<\/em> IL COMMENTO A MARGINE DEL SERVIZIO DI GIANNI SANTOMASO<\/li>\n<\/ol>\n<audio class=\"wp-audio-shortcode\" id=\"audio-92978-1\" preload=\"none\" style=\"width: 100%;\" controls=\"controls\"><source type=\"audio\/mpeg\" src=\"http:\/\/www.radiopiu.net\/wordpress\/wp-content\/uploads\/2019\/07\/GIANNI-OSTELLO.mp3?_=1\" \/><a href=\"http:\/\/www.radiopiu.net\/wordpress\/wp-content\/uploads\/2019\/07\/GIANNI-OSTELLO.mp3\">http:\/\/www.radiopiu.net\/wordpress\/wp-content\/uploads\/2019\/07\/GIANNI-OSTELLO.mp3<\/a><\/audio>\n<p>&nbsp;<\/p>\n<p><strong>2. FIRMATO<\/strong> <em>&#8220;La questione di base \u00e8 che non ci si pu\u00f2 limitare a mandare un email al Demanio e poi girarsi dall&#8217;altra parte sperando che a Roma al Ministero qualcuno faccia qualcosa. Per poi dire &#8220;Noi ci abbiamo provato ma&#8230;.&#8221; ed avere la coscienza pulita.<\/em><br \/>\n<em>Bisogna muoversi a livello istituzionale, questo certo comporta perdere tempo e prendere dei nervosi ma cosi funziona&#8221;.<\/em> IL COMMENTO A MARGINE DEI SERVIZI SUL POLIGONO DI TIRO<\/p>\n<audio class=\"wp-audio-shortcode\" id=\"audio-92978-2\" preload=\"none\" style=\"width: 100%;\" controls=\"controls\"><source type=\"audio\/mpeg\" src=\"http:\/\/www.radiopiu.net\/wordpress\/wp-content\/uploads\/2019\/07\/GIANNI-AGORDO-POLIGONO-1.mp3?_=2\" \/><a href=\"http:\/\/www.radiopiu.net\/wordpress\/wp-content\/uploads\/2019\/07\/GIANNI-AGORDO-POLIGONO-1.mp3\">http:\/\/www.radiopiu.net\/wordpress\/wp-content\/uploads\/2019\/07\/GIANNI-AGORDO-POLIGONO-1.mp3<\/a><\/audio>\n<p>&nbsp;<\/p>\n<p><strong>3. NICOLA DA FELTRE<\/strong><em> &#8220;<span dir=\"ltr\"><span class=\"_3l3x _1n4g\">Ieri mattina mi trovavo a bere un caff\u00e8 in un bar, accanto a me c&#8217;erano due escursionisti che parlavano di dove\u00a0 andare in montagna per fare qualche ferrata, erano ben attrezzati, ma non ho potuto fare a meno di ascoltare i loro discorsi. Alla fine di tutto uno di loro chiede al suo amico:\u00a0 ma se ci troviamo in difficolt\u00e0 per la stanchezza o per l&#8217;inesperienza, cosa facciamo? L&#8217;altro con tono sicuro, gli risponde: non ti preoccupare se non ce la facciamo chiamiamo il soccorso alpino che ci venga a soccorrere. A questo punto indignato mi sono girato e gentilmente gli ho rivolto una domanda:\u00a0 ma non starete mica dicendo davvero? Risposta: certo se sono in difficolt\u00e0 perch\u00e9 non riesco pi\u00f9 ad andare avanti o tornare indietro, perch\u00e9 troppo stanco o altro&#8230;Secondo lei a che cosa serve il soccorso Alpino? A questa risposta ho aggiunto la mia senza remore.\u00a0 Siete voi che rovinate e mettete a rischio la vita dei soccorritori e la vostra. Io vi farei pagare intervento in toto per non dire altro. Mi sono alzato e me ne sono andato&#8221;. <\/span><\/span><\/em><span dir=\"ltr\"><span class=\"_3l3x _1n4g\">COMMENTO A MARGINE DEL SERVIZIO SULL&#8217;INVITO ALLA PRUDENZA DEL SOCCORSO ALPINO<\/span><\/span><\/p>\n<div>\n<audio class=\"wp-audio-shortcode\" id=\"audio-92978-3\" preload=\"none\" style=\"width: 100%;\" controls=\"controls\"><source type=\"audio\/mpeg\" src=\"http:\/\/www.radiopiu.net\/wordpress\/wp-content\/uploads\/2019\/07\/CLAUDIA-CAI-PREVENZIONE.mp3?_=3\" \/><a href=\"http:\/\/www.radiopiu.net\/wordpress\/wp-content\/uploads\/2019\/07\/CLAUDIA-CAI-PREVENZIONE.mp3\">http:\/\/www.radiopiu.net\/wordpress\/wp-content\/uploads\/2019\/07\/CLAUDIA-CAI-PREVENZIONE.mp3<\/a><\/audio>\n<\/div>\n<h3><\/h3>\n<p>&nbsp;<\/p>\n<h3>INFORTUNIO SUL SENTIERO DOLOMIEU<\/h3>\n<p><strong>CORTINA<\/strong> Ieri attorno alle 13 l&#8217;elicottero del Suem di Pieve di Cadore \u00e8 intervenuto lungo il Sentiero Dolomieu, nel punto che costeggia il Faloria, dove un&#8217;escursionista australiana, che stava scendendo, si era procurata un sospetto trauma alla caviglia. Sbarcati equipe medica e tecnico del Soccorso alpino, alla donna sono state prestate le prime cure. Recuperata con un verricello di 25 metri, l&#8217;infortunata \u00e8 stata trasportata all&#8217;ospedale di Belluno.<\/p>\n<p>&nbsp;<\/p>\n<p>&nbsp;<\/p>\n<p>&nbsp;<\/p>\n<h3><\/h3>\n<h3>&#8220;SIAMO AL LAVORO, MA PER SISTEMARE IL TERRITORIO CI VORRANNO ANNI&#8221; IL SINDACO DI ROCCA PIETORE \u00e8 FIDUCIOSO SUL PROSEGUO DEI CANTIERI.<\/h3>\n<div><strong>ROCCA PIETORE<\/strong>\u00a0 &#8220;Il territorio comunale \u00e8 un cantiere&#8221; dice il sindaco Andrea De Bernardin, un lavoro anche e soprattutto vicino alle strade di passaggio per rendere pi\u00f9 gradevole il paesaggio all&#8217;occhio del turista. &#8220;Un lavoro che probabilmente non \u00e8 stato preso in considerazione a sufficienza&#8221;. Semafori, strettoie, escavatori che operano, questo \u00e8 il quadro che delinea il primo cittadino, confermati dagli scatti fotografici.<\/div>\n<div><strong>IL SINDACO DI ROCCA PIETORE ANDREA DE BERNARDIN\u00a0<\/strong><\/div>\n<div>\n<audio class=\"wp-audio-shortcode\" id=\"audio-92978-4\" preload=\"none\" style=\"width: 100%;\" controls=\"controls\"><source type=\"audio\/mpeg\" src=\"http:\/\/www.radiopiu.net\/wordpress\/wp-content\/uploads\/2019\/07\/ANDREA-5.mp3?_=4\" \/><a href=\"http:\/\/www.radiopiu.net\/wordpress\/wp-content\/uploads\/2019\/07\/ANDREA-5.mp3\">http:\/\/www.radiopiu.net\/wordpress\/wp-content\/uploads\/2019\/07\/ANDREA-5.mp3<\/a><\/audio>\n<p>&nbsp;<\/p>\n<\/div>\n<div><\/div>\n<div><a class=\"dt-pswp-item\" href=\"http:\/\/www.radiopiu.net\/wordpress\/wp-content\/uploads\/2019\/07\/WhatsApp-Image-2019-07-25-at-10.23.37-2.jpeg\" data-dt-img-description=\"\" data-large_image_width=\"1599\" data-large_image_height=\"899\"><img loading=\"lazy\" decoding=\"async\" class=\"alignnone size-thumbnail wp-image-93005\" src=\"http:\/\/www.radiopiu.net\/wordpress\/wp-content\/uploads\/2019\/07\/WhatsApp-Image-2019-07-25-at-10.23.37-2-150x150.jpeg\" alt=\"\" width=\"150\" height=\"150\" \/><\/a><a class=\"dt-pswp-item\" href=\"http:\/\/www.radiopiu.net\/wordpress\/wp-content\/uploads\/2019\/07\/WhatsApp-Image-2019-07-25-at-10.23.37.jpeg\" data-dt-img-description=\"\" data-large_image_width=\"1599\" data-large_image_height=\"899\"><img loading=\"lazy\" decoding=\"async\" class=\"alignnone size-thumbnail wp-image-93006\" src=\"http:\/\/www.radiopiu.net\/wordpress\/wp-content\/uploads\/2019\/07\/WhatsApp-Image-2019-07-25-at-10.23.37-150x150.jpeg\" alt=\"\" width=\"150\" height=\"150\" \/><\/a><a class=\"dt-pswp-item\" href=\"http:\/\/www.radiopiu.net\/wordpress\/wp-content\/uploads\/2019\/07\/WhatsApp-Image-2019-07-25-at-10.23.38.jpeg\" data-dt-img-description=\"\" data-large_image_width=\"1599\" data-large_image_height=\"899\"><img loading=\"lazy\" decoding=\"async\" class=\"alignnone size-thumbnail wp-image-93007\" src=\"http:\/\/www.radiopiu.net\/wordpress\/wp-content\/uploads\/2019\/07\/WhatsApp-Image-2019-07-25-at-10.23.38-150x150.jpeg\" alt=\"\" width=\"150\" height=\"150\" \/><\/a><a class=\"dt-pswp-item\" href=\"http:\/\/www.radiopiu.net\/wordpress\/wp-content\/uploads\/2019\/07\/WhatsApp-Image-2019-07-25-at-10.23.35.jpeg\" data-dt-img-description=\"\" data-large_image_width=\"1599\" data-large_image_height=\"899\"><img loading=\"lazy\" decoding=\"async\" class=\"alignnone size-thumbnail wp-image-93008\" src=\"http:\/\/www.radiopiu.net\/wordpress\/wp-content\/uploads\/2019\/07\/WhatsApp-Image-2019-07-25-at-10.23.35-150x150.jpeg\" alt=\"\" width=\"150\" height=\"150\" \/><\/a><a class=\"dt-pswp-item\" href=\"http:\/\/www.radiopiu.net\/wordpress\/wp-content\/uploads\/2019\/07\/WhatsApp-Image-2019-07-25-at-10.23.36-1.jpeg\" data-dt-img-description=\"\" data-large_image_width=\"1599\" data-large_image_height=\"899\"><img loading=\"lazy\" decoding=\"async\" class=\"alignnone size-thumbnail wp-image-93009\" src=\"http:\/\/www.radiopiu.net\/wordpress\/wp-content\/uploads\/2019\/07\/WhatsApp-Image-2019-07-25-at-10.23.36-1-150x150.jpeg\" alt=\"\" width=\"150\" height=\"150\" \/><\/a><a class=\"dt-pswp-item\" href=\"http:\/\/www.radiopiu.net\/wordpress\/wp-content\/uploads\/2019\/07\/WhatsApp-Image-2019-07-25-at-10.23.36.jpeg\" data-dt-img-description=\"\" data-large_image_width=\"1599\" data-large_image_height=\"899\"><img loading=\"lazy\" decoding=\"async\" class=\"alignnone size-thumbnail wp-image-93010\" src=\"http:\/\/www.radiopiu.net\/wordpress\/wp-content\/uploads\/2019\/07\/WhatsApp-Image-2019-07-25-at-10.23.36-150x150.jpeg\" alt=\"\" width=\"150\" height=\"150\" \/><\/a><\/div>\n<h1><\/h1>\n<p>&nbsp;<\/p>\n<h2>NOMINE PER IL CONSORZIO BIM, ENNESIMA SPACCATURA TRA I SINDACI AGORDINI<\/h2>\n<p><strong><a class=\"dt-pswp-item\" href=\"http:\/\/www.radiopiu.net\/wordpress\/wp-content\/uploads\/2018\/08\/FLAVIO-COLCE.jpg\" data-dt-img-description=\"\" data-large_image_width=\"575\" data-large_image_height=\"1024\"><img loading=\"lazy\" decoding=\"async\" class=\"wp-image-56267 alignleft\" src=\"http:\/\/www.radiopiu.net\/wordpress\/wp-content\/uploads\/2018\/08\/FLAVIO-COLCE-575x1024.jpg\" alt=\"\" width=\"131\" height=\"233\" srcset=\"https:\/\/www.radiopiu.net\/wordpress\/wp-content\/uploads\/2018\/08\/FLAVIO-COLCE.jpg 575w, https:\/\/www.radiopiu.net\/wordpress\/wp-content\/uploads\/2018\/08\/FLAVIO-COLCE-168x300.jpg 168w\" sizes=\"auto, (max-width: 131px) 100vw, 131px\" \/><\/a><\/strong><\/p>\n<p><strong>AGORDO<\/strong> Flavio Colcergnan e Mario De Bon al Consorzio Bim Piave, ma per i sindaci di Canale d&#8217;Agordo e Sospirolo ieri non c&#8217;\u00e8 stata nessuna nomina, tutto \u00e8 saltato per un vizio di forma nella convocazione. I rappresentanti si sono trovati ad Agordo per poi tornare a casa. La prossima settimana il nuovo incontro ma tra i primi cittadini di destra e sinistra non corre buon sangue da tempo (vedi pronto soccorso e fondi di confine) e le nomine sono motivo per rimarcare il problema. La &#8220;poltrona&#8221; al Consorzio Bim vale, se non altro per la somma di contributi da spartire<\/p>\n<audio class=\"wp-audio-shortcode\" id=\"audio-92978-5\" preload=\"none\" style=\"width: 100%;\" controls=\"controls\"><source type=\"audio\/mpeg\" src=\"http:\/\/www.radiopiu.net\/wordpress\/wp-content\/uploads\/2019\/07\/GIANNI-FUMATA-NERA.mp3?_=5\" \/><a href=\"http:\/\/www.radiopiu.net\/wordpress\/wp-content\/uploads\/2019\/07\/GIANNI-FUMATA-NERA.mp3\">http:\/\/www.radiopiu.net\/wordpress\/wp-content\/uploads\/2019\/07\/GIANNI-FUMATA-NERA.mp3<\/a><\/audio>\n<p>&nbsp;<\/p>\n<p>&nbsp;<\/p>\n<p>&nbsp;<\/p>\n<h2>A LIMANA NUOVO SPAZIO PUBBLICO, UNA PIAZZETTA NEL RICORDO DEI MINATORI<\/h2>\n<p><a class=\"dt-pswp-item\" href=\"http:\/\/www.radiopiu.net\/wordpress\/wp-content\/uploads\/2019\/07\/download-21.jpg\" data-dt-img-description=\"\" data-large_image_width=\"259\" data-large_image_height=\"194\"><img loading=\"lazy\" decoding=\"async\" class=\"alignnone size-full wp-image-93067\" src=\"http:\/\/www.radiopiu.net\/wordpress\/wp-content\/uploads\/2019\/07\/download-21.jpg\" alt=\"\" width=\"259\" height=\"194\" \/><\/a><strong>DI DAMIANO TORMEN\u00a0<\/strong><\/p>\n<audio class=\"wp-audio-shortcode\" id=\"audio-92978-6\" preload=\"none\" style=\"width: 100%;\" controls=\"controls\"><source type=\"audio\/mpeg\" src=\"http:\/\/www.radiopiu.net\/wordpress\/wp-content\/uploads\/2019\/07\/DAMIANO-MARCINELLE.mp3?_=6\" \/><a href=\"http:\/\/www.radiopiu.net\/wordpress\/wp-content\/uploads\/2019\/07\/DAMIANO-MARCINELLE.mp3\">http:\/\/www.radiopiu.net\/wordpress\/wp-content\/uploads\/2019\/07\/DAMIANO-MARCINELLE.mp3<\/a><\/audio>\n<p>&nbsp;<\/p>\n<p>&nbsp;<\/p>\n<p>&nbsp;<\/p>\n<p>&nbsp;<\/p>\n<p>&nbsp;<\/p>\n<h2>PREMIO PELMO D&#8217;ORO, DOMANI LA CONSEGNA<\/h2>\n<p><a class=\"dt-pswp-item\" href=\"http:\/\/www.radiopiu.net\/wordpress\/wp-content\/uploads\/2018\/07\/pelmo-4.jpg\" data-dt-img-description=\"\" data-large_image_width=\"854\" data-large_image_height=\"1139\"><img loading=\"lazy\" decoding=\"async\" class=\"wp-image-55773 alignleft\" src=\"http:\/\/www.radiopiu.net\/wordpress\/wp-content\/uploads\/2018\/07\/pelmo-4-768x1024.jpg\" alt=\"\" width=\"95\" height=\"126\" srcset=\"https:\/\/www.radiopiu.net\/wordpress\/wp-content\/uploads\/2018\/07\/pelmo-4-768x1024.jpg 768w, https:\/\/www.radiopiu.net\/wordpress\/wp-content\/uploads\/2018\/07\/pelmo-4-225x300.jpg 225w, https:\/\/www.radiopiu.net\/wordpress\/wp-content\/uploads\/2018\/07\/pelmo-4.jpg 854w\" sizes=\"auto, (max-width: 95px) 100vw, 95px\" \/><\/a><\/p>\n<p>&nbsp;<\/p>\n<p><strong>22ESIMA EDIZIONE PER L&#8217;INIZIATIVA DELLA PROVINCIA, DA ROCCA PIETORE (2018) ALL&#8217;ALPAGO.<\/strong><\/p>\n<p>&nbsp;<\/p>\n<p><strong>DI DAMIANO TORMEN<\/strong><\/p>\n<audio class=\"wp-audio-shortcode\" id=\"audio-92978-7\" preload=\"none\" style=\"width: 100%;\" controls=\"controls\"><source type=\"audio\/mpeg\" src=\"http:\/\/www.radiopiu.net\/wordpress\/wp-content\/uploads\/2019\/07\/DAMIANO-PELMO.mp3?_=7\" \/><a href=\"http:\/\/www.radiopiu.net\/wordpress\/wp-content\/uploads\/2019\/07\/DAMIANO-PELMO.mp3\">http:\/\/www.radiopiu.net\/wordpress\/wp-content\/uploads\/2019\/07\/DAMIANO-PELMO.mp3<\/a><\/audio>\n<p>IL PRESIDENTE DELLA PROVINCIA ROBERTO PADRIN<\/p>\n<audio class=\"wp-audio-shortcode\" id=\"audio-92978-8\" preload=\"none\" style=\"width: 100%;\" controls=\"controls\"><source type=\"audio\/mpeg\" src=\"http:\/\/www.radiopiu.net\/wordpress\/wp-content\/uploads\/2019\/07\/PADRIN-1.mp3?_=8\" \/><a href=\"http:\/\/www.radiopiu.net\/wordpress\/wp-content\/uploads\/2019\/07\/PADRIN-1.mp3\">http:\/\/www.radiopiu.net\/wordpress\/wp-content\/uploads\/2019\/07\/PADRIN-1.mp3<\/a><\/audio>\n<p>&nbsp;<\/p>\n<p>&nbsp;<\/p>\n<p>&nbsp;<\/p>\n<p>&nbsp;<\/p>\n<p>&nbsp;<\/p>\n<div>\n<h3>130 milioni per la viabilit\u00e0 bellunese. D\u2019Inc\u00e0 (M5S): \u201cUn\u2019altra promessa mantenuta\u201d<\/h3>\n<p><strong><a class=\"dt-pswp-item\" href=\"http:\/\/www.radiopiu.net\/wordpress\/wp-content\/uploads\/2019\/03\/Di-Maio-e-DInca\u0300.jpg\" data-dt-img-description=\"\" data-large_image_width=\"1280\" data-large_image_height=\"960\"><img loading=\"lazy\" decoding=\"async\" class=\"wp-image-78034 alignleft\" src=\"http:\/\/www.radiopiu.net\/wordpress\/wp-content\/uploads\/2019\/03\/Di-Maio-e-DInca\u0300-1024x768.jpg\" alt=\"\" width=\"149\" height=\"112\" srcset=\"https:\/\/www.radiopiu.net\/wordpress\/wp-content\/uploads\/2019\/03\/Di-Maio-e-DInca\u0300-1024x768.jpg 1024w, https:\/\/www.radiopiu.net\/wordpress\/wp-content\/uploads\/2019\/03\/Di-Maio-e-DInca\u0300-300x225.jpg 300w, https:\/\/www.radiopiu.net\/wordpress\/wp-content\/uploads\/2019\/03\/Di-Maio-e-DInca\u0300-768x576.jpg 768w, https:\/\/www.radiopiu.net\/wordpress\/wp-content\/uploads\/2019\/03\/Di-Maio-e-DInca\u0300.jpg 1280w\" sizes=\"auto, (max-width: 149px) 100vw, 149px\" \/><\/a>ROMA\u00a0<\/strong> <em>\u201cDopo la tempesta Vaia dello scorso novembre, il ministro per le Infrastrutture Danilo Toninelli, in visita alle zone colpite, aveva promesso ai sindaci del Comelico e del bellunese la risoluzione delle problematiche lungo la SS 52 e la SS 51 bis. Oggi, finalmente, con la rimodulazione del contratto di programma di Anas, votato dal Cipe, queste risorse arriveranno nel bellunese\u201d. <\/em>Lo afferma Federico D\u2019Inc\u00e0, deputato del Movimento 5 Stelle, in riferimento agli ulteriori fondi destinati alla viabilit\u00e0 per il territorio bellunese.<\/p>\n<p><strong>AUDIO FEDERICO D&#8217;INCA&#8217;<\/strong><\/p>\n<\/div>\n<div>\n<audio class=\"wp-audio-shortcode\" id=\"audio-92978-9\" preload=\"none\" style=\"width: 100%;\" controls=\"controls\"><source type=\"audio\/mpeg\" src=\"http:\/\/www.radiopiu.net\/wordpress\/wp-content\/uploads\/2019\/07\/INCA-2.mp3?_=9\" \/><a href=\"http:\/\/www.radiopiu.net\/wordpress\/wp-content\/uploads\/2019\/07\/INCA-2.mp3\">http:\/\/www.radiopiu.net\/wordpress\/wp-content\/uploads\/2019\/07\/INCA-2.mp3<\/a><\/audio>\n<\/div>\n<div><\/div>\n<div><\/div>\n<div><\/div>\n<div>\n<h3>FINANZIAMENTI CIPE PER BELLUNO.\u00a0 QUASI 266 MILIONI DI EURO DI OPERE.<\/h3>\n<p><strong>VENEZIA\u00a0<\/strong> Sono quasi 266 milioni di opere quelli che il CIPE ha deciso di destinare ad interventi sulla provincia di Belluno. Ben 130 sono riservati al potenziamento delle infrastrutture, inclusa la realizzazione della nuova stazione di Calalzo, che diventer\u00e0 importante centro intermodale. Tra gli altri, da segnalare i 100 milioni per la viabilit\u00e0 di Cortina e i 35 milioni di euro per l\u2019adeguamento antisismico dell\u2019ospedale di Belluno. <em>\u201cAbbiamo portato a casa un risultato decisamente importante per tutto il territorio della provincia \u2013 spiega Gianpaolo Bottacin, assessore regionale con delega alla specificit\u00e0 bellunese \u2013 il primo ringraziamento va al Presidente Zaia perch\u00e9 le Olimpiadi sono un risultato clamoroso per la nostra montagna, territorio su cui, all&#8217;inizio, era l&#8217;unico a credere. E le Olimpiadi faranno da traino al resto&#8221;.\u00a0<\/em><\/p>\n<\/div>\n<p>&nbsp;<\/p>\n<p>&nbsp;<\/p>\n<p>&nbsp;<\/p>\n<h3>Stazione di Calalzo di Cadore. De Carlo: \u201cInvestimenti importanti dal Cipe. Non siano un punto di arrivo, ma di partenza\u201d<\/h3>\n<p><strong><a class=\"dt-pswp-item\" href=\"http:\/\/www.radiopiu.net\/wordpress\/wp-content\/uploads\/2019\/05\/De-Carlo-Visita-carcere-Baldenich.jpg\" data-dt-img-description=\"\" data-large_image_width=\"4032\" data-large_image_height=\"3024\"><img loading=\"lazy\" decoding=\"async\" class=\"wp-image-85082 alignleft\" src=\"http:\/\/www.radiopiu.net\/wordpress\/wp-content\/uploads\/2019\/05\/De-Carlo-Visita-carcere-Baldenich-1024x768.jpg\" alt=\"\" width=\"183\" height=\"137\" srcset=\"https:\/\/www.radiopiu.net\/wordpress\/wp-content\/uploads\/2019\/05\/De-Carlo-Visita-carcere-Baldenich-1024x768.jpg 1024w, https:\/\/www.radiopiu.net\/wordpress\/wp-content\/uploads\/2019\/05\/De-Carlo-Visita-carcere-Baldenich-300x225.jpg 300w, https:\/\/www.radiopiu.net\/wordpress\/wp-content\/uploads\/2019\/05\/De-Carlo-Visita-carcere-Baldenich-768x576.jpg 768w\" sizes=\"auto, (max-width: 183px) 100vw, 183px\" \/><\/a>ROMA<\/strong> C\u2019\u00e8 anche la completa ristrutturazione della stazione ferroviaria di Calalzo di Cadore nel pacchetto di interventi finanziato dal Comitato Interministeriale per la Programmazione Economica &#8211; CIPE nell\u2019ambito dell\u2019aggiornamento 2018 \u2013 2019 del Contratto di programma MIT &#8211; RFI 2017 \u2013 2021. Otto milioni di euro il finanziamento complessivo, che sar\u00e0 utilizzato per la totale ristrutturazione e ammodernamento della stazione, con la dotazione di nuovi servizi e funzionalit\u00e0 e con la creazione di un polo di intercambio fra treno, autobus, auto e bici.\u00a0Una notizia che viene accolta con soddisfazione dal deputato di Fratelli d\u2019Italia e primo cittadino di Calalzo, Luca De Carlo. Ora la sfida \u00e8 riempire la stazione di contenuti e di servizi, perch\u00e9 diventi un vero punto di riferimento non solo per la mobilit\u00e0, ma anche per i flussi turistici.<\/p>\n<p><strong>AUDIO LUCA DE CARLO <\/strong><\/p>\n<audio class=\"wp-audio-shortcode\" id=\"audio-92978-10\" preload=\"none\" style=\"width: 100%;\" controls=\"controls\"><source type=\"audio\/mpeg\" src=\"http:\/\/www.radiopiu.net\/wordpress\/wp-content\/uploads\/2019\/07\/DE-CARLO.mp3?_=10\" \/><a href=\"http:\/\/www.radiopiu.net\/wordpress\/wp-content\/uploads\/2019\/07\/DE-CARLO.mp3\">http:\/\/www.radiopiu.net\/wordpress\/wp-content\/uploads\/2019\/07\/DE-CARLO.mp3<\/a><\/audio>\n<div><\/div>\n<div><\/div>\n<div><\/div>\n<div><\/div>\n<div>\n<h3>SANITA\u2019: BOND (FI), GRAZIE A FI DA GOVERNO IMPEGNO A ADEGUARE LEA<\/h3>\n<p><strong><a class=\"dt-pswp-item\" href=\"http:\/\/www.radiopiu.net\/wordpress\/wp-content\/uploads\/2019\/07\/Dario-Bond.jpg\" data-dt-img-description=\"\" data-large_image_width=\"2449\" data-large_image_height=\"1633\"><img loading=\"lazy\" decoding=\"async\" class=\"wp-image-93051 alignleft\" src=\"http:\/\/www.radiopiu.net\/wordpress\/wp-content\/uploads\/2019\/07\/Dario-Bond-1024x683.jpg\" alt=\"\" width=\"188\" height=\"125\" srcset=\"https:\/\/www.radiopiu.net\/wordpress\/wp-content\/uploads\/2019\/07\/Dario-Bond-1024x683.jpg 1024w, https:\/\/www.radiopiu.net\/wordpress\/wp-content\/uploads\/2019\/07\/Dario-Bond-300x200.jpg 300w, https:\/\/www.radiopiu.net\/wordpress\/wp-content\/uploads\/2019\/07\/Dario-Bond-768x512.jpg 768w\" sizes=\"auto, (max-width: 188px) 100vw, 188px\" \/><\/a>ROMA<\/strong> \u201cSu sollecitazione di Forza Italia il governo ha preso l\u2019impegno di adeguare i livelli essenziali di assistenza, fermi dal 1999. <em>&#8220;Una buona notizia in un momento in cui \u00e8 indispensabile fornire un segnale tangibile a tutti quei disabili per i quali la mobilit\u00e0 rappresenta un gravissimo problema\u201d.<\/em> Cos\u00ec, in una nota, il deputato di Forza Italia Dario Bond.<\/p>\n<p><strong>AUDIO DARIO BOND<\/strong><\/p>\n<audio class=\"wp-audio-shortcode\" id=\"audio-92978-11\" preload=\"none\" style=\"width: 100%;\" controls=\"controls\"><source type=\"audio\/mpeg\" src=\"http:\/\/www.radiopiu.net\/wordpress\/wp-content\/uploads\/2019\/07\/DARIO.mp3?_=11\" \/><a href=\"http:\/\/www.radiopiu.net\/wordpress\/wp-content\/uploads\/2019\/07\/DARIO.mp3\">http:\/\/www.radiopiu.net\/wordpress\/wp-content\/uploads\/2019\/07\/DARIO.mp3<\/a><\/audio>\n<\/div>\n<div><\/div>\n<div><\/div>\n<div><\/div>\n<div><\/div>\n<h3>\u201cDISEGNO DI VALUTAZIONE\u201d del PSL<\/h3>\n<p><a class=\"dt-pswp-item\" href=\"http:\/\/www.radiopiu.net\/wordpress\/wp-content\/uploads\/2019\/07\/evaluation-2-665x442-665x442.png\" data-dt-img-description=\"\" data-large_image_width=\"665\" data-large_image_height=\"442\"><img loading=\"lazy\" decoding=\"async\" class=\"size-thumbnail wp-image-93014 alignleft\" src=\"http:\/\/www.radiopiu.net\/wordpress\/wp-content\/uploads\/2019\/07\/evaluation-2-665x442-665x442-150x150.png\" alt=\"\" width=\"150\" height=\"150\" \/><\/a><strong>SEDICO<\/strong> il GAL ha approvato il rapporto &#8220;Disegno di Valutazione&#8221; della propria strategia #facciamolonoi2020. Con questo documento il Gal ha inteso dotarsi dello strumento chiave che lo accompagner\u00e0 alla fine dell\u2019attuale programmazione per valutare, in modo quanto pi\u00f9 possibile oggettivo e approfondito, la propria strategia traendone ogni utile lezione funzionale all\u2019avvio della nuova programmazione 2021-2027 oramai alle porte. Il documento ha inoltre la funzione di comunicare in modo trasparente e aperto i risultati ottenuti dal GAL durante la programmazione 2014-2020.<\/p>\n<h3>MONITORAGGIO &amp; VALUTAZIONE DEL PSL | 2a relazione<\/h3>\n<p><a class=\"dt-pswp-item\" href=\"http:\/\/www.radiopiu.net\/wordpress\/wp-content\/uploads\/2019\/07\/Immagine-1-450x294-450x294-450x294-450x294.png\" data-dt-img-description=\"\" data-large_image_width=\"450\" data-large_image_height=\"294\"><img loading=\"lazy\" decoding=\"async\" class=\"size-thumbnail wp-image-93015 alignleft\" src=\"http:\/\/www.radiopiu.net\/wordpress\/wp-content\/uploads\/2019\/07\/Immagine-1-450x294-450x294-450x294-450x294-150x150.png\" alt=\"\" width=\"150\" height=\"150\" \/><\/a>Online la seconda relazione trimestrale del 2019 relativa allo stato di attuazione del PSL del GAL Prealpi e Dolomiti: &#8211; 30 bandi pubblicati; &#8211; 197 domande ricevute, di cui, attualmente, 98 finanziate; &#8211; importo liquidato pari ad \u20ac 2.507.247 (il 33% dell&#8217;importo complessivo a disposizione del PSL); &#8211; importo impegnato pari ad\u00a0 \u20ac 7.590.636,77 (il 99.6% dell&#8217;importo complessivo a disposizione del PSL). Tutte le informazioni e i documenti sono disponibili all&#8217;interno del Sistema di Monitoraggio e Valutazione (M&amp;V), in cui vengono fornite diverse informazioni di dettaglio periodicamente raccolte ed aggiornate.<\/p>\n<h3>\u00a0&#8211; Corso in PROJECT MANAGEMENT ed EUROPROGETTAZIONE<\/h3>\n<p><a class=\"dt-pswp-item\" href=\"http:\/\/www.radiopiu.net\/wordpress\/wp-content\/uploads\/2019\/07\/20190621_101226-1024x576-700x394-660x371.jpg\" data-dt-img-description=\"\" data-large_image_width=\"660\" data-large_image_height=\"371\"><img loading=\"lazy\" decoding=\"async\" class=\"size-thumbnail wp-image-93016 alignleft\" src=\"http:\/\/www.radiopiu.net\/wordpress\/wp-content\/uploads\/2019\/07\/20190621_101226-1024x576-700x394-660x371-150x150.jpg\" alt=\"\" width=\"150\" height=\"150\" \/><\/a>\u00a0Il 13 luglio scorso si \u00e8 concluso il secondo modulo di Project Management coordinato dal Dipartimento di Management e Diritto dell&#8217;Universit\u00e0 di Tor Vergata di Roma.<br \/>\nIl percorso formativo, aperto a tutti gli enti locali della Provincia di Belluno, organizzato dal GAL Prealpi e Dolomiti d&#8217;intesa con il Consorzio BIM Piave, il GAL Alto Bellunese, il Centro Studi Bellunese e con la collaborazione di Confindustria Belluno Dolomiti che ha reso disponibile una specifica aula, mira ad accrescere la capacit\u00e0 di dirigenti e dipendenti pubblici nella gestione di programmi e progetti per l\u2019attuazione delle strategie di sviluppo locale sostenibile.\u00a0Il corso, di 72 ore complessive, si concluder\u00e0 con l&#8217;ultimo modulo il prossimo 28 settembre. I 25 corsisti avranno la possibilit\u00e0 di svolgere la Prova Esame ISIPM-Base, certificazione dell&#8217;Istituto Italiano di Project Management.<\/p>\n<h3>STRATEGIA REGIONALE PER LO SVILUPPO SOSTENIBILE<\/h3>\n<p><a class=\"dt-pswp-item\" href=\"http:\/\/www.radiopiu.net\/wordpress\/wp-content\/uploads\/2019\/07\/Immagine-4-360x332-360x332-360x332.png\" data-dt-img-description=\"\" data-large_image_width=\"360\" data-large_image_height=\"332\"><img loading=\"lazy\" decoding=\"async\" class=\"size-thumbnail wp-image-93017 alignleft\" src=\"http:\/\/www.radiopiu.net\/wordpress\/wp-content\/uploads\/2019\/07\/Immagine-4-360x332-360x332-360x332-150x150.png\" alt=\"\" width=\"150\" height=\"150\" \/><\/a>On line il nuovo sito dedicato alla Strategia per lo sviluppo sostenibile della Regione del Veneto. La Strategia Regionale per lo Sviluppo Sostenibile (SRSvS) mira ad individuare i principali strumenti per contribuire al raggiungimento degli obiettivi della Strategia Nazionale per lo Sviluppo sostenibile (SNSvS) nonch\u00e9 ai goals e ai target contenuti nella Risoluzione \u201cAgenda 2030 sullo Sviluppo Sostenibile\u201d adottata nel 2015 dall&#8217;Assemblea Generale delle Nazioni Unite.Nei prossimi mesi la Regione del Veneto sar\u00e0 impegnata a redigere la propria strategia con un approccio trasversale ai diversi temi e nell&#8217;ottica della massima partecipazione della societ\u00e0 e degli stakeholders, valorizzando le specificit\u00e0, le capacit\u00e0 e le potenzialit\u00e0 delle comunit\u00e0 e dei territori veneti.<\/p>\n<p>&nbsp;<\/p>\n<h3><\/h3>\n<div><\/div>\n<div><\/div>\n<div>\n<h2>Come disostruire le vie aree nei bambini Incontro in ospedale alle 10<\/h2>\n<p><strong>FELTRE<\/strong>\u00a0 Oggi alle 10 nella sala convegni dell\u2019ospedale di Feltre si terr\u00e0 un incontro sulla disostruzione delle vie aree in et\u00e0 pediatrica aperto a genitori, nonni e a chiunque sia interessato. Il corso \u00e8 tenuto dal formatore BLSD pediatrico Riccardo Mazzoni ed \u00e8 proposto dalle ostetriche del consultorio familiare.<\/p>\n<\/div>\n<div><\/div>\n<div><\/div>\n<div>\n<p>&nbsp;<\/p>\n<div>\n<h3>OGGI CONSIGLIO COMUNALE AD AGORDO<\/h3>\n<p><strong>AGORDO<\/strong> Oggi alle 18.45 il sindaco Roberto Chissal\u00e8 e il consigliere Paolo Selva Moretti scioglieranno le riserve e ufficializzeranno i consiglieri che rappresenteranno il Comune capoluogo in seno al consiglio dell&#8217;Unione Montana Agordina. Nella seduta convocata a palazzo Marconi gli altri punti all&#8217;ordine del giorno: variazione al bilancio, variazione al documento programmatico, compenso revisore dei conti, approvazione del documento di riordino istituzionale delle Province.<\/p>\n<\/div>\n<\/div>\n<p>&nbsp;<\/p>\n<p>&nbsp;<\/p>\n<div>\n<h3>CONSORZIO BIM, CONTRIBUTI PER CONFINANZIAMENTI EUROPEI<\/h3>\n<p><strong>BELLUNO<\/strong> Oggi alle 16 nella sala convegni Ana Belluno di via Tissi assemblea generale del Consorzio Bim Piave. Ordine del giorno: verifica permanenza equilibri bilancio, terza variazione al bilancio, approvazione regolamento per il servizio di tesoreria e del comuni consorziati per il cofinanziamento degli interventi a valere su fondi europei.<\/p>\n<\/div>\n<p>&nbsp;<\/p>\n<p>&nbsp;<\/p>\n<div>\n<h3>NOMI NUOVI PER L&#8217;UNIONE MONTANA AGORDINA<\/h3>\n<p><strong>AGORDO<\/strong> Si riunisce lunedi alle 20 in sala Don Tamis il consiglio dell&#8217;Unione Montana. Nell&#8217;occasione \u00e8 prevista la presa d&#8217;atto dei nuovi rappresentanti dei Comuni di Agordo, Rocca Pietore e Taibon in seguito alla elezioni del 26 maggio. All&#8217;ordine del giorno anche il bilancio di previsione e la salvaguardia degli equilibri di bilancio.<\/p>\n<p>&nbsp;<\/p>\n<p>&nbsp;<\/p>\n<p>&nbsp;<\/p>\n<h3>BILANCIO DA ASSESTARE, EQUILIBRI DA SALVAGUARDARE<\/h3>\n<p><strong>CANALE D&#8217;AGORDO<\/strong> Martedi alle 20 nella nuova sala dell&#8217;ex Albergo Cavallino di via al Forn si riunir\u00e0 il consiglio comunale convocato dal sindaco Flavio Colcergnan, l&#8217;unico punto all&#8217;ordine del giorno prevede l&#8217;assestamento del bilancio e la salvaguardia degli equilibri per l&#8217;esercizio 2019.<\/p>\n<p>&nbsp;<\/p>\n<div><\/div>\n<p>&nbsp;<\/p>\n<div>\n<h3>SELEZIONE PERSONALE DISABILE<\/h3>\n<p><strong>FELTRE<\/strong> Sul sito ClicLavoroVeneto, sezione centri per l&#8217;impiego \u00e8 pubblicato l&#8217;avviso di selezione di personale disabile presso\u00a0 il Comune di Feltre per il profilo professionale \u201cOperatore ai Servizi Generali&#8221; a tempo pieno (30 ore) e indeterminato, Comparto Funzioni Locali.<\/p>\n<\/div>\n<\/div>\n<p>&nbsp;<\/p>\n<p>&nbsp;<\/p>\n<blockquote>\n<div><\/div>\n<\/blockquote>\n<div><\/div>\n<div><a class=\"dt-pswp-item\" href=\"http:\/\/www.radiopiu.net\/wordpress\/wp-content\/uploads\/2019\/07\/WhatsApp-Image-2019-07-24-at-20.13.13.jpeg\" data-dt-img-description=\"\" data-large_image_width=\"1054\" data-large_image_height=\"1587\"><img loading=\"lazy\" decoding=\"async\" class=\"size-thumbnail wp-image-92955 alignleft\" src=\"http:\/\/www.radiopiu.net\/wordpress\/wp-content\/uploads\/2019\/07\/WhatsApp-Image-2019-07-24-at-20.13.13-150x150.jpeg\" alt=\"\" width=\"150\" height=\"150\" \/><\/a><strong>Domani alle 17.00 inaugurazione della personale di pittura nel suggestivo scenario del Castello di Andraz<\/strong> (Livinallongo &#8211; Belluno), strada per il passo Falzarego.<\/div>\n<div><\/div>\n<div><\/div>\n<div><\/div>\n<div><\/div>\n<blockquote>\n<div><\/div>\n<\/blockquote>\n<p>&nbsp;<\/p>\n<p>&nbsp;<\/p>\n<h1>KALAT NISSA FILM FESTIVAL, LA PRIMA SERATA<\/h1>\n<div>\n<div style=\"width: 848px;\" class=\"wp-video\"><video class=\"wp-video-shortcode\" id=\"video-92978-1\" width=\"848\" height=\"480\" preload=\"metadata\" controls=\"controls\"><source type=\"video\/mp4\" src=\"http:\/\/www.radiopiu.net\/wordpress\/wp-content\/uploads\/2019\/07\/WhatsApp-Video-2019-07-26-at-01.02.46.mp4?_=1\" \/><a href=\"http:\/\/www.radiopiu.net\/wordpress\/wp-content\/uploads\/2019\/07\/WhatsApp-Video-2019-07-26-at-01.02.46.mp4\">http:\/\/www.radiopiu.net\/wordpress\/wp-content\/uploads\/2019\/07\/WhatsApp-Video-2019-07-26-at-01.02.46.mp4<\/a><\/video><\/div>\n<\/div>\n<div><\/div>\n<div>\n<h3>\u00a0IL PROGRAMMA DEL\u00a0\u00a0 KALAT NISSA FILM FESTIVAL, AD AGORDO.<\/h3>\n<p><strong><a class=\"dt-pswp-item\" href=\"http:\/\/www.radiopiu.net\/wordpress\/wp-content\/uploads\/2019\/07\/65872978_2996720780368549_5075867520930414592_n.jpg\" data-dt-img-description=\"\" data-large_image_width=\"960\" data-large_image_height=\"714\"><img loading=\"lazy\" decoding=\"async\" class=\"size-medium wp-image-91793 alignleft\" src=\"http:\/\/www.radiopiu.net\/wordpress\/wp-content\/uploads\/2019\/07\/65872978_2996720780368549_5075867520930414592_n-300x223.jpg\" alt=\"\" width=\"300\" height=\"223\" srcset=\"https:\/\/www.radiopiu.net\/wordpress\/wp-content\/uploads\/2019\/07\/65872978_2996720780368549_5075867520930414592_n-300x223.jpg 300w, https:\/\/www.radiopiu.net\/wordpress\/wp-content\/uploads\/2019\/07\/65872978_2996720780368549_5075867520930414592_n-768x571.jpg 768w, https:\/\/www.radiopiu.net\/wordpress\/wp-content\/uploads\/2019\/07\/65872978_2996720780368549_5075867520930414592_n.jpg 960w\" sizes=\"auto, (max-width: 300px) 100vw, 300px\" \/><\/a>OGGI VENERDI\u2019 26 LUGLIO<\/strong><\/p>\n<p><strong> SALA DON TAMIS- AGORDO ALLE 17\u00a0<\/strong> Welcome Desk per i registi e gli ospiti del \u201cKalat Nissa Film Festival\u201d . Visione dei cortometraggi in nomination 1 Paradiso, di Niccol\u00f2 Gentili, Ignacio Paurici Io Diverso da chi? 13 m Italy 2 Genericamente Giulio Neglia Tema libero 18 m 20s 3 Risorse Umane Giovanni Conte Comics 7m Italy 4 Frieda &#8211; Coming Home Doc Miguel Trailer 2 m Germany 5 Sare Jahan Se Accha Gurprasad Singh Tema Libero 5 m 51s India 6 Giovani Italiani Alessandro Panza Tema Libero 11 m 35s Italy 7 Addio Clochard. di Michele Li Volsi Io Diverso da chi? 15 m Italy 8 Antxoni, di Rub\u00e9n Saiinz Tema libero 14 m Spain<br \/>\nPIAZZA DELLA LIBERTA\u2019 ALLE 18.30\u00a0 Evento collaterale con veicoli Italian style &#8211; saranno scelti i modelli Vespa tratti dal mondo della cinematografia Esposizione statica dei veicoli Italian Style e inizio passeggiata in Vespa per le vie cittadine; partenza e arrivo nella Piazza della Libert\u00e0 in Agordo (curato dagli Amici in sella Agordo). Sulle Vespe saliranno come passeggeri gli ospiti VIP del Festival. ORE 20:00 \u2013 Esibizione dei vigili del Fuoco Spettacolare esibizione dei Vigili del Fuoco- Partner istituzionale del Festival- con uomini e mezzi SALA DON TAMIS- AGORDO Ore 21:00 2\u00b0 Serata del Festival Presentano: Laura Abbaleo e Milena Gori. \u2022 Visione dei Cortometraggi in Nomination 1 Il mondiale in piazza Vito Palmieri Tema libero 15 m Italy 2 Tutti i nostri ieri Lorenzo Santoni Tema Libero 15 m italy 3 Broccoli Ivan Sainz &#8211; Pardo Tema Libero 3 m Germany 4 The Graffiti Aur\u00e9lien Laplace Comics 9 m France 5 Sugarlove Laura Luchetti Animazione 9 m Italy Presenti in sala come ospiti artistici della serata: Roberto Giacobbo \u2013 direttore Artistico del Kalat Nissa Film Festival Luigi Scarnato con un\u2019esibizione al sax Alberto Pinto, illustre matematico e concertista strumenti musicali antichi; in rappresentanza del gruppo CESMA di Ginevra- Svizzera Coordinatore internazionale (Varsavia) del progetto Erasmus Plus CINEMAFORUM: \u201cSPOT- SOCIAL PICTURES OF TODAY\u201d- Radom (Polonia).<\/p>\n<\/div>\n<p>&nbsp;<\/p>\n<p>&nbsp;<\/p>\n<h2>INIZIATA A ROCCA PIETORE\u00a0 L&#8217;AVVENTURA DELL&#8217;OUTDOOR FEST&#8230; DA OGGI AI PIANI DI PEZZE&#8217;<\/h2>\n<p><strong><a class=\"dt-pswp-item\" href=\"http:\/\/www.radiopiu.net\/wordpress\/wp-content\/uploads\/2019\/07\/WhatsApp-Image-2019-07-26-at-07.51.31.jpeg\" data-dt-img-description=\"\" data-large_image_width=\"1600\" data-large_image_height=\"900\"><img loading=\"lazy\" decoding=\"async\" class=\"size-medium wp-image-93108 alignleft\" src=\"http:\/\/www.radiopiu.net\/wordpress\/wp-content\/uploads\/2019\/07\/WhatsApp-Image-2019-07-26-at-07.51.31-300x169.jpeg\" alt=\"\" width=\"300\" height=\"169\" srcset=\"https:\/\/www.radiopiu.net\/wordpress\/wp-content\/uploads\/2019\/07\/WhatsApp-Image-2019-07-26-at-07.51.31-300x169.jpeg 300w, https:\/\/www.radiopiu.net\/wordpress\/wp-content\/uploads\/2019\/07\/WhatsApp-Image-2019-07-26-at-07.51.31-768x432.jpeg 768w, https:\/\/www.radiopiu.net\/wordpress\/wp-content\/uploads\/2019\/07\/WhatsApp-Image-2019-07-26-at-07.51.31-1024x576.jpeg 1024w, https:\/\/www.radiopiu.net\/wordpress\/wp-content\/uploads\/2019\/07\/WhatsApp-Image-2019-07-26-at-07.51.31.jpeg 1600w\" sizes=\"auto, (max-width: 300px) 100vw, 300px\" \/><\/a>ROCCA PIETORE<\/strong> Apertura ufficiale della Settima Edizione dell\u2019Adventure Outdoor Fest, \u201cSpecial Agordino\u201d, con i saluti del sindaco di Rocca Pietore, Andrea De Bernardin, dell\u2019Assessore di Alleghe Christian Pollazzon e della responsabile del progetto di sviluppo territoriale Emma Taveri!<br \/>\nRingraziamenti da parte degli organizzatori, Fabio Cavallari e Nicole Cavallari, che si sono detti orgogliosi di dedicare il loro progetto di sport, cultura e spettacolo a un territorio tanto bello e tanto provato dalla tempesta Vaia dell\u2019ottobre scorso. Accolto con attenzione, affetto e curiosit\u00e0, il team dell\u2019Adventure apre i suoi battenti (naturali) al pubblico. Appuntamento per tutti stamattina ai Piani Di Pezz\u00e8<\/p>\n<p>audio prima serata<\/p>\n<audio class=\"wp-audio-shortcode\" id=\"audio-92978-12\" preload=\"none\" style=\"width: 100%;\" controls=\"controls\"><source type=\"audio\/mpeg\" src=\"http:\/\/www.radiopiu.net\/wordpress\/wp-content\/uploads\/2019\/07\/ADV.mp3?_=12\" \/><a href=\"http:\/\/www.radiopiu.net\/wordpress\/wp-content\/uploads\/2019\/07\/ADV.mp3\">http:\/\/www.radiopiu.net\/wordpress\/wp-content\/uploads\/2019\/07\/ADV.mp3<\/a><\/audio>\n<p>&nbsp;<\/p>\n<h3>NON SOLO SPORT<\/h3>\n<h3>ALBERTO FISTAROLLO\u00a0<span class=\"suffix_title\"><br \/>\n<\/span>Lavora come psicologo clinico e psicologo dello sport, collaborando con aziende, societ\u00e0 sportive e atleti di varie discipline. Ha conseguito un Master in Tecniche di Rilassamento e uno in Psicologia dello Sport. Pratica da anni la mindfulness e la utilizza sia in ambito clinico che negli interventi di potenziamento della prestazione. E\u2019 co-fondatore del progetto PAUSE (<a id=\"LPlnk670115\" href=\"http:\/\/www.pause.cloud\/\" target=\"_blank\" rel=\"noopener noreferrer\" data-auth=\"NotApplicable\">www.pause.cloud<\/a>) per la diffusione della mindfulness.\u00a0 <span style=\"color: #0000ff;\"><strong><a style=\"color: #0000ff;\" href=\"https:\/\/www.adventureoutdoorfest.com\/guests-Alberto_Fistarollo\">CLICCA QUI<\/a><\/strong><\/span><\/h3>\n<p>&nbsp;<\/p>\n<p>&nbsp;<\/p>\n<p>&nbsp;<\/p>\n<div>\n<div>\n<h1 style=\"text-align: left;\">GLI SPECIALI ALLA &#8230; RADIO PIU&#8217;<\/h1>\n<\/div>\n<\/div>\n<blockquote class=\"wp-embedded-content\" data-secret=\"PyCI2sIyZd\"><p><a href=\"http:\/\/www.radiopiu.net\/wordpress\/al-via-kalat-nissa-film-festival\/\">AL VIA KALAT NISSA FILM FESTIVAL<\/a><\/p><\/blockquote>\n<p><iframe loading=\"lazy\" title=\"&#8220;AL VIA KALAT NISSA FILM FESTIVAL&#8221; &#8212; Radio Pi\u00f9\" class=\"wp-embedded-content\" sandbox=\"allow-scripts\" security=\"restricted\" style=\"position: absolute; clip: rect(1px, 1px, 1px, 1px);\" src=\"http:\/\/www.radiopiu.net\/wordpress\/al-via-kalat-nissa-film-festival\/embed\/#?secret=PyCI2sIyZd\" data-secret=\"PyCI2sIyZd\" width=\"600\" height=\"338\" frameborder=\"0\" marginwidth=\"0\" marginheight=\"0\" scrolling=\"no\"><\/iframe><\/p>\n<p>&nbsp;<\/p>\n<p>&nbsp;<\/p>\n<p>&nbsp;<\/p>\n<p>&nbsp;<\/p>\n<h2>THE LEADING GUY\u00a0 AL TRAMONTO AI PIANI DI PEZZE&#8217;<\/h2>\n<p align=\"JUSTIFY\"><span style=\"font-family: Arial, sans-serif;\"><strong><a class=\"dt-pswp-item\" href=\"http:\/\/www.radiopiu.net\/wordpress\/wp-content\/uploads\/2019\/07\/Artwork-The-Leading-Guy-@-Adventure-Outdoor-Fest-26lug2019.jpg\" data-dt-img-description=\"\" data-large_image_width=\"575\" data-large_image_height=\"542\"><img loading=\"lazy\" decoding=\"async\" class=\" wp-image-93020 alignleft\" src=\"http:\/\/www.radiopiu.net\/wordpress\/wp-content\/uploads\/2019\/07\/Artwork-The-Leading-Guy-@-Adventure-Outdoor-Fest-26lug2019-150x150.jpg\" alt=\"\" width=\"172\" height=\"172\" \/><\/a>ALLEGHE <\/strong>Dopo i successi ottenuti negli ultimi mesi e aspettando il tour nei club, il cantautore bellunese <\/span><span style=\"font-family: Arial, sans-serif;\"><b>The Leading Guy<\/b><\/span><span style=\"font-family: Arial, sans-serif;\">, nome rivelazione della scena musicale italiana, <\/span><span style=\"font-family: Arial, sans-serif;\"><b>ritorna nelle sue montagne per un concerto speciale al tramonto<\/b><\/span><span style=\"font-family: Arial, sans-serif;\">, che sar\u00e0 la sua unica esibizione dell\u2019estate. <\/span><span style=\"font-family: Arial, sans-serif;\">Il cantautore pop folk, infatti, sar\u00e0 protagonista dell\u2019<\/span><span style=\"font-family: Arial, sans-serif;\"><i><b>Adventure Outdoor Fest 2019<\/b><\/i><\/span><span style=\"font-family: Arial, sans-serif;\"> nella serata di domani,<\/span><span style=\"font-family: Arial, sans-serif;\">\u00a0con un concerto speciale chitarra e voce nell\u2019anfiteatro naturale affacciato sulla parete nord \u2013 ovest del <\/span><span style=\"font-family: Arial, sans-serif;\"><b>Monte Civetta<\/b><\/span><span style=\"font-family: Arial, sans-serif;\">, a 1.470 metri di quota, <\/span><span style=\"font-family: Arial, sans-serif;\"><b>a Piani di Pezz\u00e8 ad Alleghe<\/b><\/span><span style=\"font-family: Arial, sans-serif;\"> (inizio concerto ore 20:00, ingresso gratuito, in caso di maltempo il concerto si terr\u00e0 all\u2019interno della Grande Baita Civetta).<\/span><\/p>\n<p align=\"JUSTIFY\"><span style=\"font-family: Arial, sans-serif;\"><a class=\"dt-pswp-item\" href=\"http:\/\/www.radiopiu.net\/wordpress\/wp-content\/uploads\/2019\/07\/Foto-TheLeadingGuy_credit-Danilo-DAuria-.jpg\" data-dt-img-description=\"\" data-large_image_width=\"1200\" data-large_image_height=\"800\"><img loading=\"lazy\" decoding=\"async\" class=\"wp-image-93022 alignright\" src=\"http:\/\/www.radiopiu.net\/wordpress\/wp-content\/uploads\/2019\/07\/Foto-TheLeadingGuy_credit-Danilo-DAuria--150x150.jpg\" alt=\"\" width=\"212\" height=\"212\" \/><\/a>All\u2019anagrafe Simone Zampieri, <\/span><span style=\"font-family: Arial, sans-serif;\"><b>The Leading Guy<\/b><\/span><span style=\"font-family: Arial, sans-serif;\"> \u00e8 un cantautore abile e raffinato, che mette al centro del suo lavoro le canzoni, cercando di raccontare qualcosa di unico e spontaneo. <\/span><span style=\"font-family: Arial, sans-serif;\">Anticipato dal singolo \u201cLand of Hope\u201d \u2013 che lo porta ad inserirsi tra i musicisti pi\u00f9 condivisi in Italia e in Svizzera, entrando con il singolo di lancio nella\u00a0speciale classifica di Spotify Viral50 \u2013 e da \u201cTimes\u201d, scelto dal brand internazionale Davidoff per una campagna pubblicitaria mondiale, <\/span><span style=\"font-family: Arial, sans-serif;\"><b>lo scorso 3 maggio \u00e8 uscito il nuovo album <\/b><\/span><span style=\"font-family: Arial, sans-serif;\"><i><b>Twelve Letters (Sony Music)<\/b><\/i><\/span><span style=\"font-family: Arial, sans-serif;\"><b>. <\/b><\/span><span style=\"font-family: Arial, sans-serif;\">Dal sound accattivante e con una spiccata attitudine internazionale, il disco spazia tra sonorit\u00e0 pop-folk, cantautorato classico, con incursioni rock e ispirazioni indie pop, rivelandosi un\u2019autentica raccolta di dodici lettere, a tratti luminose e a tratti cupe, scritte \u201ca cuore aperto\u201d. <\/span><span style=\"font-family: Arial, sans-serif;\">L\u2019artista fa inoltre parte di<\/span><span style=\"font-family: Arial, sans-serif;\"><b> \u201cFaber Nostrum\u201d, <\/b><\/span><span style=\"font-family: Arial, sans-serif;\">il disco tributo a Fabrizio De Andr\u00e8, uscito lo scorso 26 aprile, con alcuni dei nomi pi\u00f9 influenti della nuova scena musicale italiana. <\/span><span style=\"font-family: Arial, sans-serif;\"><b>Elisa <\/b><\/span><span style=\"font-family: Arial, sans-serif;\">ascoltando la sua musica lo sceglie personalmente come special guest dei suoi live nel mese di maggio. I due <\/span><span style=\"font-family: Arial, sans-serif;\">hanno duettato a Genova il 14 maggio durante il concerto della cantautrice, facendo un commosso omaggio a De Andr\u00e8 sulle note del brano <\/span><span style=\"font-family: Arial, sans-serif;\"><i>\u201cPreghiera in Gennaio\u201d<\/i><\/span><\/p>\n<p>&nbsp;<\/p>\n<p>&nbsp;<\/p>\n<p>&nbsp;<\/p>\n<p>&nbsp;<\/p>\n<p>&nbsp;<\/p>\n<h2>DOLOMITIAMO LA MOSTRA PER CELEBRARE I 10 ANNI DI DOLOMITI UNESCO<\/h2>\n<p>AUDIO CLAUDIA CATTADORI<\/p>\n<blockquote><audio class=\"wp-audio-shortcode\" id=\"audio-92978-13\" preload=\"none\" style=\"width: 100%;\" controls=\"controls\"><source type=\"audio\/mpeg\" src=\"http:\/\/www.radiopiu.net\/wordpress\/wp-content\/uploads\/2019\/07\/CLAUDIA-DOLOMITIAMO.mp3?_=13\" \/><a href=\"http:\/\/www.radiopiu.net\/wordpress\/wp-content\/uploads\/2019\/07\/CLAUDIA-DOLOMITIAMO.mp3\">http:\/\/www.radiopiu.net\/wordpress\/wp-content\/uploads\/2019\/07\/CLAUDIA-DOLOMITIAMO.mp3<\/a><\/audio>\n<p><strong>I FOTOGRAFI<\/strong><\/p>\n<audio class=\"wp-audio-shortcode\" id=\"audio-92978-14\" preload=\"none\" style=\"width: 100%;\" controls=\"controls\"><source type=\"audio\/mpeg\" src=\"http:\/\/www.radiopiu.net\/wordpress\/wp-content\/uploads\/2019\/07\/CLAUDIA-DOLOMITIAMO.mp3?_=14\" \/><a href=\"http:\/\/www.radiopiu.net\/wordpress\/wp-content\/uploads\/2019\/07\/CLAUDIA-DOLOMITIAMO.mp3\">http:\/\/www.radiopiu.net\/wordpress\/wp-content\/uploads\/2019\/07\/CLAUDIA-DOLOMITIAMO.mp3<\/a><\/audio>\n<p><em>\u00a0Inaugurazione\u00a0 Gioved\u00ec 8 Agosto alle 18:30\u00a0 \u00a0AGORDO SALA DON TAMIS<\/em><br \/>\n<em>Mostra dall\u2019 08 al 25 AGOSTO 2019<\/em><\/p>\n<p><strong><a class=\"dt-pswp-item\" href=\"http:\/\/www.radiopiu.net\/wordpress\/wp-content\/uploads\/2019\/07\/dolomitiamo-agordo-10anni-dolomiti-unesco.jpg\" data-dt-img-description=\"\" data-large_image_width=\"1024\" data-large_image_height=\"379\"><img loading=\"lazy\" decoding=\"async\" class=\"alignleft wp-image-92995 size-full\" src=\"http:\/\/www.radiopiu.net\/wordpress\/wp-content\/uploads\/2019\/07\/dolomitiamo-agordo-10anni-dolomiti-unesco.jpg\" alt=\"\" width=\"1024\" height=\"379\" srcset=\"https:\/\/www.radiopiu.net\/wordpress\/wp-content\/uploads\/2019\/07\/dolomitiamo-agordo-10anni-dolomiti-unesco.jpg 1024w, https:\/\/www.radiopiu.net\/wordpress\/wp-content\/uploads\/2019\/07\/dolomitiamo-agordo-10anni-dolomiti-unesco-300x111.jpg 300w, https:\/\/www.radiopiu.net\/wordpress\/wp-content\/uploads\/2019\/07\/dolomitiamo-agordo-10anni-dolomiti-unesco-768x284.jpg 768w\" sizes=\"auto, (max-width: 1024px) 100vw, 1024px\" \/><\/a><\/strong><\/p><\/blockquote>\n<p>&nbsp;<\/p>\n<p>&nbsp;<\/p>\n<p>&nbsp;<\/p>\n<p>&nbsp;<\/p>\n<p>&nbsp;<\/p>\n<p>&nbsp;<\/p>\n<p><strong>AGORDO<\/strong> Dal 1972\u00a0 l\u2019UNESCO si occupa di individuare e proteggere tutti quei siti caratterizzati da particolarit\u00e0 di eccezionale importanza dal punto di vista culturale o naturale : luoghi della Terra dotati di una bellezza unica, irripetibile e al tempo stesso universale. 10 anni fa, il\u00a0\u00a026 giugno 2009 a Siviglia, l\u2019UNESCO dichiar\u00f2 le DOLOMITI PATRIMONIO MONDIALE DELL\u2019UMANITA\u2019 e venne istituita la fondazione Dolomiti UNESCO a loro tutela e valorizzazione. Le nostre Dolomiti sono uniche e preziose, hanno un valore incomparabile e tutto il mondo le conosce, le ammira. Certamente l\u2019iscrizione nella lista dei siti Patrimonio dell\u2019Umanit\u00e0 ha dato loro ulteriore visibilit\u00e0 e portato un incremento di turisti stranieri che ogni anno scelgono le Dolomiti come meta per le proprie vacanze. Per festeggiare il decennale sono stati organizzati oltre 140 eventi per tutto il 2019 nei territori delle Dolomiti Patrimonio dell\u2019Umanit\u00e0. Un sodalizio di fotografi bellunesi partecipa alle celebrazioni proponendo la mostra\u00a0 Fotografica <a class=\"dt-pswp-item\" href=\"http:\/\/www.radiopiu.net\/wordpress\/wp-content\/uploads\/2019\/07\/Manifesto_DolomitiAMO-piccolo.jpg\" data-dt-img-description=\"\" data-large_image_width=\"545\" data-large_image_height=\"768\"><img loading=\"lazy\" decoding=\"async\" class=\"wp-image-92996 size-medium alignright\" src=\"http:\/\/www.radiopiu.net\/wordpress\/wp-content\/uploads\/2019\/07\/Manifesto_DolomitiAMO-piccolo-213x300.jpg\" alt=\"\" width=\"213\" height=\"300\" srcset=\"https:\/\/www.radiopiu.net\/wordpress\/wp-content\/uploads\/2019\/07\/Manifesto_DolomitiAMO-piccolo-213x300.jpg 213w, https:\/\/www.radiopiu.net\/wordpress\/wp-content\/uploads\/2019\/07\/Manifesto_DolomitiAMO-piccolo.jpg 545w\" sizes=\"auto, (max-width: 213px) 100vw, 213px\" \/><\/a>\u201cDolomitiAMO\u201d proprio ad Agordo. Agordo \u00e8 il capoluogo di vallata interamente abbracciato dal Sistema 3 delle Dolomiti Patrimonio dell\u2019Umanit\u00e0 (Pale di San Martino \u2013 Pale di San Lucano \u2013 Dolomiti Bellunesi) ed in particolare dal monte Agner, dalla Moiazza, dal gruppo del Civetta, dalle Pale di San Lucano, dai Monti del Sole e via via tutte le altre splendide vette delle 5 province che custodiscono questo bene : Belluno, Trento, Bolzano, Udine e Pordenone. <strong>LE FOTOGRAFIE E I FOTOGRAFI <\/strong>La mostra \u201cDolomitiAMO\u201d si compone di\u00a0133 fotografie di montagna, di fauna e flora, ma anche di\u00a0cultura e tradizioni\u00a0\u00a0delle genti di queste magnifiche vette, ad opera di\u00a027 fotografi.<br \/>\nCon il loro stile unico e personale contribuiscono a comporre una visione d\u2019insieme per celebrare queste splendide meraviglie naturali. Il messaggio che scaturir\u00e0 da questa esposizione sar\u00e0 anche l\u2019 ennesimo invito al rispetto e alla tutela di questi luoghi pensando a tutti noi e alle generazioni future.<\/p>\n<p><strong>Espongono 27 fotografi:<\/strong> Adami Ennio, Baratti Maurizio, Bogo Sandro, Bortoluzzi Rosi, Bressan Bruno, Cagnati Ivan, Case Vanni, Colle Adone, De Pellegrin Erwin, Dell\u2019Antone Stefano, Favero Roberto, Gaiardo Massimo, Ganz Thomas, Geremetta Moreno, Ghizzo Claudio, Nart Paolo, Pasetto Danny, Sacchet Virgilio, Scardanzan Orietta, Sdorovenko Viktoria, Soppelsa Mansueto, Sorama\u00e8 Roberto, Tasser Marco, Tonet Dario, Vassere Ylenia, Zampieri Luigi. Il gruppo di fotografi ringrazia di tutto cuore i partner che hanno capito il valore di questa iniziativa sostenendola fin da subito con il loro contributo economico senza il quale non sarebbe stato possibile realizzarla al meglio. Grazie quindi all\u2019UNIONE MONTANA AGORDINA per aver gentilmente messo a disposizione la sala Don Tamis, il comune di Agordo per il sostegno anche attraverso il suo patrocinio all\u2019evento, la Cartolibreria Castaldi, Old Bar di Vignole, Combustibili Rosson di Agordo, Salone Sandra di Caviola, Italian Shoes Agordo e Cencenighe, Baita Gigio Picol di Falcade, Hotel Stella Alpina di Falcade, IDEA Salone di Cencenighe, Giornale e Caff\u00e8 Dersut Taibon Agordino,rifugio Flora Alpina a Valfredda di Falcade, il Bar Ristorante L\u2019Aivaz di Falcade. Inoltre un grazie al Cai sez. Agordina, Pro Loco di Agordo, Circolo fotografico Agordino, Radio Pi\u00f9 Emittente Agordina, il gruppo Agordino Dove Rinascono Le Dolomiti. L\u2019 inaugurazione si terr\u00e0 Gioved\u00ec 8 Agosto alle 18:30 con la partecipazione di ospiti istituzionali. I fotografi saranno onorati della presenza di tutta la popolazione, turisti e residenti. Sar\u00e0 anche l\u2019occasione per incontrarli singolarmente, per chiedere notizie e curiosit\u00e0 sulle immagini esposte o semplicemente per una stretta di mano.<\/p>\n<blockquote><p><em>La mostra sar\u00e0 aperta dall\u2019 8 agosto (orario inaugurazione) al 25 agosto con i seguenti orari: mattino dalle 10 alle 12 \u2013 pomeriggio dalle 18 alle 22<\/em><\/p><\/blockquote>\n<p>&nbsp;<\/p>\n<p>&nbsp;<\/p>\n<h2>DAL CAI DI AGORDO ALPINISMO GIOVANILE<\/h2>\n<blockquote><p><em>Domani e domenica\u00a0 CASERA DEL CAMP E \u00a0MONT&#8217;ALT DE FRAMONT<\/em><br \/>\n<strong>di Fulvio Zasso<\/strong><br \/>\n<a class=\"dt-pswp-item\" href=\"http:\/\/www.radiopiu.net\/wordpress\/wp-content\/uploads\/2018\/09\/framont.jpg\" data-dt-img-description=\"\" data-large_image_width=\"275\" data-large_image_height=\"183\"><img loading=\"lazy\" decoding=\"async\" class=\" wp-image-61243 alignleft\" src=\"http:\/\/www.radiopiu.net\/wordpress\/wp-content\/uploads\/2018\/09\/framont.jpg\" alt=\"\" width=\"170\" height=\"113\" \/><\/a>&#8220;Ricordo che quando frequentavo il gruppo di Alpinismo Giovanile (si parla del millennio scorso&#8230;) noi ragazzi aspettavamo con trepidazione la &#8220;due giorni&#8221; con pernottamento in tenda o in rifugio perch\u00e9 era forse una delle prime occasioni di dormire fuori casa e provare le emozioni del condividere il camerone o i pochi metri quadrati della &#8220;Salewa&#8221; a tre posti con i nostri coetanei e prender sonno con i racconti delle avventure capitate ai nostri accompagnatori. Ebbene la ruota ha continuato a girare, gli accompagnatori sono cambiati come pure le generazioni di Aquilotti ma lo spirito di avventura che li anima \u00e8 lo stesso di tanti anni fa. E&#8217; per questo che la Commissione Alpinismo Giovanile propone un&#8217;escursione di una giornata e mezza con pernottamento presso la Cas\u00e8ra del Camp (in tenda o in casera) con salita, il secondo giorno, della cima del Mont&#8217;alt di Framont: la cima centrale della triade che domina a nord di Agordo. La fatica (poca) sar\u00e0 sicuramente ripagata dal panorama che dalla cima si potr\u00e0 godere su tutta la conca Agordina e sulle cime dolomitiche circostanti. Escursione adatta a tutta la famiglia&#8221;.<\/p><\/blockquote>\n<p>&nbsp;<\/p>\n<p>&nbsp;<\/p>\n<div class=\"page-title-head hgroup\">\n<h3 class=\"entry-title\">RENATO BONA RICORDA OSVALDO NORO DI \u201cLE BELE STORIE DA NA \u00d2LTA\u201d<\/h3>\n<\/div>\n<blockquote class=\"wp-embedded-content\" data-secret=\"SS4ynh1WWE\"><p><a href=\"http:\/\/www.radiopiu.net\/wordpress\/renato-bona-ricorda-osvaldo-noro-di-le-bele-storie-da-na-olta\/\">RENATO BONA RICORDA OSVALDO NORO DI &#8220;Le bele storie da na \u00f2lta&#8221;<\/a><\/p><\/blockquote>\n<p><iframe loading=\"lazy\" title=\"&#8220;RENATO BONA RICORDA OSVALDO NORO DI &#8220;Le bele storie da na \u00f2lta&#8221;&#8221; &#8212; Radio Pi\u00f9\" class=\"wp-embedded-content\" sandbox=\"allow-scripts\" security=\"restricted\" style=\"position: absolute; clip: rect(1px, 1px, 1px, 1px);\" src=\"http:\/\/www.radiopiu.net\/wordpress\/renato-bona-ricorda-osvaldo-noro-di-le-bele-storie-da-na-olta\/embed\/#?secret=SS4ynh1WWE\" data-secret=\"SS4ynh1WWE\" width=\"600\" height=\"338\" frameborder=\"0\" marginwidth=\"0\" marginheight=\"0\" scrolling=\"no\"><\/iframe><\/p>\n<h3><\/h3>\n<p>&nbsp;<\/p>\n<p>&nbsp;<\/p>\n<div>\n<div>\n<h3><a class=\"dt-pswp-item\" href=\"http:\/\/www.radiopiu.net\/wordpress\/wp-content\/uploads\/2018\/09\/appuntamenti.jpeg\" data-dt-img-description=\"\" data-large_image_width=\"800\" data-large_image_height=\"100\"><img loading=\"lazy\" decoding=\"async\" class=\"alignnone size-full wp-image-61958\" src=\"http:\/\/www.radiopiu.net\/wordpress\/wp-content\/uploads\/2018\/09\/appuntamenti.jpeg\" alt=\"\" width=\"800\" height=\"100\" srcset=\"https:\/\/www.radiopiu.net\/wordpress\/wp-content\/uploads\/2018\/09\/appuntamenti.jpeg 800w, https:\/\/www.radiopiu.net\/wordpress\/wp-content\/uploads\/2018\/09\/appuntamenti-300x38.jpeg 300w, https:\/\/www.radiopiu.net\/wordpress\/wp-content\/uploads\/2018\/09\/appuntamenti-768x96.jpeg 768w\" sizes=\"auto, (max-width: 800px) 100vw, 800px\" \/><\/a><\/h3>\n<\/div>\n<\/div>\n<p>&nbsp;<\/p>\n<p>&nbsp;<\/p>\n<p><span style=\"color: #ff0000;\"><strong><a class=\"dt-pswp-item\" href=\"http:\/\/www.radiopiu.net\/wordpress\/wp-content\/uploads\/2019\/07\/21231208_1428419980586085_1115215269049052745_n.jpg\" data-dt-img-description=\"\" data-large_image_width=\"661\" data-large_image_height=\"661\"><img loading=\"lazy\" decoding=\"async\" class=\" wp-image-90482 alignleft\" src=\"http:\/\/www.radiopiu.net\/wordpress\/wp-content\/uploads\/2019\/07\/21231208_1428419980586085_1115215269049052745_n-300x300.jpg\" alt=\"\" width=\"145\" height=\"145\" srcset=\"https:\/\/www.radiopiu.net\/wordpress\/wp-content\/uploads\/2019\/07\/21231208_1428419980586085_1115215269049052745_n-300x300.jpg 300w, https:\/\/www.radiopiu.net\/wordpress\/wp-content\/uploads\/2019\/07\/21231208_1428419980586085_1115215269049052745_n-150x150.jpg 150w, https:\/\/www.radiopiu.net\/wordpress\/wp-content\/uploads\/2019\/07\/21231208_1428419980586085_1115215269049052745_n.jpg 661w\" sizes=\"auto, (max-width: 145px) 100vw, 145px\" \/><\/a><\/strong><\/span><\/p>\n<p><span style=\"color: #ff0000;\"><strong>PER IL SECONDO ANNO, PER TUTTA L&#8217;ESTATE: LA &#8220;FABBRICA DELLE EMOZIONI&#8221;, IN COLLABORAZIONE CON\u00a0<a class=\"profileLink\" style=\"color: #ff0000;\" href=\"https:\/\/www.facebook.com\/dersut.taibon\/?__tn__=K-R&amp;eid=ARAWHGS4pY7ErSAGuNNMHp-xra7d294ysugnpoUicWkeK9rjbvd86RDR3SHV57JuBTC7yrMP85kcC7oy&amp;fref=mentions&amp;__xts__%5B0%5D=68.ARA8kEGfdeZlMevmYpMAmAmJ7ziHM_3WogqE61anVHM5V-Ht7pYFd4NJRcEVlK7VIq__zFsG6G8vsxxKnVF1SBmpERHebECtYKNHrf4mG4C4wVmPxxn4uj_nmTIeZglrdIyUPa0dnE3usWWzci033oOnyRS5XDhoavIU-eTU85t_Wp6jFT0-ULRP932r4STxN16bdptt8cef\" data-hovercard=\"\/ajax\/hovercard\/page.php?id=904939246267497&amp;extragetparams=%7B%22__tn__%22%3A%22%2CdK-R-R%22%2C%22eid%22%3A%22ARAWHGS4pY7ErSAGuNNMHp-xra7d294ysugnpoUicWkeK9rjbvd86RDR3SHV57JuBTC7yrMP85kcC7oy%22%2C%22fref%22%3A%22mentions%22%7D\" data-hovercard-prefer-more-content-show=\"1\">Dersut Taibon<\/a>\u00a0EVENTI, APPUNTAMENTI, DIVERTIMENTI NELLA VALLATA AGORDINA. IN ONDA ALLA RADIO NEI NOTIZIARI E NEGLI APPROFONDIMENTI ALLA RADIO E SUL SITO\u00a0<a style=\"color: #ff0000;\" href=\"http:\/\/www.radiopiu.net\/?fbclid=IwAR3Zckh6EArPlP9el3_APl-CxxkfxeumpcmQ4v9HIwZohBUQuztQ4jOimzE\" target=\"_blank\" rel=\"noopener nofollow noreferrer\" data-ft=\"{&quot;tn&quot;:&quot;-U&quot;}\" data-lynx-mode=\"async\" data-lynx-uri=\"https:\/\/l.facebook.com\/l.php?u=http%3A%2F%2FWWW.RADIOPIU.NET%2F%3Ffbclid%3DIwAR3Zckh6EArPlP9el3_APl-CxxkfxeumpcmQ4v9HIwZohBUQuztQ4jOimzE&amp;h=AT3iK2sNf9WjhvLB7AaqYnWzUdWcBNNS_1cXI6UJ3eEvhP4Ym5v2vemsj9TpyM0_qzzb9gjT9sJhgm4I2ZXxgJSAlUfvNTaJwITPvOvqfAuTNdwnWON3ic-lvSbJXWzM3FVSvAgPffEqbH4dYL2TEG6D6xs5TZHrlhUGtTKMYKoPXpBJIF8ke0VZdFkl3YQ7tGdqat-r6rzvDTprheLIjQ7jKZPmLRbVLu1fIKQ2jHEQkMU8LzIZvt_s5FE3Fxl6fUw_HG6Kz2ygpE7qxE3yIyhlOk0wt55c_6ZWHfM2I0PFlpPFgNhCDJwFSVFieE73_LsmFyKeJSBqSnd9p7KBuOYgQAQepyVC8du7dtfKvd60oOKKb1xchMvMyu9mMRYGRKi2y8I7U2WlGyyKbcYHubfjzWI02WXZXcSE97K_yFCYyeqZ2T_hgQJ7vzHhfBlDLdaXxkE\">WWW.RADIOPIU.NET<\/a><\/strong><\/span><\/p>\n<audio class=\"wp-audio-shortcode\" id=\"audio-92978-15\" preload=\"none\" style=\"width: 100%;\" controls=\"controls\"><source type=\"audio\/mpeg\" src=\"http:\/\/www.radiopiu.net\/wordpress\/wp-content\/uploads\/2019\/07\/FABBRICA-EMOZIONI.mp3?_=15\" \/><a href=\"http:\/\/www.radiopiu.net\/wordpress\/wp-content\/uploads\/2019\/07\/FABBRICA-EMOZIONI.mp3\">http:\/\/www.radiopiu.net\/wordpress\/wp-content\/uploads\/2019\/07\/FABBRICA-EMOZIONI.mp3<\/a><\/audio>\n<p>&nbsp;<\/p>\n<div>\n<div><strong>CANALE D&#8217;AGORDO<\/strong> Oggi dalle 19 festa di Via Roma con musica dal vivo dalle 19, degustazione gnocco fritto con i volontari di Via Roma che vi invitano alla festa di Colmel<\/div>\n<p>&nbsp;<\/p>\n<p><strong>SELVA DI CADORE<\/strong> Pensieri in versi, poeti erranti del bellunese e amici. Presentazione del libro e incontro con gli autori, oggi\u00a0 alle 20.30 alle ore 20.30 nella sala convegni del Museo il gruppo POETI ERRANTI E AMICI presenter\u00e0 il loro libro &#8220;Quelli del sabato pomeriggio&#8221;. Vi intratterranno leggendo dei loro componimenti.<\/p>\n<div>\n<p><strong>CANALE D&#8217;AGORDO<\/strong> Domani dalle 16 Festa de Rividella, giochi e meranda per bambini, degustazione di prodotti fatti in casa con Hockey Club Canale. Previsto anche mini spettacolo pirotecnico.<\/p>\n<p><strong>ALLEGHE<\/strong> Domani alle 20 nella sede Cai di Caprile &#8220;Nostalgia per il cammino di Santiago&#8221;, diapositive con Gabriella Bellenzier, entrata libera.<\/p>\n<p><strong>CAVIOLA\u00a0<\/strong> Domani dai romani la porchetta di Ariccia, quella vera. Tutto il giorno dalle 6 del mattino a tarda sera.<\/p>\n<\/div>\n<div><strong>CAVIOLA<\/strong> Domani il ritorno di RomantiCaviola, mercatino dell&#8217;artigianato in via Lungo Tegosa dalle 10 alle 20. Alle 15.30 il Truccabimbi.<\/div>\n<div><\/div>\n<div><strong>RIVAMONTE<\/strong> Domenica dalle 18.30\u00a0 al Bar Molin\u00a0 festa dell&#8217;orzo, musica con\u00a0 EMME PI. AND BLACK WEATHER il<\/div>\n<div>grande rythm and blues e non solo.<\/div>\n<div><\/div>\n<div><strong>CAVIOLA<\/strong> Domenica 34esimo trofeo Carla Serafini, gara podistica di 6 chilometri. Partenza alle 10 e percorsi per i pi\u00f9 piccoli.\u00a0 Al termine intrattenimento al Parco Giochi con la nuova gestione di Mattia De Nardin.\u00a0 INFO PRO LOCO DI CAVIOLA 0437 590116<\/div>\n<p>&nbsp;<\/p>\n<p><strong>CENCENIGHE<\/strong> Domenica festa degli alpini in Pineta, alle 10.30 messa, 12 degustazione piatti tipici e pomeriggio in musica con Ioris.<\/p>\n<div><\/div>\n<div><\/div>\n<\/div>\n<h3>POZZA RITORNA NELL&#8217;AGORDINO<\/h3>\n<p><strong>FALCADE<\/strong> Marted\u00ec 30 luglio alle 20.30 alla casa della giovent\u00f9 di Caviola intervento di Don Marco Pozza,\u00a0 parroco del carcere \u201cDue Palazzi\u201d di Padova, \u00e8 anche giornalista\u00a0 ed\u00a0 \u00a0ha condotto su tv2000 Ave Maria e Padre Nostro e su Rai 1 \u201cA Sua Immagine,le ragioni della speranza&#8221; che ha avuto ospite anche Luisa Velluti di Falcade quando raccont\u00f2 la sua storia &#8220;Alla ricerca della mamma biologica&#8221;<\/p>\n<p>&nbsp;<\/p>\n<p>&nbsp;<\/p>\n<p><a class=\"dt-pswp-item\" href=\"http:\/\/www.radiopiu.net\/wordpress\/wp-content\/uploads\/2018\/09\/viabilita.jpeg\" data-dt-img-description=\"\" data-large_image_width=\"800\" data-large_image_height=\"100\"><img loading=\"lazy\" decoding=\"async\" class=\"alignnone size-full wp-image-61954\" src=\"http:\/\/www.radiopiu.net\/wordpress\/wp-content\/uploads\/2018\/09\/viabilita.jpeg\" alt=\"\" width=\"800\" height=\"100\" srcset=\"https:\/\/www.radiopiu.net\/wordpress\/wp-content\/uploads\/2018\/09\/viabilita.jpeg 800w, https:\/\/www.radiopiu.net\/wordpress\/wp-content\/uploads\/2018\/09\/viabilita-300x38.jpeg 300w, https:\/\/www.radiopiu.net\/wordpress\/wp-content\/uploads\/2018\/09\/viabilita-768x96.jpeg 768w\" sizes=\"auto, (max-width: 800px) 100vw, 800px\" \/><\/a><\/p>\n<p>&nbsp;<\/p>\n<blockquote><p><strong>NUOVO SENSO UNICO A SALESEI<\/strong> <strong>ED ARABBA<\/strong>Lungo la 48 delle Dolomiti da domani e fino al 9 agosto alle 7 alle 18 senso unico alternato esclusi i giorni festivi e prefestivi per la messa in sicurezza dei versanti. Ad Arabba da oggi al 9 agosto (escluso sabato e domenica)<\/p><\/blockquote>\n<p><strong>PROVINCIALE 251 VAL DI ZOLDO<\/strong>\u00a0 Fino\u00a0 al 2 agosto dalle 8 alle 12 e dalle 13.30 alle 17.30 (esclusi festivi e prefestivi) senso unico alternato e brevi interruzioni della durata massima di 15 minuti.<\/p>\n<p><strong>PROVINCIALE 8 DI SAN TOMASO:\u00a0 <\/strong>Fino\u00a0 AL 09 AGOSTO, SABATO E DOMENICA INCLUSI TRA LE LOCALITA&#8217; PIAN MOLIN E ROI INTERDIZIONE TOTALE AL TRAFFICO PER POSA CONDOTTA IDROELETTRICA.<\/p>\n<blockquote><p><strong>Regionale 203 agordina, <\/strong>localit\u00e0 LE CAMPE senso unico alternato per il ripristino della rete fognaria. Fino 2 agosto dalle 7.30 alle 8.30 e dalle 16.30 alle 18 con moviere, dalle 7 alle 7.30, dalle 8.30 alle 16.30 dalle 18 alle 19 con semaforo.<\/p><\/blockquote>\n<p><strong>PROVINCIALE 346 DEL SAN PELLEGRINO<\/strong>\u00a0 fino al 26 luglio (sabato e domenica escluso) senso unico alternato saltuario regolato da movieri in Comune di Canale d&#8217;Agordo<\/p>\n<p><strong>PROVINCIALE 3 DI VALLE IMPERINA f<\/strong>ino\u00a0 al 2 agosto senso unico alternato in localit\u00e0 Ponte Alto per allacciamento all&#8217;acquedotto per conto di GSP<\/p>\n<blockquote><p><strong>PROVINCIALE 346 DEL SAN PELLEGRINO<\/strong> fino al 2 agosto e dal 27 agosto al 13 settembre (festivi e prefestivi inclusi) senso unico alternato con movieri tra Falcade, Canale d&#8217;Agordo e Vallada per tesatura conduttori alta tensione.<\/p><\/blockquote>\n<p><strong>REGIONALE 203 AGORDINA<\/strong>\u00a0 fino al 2 agosto e dal 27 agosto al 13 settembre (inclusi festivi e prefestivi) senso unico alternato in Comune di Cencenighe, per tesatura conduttori alta tensione.<\/p>\n<p><strong>PROVINCIALE 641 DI PASSO FEDAIA<\/strong> In localit\u00e0 Rocca Pietore fino al 30 luglio senso unico alternato con impianto semaforico.<\/p>\n<p><strong>PROVINCIALE 563 DI SALESEI<\/strong> Fino al 9 agosto (festivi e prefestivi esclusi) senso unico alternato in localit\u00e0 Salesei per la posa di protezioni sul versante.<\/p>\n<div dir=\"ltr\">\n<div dir=\"ltr\">\n<p><strong>PROVINCIALE 641 DI PASSO FEDAIA<\/strong> fino al 9 agosto senso unico alternato tra Malga Ciapela e Sottoguda per la posa di nuovo cavidotto<\/p>\n<blockquote><p><strong>LA VALLE\u00a0 <\/strong>Fino\u00a031 luglio (festivi e prefestivi esclusi) senso unico a seconda delle esigenze con semaforo o movieri lungo la regionale 203 agordina in localit\u00e0 La Muda<\/p><\/blockquote>\n<\/div>\n<\/div>\n<p>&nbsp;<\/p>\n<p>&nbsp;<\/p>\n<div>\n<p>&nbsp;<\/p>\n<p><a class=\"dt-pswp-item\" href=\"http:\/\/www.radiopiu.net\/wordpress\/wp-content\/uploads\/2018\/09\/sport.jpg\" data-dt-img-description=\"\" data-large_image_width=\"800\" data-large_image_height=\"100\"><img loading=\"lazy\" decoding=\"async\" class=\"alignnone wp-image-60761 size-full\" src=\"http:\/\/www.radiopiu.net\/wordpress\/wp-content\/uploads\/2018\/09\/sport.jpg\" alt=\"\" width=\"800\" height=\"100\" srcset=\"https:\/\/www.radiopiu.net\/wordpress\/wp-content\/uploads\/2018\/09\/sport.jpg 800w, https:\/\/www.radiopiu.net\/wordpress\/wp-content\/uploads\/2018\/09\/sport-300x38.jpg 300w, https:\/\/www.radiopiu.net\/wordpress\/wp-content\/uploads\/2018\/09\/sport-768x96.jpg 768w\" sizes=\"auto, (max-width: 800px) 100vw, 800px\" \/><\/a><\/p>\n<\/div>\n<p>&nbsp;<\/p>\n<p>&nbsp;<\/p>\n<h3>TENNIS IL CITTA&#8217; DI AGORDO. IL PUNTO DI MATTEO MANFROI<\/h3>\n<audio class=\"wp-audio-shortcode\" id=\"audio-92978-16\" preload=\"none\" style=\"width: 100%;\" controls=\"controls\"><source type=\"audio\/mpeg\" src=\"http:\/\/www.radiopiu.net\/wordpress\/wp-content\/uploads\/2019\/07\/gr-26-sport-tennis-agordo.mp3?_=16\" \/><a href=\"http:\/\/www.radiopiu.net\/wordpress\/wp-content\/uploads\/2019\/07\/gr-26-sport-tennis-agordo.mp3\">http:\/\/www.radiopiu.net\/wordpress\/wp-content\/uploads\/2019\/07\/gr-26-sport-tennis-agordo.mp3<\/a><\/audio>\n<h2><\/h2>\n<p><a class=\"dt-pswp-item\" href=\"http:\/\/www.radiopiu.net\/wordpress\/wp-content\/uploads\/2019\/07\/37775450_2225753274108099_6641599845847007232_n.jpg\" data-dt-img-description=\"\" data-large_image_width=\"723\" data-large_image_height=\"365\"><img loading=\"lazy\" decoding=\"async\" class=\"alignnone size-full wp-image-93066\" src=\"http:\/\/www.radiopiu.net\/wordpress\/wp-content\/uploads\/2019\/07\/37775450_2225753274108099_6641599845847007232_n.jpg\" alt=\"\" width=\"723\" height=\"365\" srcset=\"https:\/\/www.radiopiu.net\/wordpress\/wp-content\/uploads\/2019\/07\/37775450_2225753274108099_6641599845847007232_n.jpg 723w, https:\/\/www.radiopiu.net\/wordpress\/wp-content\/uploads\/2019\/07\/37775450_2225753274108099_6641599845847007232_n-300x151.jpg 300w\" sizes=\"auto, (max-width: 723px) 100vw, 723px\" \/><\/a><\/p>\n<p>&nbsp;<\/p>\n<p>&nbsp;<\/p>\n<p>&nbsp;<\/p>\n<h2><strong>Presentata a Roma l\u2019iniziativa del Giro delle Mura citt\u00e0 di Feltre \u201cMura Solidali\u201d.<\/strong><\/h2>\n<div><strong><a class=\"dt-pswp-item\" href=\"http:\/\/www.radiopiu.net\/wordpress\/wp-content\/uploads\/2019\/07\/ICR9102.jpg\" data-dt-img-description=\"\" data-large_image_width=\"2449\" data-large_image_height=\"1633\"><img loading=\"lazy\" decoding=\"async\" class=\"alignnone size-large wp-image-93047\" src=\"http:\/\/www.radiopiu.net\/wordpress\/wp-content\/uploads\/2019\/07\/ICR9102-1024x683.jpg\" alt=\"\" width=\"1024\" height=\"683\" srcset=\"https:\/\/www.radiopiu.net\/wordpress\/wp-content\/uploads\/2019\/07\/ICR9102-1024x683.jpg 1024w, https:\/\/www.radiopiu.net\/wordpress\/wp-content\/uploads\/2019\/07\/ICR9102-300x200.jpg 300w, https:\/\/www.radiopiu.net\/wordpress\/wp-content\/uploads\/2019\/07\/ICR9102-768x512.jpg 768w\" sizes=\"auto, (max-width: 1024px) 100vw, 1024px\" \/><\/a>ROMA<\/strong> Ieri mattina nella sala stampa della Camera dei Deputati a Roma \u00e8 stata presentata l\u2019iniziativa \u201cMura Solidali\u201d. Il sindaco di Feltre Paolo Perenzin profondo conoscitore del Giro delle Mura e della vocazione volontaristica di Feltre ha presentato gli ospiti presenti moderando un dibattito interessante e stimolante. Il sindaco, dopo aver ringraziato tutti i presenti ha ribadito: <em>\u00abIl Giro delle Mura \u00e8 molto di pi\u00f9 che una competizione internazionale di corsa su strada.\u00e8 sociale, \u00e8 avvicinamento dei giovani, delle scuole, delle famiglie, \u00e8 promozione della salute , \u00e8 sport per tutti senza barriere e senza confini, \u00e8 evento di richiamo e promozione del territorio. In una parola, il Giro delle Mura \u00e8 nella storia della citt\u00e0 di Feltre\u00bb.<\/em><br \/>\nGian Pietro Slongo presidente dell\u2019Associazione Giro delle Mura, ha ribadito,<em> \u00abMura Solidali \u00e8 lavoro \u201cdi gruppo\u201d che nasce dall\u2019idea che lo sport sia per tutti e tutti devono avere la possibilit\u00e0 di avvicinarsi allo sport. L\u2019idea fondamentale \u00e8 quella di mettere in gioco competenze diverse per fare rete. La rete ha un suo scopo e una sua forma. La forma \u00e8 quella di Mura Solidali\u00bb.<\/em><\/div>\n<div><a class=\"dt-pswp-item\" href=\"http:\/\/www.radiopiu.net\/wordpress\/wp-content\/uploads\/2019\/07\/Oscar-De-Pellegrin.jpg\" data-dt-img-description=\"\" data-large_image_width=\"2449\" data-large_image_height=\"1633\"><img loading=\"lazy\" decoding=\"async\" class=\"wp-image-93050 alignright\" src=\"http:\/\/www.radiopiu.net\/wordpress\/wp-content\/uploads\/2019\/07\/Oscar-De-Pellegrin-1024x683.jpg\" alt=\"\" width=\"176\" height=\"117\" srcset=\"https:\/\/www.radiopiu.net\/wordpress\/wp-content\/uploads\/2019\/07\/Oscar-De-Pellegrin-1024x683.jpg 1024w, https:\/\/www.radiopiu.net\/wordpress\/wp-content\/uploads\/2019\/07\/Oscar-De-Pellegrin-300x200.jpg 300w, https:\/\/www.radiopiu.net\/wordpress\/wp-content\/uploads\/2019\/07\/Oscar-De-Pellegrin-768x512.jpg 768w\" sizes=\"auto, (max-width: 176px) 100vw, 176px\" \/><\/a>La medaglia d\u2019oro olimpica nel tiro con l\u2019arco e portabandiera alle Paraolimpiadi di Londra 2012, Oscar De Pellegrin ha sottolineato: <em>\u00abIl tema di \u201cOrizzonte paralimpico\u201d \u00e8 la diffusione dello sport paraolimpico. Grazie al sostegno di Mura Solidali tanti giovani avranno la possibilit\u00e0 di riappropriarsi della loro vita e di esprimere il proprio potenziale&#8221;<\/em><br \/>\n<a class=\"dt-pswp-item\" href=\"http:\/\/www.radiopiu.net\/wordpress\/wp-content\/uploads\/2019\/07\/Girolamo-Bentivoglio-Fiandra.jpg\" data-dt-img-description=\"\" data-large_image_width=\"2449\" data-large_image_height=\"1633\"><img loading=\"lazy\" decoding=\"async\" class=\"wp-image-93049 alignleft\" src=\"http:\/\/www.radiopiu.net\/wordpress\/wp-content\/uploads\/2019\/07\/Girolamo-Bentivoglio-Fiandra-1024x683.jpg\" alt=\"\" width=\"197\" height=\"131\" srcset=\"https:\/\/www.radiopiu.net\/wordpress\/wp-content\/uploads\/2019\/07\/Girolamo-Bentivoglio-Fiandra-1024x683.jpg 1024w, https:\/\/www.radiopiu.net\/wordpress\/wp-content\/uploads\/2019\/07\/Girolamo-Bentivoglio-Fiandra-300x200.jpg 300w, https:\/\/www.radiopiu.net\/wordpress\/wp-content\/uploads\/2019\/07\/Girolamo-Bentivoglio-Fiandra-768x512.jpg 768w\" sizes=\"auto, (max-width: 197px) 100vw, 197px\" \/><\/a>\u00a0Il Comandante Provinciale dei Vigili del Fuoco, Girolamo Bentivoglio Fiandra, spiegato il significato dei due sostantivi \u201cSport\u201d e \u201cSolidariet\u00e0\u201d, definizioni che si legano perfettamente al lavoro quotidiani dei Vigili del Fuoco. <em>\u00abSport e solidariet\u00e0, due parole che sono nel DNA dei Vigili del Fuoco. Lo sport per il mantenimento delle condizioni fisiche e mentali , determinanti per rafforzare lo spirito di squadra. Solidariet\u00e0 quale valore cardine sul quale i Vigili del Fuoco fondano la loro attivit\u00e0 istituzionale\u00bb.<\/em><br \/>\n<em>\u00a0Il Direttore Generale ULSS 1, Adriano Rasi Caldagno nel suo intervento ha detto: <a class=\"dt-pswp-item\" href=\"http:\/\/www.radiopiu.net\/wordpress\/wp-content\/uploads\/2019\/07\/Dario-Bond.jpg\" data-dt-img-description=\"\" data-large_image_width=\"2449\" data-large_image_height=\"1633\"><img loading=\"lazy\" decoding=\"async\" class=\"wp-image-93051 alignright\" src=\"http:\/\/www.radiopiu.net\/wordpress\/wp-content\/uploads\/2019\/07\/Dario-Bond-1024x683.jpg\" alt=\"\" width=\"171\" height=\"114\" srcset=\"https:\/\/www.radiopiu.net\/wordpress\/wp-content\/uploads\/2019\/07\/Dario-Bond-1024x683.jpg 1024w, https:\/\/www.radiopiu.net\/wordpress\/wp-content\/uploads\/2019\/07\/Dario-Bond-300x200.jpg 300w, https:\/\/www.radiopiu.net\/wordpress\/wp-content\/uploads\/2019\/07\/Dario-Bond-768x512.jpg 768w\" sizes=\"auto, (max-width: 171px) 100vw, 171px\" \/><\/a>\u00abL\u2019Ulss Dolomiti \u00e8 orgogliosa di fare parte di questo progetto. \u00c8 fondamentale, in ambito preventivo, stimolare a prendersi cura di s\u00e9 attraverso lo sport che \u00e8 salute e inclusione\u00bb.<\/em><\/div>\n<p><strong>AUDIO DARIO BOND<\/strong><\/p>\n<audio class=\"wp-audio-shortcode\" id=\"audio-92978-17\" preload=\"none\" style=\"width: 100%;\" controls=\"controls\"><source type=\"audio\/mpeg\" src=\"http:\/\/www.radiopiu.net\/wordpress\/wp-content\/uploads\/2019\/07\/BOND-MURA.mp3?_=17\" \/><a href=\"http:\/\/www.radiopiu.net\/wordpress\/wp-content\/uploads\/2019\/07\/BOND-MURA.mp3\">http:\/\/www.radiopiu.net\/wordpress\/wp-content\/uploads\/2019\/07\/BOND-MURA.mp3<\/a><\/audio>\n<p>&nbsp;<\/p>\n<p>&nbsp;<\/p>\n<h2 class=\"p1\"><span class=\"s1\"><b>CAMPIONATO AGORDINO DI CALCIO<\/b><\/span><\/h2>\n<p class=\"p1\"><span class=\"s1\"><b>QUARTI DI FINALE<\/b><\/span><\/p>\n<p class=\"p1\"><span class=\"s1\"><b>IL PUNTO\u00a0 <\/b><\/span><span class=\"s1\"><b>I RISULTATI <\/b><\/span><span class=\"s1\">Vallada &#8211; Taibon 3-2 <\/span><span class=\"s1\">Caprile &#8211; Rivamonte 3-0 <\/span><span class=\"s1\">Fodom &#8211; Agordo 2009 4-2 <\/span><span class=\"s1\">Voltago &#8211; Frassen\u00e8 2-1 <\/span><span class=\"s1\"><b>PROSSIMO TURNO <\/b><\/span>SEMIFINALI <span class=\"s1\">A Boscoverde di Rocca Pietore <\/span><span class=\"s1\">ore 15 Voltago &#8211; Vallada <\/span><span class=\"s1\">ore 17:30 Caprile &#8211; Fodom<\/span><\/p>\n<h2 class=\"p1\" style=\"text-align: left;\"><span class=\"s1\"><b>CAMPIONATO AGORDINO GIOVANILE <\/b><\/span><\/h2>\n<p class=\"p3\"><span class=\"s1\">I risultati: La Valle \u2013 Taibon 0-3, Cencenighe \u2013 Alleghe 2-4, Canale \u2013 Le Ville \u00e8 stata rinviata a marted\u00ec prossimo. Ha riposato il Fodom <\/span><span class=\"s1\">Classifica: La Valle e Taibon 15, Canale*, Fodom e Le Ville* 6, Alleghe 3, Cencenighe 0 (*una partita in meno) <\/span><span class=\"s1\">Prossimo turno: sabato 27 luglio alle ore 16 Canale \u2013 Alleghe, Taibon \u2013 Cencenighe, Le Ville \u2013 Fodom. Riposa il La Valle.<\/span><\/p>\n<p>&nbsp;<\/p>\n<p>&nbsp;<\/p>\n<p>&nbsp;<\/p>\n<p>&nbsp;<\/p>\n<h2>Il fumetto del trevigiano Manuel Zanette per la maglietta del 25. Giro del Lago di Santa Croce:\u00a0\u00abFacciamo pedalare i nostri cuori\u00bb<\/h2>\n<p><strong><a class=\"dt-pswp-item\" href=\"http:\/\/www.radiopiu.net\/wordpress\/wp-content\/uploads\/2019\/07\/foto-presentazione-maglia-giro-lago-25.07.2019-5.jpg\" data-dt-img-description=\"\" data-large_image_width=\"1900\" data-large_image_height=\"1267\"><img loading=\"lazy\" decoding=\"async\" class=\"wp-image-93040 alignleft\" src=\"http:\/\/www.radiopiu.net\/wordpress\/wp-content\/uploads\/2019\/07\/foto-presentazione-maglia-giro-lago-25.07.2019-5-1024x683.jpg\" alt=\"\" width=\"227\" height=\"151\" srcset=\"https:\/\/www.radiopiu.net\/wordpress\/wp-content\/uploads\/2019\/07\/foto-presentazione-maglia-giro-lago-25.07.2019-5-1024x683.jpg 1024w, https:\/\/www.radiopiu.net\/wordpress\/wp-content\/uploads\/2019\/07\/foto-presentazione-maglia-giro-lago-25.07.2019-5-300x200.jpg 300w, https:\/\/www.radiopiu.net\/wordpress\/wp-content\/uploads\/2019\/07\/foto-presentazione-maglia-giro-lago-25.07.2019-5-768x512.jpg 768w, https:\/\/www.radiopiu.net\/wordpress\/wp-content\/uploads\/2019\/07\/foto-presentazione-maglia-giro-lago-25.07.2019-5.jpg 1900w\" sizes=\"auto, (max-width: 227px) 100vw, 227px\" \/><\/a>ALPAGO\u00a0<\/strong> \u00c8 il trevigiano Manuel Zanette, studente di Cordignano, l&#8217;autore della maglietta della 25. edizione del Giro del Lago di Santa Croce, evento dedicato ai ciclisti e ai podisti (e in questo 2019 anche ai pattinatori) che si svolger\u00e0 domenica 18 agosto e che \u00e8 proposto dal comitato Alpago 2 ruote &amp; solidariet\u00e0. Zanette, classe 2002, studente del liceo scientifico Flaminio di Vittorio Veneto, \u00e8 infatti il vincitore del concorso di idee per la realizzazione di un\u2019immagine grafica, da stampare sulla maglietta dei partecipanti al Giro, concorso realizzato in sinergia con il Centro servizi per il volontariato di Belluno e con il Miur \u2013 Uffici scolastici delle province di Belluno, Treviso e Pordenone, e che ha visto protagonisti gli studenti delle scuole secondarie di secondo grado delle tre province.<\/p>\n<blockquote><p><em><a class=\"dt-pswp-item\" href=\"http:\/\/www.radiopiu.net\/wordpress\/wp-content\/uploads\/2019\/07\/GDL_MAGLIETTA2019_HD-1.jpg\" data-dt-img-description=\"\" data-large_image_width=\"4134\" data-large_image_height=\"4725\"><img loading=\"lazy\" decoding=\"async\" class=\"wp-image-93042 alignleft\" src=\"http:\/\/www.radiopiu.net\/wordpress\/wp-content\/uploads\/2019\/07\/GDL_MAGLIETTA2019_HD-1-896x1024.jpg\" alt=\"\" width=\"163\" height=\"187\" srcset=\"https:\/\/www.radiopiu.net\/wordpress\/wp-content\/uploads\/2019\/07\/GDL_MAGLIETTA2019_HD-1-896x1024.jpg 896w, https:\/\/www.radiopiu.net\/wordpress\/wp-content\/uploads\/2019\/07\/GDL_MAGLIETTA2019_HD-1-262x300.jpg 262w, https:\/\/www.radiopiu.net\/wordpress\/wp-content\/uploads\/2019\/07\/GDL_MAGLIETTA2019_HD-1-768x878.jpg 768w\" sizes=\"auto, (max-width: 163px) 100vw, 163px\" \/><\/a>\u00abQuando ho visto il bando di concorso ho pensato subito di aderire e disegnare il soggetto per la maglia del giro del lago di Santa Croce, cos\u00ec sono entrato nel sito della manifestazione per farmi un\u2019idea di cosa fosse realmente\u00bb spiega Manuel. \u00ab Ho visto che si trattava di un\u2019iniziativa solidale e leggendo la breve descrizione dell\u2019evento ho trovato la frase \u2039\u2039\u2026un\u2019iniziativa volta a far pedalare prima di tutti i vostri cuori.<\/em>\u00a0<em>A questo punto ho deciso che il protagonista del disegno sarebbe stato un cuore in bicicletta. Prendendo spunto dalle magliette degli anni scorsi ho scelto come sfondo una rappresentazione del lago, semplice ma efficace. In seguito ho pensato di creare una striscia di fumetto, per deviare dal disegno a pagina intera degli anni scorsi, cos\u00ec ho creato una striscia di tre vignette che, secondo me, esprimesse il senso della manifestazione, creando allo stesso tempo allegria negli occhi di chi la guarda\u00bb.<\/em><\/p><\/blockquote>\n<p>La maglietta, che come tradizione verr\u00e0 consegnata a ogni partecipante al Giro del Lago, \u00e8 stata presentata gioved\u00ec 25 luglio nella sede del Centro servizi per il volontariato di Belluno. Per approfondimenti sul Giro del Lago di Santa Croce: www.2ruotealpago.it<\/p>\n<p>&nbsp;<\/p>\n<p>&nbsp;<\/p>\n<p><strong><a class=\"dt-pswp-item\" href=\"http:\/\/www.radiopiu.net\/wordpress\/wp-content\/uploads\/2018\/09\/WhatsApp-Image-2018-09-20-at-16.04.06.jpeg\" data-dt-img-description=\"\" data-large_image_width=\"800\" data-large_image_height=\"100\"><img loading=\"lazy\" decoding=\"async\" class=\"alignnone wp-image-61378 size-full\" src=\"http:\/\/www.radiopiu.net\/wordpress\/wp-content\/uploads\/2018\/09\/WhatsApp-Image-2018-09-20-at-16.04.06.jpeg\" alt=\"\" width=\"800\" height=\"100\" srcset=\"https:\/\/www.radiopiu.net\/wordpress\/wp-content\/uploads\/2018\/09\/WhatsApp-Image-2018-09-20-at-16.04.06.jpeg 800w, https:\/\/www.radiopiu.net\/wordpress\/wp-content\/uploads\/2018\/09\/WhatsApp-Image-2018-09-20-at-16.04.06-300x38.jpeg 300w, https:\/\/www.radiopiu.net\/wordpress\/wp-content\/uploads\/2018\/09\/WhatsApp-Image-2018-09-20-at-16.04.06-768x96.jpeg 768w\" sizes=\"auto, (max-width: 800px) 100vw, 800px\" \/><\/a><\/strong><\/p>\n<p>&nbsp;<\/p>\n<p><center><b>Venerdi 26<\/b><\/center><b>Tempo atteso: <\/b>Tempo abbastanza soleggiato al mattino, mentre la cumulificazione diurna e pomeridiana sar\u00e0 maggiore rispetto ai giorni precedenti cos\u00ec come l&#8217;insidia di fenomeni convettivi. Temperature ancora ben superiori alle medie del periodo. L&#8217;afa crescer\u00e0 ulteriormente alle quote pi\u00f9 basse.<br \/>\n<b>Precipitazioni: <\/b>Al mattino assenti (0%); tra le ore centrali e il pomeriggio\/sera probabili rovesci sparsi e temporali di calore (50\/70%), isolatamente di forte intensit\u00e0.<br \/>\n<b>Temperature: <\/b>Minime senza notevoli variazioni; massime in contenuto calo nelle valli, stazionarie in quota. Su Prealpi a 1500 m min 17\u00b0C max 22\u00b0C, a 2000 m min 15\u00b0C max 18\u00b0C. Su Dolomiti a 2000 m min 13\u00b0C max 18\u00b0C, a 3000 m min 8\u00b0C max 10\u00b0C.<br \/>\n<b>Venti: <\/b>Nelle valli deboli\/moderati a regime di brezza; in quota deboli dai quadranti occidentali, a 5-10 km\/h a 2000 m, 5-15 km\/h a 3000 m.<\/p>\n<hr \/>\n<p><center><b>Sabato 27<\/b><\/center><b>Tempo atteso: <\/b>Tempo da variabile al mattino ad instabile tra le ore centrali e il pomeriggio\/sera, quando i fenomeni risulteranno pi\u00f9 diffusi dei giorni precedenti. Il clima diverr\u00e0 meno caldo, anche se sar\u00e0 ancora afoso al mattino.<br \/>\n<b>Precipitazioni: <\/b>Al primo mattino assenti (0%); nel corso della mattinata crescente probabilit\u00e0 di rovesci e temporali, dapprima a carattere sparso (40\/60%), poi anche diffuse, soprattutto tra pomeriggio e sera (60\/80%); i fenomeni potranno assumere carattere di forte intensit\u00e0.<br \/>\n<b>Temperature: <\/b>In calo, specie in quota, dove le minime saranno in serata, e nei valori massimi nelle valli. Su Prealpi a 1500 m min 15\u00b0C max 19\u00b0C, a 2000 m min 11\u00b0C max 16\u00b0C. Su Dolomiti a 2000 m min 11\u00b0C max 16\u00b0C, a 3000 m min 5\u00b0C max 8\u00b0C.<br \/>\n<b>Venti: <\/b>Nelle valli deboli meridionali, con possibili raffiche temporalesche; in quota da deboli a moderati da Sud-Ovest, a 10-15 km\/h a 2000 m, 15-30 km\/ha a 3000 m.<\/p>\n<hr \/>\n<p><center><b>Domenica 28<\/b><\/center>Tempo instabile\/perturbato con cielo perlopi\u00f9 molto nuvoloso e fenomeni diffusi, in possibile attenuazione alla sera. Saranno possibili rovesci anche intensi, con quantitativi abbondanti in tempi ristretti e, specie sulle Prealpi, temporali di forte intensit\u00e0. Clima decisamente pi\u00f9 fresco. Venti moderati meridionali in quota.<\/p>\n<hr \/>\n<p><center><b>Lunedi 29<\/b><\/center>Tempo in miglioramento, con possibili fenomeni fino al primo mattino, seguiti da un diradamento della nuvolosit\u00e0. Tra le ore centrali e il pomeriggio\/sera, specie in caso di ampie schiarite mattutine, sar\u00e0 possibile la ripresa di qualche isolato rovescio. Clima mattutino fresco; sensibile rialzo termico diurno in funzione del soleggiamento. Previsore: G.M.<\/p>\n","protected":false},"excerpt":{"rendered":"<p>Un altro temporale e la 641 del Fedaia va in tilt, problemi maggiori a Misurina con la chiusura della Sp49, maltempo atteso anche per il fine settimana intanto Cibiana causa una frana rischia l&#8217;isolamento. Vento e tempesta anche tra i sindaci agordini, le nomine per il Consorzio Bim fanno storcere il naso da destra a&hellip;<\/p>\n","protected":false},"author":1,"featured_media":93030,"comment_status":"closed","ping_status":"closed","sticky":false,"template":"","format":"standard","meta":{"_monsterinsights_skip_tracking":false,"_monsterinsights_sitenote_active":false,"_monsterinsights_sitenote_note":"","_monsterinsights_sitenote_category":0,"footnotes":""},"categories":[86],"tags":[],"class_list":["post-92978","post","type-post","status-publish","format-standard","has-post-thumbnail","hentry","category-gr","category-86","description-off"],"img_url":"https:\/\/www.radiopiu.net\/wordpress\/wp-content\/uploads\/2019\/07\/WhatsApp-Image-2019-07-25-at-16.01.16-1.jpeg","_links":{"self":[{"href":"https:\/\/www.radiopiu.net\/wordpress\/wp-json\/wp\/v2\/posts\/92978","targetHints":{"allow":["GET"]}}],"collection":[{"href":"https:\/\/www.radiopiu.net\/wordpress\/wp-json\/wp\/v2\/posts"}],"about":[{"href":"https:\/\/www.radiopiu.net\/wordpress\/wp-json\/wp\/v2\/types\/post"}],"author":[{"embeddable":true,"href":"https:\/\/www.radiopiu.net\/wordpress\/wp-json\/wp\/v2\/users\/1"}],"replies":[{"embeddable":true,"href":"https:\/\/www.radiopiu.net\/wordpress\/wp-json\/wp\/v2\/comments?post=92978"}],"version-history":[{"count":0,"href":"https:\/\/www.radiopiu.net\/wordpress\/wp-json\/wp\/v2\/posts\/92978\/revisions"}],"wp:featuredmedia":[{"embeddable":true,"href":"https:\/\/www.radiopiu.net\/wordpress\/wp-json\/wp\/v2\/media\/93030"}],"wp:attachment":[{"href":"https:\/\/www.radiopiu.net\/wordpress\/wp-json\/wp\/v2\/media?parent=92978"}],"wp:term":[{"taxonomy":"category","embeddable":true,"href":"https:\/\/www.radiopiu.net\/wordpress\/wp-json\/wp\/v2\/categories?post=92978"},{"taxonomy":"post_tag","embeddable":true,"href":"https:\/\/www.radiopiu.net\/wordpress\/wp-json\/wp\/v2\/tags?post=92978"}],"curies":[{"name":"wp","href":"https:\/\/api.w.org\/{rel}","templated":true}]}}