{"id":92988,"date":"2019-07-25T11:03:51","date_gmt":"2019-07-25T09:03:51","guid":{"rendered":"http:\/\/www.radiopiu.net\/wordpress\/?p=92988"},"modified":"2019-07-25T11:05:35","modified_gmt":"2019-07-25T09:05:35","slug":"al-via-kalat-nissa-film-festival","status":"publish","type":"post","link":"https:\/\/www.radiopiu.net\/wordpress\/al-via-kalat-nissa-film-festival\/","title":{"rendered":"AL VIA KALAT NISSA FILM FESTIVAL"},"content":{"rendered":"<div>\n<div><strong>AGORDO<\/strong> Inizia oggi la quattro giorni di eventi ed appuntamenti tra Piazza Libert\u00e0 e la Sala Don Tamis.<\/div>\n<div><span style=\"color: #ff0000;\">LO SPECIALE ALLA RADIO, di Mirko Mezzacasa<\/span><br \/>\nCON Fernando Barbieri, Laura Abbaleo, Girolamo Bentivoglio, Roberto Giacobbo<\/div>\n<div>\n<audio class=\"wp-audio-shortcode\" id=\"audio-92988-1\" preload=\"none\" style=\"width: 100%;\" controls=\"controls\"><source type=\"audio\/mpeg\" src=\"http:\/\/www.radiopiu.net\/wordpress\/wp-content\/uploads\/2019\/07\/KALTA-NISSA-FILM-FESTIVAL.mp3?_=1\" \/><a href=\"http:\/\/www.radiopiu.net\/wordpress\/wp-content\/uploads\/2019\/07\/KALTA-NISSA-FILM-FESTIVAL.mp3\">http:\/\/www.radiopiu.net\/wordpress\/wp-content\/uploads\/2019\/07\/KALTA-NISSA-FILM-FESTIVAL.mp3<\/a><\/audio>\n<blockquote><p>&nbsp;<\/p><\/blockquote>\n<\/div>\n<\/div>\n<div><\/div>\n<div><\/div>\n<div><\/div>\n<div><\/div>\n<blockquote>\n<div><\/div>\n<\/blockquote>\n<div>\n<div><strong>IERI LA CONFERENZA STAMPA A BELLUNO<\/strong><br \/>\n<a class=\"dt-pswp-item\" href=\"http:\/\/www.radiopiu.net\/wordpress\/wp-content\/uploads\/2019\/07\/IMG_2195-Foto-conferenza-stampa.jpg\" data-dt-img-description=\"\" data-large_image_width=\"640\" data-large_image_height=\"480\"><img loading=\"lazy\" decoding=\"async\" class=\" wp-image-92989 alignleft\" src=\"http:\/\/www.radiopiu.net\/wordpress\/wp-content\/uploads\/2019\/07\/IMG_2195-Foto-conferenza-stampa-150x150.jpg\" alt=\"\" width=\"195\" height=\"195\" \/><\/a>Si \u00e8 svolta in Sala Caldart di Villa Doglioni Dalmas sede di Confindustria Belluno Dolomiti la conferenza stampa di presentazione della nona edizione del Kalat Nissa Film Festival, alla presenza delle associazioni partners del Festival, dei rappresentanti degli enti patrocinatori e dei media partners.\u00a0 Pronto il programma del KALAT NISSA FILM FESTIVAL, concorso cinematografico internazionale dedicato al cortometraggio, che si svolge quest\u2019anno dal 25 al 28 Luglio 2019 ad Agordo in Provincia di Belluno. Tre giorni di grande spettacolo e grandi ospiti con 18 corti in finale e eventi culturali per tutti i gusti: musica, danza, cabaret, percorsi culturali e molto altro.\u00a0 Giunto alla sua nona edizione, il Festival conferma il suo carattere originale e il prestigio internazionale. Una vetrina d\u2019eccellenza per gli artisti emergenti di tutto il mondo con la peculiarit\u00e0 di essere rivolto all\u2019Europa, con canali diretti che mettono in contatto l\u2019Italia con alcune nazioni dell\u2019Est Europa come l\u2019Ungheria, la Polonia, la Russia.\u00a0 <strong>Direttore artistico Roberto Giacobbo.<\/strong><\/div>\n<blockquote>\n<div><em>Grazie all\u2019organizzazione dell\u2019Associazione cinematografica e culturale \u201cLaboratorio dei sogni\u201d, rappresentata dal Presidente Arch. Fernando Barbieri, il KALAT NISSA FILM FESTIVAL \u00e8 cresciuto di anno in anno, contando in questa edizione, ben 400 lavori da 60 paesi di tutto il mondo, tra i quali l\u2019Iraq, l\u2019Australia, gli Stati Uniti d\u2019America, il Messico, la Colombia, il Giappone, la Siria, il Venezuela e tutta l\u2019Europa.<\/em><\/div>\n<\/blockquote>\n<div>I corti verranno proiettati al pubblico nei giorni 25 e 26 luglio 2019, nella bellissima location della Sala Don Tamis gentilmente concessa dall\u2019Unione Montana agordina ad Agordo. Il 27 maggio 2019 avverr\u00e0 la premiazione del vincitore assoluto \u201cAntenna D\u2019Oro\u201d e verranno attribuiti i vari premi di categoria e le menzioni speciali. Verr\u00e0 anche attribuito il Premio del suono dalla giuria del CESMA, formata da Gilberto Martinelli, Simone Corelli, Alberto Pinto, Fabio Felici e tutti gli studenti dell\u2019ultimo anno del suono del CESMA. Il Premio sar\u00e0 assegnato al corto che risponder\u00e0 ai requisiti audio di qualit\u00e0 sonora per la presa diretta. Tantissimi gli ospiti per un\u2019edizione ricchissima di sorprese: La giuria di eccezione \u00e8 formata da Lajos Koltai, (Presidente onorario), Stefania Berbenni, Luigi Mariniello, Stefania Casini, Nicoletta Ercole, Giancarlo Soldi e Sachin Khanna. La terna di presentatori \u00e8 composta da Laura Abbaleo nella serata del 25 luglio, alla quale si aggiunger\u00e0 la bellissima Milena Gori il 26 Luglio ed infine nuovamente Milena Gori e Roberto Giacobbo nella serata finale di gala del 27 luglio 2019, dedicata alla premiazione del vincitore<\/div>\n<div><\/div>\n<h2>Programma del Festival:<\/h2>\n<div>\n<p><strong>GIOVEDI\u2019 25 LUGLIO <\/strong>\u00a0LOCATION: SALA DON TAMIS- AGORDO Ore 17:00 \u2013 23:00 Welcome Desk per i registi e gli ospiti del \u201cKalat Nissa Film Festival\u201d Ore 20:45 Apertura ufficiale della manifestazione alla presenza di tutte le autorit\u00e0, con il taglio del nastro presso la Sala Don Tamis Agordo.\u00a0 Ore 21:00 Inizio prima serata inaugurale del Festival. Presenta: Laura Abbaleo \u2022 Saluto delle autorit\u00e0 ! \u2022 Visione dei Cortometraggi in nomination: 1 Robot will protect you, di Nicola Piovesan Animazione 10 m 2 Le avventure di Mr food and Mrs wine, di Antonio Silvestre Comics 3 Eva, di Paolo Budassi Io Diverso da chi? 15 m Italy 4 La Verit\u00e0, di Giuseppe Alessio Nuzzo Trailer 2m 04s Italy 5 Lucy, di Roberto Gutierrez Tema libero 15m Venezuela Estonia 18 m\u00a0 Italy \u2022 Musica a cura dell\u2019Associazione cinematografica e culturale Laboratorio dei sogni -Esibizione con il sax di Luigi Scarnato &#8211; Esibizione della cantante Jessica Lena<\/p>\n<p><strong>VENERDI\u2019 26 LUGLIO <\/strong>\u00a0 LOCATION: SALA DON TAMIS- AGORDO O! re 17:00 \u2013 23:00 Welcome Desk per i registi e gli ospiti del \u201cKalat Nissa Film Festival\u201d ! O! re 17:00-18:30 Visione dei cortometraggi in nomination 1 Paradiso, di Niccol\u00f2 Gentili, Ignacio Paurici Io Diverso da chi? 13 m Italy 2 Genericamente Giulio Neglia Tema libero 18 m 20s 3 Risorse Umane Giovanni Conte Comics 7m Italy 4 Frieda &#8211; Coming Home Doc Miguel Trailer 2 m Germany 5 Sare Jahan Se Accha Gurprasad Singh Tema Libero 5 m 51s 6 Giovani Italiani Alessandro Panza Tema Libero 11 m 35s 7 Addio Clochard. di Michele Li Volsi Io Diverso da chi? 15 m 8 Antxoni, di Rub\u00e9n Saiinz Tema libero 14 m Spain\u00a0 India Italy Italy LOCATION: PIAZZA DELLA LIBERTA\u2019- AGORDO\u00a0 Ore 18:30-20:00 Evento collaterale con veicoli Italian style &#8211; saranno scelti i modelli Vespa tratti dal mondo della cinematografia Esposizione statica dei veicoli Italian Style e i! nizio passeggiata in Vespa per le vie cittadine; partenza e arrivo nella Piazza della Libert\u00e0 in Agordo (curato dagli Amici in sella Agordo). Sulle Vespe saliranno come passeggeri gli ospiti VIP del Festival.\u00a0 ORE 20:00 \u2013 Esibizione dei vigili del Fuoco Spettacolare esibizione dei Vigili del Fuoco- Partner istituzionale del Festival- con uomini e mezzi<br \/>\nLOCATION: SALA DON TAMIS- AGORDO\u00a0 Ore 21:00 2\u00b0 Serata del Festival Presentano: Laura Abbaleo e Milena Gori. \u00a0Visione dei Cortometraggi in Nomination!<br \/>\n1 Il mondiale in piazza Vito Palmieri Tema libero 15 m Italy 2 Tutti i nostri ieri Lorenzo Santoni Tema Libero 15 m italy 3 Broccoli Ivan Sainz &#8211; Pardo Tema Libero 3 m Germany 4 The Graffiti Aur\u00e9lien Laplace Comics 9 m France 5 Sugarlove Laura Luchetti Animazione 9 m Italy Presenti in sala come o! spiti artistici della serata: Roberto Giacobbo \u2013 direttore Artistico del Kalat Nissa Film Festival Luigi Scarnato con un\u2019esibizione al sax Alberto Pinto, illustre matematico e concertista strumenti musicali antichi; in rappresentanza del gruppo CESMA di Ginevra- Svizzera Coordinatore internazionale (Varsavia) del progetto Erasmus Plus CINEMAFORUM: \u201cSPOT- SOCIAL PICTURES OF TODAY\u201d- Radom (Polonia).<\/p>\n<p><strong>SABATO 27 LUGLIO <\/strong>LOCATION: PIAZZA DELLA LIBERTA\u2019- AGORDO Ore 09:00 -18:00 Mercatino dell\u2019artigianato agordino Evento a cura della Pro Loco di Agordo\u00a0 LOCATION: AGORDO- PRESSO LE VIE CITTADINE Evento Pro Loco: Passeggiata degli ospiti del festival per le vie cittadine. LOCATION: PIAZZA DELLA LIBERTA\u2019- AGORDO Ore 16:00 -19:30 Mostra statica e tour dinamico: alcuni veicoli dell\u2019Alfa Romeo Club Belluno con modelli spider porteranno in giro per le vie della citt\u00e0 gli ospiti VIP della manifestazione. LOCATION: SALA DON TAMIS- AGORDO Ore 17:00 \u2013 23:00 Welcome Desk \u201cKalat Nissa Film Festival\u201d. Ore 20:30 Red Carpet. Presenta Laura Abbaleo O! re 21:00 Inizio serata di Gala finale. Presentano la serata Roberto Giacobbo e Milena Gori. Inizio serata, assegnazione dei premi di categoria, assegnazione di un premio di eccellenza ai Volontari del Soccorso Alpino. &#8211; e premiazione del miglior corto in assoluto con la consegna dell\u2019Antenna d\u2019Oro. Nella serata \u00e8 prevista la sola proiezione del corto vincitore assoluto del festival Ospiti della serata:\u00a0 Il cabarettista Roberto Faoro Performances musicali: -Luigi Scarnato con una breve intro al sax ad apertura sipario e nella serata canta Jessica Lena<\/p>\n<p><strong>DOMENICA 28 LUGLIO\u00a0 EPILOGO MUSICALE<\/strong> del 9 Kalat Nissa Film Festival- in condivisione con il programma culturale \u201cMusica nell\u2019agordino\u201d LOCATION: CHIESA MADRE DI AGORDO CO-ORGANIZZATO CON L\u2019ASSOCIAZIONE \u201cGLI AMICI DELLA MUSICA\u201d Ore 21:00 Concerto a cura del delegato del prestigioso Gruppo del suono CESMA di Ginevra, il concertista di strumenti antichi Alberto Pinto, che suoner\u00e0 il bellissimo organo modello Cipriani del 1844 custodito nella Chiesa Madre di Agordo. Sar\u00e0 presente anche l\u2019esperto Ingegnere del suono Simone Corelli sempre in delegazione del Gruppo CESMA e Gilberto Martinelli, regista; in rappresentanza della societ\u00e0 Lambda, ideatrice del Premio del suono.<\/p>\n<\/div>\n<\/div>\n<div id=\"DAB4FAD8-2DD7-40BB-A1B8-4E2AA1F9FDF2\"><\/div>\n","protected":false},"excerpt":{"rendered":"<p>AGORDO Inizia oggi la quattro giorni di eventi ed appuntamenti tra Piazza Libert\u00e0 e la Sala Don Tamis. LO SPECIALE ALLA RADIO, di Mirko Mezzacasa CON Fernando Barbieri, Laura Abbaleo, Girolamo Bentivoglio, Roberto Giacobbo &nbsp; IERI LA CONFERENZA STAMPA A BELLUNO Si \u00e8 svolta in Sala Caldart di Villa Doglioni Dalmas sede di Confindustria Belluno&hellip;<\/p>\n","protected":false},"author":1,"featured_media":92989,"comment_status":"closed","ping_status":"closed","sticky":false,"template":"","format":"standard","meta":{"_monsterinsights_skip_tracking":false,"_monsterinsights_sitenote_active":false,"_monsterinsights_sitenote_note":"","_monsterinsights_sitenote_category":0,"footnotes":""},"categories":[49],"tags":[],"class_list":["post-92988","post","type-post","status-publish","format-standard","has-post-thumbnail","hentry","category-news-18","category-49","description-off"],"img_url":"https:\/\/www.radiopiu.net\/wordpress\/wp-content\/uploads\/2019\/07\/IMG_2195-Foto-conferenza-stampa.jpg","_links":{"self":[{"href":"https:\/\/www.radiopiu.net\/wordpress\/wp-json\/wp\/v2\/posts\/92988","targetHints":{"allow":["GET"]}}],"collection":[{"href":"https:\/\/www.radiopiu.net\/wordpress\/wp-json\/wp\/v2\/posts"}],"about":[{"href":"https:\/\/www.radiopiu.net\/wordpress\/wp-json\/wp\/v2\/types\/post"}],"author":[{"embeddable":true,"href":"https:\/\/www.radiopiu.net\/wordpress\/wp-json\/wp\/v2\/users\/1"}],"replies":[{"embeddable":true,"href":"https:\/\/www.radiopiu.net\/wordpress\/wp-json\/wp\/v2\/comments?post=92988"}],"version-history":[{"count":0,"href":"https:\/\/www.radiopiu.net\/wordpress\/wp-json\/wp\/v2\/posts\/92988\/revisions"}],"wp:featuredmedia":[{"embeddable":true,"href":"https:\/\/www.radiopiu.net\/wordpress\/wp-json\/wp\/v2\/media\/92989"}],"wp:attachment":[{"href":"https:\/\/www.radiopiu.net\/wordpress\/wp-json\/wp\/v2\/media?parent=92988"}],"wp:term":[{"taxonomy":"category","embeddable":true,"href":"https:\/\/www.radiopiu.net\/wordpress\/wp-json\/wp\/v2\/categories?post=92988"},{"taxonomy":"post_tag","embeddable":true,"href":"https:\/\/www.radiopiu.net\/wordpress\/wp-json\/wp\/v2\/tags?post=92988"}],"curies":[{"name":"wp","href":"https:\/\/api.w.org\/{rel}","templated":true}]}}