{"id":93241,"date":"2019-07-27T06:18:29","date_gmt":"2019-07-27T04:18:29","guid":{"rendered":"http:\/\/www.radiopiu.net\/wordpress\/?p=93241"},"modified":"2019-07-29T06:19:14","modified_gmt":"2019-07-29T04:19:14","slug":"sulle-strade-2-incidenti-5-feriti-3-gravi","status":"publish","type":"post","link":"https:\/\/www.radiopiu.net\/wordpress\/sulle-strade-2-incidenti-5-feriti-3-gravi\/","title":{"rendered":"SULLE STRADE, 2 INCIDENTI 5 FERITI, 3 GRAVI"},"content":{"rendered":"<p>&nbsp;<\/p>\n<h2>DUE RAGAZZINI IN GRAVISSIME CONDIZIONI<\/h2>\n<p><strong><a class=\"dt-pswp-item\" href=\"http:\/\/www.radiopiu.net\/wordpress\/wp-content\/uploads\/2019\/07\/f1520a1d-219f-4c15-a698-ded90ab8dbd2.jpg\" data-dt-img-description=\"\" data-large_image_width=\"320\" data-large_image_height=\"240\"><img loading=\"lazy\" decoding=\"async\" class=\"alignnone wp-image-93235\" src=\"http:\/\/www.radiopiu.net\/wordpress\/wp-content\/uploads\/2019\/07\/f1520a1d-219f-4c15-a698-ded90ab8dbd2.jpg\" alt=\"\" width=\"240\" height=\"180\" srcset=\"https:\/\/www.radiopiu.net\/wordpress\/wp-content\/uploads\/2019\/07\/f1520a1d-219f-4c15-a698-ded90ab8dbd2.jpg 320w, https:\/\/www.radiopiu.net\/wordpress\/wp-content\/uploads\/2019\/07\/f1520a1d-219f-4c15-a698-ded90ab8dbd2-300x225.jpg 300w\" sizes=\"auto, (max-width: 240px) 100vw, 240px\" \/><\/a><a class=\"dt-pswp-item\" href=\"http:\/\/www.radiopiu.net\/wordpress\/wp-content\/uploads\/2019\/07\/9c1c2e63-002a-4a1a-9c94-a9e4f0707385.jpg\" data-dt-img-description=\"\" data-large_image_width=\"320\" data-large_image_height=\"240\"><img loading=\"lazy\" decoding=\"async\" class=\"alignnone wp-image-93236\" src=\"http:\/\/www.radiopiu.net\/wordpress\/wp-content\/uploads\/2019\/07\/9c1c2e63-002a-4a1a-9c94-a9e4f0707385.jpg\" alt=\"\" width=\"244\" height=\"183\" srcset=\"https:\/\/www.radiopiu.net\/wordpress\/wp-content\/uploads\/2019\/07\/9c1c2e63-002a-4a1a-9c94-a9e4f0707385.jpg 320w, https:\/\/www.radiopiu.net\/wordpress\/wp-content\/uploads\/2019\/07\/9c1c2e63-002a-4a1a-9c94-a9e4f0707385-300x225.jpg 300w\" sizes=\"auto, (max-width: 244px) 100vw, 244px\" \/><\/a><\/strong><\/p>\n<p><strong>ALANO DI PIAVE<\/strong> Due ragazzini\u00a0 sono ricoverati in prognosi riservata, in condizioni gravissime. Lui 14 anni di Montebelluna \u00e8 stato trasportato con l&#8217;elicottero del Suem all&#8217;ospedale di Belluno. Lei di 15 anni di Alano, \u00e8 stata caricata invece sull&#8217;elicottero di Treviso. Scendevano a forte velocit\u00e0 in bicicletta da via Cuniol\u00a0 e quando si sono immessi sula strada che collega Fener al centro di Alano, si sono ritrovati davanti un furgone Ford Transit che stava viaggiando in direzione del paese. Emergenza e trasferita in condizioni critiche all&#8217;ospedale Ca&#8217; Foncello.Il drammatico incidente \u00e8 avvenuto attorno alle 14,30. I ragazzini non si sono fermati allo stop in fondo a via Cuniol. Forse non si sono accorti che stava sopraggiungendo un furgone, forse la bicicletta ha avuto un problema ai freni: di sicuro il conducente del Ford Transit della ditta Brado di Valdobbiadene ha potuto fare poco e malgrado abbia cercato di spostarsi in extremis sulla destra non ha potuto fare nulla per evitare l&#8217;impatto.<\/p>\n<p>&nbsp;<\/p>\n<p>&nbsp;<\/p>\n<p>&nbsp;<\/p>\n<h2>L&#8217;INCIDENTE LUNGO LA REGIONALE 203 AGORDINA<\/h2>\n<p><strong>SEDICO\u00a0<\/strong> Quattro feriti\u00a0 alla Stanga, lungo la 203 Agordina: la pi\u00f9 grave T.P.G. di San Tomaso di 57 anni\u00a0 ricoverata con traumi di media gravit\u00e0 all&#8217;ospedale di Belluno.Feriti lievemente gli altri tre coinvolti, curati al pronto soccorso di Agordo: B.M., che ha riportato traumi di media gravit\u00e0, e di una coppia di 52 e 57 anni, B.S. e C.P., con contusioni molto lievi. Le auto distrutte. La strada \u00e8 rimasta bloccata per lungo tempo.L&#8217;incidente \u00e8 avvenuto intorno alle 15: un frontale tra la Toyota Aygo che viaggiava in direzione di Agordo e la Fiat Bravo che procedeva in direzione di Belluno. Uno scontro frontale tra le due auto, in un tratto quasi rettilineo: le cause sono in corso di accertamento da parte dei carabinieri di Belluno che sono intervenuti per i rilievi. .-<\/p>\n<p><a class=\"dt-pswp-item\" href=\"http:\/\/www.radiopiu.net\/wordpress\/wp-content\/uploads\/2019\/07\/de58cd58-c9d1-4d1b-945d-c6280c40145a-3.jpg\" data-dt-img-description=\"\" data-large_image_width=\"320\" data-large_image_height=\"240\"><img loading=\"lazy\" decoding=\"async\" class=\"alignnone size-medium wp-image-93170\" src=\"http:\/\/www.radiopiu.net\/wordpress\/wp-content\/uploads\/2019\/07\/de58cd58-c9d1-4d1b-945d-c6280c40145a-3-300x225.jpg\" alt=\"\" width=\"300\" height=\"225\" srcset=\"https:\/\/www.radiopiu.net\/wordpress\/wp-content\/uploads\/2019\/07\/de58cd58-c9d1-4d1b-945d-c6280c40145a-3-300x225.jpg 300w, https:\/\/www.radiopiu.net\/wordpress\/wp-content\/uploads\/2019\/07\/de58cd58-c9d1-4d1b-945d-c6280c40145a-3.jpg 320w\" sizes=\"auto, (max-width: 300px) 100vw, 300px\" \/><\/a><a class=\"dt-pswp-item\" href=\"http:\/\/www.radiopiu.net\/wordpress\/wp-content\/uploads\/2019\/07\/67621629_481903062374435_8867718572600721408_n.jpg\" data-dt-img-description=\"\" data-large_image_width=\"898\" data-large_image_height=\"1600\"><img loading=\"lazy\" decoding=\"async\" class=\"alignnone wp-image-93145\" src=\"http:\/\/www.radiopiu.net\/wordpress\/wp-content\/uploads\/2019\/07\/67621629_481903062374435_8867718572600721408_n-168x300.jpg\" alt=\"\" width=\"125\" height=\"223\" srcset=\"https:\/\/www.radiopiu.net\/wordpress\/wp-content\/uploads\/2019\/07\/67621629_481903062374435_8867718572600721408_n-168x300.jpg 168w, https:\/\/www.radiopiu.net\/wordpress\/wp-content\/uploads\/2019\/07\/67621629_481903062374435_8867718572600721408_n-768x1368.jpg 768w, https:\/\/www.radiopiu.net\/wordpress\/wp-content\/uploads\/2019\/07\/67621629_481903062374435_8867718572600721408_n-575x1024.jpg 575w, https:\/\/www.radiopiu.net\/wordpress\/wp-content\/uploads\/2019\/07\/67621629_481903062374435_8867718572600721408_n.jpg 898w\" sizes=\"auto, (max-width: 125px) 100vw, 125px\" \/><\/a><\/p>\n<p>&nbsp;<\/p>\n<p>&nbsp;<\/p>\n","protected":false},"excerpt":{"rendered":"<p>&nbsp; DUE RAGAZZINI IN GRAVISSIME CONDIZIONI ALANO DI PIAVE Due ragazzini\u00a0 sono ricoverati in prognosi riservata, in condizioni gravissime. Lui 14 anni di Montebelluna \u00e8 stato trasportato con l&#8217;elicottero del Suem all&#8217;ospedale di Belluno. Lei di 15 anni di Alano, \u00e8 stata caricata invece sull&#8217;elicottero di Treviso. Scendevano a forte velocit\u00e0 in bicicletta da via&hellip;<\/p>\n","protected":false},"author":1,"featured_media":93235,"comment_status":"closed","ping_status":"closed","sticky":false,"template":"","format":"standard","meta":{"_monsterinsights_skip_tracking":false,"_monsterinsights_sitenote_active":false,"_monsterinsights_sitenote_note":"","_monsterinsights_sitenote_category":0,"footnotes":""},"categories":[51,49],"tags":[],"class_list":["post-93241","post","type-post","status-publish","format-standard","has-post-thumbnail","hentry","category-evidenza-top","category-news-18","category-51","category-49","description-off"],"img_url":"https:\/\/www.radiopiu.net\/wordpress\/wp-content\/uploads\/2019\/07\/f1520a1d-219f-4c15-a698-ded90ab8dbd2.jpg","_links":{"self":[{"href":"https:\/\/www.radiopiu.net\/wordpress\/wp-json\/wp\/v2\/posts\/93241","targetHints":{"allow":["GET"]}}],"collection":[{"href":"https:\/\/www.radiopiu.net\/wordpress\/wp-json\/wp\/v2\/posts"}],"about":[{"href":"https:\/\/www.radiopiu.net\/wordpress\/wp-json\/wp\/v2\/types\/post"}],"author":[{"embeddable":true,"href":"https:\/\/www.radiopiu.net\/wordpress\/wp-json\/wp\/v2\/users\/1"}],"replies":[{"embeddable":true,"href":"https:\/\/www.radiopiu.net\/wordpress\/wp-json\/wp\/v2\/comments?post=93241"}],"version-history":[{"count":0,"href":"https:\/\/www.radiopiu.net\/wordpress\/wp-json\/wp\/v2\/posts\/93241\/revisions"}],"wp:featuredmedia":[{"embeddable":true,"href":"https:\/\/www.radiopiu.net\/wordpress\/wp-json\/wp\/v2\/media\/93235"}],"wp:attachment":[{"href":"https:\/\/www.radiopiu.net\/wordpress\/wp-json\/wp\/v2\/media?parent=93241"}],"wp:term":[{"taxonomy":"category","embeddable":true,"href":"https:\/\/www.radiopiu.net\/wordpress\/wp-json\/wp\/v2\/categories?post=93241"},{"taxonomy":"post_tag","embeddable":true,"href":"https:\/\/www.radiopiu.net\/wordpress\/wp-json\/wp\/v2\/tags?post=93241"}],"curies":[{"name":"wp","href":"https:\/\/api.w.org\/{rel}","templated":true}]}}