{"id":93243,"date":"2019-07-27T07:00:49","date_gmt":"2019-07-27T05:00:49","guid":{"rendered":"http:\/\/www.radiopiu.net\/wordpress\/?p=93243"},"modified":"2019-07-27T10:13:47","modified_gmt":"2019-07-27T08:13:47","slug":"avviso-a-tutela-delle-fontane-ma-al-lavatoio-si-potra-continuare-a-fare-il-bucato","status":"publish","type":"post","link":"https:\/\/www.radiopiu.net\/wordpress\/avviso-a-tutela-delle-fontane-ma-al-lavatoio-si-potra-continuare-a-fare-il-bucato\/","title":{"rendered":"AVVISO A TUTELA DELLE FONTANE, MA AL LAVATOIO SI POTRA&#8217; CONTINUARE A FARE IL BUCATO."},"content":{"rendered":"<h2><\/h2>\n<blockquote><p><em> In questi giorni \u00e8 apparso un cartello sulle fontane che vieta l\u2019uso di lavare i panni con o senza detersivo; giustissimo per le fontane in pietra che meritano il massimo rispetto, ma non per il lavatoio che non rientra nel divieto, da anni utilizzato per questo scopo. Per chi sgarra (lava) sanzioni da 75 a 500 euro.<\/em><\/p><\/blockquote>\n<p><strong>IL VICE SINDACO FERNANDO SOCCOL PRECISA<\/strong>: L&#8217;ordinanza vale solo per le fontane, dove c&#8217;e&#8217; la fontana e il lavatoio il problema non si pone, purche&#8217; ci si limiti a lavare biancheria, n\u00e8 cani, n\u00e8 auto o altro<\/p>\n<p><strong>FERNANDO SOCCOL<\/strong><\/p>\n<p>&nbsp;<\/p>\n<audio class=\"wp-audio-shortcode\" id=\"audio-93243-1\" preload=\"none\" style=\"width: 100%;\" controls=\"controls\"><source type=\"audio\/mpeg\" src=\"http:\/\/www.radiopiu.net\/wordpress\/wp-content\/uploads\/2019\/07\/FONTANA-FERNANDO.mp3?_=1\" \/><a href=\"http:\/\/www.radiopiu.net\/wordpress\/wp-content\/uploads\/2019\/07\/FONTANA-FERNANDO.mp3\">http:\/\/www.radiopiu.net\/wordpress\/wp-content\/uploads\/2019\/07\/FONTANA-FERNANDO.mp3<\/a><\/audio>\n<p><strong><a class=\"dt-pswp-item\" href=\"http:\/\/www.radiopiu.net\/wordpress\/wp-content\/uploads\/2019\/07\/a0c9a087-21b6-4a7f-80d5-3e7ceea44064.jpg\" data-dt-img-description=\"\" data-large_image_width=\"799\" data-large_image_height=\"1599\"><img loading=\"lazy\" decoding=\"async\" class=\"size-medium wp-image-93148 alignleft\" src=\"http:\/\/www.radiopiu.net\/wordpress\/wp-content\/uploads\/2019\/07\/a0c9a087-21b6-4a7f-80d5-3e7ceea44064-150x300.jpg\" alt=\"\" width=\"150\" height=\"300\" srcset=\"https:\/\/www.radiopiu.net\/wordpress\/wp-content\/uploads\/2019\/07\/a0c9a087-21b6-4a7f-80d5-3e7ceea44064-150x300.jpg 150w, https:\/\/www.radiopiu.net\/wordpress\/wp-content\/uploads\/2019\/07\/a0c9a087-21b6-4a7f-80d5-3e7ceea44064-768x1537.jpg 768w, https:\/\/www.radiopiu.net\/wordpress\/wp-content\/uploads\/2019\/07\/a0c9a087-21b6-4a7f-80d5-3e7ceea44064-512x1024.jpg 512w, https:\/\/www.radiopiu.net\/wordpress\/wp-content\/uploads\/2019\/07\/a0c9a087-21b6-4a7f-80d5-3e7ceea44064.jpg 799w\" sizes=\"auto, (max-width: 150px) 100vw, 150px\" \/><\/a>TAIBON<\/strong>\u00a0 I lavatoi e le fontane da sempre presenti nel territorio del Comune di Taibon Agordino sono manufatti da conservare e da valorizzare. Sono stati realizzati per uno scopo ben preciso che appartiene al bene comune dei singoli cittadini. I lavatoi, di forma rettangolare per la maggior parte in cemento e risalenti alla met\u00e0 del secolo scorso, le fontane invece molto pi\u00f9 antiche realizzate in pietra locale e risalenti alla fine dell\u2019800 ed a volte molto pi\u00f9 antiche. Manufatti che appartengono al patrimonio architettonico della nostra comunit\u00e0 e che costituivano dei punti di aggregazione e di incontro, un bene comune per molteplici scopi di vita quotidiana il lavatoio per fare il bucato, e le fontane per l\u2019approvvigionamento dell\u2019acqua e per abbeverare il bestiame,in epoche nelle quali non c\u2019era ancora l\u2019acqua corrente nelle case e nelle stalle. E\u2019 ovvio che al giorno d\u2019oggi dobbiamo avere il massimo rispetto per questi manufatti realizzati dagli scalpellini di Taibon, famosi nei nostri paesi, ma conosciuti anche all\u2019estero. Nel passato le donne si recavano direttamente sul torrente Tegnas per lavare i panni, come si vede dall&#8217; istantanea in bianco e nero che riprende lo scorcio del \u201cPont de Togna\u201d e della \u201cSiega dei Marin\u201d; poi in epoca successiva venne realizzato il lavatoio sulle \u201cRive del Tegnas\u201d composto da tre vasche in cemento, la prima quadrata adibita a fontana per non sporcare l\u2019acqua, la seconda rettangolare adibita a lavatoio per lavare i panni, e la terza ancora quadrata per deposito e scolo. Il lavatoio sulle rive del Tegnas viene utilizzato per lavare i panni da oltre mezzo secolo, ovviamente con l\u2019avvento della lavatrice domestica in maniera minore e saltuaria, ma sicuramente un manufatto realizzato per quello scopo e per uso comune, a differenza delle fontane in pietra che sono certamente pi\u00f9 artistiche, di pregio e destinate a maggior tutela.<\/p>\n<blockquote><p><em>&#8220;La nostra comunit\u00e0 ricca di acqua, che produce energia elettrica, che irriga i campi della trevigiana &#8211; dice Alessandro Savio &#8211;\u00a0 viene soggiogata come spesso avviene solo al pagamento della bolletta. Ma rallegriamoci, l\u2019unica fontana esente che si \u00e8 salvata da questo regolamento \u00e8 quella di S. Cipriano, ma d&#8217;altronde non ci sono pi\u00f9 le fontane e i regolamenti di una volta&#8221;.<\/em><\/p><\/blockquote>\n<p><strong>FOTO D&#8217;EPOCA SULLA DESTRA LA &#8220;NINA&#8221; CHE LAVA I PANNI SUL TEGNAS<\/strong><\/p>\n<p><a class=\"dt-pswp-item\" href=\"http:\/\/www.radiopiu.net\/wordpress\/wp-content\/uploads\/2019\/07\/FORTO.png\" data-dt-img-description=\"\" data-large_image_width=\"1153\" data-large_image_height=\"810\"><img loading=\"lazy\" decoding=\"async\" class=\"alignnone wp-image-93142 size-large\" src=\"http:\/\/www.radiopiu.net\/wordpress\/wp-content\/uploads\/2019\/07\/FORTO-1024x719.png\" alt=\"\" width=\"1024\" height=\"719\" srcset=\"https:\/\/www.radiopiu.net\/wordpress\/wp-content\/uploads\/2019\/07\/FORTO-1024x719.png 1024w, https:\/\/www.radiopiu.net\/wordpress\/wp-content\/uploads\/2019\/07\/FORTO-300x211.png 300w, https:\/\/www.radiopiu.net\/wordpress\/wp-content\/uploads\/2019\/07\/FORTO-768x540.png 768w, https:\/\/www.radiopiu.net\/wordpress\/wp-content\/uploads\/2019\/07\/FORTO.png 1153w\" sizes=\"auto, (max-width: 1024px) 100vw, 1024px\" \/><\/a><\/p>\n<p><strong>LAVATOIO E L&#8217;AVVISO<\/strong><\/p>\n<p><a class=\"dt-pswp-item\" href=\"http:\/\/www.radiopiu.net\/wordpress\/wp-content\/uploads\/2019\/07\/04ad5901-99bb-4793-962a-9cdc3b65a948.jpg\" data-dt-img-description=\"\" data-large_image_width=\"1600\" data-large_image_height=\"1200\"><img loading=\"lazy\" decoding=\"async\" class=\"alignnone wp-image-93144 size-large\" src=\"http:\/\/www.radiopiu.net\/wordpress\/wp-content\/uploads\/2019\/07\/04ad5901-99bb-4793-962a-9cdc3b65a948-1024x768.jpg\" alt=\"\" width=\"1024\" height=\"768\" srcset=\"https:\/\/www.radiopiu.net\/wordpress\/wp-content\/uploads\/2019\/07\/04ad5901-99bb-4793-962a-9cdc3b65a948-1024x768.jpg 1024w, https:\/\/www.radiopiu.net\/wordpress\/wp-content\/uploads\/2019\/07\/04ad5901-99bb-4793-962a-9cdc3b65a948-300x225.jpg 300w, https:\/\/www.radiopiu.net\/wordpress\/wp-content\/uploads\/2019\/07\/04ad5901-99bb-4793-962a-9cdc3b65a948-768x576.jpg 768w, https:\/\/www.radiopiu.net\/wordpress\/wp-content\/uploads\/2019\/07\/04ad5901-99bb-4793-962a-9cdc3b65a948.jpg 1600w\" sizes=\"auto, (max-width: 1024px) 100vw, 1024px\" \/><\/a><\/p>\n<p><strong>FONTANA SAN CIPRIANO DA SEMPRE CONTESTATA DA CHI AMAVA LA VECCHIA FONTANA, SONO TRASCORSI PIU&#8217; DI 10 ANNI DA ALLORA E LE CRITICHE NON SI SONO MAI SOPITE<\/strong><\/p>\n<p><a class=\"dt-pswp-item\" href=\"http:\/\/www.radiopiu.net\/wordpress\/wp-content\/uploads\/2019\/07\/cba38a80-0fad-4360-8b50-2093a9f07c9d-1.jpg\" data-dt-img-description=\"\" data-large_image_width=\"1599\" data-large_image_height=\"799\"><img loading=\"lazy\" decoding=\"async\" class=\"alignnone wp-image-93150 size-large\" src=\"http:\/\/www.radiopiu.net\/wordpress\/wp-content\/uploads\/2019\/07\/cba38a80-0fad-4360-8b50-2093a9f07c9d-1-1024x512.jpg\" alt=\"\" width=\"1024\" height=\"512\" srcset=\"https:\/\/www.radiopiu.net\/wordpress\/wp-content\/uploads\/2019\/07\/cba38a80-0fad-4360-8b50-2093a9f07c9d-1-1024x512.jpg 1024w, https:\/\/www.radiopiu.net\/wordpress\/wp-content\/uploads\/2019\/07\/cba38a80-0fad-4360-8b50-2093a9f07c9d-1-300x150.jpg 300w, https:\/\/www.radiopiu.net\/wordpress\/wp-content\/uploads\/2019\/07\/cba38a80-0fad-4360-8b50-2093a9f07c9d-1-768x384.jpg 768w, https:\/\/www.radiopiu.net\/wordpress\/wp-content\/uploads\/2019\/07\/cba38a80-0fad-4360-8b50-2093a9f07c9d-1.jpg 1599w\" sizes=\"auto, (max-width: 1024px) 100vw, 1024px\" \/><\/a><\/p>\n<p>&nbsp;<\/p>\n<p>&nbsp;<\/p>\n","protected":false},"excerpt":{"rendered":"<p>In questi giorni \u00e8 apparso un cartello sulle fontane che vieta l\u2019uso di lavare i panni con o senza detersivo; giustissimo per le fontane in pietra che meritano il massimo rispetto, ma non per il lavatoio che non rientra nel divieto, da anni utilizzato per questo scopo. Per chi sgarra (lava) sanzioni da 75 a&hellip;<\/p>\n","protected":false},"author":1,"featured_media":93142,"comment_status":"closed","ping_status":"closed","sticky":false,"template":"","format":"standard","meta":{"_monsterinsights_skip_tracking":false,"_monsterinsights_sitenote_active":false,"_monsterinsights_sitenote_note":"","_monsterinsights_sitenote_category":0,"footnotes":""},"categories":[49],"tags":[],"class_list":["post-93243","post","type-post","status-publish","format-standard","has-post-thumbnail","hentry","category-news-18","category-49","description-off"],"img_url":"https:\/\/www.radiopiu.net\/wordpress\/wp-content\/uploads\/2019\/07\/FORTO.png","_links":{"self":[{"href":"https:\/\/www.radiopiu.net\/wordpress\/wp-json\/wp\/v2\/posts\/93243","targetHints":{"allow":["GET"]}}],"collection":[{"href":"https:\/\/www.radiopiu.net\/wordpress\/wp-json\/wp\/v2\/posts"}],"about":[{"href":"https:\/\/www.radiopiu.net\/wordpress\/wp-json\/wp\/v2\/types\/post"}],"author":[{"embeddable":true,"href":"https:\/\/www.radiopiu.net\/wordpress\/wp-json\/wp\/v2\/users\/1"}],"replies":[{"embeddable":true,"href":"https:\/\/www.radiopiu.net\/wordpress\/wp-json\/wp\/v2\/comments?post=93243"}],"version-history":[{"count":0,"href":"https:\/\/www.radiopiu.net\/wordpress\/wp-json\/wp\/v2\/posts\/93243\/revisions"}],"wp:featuredmedia":[{"embeddable":true,"href":"https:\/\/www.radiopiu.net\/wordpress\/wp-json\/wp\/v2\/media\/93142"}],"wp:attachment":[{"href":"https:\/\/www.radiopiu.net\/wordpress\/wp-json\/wp\/v2\/media?parent=93243"}],"wp:term":[{"taxonomy":"category","embeddable":true,"href":"https:\/\/www.radiopiu.net\/wordpress\/wp-json\/wp\/v2\/categories?post=93243"},{"taxonomy":"post_tag","embeddable":true,"href":"https:\/\/www.radiopiu.net\/wordpress\/wp-json\/wp\/v2\/tags?post=93243"}],"curies":[{"name":"wp","href":"https:\/\/api.w.org\/{rel}","templated":true}]}}