{"id":93296,"date":"2019-07-27T13:42:15","date_gmt":"2019-07-27T11:42:15","guid":{"rendered":"http:\/\/www.radiopiu.net\/wordpress\/?p=93296"},"modified":"2019-07-28T18:23:42","modified_gmt":"2019-07-28T16:23:42","slug":"nel-veneto-le-microimprese-hanno-il-doppio-degli-addetti-delle-grandi","status":"publish","type":"post","link":"https:\/\/www.radiopiu.net\/wordpress\/nel-veneto-le-microimprese-hanno-il-doppio-degli-addetti-delle-grandi\/","title":{"rendered":"NEL VENETO LE MICROIMPRESE HANNO IL DOPPIO DEGLI ADDETTI DELLE GRANDI"},"content":{"rendered":"<p><strong><a class=\"dt-pswp-item\" href=\"http:\/\/www.radiopiu.net\/wordpress\/wp-content\/uploads\/2019\/07\/Schermata-2019-07-27-alle-13.37.36.png\" data-dt-img-description=\"\" data-large_image_width=\"1012\" data-large_image_height=\"452\"><img loading=\"lazy\" decoding=\"async\" class=\" wp-image-93297 alignleft\" src=\"http:\/\/www.radiopiu.net\/wordpress\/wp-content\/uploads\/2019\/07\/Schermata-2019-07-27-alle-13.37.36.png\" alt=\"\" width=\"290\" height=\"174\" \/><\/a>In vista della legge di Bilancio 2020, l\u2019Ufficio studi rediger\u00e0 il \u201cManifesto a sostegno del ceto medio produttivo\u201d<\/strong><\/p>\n<p>Sono micro e sono tantissime ma, soprattutto, sono importanti per l\u2019elevato numero di persone a cui danno un\u2019occupazione. Stiamo parlando delle micro aziende, vale a dire le attivit\u00e0 imprenditoriali da 0 a 9 addetti1. Anche nel Veneto sono il 95 per cento circa del totale delle imprese presenti nella nostra regione e danno lavoro a quasi 703 mila cittadini (pari al 41,5 per cento del totale). Un numero doppio rispetto a quello riferito alle grandi aziende che, segnala l\u2019Ufficio studi della CGIA, \u201cassorbono\u201d solo, si fa per dire, poco pi\u00f9 di 337.000 addetti (vedi Tab. 1).<\/p>\n<p>A livello provinciale \u00e8 Rovigo la realt\u00e0 dove l\u2019incidenza percentuale degli addetti nelle microimprese sul totale \u00e8 pi\u00f9 elevato. Il risultato \u00e8 pari al 54,6 per cento. Seguono Belluno con il 45,1 per cento e Venezia con il 42,9 per cento. Ovviamente, fa notare la CGIA, l\u2019incidenza delle micro \u00e8 maggiore nei territori dove le aziende medio-grandi sono meno presenti. In termini assoluti, invece, svetta la provincia di Padova con 143.500 addetti alle dipendenze di realt\u00e0 produttive tra 0 e 9 addetti. Seguono Verona con 132.430, Vicenza con 124.668 e Treviso con 123.816.<\/p>\n<p><strong><a class=\"dt-pswp-item\" href=\"http:\/\/www.radiopiu.net\/wordpress\/wp-content\/uploads\/2019\/07\/Schermata-2019-07-27-alle-13.37.55.png\" data-dt-img-description=\"\" data-large_image_width=\"1012\" data-large_image_height=\"342\"><img loading=\"lazy\" decoding=\"async\" class=\"size-medium wp-image-93298 alignleft\" src=\"http:\/\/www.radiopiu.net\/wordpress\/wp-content\/uploads\/2019\/07\/Schermata-2019-07-27-alle-13.37.55-300x101.png\" alt=\"\" width=\"300\" height=\"101\" srcset=\"https:\/\/www.radiopiu.net\/wordpress\/wp-content\/uploads\/2019\/07\/Schermata-2019-07-27-alle-13.37.55-300x101.png 300w, https:\/\/www.radiopiu.net\/wordpress\/wp-content\/uploads\/2019\/07\/Schermata-2019-07-27-alle-13.37.55-768x260.png 768w, https:\/\/www.radiopiu.net\/wordpress\/wp-content\/uploads\/2019\/07\/Schermata-2019-07-27-alle-13.37.55.png 1012w\" sizes=\"auto, (max-width: 300px) 100vw, 300px\" \/><\/a>Nelle micro del Nordest ci sono 144 mila occupati in pi\u00f9 rispetto alle aziende medio-grandi<\/strong><br \/>\nSe, inoltre, mettiamo a confronto gli addetti delle medie e grandi imprese (quasi 596.000) con quelli a libro paga nelle micro (circa 703.000), notiamo che in queste ultime lavorano 107.000 persone in pi\u00f9. I settori maggiormente interessati dalla presenza delle microimprese sono quelli delle libere professioni, del commercio-turismo e delle costruzioni. Le micro aziende del Veneto, altres\u00ec, generano poco pi\u00f9 del 33 per cento del valore aggiunto riconducibile alle imprese del nostro territorio (25 miliardi di euro su un totale di 75) e il 26 per cento circa del fatturato veneto (75 miliardi su un totale di 290)2.<\/p>\n<p><strong>Il coordinatore dell\u2019Ufficio studi, Paolo Zabeo, puntualizza:<\/strong><\/p>\n<p>\u201cFino a quarant\u2019anni fa erano ritenute residuali, quasi un effetto collaterale del boom economico esploso negli anni \u201860. Molti esperti, addirittura, prevedevano che nel giro di qualche decennio sarebbero scomparse a causa della globalizzazione. Diversamente, le micro imprese si sono consolidate e oggi costituiscono uno degli assi portanti della nostra economia. E nonostante la crisi le abbia colpite duramente, mantengono ancora un peso occupazionale rilevante, sebbene la politica e in generale l\u2019opinione pubblica non le tengano in grande considerazione\u201d.<\/p>\n<p><strong>No a ecobonus e salario minimo per legge<\/strong><br \/>\nAnche per queste ragioni, l\u2019Ufficio studi della CGIA chiede con forza che si inizi a legiferare con particolare attenzione alle richieste sollevate dal mondo delle piccole e micro imprese. Negli ultimi tempi, invece, le cose stanno andando diversamente. Alcuni esempi concreti?<\/p>\n<p>Introdotto con il \u201cDecreto crescita\u201d, lo sconto in fattura per i lavori relativi a ecobonus e sismabonus provocher\u00e0 una forte distorsione alla concorrenza a danno dei piccoli imprenditori del comparto casa. A sollevare questa denuncia \u00e8 stata l\u2019Autorit\u00e0 Garante della Concorrenza e del Mercato che in pi\u00f9 di un\u2019occasione ha segnalato come le disposizioni previste dall\u2019art. 10 favoriranno i soli operatori economici di grandi dimensioni. Altrettanto preoccupanti rischiano di essere le conseguenze che potrebbero emergere con l\u2019introduzione per legge del salario minimo a 9 euro lordi all\u2019ora.<\/p>\n<p>\u201cSe questa misura diventasse legge \u2013 afferma il Segretario Renato Mason &#8211; il costo aggiuntivo in capo alle sole imprese artigiane presenti in Italia sarebbe di 1,5 miliardi all\u2019anno. Un aggravio considerevole, anche se decisamente sottostimato, in quanto non include l\u2019effetto trascinamento che l\u2019introduzione del salario minimo per legge avrebbe nei confronti dei livelli retributivi che oggi si trovano sopra i 9 euro lordi. Appare evidente che, ritoccando all\u2019ins\u00f9 la retribuzione per i livelli pi\u00f9 bassi, la medesima operazione dovrebbe essere effettuata anche per gli inquadramenti immediatamente superiori. Diversamente, molti lavoratori si vedrebbero ridurre o addirittura azzerare il differenziale salariale con i colleghi assunti con livelli inferiori, pur essendo chiamati a svolgere mansioni superiori a questi ultimi\u201d.<\/p>\n<p><strong>A breve la stesura di un \u201cManifesto a sostegno del ceto medio produttivo\u201d<\/strong><br \/>\nUn banco di prova molto importante per misurare la sensibilit\u00e0 del Governo Conte, e in generale del Parlamento, nei confronti dei piccoli produttori sar\u00e0 la legge di Bilancio 2020. Per questa ragione l\u2019Ufficio studi della CGIA sta predisponendo un \u201cManifesto a sostegno del ceto medio produttivo\u201d3 che, entro il prossimo autunno, verr\u00e0 recapitato a tutti i deputati e i senatori italiani, affinch\u00e9 le loro proposte legislative \u201crispettino\u201d le 10 richieste avanzate dagli artigiani mestrini (vedi Tab. 2). Questo pacchetto di misure sar\u00e0 suddiviso in due cluster [pi\u00f9 (+) e meno (-)]. Entrambi saranno composti da 5 punti (vedi Tab. 2).<\/p>\n<p>Nel primo cluster (+), l\u2019Ufficio studi della CGIA chieder\u00e0 pi\u00f9 efficienza nella Pubblica amministrazione, pi\u00f9 credito, pi\u00f9 investimenti pubblici, pi\u00f9 formazione professionalizzante e pi\u00f9 servizi digitali. Nel secondo cluster (-), invece, l\u2019Associazione veneta reclamer\u00e0 meno tasse, meno burocrazia, meno criminalit\u00e0 organizzata, meno lavoro nero e meno concorrenza sleale. Ogni punto sar\u00e0 corredato da una nota descrittiva e da una illustrazione grafica.<\/p>\n","protected":false},"excerpt":{"rendered":"<p>In vista della legge di Bilancio 2020, l\u2019Ufficio studi rediger\u00e0 il \u201cManifesto a sostegno del ceto medio produttivo\u201d Sono micro e sono tantissime ma, soprattutto, sono importanti per l\u2019elevato numero di persone a cui danno un\u2019occupazione. Stiamo parlando delle micro aziende, vale a dire le attivit\u00e0 imprenditoriali da 0 a 9 addetti1. Anche nel Veneto&hellip;<\/p>\n","protected":false},"author":1,"featured_media":93299,"comment_status":"closed","ping_status":"closed","sticky":false,"template":"","format":"standard","meta":{"_monsterinsights_skip_tracking":false,"_monsterinsights_sitenote_active":false,"_monsterinsights_sitenote_note":"","_monsterinsights_sitenote_category":0,"footnotes":""},"categories":[86,49],"tags":[],"class_list":["post-93296","post","type-post","status-publish","format-standard","has-post-thumbnail","hentry","category-gr","category-news-18","category-86","category-49","description-off"],"img_url":"https:\/\/www.radiopiu.net\/wordpress\/wp-content\/uploads\/2019\/07\/construction-646914_1280.jpg","_links":{"self":[{"href":"https:\/\/www.radiopiu.net\/wordpress\/wp-json\/wp\/v2\/posts\/93296","targetHints":{"allow":["GET"]}}],"collection":[{"href":"https:\/\/www.radiopiu.net\/wordpress\/wp-json\/wp\/v2\/posts"}],"about":[{"href":"https:\/\/www.radiopiu.net\/wordpress\/wp-json\/wp\/v2\/types\/post"}],"author":[{"embeddable":true,"href":"https:\/\/www.radiopiu.net\/wordpress\/wp-json\/wp\/v2\/users\/1"}],"replies":[{"embeddable":true,"href":"https:\/\/www.radiopiu.net\/wordpress\/wp-json\/wp\/v2\/comments?post=93296"}],"version-history":[{"count":0,"href":"https:\/\/www.radiopiu.net\/wordpress\/wp-json\/wp\/v2\/posts\/93296\/revisions"}],"wp:featuredmedia":[{"embeddable":true,"href":"https:\/\/www.radiopiu.net\/wordpress\/wp-json\/wp\/v2\/media\/93299"}],"wp:attachment":[{"href":"https:\/\/www.radiopiu.net\/wordpress\/wp-json\/wp\/v2\/media?parent=93296"}],"wp:term":[{"taxonomy":"category","embeddable":true,"href":"https:\/\/www.radiopiu.net\/wordpress\/wp-json\/wp\/v2\/categories?post=93296"},{"taxonomy":"post_tag","embeddable":true,"href":"https:\/\/www.radiopiu.net\/wordpress\/wp-json\/wp\/v2\/tags?post=93296"}],"curies":[{"name":"wp","href":"https:\/\/api.w.org\/{rel}","templated":true}]}}