{"id":93412,"date":"2019-07-29T06:26:36","date_gmt":"2019-07-29T04:26:36","guid":{"rendered":"http:\/\/www.radiopiu.net\/wordpress\/?p=93412"},"modified":"2019-07-29T06:26:36","modified_gmt":"2019-07-29T04:26:36","slug":"belluno-670-anni-fa-lassassinio-del-vicario-imperiale-a-bongaio-di-renato-bona","status":"publish","type":"post","link":"https:\/\/www.radiopiu.net\/wordpress\/belluno-670-anni-fa-lassassinio-del-vicario-imperiale-a-bongaio-di-renato-bona\/","title":{"rendered":"BELLUNO: 670 ANNI FA L\u2019ASSASSINIO DEL VICARIO IMPERIALE A. BONGAIO di RENATO BONA"},"content":{"rendered":"<p>Nel 1349, dunque la bellezza di seicentosettanta anni fa, l\u2019assassinio del vicario imperiale Arrighetto Bongaio per mano di Jacopo, figlio di Guadagnino, pose fine al \u201cpiccolo regno\u201d in Agordino della famiglia Avoscano che era iniziato nel 1321. Lo ricorda il sito Agordinodolomiti (ripreso nell\u2019ottobre del 2017 da Maurizio Timpano) nel capitolo dedicato alla \u201cCasata degli Avoscani\u201d, famiglia signorile agordina di fede ghibellina e residente nell\u2019odierna frazione di Avoscan di San Tomaso Agordino. Antiche fonti riferiscono &#8211; sempre secondo Agordinodolomiti &#8211; di una famiglia piuttosto belligerante, spesso impegnata in lotte per la supremazia con altre prestigiose casate dell\u2019Agordino quali i Sommariva di Alleghe ed i tenenti delle fortificazioni di Rocca (Rocca Pietore) e Andraz in Tirolo (Livinallongo del Col di Lana). Ed aggiunge: \u201cLa svolta politica definitiva si ebbe con l\u2019alleanza tra Guadagnino Avoscano ed il celebre Cane della Scala (Can Francesco della Scala detto Cangrande I, signore di Verona), che nel frattempo aveva occupato la citt\u00e0 di Feltre. Siamo nel 1321 e, forte dell\u2019appoggio di buona parte della nobilt\u00e0 agordina (tra cui Guadagnino Avoscano e Bettino Sommariva), il condottiero ghibellino Cangrande della Scala si insedia nel cuore dell\u2019Agordino ottenendo il controllo politico dei castelli dei Sommavilla e degli Avoscani. Il Consiglio di Belluno risponde militarmente inviando in Agordino un esercito che riesce a riconquistare le fortificazioni ed ad avere la meglio sui partigiani scaligeri. Simultaneamente si svolge a Belluno il processo a Guadagnino Avoscano e Bettino Sommariva, che vengono esiliati per il loro appoggio alla famiglia degli Scaligeri. Frattanto Cangrande (siamo nel 1322) attacca e conquista la Citt\u00e0 di Belluno e decreta che il bando per Guadagnino e Bettino venga revocato. Cangrande riabilita i due nobili e conferisce a Guadagnino enormi poteri: lo fa Capitano perpetuo di Agordo, lui e i suoi discendenti, di tutta la valle e dello Zoldano, con pieno potere giudiziario su tutta la zona\u201d. Ancora: \u201cLa famiglia Avoscano, per mezzo dell\u2019esponente di spicco della casata, Guadagnino Avoscano, riusc\u00ec in brevissimo tempo a costruire un piccolo regno in Agordino e Zoldano grazie all\u2019appoggio della casata degli scaligeri e dell\u2019Imperatore e ad una spietata sete di potere e mancanza di scrupoli; Guadagnino, avanzando sbaragliando gli oppositori, arriv\u00f2 addirittura ad impossessarsi del Castello di Andraz, quindi di una roccaforte situata in pieno territorio tirolese, ed a sottomettere la famiglia Sommariva che regnava sulla media Val Cordevole (il castello dei Sommariva sar\u00e0 sommerso dalla formazione del Lago di Alleghe nel 1771). Guadagnino ed il figlio Jacopo si distinsero per una grande determinazione e per l\u2019estrema ferocia nelle loro gesta; con l\u2019assassinio del vicario imperiale Arrighetto Bongaio nel 1349, Jacopo si merit\u00f2 le ire dell\u2019Imperatore Carlo IV che dovette punire l\u2019alleato privandolo del suo feudo in Agordino e Zoldano e facendogli subentrare Ivano da Riva; con questo provvedimento ebbe inizio il declino della casata di Guadagnino. Del Castello degli Avoscani, situato nella localit\u00e0 che ancora oggi porta il loro nome (Avoscan nel Comune di San Tomaso Agordino) non resta che il ricordo nelle cronache. Nel libro \u201c90 profili di personaggi poco noti di una provincia da scoprire\u201d di Paolo Conte e Marco Perale \u00e8 scritto fra l\u2019altro che \u201c\u2026L\u2019arrivo di Carlo IV di Boemia nel 1339 azzer\u00f2 la situazione precedente, ed anche per gli Avoscano non rest\u00f2 che la via dell\u2019esilio. Giacomo si rifugi\u00f2 nella Padova dei Carraresi dove mor\u00ec, e con lui la stirpe degli Avoscano. Rimane la grande arca, cio\u00e8 il sepolcro che Guadagnino si era fatto scolpire intorno al 1335 e che presenta ancora nonostante i danni subiti nel terremoto del 1873, le due figurine inginocchiate di Guadagnino e di suo figlio Giacomo. Sono rimasti a Belluno, ed oggi l\u2019arca murata \u00e8 sotto l\u2019altare della cripta della cattedrale\u201d. Dal canto suo il sito siusa.archivi.beniculturali.it ricorda che \u201c\u2026gli Avoscano tentarono di estendere al massimo il proprio dominio, riuscendo in breve ad includervi le terre intorno a Colle Santa Lucia, Livinallongo e lo stesso castello di Andraz, fino ad ottenere l&#8217;investitura imperiale per i Capitaniati di Agordo e Zoldo. Tuttavia, a seguito dell&#8217;uccisione del vicario imperiale di stanza a Belluno da parte di Giacomo Avoscano, le fortune della famiglia andarono declinando e gi\u00e0 nel 1350 le truppe assoldate dal vescovo di Bressanone entrarono vittoriose nel castello di Andraz; la caduta degli Avoscano fu brusca e nessun membro della famiglia fu pi\u00f9 in grado di ricostruire neppure l&#8217;ombra degli antichi splendori\u201d. Ed agordo.com a sua volta annota: \u201c\u2026 Nel 1350 termina la Signoria degli Avoscano e l\u2019Agordino torna alla citt\u00e0 di Belluno, che si trovava sotto il dominio dell\u2019imperatore Carlo IV di Boemia. Nel 1360 Belluno e Feltre passarono a Ludovico re d\u2019Ungheria, che le cedette a Francesco da Carrara, signore di Padova\u201d.<\/p>\n\n\t\t\t<style type='text\/css'>\n\t\t\t\t#gallery-1 {\n\t\t\t\t\tmargin: auto;\n\t\t\t\t}\n\t\t\t\t#gallery-1 .gallery-item {\n\t\t\t\t\tfloat: left;\n\t\t\t\t\tmargin-top: 10px;\n\t\t\t\t\ttext-align: center;\n\t\t\t\t\twidth: 33%;\n\t\t\t\t}\n\t\t\t\t#gallery-1 img {\n\t\t\t\t\tborder: 2px solid #cfcfcf;\n\t\t\t\t}\n\t\t\t\t#gallery-1 .gallery-caption {\n\t\t\t\t\tmargin-left: 0;\n\t\t\t\t}\n\t\t\t\t\/* see gallery_shortcode() in wp-includes\/media.php *\/\n\t\t\t<\/style>\n\t\t<div id='gallery-1' class='dt-gallery-container gallery galleryid-93412 gallery-columns-3 gallery-size-thumbnail'><dl class='gallery-item'>\n\t\t\t\t<dt class='gallery-icon portrait'>\n\t\t\t\t\t<a class=\"rollover\" href='https:\/\/www.radiopiu.net\/wordpress\/belluno-670-anni-fa-lassassinio-del-vicario-imperiale-a-bongaio-di-renato-bona\/67378379_409003086416971_9219506394489683968_n\/'><img loading=\"lazy\" decoding=\"async\" width=\"150\" height=\"150\" src=\"https:\/\/www.radiopiu.net\/wordpress\/wp-content\/uploads\/2019\/07\/67378379_409003086416971_9219506394489683968_n-150x150.jpg\" class=\"attachment-thumbnail size-thumbnail\" alt=\"\" \/><\/a>\n\t\t\t\t<\/dt><\/dl><dl class='gallery-item'>\n\t\t\t\t<dt class='gallery-icon landscape'>\n\t\t\t\t\t<a class=\"rollover\" href='https:\/\/www.radiopiu.net\/wordpress\/belluno-670-anni-fa-lassassinio-del-vicario-imperiale-a-bongaio-di-renato-bona\/67376304_685557068535313_8678399214511718400_n\/'><img loading=\"lazy\" decoding=\"async\" width=\"150\" height=\"150\" src=\"https:\/\/www.radiopiu.net\/wordpress\/wp-content\/uploads\/2019\/07\/67376304_685557068535313_8678399214511718400_n-150x150.jpg\" class=\"attachment-thumbnail size-thumbnail\" alt=\"\" \/><\/a>\n\t\t\t\t<\/dt><\/dl><dl class='gallery-item'>\n\t\t\t\t<dt class='gallery-icon landscape'>\n\t\t\t\t\t<a class=\"rollover\" href='https:\/\/www.radiopiu.net\/wordpress\/belluno-670-anni-fa-lassassinio-del-vicario-imperiale-a-bongaio-di-renato-bona\/67797603_2094432400859812_6575384146066014208_n\/'><img loading=\"lazy\" decoding=\"async\" width=\"150\" height=\"150\" src=\"https:\/\/www.radiopiu.net\/wordpress\/wp-content\/uploads\/2019\/07\/67797603_2094432400859812_6575384146066014208_n-150x150.jpg\" class=\"attachment-thumbnail size-thumbnail\" alt=\"\" \/><\/a>\n\t\t\t\t<\/dt><\/dl><br style=\"clear: both\" \/><dl class='gallery-item'>\n\t\t\t\t<dt class='gallery-icon landscape'>\n\t\t\t\t\t<a class=\"rollover\" href='https:\/\/www.radiopiu.net\/wordpress\/belluno-670-anni-fa-lassassinio-del-vicario-imperiale-a-bongaio-di-renato-bona\/67245777_1257270374450088_4295949245782949888_n\/'><img loading=\"lazy\" decoding=\"async\" width=\"150\" height=\"150\" src=\"https:\/\/www.radiopiu.net\/wordpress\/wp-content\/uploads\/2019\/07\/67245777_1257270374450088_4295949245782949888_n-150x150.jpg\" class=\"attachment-thumbnail size-thumbnail\" alt=\"\" srcset=\"https:\/\/www.radiopiu.net\/wordpress\/wp-content\/uploads\/2019\/07\/67245777_1257270374450088_4295949245782949888_n-150x150.jpg 150w, https:\/\/www.radiopiu.net\/wordpress\/wp-content\/uploads\/2019\/07\/67245777_1257270374450088_4295949245782949888_n-300x297.jpg 300w, https:\/\/www.radiopiu.net\/wordpress\/wp-content\/uploads\/2019\/07\/67245777_1257270374450088_4295949245782949888_n-768x761.jpg 768w, https:\/\/www.radiopiu.net\/wordpress\/wp-content\/uploads\/2019\/07\/67245777_1257270374450088_4295949245782949888_n.jpg 960w\" sizes=\"auto, (max-width: 150px) 100vw, 150px\" \/><\/a>\n\t\t\t\t<\/dt><\/dl><dl class='gallery-item'>\n\t\t\t\t<dt class='gallery-icon portrait'>\n\t\t\t\t\t<a class=\"rollover\" href='https:\/\/www.radiopiu.net\/wordpress\/belluno-670-anni-fa-lassassinio-del-vicario-imperiale-a-bongaio-di-renato-bona\/67705706_2377788902476731_6450862792068038656_n\/'><img loading=\"lazy\" decoding=\"async\" width=\"150\" height=\"150\" src=\"https:\/\/www.radiopiu.net\/wordpress\/wp-content\/uploads\/2019\/07\/67705706_2377788902476731_6450862792068038656_n-150x150.jpg\" class=\"attachment-thumbnail size-thumbnail\" alt=\"\" \/><\/a>\n\t\t\t\t<\/dt><\/dl>\n\t\t\t\t<br style='clear: both' \/>\n\t\t\t<\/div>\n\n<p>NELLE FOTO (delcampe.net, Google e Renato Bona): immagine di Avoscan di San Tomaso Agordino risalente al 1964; altro scorcio riprodotto dal libro\u201dUn ricordo dall\u2019Agordino\u201d edito da Nuovi Sentieri di Bepi Pellegrinon, con immagine propriet\u00e0 di Pompeo Breveglieri editore; lo stemma della famiglia Avoscano; la cripta della Cattedrale di Belluno; l\u2019arca con le statue &#8211; in basso &#8211; di Guadagnino (a sinistra) e Jacopo.<\/p>\n","protected":false},"excerpt":{"rendered":"<p>Nel 1349, dunque la bellezza di seicentosettanta anni fa, l\u2019assassinio del vicario imperiale Arrighetto Bongaio per mano di Jacopo, figlio di Guadagnino, pose fine al \u201cpiccolo regno\u201d in Agordino della famiglia Avoscano che era iniziato nel 1321. Lo ricorda il sito Agordinodolomiti (ripreso nell\u2019ottobre del 2017 da Maurizio Timpano) nel capitolo dedicato alla \u201cCasata degli&hellip;<\/p>\n","protected":false},"author":1,"featured_media":93413,"comment_status":"closed","ping_status":"closed","sticky":false,"template":"","format":"standard","meta":{"_monsterinsights_skip_tracking":false,"_monsterinsights_sitenote_active":false,"_monsterinsights_sitenote_note":"","_monsterinsights_sitenote_category":0,"footnotes":""},"categories":[49],"tags":[],"class_list":["post-93412","post","type-post","status-publish","format-standard","has-post-thumbnail","hentry","category-news-18","category-49","description-off"],"img_url":"https:\/\/www.radiopiu.net\/wordpress\/wp-content\/uploads\/2019\/07\/67378379_409003086416971_9219506394489683968_n.jpg","_links":{"self":[{"href":"https:\/\/www.radiopiu.net\/wordpress\/wp-json\/wp\/v2\/posts\/93412","targetHints":{"allow":["GET"]}}],"collection":[{"href":"https:\/\/www.radiopiu.net\/wordpress\/wp-json\/wp\/v2\/posts"}],"about":[{"href":"https:\/\/www.radiopiu.net\/wordpress\/wp-json\/wp\/v2\/types\/post"}],"author":[{"embeddable":true,"href":"https:\/\/www.radiopiu.net\/wordpress\/wp-json\/wp\/v2\/users\/1"}],"replies":[{"embeddable":true,"href":"https:\/\/www.radiopiu.net\/wordpress\/wp-json\/wp\/v2\/comments?post=93412"}],"version-history":[{"count":0,"href":"https:\/\/www.radiopiu.net\/wordpress\/wp-json\/wp\/v2\/posts\/93412\/revisions"}],"wp:featuredmedia":[{"embeddable":true,"href":"https:\/\/www.radiopiu.net\/wordpress\/wp-json\/wp\/v2\/media\/93413"}],"wp:attachment":[{"href":"https:\/\/www.radiopiu.net\/wordpress\/wp-json\/wp\/v2\/media?parent=93412"}],"wp:term":[{"taxonomy":"category","embeddable":true,"href":"https:\/\/www.radiopiu.net\/wordpress\/wp-json\/wp\/v2\/categories?post=93412"},{"taxonomy":"post_tag","embeddable":true,"href":"https:\/\/www.radiopiu.net\/wordpress\/wp-json\/wp\/v2\/tags?post=93412"}],"curies":[{"name":"wp","href":"https:\/\/api.w.org\/{rel}","templated":true}]}}