{"id":93727,"date":"2019-07-31T16:55:53","date_gmt":"2019-07-31T14:55:53","guid":{"rendered":"http:\/\/www.radiopiu.net\/wordpress\/?p=93727"},"modified":"2019-08-01T08:53:10","modified_gmt":"2019-08-01T06:53:10","slug":"93727-2","status":"publish","type":"post","link":"https:\/\/www.radiopiu.net\/wordpress\/93727-2\/","title":{"rendered":"GIORNALE RADIOPIU 01 AGOSTO 2019 DIRETTORE MIRKO MEZZACASA"},"content":{"rendered":"<h3><\/h3>\n<p>&nbsp;<\/p>\n<p>&nbsp;<\/p>\n<blockquote><p><em>Gestione Servizi Pubblici informa che In TUTTO il Comune di GOSALDO tranne nelle localit\u00e0 CREPOT, DELUBI, LAGON, LAVEDER, PONGAN, RENON, SABE, VASSERE, l&#8217;acqua erogata dall&#8217;acquedotto non \u00e8 potabile e pu\u00f2 essere usata per scopi alimentari SOLO PREVIO bollitura<\/em><\/p><\/blockquote>\n<p>&nbsp;<\/p>\n<p>&nbsp;<\/p>\n<p>&nbsp;<\/p>\n<h3>MUORE A 36 ANNI, LA CAUSA DI MORTE E&#8217; IPOTERMIA, NON CONFERMATA LA PRIMA IPOTESI DEL FULMINE.<\/h3>\n<p><strong><a class=\"dt-pswp-item\" href=\"http:\/\/www.radiopiu.net\/wordpress\/wp-content\/uploads\/2019\/07\/download-24.jpg\" data-dt-img-description=\"\" data-large_image_width=\"318\" data-large_image_height=\"159\"><img loading=\"lazy\" decoding=\"async\" class=\" wp-image-93754 alignleft\" src=\"http:\/\/www.radiopiu.net\/wordpress\/wp-content\/uploads\/2019\/07\/download-24-300x150.jpg\" alt=\"\" width=\"230\" height=\"115\" srcset=\"https:\/\/www.radiopiu.net\/wordpress\/wp-content\/uploads\/2019\/07\/download-24-300x150.jpg 300w, https:\/\/www.radiopiu.net\/wordpress\/wp-content\/uploads\/2019\/07\/download-24.jpg 318w\" sizes=\"auto, (max-width: 230px) 100vw, 230px\" \/><\/a>LIVINALLONGO<\/strong>\u00a0 In localit\u00e0 Pralongi\u00e0 \u00e8 stato ritrovato privo di vita un uomo di 36 anni, Daniele Del Nobile di Manfredonia (Foggia), lavoratore stagionale ad Arabba. La prima ipotesi era presunta fol<a class=\"dt-pswp-item\" href=\"http:\/\/www.radiopiu.net\/wordpress\/wp-content\/uploads\/2019\/07\/60314160_2461192513938741_5330455160554520576_n.jpg\" data-dt-img-description=\"\" data-large_image_width=\"720\" data-large_image_height=\"960\"><img loading=\"lazy\" decoding=\"async\" class=\" wp-image-93792 alignright\" src=\"http:\/\/www.radiopiu.net\/wordpress\/wp-content\/uploads\/2019\/07\/60314160_2461192513938741_5330455160554520576_n-225x300.jpg\" alt=\"\" width=\"144\" height=\"192\" srcset=\"https:\/\/www.radiopiu.net\/wordpress\/wp-content\/uploads\/2019\/07\/60314160_2461192513938741_5330455160554520576_n-225x300.jpg 225w, https:\/\/www.radiopiu.net\/wordpress\/wp-content\/uploads\/2019\/07\/60314160_2461192513938741_5330455160554520576_n.jpg 720w\" sizes=\"auto, (max-width: 144px) 100vw, 144px\" \/><\/a>gorazione, l&#8217;ispezione cadaverica conclude che il giovane \u00e8 morto per ipotermia, le ulteriori indagini chiariranno ogni dubbio.\u00a0 La salma trasportata nella cella mortuaria del paese \u00e8 infatti a disposizione dell&#8217;autorit\u00e0 giudiziaria.<\/p>\n<blockquote><p><strong>Daniele Nobile lavorava da diverse stagioni al Rifugio Pralongi\u00e0, l&#8217;altro ieri mattina era partito per un&#8217;escursione ma non ha fatto ritorno. Ieri mattina sono iniziate le ricerche dal versante verso Corvara, \u00e8 stato ritrovato dagli uomini del Soccorso Alpino che hanno fatto intervenire l&#8217;elicottero delll&#8217;Aiut Alpin. Sono intervenuti i Carabinieri di Arabba perch\u00e9 il luogo dell&#8217;incidente \u00e8 nel territorio comunale di Livinallongo del Col di Lana.<\/strong><\/p><\/blockquote>\n<p>&nbsp;<\/p>\n<p>&nbsp;<\/p>\n<p>&nbsp;<\/p>\n<p>&nbsp;<\/p>\n<blockquote><p>&nbsp;<\/p><\/blockquote>\n<h2>UN ALTRO MASSO SULLA 203 AGORDINA<\/h2>\n<p><strong>SEDICO<\/strong> Ieri sera attorno alle 22.30 in localit\u00e0 La Stanga disagi al traffico ed ennesimo pericolo scampato in un momento di grande traffico per il rientro dal turno di Luxottica da Agordo e dei partecipanti alle semifinali del campionato agordino di calcio femminile da Taibon. Un grande masso \u00e8 finito sulla sede stradale. Oggi i controlli di Veneto Strade ed esperti.<\/p>\n<p><a class=\"dt-pswp-item\" href=\"http:\/\/www.radiopiu.net\/wordpress\/wp-content\/uploads\/2019\/07\/WhatsApp-Image-2019-07-31-at-22.44.03.jpeg\" data-dt-img-description=\"\" data-large_image_width=\"1600\" data-large_image_height=\"1200\"><img loading=\"lazy\" decoding=\"async\" class=\"alignnone size-medium wp-image-93811\" src=\"http:\/\/www.radiopiu.net\/wordpress\/wp-content\/uploads\/2019\/07\/WhatsApp-Image-2019-07-31-at-22.44.03-300x225.jpeg\" alt=\"\" width=\"300\" height=\"225\" srcset=\"https:\/\/www.radiopiu.net\/wordpress\/wp-content\/uploads\/2019\/07\/WhatsApp-Image-2019-07-31-at-22.44.03-300x225.jpeg 300w, https:\/\/www.radiopiu.net\/wordpress\/wp-content\/uploads\/2019\/07\/WhatsApp-Image-2019-07-31-at-22.44.03-768x576.jpeg 768w, https:\/\/www.radiopiu.net\/wordpress\/wp-content\/uploads\/2019\/07\/WhatsApp-Image-2019-07-31-at-22.44.03-1024x768.jpeg 1024w, https:\/\/www.radiopiu.net\/wordpress\/wp-content\/uploads\/2019\/07\/WhatsApp-Image-2019-07-31-at-22.44.03.jpeg 1600w\" sizes=\"auto, (max-width: 300px) 100vw, 300px\" \/><\/a><\/p>\n<h3><\/h3>\n<h3><\/h3>\n<p>&nbsp;<\/p>\n<blockquote><p>&nbsp;<\/p><\/blockquote>\n<h3><\/h3>\n<h3>IERI INCIDENTE IN GALLERIA SAN FERMO<\/h3>\n<p><strong>FELTRE<\/strong>\u00a0 \u00a0I vigili del fuoco del Comando feltrino sono intervenuti in seguito all&#8217;incidente ieri mattina alle otto\u00a0 sulla statale 50 all&#8217;altezza della galleria San Fermo. Sono\u00a0 rimasti coinvolti\u00a0 un&#8217; autovettura e un camion, nessun ferito. Strada chiusa per 4 ore.<\/p>\n<p><a class=\"dt-pswp-item\" href=\"http:\/\/www.radiopiu.net\/wordpress\/wp-content\/uploads\/2019\/07\/Senza-nome1.jpg\" data-dt-img-description=\"\" data-large_image_width=\"796\" data-large_image_height=\"779\"><img loading=\"lazy\" decoding=\"async\" class=\"alignnone size-thumbnail wp-image-93732\" src=\"http:\/\/www.radiopiu.net\/wordpress\/wp-content\/uploads\/2019\/07\/Senza-nome1-150x150.jpg\" alt=\"\" width=\"150\" height=\"150\" \/><\/a><a class=\"dt-pswp-item\" href=\"http:\/\/www.radiopiu.net\/wordpress\/wp-content\/uploads\/2019\/07\/photo_2019-07-31_13-32-38.jpg\" data-dt-img-description=\"\" data-large_image_width=\"1280\" data-large_image_height=\"960\"><img loading=\"lazy\" decoding=\"async\" class=\"alignnone size-thumbnail wp-image-93731\" src=\"http:\/\/www.radiopiu.net\/wordpress\/wp-content\/uploads\/2019\/07\/photo_2019-07-31_13-32-38-150x150.jpg\" alt=\"\" width=\"150\" height=\"150\" \/><\/a><\/p>\n<p>&nbsp;<\/p>\n<p>&nbsp;<\/p>\n<p>&nbsp;<\/p>\n<h3>VANDALI DELLA PISCINA<\/h3>\n<p><strong>CORTINA<\/strong> I Carabinieri di Cortina indagano sull&#8217;episodio dopo la denuncia della societ\u00e0 &#8220;Servizi Ampezzo&#8221;. Ignori tra il 26 e il 29 luglio hanno infranto una vetrata della piscina comunale e una volta dentro si sono divertiti a svuotare 4 estintori nella vasca. I danni sono da quantificare<\/p>\n<p>&nbsp;<\/p>\n<p>&nbsp;<\/p>\n<p>&nbsp;<\/p>\n<h2>LUXOTTICA E BULGARI UN MATRIMONIO CHE NON CONOSCE CRISI<\/h2>\n<p><strong><a class=\"dt-pswp-item\" href=\"http:\/\/www.radiopiu.net\/wordpress\/wp-content\/uploads\/2019\/05\/LUX-ELI-4.jpg\" data-dt-img-description=\"\" data-large_image_width=\"1280\" data-large_image_height=\"853\"><img loading=\"lazy\" decoding=\"async\" class=\" wp-image-85091 alignleft\" src=\"http:\/\/www.radiopiu.net\/wordpress\/wp-content\/uploads\/2019\/05\/LUX-ELI-4-300x200.jpg\" alt=\"\" width=\"192\" height=\"128\" srcset=\"https:\/\/www.radiopiu.net\/wordpress\/wp-content\/uploads\/2019\/05\/LUX-ELI-4-300x200.jpg 300w, https:\/\/www.radiopiu.net\/wordpress\/wp-content\/uploads\/2019\/05\/LUX-ELI-4-768x512.jpg 768w, https:\/\/www.radiopiu.net\/wordpress\/wp-content\/uploads\/2019\/05\/LUX-ELI-4-1024x682.jpg 1024w, https:\/\/www.radiopiu.net\/wordpress\/wp-content\/uploads\/2019\/05\/LUX-ELI-4.jpg 1280w\" sizes=\"auto, (max-width: 192px) 100vw, 192px\" \/><\/a>MILANO<\/strong> Luxottica e Bulgari annunciano il rinnovo anticipato dell\u2019accordo di licenza in esclusiva per la progettazione, la produzione e la distribuzione in tutto il mondo di montature da vista e occhiali da sole a marchio Bulgari. Il rinnovo triennale sar\u00e0 effettivo a partire dal 1\u00b0 gennaio 2021 e si estender\u00e0 fino al 31 dicembre 2023.<\/p>\n<blockquote><p><em> \u201c\u00c8 un rinnovo molto significativo per Luxottica. Abbiamo oltre 20 anni di collaborazione positiva alle spalle e un futuro importante davanti a noi. Insieme, potremo continuare a dare forma al lusso nel mercato dell\u2019eyewear, con occhiali che sono veri e propri gioielli, ammirati e desiderati in tutto il mondo&#8221;, <\/em><strong>ha commentato Leonardo Del Vecchio, Presidente Esecutivo di Luxottica<\/strong>.<em> &#8220;Siamo felici e orgogliosi di estendere la nostra partnership con Luxottica. Nei prossimi 3 anni prevediamo una crescita qualitativa nella nostra categoria con un miglioramento dell\u2019esperienza d\u2019acquisto e un ulteriore sviluppo nei principali mercati, emergenti e non, in particolare in Asia e negli Stati Uniti&#8221;, <\/em><strong>ha aggiunto Jean-Christophe Babin, CEO di Bulgari SpA.<\/strong><\/p><\/blockquote>\n<h2><\/h2>\n<p>&nbsp;<\/p>\n<p>&nbsp;<\/p>\n<h2>EssilorLuxottica acquisisce il 76,72% di HAL in <a class=\"dt-pswp-item\" href=\"http:\/\/www.radiopiu.net\/wordpress\/wp-content\/uploads\/2018\/02\/luxottica-001.jpg\" data-dt-img-description=\"\" data-large_image_width=\"630\" data-large_image_height=\"350\"><img loading=\"lazy\" decoding=\"async\" class=\" wp-image-43357 alignleft\" src=\"http:\/\/www.radiopiu.net\/wordpress\/wp-content\/uploads\/2018\/02\/luxottica-001-300x167.jpg\" alt=\"\" width=\"207\" height=\"115\" srcset=\"https:\/\/www.radiopiu.net\/wordpress\/wp-content\/uploads\/2018\/02\/luxottica-001-300x167.jpg 300w, https:\/\/www.radiopiu.net\/wordpress\/wp-content\/uploads\/2018\/02\/luxottica-001.jpg 630w\" sizes=\"auto, (max-width: 207px) 100vw, 207px\" \/><\/a>GrandVision.<\/h2>\n<p>EssilorLuxottica acquisisce la partecipazione del 76,72% detenuta da HAL in<br \/>\nGrandVision ad un prezzo di acquisto di 28 euro ad azione. \u2022 L&#8217;operazione gode del supporto del Consiglio di Gestione e del Consiglio di Sorveglianza di GrandVision<br \/>\nL&#8217;operazione, che completa ulteriormente l&#8217;ambito di attivit\u00e0 di EssilorLuxottica,<br \/>\npermetter\u00e0 alla societ\u00e0 di offrire un&#8217;esperienza migliore nel settore dell&#8217;eyecare e<br \/>\nnell&#8217;eyewear a pi\u00f9 persone nel mondo.\u00a0 \u2022 La chiusura dell&#8217;operazione \u00e8 prevista nei prossimi 12-24 mesi.<\/p>\n<blockquote><p><em>Attraverso l&#8217;acquisizione di GrandVision, EssilorLuxottica amplier\u00e0 la propria<\/em><em>piattaforma di retail ottico, aggiungendo oltre 7.200 negozi nel mondo <\/em><em>principalmente in Europa, pi\u00f9 di 37.000 dipendenti e 3,7 miliardi di Euro di <\/em><em>fatturato<\/em><\/p><\/blockquote>\n<p>&nbsp;<\/p>\n<p>&nbsp;<\/p>\n<p>&nbsp;<\/p>\n<p>&nbsp;<\/p>\n<h2>LA MORA PIU&#8217; SICURA DOPO L&#8217;INTERVENTO DELLA PROVINCIA<\/h2>\n<p style=\"text-align: left;\"><strong><a class=\"dt-pswp-item\" href=\"http:\/\/www.radiopiu.net\/wordpress\/wp-content\/uploads\/2019\/07\/b6f25ea4-b74c-4750-bd2f-d7134b312de9.jpg\" data-dt-img-description=\"\" data-large_image_width=\"1600\" data-large_image_height=\"1200\"><img loading=\"lazy\" decoding=\"async\" class=\"wp-image-93768 alignleft\" src=\"http:\/\/www.radiopiu.net\/wordpress\/wp-content\/uploads\/2019\/07\/b6f25ea4-b74c-4750-bd2f-d7134b312de9-150x150.jpg\" alt=\"\" width=\"112\" height=\"112\" \/><\/a>CANALE D&#8217;AGORDO<\/strong> Apprendiamo dal consigliere provinciale Massimo Bortoluzzi che \u00e8 stata completata l&#8217;installazi<a class=\"dt-pswp-item\" href=\"http:\/\/www.radiopiu.net\/wordpress\/wp-content\/uploads\/2019\/07\/67203828_10217794467645872_6717499348260749312_n.jpg\" data-dt-img-description=\"\" data-large_image_width=\"960\" data-large_image_height=\"720\"><img loading=\"lazy\" decoding=\"async\" class=\"wp-image-93826 alignright\" src=\"http:\/\/www.radiopiu.net\/wordpress\/wp-content\/uploads\/2019\/07\/67203828_10217794467645872_6717499348260749312_n-300x225.jpg\" alt=\"\" width=\"184\" height=\"138\" srcset=\"https:\/\/www.radiopiu.net\/wordpress\/wp-content\/uploads\/2019\/07\/67203828_10217794467645872_6717499348260749312_n-300x225.jpg 300w, https:\/\/www.radiopiu.net\/wordpress\/wp-content\/uploads\/2019\/07\/67203828_10217794467645872_6717499348260749312_n-768x576.jpg 768w, https:\/\/www.radiopiu.net\/wordpress\/wp-content\/uploads\/2019\/07\/67203828_10217794467645872_6717499348260749312_n.jpg 960w\" sizes=\"auto, (max-width: 184px) 100vw, 184px\" \/><\/a>one delle barriere paramassi &#8220;Manca\u00a0 &#8211; dice il consigliere &#8211; di rimuovere le ramaglie di risulta e abbattere un albero che pu\u00f2 configurare un pericolo per la casa pi\u00f9 a valle, a fianco della quale \u00e8 rotolato il masso. Sono lavori che saranno eseguiti a settembre al termine della stagione turistica. Importo lavori complessivo\u00a0 226.000 euro&#8221; E&#8217; stata realizzata una doppia barriera alta 5 metri,\u00a0 estensione complessiva140 metri . &#8220;L&#8217;opera nel suo complesso pu\u00f2 considerarsi funzionale&#8221; conclude Bortoluzzi.<\/p>\n<p>IL CONSIGLIERE PROVINCIALE MASSIMO BORTOLUZZI<\/p>\n<audio class=\"wp-audio-shortcode\" id=\"audio-93727-1\" preload=\"none\" style=\"width: 100%;\" controls=\"controls\"><source type=\"audio\/mpeg\" src=\"http:\/\/www.radiopiu.net\/wordpress\/wp-content\/uploads\/2019\/07\/massimo.mp3?_=1\" \/><a href=\"http:\/\/www.radiopiu.net\/wordpress\/wp-content\/uploads\/2019\/07\/massimo.mp3\">http:\/\/www.radiopiu.net\/wordpress\/wp-content\/uploads\/2019\/07\/massimo.mp3<\/a><\/audio>\n<p>&nbsp;<\/p>\n<p><a class=\"dt-pswp-item\" href=\"http:\/\/www.radiopiu.net\/wordpress\/wp-content\/uploads\/2019\/07\/b1f75d24-eb34-4266-b313-3175cd575120.jpg\" data-dt-img-description=\"\" data-large_image_width=\"1600\" data-large_image_height=\"1200\"><img loading=\"lazy\" decoding=\"async\" class=\"alignnone wp-image-93772\" src=\"http:\/\/www.radiopiu.net\/wordpress\/wp-content\/uploads\/2019\/07\/b1f75d24-eb34-4266-b313-3175cd575120-300x225.jpg\" alt=\"\" width=\"193\" height=\"145\" srcset=\"https:\/\/www.radiopiu.net\/wordpress\/wp-content\/uploads\/2019\/07\/b1f75d24-eb34-4266-b313-3175cd575120-300x225.jpg 300w, https:\/\/www.radiopiu.net\/wordpress\/wp-content\/uploads\/2019\/07\/b1f75d24-eb34-4266-b313-3175cd575120-768x576.jpg 768w, https:\/\/www.radiopiu.net\/wordpress\/wp-content\/uploads\/2019\/07\/b1f75d24-eb34-4266-b313-3175cd575120-1024x768.jpg 1024w, https:\/\/www.radiopiu.net\/wordpress\/wp-content\/uploads\/2019\/07\/b1f75d24-eb34-4266-b313-3175cd575120.jpg 1600w\" sizes=\"auto, (max-width: 193px) 100vw, 193px\" \/><\/a><a class=\"dt-pswp-item\" href=\"http:\/\/www.radiopiu.net\/wordpress\/wp-content\/uploads\/2019\/07\/d1867c61-daa7-4a38-830e-4da51e48bc26.jpg\" data-dt-img-description=\"\" data-large_image_width=\"1600\" data-large_image_height=\"1200\"><img loading=\"lazy\" decoding=\"async\" class=\"alignnone wp-image-93771\" src=\"http:\/\/www.radiopiu.net\/wordpress\/wp-content\/uploads\/2019\/07\/d1867c61-daa7-4a38-830e-4da51e48bc26-300x225.jpg\" alt=\"\" width=\"193\" height=\"145\" srcset=\"https:\/\/www.radiopiu.net\/wordpress\/wp-content\/uploads\/2019\/07\/d1867c61-daa7-4a38-830e-4da51e48bc26-300x225.jpg 300w, https:\/\/www.radiopiu.net\/wordpress\/wp-content\/uploads\/2019\/07\/d1867c61-daa7-4a38-830e-4da51e48bc26-768x576.jpg 768w, https:\/\/www.radiopiu.net\/wordpress\/wp-content\/uploads\/2019\/07\/d1867c61-daa7-4a38-830e-4da51e48bc26-1024x768.jpg 1024w, https:\/\/www.radiopiu.net\/wordpress\/wp-content\/uploads\/2019\/07\/d1867c61-daa7-4a38-830e-4da51e48bc26.jpg 1600w\" sizes=\"auto, (max-width: 193px) 100vw, 193px\" \/><\/a><a class=\"dt-pswp-item\" href=\"http:\/\/www.radiopiu.net\/wordpress\/wp-content\/uploads\/2019\/07\/cb0b9330-4109-4948-be98-c7004158dbe3.jpg\" data-dt-img-description=\"\" data-large_image_width=\"1600\" data-large_image_height=\"1200\"><img loading=\"lazy\" decoding=\"async\" class=\"alignnone wp-image-93770\" src=\"http:\/\/www.radiopiu.net\/wordpress\/wp-content\/uploads\/2019\/07\/cb0b9330-4109-4948-be98-c7004158dbe3-300x225.jpg\" alt=\"\" width=\"194\" height=\"145\" srcset=\"https:\/\/www.radiopiu.net\/wordpress\/wp-content\/uploads\/2019\/07\/cb0b9330-4109-4948-be98-c7004158dbe3-300x225.jpg 300w, https:\/\/www.radiopiu.net\/wordpress\/wp-content\/uploads\/2019\/07\/cb0b9330-4109-4948-be98-c7004158dbe3-768x576.jpg 768w, https:\/\/www.radiopiu.net\/wordpress\/wp-content\/uploads\/2019\/07\/cb0b9330-4109-4948-be98-c7004158dbe3-1024x768.jpg 1024w, https:\/\/www.radiopiu.net\/wordpress\/wp-content\/uploads\/2019\/07\/cb0b9330-4109-4948-be98-c7004158dbe3.jpg 1600w\" sizes=\"auto, (max-width: 194px) 100vw, 194px\" \/><\/a><a class=\"dt-pswp-item\" href=\"http:\/\/www.radiopiu.net\/wordpress\/wp-content\/uploads\/2019\/07\/c0d620f0-64e9-4467-b60c-b6249be230f8.jpg\" data-dt-img-description=\"\" data-large_image_width=\"1600\" data-large_image_height=\"1200\"><img loading=\"lazy\" decoding=\"async\" class=\"alignnone wp-image-93769\" src=\"http:\/\/www.radiopiu.net\/wordpress\/wp-content\/uploads\/2019\/07\/c0d620f0-64e9-4467-b60c-b6249be230f8-300x225.jpg\" alt=\"\" width=\"193\" height=\"144\" srcset=\"https:\/\/www.radiopiu.net\/wordpress\/wp-content\/uploads\/2019\/07\/c0d620f0-64e9-4467-b60c-b6249be230f8-300x225.jpg 300w, https:\/\/www.radiopiu.net\/wordpress\/wp-content\/uploads\/2019\/07\/c0d620f0-64e9-4467-b60c-b6249be230f8-768x576.jpg 768w, https:\/\/www.radiopiu.net\/wordpress\/wp-content\/uploads\/2019\/07\/c0d620f0-64e9-4467-b60c-b6249be230f8-1024x768.jpg 1024w, https:\/\/www.radiopiu.net\/wordpress\/wp-content\/uploads\/2019\/07\/c0d620f0-64e9-4467-b60c-b6249be230f8.jpg 1600w\" sizes=\"auto, (max-width: 193px) 100vw, 193px\" \/><\/a><\/p>\n<p>&nbsp;<\/p>\n<p>&nbsp;<\/p>\n<p>&nbsp;<\/p>\n<p>&nbsp;<\/p>\n<h2>COLCERGNAN ALLA PRESIDENZA DI VALLATA DEL CONSORZIO BIM, SOPPELSA VICE<\/h2>\n<p><strong><a class=\"dt-pswp-item\" href=\"http:\/\/www.radiopiu.net\/wordpress\/wp-content\/uploads\/2015\/10\/LogoBIM.jpg\" data-dt-img-description=\"\" data-large_image_width=\"352\" data-large_image_height=\"200\"><img loading=\"lazy\" decoding=\"async\" class=\"size-medium wp-image-12187 alignleft\" src=\"http:\/\/www.radiopiu.net\/wordpress\/wp-content\/uploads\/2015\/10\/LogoBIM-300x170.jpg\" alt=\"\" width=\"300\" height=\"170\" \/><\/a>AGORDO<\/strong> Flavio Colcergnan sindaco di Canale d&#8217;Agordo \u00e8 stato eletto all&#8217;unanimit\u00e0 presidente di Vallada del Consorzio Bim Piave, il vice \u00e8 invece Mauro Soppelsa sindaco di Cencenighe. Lo hanno deciso i sindaci dell&#8217;Agordino con voto espresso all&#8217;unanimit\u00e0 e che mette daccordo una vallada questa volta davvero unita con i Comuni di Sedico e Sospirolo.<\/p>\n<p><strong>FLAVIO COLCERGNAN<\/strong><\/p>\n<audio class=\"wp-audio-shortcode\" id=\"audio-93727-2\" preload=\"none\" style=\"width: 100%;\" controls=\"controls\"><source type=\"audio\/mpeg\" src=\"http:\/\/www.radiopiu.net\/wordpress\/wp-content\/uploads\/2019\/07\/colce.mp3?_=2\" \/><a href=\"http:\/\/www.radiopiu.net\/wordpress\/wp-content\/uploads\/2019\/07\/colce.mp3\">http:\/\/www.radiopiu.net\/wordpress\/wp-content\/uploads\/2019\/07\/colce.mp3<\/a><\/audio>\n<p><strong>MAURO SOPPELSA\u00a0<\/strong><\/p>\n<audio class=\"wp-audio-shortcode\" id=\"audio-93727-3\" preload=\"none\" style=\"width: 100%;\" controls=\"controls\"><source type=\"audio\/mpeg\" src=\"http:\/\/www.radiopiu.net\/wordpress\/wp-content\/uploads\/2019\/07\/mauro.mp3?_=3\" \/><a href=\"http:\/\/www.radiopiu.net\/wordpress\/wp-content\/uploads\/2019\/07\/mauro.mp3\">http:\/\/www.radiopiu.net\/wordpress\/wp-content\/uploads\/2019\/07\/mauro.mp3<\/a><\/audio>\n<p>&nbsp;<\/p>\n<p>&nbsp;<\/p>\n<p>&nbsp;<\/p>\n<h2>DA OGGI LA PISCINA DI AGORDO NON HA UN GESTORE: CHIUSA.<\/h2>\n<p><strong>AGORDO<\/strong> Per il presidente dell&#8217;Unione Montana la continuit\u00e0 \u00e8 assicurata, due societ\u00e0, una bellunese e una agordina si sarebbero interessate del bando, ma dagli uffici di Palazzo Bianco non si conferma nulla e non si fanno nomi. Una bella sfida per chi affronta il bando per un impianto da 37 mila presenze, in calo\u00a0 rispetto alle quasi 39 mila presenze annuali del 2015.<\/p>\n<p><strong>GIANNI SANTOMASO<\/strong><\/p>\n<audio class=\"wp-audio-shortcode\" id=\"audio-93727-4\" preload=\"none\" style=\"width: 100%;\" controls=\"controls\"><source type=\"audio\/mpeg\" src=\"http:\/\/www.radiopiu.net\/wordpress\/wp-content\/uploads\/2019\/07\/GIANNI-PISCINA.mp3?_=4\" \/><a href=\"http:\/\/www.radiopiu.net\/wordpress\/wp-content\/uploads\/2019\/07\/GIANNI-PISCINA.mp3\">http:\/\/www.radiopiu.net\/wordpress\/wp-content\/uploads\/2019\/07\/GIANNI-PISCINA.mp3<\/a><\/audio>\n<p><strong>IERI ALLA RADIO<\/strong><\/p>\n<blockquote class=\"wp-embedded-content\" data-secret=\"BO3FHZVcuY\"><p><a href=\"http:\/\/www.radiopiu.net\/wordpress\/lultima-nuotata-blu-nella-piscina-comprensoriale\/\">L&#8217;ULTIMA NUOTATA BLU NELLA PISCINA COMPRENSORIALE<\/a><\/p><\/blockquote>\n<p><iframe loading=\"lazy\" title=\"&#8220;L&#8217;ULTIMA NUOTATA BLU NELLA PISCINA COMPRENSORIALE&#8221; &#8212; Radio Pi\u00f9\" class=\"wp-embedded-content\" sandbox=\"allow-scripts\" security=\"restricted\" style=\"position: absolute; clip: rect(1px, 1px, 1px, 1px);\" src=\"http:\/\/www.radiopiu.net\/wordpress\/lultima-nuotata-blu-nella-piscina-comprensoriale\/embed\/#?secret=BO3FHZVcuY\" data-secret=\"BO3FHZVcuY\" width=\"600\" height=\"338\" frameborder=\"0\" marginwidth=\"0\" marginheight=\"0\" scrolling=\"no\"><\/iframe><\/p>\n<p>&nbsp;<\/p>\n<p>&nbsp;<\/p>\n<p>&nbsp;<\/p>\n<p>&nbsp;<\/p>\n<h2>DAGLI OPERATORI ECONOMICI DEL NEVEGAL<\/h2>\n<blockquote><p><strong><a class=\"dt-pswp-item\" href=\"http:\/\/www.radiopiu.net\/wordpress\/wp-content\/uploads\/2018\/02\/Cartello-Nevegallika.jpg\" data-dt-img-description=\"\" data-large_image_width=\"5184\" data-large_image_height=\"3456\"><img loading=\"lazy\" decoding=\"async\" class=\"size-medium wp-image-42959 alignleft\" src=\"http:\/\/www.radiopiu.net\/wordpress\/wp-content\/uploads\/2018\/02\/Cartello-Nevegallika-300x200.jpg\" alt=\"\" width=\"300\" height=\"200\" srcset=\"https:\/\/www.radiopiu.net\/wordpress\/wp-content\/uploads\/2018\/02\/Cartello-Nevegallika-300x200.jpg 300w, https:\/\/www.radiopiu.net\/wordpress\/wp-content\/uploads\/2018\/02\/Cartello-Nevegallika-768x512.jpg 768w, https:\/\/www.radiopiu.net\/wordpress\/wp-content\/uploads\/2018\/02\/Cartello-Nevegallika-1024x683.jpg 1024w\" sizes=\"auto, (max-width: 300px) 100vw, 300px\" \/><\/a>BELLUNO\u00a0<\/strong> Dopo l&#8217;incontro con il Sindaco e gli assessori competenti, gli operatori economici e il gruppo residenti hanno deciso di ritirarsi dal progetto di gestione impianti non condividendo le strategie messe sul tavolo. La Ski area del colle necessita, come affermato anche dagli impiantisti mandati in sopralluogo dalla Regione, di un progetto di rinnovamento che tenga conto anche, ma non solo, della stagione estiva. Visti i tempi stretti, che non consentono pi\u00f9 di formare societ\u00e0 strutturate, avevamo chiesto al Comune di riprendersi la propriet\u00e0 degli impianti rendendoci disponibili alla gestione e mettendo sul piatto un nostro contributo di 100 mila euro.\u00a0 Questo avrebbe permesso al Sindaco di investire i 500 mila euro promessi alla vigilia della nostra manifestazione del 22 giugno su impianti di propriet\u00e0, togliendosi il problema dei costi gestionali. Invece si aspetta un benefattore che regali un milione di euro per attuare un piano minimale e a nostro avviso inutile. Visto il contesto meglio chiudere subito, non vogliamo pi\u00f9 partecipare a gestioni assurde come quelle degli ultimi anni, con soggetti che per esperienza hanno portato solo a fallimenti. Quindi dopo l&#8217;eventuale chiusura della scuola sci, anche le altre attivit\u00e0 valuteranno il da farsi per la stagione invernale. Se \u00e8 deciso che dobbiamo chiudere meglio l&#8217;eutanasia che rantolare come fatto nelle ultime stagioni. Auguriamo a tutti buon lavoro, la nostra collaborazione \u00e8 finita come la nostra pazienza. Un ringraziamento ai consiglieri regionali Pigozzo e Fracasso che abbiamo incontrato in Regione la settimana scorsa e che si sono subito attivati, dimostrando l&#8217;inerzia dei nostri rappresentanti politici locali. Basta tirare acqua per una societ\u00e0, l&#8217;Alpe, che non ha mai voluto incontrarci malgrado le numerose richieste e che si avvale in gestione di soggetti a nostro avviso inadeguati. Auguriamo buon lavoro a tutti, il futuro paventato non ci interessa. <strong>Operatori Economici Nevegal<\/strong><\/p><\/blockquote>\n<p>&nbsp;<\/p>\n<p>&nbsp;<\/p>\n<p>&nbsp;<\/p>\n<p>&nbsp;<\/p>\n<h2>UN MOTTO PER IL FLASH MOB CHE CIRCLELAND ORGANIZZA IN PIAZZA<\/h2>\n<p><strong>DI DAMIANO TORMEN\u00a0<\/strong><\/p>\n<p><strong>BELLUNO<\/strong>\u00a0 \u201cLa montagna \u00e8 la nostra casa e vogliamo riscoprirla per riabitarla\u201d. Questo \u00e8 il motto del flash mob in programma domani\u00a0 tra le 19:30 e le 20:30 nelle piazze di Belluno che coinvolger\u00e0 150 artisti provenienti da tutto il mondo con musica, canto e movimento. Il \u201cflash mob\u201d \u00e8 sostenuto dal Fondo Welfare e Identit\u00e0 Territoriale che durante la serata richiamer\u00e0 l&#8217;attenzione sulla necessit\u00e0 di riconoscere, nell&#8217;unione delle sue diverse realt\u00e0, la nostra identit\u00e0 territoriale e di ripartire da questo patrimonio per ritrovare i motivi per abitare la nostra montagna.<\/p>\n<audio class=\"wp-audio-shortcode\" id=\"audio-93727-5\" preload=\"none\" style=\"width: 100%;\" controls=\"controls\"><source type=\"audio\/mpeg\" src=\"http:\/\/www.radiopiu.net\/wordpress\/wp-content\/uploads\/2019\/07\/damiano-domani-flash.mp3?_=5\" \/><a href=\"http:\/\/www.radiopiu.net\/wordpress\/wp-content\/uploads\/2019\/07\/damiano-domani-flash.mp3\">http:\/\/www.radiopiu.net\/wordpress\/wp-content\/uploads\/2019\/07\/damiano-domani-flash.mp3<\/a><\/audio>\n<p>&nbsp;<\/p>\n<p>&nbsp;<\/p>\n<p>&nbsp;<\/p>\n<h2>Hera-Ascopiave, D\u2019Inc\u00e0 (M5S): \u201cVeneto terra di conquista e senza strategia energetica\u201d<\/h2>\n<blockquote><p><em>\u201cSono convinto che l\u2019autonomia arriver\u00e0, ma alla fine sar\u00e0 una vittoria di Pirro con un Veneto senza banche, conquistato nelle sue multiutility, con <a class=\"dt-pswp-item\" href=\"http:\/\/www.radiopiu.net\/wordpress\/wp-content\/uploads\/2017\/09\/DInc\u00e0-Fantuzzi2.jpg\" data-dt-img-description=\"\" data-large_image_width=\"1280\" data-large_image_height=\"960\"><img loading=\"lazy\" decoding=\"async\" class=\"wp-image-36671 alignleft\" src=\"http:\/\/www.radiopiu.net\/wordpress\/wp-content\/uploads\/2017\/09\/DInc\u00e0-Fantuzzi2-300x225.jpg\" alt=\"\" width=\"177\" height=\"133\" \/><\/a>l\u2019acqua inquinata dai Pfas e la \u2018testa\u2019 delle sue grandi aziende ormai stabili a Milano. \u00c8 un\u2019altra \u2018Caporetto\u2019, figlia del \u2018nanismo\u2019 politico veneto. Ma, fortunatamente, la storia, alla fine, dir\u00e0 chi sono stati i colpevoli \u2013 conclude D\u2019Inc\u00e0 \u2013\u201d.<\/em><\/p><\/blockquote>\n<p>Il deputato bellunese commenta la partnership tra le due societ\u00e0: \u201cLa Lega ha governato in Regione negli ultimi 20 anni, non hanno mai avuto una visione nel settore energetico e cos\u00ec siamo finiti a celebrare i successi degli altri\u201d. \u201cLa vicenda Hera-Ascoppiave \u00e8 l\u2019ennesima dimostrazione della mancanza di una visione strategica delle amministrazioni locali e regionale veneta nel settore delle multiutility\u201d. Lo afferma Federico D\u2019Inc\u00e0, deputato veneto del Movimento 5 Stelle, in merito all\u2019accordo sancito tra la multiutility bolognese e la societ\u00e0 con sede a Pieve di Soligo, distributrice di gas metano naturale. Un\u2019intesa che permetter\u00e0 di raggiungere oltre un milione di clienti nel Nord Est. Il deputato del Movimento 5 Stelle analizza i numeri e le conseguenze<\/p>\n<p><strong>FEDERICO D&#8217;INCA&#8217;<\/strong><\/p>\n<audio class=\"wp-audio-shortcode\" id=\"audio-93727-6\" preload=\"none\" style=\"width: 100%;\" controls=\"controls\"><source type=\"audio\/mpeg\" src=\"http:\/\/www.radiopiu.net\/wordpress\/wp-content\/uploads\/2019\/07\/Hera-Dinca.mp3?_=6\" \/><a href=\"http:\/\/www.radiopiu.net\/wordpress\/wp-content\/uploads\/2019\/07\/Hera-Dinca.mp3\">http:\/\/www.radiopiu.net\/wordpress\/wp-content\/uploads\/2019\/07\/Hera-Dinca.mp3<\/a><\/audio>\n<p>&nbsp;<\/p>\n<p>&nbsp;<\/p>\n<p>&nbsp;<\/p>\n<h2>OLIMPIADI 2026<\/h2>\n<h3>La sollecitazione di De Menech al Governo:\u00a0 Servono 3 miliardi per potenziare la ferrovia e mettere in sicurezza le strade<\/h3>\n<p><strong>AUDIO DALLA RASSEGNA STAMPA<\/strong><\/p>\n<audio class=\"wp-audio-shortcode\" id=\"audio-93727-7\" preload=\"none\" style=\"width: 100%;\" controls=\"controls\"><source type=\"audio\/mpeg\" src=\"http:\/\/www.radiopiu.net\/wordpress\/wp-content\/uploads\/2019\/07\/ROGER-3.mp3?_=7\" \/><a href=\"http:\/\/www.radiopiu.net\/wordpress\/wp-content\/uploads\/2019\/07\/ROGER-3.mp3\">http:\/\/www.radiopiu.net\/wordpress\/wp-content\/uploads\/2019\/07\/ROGER-3.mp3<\/a><\/audio>\n<p>&nbsp;<\/p>\n<p><strong><a class=\"dt-pswp-item\" href=\"http:\/\/www.radiopiu.net\/wordpress\/wp-content\/uploads\/2016\/01\/slider_01-roger-de-menech-07-07-620x248-e1454393337533.jpg\" data-dt-img-description=\"\" data-large_image_width=\"620\" data-large_image_height=\"248\"><img loading=\"lazy\" decoding=\"async\" class=\"size-medium wp-image-16099 alignleft\" src=\"http:\/\/www.radiopiu.net\/wordpress\/wp-content\/uploads\/2016\/01\/slider_01-roger-de-menech-07-07-620x248-e1454393337533-300x120.jpg\" alt=\"\" width=\"300\" height=\"120\" \/><\/a>BELLUNO\u00a0 <\/strong>Servono circa tre miliardi di euro per potenziare la ferrovia attuale, costruire un nuovo tratto fino a Cortina e mettere in sicurezza le strade di collegamento intervallivo. Tutto da fare entro il 2026, anno fatidico delle Olimpiadi invernali assegnate a Cortina e Milano. \u00abSembra tanto tempo, in realt\u00e0, consapevoli dei tempi di progettazione, appalto e realizzazione siamo a filo\u00bb, afferma il deputato bellunese Roger De Menech, autore di un ordine del giorno per sollecitare il governo a reperire le risorse economiche, 1 miliardo l\u2019anno per tre anni a favore della Provincia di Belluno. Il provvedimento non \u00e8 passato, Lega e Movimento 5 Stelle lo hanno ritenuto inammissibile, ma non \u00e8 la parola fine: \u00abera il modo per porre il problema e ricordare al governo che dovremo programmare per tempo tutti gli interventi\u00bb, dice De Menech. \u00abA settembre e in corso di discussione della legge di bilancio sono certo riusciremo a fare squadra con i rappresentanti della maggioranza e troveremo il modo di ragionare sulle necessit\u00e0 del Bellunese e sugli spazi di bilancio per soddisfarle\u00bb. Il finanziamento dovrebbe consentire al territorio di prepararsi all\u2019appuntamento delle Olimpiadi di Cortina e Milano del 2026. I 400 milioni stanziati dai governi Renzi e Gentiloni per i Mondiali di sci del 2021 non saranno sufficienti per adeguare strade, ferrovie e accessi alle valli alpine per la manifestazione olimpica. I fondi arrivati dai governi precedenti serviranno per un piano straordinario di manutenzioni di strade, messa in sicurezza della viabilit\u00e0 contro il rischio di frane e costruzione di nuove circonvallazioni per alleggerire il traffico e l\u2019inquinamento nei Comuni del Cadore. Mancano del tutto invece i fondi per portare la ferrovia a Cortina, per l\u2019elettrificazione della tratta da Ponte nelle Alpi a Calalzo e per la messa in sicurezza delle strade nelle valli. Per De Menech \u00e8 urgente trovare le fonti per finanziare queste opere che, tra l\u2019altro, rimarranno per decenni a servizio della comunit\u00e0 e dei turisti dopo l\u2019evento. \u00abI tempi burocratici e di realizzazione delle opere impongono scelte ponderate gi\u00e0 dalla prossima legge di bilancio\u00bb, conclude il deputato.<\/p>\n<p>&nbsp;<\/p>\n<p>&nbsp;<\/p>\n<p>&nbsp;<\/p>\n<p>&nbsp;<\/p>\n<h3>PROTEZIONE CIVILE. 250.000 EURO AL SOCCORSO ALPINO PER LE ATTIVIT\u00c0 DI PROTEZIONE CIVILE.<\/h3>\n<blockquote><p><em>\u201cAbbiamo inteso continuare e rafforzare ulteriormente questa partnership \u2013 spiega l\u2019assessore regionale alla Protezione Civile \u2013 vista la grande professionalit\u00e0 sempre messa in campo dal Corpo Nazionale Soccorso Alpino e Speleologico, che all\u2019interno del volontariato veneto si \u00e8 dimostrato punta di eccellenza.\u201d<\/em><\/p><\/blockquote>\n<p><strong>VENEZIA<\/strong>\u00a0 La Giunta regionale, su proposta dell\u2019assessore Gianpaolo Bottacin, ha rinnovato per il prossimo triennio la convenzione con il Soccorso Alpino e Speleologico per le attivit\u00e0 di soccorso e messa in sicurezza nell\u2019ambito degli interventi di Protezione Civile in ambienti ostili e impervi del territorio regionale. Quale struttura operativa del Servizio di Protezione Civile, il Soccorso Alpino interviene sul territorio regionale qualora lo scenario riguardi il territorio montano o comunque impervio, non necessariamente di alta quota, che richieda, per le particolari condizioni dei luoghi e dei tempi, l\u2019impiego di personale esperto nelle tecniche alpinistiche, speleologiche, speleosubacquee e non solo. Nell\u2019ambito della convenzione al Soccorso Alpino verranno stanziati per l\u2019anno corrente 250.000 euro (che si sommano ai 700.000 euro gi\u00e0 deliberati per gli aspetti sanitari) da utilizzare per l\u2019acquisto di mezzi e attrezzature con finalit\u00e0 di protezione civile.<\/p>\n<p>&nbsp;<\/p>\n<p>&nbsp;<\/p>\n<p>&nbsp;<\/p>\n<p>&nbsp;<\/p>\n<h3>VIA LIBERA AGLI INTERVENTI AL NIDO DI PASQUER PER OLTRE 300 MILA EURO<\/h3>\n<p><strong><a class=\"dt-pswp-item\" href=\"http:\/\/www.radiopiu.net\/wordpress\/wp-content\/uploads\/2019\/07\/IMG_20190730_120216.jpg\" data-dt-img-description=\"\" data-large_image_width=\"5312\" data-large_image_height=\"2988\"><img loading=\"lazy\" decoding=\"async\" class=\" wp-image-93730 alignleft\" src=\"http:\/\/www.radiopiu.net\/wordpress\/wp-content\/uploads\/2019\/07\/IMG_20190730_120216-300x169.jpg\" alt=\"\" width=\"208\" height=\"117\" srcset=\"https:\/\/www.radiopiu.net\/wordpress\/wp-content\/uploads\/2019\/07\/IMG_20190730_120216-300x169.jpg 300w, https:\/\/www.radiopiu.net\/wordpress\/wp-content\/uploads\/2019\/07\/IMG_20190730_120216-768x432.jpg 768w, https:\/\/www.radiopiu.net\/wordpress\/wp-content\/uploads\/2019\/07\/IMG_20190730_120216-1024x576.jpg 1024w\" sizes=\"auto, (max-width: 208px) 100vw, 208px\" \/><\/a>FELTRE<\/strong> La giunta comunale di Feltre ha dato il \u201cvia libera\u201d alla progettazione per il rifacimento di una parte della copertura dell&#8217;ala vecchia.\u00a0 Nell\u2019ottobre dello scorso anno la Regione Veneto ha assegnato al Comune di Feltre un finanziamento di 245.000 euro per i lavori di manutenzione straordinaria volti all&#8217;efficientamento energetico della struttura.\u00a0L&#8217;importo dei lavori \u00e8 stimato in 155.000 euro circa, che, aggiunto alle somme a disposizione, porta la cifra complessiva a 245.000 euro.<br \/>\nParallelamente, l\u2019amministrazione, che dispone di un contributo del Ministero dell\u2019Ambiente per l\u2019efficientamento energetico di 130.000 euro complessivi, ha deciso di utilizzarne una parte (70 mila) per la sostituzione delle caldaie e dell\u2019impianto di generazione di calore proprio nell\u2019edificio che ospita la scuola dell\u2019infanzia di Pasquer. I lavori, se non vi saranno imprevisti di natura tecnica, dovrebbero partire gi\u00e0 nel corso dell\u2019autunno.<\/p>\n<blockquote><p><em>\u201cPi\u00f9 avanti\u00a0 -dice\u00a0 l&#8217;assessore all&#8217;ambiente Valter Bonan &#8211; \u00e8 in programma un ulteriore stralcio, che prevede la coibentazione totale dell\u2019edificio e la sostituzione dei serramenti per altri 250 mila euro&#8221;<\/em><\/p><\/blockquote>\n<p>&nbsp;<\/p>\n<p>&nbsp;<\/p>\n<p>&nbsp;<\/p>\n<p>&nbsp;<\/p>\n<h2>DOCENTI DIPLOMATI MAGISTRALI RICEVUTI IN REGIONE.<\/h2>\n<p><strong>VENEZIA<\/strong>\u00a0 L\u2019Assessore Regionale all\u2019Istruzione della Regione del Veneto Elena Donazzan ha incontrato ieri, su delega del Presidente Luca Zaia, alcune insegnanti del cosiddetto gruppo \u201cDocenti Diplomati Magistrali\u201d circa le problematiche in vista dell\u2019avvio del prossimo anno scolastico, alla luce delle ulteriori complessit\u00e0 connesse allo status di questa categoria di docenti. La Regione\u00a0 si era gi\u00e0 attivata con il Ministero dell\u2019Istruzione, Universit\u00e0 e Ricerca, e pi\u00f9 volte l\u2019assessore Donazzan ha coinvolto la nona Commissione della Conferenza Stato-Regioni su questa situazione di incertezza. Si tratta di insegnanti, infatti, gi\u00e0 immessi a ruolo (alcuni anche da diversi anni) e che ora si trovano licenziati a causa di una serie di ricorsi facenti perno su sentenze del Consiglio di Stato contraddittorie sul tema.Gli insegnanti hanno chiesto all\u2019Assessore Regionale di farsi parte diligente per una soluzione dei problemi di un sistema che impedisce all\u2019insegnante licenziato di rientrare, ricordando che non esiste, ad oggi, alcuna graduatoria che possa accoglierli, neppure a livello di istituto. I docenti hanno infine riferito all\u2019Assessore che gli Uffici Scolastici territoriali, sollecitati sul tema, rispondono di essere ancora in attesa di notizie dal Ministero.<\/p>\n<p>&nbsp;<\/p>\n<p>&nbsp;<\/p>\n<p>&nbsp;<\/p>\n<p>&nbsp;<\/p>\n<blockquote>\n<h3>COLDIRETTI BELLUNO DAL PREFETTO PER PRESENTARE PROTOCOLLO SUI GRANDI CARNIVORI<\/h3>\n<\/blockquote>\n<p><strong> <a class=\"dt-pswp-item\" href=\"http:\/\/www.radiopiu.net\/wordpress\/wp-content\/uploads\/2019\/07\/2de519ac-a7f3-4e1d-be69-6b183ddf9c55.jpg\" data-dt-img-description=\"\" data-large_image_width=\"1200\" data-large_image_height=\"1600\"><img loading=\"lazy\" decoding=\"async\" class=\" wp-image-93728 alignleft\" src=\"http:\/\/www.radiopiu.net\/wordpress\/wp-content\/uploads\/2019\/07\/2de519ac-a7f3-4e1d-be69-6b183ddf9c55-225x300.jpg\" alt=\"\" width=\"176\" height=\"235\" srcset=\"https:\/\/www.radiopiu.net\/wordpress\/wp-content\/uploads\/2019\/07\/2de519ac-a7f3-4e1d-be69-6b183ddf9c55-225x300.jpg 225w, https:\/\/www.radiopiu.net\/wordpress\/wp-content\/uploads\/2019\/07\/2de519ac-a7f3-4e1d-be69-6b183ddf9c55-768x1024.jpg 768w, https:\/\/www.radiopiu.net\/wordpress\/wp-content\/uploads\/2019\/07\/2de519ac-a7f3-4e1d-be69-6b183ddf9c55.jpg 1200w\" sizes=\"auto, (max-width: 176px) 100vw, 176px\" \/><\/a>BELLUNO<\/strong> Coldiretti Belluno ha incontrato ieri il Prefetto\u00a0 Francesco Esposito presentando\u00a0 il Protocollo sui grandi carnivori. Il presidente Alessandro De Rocco e il direttore Antonio Ciri hanno consegnato al rappresentante del Governo un documento di denuncia e di proposta da trasmettere al Ministro dell\u2019Ambiente sullo stato di allarme degli imprenditori zootecnici.<\/p>\n<p><em> \u201cCi rivolgiamo al Ministro &#8211; evidenzia De Rocco &#8211; affinch\u00e9 sia intensificata l\u2019attivit\u00e0 di controllo sui grandi carnivori, oltre a quanto disposto in ordine alla prevenzione,\u201d.<\/em><\/p>\n<p>Il testo contiene un\u2019analisi della situazione con i dettagli provinciali, un excursus di quanto finora svolto e una richiesta di rafforzamento delle politiche attive. Coldiretti, inoltre, chiede di avviare una \u201cpolitica regionale coerente\u00a0 alle richieste degli allevatori con la protezione della specie lupo\u201d.<\/p>\n<p><em> \u201cLe predazioni dei lupi nella montagna bellunese &#8211; evidenzia Ciri &#8211; sta portando all\u2019esasperazione gli allevatori che stanno subendo da tempo gravi perdite di bestiame.<\/em><\/p>\n<blockquote>\n<h3><\/h3>\n<\/blockquote>\n<h3><\/h3>\n<h2 align=\"JUSTIFY\"><\/h2>\n<p>&nbsp;<\/p>\n<blockquote><p>&nbsp;<\/p><\/blockquote>\n<h2>LA LORO ARTE, IL NOSTRO ORGOGLIO, PAGINE DI STORIA<\/h2>\n<p align=\"JUSTIFY\"><strong><a class=\"dt-pswp-item\" href=\"http:\/\/www.radiopiu.net\/wordpress\/wp-content\/uploads\/2019\/07\/8cf8c8c2-cd00-46bf-a42b-37b5714d1403.jpg\" data-dt-img-description=\"\" data-large_image_width=\"1553\" data-large_image_height=\"1036\"><img loading=\"lazy\" decoding=\"async\" class=\" wp-image-93788 alignleft\" src=\"http:\/\/www.radiopiu.net\/wordpress\/wp-content\/uploads\/2019\/07\/8cf8c8c2-cd00-46bf-a42b-37b5714d1403-300x200.jpg\" alt=\"\" width=\"201\" height=\"134\" srcset=\"https:\/\/www.radiopiu.net\/wordpress\/wp-content\/uploads\/2019\/07\/8cf8c8c2-cd00-46bf-a42b-37b5714d1403-300x200.jpg 300w, https:\/\/www.radiopiu.net\/wordpress\/wp-content\/uploads\/2019\/07\/8cf8c8c2-cd00-46bf-a42b-37b5714d1403-768x512.jpg 768w, https:\/\/www.radiopiu.net\/wordpress\/wp-content\/uploads\/2019\/07\/8cf8c8c2-cd00-46bf-a42b-37b5714d1403-1024x683.jpg 1024w, https:\/\/www.radiopiu.net\/wordpress\/wp-content\/uploads\/2019\/07\/8cf8c8c2-cd00-46bf-a42b-37b5714d1403.jpg 1553w\" sizes=\"auto, (max-width: 201px) 100vw, 201px\" \/><\/a>CANALE D&#8217;AGORDO<\/strong> Gli artisti bellunesi che si fanno apprezzare tanto in casa che fuori. De Rocco sfata il mito del nemo propheta in Patria, Dunio graffia i muri dalla Valle del Bioi alle Ville di Agordo e fino ad Alleghe. Franco Murer concretizza il desiderio di Rinaldo De Rocco e il bozzetto diventa opera d&#8217;arte sui muri di casa Laura e Rinaldo. Laura Ballis ha intavolato un progetto cpn Giovanni Sogni in Abruzzo.<\/p>\n<p align=\"JUSTIFY\"><strong>GIANNI SANTOMASO<\/strong><\/p>\n<audio class=\"wp-audio-shortcode\" id=\"audio-93727-8\" preload=\"none\" style=\"width: 100%;\" controls=\"controls\"><source type=\"audio\/mpeg\" src=\"http:\/\/www.radiopiu.net\/wordpress\/wp-content\/uploads\/2019\/07\/GIANNI-GRAFFITI.mp3?_=8\" \/><a href=\"http:\/\/www.radiopiu.net\/wordpress\/wp-content\/uploads\/2019\/07\/GIANNI-GRAFFITI.mp3\">http:\/\/www.radiopiu.net\/wordpress\/wp-content\/uploads\/2019\/07\/GIANNI-GRAFFITI.mp3<\/a><\/audio>\n<p align=\"JUSTIFY\"><strong>FRANCO MURER <\/strong>\u00a0 &#8220;Notte di San Giovanni&#8221; casa Rinaldo De Rocco\/\/ <strong>LAURA BALLIS E GIOVANNI SOGNE <\/strong>A TREGLIO IN ABRUZZO<\/p>\n<p align=\"JUSTIFY\"><a class=\"dt-pswp-item\" href=\"http:\/\/www.radiopiu.net\/wordpress\/wp-content\/uploads\/2019\/07\/342967f8-eeb3-4b67-8bf7-c9248deae8ed.jpg\" data-dt-img-description=\"\" data-large_image_width=\"1200\" data-large_image_height=\"1600\"><img loading=\"lazy\" decoding=\"async\" class=\"alignnone wp-image-93791\" src=\"http:\/\/www.radiopiu.net\/wordpress\/wp-content\/uploads\/2019\/07\/342967f8-eeb3-4b67-8bf7-c9248deae8ed-225x300.jpg\" alt=\"\" width=\"254\" height=\"339\" srcset=\"https:\/\/www.radiopiu.net\/wordpress\/wp-content\/uploads\/2019\/07\/342967f8-eeb3-4b67-8bf7-c9248deae8ed-225x300.jpg 225w, https:\/\/www.radiopiu.net\/wordpress\/wp-content\/uploads\/2019\/07\/342967f8-eeb3-4b67-8bf7-c9248deae8ed-768x1024.jpg 768w, https:\/\/www.radiopiu.net\/wordpress\/wp-content\/uploads\/2019\/07\/342967f8-eeb3-4b67-8bf7-c9248deae8ed.jpg 1200w\" sizes=\"auto, (max-width: 254px) 100vw, 254px\" \/><\/a><a class=\"dt-pswp-item\" href=\"http:\/\/www.radiopiu.net\/wordpress\/wp-content\/uploads\/2019\/07\/2a90f6fe-7877-4868-a3ee-f84ba164ed01.jpg\" data-dt-img-description=\"\" data-large_image_width=\"1024\" data-large_image_height=\"768\"><img loading=\"lazy\" decoding=\"async\" class=\"alignnone wp-image-93790\" src=\"http:\/\/www.radiopiu.net\/wordpress\/wp-content\/uploads\/2019\/07\/2a90f6fe-7877-4868-a3ee-f84ba164ed01-300x225.jpg\" alt=\"\" width=\"447\" height=\"335\" srcset=\"https:\/\/www.radiopiu.net\/wordpress\/wp-content\/uploads\/2019\/07\/2a90f6fe-7877-4868-a3ee-f84ba164ed01-300x225.jpg 300w, https:\/\/www.radiopiu.net\/wordpress\/wp-content\/uploads\/2019\/07\/2a90f6fe-7877-4868-a3ee-f84ba164ed01-768x576.jpg 768w, https:\/\/www.radiopiu.net\/wordpress\/wp-content\/uploads\/2019\/07\/2a90f6fe-7877-4868-a3ee-f84ba164ed01.jpg 1024w\" sizes=\"auto, (max-width: 447px) 100vw, 447px\" \/><\/a><\/p>\n<p align=\"JUSTIFY\"><strong>DUNIO PICCOLIN <\/strong>con Natale Costa ad Alleghe \/\/ <strong>GIULIANO DE ROCCO<\/strong> IN MOSTRA NELLA SUA CANALE D&#8217;AGORDO<\/p>\n<p align=\"JUSTIFY\"><a class=\"dt-pswp-item\" href=\"http:\/\/www.radiopiu.net\/wordpress\/wp-content\/uploads\/2019\/07\/7983aee6-b58f-47a0-a677-fac2cccde5ca.jpg\" data-dt-img-description=\"\" data-large_image_width=\"1149\" data-large_image_height=\"1600\"><img loading=\"lazy\" decoding=\"async\" class=\"alignnone wp-image-93789\" src=\"http:\/\/www.radiopiu.net\/wordpress\/wp-content\/uploads\/2019\/07\/7983aee6-b58f-47a0-a677-fac2cccde5ca-215x300.jpg\" alt=\"\" width=\"226\" height=\"317\" \/><\/a><a class=\"dt-pswp-item\" href=\"http:\/\/www.radiopiu.net\/wordpress\/wp-content\/uploads\/2019\/07\/8cf8c8c2-cd00-46bf-a42b-37b5714d1403.jpg\" data-dt-img-description=\"\" data-large_image_width=\"1553\" data-large_image_height=\"1036\"><img loading=\"lazy\" decoding=\"async\" class=\"alignnone wp-image-93788\" src=\"http:\/\/www.radiopiu.net\/wordpress\/wp-content\/uploads\/2019\/07\/8cf8c8c2-cd00-46bf-a42b-37b5714d1403-300x200.jpg\" alt=\"\" width=\"473\" height=\"316\" srcset=\"https:\/\/www.radiopiu.net\/wordpress\/wp-content\/uploads\/2019\/07\/8cf8c8c2-cd00-46bf-a42b-37b5714d1403-300x200.jpg 300w, https:\/\/www.radiopiu.net\/wordpress\/wp-content\/uploads\/2019\/07\/8cf8c8c2-cd00-46bf-a42b-37b5714d1403-768x512.jpg 768w, https:\/\/www.radiopiu.net\/wordpress\/wp-content\/uploads\/2019\/07\/8cf8c8c2-cd00-46bf-a42b-37b5714d1403-1024x683.jpg 1024w, https:\/\/www.radiopiu.net\/wordpress\/wp-content\/uploads\/2019\/07\/8cf8c8c2-cd00-46bf-a42b-37b5714d1403.jpg 1553w\" sizes=\"auto, (max-width: 473px) 100vw, 473px\" \/><\/a><\/p>\n<blockquote><p>&nbsp;<\/p>\n<p>&nbsp;<\/p>\n<p>&nbsp;<\/p><\/blockquote>\n<p>&nbsp;<\/p>\n<p>&nbsp;<\/p>\n<blockquote><p>&nbsp;<\/p><\/blockquote>\n<h3><span style=\"color: #ff0000;\">LE ULTIME DA CERTOTTICA<\/span><\/h3>\n<blockquote>\n<h2><em>Siglato il contratto di locazione per l\u2019Area Formazione: l\u2019Istituto di Longarone si prepara ad incubare l\u2019intera formazione del Distretto<\/em><\/h2>\n<\/blockquote>\n<p><strong><a class=\"dt-pswp-item\" href=\"http:\/\/www.radiopiu.net\/wordpress\/wp-content\/uploads\/2019\/07\/ITS-2019-5926.jpg\" data-dt-img-description=\"\" data-large_image_width=\"1500\" data-large_image_height=\"1000\"><img loading=\"lazy\" decoding=\"async\" class=\" wp-image-93761 alignleft\" src=\"http:\/\/www.radiopiu.net\/wordpress\/wp-content\/uploads\/2019\/07\/ITS-2019-5926-300x200.jpg\" alt=\"\" width=\"153\" height=\"102\" srcset=\"https:\/\/www.radiopiu.net\/wordpress\/wp-content\/uploads\/2019\/07\/ITS-2019-5926-300x200.jpg 300w, https:\/\/www.radiopiu.net\/wordpress\/wp-content\/uploads\/2019\/07\/ITS-2019-5926-768x512.jpg 768w, https:\/\/www.radiopiu.net\/wordpress\/wp-content\/uploads\/2019\/07\/ITS-2019-5926-1024x683.jpg 1024w, https:\/\/www.radiopiu.net\/wordpress\/wp-content\/uploads\/2019\/07\/ITS-2019-5926.jpg 1500w\" sizes=\"auto, (max-width: 153px) 100vw, 153px\" \/><\/a>LONGARONE<\/strong> \u00a0Siglato ufficialmente il primo step concreto verso la realizzazione del Politecnico Internazionale dell\u2019Occhiale: per incrementare i locali a disposizione dell\u2019Area Formazione, il Presidente di Certottica, Luigino Boito, ha apposto la firma per il contratto di locazione di una parte del Parco Tecnologico \u201cLa Roa\u201d a Longarone. La prospettiva futura \u00e8 quella di ampliare la sede dell\u2019Istituto con un\u2019ala destinata al Politecnico, ma, visti i tempi stretti, i vertici hanno trovato una soluzione immediata, che sar\u00e0 operativa gi\u00e0 da fine agosto.<\/p>\n<blockquote>\n<p style=\"text-align: left;\"><em><a class=\"dt-pswp-item\" href=\"http:\/\/www.radiopiu.net\/wordpress\/wp-content\/uploads\/2019\/07\/ITS-2019-6031.jpg\" data-dt-img-description=\"\" data-large_image_width=\"1500\" data-large_image_height=\"1000\"><img loading=\"lazy\" decoding=\"async\" class=\"wp-image-93762 alignright\" src=\"http:\/\/www.radiopiu.net\/wordpress\/wp-content\/uploads\/2019\/07\/ITS-2019-6031-300x200.jpg\" alt=\"\" width=\"165\" height=\"110\" srcset=\"https:\/\/www.radiopiu.net\/wordpress\/wp-content\/uploads\/2019\/07\/ITS-2019-6031-300x200.jpg 300w, https:\/\/www.radiopiu.net\/wordpress\/wp-content\/uploads\/2019\/07\/ITS-2019-6031-768x512.jpg 768w, https:\/\/www.radiopiu.net\/wordpress\/wp-content\/uploads\/2019\/07\/ITS-2019-6031-1024x683.jpg 1024w, https:\/\/www.radiopiu.net\/wordpress\/wp-content\/uploads\/2019\/07\/ITS-2019-6031.jpg 1500w\" sizes=\"auto, (max-width: 165px) 100vw, 165px\" \/><\/a>\u201cQuando sono stato confermato Presidente per il secondo mandato \u2013 ha commentato Boito \u2013 il socio di maggioranza, ANFAO, d\u2019intesa con la Regione del Veneto ed in particolare con l\u2019Assessore Donazzan, mi hanno chiesto un impegno maggiore. La creazione del Politecnico Internazionale dell\u2019Occhiale, per l\u2019appunto, volto a <a class=\"dt-pswp-item\" href=\"http:\/\/www.radiopiu.net\/wordpress\/wp-content\/uploads\/2019\/07\/ITS-2019-5944.jpg\" data-dt-img-description=\"\" data-large_image_width=\"1000\" data-large_image_height=\"1500\"><img loading=\"lazy\" decoding=\"async\" class=\" wp-image-93763 alignleft\" src=\"http:\/\/www.radiopiu.net\/wordpress\/wp-content\/uploads\/2019\/07\/ITS-2019-5944-200x300.jpg\" alt=\"\" width=\"117\" height=\"176\" srcset=\"https:\/\/www.radiopiu.net\/wordpress\/wp-content\/uploads\/2019\/07\/ITS-2019-5944-200x300.jpg 200w, https:\/\/www.radiopiu.net\/wordpress\/wp-content\/uploads\/2019\/07\/ITS-2019-5944-768x1152.jpg 768w, https:\/\/www.radiopiu.net\/wordpress\/wp-content\/uploads\/2019\/07\/ITS-2019-5944-683x1024.jpg 683w, https:\/\/www.radiopiu.net\/wordpress\/wp-content\/uploads\/2019\/07\/ITS-2019-5944.jpg 1000w\" sizes=\"auto, (max-width: 117px) 100vw, 117px\" \/><\/a>dare dignit\u00e0 anche nella formazione a un Distretto che ha 150 anni di storia e la cui evoluzione ci presenta ogni giorno nuove esigenze da parte delle aziende.<\/em><\/p>\n<\/blockquote>\n<p>Nel frattempo, Certottica ha visto l\u2019assegnazione di tutti i progetti contenuti nel secondo protocollo d\u2019intesa tra la Regione ed Anfao e nel prossimo triennio attiver\u00e0, con il partner operativo Reviviscar, i corsi per occupati e disoccupati del settore occhialeria in Veneto per un valore complessivo di 1 milione e 500 mila euro. Ma la formazione di Certottica va oltre: dall\u2019ITS-Academy in Design e Tecnica dell\u2019Occhiale, percorso formativo post diploma per Eyewear Product Manager Jr -finanziato dal MIUR e dalla Regione del Veneto e promosso dalla Fashion Academy ITS Cosmo \u2013, fino alla formazione on-demand, tarata su misura per le singole aziende.<\/p>\n<p>&nbsp;<\/p>\n<h3><\/h3>\n<h3><\/h3>\n<h3><\/h3>\n<p>&nbsp;<\/p>\n<p>&nbsp;<\/p>\n<blockquote><p>&nbsp;<\/p><\/blockquote>\n<h3>COMPETENZE E OCCHIALERIA INIZIATIVE IN TUTTI I SETTORI<\/h3>\n<blockquote><p><em>\u201cA monte del problema formativo e dell\u2019orientamento c\u2019\u00e8 per\u00f2 quello dello spopolamento: su questo fronte serve far capire ai nostri giovani che le opportunit\u00e0 ci sono, sia lavorative che formative\u201d<\/em><\/p><\/blockquote>\n<p><strong>BELLUNO<\/strong> <em>\u201cChe manchi manodopera specializzata nell\u2019occhialeria non \u00e8 certo una novit\u00e0, che serva puntare su formazione e innovazione nemmeno. Piuttosto concentriamoci sulle iniziative esistenti e che sono di altissima qualit\u00e0. Confindustria sta portando avanti progetti concreti sul territorio, che coinvolgono sempre pi\u00f9 aziende, lavoratori e ragazzi\u201d.<\/em> A dirlo \u00e8 la presidente di Sipao Lara Franzoia che cos\u00ec commenta le dichiarazioni dei sindacati sulla necessit\u00e0 di un \u201cpolitecnico dell\u2019occhiale in provincia\u201d. Si concentra, invece, sul tema dell\u2019orientamento scolastico il direttore di Confindustria Belluno Dolomiti Andrea Ferrazzi:<em> \u201cStiamo implementando con il Gruppo Giovani tutta una serie di iniziative che partiranno con il nuovo anno scolastico. Entrare nelle scuole di ogni ordine e grado per connettere i ragazzi con il territorio e le sue specificit\u00e0 \u00e8 un passaggio fondamentale\u201d.<\/em><\/p>\n<p>&nbsp;<\/p>\n<p>&nbsp;<\/p>\n<p>&nbsp;<\/p>\n<p align=\"CENTER\"><span style=\"font-size: large;\"><b>Azienda ULSS1 pronta per la fattura europea <\/b><\/span><span style=\"font-size: medium;\"><b>Concluso il progetto Hosp&amp;Invoice finanziato dall\u2019Unione Europea<\/b><\/span><\/p>\n<p align=\"JUSTIFY\"><strong>BELLUNO<\/strong> Si \u00e8 concluso il collaudo degli sviluppi informatici realizzati nell\u2019ambito del progetto Hosp&amp;Invoice, finanziato dall\u2019Unione Europea al 75%. Il progetto ha permesso l\u2019aggiornamento dei sistemi informatici dell\u2019Azienda per la ricezione delle fatture elettroniche emesse dai fornitori di altri paesi europei. Grazie a questo progetto sar\u00e0 possibile gestire elettronicamente le fatture elettroniche provenienti dall\u2019estero alla stregua di quanto gi\u00e0 avviene con le fatture elettroniche emesse dai fornitori italiani. Il sistema permette la ricezione automatica, tramite un webservice messo a disposizione da Edicom<\/p>\n<p>&nbsp;<\/p>\n<p>&nbsp;<\/p>\n<p>&nbsp;<\/p>\n<h2>LA LETTERA<br \/>\ndi Franco Piacentini_Auser Feltre<\/h2>\n<blockquote><p>Hanno pienamente ragione i sindaci, le rappresentanze degli inquilini e i\u00a0 cittadini, a protestare per gli esagerati aumenti degli affitti e ad indignarsi (in pi\u00f9 casi) del forzato preavviso di sfratto. Due preoccupanti provvedimenti legiferati dalla Regione, che nei fatti colpiscono indistintamente la stragrande maggioranza degli inquilini ATER. Dalla forte e motivata reazione dell&#8217;opinione pubblica e di molte forze politiche e sociali, questo atto unilaterale della Giunta regionale, non smaschera i &#8220;furbetti&#8221;, bens\u00ec provoca apprensione, sofferenza e rabbia, alle migliaia di oneste persone che da decenni vivono negli alloggi ATER, pagando regolarmente l&#8217;affitto. Fra queste persone (anche) anziani, disabili e non autosufficienti. Inoltre molti sono i nuclei familiari con redditi medio-bassi che con l&#8217;aumento dell&#8217;affitto, entrerebbero nel tunnel della povert\u00e0. Errore madornale, utilizzare nel calcolo ISEE, i risparmi bancari per stabilire l&#8217;aumento dell&#8217;affitto e\/o lo sfratto. La stragrande maggioranza dei depositi bancari degli inquilini ATER\u00a0 sono i risparmi di una vita di lavoro e di sacrifici: il proprio trattamento di fine rapporto lavorativo e la rinuncia a spese per vacanze. Sono risparmi utilizzati\u00a0 per la compartecipazione ai costi sanitari, per l&#8217;assistenza domiciliare e per le rette di ospitalit\u00e0 nelle case di riposo. Per tutto questo, la Regione, responsabilmente, \u00e8 invitata a fare marcia indietro. La Giunta regionale riveda completamente la legge, coinvolgendo le parti sociali: sindacati degli inquilini; CGIL CISL UIL; federazioni dei pensionati; ANCI Veneto.<\/p><\/blockquote>\n<p>&nbsp;<\/p>\n<p>&nbsp;<\/p>\n<p>&nbsp;<\/p>\n<h2>TRAINING COURSE IN BULGARIA COL COMITATO D&#8217;INTESA<\/h2>\n<p><strong>BELLUNO<\/strong> Il Comitato d\u2019Intesa di Belluno \u00e8 alla ricerca di due partecipanti, di et\u00e0 compresa tra i 20 e i 60 anni, per partecipare al training course, che si terr\u00e0 nella citt\u00e0 di Ruse, in Bulgaria, dal 21 al 29 settembre. Obiettivo specifico del progetto \u00e8 quello di affinare le competenze di animatori giovanili, educatori, insegnanti ed aspiranti tali (studenti in scienze dell\u2019educazione e della formazione o lauree affini), fornendo loro strumenti e metodologie didattiche legate alla sfera dell\u2019educazione non formale. Requisiti per la partecipazione: disponibilit\u00e0 per l\u2019intero periodo di mobilit\u00e0 e buona conoscenza della lingua inglese. Per ulteriori informazioni europa@csvbelluno.it.<\/p>\n<p>&nbsp;<\/p>\n<p>&nbsp;<\/p>\n<p>&nbsp;<\/p>\n<h2>RIAPERTO IL SENTIERO NATURA IN VAL FALCINA<\/h2>\n<p><strong>SOSPIROLO<\/strong>\u00a0 Il sentiero natura della Val Falcina \u00e8 nuovamente percorribile. I lavori di ripristino del percorso, che era stato gravemente colpito dalla tempesta Vaia, si sono conclusi ed\u00a0 \u00e8 stata revocata la chiusura del sentiero ora accessibile, ma i danni causati dal maltempo sono ancora visibili e lungo l&#8217;itinerario sono ancora presenti numerosi alberi abbattuti.\u00a0 Quello della Val Falcina \u00e8 uno dei sentieri natura presenti nel Parco e consente, con un percorso ad anello, di esplorare ambienti dal fascino selvaggio. I pannelli didattici collocati lungo il tracciato contengono informazioni geologiche, botaniche e faunistiche, che rendono la passeggiata un&#8217;occasione di approfondimento. Sul sito del Parco (www.dolomitipark.it) la scheda descrittiva dell\u2019itinerario: 4 chilometri, percorrenza 2 ore.<\/p>\n<p>&nbsp;<\/p>\n<p>&nbsp;<\/p>\n<p>&nbsp;<\/p>\n<p>&nbsp;<\/p>\n<p>&nbsp;<\/p>\n<p>&nbsp;<\/p>\n<h2>D<a class=\"dt-pswp-item\" href=\"http:\/\/www.radiopiu.net\/wordpress\/wp-content\/uploads\/2016\/04\/Fila_poste.jpg\" data-dt-img-description=\"\" data-large_image_width=\"586\" data-large_image_height=\"363\"><img loading=\"lazy\" decoding=\"async\" class=\"wp-image-18377 alignleft\" src=\"http:\/\/www.radiopiu.net\/wordpress\/wp-content\/uploads\/2016\/04\/Fila_poste-300x186.jpg\" alt=\"\" width=\"113\" height=\"70\" \/><\/a>ALLA RASSEGNA STAMPA DI GIANNI SANTOMASO I &#8220;PROBLEMI&#8221; POSTALI. L&#8217;INVITO A SEGNALARE ALLA REDAZIONE EVENTUALI DISSERVIZI<\/h2>\n<p><strong>AGORDO<\/strong> Vi riproponiamo il servizio trasmesso alla radio nell&#8217;ambito della rassegna stampa da L&#8217;Amico del Popolo. Considerazione sul servizio postale. Nella seconda parte al minuto 11.18 la mostra estiva al museo mineralogico e paleontologico di Agordo con Gabriele Fogliata.<\/p>\n<audio class=\"wp-audio-shortcode\" id=\"audio-93727-9\" preload=\"none\" style=\"width: 100%;\" controls=\"controls\"><source type=\"audio\/mpeg\" src=\"http:\/\/www.radiopiu.net\/wordpress\/wp-content\/uploads\/2019\/07\/RASSEGNA-GIANNI.mp3?_=9\" \/><a href=\"http:\/\/www.radiopiu.net\/wordpress\/wp-content\/uploads\/2019\/07\/RASSEGNA-GIANNI.mp3\">http:\/\/www.radiopiu.net\/wordpress\/wp-content\/uploads\/2019\/07\/RASSEGNA-GIANNI.mp3<\/a><\/audio>\n<p>&nbsp;<\/p>\n<p>&nbsp;<\/p>\n<p>&nbsp;<\/p>\n<p>&nbsp;<\/p>\n<h3>LA LUCCIOLATA 2019 CON IL PENSIERO E LO SGUARDO AD AVIANO<\/h3>\n<p><strong><a class=\"dt-pswp-item\" href=\"http:\/\/www.radiopiu.net\/wordpress\/wp-content\/uploads\/2019\/07\/th-2.jpg\" data-dt-img-description=\"\" data-large_image_width=\"300\" data-large_image_height=\"160\"><img loading=\"lazy\" decoding=\"async\" class=\" wp-image-93822 alignleft\" src=\"http:\/\/www.radiopiu.net\/wordpress\/wp-content\/uploads\/2019\/07\/th-2-300x160.jpg\" alt=\"\" width=\"268\" height=\"143\" \/><\/a>CANALE D&#8217;AGORDO\u00a0<\/strong> L\u2019Associazione Pro Loco di Canale d&#8217; Agordo, in collaborazione con la Classe 1951 Valle del Biois, le Associazioni di Caviola, Vallada, Cencenighe, San Tomaso, Falcade e tutte le Associazioni di volontariato del Comune di Canale d&#8217; Agordo organizza la Lucciolata 2019, domani a Canale d&#8217;Agordo <strong>PROGRAMMA: a<\/strong> causa degli eventi alluvionali di fine ottobre 2018 che hanno compromesso il consueto tracciato della Lucciolata, il percorso si svolger\u00e0 all&#8217;interno del paese di Canale d&#8217; Agordo. Ritrovo alle 20.30 in Piazza Papa Luciani, \u00a0Processione lungo le vie Paese, \u00a0Arrivo previsto nuovamente in Piazza Papa Luciani, dove avverr\u00e0 la consegna del premio \u201cI discreti\u201d. A seguire Nutella Party per i pi\u00f9 piccoli. I partecipanti sono invitati a munirsi di pile elettriche In caso di maltempo l&#8217;evento verr\u00e0 rinviato a marted\u00ec 20 agosto. Iscrizioni presso l\u2019Ufficio Pro Loco di Canale d\u2019Agordo (MusAL) oppure direttamente la<br \/>\nsera stessa della manifestazione a partire dalle 20 in Piazza Papa Luciani. La quota di partecipazione \u00e8 un&#8217;offerta libera ed il ricavato della manifestazione andr\u00e0 interamente devoluto al Centro Oncologico \u201cVia di Natale\u201d di Aviano (struttura che ospita gratuitamente i familiari dei malati terminali). PER INFORMAZIONI: PRO LOCO CANALE D\u2019AGORDO, Tel. 0437 1948030<\/p>\n<p>&nbsp;<\/p>\n<p>&nbsp;<\/p>\n<p>&nbsp;<\/p>\n<p>&nbsp;<\/p>\n<h2>AL CASTELLO DI ANDRAZ, D&#8217;ESTATE SI PUO&#8217;!<\/h2>\n<p><a class=\"dt-pswp-item\" href=\"http:\/\/www.radiopiu.net\/wordpress\/wp-content\/uploads\/2015\/08\/castello-Andraz-2.jpg\" data-dt-img-description=\"\" data-large_image_width=\"477\" data-large_image_height=\"480\"><img loading=\"lazy\" decoding=\"async\" class=\"wp-image-9455 alignleft\" src=\"http:\/\/www.radiopiu.net\/wordpress\/wp-content\/uploads\/2015\/08\/castello-Andraz-2-298x300.jpg\" alt=\"\" width=\"115\" height=\"116\" \/><\/a>Eleonora De Mattia\u00a0 elenca le numerose attivit\u00e0\u00a0 del Castello di Andraz in programma da oggi\u00a0 alla prossiam settimana, il clou nella giornata di domenica con\u00a0 la visita alle tre realta&#8217; museali della zona in un&#8217;unica occasione, con tanto di guida per spiegare la storia.<\/p>\n<p><strong>DAL GIORNALE RADIO di ieri DELLE 16.30<\/strong><\/p>\n<audio class=\"wp-audio-shortcode\" id=\"audio-93727-10\" preload=\"none\" style=\"width: 100%;\" controls=\"controls\"><source type=\"audio\/mpeg\" src=\"http:\/\/www.radiopiu.net\/wordpress\/wp-content\/uploads\/2019\/07\/elenora-de-mattia-scade-mercoledi.mp3?_=10\" \/><a href=\"http:\/\/www.radiopiu.net\/wordpress\/wp-content\/uploads\/2019\/07\/elenora-de-mattia-scade-mercoledi.mp3\">http:\/\/www.radiopiu.net\/wordpress\/wp-content\/uploads\/2019\/07\/elenora-de-mattia-scade-mercoledi.mp3<\/a><\/audio>\n<p>&nbsp;<\/p>\n<p>&nbsp;<\/p>\n<p>&nbsp;<\/p>\n<h3><\/h3>\n<h3>25 TORRESELLA D&#8217;ARGENTO, LA PRESENTAZIONE ALLA RADIO CON ROBERTO SORAMAE&#8217;<\/h3>\n<audio class=\"wp-audio-shortcode\" id=\"audio-93727-11\" preload=\"none\" style=\"width: 100%;\" controls=\"controls\"><source type=\"audio\/mpeg\" src=\"http:\/\/www.radiopiu.net\/wordpress\/wp-content\/uploads\/2019\/07\/roberto-soramae-torresella.mp3?_=11\" \/><a href=\"http:\/\/www.radiopiu.net\/wordpress\/wp-content\/uploads\/2019\/07\/roberto-soramae-torresella.mp3\">http:\/\/www.radiopiu.net\/wordpress\/wp-content\/uploads\/2019\/07\/roberto-soramae-torresella.mp3<\/a><\/audio>\n<p>&nbsp;<\/p>\n<h2>ESTATEATRO 2019 DA OGGI CON GIORGIO FORNASIER<\/h2>\n<p><strong>AGORDO<\/strong> Anche quest&#8217;anno un programma di successo per Estateatro evento della Prolcolo di Agordo. Cinque spettacoli al Vincenzo Savio da questa sera alle 20.30 al 21 agosto. Ne abbiamo parlato con Daniele Galligani<\/p>\n<p>&nbsp;<\/p>\n<audio class=\"wp-audio-shortcode\" id=\"audio-93727-12\" preload=\"none\" style=\"width: 100%;\" controls=\"controls\"><source type=\"audio\/mpeg\" src=\"http:\/\/www.radiopiu.net\/wordpress\/wp-content\/uploads\/2019\/07\/daniele-galligani-estateatro.mp3?_=12\" \/><a href=\"http:\/\/www.radiopiu.net\/wordpress\/wp-content\/uploads\/2019\/07\/daniele-galligani-estateatro.mp3\">http:\/\/www.radiopiu.net\/wordpress\/wp-content\/uploads\/2019\/07\/daniele-galligani-estateatro.mp3<\/a><\/audio>\n<p>&nbsp;<\/p>\n<p>&nbsp;<\/p>\n<p>&nbsp;<\/p>\n<div>\n<h3><a class=\"dt-pswp-item\" href=\"http:\/\/www.radiopiu.net\/wordpress\/wp-content\/uploads\/2018\/09\/appuntamenti.jpeg\" data-dt-img-description=\"\" data-large_image_width=\"800\" data-large_image_height=\"100\"><img loading=\"lazy\" decoding=\"async\" class=\"alignnone size-full wp-image-61958\" src=\"http:\/\/www.radiopiu.net\/wordpress\/wp-content\/uploads\/2018\/09\/appuntamenti.jpeg\" alt=\"\" width=\"800\" height=\"100\" srcset=\"https:\/\/www.radiopiu.net\/wordpress\/wp-content\/uploads\/2018\/09\/appuntamenti.jpeg 800w, https:\/\/www.radiopiu.net\/wordpress\/wp-content\/uploads\/2018\/09\/appuntamenti-300x38.jpeg 300w, https:\/\/www.radiopiu.net\/wordpress\/wp-content\/uploads\/2018\/09\/appuntamenti-768x96.jpeg 768w\" sizes=\"auto, (max-width: 800px) 100vw, 800px\" \/><\/a><\/h3>\n<\/div>\n<div><\/div>\n<div>\n<p>&nbsp;<\/p>\n<p><span style=\"color: #ff0000;\"><strong><a class=\"dt-pswp-item\" href=\"http:\/\/www.radiopiu.net\/wordpress\/wp-content\/uploads\/2019\/07\/21231208_1428419980586085_1115215269049052745_n.jpg\" data-dt-img-description=\"\" data-large_image_width=\"661\" data-large_image_height=\"661\"><img loading=\"lazy\" decoding=\"async\" class=\" wp-image-90482 alignleft\" src=\"http:\/\/www.radiopiu.net\/wordpress\/wp-content\/uploads\/2019\/07\/21231208_1428419980586085_1115215269049052745_n-300x300.jpg\" alt=\"\" width=\"145\" height=\"145\" srcset=\"https:\/\/www.radiopiu.net\/wordpress\/wp-content\/uploads\/2019\/07\/21231208_1428419980586085_1115215269049052745_n-300x300.jpg 300w, https:\/\/www.radiopiu.net\/wordpress\/wp-content\/uploads\/2019\/07\/21231208_1428419980586085_1115215269049052745_n-150x150.jpg 150w, https:\/\/www.radiopiu.net\/wordpress\/wp-content\/uploads\/2019\/07\/21231208_1428419980586085_1115215269049052745_n.jpg 661w\" sizes=\"auto, (max-width: 145px) 100vw, 145px\" \/><\/a><\/strong><\/span><\/p>\n<p><span style=\"color: #ff0000;\"><strong>PER IL SECONDO ANNO, PER TUTTA L&#8217;ESTATE: LA &#8220;FABBRICA DELLE EMOZIONI&#8221;, IN COLLABORAZIONE CON\u00a0<a class=\"profileLink\" style=\"color: #ff0000;\" href=\"https:\/\/www.facebook.com\/dersut.taibon\/?__tn__=K-R&amp;eid=ARAWHGS4pY7ErSAGuNNMHp-xra7d294ysugnpoUicWkeK9rjbvd86RDR3SHV57JuBTC7yrMP85kcC7oy&amp;fref=mentions&amp;__xts__%5B0%5D=68.ARA8kEGfdeZlMevmYpMAmAmJ7ziHM_3WogqE61anVHM5V-Ht7pYFd4NJRcEVlK7VIq__zFsG6G8vsxxKnVF1SBmpERHebECtYKNHrf4mG4C4wVmPxxn4uj_nmTIeZglrdIyUPa0dnE3usWWzci033oOnyRS5XDhoavIU-eTU85t_Wp6jFT0-ULRP932r4STxN16bdptt8cef\" data-hovercard=\"\/ajax\/hovercard\/page.php?id=904939246267497&amp;extragetparams=%7B%22__tn__%22%3A%22%2CdK-R-R%22%2C%22eid%22%3A%22ARAWHGS4pY7ErSAGuNNMHp-xra7d294ysugnpoUicWkeK9rjbvd86RDR3SHV57JuBTC7yrMP85kcC7oy%22%2C%22fref%22%3A%22mentions%22%7D\" data-hovercard-prefer-more-content-show=\"1\">Dersut Taibon<\/a>\u00a0EVENTI, APPUNTAMENTI, DIVERTIMENTI NELLA VALLATA AGORDINA. IN ONDA ALLA RADIO NEI NOTIZIARI E NEGLI APPROFONDIMENTI ALLA RADIO E SUL SITO\u00a0<a style=\"color: #ff0000;\" href=\"http:\/\/www.radiopiu.net\/?fbclid=IwAR3Zckh6EArPlP9el3_APl-CxxkfxeumpcmQ4v9HIwZohBUQuztQ4jOimzE\" target=\"_blank\" rel=\"noopener nofollow noreferrer\" data-ft=\"{&quot;tn&quot;:&quot;-U&quot;}\" data-lynx-mode=\"async\" data-lynx-uri=\"https:\/\/l.facebook.com\/l.php?u=http%3A%2F%2FWWW.RADIOPIU.NET%2F%3Ffbclid%3DIwAR3Zckh6EArPlP9el3_APl-CxxkfxeumpcmQ4v9HIwZohBUQuztQ4jOimzE&amp;h=AT3iK2sNf9WjhvLB7AaqYnWzUdWcBNNS_1cXI6UJ3eEvhP4Ym5v2vemsj9TpyM0_qzzb9gjT9sJhgm4I2ZXxgJSAlUfvNTaJwITPvOvqfAuTNdwnWON3ic-lvSbJXWzM3FVSvAgPffEqbH4dYL2TEG6D6xs5TZHrlhUGtTKMYKoPXpBJIF8ke0VZdFkl3YQ7tGdqat-r6rzvDTprheLIjQ7jKZPmLRbVLu1fIKQ2jHEQkMU8LzIZvt_s5FE3Fxl6fUw_HG6Kz2ygpE7qxE3yIyhlOk0wt55c_6ZWHfM2I0PFlpPFgNhCDJwFSVFieE73_LsmFyKeJSBqSnd9p7KBuOYgQAQepyVC8du7dtfKvd60oOKKb1xchMvMyu9mMRYGRKi2y8I7U2WlGyyKbcYHubfjzWI02WXZXcSE97K_yFCYyeqZ2T_hgQJ7vzHhfBlDLdaXxkE\">WWW.RADIOPIU.NET<\/a><\/strong><\/span><\/p>\n<\/div>\n<p>&nbsp;<\/p>\n<h3><\/h3>\n<h3><\/h3>\n<audio class=\"wp-audio-shortcode\" id=\"audio-93727-13\" preload=\"none\" style=\"width: 100%;\" controls=\"controls\"><source type=\"audio\/mpeg\" src=\"http:\/\/www.radiopiu.net\/wordpress\/wp-content\/uploads\/2019\/07\/FABBRICA-EMOZIONI.mp3?_=13\" \/><a href=\"http:\/\/www.radiopiu.net\/wordpress\/wp-content\/uploads\/2019\/07\/FABBRICA-EMOZIONI.mp3\">http:\/\/www.radiopiu.net\/wordpress\/wp-content\/uploads\/2019\/07\/FABBRICA-EMOZIONI.mp3<\/a><\/audio>\n<h2><\/h2>\n<p>&nbsp;<\/p>\n<blockquote><p>&nbsp;<\/p><\/blockquote>\n<h2><a class=\"dt-pswp-item\" href=\"http:\/\/www.radiopiu.net\/wordpress\/wp-content\/uploads\/2019\/07\/67401586_1065942496948216_3783514627522953216_n.jpg\" data-dt-img-description=\"\" data-large_image_width=\"960\" data-large_image_height=\"709\"><img loading=\"lazy\" decoding=\"async\" class=\" wp-image-92301 alignleft\" src=\"http:\/\/www.radiopiu.net\/wordpress\/wp-content\/uploads\/2019\/07\/67401586_1065942496948216_3783514627522953216_n-300x222.jpg\" alt=\"\" width=\"181\" height=\"134\" srcset=\"https:\/\/www.radiopiu.net\/wordpress\/wp-content\/uploads\/2019\/07\/67401586_1065942496948216_3783514627522953216_n-300x222.jpg 300w, https:\/\/www.radiopiu.net\/wordpress\/wp-content\/uploads\/2019\/07\/67401586_1065942496948216_3783514627522953216_n-768x567.jpg 768w, https:\/\/www.radiopiu.net\/wordpress\/wp-content\/uploads\/2019\/07\/67401586_1065942496948216_3783514627522953216_n.jpg 960w\" sizes=\"auto, (max-width: 181px) 100vw, 181px\" \/><\/a><\/h2>\n<h2><\/h2>\n<h2>OGGI E DOMANI DOPPIO APPUNTAMENTO CON LE MUSE E LE DOLOMITI. LA PRESENTAZIONE DI ODA.<\/h2>\n<audio class=\"wp-audio-shortcode\" id=\"audio-93727-14\" preload=\"none\" style=\"width: 100%;\" controls=\"controls\"><source type=\"audio\/mpeg\" src=\"http:\/\/www.radiopiu.net\/wordpress\/wp-content\/uploads\/2019\/07\/le-muse-due.mp3?_=14\" \/><a href=\"http:\/\/www.radiopiu.net\/wordpress\/wp-content\/uploads\/2019\/07\/le-muse-due.mp3\">http:\/\/www.radiopiu.net\/wordpress\/wp-content\/uploads\/2019\/07\/le-muse-due.mp3<\/a><\/audio>\n<h3><\/h3>\n<h2><\/h2>\n<p>&nbsp;<\/p>\n<blockquote><p>&nbsp;<\/p><\/blockquote>\n<h2>OGGI MERCATINO A CANALE D&#8217;AGORDO<\/h2>\n<p><strong>CANALE D&#8217;AGORDO<\/strong> La proloco di Canale d&#8217;Agordo informa che il mercatino dell&#8217;antiquariato- annullato domenica per maltempo,\u00a0 verr\u00e0 recuperato oggi, in Piazza Papa Luciani a Canale d&#8217;Agordo.<\/p>\n<p>&nbsp;<\/p>\n<p>&nbsp;<\/p>\n<blockquote><p>&nbsp;<\/p><\/blockquote>\n<p>&nbsp;<\/p>\n<p><strong>A CANALE D&#8217;AGORDO DA DOMANI APRE LA CASA NATALE DI PAPA ALBINO LUCIANI. SARA&#8217; PRESENTE IL CARDINALE STELLA<\/strong><\/p>\n<blockquote><p><strong><em>Si potr\u00e0 visitare dalle 17 di domani, dopo pi\u00f9 di 40 anni dalla chiusura dello storico edificio.<\/em><\/strong><\/p><\/blockquote>\n<p>&nbsp;<\/p>\n<p>&nbsp;<\/p>\n<h2>AL VIA LA FESTA A MELERE<\/h2>\n<p><strong>DI DAMIANO TORMEN<\/strong><\/p>\n<audio class=\"wp-audio-shortcode\" id=\"audio-93727-15\" preload=\"none\" style=\"width: 100%;\" controls=\"controls\"><source type=\"audio\/mpeg\" src=\"http:\/\/www.radiopiu.net\/wordpress\/wp-content\/uploads\/2019\/07\/melere.mp3?_=15\" \/><a href=\"http:\/\/www.radiopiu.net\/wordpress\/wp-content\/uploads\/2019\/07\/melere.mp3\">http:\/\/www.radiopiu.net\/wordpress\/wp-content\/uploads\/2019\/07\/melere.mp3<\/a><\/audio>\n<p>&nbsp;<\/p>\n<p>&nbsp;<\/p>\n<p>&nbsp;<\/p>\n<h3>ALBA TRA GLI ANIMALI SUL PORE<\/h3>\n<p><strong>COLLE SANTA LUCIA<\/strong> Per iniziativa dell&#8217;associazione Turistica mercoledi 7 agosto \u00e8 in programma &#8220;L&#8217;ALBA SUL MONTE PORE&#8221; cervi, camosci e caprioli. Escursione sul monte Pore con accompagnatori i cacciatori della sezione di Colle Santa Lucia, per osservare gli animali. Partenza alle 5.30 dal Rifugio Fedare. Informazioni: Associazione Turistica di Colle Santa Lucia telefono 347.6189044. In caso di maltempo la gita sar\u00e0 posticipata.\u00a0 Partecipazione con Offerta Libera<\/p>\n<p>&nbsp;<\/p>\n<h3>NUOVI TRAGUARDI TORNA IN ARENA<\/h3>\n<p><strong>SAN TOMASO<\/strong> Sabato 10 agosto dalle 21 all&#8217;Arena 1082 di San Tomaso la festa estiva con Nuovi Traguardi. Serata gastronomica con spiedo gigante con la musica del gruppo 3 GOT DOWN. Evento organizzato dall&#8217;associazione presieduta dal dottor Graziano Pianezze per la lotta contro le malattie del sangue.<\/p>\n<p>&nbsp;<\/p>\n<p>&nbsp;<\/p>\n<h3>SETTIMANA FODOM TRA ESPERIENZE DI MEDITAZIONE, VISITE AI MUSEI, LA VITA IN STALLA AL RIENTRO DELLE MUCCHE E I MERCATINI<\/h3>\n<p><strong>LIVINALLONGO<\/strong> Da domani domenica non c&#8217;\u00e8 da annoiarsi in territorio Fodom, questi i principali eventi dal calendario dell&#8217;Associazione Arabba Fodom Turismo, <strong><span class=\"\">DOMANI <\/span><\/strong><span class=\"\">Spettacolo di burattini al Castello di Andraz. <\/span><span class=\"\">Concerto della locale Banda da Fodom alle 1815 in centro ad Arabba. <\/span><span class=\"\"><strong>SABATO <\/strong><\/span><span class=\"\">Concerto del Coro Femminile Col di Lana e coro Ospite \u201cCima Tosa\u201d\u00a0 alle 20 45 in Chiesa di Pieve di Livinallongo. <strong>D<\/strong><\/span><strong>OMENICA <\/strong>\u00a0 Cerimonia a Cima Col di Lana in ricordo ai Caduti della 1^ Guerra Mondiale. Inizio ore 10.45, sempre domenica salita al Cima Col di Lana con guida. Al castello di Andras a<span class=\"\">pprofondimenti della Domenica: spade e spadai del Bellunese a cura di Frabrizio Tonin e Michele Vello dalle\u00a0 14<\/span><\/p>\n<p>&nbsp;<\/p>\n<p>&nbsp;<\/p>\n<p>&nbsp;<\/p>\n<blockquote class=\"wp-embedded-content\" data-secret=\"EHqwf5x0oV\"><p><a href=\"http:\/\/www.radiopiu.net\/wordpress\/questo-mese-il-compleanno-per-5-missionarie-bellunesi-di-renato-bona\/\">QUESTO MESE IL COMPLEANNO PER 5 MISSIONARIE BELLUNESI di RENATO BONA<\/a><\/p><\/blockquote>\n<p><iframe loading=\"lazy\" title=\"&#8220;QUESTO MESE IL COMPLEANNO PER 5 MISSIONARIE BELLUNESI di RENATO BONA&#8221; &#8212; Radio Pi\u00f9\" class=\"wp-embedded-content\" sandbox=\"allow-scripts\" security=\"restricted\" style=\"position: absolute; clip: rect(1px, 1px, 1px, 1px);\" src=\"http:\/\/www.radiopiu.net\/wordpress\/questo-mese-il-compleanno-per-5-missionarie-bellunesi-di-renato-bona\/embed\/#?secret=EHqwf5x0oV\" data-secret=\"EHqwf5x0oV\" width=\"600\" height=\"338\" frameborder=\"0\" marginwidth=\"0\" marginheight=\"0\" scrolling=\"no\"><\/iframe><\/p>\n<p>&nbsp;<\/p>\n<p>&nbsp;<\/p>\n<p>&nbsp;<\/p>\n<p>&nbsp;<\/p>\n<p>&nbsp;<\/p>\n<p><a class=\"dt-pswp-item\" href=\"http:\/\/www.radiopiu.net\/wordpress\/wp-content\/uploads\/2018\/09\/sport.jpg\" data-dt-img-description=\"\" data-large_image_width=\"800\" data-large_image_height=\"100\"><img loading=\"lazy\" decoding=\"async\" class=\"alignnone wp-image-60761 size-full\" src=\"http:\/\/www.radiopiu.net\/wordpress\/wp-content\/uploads\/2018\/09\/sport.jpg\" alt=\"\" width=\"800\" height=\"100\" srcset=\"https:\/\/www.radiopiu.net\/wordpress\/wp-content\/uploads\/2018\/09\/sport.jpg 800w, https:\/\/www.radiopiu.net\/wordpress\/wp-content\/uploads\/2018\/09\/sport-300x38.jpg 300w, https:\/\/www.radiopiu.net\/wordpress\/wp-content\/uploads\/2018\/09\/sport-768x96.jpg 768w\" sizes=\"auto, (max-width: 800px) 100vw, 800px\" \/><\/a><\/p>\n<p>&nbsp;<\/p>\n<p>&nbsp;<\/p>\n<h3>LE VILLE E TAIBON SI GIOCHERANNO IL TITOLO DEL CAMPIONATO AGORDINO FEMMINILE<\/h3>\n<p>In un \u201cCesare Scatena\u201d di Taibon Agordino gremito di gente, si sono giocate ieri sera le partite valide per le semifinali del Campionato Agordino femminile. Le Ville e Taibon strappano il pass per la finalissima di Voltago in programma sabato sera alle ore 20:30. Nella prima partita le campionesse in carica di Agordo hanno battuto per 2 a 0 un Voltago che, fino a ieri sera, non aveva mai perso una sfida. Il Le Ville, al gran completo, ha fatto la voce grossa ed ha saputo concretizzare le uniche due occasioni della serata con una doppietta di Mara Nessenzia. Nella seconda partita a spuntarla \u00e8 stato il Taibon. Dopo una prima parte di gara giocato alla pari, l&#8217;Alleghe \u00e8 passato in vantaggio a fine primo tempo con Bassot. Nella ripresa le taibonere hanno ingranato la marcia giusta ed hanno pareggiato con una punizione di Guerrini. A 5&#8242; dal termine il vantaggio del Taibon arriva dai piedi di Gnech che beffa il portiere con un pallonetto da posizione defilata. <strong>I RISULTATI DELLE SEMIFINALI: Le Ville &#8211; Voltago 2-0, Taibon &#8211; Alleghe 2-1 Sabato, al \u201cRenzo Da Campo\u201d di Voltago, la giornata conclusiva. IL PROGRAMMA DELLA FINALE: alle 19 Voltago \u2013 Alleghe (finale 3\u00b0 &#8211; 4\u00b0 posto), alle 20:30 Le Ville \u2013 Taibon (finale Campionato Agordino Femminile)<\/strong><\/p>\n<p>&nbsp;<\/p>\n<h3>VOLTAGO E CAPRILE SONO LE FINALISTE DEL MEMORIAL DENIS TONIN<\/h3>\n<p class=\"p1\"><span class=\"s1\">Sar\u00e0 Voltago &#8211; Caprile la finalissima del Memorial Denis Tonin che si disputer\u00e0 domenica prossima all\u2019Ivano Dorigo di Agordo.<\/span><span class=\"s1\">Per la seconda volta consecutiva il Voltago accede alla finalissima del Campionato Agordino I RISULTATI <\/span><strong><span class=\"s1\">VOLTAGO &#8211; VALLADA 2-0;\u00a0 <\/span><\/strong><strong><span class=\"s1\">FODOM &#8211; CAPRILE 0-1 dts. <\/span><\/strong><strong><span class=\"s1\">DOMENICA LA GIORNATA FINALE ALL\u2019IVANO DORIGO DI AGORDO <\/span><\/strong><span class=\"s1\">Ore 11 finale 3\u00b0-4\u00b0 posto giovanile<\/span><span class=\"s1\">ore 15 finalissima Campionato Agordino giovanile<\/span><span class=\"s1\">ore 17:30 Voltago &#8211; Caprile finalissima Memorial Denis Tonin<\/span><\/p>\n<p>&nbsp;<\/p>\n<p>&nbsp;<\/p>\n<h3>STASERA LE SEMIFINALI DEL CAMPIONATO GIOVANILE<\/h3>\n<p>Sar\u00e0 il campo di \u201cConaggia\u201d a La Valle ad ospitare le semifinali del Campionato Agordino giovanile. Questa sera Fodom, La Valle, Canale e i campioni in carica del Taibon si giocheranno il pass per accedere alla finalissima di Agordo domenica prossima. Si inizia alle 18 quando i padroni di casa del La Valle si affronteranno con il Canale. Sulla carta i lavallesi sono i favoriti della vigilia ma la squadra della Valle del Biois non \u00e8 da meno. Nel girone di qualificazione il La Valle aveva vinto 3 a 1 ma si sa che le partite da dentro o fuori sono tutta un&#8217;altra cosa. Alle 20 il turno dei campioni in carica del Taibon in campo contro il Fodom. La squadra di Broglio non ha sbagliato un colpo fino ad ora vincendo tutte le partite della stagione regolare. Gli orsetti invece si sono qualificati alla fase finale per il rotto della cuffia. Match che vede super favorito il Taibon e che sicuramente finir\u00e0 nei tempi regolamentari. <strong>IL PROGRAMMA DELLE SEMIFINALI alle 18 La Valle \u2013 Canale alle 20 Taibon \u2013 Fodom<\/strong><\/p>\n<p>&nbsp;<\/p>\n<p>&nbsp;<\/p>\n<p>&nbsp;<\/p>\n<p>&nbsp;<\/p>\n<h3>GIRO DEL LAGO DI ALLEGHE<\/h3>\n<blockquote><p><em>40^ EDIZIONE 2019\u00a0<\/em><\/p><\/blockquote>\n<p><strong>ALLEGHE<\/strong> Classico nel calendario delle manifestazioni agordine, il giro del lago festeggia i 40 anni in barba a Vaia perch\u00e9 il giro del lago si far\u00e0 regolarmente il 14 vigilia di ferragosto. Una marcia non competitiva di 5,3 chilometri aperta a tutti. Al timone dell&#8217;organizzazione il gruppo alpini.<\/p>\n<blockquote><p><em>Il Gruppo ANA ALLEGHE, consta di 207 iscritti, associato all\u2019Associazione Nazionale Alpini, \u00e8 stato costituito nel\u00a0 1931 da ex alpini reduci della prima guerra mondiale e nel cos\u00ec lungo lasso di tempo \u00e8 stato testimone sempre attivo e presente con molteplici attivit\u00e0 ed iniziative a favore della propria comunit\u00e0. Oltre al volontariato rivolto alla comunit\u00e0 e della protezione civile, dal 1979 organizza una manifestazione sportiva di carattere podistico che ha sempre raccolto vasto consenso sia sportivo che turistico, consistendo nel percorrere un itinerario che si snoda in notturna lungo le sponde del lago di Alleghe.\u00a0La manifestazione sportiva, che quest\u2019anno \u00e8 alla sua 40^ edizione, ha sempre avuto una buona partecipazione, raggiungendo negli anni anche i 1300 concorrenti.<\/em><\/p><\/blockquote>\n<p>&nbsp;<\/p>\n<p>&nbsp;<\/p>\n<p><a class=\"dt-pswp-item\" href=\"http:\/\/www.radiopiu.net\/wordpress\/wp-content\/uploads\/2018\/09\/WhatsApp-Image-2018-09-20-at-16.04.06.jpeg\" data-dt-img-description=\"\" data-large_image_width=\"800\" data-large_image_height=\"100\"><img loading=\"lazy\" decoding=\"async\" class=\"alignnone wp-image-61378 size-full\" src=\"http:\/\/www.radiopiu.net\/wordpress\/wp-content\/uploads\/2018\/09\/WhatsApp-Image-2018-09-20-at-16.04.06.jpeg\" alt=\"\" width=\"800\" height=\"100\" srcset=\"https:\/\/www.radiopiu.net\/wordpress\/wp-content\/uploads\/2018\/09\/WhatsApp-Image-2018-09-20-at-16.04.06.jpeg 800w, https:\/\/www.radiopiu.net\/wordpress\/wp-content\/uploads\/2018\/09\/WhatsApp-Image-2018-09-20-at-16.04.06-300x38.jpeg 300w, https:\/\/www.radiopiu.net\/wordpress\/wp-content\/uploads\/2018\/09\/WhatsApp-Image-2018-09-20-at-16.04.06-768x96.jpeg 768w\" sizes=\"auto, (max-width: 800px) 100vw, 800px\" \/><\/a><\/p>\n<p>&nbsp;<\/p>\n<p><center><b>Giovedi 1<\/b><\/center><b>Tempo atteso: <\/b>Al mattino tempo buono ed in prevalenza soleggiato, nonostante i primi annuvolamenti entro le ore centrali del giorno. Al pomeriggio moderata cumulificazione con qualche rovescio, occasionalmente temporalesco, pi\u00f9 probabile a fine giornata. Clima diurno un po&#8217; pi\u00f9 caldo grazie al maggiore soleggiamento.<br \/>\n<b>Precipitazioni: <\/b>Al mattino assenti (0%), da met\u00e0 pomeriggio in poi probabilit\u00e0 piuttosto bassa (10\/20%) per isolati rovesci o eventuali brevi temporali. Alla sera leggero aumento del rischio (20\/40%) sulle Dolomiti e (20\/30%) sulle Prealpi per isolati temporali.<br \/>\n<b>Temperature: <\/b>Minime senza notevole variazioni rispetto a mercoled\u00ec; massime in lieve ripresa. Sono previste punte di 29\/30\u00b0C nei fondovalle prealpini e di 25\/26\u00b0C a 1000\/1200 m. Su Prealpi a 1500 m min 14\u00b0C max 20\u00b0C, a 2000 m min 12\u00b0C max 16\u00b0C. Su Dolomiti a 2000 m min 11\u00b0C max 16\u00b0C, a 3000 m min 6\u00b0C max 9\u00b0C.<br \/>\n<b>Venti: <\/b>Nelle valli deboli a regime di brezza, con locali rinforzi diurni; in quota deboli\/moderati dai quadranti occidentali, a 5-10 km\/h a 2000 m, a 10-25 km\/h a 3000 m.<\/p>\n<hr \/>\n<p><center><b>Venerdi 2<\/b><\/center><b>Tempo atteso: <\/b>Al mattino tempo in parte instabile con molte nubi e fenomeni sparsi. Al pomeriggio maggiore instabilit\u00e0 con fenomeni diffusi. Probabile miglioramento dal tardo pomeriggio a partire dalle Dolomiti, in successiva estensione alla fascia prealpina. Clima assai pi\u00f9 fresco.<br \/>\n<b>Precipitazioni: <\/b>Durante la notte ed al mattino probabilit\u00e0 media (40\/60%) per primi rovesci e occasionali temporali. Al pomeriggio fenomeni pi\u00f9 diffusi (80\/90%), localmente intensi. Non escluso un po&#8217; di neve sulla cima della Marmolada a fine episodio. Generale esaurimento dei fenomeni entro la sera.<br \/>\n<b>Temperature: <\/b>In generale diminuzione rispetto a gioved\u00ec, con minime alla sera. Sono previste punte di 21\/22\u00b0C nei fondovalle prealpini e di 16\/18\u00b0C a 1000\/1200 m. Su Prealpi a 1500 m min 12\u00b0C max 15\u00b0C, a 2000 m min 9\u00b0C max 12\u00b0C. Su Dolomiti a 2000 m min 8\u00b0C max 11\u00b0C, a 3000 m min 2\u00b0C max 6\u00b0C.<br \/>\n<b>Venti: <\/b>Nelle valli deboli di direzione variabile con improvvise raffiche in prossimit\u00e0 dei temporali; in quota moderati da Sud-Ovest al mattino, disponendosi dai quadranti settentrionali al pomeriggio\/sera, a 5-15 km\/h a 2000 m, a 15-30 km\/h a 3000 m.<\/p>\n<hr \/>\n<p><center><b>Sabato 3<\/b><\/center>Tempo ben soleggiato con primi modesti cumuli al mattino. In seguito cumulificazione irregolare, spesso modesta e solo localmente moderata. La probabilit\u00e0 di fenomeni convettivi sar\u00e0 piuttosto bassa e limitata nel tempo, anche assente su molti settori. Temperature minime in diminuzione, massime in calo in alta quota, in ripresa alle quote medio-basse. Venti moderati da Nord-Ovest in quota e brezze nelle valli.<\/p>\n<hr \/>\n<p><center><b>Domenica 4<\/b><\/center>Tempo ben soleggiato con primi modesti cumuli al mattino. In seguito cumulificazione irregolare, localmente moderata. La probabilit\u00e0 di fenomeni convettivi sar\u00e0 piuttosto bassa e limitata nel tempo, anche assente su molti settori. Temperature massime in leggera ripresa. Venti moderati da Nord-Ovest in quota e brezze nelle valli. Previsore: R.L.Th.<\/p>\n","protected":false},"excerpt":{"rendered":"<p>&nbsp; &nbsp; Gestione Servizi Pubblici informa che In TUTTO il Comune di GOSALDO tranne nelle localit\u00e0 CREPOT, DELUBI, LAGON, LAVEDER, PONGAN, RENON, SABE, VASSERE, l&#8217;acqua erogata dall&#8217;acquedotto non \u00e8 potabile e pu\u00f2 essere usata per scopi alimentari SOLO PREVIO bollitura &nbsp; &nbsp; &nbsp; MUORE A 36 ANNI, LA CAUSA DI MORTE E&#8217; IPOTERMIA, NON CONFERMATA&hellip;<\/p>\n","protected":false},"author":1,"featured_media":93811,"comment_status":"closed","ping_status":"closed","sticky":false,"template":"","format":"standard","meta":{"_monsterinsights_skip_tracking":false,"_monsterinsights_sitenote_active":false,"_monsterinsights_sitenote_note":"","_monsterinsights_sitenote_category":0,"footnotes":""},"categories":[86],"tags":[],"class_list":["post-93727","post","type-post","status-publish","format-standard","has-post-thumbnail","hentry","category-gr","category-86","description-off"],"img_url":"https:\/\/www.radiopiu.net\/wordpress\/wp-content\/uploads\/2019\/07\/WhatsApp-Image-2019-07-31-at-22.44.03.jpeg","_links":{"self":[{"href":"https:\/\/www.radiopiu.net\/wordpress\/wp-json\/wp\/v2\/posts\/93727","targetHints":{"allow":["GET"]}}],"collection":[{"href":"https:\/\/www.radiopiu.net\/wordpress\/wp-json\/wp\/v2\/posts"}],"about":[{"href":"https:\/\/www.radiopiu.net\/wordpress\/wp-json\/wp\/v2\/types\/post"}],"author":[{"embeddable":true,"href":"https:\/\/www.radiopiu.net\/wordpress\/wp-json\/wp\/v2\/users\/1"}],"replies":[{"embeddable":true,"href":"https:\/\/www.radiopiu.net\/wordpress\/wp-json\/wp\/v2\/comments?post=93727"}],"version-history":[{"count":0,"href":"https:\/\/www.radiopiu.net\/wordpress\/wp-json\/wp\/v2\/posts\/93727\/revisions"}],"wp:featuredmedia":[{"embeddable":true,"href":"https:\/\/www.radiopiu.net\/wordpress\/wp-json\/wp\/v2\/media\/93811"}],"wp:attachment":[{"href":"https:\/\/www.radiopiu.net\/wordpress\/wp-json\/wp\/v2\/media?parent=93727"}],"wp:term":[{"taxonomy":"category","embeddable":true,"href":"https:\/\/www.radiopiu.net\/wordpress\/wp-json\/wp\/v2\/categories?post=93727"},{"taxonomy":"post_tag","embeddable":true,"href":"https:\/\/www.radiopiu.net\/wordpress\/wp-json\/wp\/v2\/tags?post=93727"}],"curies":[{"name":"wp","href":"https:\/\/api.w.org\/{rel}","templated":true}]}}