{"id":93752,"date":"2019-08-01T06:46:34","date_gmt":"2019-08-01T04:46:34","guid":{"rendered":"http:\/\/www.radiopiu.net\/wordpress\/?p=93752"},"modified":"2019-08-02T05:51:57","modified_gmt":"2019-08-02T03:51:57","slug":"muore-a-36-anni-probabilmente-la-causa-il-fulmine-durante-il-temporale","status":"publish","type":"post","link":"https:\/\/www.radiopiu.net\/wordpress\/muore-a-36-anni-probabilmente-la-causa-il-fulmine-durante-il-temporale\/","title":{"rendered":"MUORE A 36 ANNI, LA CAUSA DI MORTE E&#8217; IPOTERMIA, NON CONFERMATA LA PRIMA IPOTESI DEL FULMINE."},"content":{"rendered":"<p><strong><a class=\"dt-pswp-item\" href=\"http:\/\/www.radiopiu.net\/wordpress\/wp-content\/uploads\/2019\/07\/download-24.jpg\" data-dt-img-description=\"\" data-large_image_width=\"318\" data-large_image_height=\"159\"><img loading=\"lazy\" decoding=\"async\" class=\" wp-image-93754 alignleft\" src=\"http:\/\/www.radiopiu.net\/wordpress\/wp-content\/uploads\/2019\/07\/download-24-300x150.jpg\" alt=\"\" width=\"230\" height=\"115\" srcset=\"https:\/\/www.radiopiu.net\/wordpress\/wp-content\/uploads\/2019\/07\/download-24-300x150.jpg 300w, https:\/\/www.radiopiu.net\/wordpress\/wp-content\/uploads\/2019\/07\/download-24.jpg 318w\" sizes=\"auto, (max-width: 230px) 100vw, 230px\" \/><\/a>LIVINALLONGO_CORVARA_MANFREDONIA<\/strong>\u00a0 In localit\u00e0 Pralongi\u00e0 \u00e8 stato ritrovato privo di vita Daniele Del Nobile 36 anni di Manfredonia (Foggia), lavoratore stagionale ad Arabba. La prima ipotesi era presunta fol<a class=\"dt-pswp-item\" href=\"http:\/\/www.radiopiu.net\/wordpress\/wp-content\/uploads\/2019\/07\/60314160_2461192513938741_5330455160554520576_n.jpg\" data-dt-img-description=\"\" data-large_image_width=\"720\" data-large_image_height=\"960\"><img loading=\"lazy\" decoding=\"async\" class=\" wp-image-93792 alignright\" src=\"http:\/\/www.radiopiu.net\/wordpress\/wp-content\/uploads\/2019\/07\/60314160_2461192513938741_5330455160554520576_n-225x300.jpg\" alt=\"\" width=\"144\" height=\"192\" srcset=\"https:\/\/www.radiopiu.net\/wordpress\/wp-content\/uploads\/2019\/07\/60314160_2461192513938741_5330455160554520576_n-225x300.jpg 225w, https:\/\/www.radiopiu.net\/wordpress\/wp-content\/uploads\/2019\/07\/60314160_2461192513938741_5330455160554520576_n.jpg 720w\" sizes=\"auto, (max-width: 144px) 100vw, 144px\" \/><\/a>gorazione, l&#8217;ispezione cadaverica conclude che il giovane \u00e8 morto per ipotermia, le ulteriori indagini chiariranno ogni dubbio.<\/p>\n<blockquote><p><strong>Daniele Nobile lavorava da diverse stagioni al Rifugio Pralongi\u00e0, l&#8217;altro ieri mattina era partito per un&#8217;escursione ma non ha fatto ritorno. Ieri mattina sono iniziate le ricerche dal versante verso Corvara, \u00e8 stato ritrovato dagli uomini del Soccorso Alpino che hanno fatto intervenire l&#8217;elicottero delll&#8217;Aiut Alpin. Sono intervenuti i Carabinieri di Arabba perch\u00e9 il luogo dell&#8217;incidente \u00e8 nel territorio comunale di Livinallongo del Col di Lana. (foto pagina facebook).<\/strong><\/p>\n<p>&nbsp;<\/p><\/blockquote>\n<p>&nbsp;<\/p>\n","protected":false},"excerpt":{"rendered":"<p>LIVINALLONGO_CORVARA_MANFREDONIA\u00a0 In localit\u00e0 Pralongi\u00e0 \u00e8 stato ritrovato privo di vita Daniele Del Nobile 36 anni di Manfredonia (Foggia), lavoratore stagionale ad Arabba. La prima ipotesi era presunta folgorazione, l&#8217;ispezione cadaverica conclude che il giovane \u00e8 morto per ipotermia, le ulteriori indagini chiariranno ogni dubbio. Daniele Nobile lavorava da diverse stagioni al Rifugio Pralongi\u00e0, l&#8217;altro ieri&hellip;<\/p>\n","protected":false},"author":1,"featured_media":93754,"comment_status":"closed","ping_status":"closed","sticky":false,"template":"","format":"standard","meta":{"_monsterinsights_skip_tracking":false,"_monsterinsights_sitenote_active":false,"_monsterinsights_sitenote_note":"","_monsterinsights_sitenote_category":0,"footnotes":""},"categories":[51,49],"tags":[],"class_list":["post-93752","post","type-post","status-publish","format-standard","has-post-thumbnail","hentry","category-evidenza-top","category-news-18","category-51","category-49","description-off"],"img_url":"https:\/\/www.radiopiu.net\/wordpress\/wp-content\/uploads\/2019\/07\/download-24.jpg","_links":{"self":[{"href":"https:\/\/www.radiopiu.net\/wordpress\/wp-json\/wp\/v2\/posts\/93752","targetHints":{"allow":["GET"]}}],"collection":[{"href":"https:\/\/www.radiopiu.net\/wordpress\/wp-json\/wp\/v2\/posts"}],"about":[{"href":"https:\/\/www.radiopiu.net\/wordpress\/wp-json\/wp\/v2\/types\/post"}],"author":[{"embeddable":true,"href":"https:\/\/www.radiopiu.net\/wordpress\/wp-json\/wp\/v2\/users\/1"}],"replies":[{"embeddable":true,"href":"https:\/\/www.radiopiu.net\/wordpress\/wp-json\/wp\/v2\/comments?post=93752"}],"version-history":[{"count":0,"href":"https:\/\/www.radiopiu.net\/wordpress\/wp-json\/wp\/v2\/posts\/93752\/revisions"}],"wp:featuredmedia":[{"embeddable":true,"href":"https:\/\/www.radiopiu.net\/wordpress\/wp-json\/wp\/v2\/media\/93754"}],"wp:attachment":[{"href":"https:\/\/www.radiopiu.net\/wordpress\/wp-json\/wp\/v2\/media?parent=93752"}],"wp:term":[{"taxonomy":"category","embeddable":true,"href":"https:\/\/www.radiopiu.net\/wordpress\/wp-json\/wp\/v2\/categories?post=93752"},{"taxonomy":"post_tag","embeddable":true,"href":"https:\/\/www.radiopiu.net\/wordpress\/wp-json\/wp\/v2\/tags?post=93752"}],"curies":[{"name":"wp","href":"https:\/\/api.w.org\/{rel}","templated":true}]}}