{"id":93793,"date":"2019-07-31T23:59:37","date_gmt":"2019-07-31T21:59:37","guid":{"rendered":"http:\/\/www.radiopiu.net\/wordpress\/?p=93793"},"modified":"2019-08-02T12:26:38","modified_gmt":"2019-08-02T10:26:38","slug":"questo-mese-il-compleanno-per-5-missionarie-bellunesi-di-renato-bona","status":"publish","type":"post","link":"https:\/\/www.radiopiu.net\/wordpress\/questo-mese-il-compleanno-per-5-missionarie-bellunesi-di-renato-bona\/","title":{"rendered":"QUESTO MESE IL COMPLEANNO PER 5 MISSIONARIE BELLUNESI di RENATO BONA"},"content":{"rendered":"<p>Suor Alice Talamini (Angela), suor Caterina Costa, suor Antonella Perenzin (Vittoria), suor Silvia Vecellio, suor Maria Renata Quariglio. Sono le missionarie che secondo \u201cDalle nostre sorgenti\u201d periodico edito dal Centro missionario di Belluno-Feltre diretto da don Luigi Canal, compiono gli anni nel mese di agosto. Vediamone in sintesi le figure, ribadendo anche in questa occasione la personale profonda ammirazione e grande riconoscenza per la preziosa attivit\u00e0 svolta in varie parti del mondo a favore dei meno fortunati. SUOR TALAMINI, appartenente alla congregazione missionaria delle Figlie di San Giuseppe, \u00e8 nata a Vodo di Cadore il 4 agosto del 1929; missionaria in Brasile dal 1988, nei primi anni si \u00e8 occupata della \u201cPastoral da crianca\u201din una favela della parrocchia. In conseguenza di limitazioni fisiche ha dovuto ridurre le attivit\u00e0 esterne dedicandosi a quelle interne della comunit\u00e0: segreteria provinciale, traduzioni, formazione e spiritualit\u00e0, sostegno al \u201cMinisterio da caridade\u201d che distribuisce alimenti ed altro alle famiglie bisognose. Attualmente vive nel Collegio di San Giuseppe della Congregazione, a Vittorio Veneto. SUOR COSTA, missionaria Francescana di Maria, \u00e8 nata a Fusine di Zoldo Alto il 9 agosto 1925; \u00e8 entrata a far parte delle suore missionarie francescane di Maria a 22 anni. Missionaria in Libia dal 1979 al 1986 e rientrata in Italia ha continuato il servizio ad Assisi prima e a Pavia poi; dal 2008 vive a Rovereto, nella casa di riposo della Congregazione. SUOR PERENZIN, Missionaria delle Poverelle, \u00e8 nata a Soranzen di Cesiomaggiore il 15 agosto 1940; in Costa d\u2019Avorio dal 1978 per ben19 anni \u00e8 stata poi chiamata in Congo dove vive attualmente.. Della sua esperienza nei due Paesi ha avuto modo di dire. \u201c\u2026 In Costa d\u2019Avorio il vescovo mi chiamava \u2018il piccolo curato\u2019 perch\u00e9 ero sempre nei villaggi per il catechismo e l\u2019istruzione. Andavo a trovare gli ammalati, gli handicappati, a salutare le famiglie, proprio un incontro a tu per tu con la gente,e questo mi piaceva tanto. Poi un giorno hanno avuto bisogno di me in Congo dove mi trovo con il compito di economa provinciale; mi occupo cio\u00e8 di tutto quel che riguarda il rifornimento della missione\u201d. SUOR VECELLIO, Missionaria Salesiana,\u00e8 nata ad Auronzo di Cadore il 19 agosto 1931. Partita nel 1959 per il Brasile come insegnante, dal 1966 missionaria nell\u2019ospedale Sao Juliao, antico lebbrosario a Campo Grande, Mato Grosso do Sul, che fu inaugurato il 5 agosto 1941. Una sua allieva, Beatriz Figueiredo Dobashi, ha avuto modo di dire di suor Silvia: \u201cAbbiamo composto un libro di ricordi di una donna che da 50 anni si dedica all\u2019ospedale S. Juliao e alle sue Opere sociali. Essa \u00e8 andata ad abitare l\u00ec quando era un lebbrosario dimenticato dalle autorit\u00e0 e dalla societ\u00e0. Ha sofferto di hanseniase senza avere la lebbra, ma ponendosi accanto agli ammalati e offrendo loro conforto. Essa ha accompagnato tutto il percorso che ha fatto di questo ospedale un modello e oggi dirige un complesso di svariate attivit\u00e0, con braccio di ferro ma senza perdere la tenerezza\u2026\u201d. SUOR QUARIGLIO, Benedettina dell\u2019Adorazione perpetua, nata a Belluno il 28 agosto 1948, \u00e8 missionaria in Messico dal 2011, nella Diocesi di Guadalajara, a Chapala, dove vive attualmente. Del suo impegno missionario ha detto fra l\u2019altro: \u201c\u2026 Le nostre attivit\u00e0 prioritarie sono tre: la preghiera, l\u2019accoglienza, la carit\u00e0 concreta\u2026 abbiamo l\u2019obbligo della clausura monastica, cio\u00e8 non usciamo, ma secondo le nostre possibilit\u00e0 e soprattutto con il generoso aiuto della Diocesi di Belluno, accogliamo qualsiasi persona in stato di necessit\u00e0 e bisogno. Inoltre diamo ospitalit\u00e0 a laici, sacerdoti, religiosi desiderosi di unirsi alla nostra preghiera \u2026 non mancano le necessit\u00e0 di carattere materiale: persone senza fissa dimora che vengono a chiedere pasti o famiglie povere con numerosi figli piccoli che vengono regolarmente a chiedere la \u2018borsa della spesa\u2019, a volte paghiamo l\u2019affitto a qualche famiglia\u2026\u201d.<\/p>\n<p><a class=\"dt-pswp-item\" href=\"http:\/\/www.radiopiu.net\/wordpress\/wp-content\/uploads\/2019\/07\/68283615_695180867575993_2298623452656959488_n.jpg\" data-dt-img-description=\"\" data-large_image_width=\"591\" data-large_image_height=\"888\"><img loading=\"lazy\" decoding=\"async\" class=\"alignnone size-medium wp-image-93794\" src=\"http:\/\/www.radiopiu.net\/wordpress\/wp-content\/uploads\/2019\/07\/68283615_695180867575993_2298623452656959488_n-200x300.jpg\" alt=\"\" width=\"200\" height=\"300\" srcset=\"https:\/\/www.radiopiu.net\/wordpress\/wp-content\/uploads\/2019\/07\/68283615_695180867575993_2298623452656959488_n-200x300.jpg 200w, https:\/\/www.radiopiu.net\/wordpress\/wp-content\/uploads\/2019\/07\/68283615_695180867575993_2298623452656959488_n.jpg 591w\" sizes=\"auto, (max-width: 200px) 100vw, 200px\" \/><\/a><a class=\"dt-pswp-item\" href=\"http:\/\/www.radiopiu.net\/wordpress\/wp-content\/uploads\/2019\/07\/64322747_472434716869085_8362650523333033984_n.jpg\" data-dt-img-description=\"\" data-large_image_width=\"199\" data-large_image_height=\"300\"><img loading=\"lazy\" decoding=\"async\" class=\"alignnone size-medium wp-image-93796\" src=\"http:\/\/www.radiopiu.net\/wordpress\/wp-content\/uploads\/2019\/07\/64322747_472434716869085_8362650523333033984_n-199x300.jpg\" alt=\"\" width=\"199\" height=\"300\" \/><\/a><a class=\"dt-pswp-item\" href=\"http:\/\/www.radiopiu.net\/wordpress\/wp-content\/uploads\/2019\/07\/67365196_666194860528908_8023948504722309120_n.jpg\" data-dt-img-description=\"\" data-large_image_width=\"283\" data-large_image_height=\"300\"><img loading=\"lazy\" decoding=\"async\" class=\"alignnone wp-image-93795\" src=\"http:\/\/www.radiopiu.net\/wordpress\/wp-content\/uploads\/2019\/07\/67365196_666194860528908_8023948504722309120_n-283x300.jpg\" alt=\"\" width=\"240\" height=\"254\" \/><\/a><a class=\"dt-pswp-item\" href=\"http:\/\/www.radiopiu.net\/wordpress\/wp-content\/uploads\/2019\/07\/67451425_2075619612746274_3302637152621297664_n.jpg\" data-dt-img-description=\"\" data-large_image_width=\"597\" data-large_image_height=\"960\"><img loading=\"lazy\" decoding=\"async\" class=\"alignnone wp-image-93797\" src=\"http:\/\/www.radiopiu.net\/wordpress\/wp-content\/uploads\/2019\/07\/67451425_2075619612746274_3302637152621297664_n-187x300.jpg\" alt=\"\" width=\"161\" height=\"257\" \/><\/a><\/p>\n<p>NELLE FOTO (dal sito del Centro missionario di Belluno-Feltre): suor Talamini, suor Perenzin, suor Vecellio e suor Quariglio.<\/p>\n","protected":false},"excerpt":{"rendered":"<p>Suor Alice Talamini (Angela), suor Caterina Costa, suor Antonella Perenzin (Vittoria), suor Silvia Vecellio, suor Maria Renata Quariglio. Sono le missionarie che secondo \u201cDalle nostre sorgenti\u201d periodico edito dal Centro missionario di Belluno-Feltre diretto da don Luigi Canal, compiono gli anni nel mese di agosto. Vediamone in sintesi le figure, ribadendo anche in questa occasione&hellip;<\/p>\n","protected":false},"author":1,"featured_media":93795,"comment_status":"closed","ping_status":"closed","sticky":false,"template":"","format":"standard","meta":{"_monsterinsights_skip_tracking":false,"_monsterinsights_sitenote_active":false,"_monsterinsights_sitenote_note":"","_monsterinsights_sitenote_category":0,"footnotes":""},"categories":[51,49],"tags":[],"class_list":["post-93793","post","type-post","status-publish","format-standard","has-post-thumbnail","hentry","category-evidenza-top","category-news-18","category-51","category-49","description-off"],"img_url":"https:\/\/www.radiopiu.net\/wordpress\/wp-content\/uploads\/2019\/07\/67365196_666194860528908_8023948504722309120_n.jpg","_links":{"self":[{"href":"https:\/\/www.radiopiu.net\/wordpress\/wp-json\/wp\/v2\/posts\/93793","targetHints":{"allow":["GET"]}}],"collection":[{"href":"https:\/\/www.radiopiu.net\/wordpress\/wp-json\/wp\/v2\/posts"}],"about":[{"href":"https:\/\/www.radiopiu.net\/wordpress\/wp-json\/wp\/v2\/types\/post"}],"author":[{"embeddable":true,"href":"https:\/\/www.radiopiu.net\/wordpress\/wp-json\/wp\/v2\/users\/1"}],"replies":[{"embeddable":true,"href":"https:\/\/www.radiopiu.net\/wordpress\/wp-json\/wp\/v2\/comments?post=93793"}],"version-history":[{"count":0,"href":"https:\/\/www.radiopiu.net\/wordpress\/wp-json\/wp\/v2\/posts\/93793\/revisions"}],"wp:featuredmedia":[{"embeddable":true,"href":"https:\/\/www.radiopiu.net\/wordpress\/wp-json\/wp\/v2\/media\/93795"}],"wp:attachment":[{"href":"https:\/\/www.radiopiu.net\/wordpress\/wp-json\/wp\/v2\/media?parent=93793"}],"wp:term":[{"taxonomy":"category","embeddable":true,"href":"https:\/\/www.radiopiu.net\/wordpress\/wp-json\/wp\/v2\/categories?post=93793"},{"taxonomy":"post_tag","embeddable":true,"href":"https:\/\/www.radiopiu.net\/wordpress\/wp-json\/wp\/v2\/tags?post=93793"}],"curies":[{"name":"wp","href":"https:\/\/api.w.org\/{rel}","templated":true}]}}