{"id":93820,"date":"2019-08-01T18:57:42","date_gmt":"2019-08-01T16:57:42","guid":{"rendered":"http:\/\/www.radiopiu.net\/wordpress\/?p=93820"},"modified":"2019-08-02T12:26:19","modified_gmt":"2019-08-02T10:26:19","slug":"colcergnan-alla-presidente-di-vallata-del-consorzio-bim-soppelsa-vice","status":"publish","type":"post","link":"https:\/\/www.radiopiu.net\/wordpress\/colcergnan-alla-presidente-di-vallata-del-consorzio-bim-soppelsa-vice\/","title":{"rendered":"COLCERGNAN ALLA PRESIDENZA DI VALLATA DEL CONSORZIO BIM, SOPPELSA VICE"},"content":{"rendered":"<p>&nbsp;<\/p>\n<h2><\/h2>\n<p><strong><a class=\"dt-pswp-item\" href=\"http:\/\/www.radiopiu.net\/wordpress\/wp-content\/uploads\/2015\/10\/LogoBIM.jpg\" data-dt-img-description=\"\" data-large_image_width=\"352\" data-large_image_height=\"200\"><img loading=\"lazy\" decoding=\"async\" class=\"size-medium wp-image-12187 alignleft\" src=\"http:\/\/www.radiopiu.net\/wordpress\/wp-content\/uploads\/2015\/10\/LogoBIM-300x170.jpg\" alt=\"\" width=\"300\" height=\"170\" \/><\/a>AGORDO<\/strong> Flavio Colcergnan sindaco di Canale d&#8217;Agordo \u00e8 stato eletto all&#8217;unanimit\u00e0 presidente di Vallada del Consorzio Bim Piave, il vice \u00e8 invece Mauro Soppelsa sindaco di Cencenighe. Lo hanno deciso i sindaci dell&#8217;Agordino con voto espresso all&#8217;unanimit\u00e0 e che mette daccordo una vallada questa volta davvero unita con i Comuni di Sedico e Sospirolo.<\/p>\n<p><strong>FLAVIO COLCERGNAN<\/strong><\/p>\n<audio class=\"wp-audio-shortcode\" id=\"audio-93820-1\" preload=\"none\" style=\"width: 100%;\" controls=\"controls\"><source type=\"audio\/mpeg\" src=\"http:\/\/www.radiopiu.net\/wordpress\/wp-content\/uploads\/2019\/07\/colce.mp3?_=1\" \/><a href=\"http:\/\/www.radiopiu.net\/wordpress\/wp-content\/uploads\/2019\/07\/colce.mp3\">http:\/\/www.radiopiu.net\/wordpress\/wp-content\/uploads\/2019\/07\/colce.mp3<\/a><\/audio>\n<p><strong>MAURO SOPPELSA\u00a0<\/strong><\/p>\n<audio class=\"wp-audio-shortcode\" id=\"audio-93820-2\" preload=\"none\" style=\"width: 100%;\" controls=\"controls\"><source type=\"audio\/mpeg\" src=\"http:\/\/www.radiopiu.net\/wordpress\/wp-content\/uploads\/2019\/07\/mauro.mp3?_=2\" \/><a href=\"http:\/\/www.radiopiu.net\/wordpress\/wp-content\/uploads\/2019\/07\/mauro.mp3\">http:\/\/www.radiopiu.net\/wordpress\/wp-content\/uploads\/2019\/07\/mauro.mp3<\/a><\/audio>\n<p>&nbsp;<\/p>\n","protected":false},"excerpt":{"rendered":"<p>&nbsp; AGORDO Flavio Colcergnan sindaco di Canale d&#8217;Agordo \u00e8 stato eletto all&#8217;unanimit\u00e0 presidente di Vallada del Consorzio Bim Piave, il vice \u00e8 invece Mauro Soppelsa sindaco di Cencenighe. Lo hanno deciso i sindaci dell&#8217;Agordino con voto espresso all&#8217;unanimit\u00e0 e che mette daccordo una vallada questa volta davvero unita con i Comuni di Sedico e Sospirolo.&hellip;<\/p>\n","protected":false},"author":1,"featured_media":0,"comment_status":"closed","ping_status":"closed","sticky":false,"template":"","format":"standard","meta":{"_monsterinsights_skip_tracking":false,"_monsterinsights_sitenote_active":false,"_monsterinsights_sitenote_note":"","_monsterinsights_sitenote_category":0,"footnotes":""},"categories":[51,49],"tags":[],"class_list":["post-93820","post","type-post","status-publish","format-standard","hentry","category-evidenza-top","category-news-18","category-51","category-49","description-off"],"img_url":false,"_links":{"self":[{"href":"https:\/\/www.radiopiu.net\/wordpress\/wp-json\/wp\/v2\/posts\/93820","targetHints":{"allow":["GET"]}}],"collection":[{"href":"https:\/\/www.radiopiu.net\/wordpress\/wp-json\/wp\/v2\/posts"}],"about":[{"href":"https:\/\/www.radiopiu.net\/wordpress\/wp-json\/wp\/v2\/types\/post"}],"author":[{"embeddable":true,"href":"https:\/\/www.radiopiu.net\/wordpress\/wp-json\/wp\/v2\/users\/1"}],"replies":[{"embeddable":true,"href":"https:\/\/www.radiopiu.net\/wordpress\/wp-json\/wp\/v2\/comments?post=93820"}],"version-history":[{"count":0,"href":"https:\/\/www.radiopiu.net\/wordpress\/wp-json\/wp\/v2\/posts\/93820\/revisions"}],"wp:attachment":[{"href":"https:\/\/www.radiopiu.net\/wordpress\/wp-json\/wp\/v2\/media?parent=93820"}],"wp:term":[{"taxonomy":"category","embeddable":true,"href":"https:\/\/www.radiopiu.net\/wordpress\/wp-json\/wp\/v2\/categories?post=93820"},{"taxonomy":"post_tag","embeddable":true,"href":"https:\/\/www.radiopiu.net\/wordpress\/wp-json\/wp\/v2\/tags?post=93820"}],"curies":[{"name":"wp","href":"https:\/\/api.w.org\/{rel}","templated":true}]}}