{"id":93845,"date":"2019-08-01T23:59:11","date_gmt":"2019-08-01T21:59:11","guid":{"rendered":"http:\/\/www.radiopiu.net\/wordpress\/?p=93845"},"modified":"2019-08-02T06:15:00","modified_gmt":"2019-08-02T04:15:00","slug":"polizia-di-stato-e-carabinieri-eseguono-un-decreto-di-espulsione-del-ministro-dellinterno-nei-confronti-di-un-cittadino-albanese-residente-a-belluno","status":"publish","type":"post","link":"https:\/\/www.radiopiu.net\/wordpress\/polizia-di-stato-e-carabinieri-eseguono-un-decreto-di-espulsione-del-ministro-dellinterno-nei-confronti-di-un-cittadino-albanese-residente-a-belluno\/","title":{"rendered":"POLIZIA DI STATO E CARABINIERI ESEGUONO UN DECRETO DI ESPULSIONE DEL MINISTRO DELL\u2019INTERNO NEI CONFRONTI DI UN CITTADINO ALBANESE RESIDENTE A BELLUNO"},"content":{"rendered":"<p>&nbsp;<\/p>\n<blockquote><p><em>V.H. non potr\u00e0 rientrare in Italia e nei territori degli Stati membri dell\u2019Unione Europea per un periodo di quindici anni. Se lo far\u00e0 potr\u00e0 essere arrestato e condannato a una pena fino a tre anni di carcere.<\/em><\/p><\/blockquote>\n<p><strong><a class=\"dt-pswp-item\" href=\"http:\/\/www.radiopiu.net\/wordpress\/wp-content\/uploads\/2018\/10\/Volante-Questura.jpg\" data-dt-img-description=\"\" data-large_image_width=\"768\" data-large_image_height=\"510\"><img loading=\"lazy\" decoding=\"async\" class=\"size-medium wp-image-63842 alignleft\" src=\"http:\/\/www.radiopiu.net\/wordpress\/wp-content\/uploads\/2018\/10\/Volante-Questura-300x199.jpg\" alt=\"\" width=\"300\" height=\"199\" \/><\/a>BELLUNO\u00a0<\/strong> I poliziotti della Questura e militari del Comando Provinciale dei Carabinieri di Belluno, dopo una complessa attivit\u00e0 di indagine hanno rintracciato e accompagnato all\u2019aeroporto di Milano Malpensa, scortandolo in volo fino a Tirana, un cittadino albanese di 26 anni, V.H., espulso con decreto firmato dal Ministro dell\u2019Interno Matteo Salvini.<\/p>\n<blockquote><p>Il decreto \u00e8 stato emesso nei giorni scorsi in quanto la presenza del cittadino albanese in Italia era ritenuta una minaccia per la sicurezza dello Stato, poich\u00e9 lo straniero \u00e8 risultato vicino a organizzazioni terroristiche di matrice islamica. Il provvedimento di allontanamento dal territorio nazionale si \u00e8 reso necessario poich\u00e9 dalle indagini \u00e8 emerso che V.H. ha mantenuto contatti con noti foreign fighters di origine balcanica partiti dall\u2019Italia per raggiungere la Siria e che lui stesso ha tentato di raggiungere i territori siriani per combattere nelle fila dei miliziani dell\u2019Isis.\u00a0 Il suo tentativo non \u00e8 andato a buon fine perch\u00e9 l\u2019uomo \u00e8 stato fermato dalle Autorit\u00e0 bulgare all\u2019inizio di quest\u2019anno mentre, a bordo di un\u2019auto, tentava di passare il confine bulgaro con la Romania, diretto verso la Siria. Rimpatriato in Albania, V.H. \u00e8 poi comunque riuscito a rientrare a Belluno, dove vivono alcuni suoi familiari.<\/p><\/blockquote>\n<p>L\u2019uomo era stato per lungo tempo sottoposto ad attivit\u00e0 investigativa da parte dei Carabinieri del ROS di Padova nell\u2019ambito dell\u2019operazione BORAC del 2014, tesa a individuare presunti foreign fighters presenti sul territorio nazionale.\u00a0 Fra gli episodi accertati durante il periodo della sua permanenza in Italia, nella serata del 20 gennaio 2019 a Venezia, nei pressi dell\u2019ex consolato onorario di Turchia, V.H. era stato controllato mentre, a bordo del suo furgone e in stato confusionale, pronunciava frasi a favore dell\u2019Islam e dei suoi martiri. La successiva attivit\u00e0 investigativa e di monitoraggio dell\u2019albanese ha documentato che l\u2019extracomunitario era vicino alla causa sostenuta dall\u2019Isis e favorevole alla partenza di tutti i veri musulmani verso la Siria per combattere gli infedeli. E\u2019 stata inoltre accertata una sua condizione di alterazione psichica che lo rende tuttora ancora pi\u00f9 pericoloso e imprevedibile. Sono state anche riscontrate, fra le sue esternazioni, molte frasi ingiuriose nei confronti di esponenti politici nazionali.<\/p>\n<p>&nbsp;<\/p>\n<p>&nbsp;<\/p>\n","protected":false},"excerpt":{"rendered":"<p>&nbsp; V.H. non potr\u00e0 rientrare in Italia e nei territori degli Stati membri dell\u2019Unione Europea per un periodo di quindici anni. Se lo far\u00e0 potr\u00e0 essere arrestato e condannato a una pena fino a tre anni di carcere. BELLUNO\u00a0 I poliziotti della Questura e militari del Comando Provinciale dei Carabinieri di Belluno, dopo una complessa&hellip;<\/p>\n","protected":false},"author":1,"featured_media":63841,"comment_status":"closed","ping_status":"closed","sticky":false,"template":"","format":"standard","meta":{"_monsterinsights_skip_tracking":false,"_monsterinsights_sitenote_active":false,"_monsterinsights_sitenote_note":"","_monsterinsights_sitenote_category":0,"footnotes":""},"categories":[51,49],"tags":[],"class_list":["post-93845","post","type-post","status-publish","format-standard","has-post-thumbnail","hentry","category-evidenza-top","category-news-18","category-51","category-49","description-off"],"img_url":"https:\/\/www.radiopiu.net\/wordpress\/wp-content\/uploads\/2018\/10\/Volante-Questura-2.jpg","_links":{"self":[{"href":"https:\/\/www.radiopiu.net\/wordpress\/wp-json\/wp\/v2\/posts\/93845","targetHints":{"allow":["GET"]}}],"collection":[{"href":"https:\/\/www.radiopiu.net\/wordpress\/wp-json\/wp\/v2\/posts"}],"about":[{"href":"https:\/\/www.radiopiu.net\/wordpress\/wp-json\/wp\/v2\/types\/post"}],"author":[{"embeddable":true,"href":"https:\/\/www.radiopiu.net\/wordpress\/wp-json\/wp\/v2\/users\/1"}],"replies":[{"embeddable":true,"href":"https:\/\/www.radiopiu.net\/wordpress\/wp-json\/wp\/v2\/comments?post=93845"}],"version-history":[{"count":0,"href":"https:\/\/www.radiopiu.net\/wordpress\/wp-json\/wp\/v2\/posts\/93845\/revisions"}],"wp:featuredmedia":[{"embeddable":true,"href":"https:\/\/www.radiopiu.net\/wordpress\/wp-json\/wp\/v2\/media\/63841"}],"wp:attachment":[{"href":"https:\/\/www.radiopiu.net\/wordpress\/wp-json\/wp\/v2\/media?parent=93845"}],"wp:term":[{"taxonomy":"category","embeddable":true,"href":"https:\/\/www.radiopiu.net\/wordpress\/wp-json\/wp\/v2\/categories?post=93845"},{"taxonomy":"post_tag","embeddable":true,"href":"https:\/\/www.radiopiu.net\/wordpress\/wp-json\/wp\/v2\/tags?post=93845"}],"curies":[{"name":"wp","href":"https:\/\/api.w.org\/{rel}","templated":true}]}}