{"id":93861,"date":"2019-08-01T18:53:46","date_gmt":"2019-08-01T16:53:46","guid":{"rendered":"http:\/\/www.radiopiu.net\/wordpress\/?p=93861"},"modified":"2019-08-02T05:51:22","modified_gmt":"2019-08-02T03:51:22","slug":"coca-vertical-race-manuel-da-col-primo-degli-uomini-elena-andrich-vince-tra-le-donne-un-successo-con-quasi-180-atleti-al-via","status":"publish","type":"post","link":"https:\/\/www.radiopiu.net\/wordpress\/coca-vertical-race-manuel-da-col-primo-degli-uomini-elena-andrich-vince-tra-le-donne-un-successo-con-quasi-180-atleti-al-via\/","title":{"rendered":"Coca Vertical Race: Manuel Da Col primo degli uomini. Elena Andrich vince tra le donne. Un successo con quasi 180 atleti al via."},"content":{"rendered":"<p><strong>BELLUNO<\/strong>\u00c8 stato un successo la Coca Vertical Race, la gara di corsa in salita, vertical, organizzata dalla BRide di Belluno, con oltre 170 atleti che si sono dati battaglia sui 2,3 km della pista Coca. Tra gli uomini il pi\u00f9 forte \u00e8 stato lo specialista delle vertical Manuel Da Col (Team Scott) che ha fermato il cronometro sul super tempo di 18&#8217;29&#8221;, che segna il nuovo record da battere. Dietro di lui Giampietro Barattin, Mihail Sirbu, Olivo Da Pra, Lauro Polito. Tra donne si \u00e8 invece imposta Elena Andrich (Val Scura Team), con il tempo di 26&#8217;19&#8221;, seguita da Casagrande Monica, Angela Depoi, Daniela Miatello, Monica Todesco. Tantissimi i partecipanti, 175, che hanno sfidato le pendenze della pista Coca e hanno poi festeggiato al Bar Slalom, dove si sono tenute le premiazioni, il pasta party e la lotteria finale, con premi messi a disposizione dagli sponsor della manifestazione (Alpenplus, VisionOttica Centrale, La Giasena, farmacia Boco, Apicoltura di Caronno Monica). Molto soddisfatti gli organizzatori, Luca Vignazia e Andrea Buiatti, della B-Ride.<\/p>\n<blockquote><p><em>&#8220;\u00c8 stato un grande successo, reso possibile dalla disponibilit\u00e0 di tutti, sponsor, istituzioni, collaboratori e partecipanti. \u00c8 stata una bella festa di sport che conferma l&#8217;importanza e l&#8217;attrattiva del Colle. Ieri sera eravamo tra persone con la stessa passione per la corsa e con un amico in comune: il Nevegal &#8211;\u00a0 <\/em>dicono all&#8217;unisono gli organizzatori- <em>\u00a0La manifestazione \u00e8 stata premiata a pieni voti anche dagli atleti, che hanno espresso la propria soddisfazione agli organizzatori e che hanno, in molti, gi\u00e0 confermato la loro presenza per la prossima edizione&#8221;.<\/em><\/p><\/blockquote>\n<h3>FOTO PODIO FEMMINILE E MASCHILE<\/h3>\n<p><a class=\"dt-pswp-item\" href=\"http:\/\/www.radiopiu.net\/wordpress\/wp-content\/uploads\/2019\/08\/podio-assoluti-donne.jpg\" data-dt-img-description=\"\" data-large_image_width=\"643\" data-large_image_height=\"773\"><img loading=\"lazy\" decoding=\"async\" class=\"alignnone wp-image-93862\" src=\"http:\/\/www.radiopiu.net\/wordpress\/wp-content\/uploads\/2019\/08\/podio-assoluti-donne-250x300.jpg\" alt=\"\" width=\"442\" height=\"530\" srcset=\"https:\/\/www.radiopiu.net\/wordpress\/wp-content\/uploads\/2019\/08\/podio-assoluti-donne-250x300.jpg 250w, https:\/\/www.radiopiu.net\/wordpress\/wp-content\/uploads\/2019\/08\/podio-assoluti-donne.jpg 643w\" sizes=\"auto, (max-width: 442px) 100vw, 442px\" \/><\/a><a class=\"dt-pswp-item\" href=\"http:\/\/www.radiopiu.net\/wordpress\/wp-content\/uploads\/2019\/08\/podio-assoluti-uomini.jpg\" data-dt-img-description=\"\" data-large_image_width=\"797\" data-large_image_height=\"662\"><img loading=\"lazy\" decoding=\"async\" class=\"alignnone wp-image-93863\" src=\"http:\/\/www.radiopiu.net\/wordpress\/wp-content\/uploads\/2019\/08\/podio-assoluti-uomini-300x249.jpg\" alt=\"\" width=\"442\" height=\"367\" srcset=\"https:\/\/www.radiopiu.net\/wordpress\/wp-content\/uploads\/2019\/08\/podio-assoluti-uomini-300x249.jpg 300w, https:\/\/www.radiopiu.net\/wordpress\/wp-content\/uploads\/2019\/08\/podio-assoluti-uomini-768x638.jpg 768w, https:\/\/www.radiopiu.net\/wordpress\/wp-content\/uploads\/2019\/08\/podio-assoluti-uomini.jpg 797w\" sizes=\"auto, (max-width: 442px) 100vw, 442px\" \/><\/a><\/p>\n","protected":false},"excerpt":{"rendered":"<p>BELLUNO\u00c8 stato un successo la Coca Vertical Race, la gara di corsa in salita, vertical, organizzata dalla BRide di Belluno, con oltre 170 atleti che si sono dati battaglia sui 2,3 km della pista Coca. Tra gli uomini il pi\u00f9 forte \u00e8 stato lo specialista delle vertical Manuel Da Col (Team Scott) che ha fermato&hellip;<\/p>\n","protected":false},"author":1,"featured_media":93862,"comment_status":"closed","ping_status":"closed","sticky":false,"template":"","format":"standard","meta":{"_monsterinsights_skip_tracking":false,"_monsterinsights_sitenote_active":false,"_monsterinsights_sitenote_note":"","_monsterinsights_sitenote_category":0,"footnotes":""},"categories":[51,49],"tags":[],"class_list":["post-93861","post","type-post","status-publish","format-standard","has-post-thumbnail","hentry","category-evidenza-top","category-news-18","category-51","category-49","description-off"],"img_url":"https:\/\/www.radiopiu.net\/wordpress\/wp-content\/uploads\/2019\/08\/podio-assoluti-donne.jpg","_links":{"self":[{"href":"https:\/\/www.radiopiu.net\/wordpress\/wp-json\/wp\/v2\/posts\/93861","targetHints":{"allow":["GET"]}}],"collection":[{"href":"https:\/\/www.radiopiu.net\/wordpress\/wp-json\/wp\/v2\/posts"}],"about":[{"href":"https:\/\/www.radiopiu.net\/wordpress\/wp-json\/wp\/v2\/types\/post"}],"author":[{"embeddable":true,"href":"https:\/\/www.radiopiu.net\/wordpress\/wp-json\/wp\/v2\/users\/1"}],"replies":[{"embeddable":true,"href":"https:\/\/www.radiopiu.net\/wordpress\/wp-json\/wp\/v2\/comments?post=93861"}],"version-history":[{"count":0,"href":"https:\/\/www.radiopiu.net\/wordpress\/wp-json\/wp\/v2\/posts\/93861\/revisions"}],"wp:featuredmedia":[{"embeddable":true,"href":"https:\/\/www.radiopiu.net\/wordpress\/wp-json\/wp\/v2\/media\/93862"}],"wp:attachment":[{"href":"https:\/\/www.radiopiu.net\/wordpress\/wp-json\/wp\/v2\/media?parent=93861"}],"wp:term":[{"taxonomy":"category","embeddable":true,"href":"https:\/\/www.radiopiu.net\/wordpress\/wp-json\/wp\/v2\/categories?post=93861"},{"taxonomy":"post_tag","embeddable":true,"href":"https:\/\/www.radiopiu.net\/wordpress\/wp-json\/wp\/v2\/tags?post=93861"}],"curies":[{"name":"wp","href":"https:\/\/api.w.org\/{rel}","templated":true}]}}