{"id":93866,"date":"2019-08-02T11:58:54","date_gmt":"2019-08-02T09:58:54","guid":{"rendered":"http:\/\/www.radiopiu.net\/wordpress\/?p=93866"},"modified":"2019-08-03T06:47:38","modified_gmt":"2019-08-03T04:47:38","slug":"luxottica-trasporti-dal-26-agosto-le-novita","status":"publish","type":"post","link":"https:\/\/www.radiopiu.net\/wordpress\/luxottica-trasporti-dal-26-agosto-le-novita\/","title":{"rendered":"LUXOTTICA TRASPORTI, DAL 26 AGOSTO LE NOVITA&#8217;"},"content":{"rendered":"<p><strong>AGORDO<\/strong> Trasporti part-time incentivato da Feltre e Belluno, le novit\u00e0 sono interessanti perche&#8217; da lunedi 26 agosto per i lavoratori con profilo 8-14 e 14-20 sar\u00e0 disponibile il servizio trasporto verso Agordo dalle due citt\u00e0 della Valbelluna. Per usufruire del servizio \u00e8 necessario acquistare il titolo di viaggio specifico. Ulteriori informazioni alla Dolomitibus<\/p>\n<p><a class=\"dt-pswp-item\" href=\"http:\/\/www.radiopiu.net\/wordpress\/wp-content\/uploads\/2019\/08\/222.jpg\" data-dt-img-description=\"\" data-large_image_width=\"2339\" data-large_image_height=\"1654\"><img loading=\"lazy\" decoding=\"async\" class=\"alignnone size-medium wp-image-93867\" src=\"http:\/\/www.radiopiu.net\/wordpress\/wp-content\/uploads\/2019\/08\/222-300x212.jpg\" alt=\"\" width=\"300\" height=\"212\" srcset=\"https:\/\/www.radiopiu.net\/wordpress\/wp-content\/uploads\/2019\/08\/222-300x212.jpg 300w, https:\/\/www.radiopiu.net\/wordpress\/wp-content\/uploads\/2019\/08\/222-768x543.jpg 768w, https:\/\/www.radiopiu.net\/wordpress\/wp-content\/uploads\/2019\/08\/222-1024x724.jpg 1024w\" sizes=\"auto, (max-width: 300px) 100vw, 300px\" \/><\/a><\/p>\n","protected":false},"excerpt":{"rendered":"<p>AGORDO Trasporti part-time incentivato da Feltre e Belluno, le novit\u00e0 sono interessanti perche&#8217; da lunedi 26 agosto per i lavoratori con profilo 8-14 e 14-20 sar\u00e0 disponibile il servizio trasporto verso Agordo dalle due citt\u00e0 della Valbelluna. Per usufruire del servizio \u00e8 necessario acquistare il titolo di viaggio specifico. Ulteriori informazioni alla Dolomitibus<\/p>\n","protected":false},"author":1,"featured_media":93867,"comment_status":"closed","ping_status":"closed","sticky":false,"template":"","format":"standard","meta":{"_monsterinsights_skip_tracking":false,"_monsterinsights_sitenote_active":false,"_monsterinsights_sitenote_note":"","_monsterinsights_sitenote_category":0,"footnotes":""},"categories":[51,49],"tags":[],"class_list":["post-93866","post","type-post","status-publish","format-standard","has-post-thumbnail","hentry","category-evidenza-top","category-news-18","category-51","category-49","description-off"],"img_url":"https:\/\/www.radiopiu.net\/wordpress\/wp-content\/uploads\/2019\/08\/222.jpg","_links":{"self":[{"href":"https:\/\/www.radiopiu.net\/wordpress\/wp-json\/wp\/v2\/posts\/93866","targetHints":{"allow":["GET"]}}],"collection":[{"href":"https:\/\/www.radiopiu.net\/wordpress\/wp-json\/wp\/v2\/posts"}],"about":[{"href":"https:\/\/www.radiopiu.net\/wordpress\/wp-json\/wp\/v2\/types\/post"}],"author":[{"embeddable":true,"href":"https:\/\/www.radiopiu.net\/wordpress\/wp-json\/wp\/v2\/users\/1"}],"replies":[{"embeddable":true,"href":"https:\/\/www.radiopiu.net\/wordpress\/wp-json\/wp\/v2\/comments?post=93866"}],"version-history":[{"count":0,"href":"https:\/\/www.radiopiu.net\/wordpress\/wp-json\/wp\/v2\/posts\/93866\/revisions"}],"wp:featuredmedia":[{"embeddable":true,"href":"https:\/\/www.radiopiu.net\/wordpress\/wp-json\/wp\/v2\/media\/93867"}],"wp:attachment":[{"href":"https:\/\/www.radiopiu.net\/wordpress\/wp-json\/wp\/v2\/media?parent=93866"}],"wp:term":[{"taxonomy":"category","embeddable":true,"href":"https:\/\/www.radiopiu.net\/wordpress\/wp-json\/wp\/v2\/categories?post=93866"},{"taxonomy":"post_tag","embeddable":true,"href":"https:\/\/www.radiopiu.net\/wordpress\/wp-json\/wp\/v2\/tags?post=93866"}],"curies":[{"name":"wp","href":"https:\/\/api.w.org\/{rel}","templated":true}]}}