{"id":93915,"date":"2019-08-01T15:51:42","date_gmt":"2019-08-01T13:51:42","guid":{"rendered":"http:\/\/www.radiopiu.net\/wordpress\/?p=93915"},"modified":"2019-08-02T12:26:29","modified_gmt":"2019-08-02T10:26:29","slug":"soccorso-escursionista-in-difficolta-2","status":"publish","type":"post","link":"https:\/\/www.radiopiu.net\/wordpress\/soccorso-escursionista-in-difficolta-2\/","title":{"rendered":"SOCCORSO ESCURSIONISTA IN DIFFICOLT\u00c0"},"content":{"rendered":"<p><strong><a class=\"dt-pswp-item\" href=\"http:\/\/www.radiopiu.net\/wordpress\/wp-content\/uploads\/2019\/05\/ELI-SUEM-SOCC-4.jpg\" data-dt-img-description=\"\" data-large_image_width=\"1600\" data-large_image_height=\"900\"><img loading=\"lazy\" decoding=\"async\" class=\"size-medium wp-image-86182 alignleft\" src=\"http:\/\/www.radiopiu.net\/wordpress\/wp-content\/uploads\/2019\/05\/ELI-SUEM-SOCC-4-300x169.jpg\" alt=\"\" width=\"300\" height=\"169\" srcset=\"https:\/\/www.radiopiu.net\/wordpress\/wp-content\/uploads\/2019\/05\/ELI-SUEM-SOCC-4-300x169.jpg 300w, https:\/\/www.radiopiu.net\/wordpress\/wp-content\/uploads\/2019\/05\/ELI-SUEM-SOCC-4-768x432.jpg 768w, https:\/\/www.radiopiu.net\/wordpress\/wp-content\/uploads\/2019\/05\/ELI-SUEM-SOCC-4-1024x576.jpg 1024w, https:\/\/www.radiopiu.net\/wordpress\/wp-content\/uploads\/2019\/05\/ELI-SUEM-SOCC-4.jpg 1600w\" sizes=\"auto, (max-width: 300px) 100vw, 300px\" \/><\/a>CADORE<\/strong>\u00a0 Stamane \u00a0il 118 \u00e8 stato allertato per un escursionista in difficolt\u00e0 nella zona delle cascate del Pissandro, sopra l&#8217;abitato di Nebbi\u00f9. Durante una passeggiata U.B., 75 anni, di Santa Lucia di Piave (TV), ha preso una traccia errata, iniziando a risalire una vallata laterale e finendo bloccato sopra salti di roccia, incapace di proseguire o tornare indietro. Ha cos\u00ec chiamato il figlio che a sua volta ha contattato la Centrale operativa del Suem. Una squadra del Soccorso alpino di Pieve di Cadore \u00e8 partita in direzione del luogo indicato, mentre un soccorritore, che si trovava nei paraggi, si \u00e8 avviato lungo il sentiero sovrastante le cascate per capire come era la situazione. Chiamato a voce, l&#8217;escursionista ha risposto facendosi individuare. Si trovava una ventina di metri sotto il sentiero, che per\u00f2 lui dalla sua posizione raggiunta dal basso non riusciva a vedere, fermo in una posizione di sicurezza. Il tecnico \u00e8 sceso lungo la scarpata e lo ha aiutato a risalire per poi rientrare con lui alla macchina assieme al resto della squadra, sopraggiunta nel frattempo.<\/p>\n","protected":false},"excerpt":{"rendered":"<p>CADORE\u00a0 Stamane \u00a0il 118 \u00e8 stato allertato per un escursionista in difficolt\u00e0 nella zona delle cascate del Pissandro, sopra l&#8217;abitato di Nebbi\u00f9. Durante una passeggiata U.B., 75 anni, di Santa Lucia di Piave (TV), ha preso una traccia errata, iniziando a risalire una vallata laterale e finendo bloccato sopra salti di roccia, incapace di proseguire&hellip;<\/p>\n","protected":false},"author":1,"featured_media":90030,"comment_status":"closed","ping_status":"closed","sticky":false,"template":"","format":"standard","meta":{"_monsterinsights_skip_tracking":false,"_monsterinsights_sitenote_active":false,"_monsterinsights_sitenote_note":"","_monsterinsights_sitenote_category":0,"footnotes":""},"categories":[51,49],"tags":[],"class_list":["post-93915","post","type-post","status-publish","format-standard","has-post-thumbnail","hentry","category-evidenza-top","category-news-18","category-51","category-49","description-off"],"img_url":"https:\/\/www.radiopiu.net\/wordpress\/wp-content\/uploads\/2019\/06\/Lavorazioni-con-elicottero.jpg","_links":{"self":[{"href":"https:\/\/www.radiopiu.net\/wordpress\/wp-json\/wp\/v2\/posts\/93915","targetHints":{"allow":["GET"]}}],"collection":[{"href":"https:\/\/www.radiopiu.net\/wordpress\/wp-json\/wp\/v2\/posts"}],"about":[{"href":"https:\/\/www.radiopiu.net\/wordpress\/wp-json\/wp\/v2\/types\/post"}],"author":[{"embeddable":true,"href":"https:\/\/www.radiopiu.net\/wordpress\/wp-json\/wp\/v2\/users\/1"}],"replies":[{"embeddable":true,"href":"https:\/\/www.radiopiu.net\/wordpress\/wp-json\/wp\/v2\/comments?post=93915"}],"version-history":[{"count":0,"href":"https:\/\/www.radiopiu.net\/wordpress\/wp-json\/wp\/v2\/posts\/93915\/revisions"}],"wp:featuredmedia":[{"embeddable":true,"href":"https:\/\/www.radiopiu.net\/wordpress\/wp-json\/wp\/v2\/media\/90030"}],"wp:attachment":[{"href":"https:\/\/www.radiopiu.net\/wordpress\/wp-json\/wp\/v2\/media?parent=93915"}],"wp:term":[{"taxonomy":"category","embeddable":true,"href":"https:\/\/www.radiopiu.net\/wordpress\/wp-json\/wp\/v2\/categories?post=93915"},{"taxonomy":"post_tag","embeddable":true,"href":"https:\/\/www.radiopiu.net\/wordpress\/wp-json\/wp\/v2\/tags?post=93915"}],"curies":[{"name":"wp","href":"https:\/\/api.w.org\/{rel}","templated":true}]}}