{"id":93985,"date":"2019-08-02T11:55:59","date_gmt":"2019-08-02T09:55:59","guid":{"rendered":"http:\/\/www.radiopiu.net\/wordpress\/?p=93985"},"modified":"2019-08-03T06:52:37","modified_gmt":"2019-08-03T04:52:37","slug":"lannuale-adunanza-del-cai-e-stata-annullata-la-presidente-dal-magro-comunica-la-notiza-e-ricorda-il-giorno-dedicato-a-kerghiani","status":"publish","type":"post","link":"https:\/\/www.radiopiu.net\/wordpress\/lannuale-adunanza-del-cai-e-stata-annullata-la-presidente-dal-magro-comunica-la-notiza-e-ricorda-il-giorno-dedicato-a-kerghiani\/","title":{"rendered":"L&#8217;ANNUALE ADUNANZA DEL CAI E&#8217; STATA ANNULLATA.   LA PRESIDENTE DAL MAGRO COMUNICA LA \u00a0NOTIZA E RICORDA IL GIORNO DEDICATO A  KERGHIANI"},"content":{"rendered":"<h2>LA BRUTTA NOTIZIA DAL CAI DI AGORDO, EFFETTO VAIA<\/h2>\n<div><strong><a class=\"dt-pswp-item\" href=\"http:\/\/www.radiopiu.net\/wordpress\/wp-content\/uploads\/2018\/05\/cai.jpg\" data-dt-img-description=\"\" data-large_image_width=\"483\" data-large_image_height=\"268\"><img loading=\"lazy\" decoding=\"async\" class=\" wp-image-48438 alignleft\" src=\"http:\/\/www.radiopiu.net\/wordpress\/wp-content\/uploads\/2018\/05\/cai-300x166.jpg\" alt=\"\" width=\"230\" height=\"127\" srcset=\"https:\/\/www.radiopiu.net\/wordpress\/wp-content\/uploads\/2018\/05\/cai-300x166.jpg 300w, https:\/\/www.radiopiu.net\/wordpress\/wp-content\/uploads\/2018\/05\/cai.jpg 483w\" sizes=\"auto, (max-width: 230px) 100vw, 230px\" \/><\/a>AGORDO\u00a0 <\/strong>La Presidente\u00a0Anna Magro, comunica con rammarico a Soci e simpatizzanti che\u00a0<strong> l&#8217;annuale Adunanza non sar\u00e0 effettuata. <\/strong>La triste decisione che interrompe la lunga serie di 35 appuntamenti annuali, \u00e8 stata presa dopo gli eventi di ottobre che, come tutti sanno, hanno devastato il nostro territorio a tal punto che ad oggi, a distanza di nove mesi, ancora molto si deve fare per rimarginare le ferite impresse a boschi, torrenti, interi versanti montuosi, strade e sentieri delle nostre meravigliose vallate.\u00a0 la Sezione non se l&#8217;\u00e8 sentita di festeggiare in nessun luogo n\u00e9 tanto meno di chiedere la collaborazione di enti e associazioni, gi\u00e0 tanto impegnate nei lavori per la rinascita dei propri territori. L&#8217;appuntamento \u00e8 quindi rimandato al prossimo anno, certi che per agosto\u00a0la nostra splendida terra, Patrimonio dell&#8217;Umanit\u00e0, sia rinata e torni a splendere e vivere.<\/div>\n<div><\/div>\n<h2><\/h2>\n<h2>IL RICORDO KERGHIANI\u00a0 MEMORIAL\u00a0 EVENT<\/h2>\n<div><em><strong>Anna Magro, presidente sezione agordina Cai Agordo<\/strong><\/em><\/div>\n<div>\n<a class=\"dt-pswp-item\" href=\"http:\/\/www.radiopiu.net\/wordpress\/wp-content\/uploads\/2018\/06\/anna-magro.jpg\" data-dt-img-description=\"\" data-large_image_width=\"450\" data-large_image_height=\"600\"><img loading=\"lazy\" decoding=\"async\" class=\"size-medium wp-image-50482 alignleft\" src=\"http:\/\/www.radiopiu.net\/wordpress\/wp-content\/uploads\/2018\/06\/anna-magro-225x300.jpg\" alt=\"\" width=\"225\" height=\"300\" srcset=\"https:\/\/www.radiopiu.net\/wordpress\/wp-content\/uploads\/2018\/06\/anna-magro-225x300.jpg 225w, https:\/\/www.radiopiu.net\/wordpress\/wp-content\/uploads\/2018\/06\/anna-magro.jpg 450w\" sizes=\"auto, (max-width: 225px) 100vw, 225px\" \/><\/a>Interessanti e commoventi gli eventi organizzati per la commemorazione a 50 anni dall&#8217;arduo Soccorso sulla cima Su Alto (Gruppo del Civetta)\u00a0 del forte alpinista georgiano Mikhail Kerghiani e del suo compagno Oniscenko Per l&#8217;interessamento di Silvio Calvi noto ingegnere e architetto di Bergamo, gi\u00e0 consigliere del Cai Centrale e componente del Consiglio mondiale dell&#8217;UIAA &#8211;\u00a0 amico e frequentatore del popolo georgiano &#8211;\u00a0 si \u00e8 tenuto sabato 29 giugno sera nella sede della Sezione Cai di Belluno un ricordo di Mikhail Kerghiani con una presentazione fotografica del territorio della Georgia, in particolare la zona della Svanezia e delle sue bellezze che non hanno mancato di stupire i molti presenti.\u00a0 Coinvolgente sia il canto che i balletti che lo accompagnavano interpretati dal coro locale arrivato direttamente dalla storica regione della Georgia,\u00a0 insieme alla sorella, al nipote e a vari compaesani\u00a0 dell&#8217;alpinista deceduto nel 1969 mentre saliva la Cima Su Alto.\u00a0 Interessante per noi vedere i loro costumi locali ed ascoltare le possenti voci intonare nenie e litanie inconsuete e a noi sconosciute.\u00a0 Il racconto di &#8220;Berto&#8221; Lagunaz, protagonista in prima persona del recupero del compagno ancora vivo rimasto in parete, ha completato questo momento carico di commozione. La giornata di domenica 30 invece \u00e8 iniziata di buon&#8217;ora per salire tutti insieme nei pressi della Forcella di Col Rean, dove a lato del sentiero numero 560 vi \u00e8 il monumento dedicato all&#8217;alpinista voluto dagli stessi connazionali. Qui si \u00e8 svolta una breve cerimonia con canti dedicati espressamente a Mikhail\u00a0 e vari brindisi fatti con grappa e vino georgiani seguendo un particolare rito, nel tipico calice donato dalla famiglia e custodito in una teca al Rifugio Tissi.\u00a0 Il grazie a tutti della sorella che tra le lacrime ha ricordato la figura di Mikhail e il canto in lingua georgiana eseguito dal coro ha commosso tutti, soprattutto noi italiani che alla parola Dolomiti, pronunciata tra molti altri suoni per noi \u00a0incomprensibili, ci ha fatto sentire ed apprezzare l&#8217;unione con questo popolo. Il pasto al Rifugio Tissi e le molte foto davanti alla stupenda muraglia del Civetta ha concluso questo week end e ha riportato la delegazione georgiana, entusiasta di questa visita, \u00a0in patria, carica di ricordi ed emozioni.<\/div>\n<div><\/div>\n","protected":false},"excerpt":{"rendered":"<p>LA BRUTTA NOTIZIA DAL CAI DI AGORDO, EFFETTO VAIA AGORDO\u00a0 La Presidente\u00a0Anna Magro, comunica con rammarico a Soci e simpatizzanti che\u00a0 l&#8217;annuale Adunanza non sar\u00e0 effettuata. La triste decisione che interrompe la lunga serie di 35 appuntamenti annuali, \u00e8 stata presa dopo gli eventi di ottobre che, come tutti sanno, hanno devastato il nostro territorio&hellip;<\/p>\n","protected":false},"author":1,"featured_media":50482,"comment_status":"closed","ping_status":"closed","sticky":false,"template":"","format":"standard","meta":{"_monsterinsights_skip_tracking":false,"_monsterinsights_sitenote_active":false,"_monsterinsights_sitenote_note":"","_monsterinsights_sitenote_category":0,"footnotes":""},"categories":[49],"tags":[],"class_list":["post-93985","post","type-post","status-publish","format-standard","has-post-thumbnail","hentry","category-news-18","category-49","description-off"],"img_url":"https:\/\/www.radiopiu.net\/wordpress\/wp-content\/uploads\/2018\/06\/anna-magro.jpg","_links":{"self":[{"href":"https:\/\/www.radiopiu.net\/wordpress\/wp-json\/wp\/v2\/posts\/93985","targetHints":{"allow":["GET"]}}],"collection":[{"href":"https:\/\/www.radiopiu.net\/wordpress\/wp-json\/wp\/v2\/posts"}],"about":[{"href":"https:\/\/www.radiopiu.net\/wordpress\/wp-json\/wp\/v2\/types\/post"}],"author":[{"embeddable":true,"href":"https:\/\/www.radiopiu.net\/wordpress\/wp-json\/wp\/v2\/users\/1"}],"replies":[{"embeddable":true,"href":"https:\/\/www.radiopiu.net\/wordpress\/wp-json\/wp\/v2\/comments?post=93985"}],"version-history":[{"count":0,"href":"https:\/\/www.radiopiu.net\/wordpress\/wp-json\/wp\/v2\/posts\/93985\/revisions"}],"wp:featuredmedia":[{"embeddable":true,"href":"https:\/\/www.radiopiu.net\/wordpress\/wp-json\/wp\/v2\/media\/50482"}],"wp:attachment":[{"href":"https:\/\/www.radiopiu.net\/wordpress\/wp-json\/wp\/v2\/media?parent=93985"}],"wp:term":[{"taxonomy":"category","embeddable":true,"href":"https:\/\/www.radiopiu.net\/wordpress\/wp-json\/wp\/v2\/categories?post=93985"},{"taxonomy":"post_tag","embeddable":true,"href":"https:\/\/www.radiopiu.net\/wordpress\/wp-json\/wp\/v2\/tags?post=93985"}],"curies":[{"name":"wp","href":"https:\/\/api.w.org\/{rel}","templated":true}]}}