{"id":94044,"date":"2019-08-02T23:59:08","date_gmt":"2019-08-02T21:59:08","guid":{"rendered":"http:\/\/www.radiopiu.net\/wordpress\/?p=94044"},"modified":"2019-08-05T05:50:55","modified_gmt":"2019-08-05T03:50:55","slug":"grande-dellarcheologia-il-cadorino-giacomo-boni-di-renato-bona","status":"publish","type":"post","link":"https:\/\/www.radiopiu.net\/wordpress\/grande-dellarcheologia-il-cadorino-giacomo-boni-di-renato-bona\/","title":{"rendered":"GRANDE DELL\u2019ARCHEOLOGIA IL CADORINO GIACOMO BONI di RENATO BONA"},"content":{"rendered":"<p>Anche per Giacomo Boni, un grande dell\u2019archeologia, vi sono notizie contrastanti sul luogo e la data di nascita. Lo storico bellunese Giuseppe Fontana, autore di \u201cLa Provincia di Belluno, sussidio per lo studio dell\u2019ambiente nelle scuole elementari\u201d finito di stampare dalla \u201cPanfilo Castaldi di Feltre il 2 settembre del 1969, ne sintetizza cos\u00ec la figura nel capitolo \u201cFigure storiche della Provincia :\u201cGiacomo De Boni (1859-1925) nato a Perarolo. Archeologo insigne acquist\u00f2 fama negli scavi condotti nel Foro Romano e sul Palatino\u201d. Divergono cognome e luogo di nascita sul sito treccani.enciclopedia dove si legge, fra l\u2019altro: \u201cBoni Giacomo. Nato a Venezia il 25 aprile 1859 da Luigi e da Maria De Nardi, rimase orfano all&#8217;et\u00e0 di otto anni. Nel 1871 port\u00f2 a compimento il corso di studi tecnici e commerciali e nel 1877-78 consegu\u00ec il diploma di stenografia, oltre a frequentare corsi d&#8217;inglese all&#8217;istituto di commercio &#8220;Paolo Sarpi&#8221;. Rivelate assai per tempo buone qualit\u00e0 di disegnatore, all&#8217;et\u00e0 di diciannove anni partecip\u00f2, sotto la direzione di A. Forcellini, ai lavori di restauro del palazzo ducale\u2026 Temperamento irrequieto, appassionato, scontroso, dotato di cultura &#8211; per quanto ampia &#8211; farraginosa, e nel contempo incline a \u2018rapimenti estetizzanti\u2019 con il suo \u00ecaspetto tra di mago e di veggente\u2019 e con \u2018andamenti accoratamente morali&#8221;\u2019(Croce), si impose per il suo metodo e per le sue scoperte all&#8217;attenzione degli studiosi soprattutto stranieri. Il mondo archeologico ufficiale italiano gli si mostr\u00f2, infatti, decisamente ostile, mentre ampi riconoscimenti gli vennero invece dall&#8217;estero, dalle universit\u00e0 di Cambridge e di Oxford, che gli conferirono la laurea honoris causa\u201d. A sua volta la libera enciclopedia Wikipedia, confermando cognome e luogo di nascita, rammenta che Boni fu senatore del Regno d\u2019Italia nella ventiseiesima legislatura; consigliere comunale di Roma; ispettore ai musei, gallerie e scavi; direttore dei monumenti, musei, gallerie e scavi di antichit\u00e0; incaricato degli scvi del Foro Romano e del Palatino; membro del Consiglio superiore per le antichit\u00e0 e belle arti, della Royal Academy di Londra, dell\u2019Istituto di archeologia di Berlino e dell\u2019Istituto archeologico di Vienna, e indica anche le onorificenze: commendatore e grande ufficiale dell\u2019ordine della Corona d\u2019Italia, cavaliere dell\u2019ordine della francese Legion d\u2019onore, cavaliere dell\u2019ordine dell\u2019Aquila rossa di Prussia. Ancora: \u201cDella sua attivit\u00e0 di studio e ricerca restano numerosi documenti di archivio presso la Soprintendenza Archeologica di Roma. Alle sue ricerche nel Foro Romano si devono la scoperta del Lapis niger, della Regia, del Lacus Curtius, dei cunicoli cesariani nel sottosuolo della piazza, della necropoli arcaica presso il tempio di Antonino e Faustina e della chiesa di Santa Maria Antiqua. Sul Palatino port\u00f2 alla luce una cisterna arcaica a th\u00f2los, i ricchi ambienti della &#8220;Casa dei Grifi&#8221; e della cosiddetta &#8220;Aula isiaca&#8221; al di sotto del palazzo imperiale di et\u00e0 flavia. Come architetto si occup\u00f2 nel 1896-97 della ristrutturazione di Villa Blanc a Roma (propriet\u00e0 di Alberto Blanc, ministro degli esteri del re Umberto I): nei giardini della villa fu inserito un mausoleo romano rinvenuto nel 1896 dallo stesso Boni in uno scavo sulla Via Flaminia presso Tor di Quinto (ora direttamente sulla via Nomentana in seguito all&#8217;ampliamento della strada). Nel 1903, in seguito al crollo l&#8217;anno prima del campanile di San Marco a Venezia, poi ricostruito negli anni successivi, fu chiamato per lo scavo archeologico delle sue fondamenta, dove identific\u00f2 strutture di epoca romana\u201d. Resta da dire che questo bellunese illustre, nato o meno a Perarolo, ma comunque figlio di cadorini, fu sepolto negli Orti Farnesiani al Palatino.<\/p>\n<p><a class=\"dt-pswp-item\" href=\"http:\/\/www.radiopiu.net\/wordpress\/wp-content\/uploads\/2019\/08\/67464573_684627278704928_4078498719488540672_n.jpg\" data-dt-img-description=\"\" data-large_image_width=\"609\" data-large_image_height=\"960\"><img loading=\"lazy\" decoding=\"async\" class=\"alignnone size-medium wp-image-94045\" src=\"http:\/\/www.radiopiu.net\/wordpress\/wp-content\/uploads\/2019\/08\/67464573_684627278704928_4078498719488540672_n-190x300.jpg\" alt=\"\" width=\"190\" height=\"300\" srcset=\"https:\/\/www.radiopiu.net\/wordpress\/wp-content\/uploads\/2019\/08\/67464573_684627278704928_4078498719488540672_n-190x300.jpg 190w, https:\/\/www.radiopiu.net\/wordpress\/wp-content\/uploads\/2019\/08\/67464573_684627278704928_4078498719488540672_n.jpg 609w\" sizes=\"auto, (max-width: 190px) 100vw, 190px\" \/><\/a><a class=\"dt-pswp-item\" href=\"http:\/\/www.radiopiu.net\/wordpress\/wp-content\/uploads\/2019\/08\/67403145_495818574561825_4866239414277242880_n.jpg\" data-dt-img-description=\"\" data-large_image_width=\"220\" data-large_image_height=\"293\"><img loading=\"lazy\" decoding=\"async\" class=\"alignnone  wp-image-94047\" src=\"http:\/\/www.radiopiu.net\/wordpress\/wp-content\/uploads\/2019\/08\/67403145_495818574561825_4866239414277242880_n.jpg\" alt=\"\" width=\"226\" height=\"301\" \/><\/a><a class=\"dt-pswp-item\" href=\"http:\/\/www.radiopiu.net\/wordpress\/wp-content\/uploads\/2019\/08\/67560849_408457176462986_4511503840368918528_n.jpg\" data-dt-img-description=\"\" data-large_image_width=\"500\" data-large_image_height=\"407\"><img loading=\"lazy\" decoding=\"async\" class=\"alignnone  wp-image-94048\" src=\"http:\/\/www.radiopiu.net\/wordpress\/wp-content\/uploads\/2019\/08\/67560849_408457176462986_4511503840368918528_n-300x244.jpg\" alt=\"\" width=\"230\" height=\"187\" srcset=\"https:\/\/www.radiopiu.net\/wordpress\/wp-content\/uploads\/2019\/08\/67560849_408457176462986_4511503840368918528_n-300x244.jpg 300w, https:\/\/www.radiopiu.net\/wordpress\/wp-content\/uploads\/2019\/08\/67560849_408457176462986_4511503840368918528_n.jpg 500w\" sizes=\"auto, (max-width: 230px) 100vw, 230px\" \/><\/a><a class=\"dt-pswp-item\" href=\"http:\/\/www.radiopiu.net\/wordpress\/wp-content\/uploads\/2019\/08\/67668309_2360762187577750_2750340105368502272_n.jpg\" data-dt-img-description=\"\" data-large_image_width=\"170\" data-large_image_height=\"147\"><img loading=\"lazy\" decoding=\"async\" class=\"alignnone  wp-image-94049\" src=\"http:\/\/www.radiopiu.net\/wordpress\/wp-content\/uploads\/2019\/08\/67668309_2360762187577750_2750340105368502272_n.jpg\" alt=\"\" width=\"186\" height=\"161\" \/><\/a><a class=\"dt-pswp-item\" href=\"http:\/\/www.radiopiu.net\/wordpress\/wp-content\/uploads\/2019\/08\/67731324_2464529397114413_7653331567682519040_n.jpg\" data-dt-img-description=\"\" data-large_image_width=\"197\" data-large_image_height=\"256\"><img loading=\"lazy\" decoding=\"async\" class=\"alignnone  wp-image-94050\" src=\"http:\/\/www.radiopiu.net\/wordpress\/wp-content\/uploads\/2019\/08\/67731324_2464529397114413_7653331567682519040_n.jpg\" alt=\"\" width=\"139\" height=\"181\" \/><\/a><a class=\"dt-pswp-item\" href=\"http:\/\/www.radiopiu.net\/wordpress\/wp-content\/uploads\/2019\/08\/67952022_992200681111340_2664292638911365120_n.jpg\" data-dt-img-description=\"\" data-large_image_width=\"220\" data-large_image_height=\"124\"><img loading=\"lazy\" decoding=\"async\" class=\"alignnone  wp-image-94051\" src=\"http:\/\/www.radiopiu.net\/wordpress\/wp-content\/uploads\/2019\/08\/67952022_992200681111340_2664292638911365120_n.jpg\" alt=\"\" width=\"319\" height=\"180\" \/><\/a><\/p>\n<p>NELLE FOTO (world press.com e wikipedia): Giacomo Boni, archeologo e architetto con famiglia di Perarolo di Cadore; parlamentare; altre immagini del personaggio; Boni in sopralluogo alle macerie del campanile veneziano di San Marco; Villa Blanc, il suo capolavoro architettonico; il mausoleo cilindrico all&#8217;esterno del parco di Villa Blanc a Roma; la sua tomba al Palatino.<\/p>\n","protected":false},"excerpt":{"rendered":"<p>Anche per Giacomo Boni, un grande dell\u2019archeologia, vi sono notizie contrastanti sul luogo e la data di nascita. Lo storico bellunese Giuseppe Fontana, autore di \u201cLa Provincia di Belluno, sussidio per lo studio dell\u2019ambiente nelle scuole elementari\u201d finito di stampare dalla \u201cPanfilo Castaldi di Feltre il 2 settembre del 1969, ne sintetizza cos\u00ec la figura&hellip;<\/p>\n","protected":false},"author":1,"featured_media":94045,"comment_status":"closed","ping_status":"closed","sticky":false,"template":"","format":"standard","meta":{"_monsterinsights_skip_tracking":false,"_monsterinsights_sitenote_active":false,"_monsterinsights_sitenote_note":"","_monsterinsights_sitenote_category":0,"footnotes":""},"categories":[103,49],"tags":[],"class_list":["post-94044","post","type-post","status-publish","format-standard","has-post-thumbnail","hentry","category-evidenza_2","category-news-18","category-103","category-49","description-off"],"img_url":"https:\/\/www.radiopiu.net\/wordpress\/wp-content\/uploads\/2019\/08\/67464573_684627278704928_4078498719488540672_n.jpg","_links":{"self":[{"href":"https:\/\/www.radiopiu.net\/wordpress\/wp-json\/wp\/v2\/posts\/94044","targetHints":{"allow":["GET"]}}],"collection":[{"href":"https:\/\/www.radiopiu.net\/wordpress\/wp-json\/wp\/v2\/posts"}],"about":[{"href":"https:\/\/www.radiopiu.net\/wordpress\/wp-json\/wp\/v2\/types\/post"}],"author":[{"embeddable":true,"href":"https:\/\/www.radiopiu.net\/wordpress\/wp-json\/wp\/v2\/users\/1"}],"replies":[{"embeddable":true,"href":"https:\/\/www.radiopiu.net\/wordpress\/wp-json\/wp\/v2\/comments?post=94044"}],"version-history":[{"count":0,"href":"https:\/\/www.radiopiu.net\/wordpress\/wp-json\/wp\/v2\/posts\/94044\/revisions"}],"wp:featuredmedia":[{"embeddable":true,"href":"https:\/\/www.radiopiu.net\/wordpress\/wp-json\/wp\/v2\/media\/94045"}],"wp:attachment":[{"href":"https:\/\/www.radiopiu.net\/wordpress\/wp-json\/wp\/v2\/media?parent=94044"}],"wp:term":[{"taxonomy":"category","embeddable":true,"href":"https:\/\/www.radiopiu.net\/wordpress\/wp-json\/wp\/v2\/categories?post=94044"},{"taxonomy":"post_tag","embeddable":true,"href":"https:\/\/www.radiopiu.net\/wordpress\/wp-json\/wp\/v2\/tags?post=94044"}],"curies":[{"name":"wp","href":"https:\/\/api.w.org\/{rel}","templated":true}]}}