{"id":94083,"date":"2019-08-03T06:10:56","date_gmt":"2019-08-03T04:10:56","guid":{"rendered":"http:\/\/www.radiopiu.net\/wordpress\/?p=94083"},"modified":"2019-08-03T14:05:01","modified_gmt":"2019-08-03T12:05:01","slug":"per-piu-di-un-mese-agordo-senza-il-tecnico-comunale-benvegnu-e-il-consulente","status":"publish","type":"post","link":"https:\/\/www.radiopiu.net\/wordpress\/per-piu-di-un-mese-agordo-senza-il-tecnico-comunale-benvegnu-e-il-consulente\/","title":{"rendered":"PER PIU&#8217; DI UN MESE AGORDO SENZA IL TECNICO COMUNALE, BENVEGNU&#8217; E&#8217; IL CONSULENTE."},"content":{"rendered":"<p>&nbsp;<\/p>\n<h2 align=\"JUSTIFY\"><\/h2>\n<p align=\"JUSTIFY\"><strong><a class=\"dt-pswp-item\" href=\"http:\/\/www.radiopiu.net\/wordpress\/wp-content\/uploads\/2019\/08\/download.jpg\" data-dt-img-description=\"\" data-large_image_width=\"200\" data-large_image_height=\"200\"><img loading=\"lazy\" decoding=\"async\" class=\"wp-image-94042 alignright\" src=\"http:\/\/www.radiopiu.net\/wordpress\/wp-content\/uploads\/2019\/08\/download.jpg\" alt=\"\" width=\"103\" height=\"103\" srcset=\"https:\/\/www.radiopiu.net\/wordpress\/wp-content\/uploads\/2019\/08\/download.jpg 200w, https:\/\/www.radiopiu.net\/wordpress\/wp-content\/uploads\/2019\/08\/download-150x150.jpg 150w\" sizes=\"auto, (max-width: 103px) 100vw, 103px\" \/><\/a>AGORDO <\/strong>Sergio Benvegn\u00f9 per raggiunti limiti di et\u00e0 lascia l&#8217;ufficio tecnico comunale, ma sar\u00e0 ancora il suo contributo come consulente, a bilancio sono stati fissati 5000 euro. In proposito il consigliere comunale Paolo Selva Moretti ha chiesto chiarimenti all&#8217;assessore Claudio Sito e al sindaco Roberto Chissal\u00e8 che ha anticipato le caratteristiche del nuovo tecnico che viene da Eraclea, prender\u00e0 servizio da met\u00e0 settembre<\/p>\n<p align=\"JUSTIFY\"><strong>DAL CONSIGLIO COMUNALE DI AGORDO<\/strong><\/p>\n<audio class=\"wp-audio-shortcode\" id=\"audio-94083-1\" preload=\"none\" style=\"width: 100%;\" controls=\"controls\"><source type=\"audio\/mpeg\" src=\"http:\/\/www.radiopiu.net\/wordpress\/wp-content\/uploads\/2019\/08\/NUOVO-TECNICO.mp3?_=1\" \/><a href=\"http:\/\/www.radiopiu.net\/wordpress\/wp-content\/uploads\/2019\/08\/NUOVO-TECNICO.mp3\">http:\/\/www.radiopiu.net\/wordpress\/wp-content\/uploads\/2019\/08\/NUOVO-TECNICO.mp3<\/a><\/audio>\n<p><strong>NOSTRA INTERVISTA AL TECNICO SERGIO BENVEGNU&#8217;<\/strong><\/p>\n<audio class=\"wp-audio-shortcode\" id=\"audio-94083-2\" preload=\"none\" style=\"width: 100%;\" controls=\"controls\"><source type=\"audio\/mpeg\" src=\"http:\/\/www.radiopiu.net\/wordpress\/wp-content\/uploads\/2019\/07\/sergio-benvegnu.mp3?_=2\" \/><a href=\"http:\/\/www.radiopiu.net\/wordpress\/wp-content\/uploads\/2019\/07\/sergio-benvegnu.mp3\">http:\/\/www.radiopiu.net\/wordpress\/wp-content\/uploads\/2019\/07\/sergio-benvegnu.mp3<\/a><\/audio>\n<p>&nbsp;<\/p>\n","protected":false},"excerpt":{"rendered":"<p>&nbsp; AGORDO Sergio Benvegn\u00f9 per raggiunti limiti di et\u00e0 lascia l&#8217;ufficio tecnico comunale, ma sar\u00e0 ancora il suo contributo come consulente, a bilancio sono stati fissati 5000 euro. In proposito il consigliere comunale Paolo Selva Moretti ha chiesto chiarimenti all&#8217;assessore Claudio Sito e al sindaco Roberto Chissal\u00e8 che ha anticipato le caratteristiche del nuovo tecnico&hellip;<\/p>\n","protected":false},"author":1,"featured_media":94042,"comment_status":"closed","ping_status":"closed","sticky":false,"template":"","format":"standard","meta":{"_monsterinsights_skip_tracking":false,"_monsterinsights_sitenote_active":false,"_monsterinsights_sitenote_note":"","_monsterinsights_sitenote_category":0,"footnotes":""},"categories":[51,49],"tags":[],"class_list":["post-94083","post","type-post","status-publish","format-standard","has-post-thumbnail","hentry","category-evidenza-top","category-news-18","category-51","category-49","description-off"],"img_url":"https:\/\/www.radiopiu.net\/wordpress\/wp-content\/uploads\/2019\/08\/download.jpg","_links":{"self":[{"href":"https:\/\/www.radiopiu.net\/wordpress\/wp-json\/wp\/v2\/posts\/94083","targetHints":{"allow":["GET"]}}],"collection":[{"href":"https:\/\/www.radiopiu.net\/wordpress\/wp-json\/wp\/v2\/posts"}],"about":[{"href":"https:\/\/www.radiopiu.net\/wordpress\/wp-json\/wp\/v2\/types\/post"}],"author":[{"embeddable":true,"href":"https:\/\/www.radiopiu.net\/wordpress\/wp-json\/wp\/v2\/users\/1"}],"replies":[{"embeddable":true,"href":"https:\/\/www.radiopiu.net\/wordpress\/wp-json\/wp\/v2\/comments?post=94083"}],"version-history":[{"count":0,"href":"https:\/\/www.radiopiu.net\/wordpress\/wp-json\/wp\/v2\/posts\/94083\/revisions"}],"wp:featuredmedia":[{"embeddable":true,"href":"https:\/\/www.radiopiu.net\/wordpress\/wp-json\/wp\/v2\/media\/94042"}],"wp:attachment":[{"href":"https:\/\/www.radiopiu.net\/wordpress\/wp-json\/wp\/v2\/media?parent=94083"}],"wp:term":[{"taxonomy":"category","embeddable":true,"href":"https:\/\/www.radiopiu.net\/wordpress\/wp-json\/wp\/v2\/categories?post=94083"},{"taxonomy":"post_tag","embeddable":true,"href":"https:\/\/www.radiopiu.net\/wordpress\/wp-json\/wp\/v2\/tags?post=94083"}],"curies":[{"name":"wp","href":"https:\/\/api.w.org\/{rel}","templated":true}]}}