{"id":94089,"date":"2019-08-03T06:20:24","date_gmt":"2019-08-03T04:20:24","guid":{"rendered":"http:\/\/www.radiopiu.net\/wordpress\/?p=94089"},"modified":"2019-08-05T05:50:46","modified_gmt":"2019-08-05T03:50:46","slug":"alla-radio-il-ritorno-di-alice-bettolo-con-i-diari-del-pesce-rosso-tre-giorni-woodstock-nei-ricordi-di-claudio-pra-lunedi-alle-20-15-sara-luchetta-dialoga-con-antonio-bortoluzzi","status":"publish","type":"post","link":"https:\/\/www.radiopiu.net\/wordpress\/alla-radio-il-ritorno-di-alice-bettolo-con-i-diari-del-pesce-rosso-tre-giorni-woodstock-nei-ricordi-di-claudio-pra-lunedi-alle-20-15-sara-luchetta-dialoga-con-antonio-bortoluzzi\/","title":{"rendered":"ALLA RADIO: IL RITORNO DI ALICE BETTOLO CON I DIARI DEL PESCE ROSSO, TRE GIORNI WOODSTOCK NEI RICORDI DI CLAUDIO PRA, LUNEDI ALLE 20.15 SARA LUCHETTA DIALOGA CON ANTONIO BORTOLUZZI"},"content":{"rendered":"<div><\/div>\n<div><strong>QUESTA SERA<\/strong> <b>Radio Pi\u00f9 seguir\u00e0 la finalissima del campionato agordino femminile a partire dalle 20:30 con collegamenti in diretta dal campo sportivo di Voltago<\/b><\/div>\n<div><b>RADIO PIU&#8217; SARA&#8217; PRESENTE ALL&#8217;IVANO DORIGO DI AGORDO DOMANI PER TRASMETTERE IN DIRETTA LE DUE FINALI IN PROGRAMMA E PER LE PREMIAZIONI DEI CAMPIONATI AGORDINI 2019<\/b><\/div>\n<div>\n<h2>ALLA RADIO FINE SETTIMANA ALL&#8217;INSEGNA DEL CALCIO<\/h2>\n<blockquote><p><strong><span style=\"color: #ff0000;\">TRASMISSIONI RADIOFONICHE CON IL COORDINAMENTO DI MARCO GAZ, COLLABORAZIONE DI GIANNI SANTOMASO, MATTEO MANFROI, REGIA DI GIANFRANCO TOME&#8217;, COLLABORANO GLI ESPERTI DEL CALCIO AGORDINO, MARCO COSTANTINI, DANIELE POLAZZON, MARCO LORENZI&#8230; E MOLTI ALTRI<\/span><\/strong><\/p><\/blockquote>\n<p>&nbsp;<\/p>\n<\/div>\n<div><\/div>\n<div>\n<h3><span style=\"color: #ff0000;\"><a class=\"dt-pswp-item\" href=\"http:\/\/www.radiopiu.net\/wordpress\/wp-content\/uploads\/2017\/04\/MyRadioPiu_miaidea.png\" data-dt-img-description=\"\" data-large_image_width=\"483\" data-large_image_height=\"374\"><img loading=\"lazy\" decoding=\"async\" class=\"wp-image-30709 alignleft\" src=\"http:\/\/www.radiopiu.net\/wordpress\/wp-content\/uploads\/2017\/04\/MyRadioPiu_miaidea-300x232.png\" alt=\"\" width=\"189\" height=\"146\" \/><\/a>ALLA RADIO: LUNEDI ALLE 20.15<\/span><\/h3>\n<p>GIOVEDI A VALLADA NELL&#8217;AMBITO DEI GIOVEDI DELLA BIBLIOTECA:\u00a0 montagna, fabbrica, letteratura, lavoro. Sara Luchetta ha dialogato con Antonio Bortoluzzi autore di &#8220;Come si fanno le cose&#8221;. RADIO PIU&#8217; PROPONE INTEGRALMENTE IL PARTECIPATO EVENTO LUNEDI ALLE 20.15<\/p>\n<p><strong>GIANNI SANTOMASO<\/strong><\/p>\n<audio class=\"wp-audio-shortcode\" id=\"audio-94089-1\" preload=\"none\" style=\"width: 100%;\" controls=\"controls\"><source type=\"audio\/mpeg\" src=\"http:\/\/www.radiopiu.net\/wordpress\/wp-content\/uploads\/2019\/08\/PROMO-GIANNI-LUNEDI.mp3?_=1\" \/><a href=\"http:\/\/www.radiopiu.net\/wordpress\/wp-content\/uploads\/2019\/08\/PROMO-GIANNI-LUNEDI.mp3\">http:\/\/www.radiopiu.net\/wordpress\/wp-content\/uploads\/2019\/08\/PROMO-GIANNI-LUNEDI.mp3<\/a><\/audio>\n<\/div>\n<p>&nbsp;<\/p>\n<p>&nbsp;<\/p>\n<p>&nbsp;<\/p>\n<p>&nbsp;<\/p>\n<h2>LUNEDI, MARTEDI E MERCOLEDI. WOODSTOCK 50 ANNI DOPO con Claudio Pra<\/h2>\n<blockquote><p><em><a class=\"dt-pswp-item\" href=\"http:\/\/www.radiopiu.net\/wordpress\/wp-content\/uploads\/2019\/08\/Woodstock2.jpg\" data-dt-img-description=\"\" data-large_image_width=\"3264\" data-large_image_height=\"2448\"><img loading=\"lazy\" decoding=\"async\" class=\" wp-image-94057 alignleft\" src=\"http:\/\/www.radiopiu.net\/wordpress\/wp-content\/uploads\/2019\/08\/Woodstock2-300x225.jpg\" alt=\"\" width=\"251\" height=\"188\" srcset=\"https:\/\/www.radiopiu.net\/wordpress\/wp-content\/uploads\/2019\/08\/Woodstock2-300x225.jpg 300w, https:\/\/www.radiopiu.net\/wordpress\/wp-content\/uploads\/2019\/08\/Woodstock2-768x576.jpg 768w, https:\/\/www.radiopiu.net\/wordpress\/wp-content\/uploads\/2019\/08\/Woodstock2-1024x768.jpg 1024w\" sizes=\"auto, (max-width: 251px) 100vw, 251px\" \/><\/a><\/em><\/p>\n<p>&nbsp;<\/p>\n<p><em>Sono tre le trasmissioni in programma la prossima settimana alla radio sul ricordo di quell&#8217;indimenticabile raduno generazionale<\/em><\/p>\n<p>foto buffablog.com<\/p><\/blockquote>\n<audio class=\"wp-audio-shortcode\" id=\"audio-94089-2\" preload=\"none\" style=\"width: 100%;\" controls=\"controls\"><source type=\"audio\/mpeg\" src=\"http:\/\/www.radiopiu.net\/wordpress\/wp-content\/uploads\/2019\/08\/claudio-promo-programma.mp3?_=2\" \/><a href=\"http:\/\/www.radiopiu.net\/wordpress\/wp-content\/uploads\/2019\/08\/claudio-promo-programma.mp3\">http:\/\/www.radiopiu.net\/wordpress\/wp-content\/uploads\/2019\/08\/claudio-promo-programma.mp3<\/a><\/audio>\n<p>&nbsp;<\/p>\n<div class=\"page-title-head hgroup\">\n<h3 class=\"entry-title\"><\/h3>\n<\/div>\n<p>&nbsp;<\/p>\n<p>&nbsp;<\/p>\n<h2>IL RITORNO DI ALICE BETTOLO CON IL PESCE ROSSO<\/h2>\n<p><strong>TAIBON<\/strong> Era il 2016, tre anni fa quando Radio Pi\u00f9 propose una serie di puntate &#8220;IL DIARIO DEL PESCE ROSSO&#8221; con Alice Bettolo che in questi anni non si \u00e8 fermata, da luned\u00ec infatti ci racconter\u00e0 nuovi aneddoti e avventure. Sar\u00e0 in onda da lunedi a venerdi alle 9.05 e alle 18.05 con la nuova serie de &#8220;I DIARI DEL PESCE ROSSO&#8221;.<\/p>\n<p><strong><span style=\"color: #0000ff;\"><a style=\"color: #0000ff;\" href=\"https:\/\/www.facebook.com\/idiaridelpescerosso\/?fref=ts\">PAGINA FACEBOOK CLICCA QUI<\/a><\/span><\/strong><\/p>\n<p>&nbsp;<\/p>\n<p><strong>L&#8217;INTERVISTA AD ALICE<\/strong><\/p>\n<audio class=\"wp-audio-shortcode\" id=\"audio-94089-3\" preload=\"none\" style=\"width: 100%;\" controls=\"controls\"><source type=\"audio\/mpeg\" src=\"http:\/\/www.radiopiu.net\/wordpress\/wp-content\/uploads\/2019\/08\/ALICE-BETTOLO.mp3?_=3\" \/><a href=\"http:\/\/www.radiopiu.net\/wordpress\/wp-content\/uploads\/2019\/08\/ALICE-BETTOLO.mp3\">http:\/\/www.radiopiu.net\/wordpress\/wp-content\/uploads\/2019\/08\/ALICE-BETTOLO.mp3<\/a><\/audio>\n<h3><\/h3>\n<p><strong>LA BIOGRAFIA DI ALICE<\/strong><\/p>\n<audio class=\"wp-audio-shortcode\" id=\"audio-94089-4\" preload=\"none\" style=\"width: 100%;\" controls=\"controls\"><source type=\"audio\/mpeg\" src=\"http:\/\/www.radiopiu.net\/wordpress\/wp-content\/uploads\/2019\/08\/BIO-ALICE.mp3?_=4\" \/><a href=\"http:\/\/www.radiopiu.net\/wordpress\/wp-content\/uploads\/2019\/08\/BIO-ALICE.mp3\">http:\/\/www.radiopiu.net\/wordpress\/wp-content\/uploads\/2019\/08\/BIO-ALICE.mp3<\/a><\/audio>\n<h3><\/h3>\n<h3>puntate precedenti 2016 dal sito internet di RADIO PIU&#8217;<\/h3>\n<p><strong><span style=\"color: #0000ff;\"><a style=\"color: #0000ff;\" href=\"https:\/\/www.radiopiu.net\/wordpress\/diari-del-pesce-rosso\/\">I DIARI DEL PESCE ROSSO COLLEZIONE 2016 CLICCA QUI<\/a><\/span><\/strong><\/p>\n<p>&nbsp;<\/p>\n<p>&nbsp;<\/p>\n","protected":false},"excerpt":{"rendered":"<p>QUESTA SERA Radio Pi\u00f9 seguir\u00e0 la finalissima del campionato agordino femminile a partire dalle 20:30 con collegamenti in diretta dal campo sportivo di Voltago RADIO PIU&#8217; SARA&#8217; PRESENTE ALL&#8217;IVANO DORIGO DI AGORDO DOMANI PER TRASMETTERE IN DIRETTA LE DUE FINALI IN PROGRAMMA E PER LE PREMIAZIONI DEI CAMPIONATI AGORDINI 2019 ALLA RADIO FINE SETTIMANA ALL&#8217;INSEGNA&hellip;<\/p>\n","protected":false},"author":1,"featured_media":0,"comment_status":"closed","ping_status":"closed","sticky":false,"template":"","format":"standard","meta":{"_monsterinsights_skip_tracking":false,"_monsterinsights_sitenote_active":false,"_monsterinsights_sitenote_note":"","_monsterinsights_sitenote_category":0,"footnotes":""},"categories":[103,49],"tags":[],"class_list":["post-94089","post","type-post","status-publish","format-standard","hentry","category-evidenza_2","category-news-18","category-103","category-49","description-off"],"img_url":false,"_links":{"self":[{"href":"https:\/\/www.radiopiu.net\/wordpress\/wp-json\/wp\/v2\/posts\/94089","targetHints":{"allow":["GET"]}}],"collection":[{"href":"https:\/\/www.radiopiu.net\/wordpress\/wp-json\/wp\/v2\/posts"}],"about":[{"href":"https:\/\/www.radiopiu.net\/wordpress\/wp-json\/wp\/v2\/types\/post"}],"author":[{"embeddable":true,"href":"https:\/\/www.radiopiu.net\/wordpress\/wp-json\/wp\/v2\/users\/1"}],"replies":[{"embeddable":true,"href":"https:\/\/www.radiopiu.net\/wordpress\/wp-json\/wp\/v2\/comments?post=94089"}],"version-history":[{"count":0,"href":"https:\/\/www.radiopiu.net\/wordpress\/wp-json\/wp\/v2\/posts\/94089\/revisions"}],"wp:attachment":[{"href":"https:\/\/www.radiopiu.net\/wordpress\/wp-json\/wp\/v2\/media?parent=94089"}],"wp:term":[{"taxonomy":"category","embeddable":true,"href":"https:\/\/www.radiopiu.net\/wordpress\/wp-json\/wp\/v2\/categories?post=94089"},{"taxonomy":"post_tag","embeddable":true,"href":"https:\/\/www.radiopiu.net\/wordpress\/wp-json\/wp\/v2\/tags?post=94089"}],"curies":[{"name":"wp","href":"https:\/\/api.w.org\/{rel}","templated":true}]}}