{"id":94091,"date":"2019-08-03T06:25:56","date_gmt":"2019-08-03T04:25:56","guid":{"rendered":"http:\/\/www.radiopiu.net\/wordpress\/?p=94091"},"modified":"2019-08-05T05:50:37","modified_gmt":"2019-08-05T03:50:37","slug":"94091-2","status":"publish","type":"post","link":"https:\/\/www.radiopiu.net\/wordpress\/94091-2\/","title":{"rendered":"FRANCESCO E TOMMASO, VERSO LA NUOVA STAGIONE"},"content":{"rendered":"<h3><em>In bocca al lupo a due hockeysti agordini, Francesco De Biasio e Tommaso Zanardi. In questi giorni hanno messo la firma su due importanti contratti, Francesco su quello del Valpellice che ha vinto la serie C approdando nella IHL, quindi il figlio di Paolo De Biasio torner\u00e0 a giocare anche nel suo stadio. Per Francesco \u00e8 un ritorno nell&#8217;alta torinese, con la Valpe ha gi\u00e0 giocato di stecca&#8230;e di cuore. Tommaso Zanardi ha invece firmato con il Como di IHL, anche il cortinese Francesco Taufer giocher\u00e0 a Como (mm)<\/em><\/h3>\n","protected":false},"excerpt":{"rendered":"<p>In bocca al lupo a due hockeysti agordini, Francesco De Biasio e Tommaso Zanardi. In questi giorni hanno messo la firma su due importanti contratti, Francesco su quello del Valpellice che ha vinto la serie C approdando nella IHL, quindi il figlio di Paolo De Biasio torner\u00e0 a giocare anche nel suo stadio. Per Francesco&hellip;<\/p>\n","protected":false},"author":1,"featured_media":94092,"comment_status":"closed","ping_status":"closed","sticky":false,"template":"","format":"standard","meta":{"_monsterinsights_skip_tracking":false,"_monsterinsights_sitenote_active":false,"_monsterinsights_sitenote_note":"","_monsterinsights_sitenote_category":0,"footnotes":""},"categories":[103,49],"tags":[],"class_list":["post-94091","post","type-post","status-publish","format-standard","has-post-thumbnail","hentry","category-evidenza_2","category-news-18","category-103","category-49","description-off"],"img_url":"https:\/\/www.radiopiu.net\/wordpress\/wp-content\/uploads\/2019\/08\/42407526_1987066681358215_8921246187370053632_n.jpg","_links":{"self":[{"href":"https:\/\/www.radiopiu.net\/wordpress\/wp-json\/wp\/v2\/posts\/94091","targetHints":{"allow":["GET"]}}],"collection":[{"href":"https:\/\/www.radiopiu.net\/wordpress\/wp-json\/wp\/v2\/posts"}],"about":[{"href":"https:\/\/www.radiopiu.net\/wordpress\/wp-json\/wp\/v2\/types\/post"}],"author":[{"embeddable":true,"href":"https:\/\/www.radiopiu.net\/wordpress\/wp-json\/wp\/v2\/users\/1"}],"replies":[{"embeddable":true,"href":"https:\/\/www.radiopiu.net\/wordpress\/wp-json\/wp\/v2\/comments?post=94091"}],"version-history":[{"count":0,"href":"https:\/\/www.radiopiu.net\/wordpress\/wp-json\/wp\/v2\/posts\/94091\/revisions"}],"wp:featuredmedia":[{"embeddable":true,"href":"https:\/\/www.radiopiu.net\/wordpress\/wp-json\/wp\/v2\/media\/94092"}],"wp:attachment":[{"href":"https:\/\/www.radiopiu.net\/wordpress\/wp-json\/wp\/v2\/media?parent=94091"}],"wp:term":[{"taxonomy":"category","embeddable":true,"href":"https:\/\/www.radiopiu.net\/wordpress\/wp-json\/wp\/v2\/categories?post=94091"},{"taxonomy":"post_tag","embeddable":true,"href":"https:\/\/www.radiopiu.net\/wordpress\/wp-json\/wp\/v2\/tags?post=94091"}],"curies":[{"name":"wp","href":"https:\/\/api.w.org\/{rel}","templated":true}]}}