{"id":94129,"date":"2019-08-03T13:54:13","date_gmt":"2019-08-03T11:54:13","guid":{"rendered":"http:\/\/www.radiopiu.net\/wordpress\/?p=94129"},"modified":"2019-08-06T05:57:28","modified_gmt":"2019-08-06T03:57:28","slug":"investito-un-bimbo-a-cencenighe","status":"publish","type":"post","link":"https:\/\/www.radiopiu.net\/wordpress\/investito-un-bimbo-a-cencenighe\/","title":{"rendered":"INVESTITO UN BIMBO A CENCENIGHE."},"content":{"rendered":"<p><strong><a class=\"dt-pswp-item\" href=\"http:\/\/www.radiopiu.net\/wordpress\/wp-content\/uploads\/2019\/08\/IMG_0050.jpg\" data-dt-img-description=\"\" data-large_image_width=\"4272\" data-large_image_height=\"2848\"><img loading=\"lazy\" decoding=\"async\" class=\" wp-image-94134 alignleft\" src=\"http:\/\/www.radiopiu.net\/wordpress\/wp-content\/uploads\/2019\/08\/IMG_0050-300x200.jpg\" alt=\"\" width=\"227\" height=\"151\" srcset=\"https:\/\/www.radiopiu.net\/wordpress\/wp-content\/uploads\/2019\/08\/IMG_0050-300x200.jpg 300w, https:\/\/www.radiopiu.net\/wordpress\/wp-content\/uploads\/2019\/08\/IMG_0050-768x512.jpg 768w, https:\/\/www.radiopiu.net\/wordpress\/wp-content\/uploads\/2019\/08\/IMG_0050-1024x683.jpg 1024w\" sizes=\"auto, (max-width: 227px) 100vw, 227px\" \/><\/a>CENCENIGHE <\/strong>Nei pressi di casa Il fratello \u00e8 riuscito ad attraversare la strada vicino all&#8217;abitazione, ma lui pi\u00f9 piccolino (7 anni)\u00a0 non ce l&#8217;ha fatta\u00a0 ed \u00e8 stato travolto dalla moto enduro condotta da un agordino che scendeva verso Agordo, \u00e8 stato portato in ospedale a TREVISO dove \u00e8 tenuto sotto osservazione per il trauma alla testa, il bambino non ha mai perso conoscenza e nei momenti del soccorso ha sempre pianto.\u00a0 Il bimbo stava attraversando la strada\u00a0 attraverso i veicoli fermi e incolonnati nella direzione opposta al motociclista.<\/p>\n<p>E&#8217; successo alle 12 in Via XX Settembre,\u00a0 la trafficata via di collegamento tra la Conca e l&#8217;Alto Agordino, l&#8217;assenza della tangenziale convoglia forti flussi di traffico soprattutto nel fine settimana tra l&#8217;altro anche giorno di mercato.<\/p>\n<p><em>&#8220;C&#8217;era colonna che andava verso il centro di Cencenighe&#8230; I bambini hanno attraversato ma, essendo nascosti dalle macchine ferme, il motociclista se li \u00e9 trovati davanti quando ormai erano nella sua corsia&#8221;.<\/em><\/p>\n<p>Immediato l&#8217;intervento dei soccorsi con ambulanze ed elicottero del Suem che, atterrato al campo sportivo, ha provveduto al rendez vous con le automedicalizzate per il trasporto all&#8217;ospedale di TREVISO . Disagi pesanti\u00a0 alla viabilit\u00e0 (come ieri per l&#8217;incidente in galleria di Listolade) con code fino alla tangenziale di Agordo, 10 chilometri pi\u00f9 a valle. Auto bloccate e motociclisti in sorpasso continuo fino al blocco per l&#8217;incidente. Rilievi dei Carabinieri di Cencenighe<\/p>\n<p>NOTIZIA IN AGGIORNAMENTO.<\/p>\n<p>&nbsp;<\/p>\n<p><a class=\"dt-pswp-item\" href=\"http:\/\/www.radiopiu.net\/wordpress\/wp-content\/uploads\/2019\/08\/WhatsApp-Image-2019-08-03-at-13.27.45.jpeg\" data-dt-img-description=\"\" data-large_image_width=\"1600\" data-large_image_height=\"1200\"><img loading=\"lazy\" decoding=\"async\" class=\"alignnone size-medium wp-image-94144\" src=\"http:\/\/www.radiopiu.net\/wordpress\/wp-content\/uploads\/2019\/08\/WhatsApp-Image-2019-08-03-at-13.27.45-300x225.jpeg\" alt=\"\" width=\"300\" height=\"225\" srcset=\"https:\/\/www.radiopiu.net\/wordpress\/wp-content\/uploads\/2019\/08\/WhatsApp-Image-2019-08-03-at-13.27.45-300x225.jpeg 300w, https:\/\/www.radiopiu.net\/wordpress\/wp-content\/uploads\/2019\/08\/WhatsApp-Image-2019-08-03-at-13.27.45-768x576.jpeg 768w, https:\/\/www.radiopiu.net\/wordpress\/wp-content\/uploads\/2019\/08\/WhatsApp-Image-2019-08-03-at-13.27.45-1024x768.jpeg 1024w, https:\/\/www.radiopiu.net\/wordpress\/wp-content\/uploads\/2019\/08\/WhatsApp-Image-2019-08-03-at-13.27.45.jpeg 1600w\" sizes=\"auto, (max-width: 300px) 100vw, 300px\" \/><\/a><a class=\"dt-pswp-item\" href=\"http:\/\/www.radiopiu.net\/wordpress\/wp-content\/uploads\/2019\/08\/WhatsApp-Image-2019-08-03-at-13.27.07-2.jpeg\" data-dt-img-description=\"\" data-large_image_width=\"1600\" data-large_image_height=\"1200\"><img loading=\"lazy\" decoding=\"async\" class=\"alignnone size-medium wp-image-94145\" src=\"http:\/\/www.radiopiu.net\/wordpress\/wp-content\/uploads\/2019\/08\/WhatsApp-Image-2019-08-03-at-13.27.07-2-300x225.jpeg\" alt=\"\" width=\"300\" height=\"225\" srcset=\"https:\/\/www.radiopiu.net\/wordpress\/wp-content\/uploads\/2019\/08\/WhatsApp-Image-2019-08-03-at-13.27.07-2-300x225.jpeg 300w, https:\/\/www.radiopiu.net\/wordpress\/wp-content\/uploads\/2019\/08\/WhatsApp-Image-2019-08-03-at-13.27.07-2-768x576.jpeg 768w, https:\/\/www.radiopiu.net\/wordpress\/wp-content\/uploads\/2019\/08\/WhatsApp-Image-2019-08-03-at-13.27.07-2-1024x768.jpeg 1024w, https:\/\/www.radiopiu.net\/wordpress\/wp-content\/uploads\/2019\/08\/WhatsApp-Image-2019-08-03-at-13.27.07-2.jpeg 1600w\" sizes=\"auto, (max-width: 300px) 100vw, 300px\" \/><\/a><\/p>\n","protected":false},"excerpt":{"rendered":"<p>CENCENIGHE Nei pressi di casa Il fratello \u00e8 riuscito ad attraversare la strada vicino all&#8217;abitazione, ma lui pi\u00f9 piccolino (7 anni)\u00a0 non ce l&#8217;ha fatta\u00a0 ed \u00e8 stato travolto dalla moto enduro condotta da un agordino che scendeva verso Agordo, \u00e8 stato portato in ospedale a TREVISO dove \u00e8 tenuto sotto osservazione per il trauma&hellip;<\/p>\n","protected":false},"author":1,"featured_media":94134,"comment_status":"closed","ping_status":"closed","sticky":false,"template":"","format":"standard","meta":{"_monsterinsights_skip_tracking":false,"_monsterinsights_sitenote_active":false,"_monsterinsights_sitenote_note":"","_monsterinsights_sitenote_category":0,"footnotes":""},"categories":[51,49],"tags":[],"class_list":["post-94129","post","type-post","status-publish","format-standard","has-post-thumbnail","hentry","category-evidenza-top","category-news-18","category-51","category-49","description-off"],"img_url":"https:\/\/www.radiopiu.net\/wordpress\/wp-content\/uploads\/2019\/08\/IMG_0050.jpg","_links":{"self":[{"href":"https:\/\/www.radiopiu.net\/wordpress\/wp-json\/wp\/v2\/posts\/94129","targetHints":{"allow":["GET"]}}],"collection":[{"href":"https:\/\/www.radiopiu.net\/wordpress\/wp-json\/wp\/v2\/posts"}],"about":[{"href":"https:\/\/www.radiopiu.net\/wordpress\/wp-json\/wp\/v2\/types\/post"}],"author":[{"embeddable":true,"href":"https:\/\/www.radiopiu.net\/wordpress\/wp-json\/wp\/v2\/users\/1"}],"replies":[{"embeddable":true,"href":"https:\/\/www.radiopiu.net\/wordpress\/wp-json\/wp\/v2\/comments?post=94129"}],"version-history":[{"count":0,"href":"https:\/\/www.radiopiu.net\/wordpress\/wp-json\/wp\/v2\/posts\/94129\/revisions"}],"wp:featuredmedia":[{"embeddable":true,"href":"https:\/\/www.radiopiu.net\/wordpress\/wp-json\/wp\/v2\/media\/94134"}],"wp:attachment":[{"href":"https:\/\/www.radiopiu.net\/wordpress\/wp-json\/wp\/v2\/media?parent=94129"}],"wp:term":[{"taxonomy":"category","embeddable":true,"href":"https:\/\/www.radiopiu.net\/wordpress\/wp-json\/wp\/v2\/categories?post=94129"},{"taxonomy":"post_tag","embeddable":true,"href":"https:\/\/www.radiopiu.net\/wordpress\/wp-json\/wp\/v2\/tags?post=94129"}],"curies":[{"name":"wp","href":"https:\/\/api.w.org\/{rel}","templated":true}]}}