{"id":94233,"date":"2019-08-04T23:43:25","date_gmt":"2019-08-04T21:43:25","guid":{"rendered":"http:\/\/www.radiopiu.net\/wordpress\/?p=94233"},"modified":"2019-08-06T05:52:33","modified_gmt":"2019-08-06T03:52:33","slug":"paolo-valcozzena-in-106-per-il-mezzo-secolo","status":"publish","type":"post","link":"https:\/\/www.radiopiu.net\/wordpress\/paolo-valcozzena-in-106-per-il-mezzo-secolo\/","title":{"rendered":"PAOLO VALCOZZENA&#8230; IN  106 PER IL MEZZO SECOLO"},"content":{"rendered":"<p><a class=\"dt-pswp-item\" href=\"http:\/\/www.radiopiu.net\/wordpress\/wp-content\/uploads\/2019\/08\/67563735_10220392937000349_6652432964548296704_n.jpg\" data-dt-img-description=\"\" data-large_image_width=\"960\" data-large_image_height=\"720\"><img loading=\"lazy\" decoding=\"async\" class=\"alignnone wp-image-94234 size-full\" src=\"http:\/\/www.radiopiu.net\/wordpress\/wp-content\/uploads\/2019\/08\/67563735_10220392937000349_6652432964548296704_n.jpg\" alt=\"\" width=\"960\" height=\"720\" srcset=\"https:\/\/www.radiopiu.net\/wordpress\/wp-content\/uploads\/2019\/08\/67563735_10220392937000349_6652432964548296704_n.jpg 960w, https:\/\/www.radiopiu.net\/wordpress\/wp-content\/uploads\/2019\/08\/67563735_10220392937000349_6652432964548296704_n-300x225.jpg 300w, https:\/\/www.radiopiu.net\/wordpress\/wp-content\/uploads\/2019\/08\/67563735_10220392937000349_6652432964548296704_n-768x576.jpg 768w\" sizes=\"auto, (max-width: 960px) 100vw, 960px\" \/><\/a><\/p>\n<p><strong>RIVAMONTE<\/strong> Paolo Sera Valcozzena ha festeggiato i 50 anni al campo di calcio, ma non lo sapeva. Una festa a sorpresa di quelle da ricordare. Alla festa si sono dati appuntamento, in maglia sempre verde&#8230;i nomi del calcio che hanno scritto pagine di storia da tutta la vallata, immaginate il campione che preferite dagli anni ottante in su e state certi che a Rivamonte c&#8217;era. In maglia gialla il Rivamonte Calcio, che esercito e che sventagliata di generazioni. E Paolo? Paolo a casa a fare le faccende domestiche, con due donne in casa difficile se la possa cavare, soprattutto alla domenica. E le due donne? Le due donne ovviamente al campo di calcio, per una volta invertiamo il senso della canzone di Rita Pavone &#8220;La partita di pallone&#8221;, di sabato va bene comunque. Alle 10 il buon Paolo riceve la telefonata della moglie che lo informa di un guasto all&#8217;impianto da riscaldamento del campo di calcio, capirai con un gruppo numerosi di scout dell&#8217;Agesci e il preannunciato arrivo del Vescovo&#8230; Cos\u00ec Paolo \u00e8 salito in auto e sempre rispettando i limiti (perch\u00e9 \u00e8 uno preciso) ha raggiunto il campo di calcio vicino alla chiesa di Sant&#8217;Antonio. Come ha parcheggiato, nel senso: ma come hai parcheggiato?\u00a0 Come ha parcheggiato \u00e8 partito l&#8217;applauso, dei sempreverdi schierati sulla destra, dei gialli difronte. Paolo con la faccia tosta di chi vorrebbe nascondere l&#8217;emozione \u00e8 sceso dall&#8217;auto e se li \u00e8 baciati uno a uno perch\u00e9 li&#8217; a capito che sarebbe iniziata la festa.<\/p>\n<div id=\"fb-root\"><\/div>\n<p><script async=\"1\" defer=\"1\" crossorigin=\"anonymous\" src=\"https:\/\/connect.facebook.net\/it_IT\/sdk.js#xfbml=1&amp;version=v6.0\"><\/script><\/p>\n<div class=\"fb-video\" data-href=\"https:\/\/www.facebook.com\/mirko.mezzacasa\/videos\/10220393092044225\/\" data-width=\"1200\">\n<blockquote cite=\"https:\/\/www.facebook.com\/mirko.mezzacasa\/videos\/10220393092044225\/\" class=\"fb-xfbml-parse-ignore\"><p><a href=\"https:\/\/www.facebook.com\/mirko.mezzacasa\/videos\/10220393092044225\/\"><\/a><\/p>\n<p>Il festeggiato&#8230;. PAOLO<\/p>\n<p>Pubblicato da <a href=\"https:\/\/www.facebook.com\/mirko.mezzacasa\">Mirko Mezzacasa<\/a> su Sabato 3 agosto 2019<\/p><\/blockquote>\n<\/div>\n<p>&nbsp;<\/p>\n<div id=\"fb-root\"><\/div>\n<p><script async=\"1\" defer=\"1\" crossorigin=\"anonymous\" src=\"https:\/\/connect.facebook.net\/it_IT\/sdk.js#xfbml=1&amp;version=v6.0\"><\/script><\/p>\n<div class=\"fb-video\" data-href=\"https:\/\/www.facebook.com\/mirko.mezzacasa\/videos\/10220392757915872\/\" data-width=\"1200\">\n<blockquote cite=\"https:\/\/www.facebook.com\/mirko.mezzacasa\/videos\/10220392757915872\/\" class=\"fb-xfbml-parse-ignore\"><p><a href=\"https:\/\/www.facebook.com\/mirko.mezzacasa\/videos\/10220392757915872\/\"><\/a><\/p>\n<p>50 ANNI DI CALCIO E AMICIZIA&#8230; AUGURI\ufeff PAOLO SERA VALCOZZENA&#8230; ASD CALCIO RIVAMONTE<\/p>\n<p>Pubblicato da <a href=\"https:\/\/www.facebook.com\/mirko.mezzacasa\">Mirko Mezzacasa<\/a> su Sabato 3 agosto 2019<\/p><\/blockquote>\n<\/div>\n<p>&nbsp;<\/p>\n<p>&nbsp;<\/p>\n<p>&nbsp;<\/p>\n<h1>I<\/h1>\n","protected":false},"excerpt":{"rendered":"<p>RIVAMONTE Paolo Sera Valcozzena ha festeggiato i 50 anni al campo di calcio, ma non lo sapeva. Una festa a sorpresa di quelle da ricordare. Alla festa si sono dati appuntamento, in maglia sempre verde&#8230;i nomi del calcio che hanno scritto pagine di storia da tutta la vallata, immaginate il campione che preferite dagli anni&hellip;<\/p>\n","protected":false},"author":1,"featured_media":94235,"comment_status":"closed","ping_status":"closed","sticky":false,"template":"","format":"standard","meta":{"_monsterinsights_skip_tracking":false,"_monsterinsights_sitenote_active":false,"_monsterinsights_sitenote_note":"","_monsterinsights_sitenote_category":0,"footnotes":""},"categories":[103,49],"tags":[],"class_list":["post-94233","post","type-post","status-publish","format-standard","has-post-thumbnail","hentry","category-evidenza_2","category-news-18","category-103","category-49","description-off"],"img_url":"https:\/\/www.radiopiu.net\/wordpress\/wp-content\/uploads\/2019\/08\/67502076_10220392936120327_5174117723914895360_n.jpg","_links":{"self":[{"href":"https:\/\/www.radiopiu.net\/wordpress\/wp-json\/wp\/v2\/posts\/94233","targetHints":{"allow":["GET"]}}],"collection":[{"href":"https:\/\/www.radiopiu.net\/wordpress\/wp-json\/wp\/v2\/posts"}],"about":[{"href":"https:\/\/www.radiopiu.net\/wordpress\/wp-json\/wp\/v2\/types\/post"}],"author":[{"embeddable":true,"href":"https:\/\/www.radiopiu.net\/wordpress\/wp-json\/wp\/v2\/users\/1"}],"replies":[{"embeddable":true,"href":"https:\/\/www.radiopiu.net\/wordpress\/wp-json\/wp\/v2\/comments?post=94233"}],"version-history":[{"count":0,"href":"https:\/\/www.radiopiu.net\/wordpress\/wp-json\/wp\/v2\/posts\/94233\/revisions"}],"wp:featuredmedia":[{"embeddable":true,"href":"https:\/\/www.radiopiu.net\/wordpress\/wp-json\/wp\/v2\/media\/94235"}],"wp:attachment":[{"href":"https:\/\/www.radiopiu.net\/wordpress\/wp-json\/wp\/v2\/media?parent=94233"}],"wp:term":[{"taxonomy":"category","embeddable":true,"href":"https:\/\/www.radiopiu.net\/wordpress\/wp-json\/wp\/v2\/categories?post=94233"},{"taxonomy":"post_tag","embeddable":true,"href":"https:\/\/www.radiopiu.net\/wordpress\/wp-json\/wp\/v2\/tags?post=94233"}],"curies":[{"name":"wp","href":"https:\/\/api.w.org\/{rel}","templated":true}]}}