{"id":94322,"date":"2019-08-05T07:30:45","date_gmt":"2019-08-05T05:30:45","guid":{"rendered":"http:\/\/www.radiopiu.net\/wordpress\/?p=94322"},"modified":"2019-08-05T07:30:45","modified_gmt":"2019-08-05T05:30:45","slug":"nei-giorni-de-la-madona-de-la-neif-nel-giorno-del-giro-delle-burele-il-ricordo-di-ovidio-da-roit","status":"publish","type":"post","link":"https:\/\/www.radiopiu.net\/wordpress\/nei-giorni-de-la-madona-de-la-neif-nel-giorno-del-giro-delle-burele-il-ricordo-di-ovidio-da-roit\/","title":{"rendered":"NEI GIORNI DE LA MADONA DE LA NEIF, NEL GIORNO DEL GIRO DELLE BURELE IL RICORDO DI OVIDIO DA ROIT"},"content":{"rendered":"<h2><\/h2>\n<p><strong>con il contributo di William Da Roit\u00a0<\/strong><\/p>\n<p><strong>La leggenda dei Diavoli rossi.<\/strong><\/p>\n<p><a class=\"dt-pswp-item\" href=\"http:\/\/www.radiopiu.net\/wordpress\/wp-content\/uploads\/2019\/08\/WhatsApp-Image-2019-08-04-at-09.52.22.jpeg\" data-dt-img-description=\"\" data-large_image_width=\"1006\" data-large_image_height=\"1600\"><img loading=\"lazy\" decoding=\"async\" class=\" wp-image-94199 alignleft\" src=\"http:\/\/www.radiopiu.net\/wordpress\/wp-content\/uploads\/2019\/08\/WhatsApp-Image-2019-08-04-at-09.52.22-189x300.jpeg\" alt=\"\" width=\"156\" height=\"248\" srcset=\"https:\/\/www.radiopiu.net\/wordpress\/wp-content\/uploads\/2019\/08\/WhatsApp-Image-2019-08-04-at-09.52.22-189x300.jpeg 189w, https:\/\/www.radiopiu.net\/wordpress\/wp-content\/uploads\/2019\/08\/WhatsApp-Image-2019-08-04-at-09.52.22-768x1221.jpeg 768w, https:\/\/www.radiopiu.net\/wordpress\/wp-content\/uploads\/2019\/08\/WhatsApp-Image-2019-08-04-at-09.52.22-644x1024.jpeg 644w, https:\/\/www.radiopiu.net\/wordpress\/wp-content\/uploads\/2019\/08\/WhatsApp-Image-2019-08-04-at-09.52.22.jpeg 1006w\" sizes=\"auto, (max-width: 156px) 100vw, 156px\" \/><\/a><strong>LA VALLE<\/strong> Lo Sci Club La Valle Agordina nasce nel 1948 su idea di Romeo Da Roit. Grazie al primo sponsor, il fornaio del posto, vengono acquistate in blocco una trentina di bellissime tute di lana di un vivace colore rosso. Per una decina di anni i fondisti del neonato Sci Club vincono tutto quello che c\u2019era da vincere, con Romeo e Ovidio, su tutte le distanze, in tutte le condizioni, in qualsiasi luogo. Sono forti, tecnicamente ineccepibili, pieni di entusiasmo, invincibili!! Si guadagnano cos\u00ec il soprannome di \u201cDiavoli rossi\u201d sono i dominatori assoluti dei binari di ghiaccio agordini. Fino a quando, un giorno, a Forcella Aurine, durante una gara di quelle importanti, quelle con un pubblico straripante innamorato di uno sport entusiasmante, nuovo, giovane, come lo sci di fondo, i due capitani dello squadrone lavallese si accorgono che nella competizione riservata agli juniores \u00e8 successo qualcosa di importante: un giovane fondista di Laste ha dominato la gara, ha fatto il vuoto, con forza e una classe cristallina \u00e8 riuscito a fermare il cronometro con il miglior tempo assoluto. Davanti a tutti. Anche a loro. Ovidio parla subito con giudici di gara e con gli organizzatori, di comune accordo decidono di premiare, in deroga al regolamento, il campioncino come vincitore assoluto, il suo nome non sar\u00e0 mai pi\u00f9 dimenticato; Marcello De Dorigo. Da l\u00ec in poi inizier\u00e0 per lui una carriera splendida coronata dalla stima, l\u2019ammirazione e l\u2019indiscusso talento che gli concedono anche tutti gli atleti scandinavi. Ogni anno il 5 agosto Ovidio viene ricordato al Giro dele Burele, gara di corsa da lui voluta e inventata 39 anni fa. Presidente storico dello Sci Club La Valle ha anche il merito di aver avvicinato allo sport intere generazioni di agordini, insegnando e trasmettendo i valori pi\u00f9 importanti che lo sport ci dona: rispetto, amicizia, lealt\u00e0.<\/p>\n<p>LA SAGRA OGGI<\/p>\n<audio class=\"wp-audio-shortcode\" id=\"audio-94322-1\" preload=\"none\" style=\"width: 100%;\" controls=\"controls\"><source type=\"audio\/mpeg\" src=\"http:\/\/www.radiopiu.net\/wordpress\/wp-content\/uploads\/2019\/08\/SAGRA-LA-VALLE.mp3?_=1\" \/><a href=\"http:\/\/www.radiopiu.net\/wordpress\/wp-content\/uploads\/2019\/08\/SAGRA-LA-VALLE.mp3\">http:\/\/www.radiopiu.net\/wordpress\/wp-content\/uploads\/2019\/08\/SAGRA-LA-VALLE.mp3<\/a><\/audio>\n<p>&nbsp;<\/p>\n","protected":false},"excerpt":{"rendered":"<p>con il contributo di William Da Roit\u00a0 La leggenda dei Diavoli rossi. LA VALLE Lo Sci Club La Valle Agordina nasce nel 1948 su idea di Romeo Da Roit. Grazie al primo sponsor, il fornaio del posto, vengono acquistate in blocco una trentina di bellissime tute di lana di un vivace colore rosso. Per una&hellip;<\/p>\n","protected":false},"author":1,"featured_media":94199,"comment_status":"closed","ping_status":"closed","sticky":false,"template":"","format":"standard","meta":{"_monsterinsights_skip_tracking":false,"_monsterinsights_sitenote_active":false,"_monsterinsights_sitenote_note":"","_monsterinsights_sitenote_category":0,"footnotes":""},"categories":[49],"tags":[],"class_list":["post-94322","post","type-post","status-publish","format-standard","has-post-thumbnail","hentry","category-news-18","category-49","description-off"],"img_url":"https:\/\/www.radiopiu.net\/wordpress\/wp-content\/uploads\/2019\/08\/WhatsApp-Image-2019-08-04-at-09.52.22.jpeg","_links":{"self":[{"href":"https:\/\/www.radiopiu.net\/wordpress\/wp-json\/wp\/v2\/posts\/94322","targetHints":{"allow":["GET"]}}],"collection":[{"href":"https:\/\/www.radiopiu.net\/wordpress\/wp-json\/wp\/v2\/posts"}],"about":[{"href":"https:\/\/www.radiopiu.net\/wordpress\/wp-json\/wp\/v2\/types\/post"}],"author":[{"embeddable":true,"href":"https:\/\/www.radiopiu.net\/wordpress\/wp-json\/wp\/v2\/users\/1"}],"replies":[{"embeddable":true,"href":"https:\/\/www.radiopiu.net\/wordpress\/wp-json\/wp\/v2\/comments?post=94322"}],"version-history":[{"count":0,"href":"https:\/\/www.radiopiu.net\/wordpress\/wp-json\/wp\/v2\/posts\/94322\/revisions"}],"wp:featuredmedia":[{"embeddable":true,"href":"https:\/\/www.radiopiu.net\/wordpress\/wp-json\/wp\/v2\/media\/94199"}],"wp:attachment":[{"href":"https:\/\/www.radiopiu.net\/wordpress\/wp-json\/wp\/v2\/media?parent=94322"}],"wp:term":[{"taxonomy":"category","embeddable":true,"href":"https:\/\/www.radiopiu.net\/wordpress\/wp-json\/wp\/v2\/categories?post=94322"},{"taxonomy":"post_tag","embeddable":true,"href":"https:\/\/www.radiopiu.net\/wordpress\/wp-json\/wp\/v2\/tags?post=94322"}],"curies":[{"name":"wp","href":"https:\/\/api.w.org\/{rel}","templated":true}]}}