{"id":94457,"date":"2019-08-07T05:00:00","date_gmt":"2019-08-07T03:00:00","guid":{"rendered":"http:\/\/www.radiopiu.net\/wordpress\/?p=94457"},"modified":"2019-08-07T11:13:47","modified_gmt":"2019-08-07T09:13:47","slug":"giornale-radiopiu-07-agosto-2019-direttore-mirko-mezzacasa-2","status":"publish","type":"post","link":"https:\/\/www.radiopiu.net\/wordpress\/giornale-radiopiu-07-agosto-2019-direttore-mirko-mezzacasa-2\/","title":{"rendered":"GIORNALE RADIOPIU 07 AGOSTO 2019 DIRETTORE MIRKO MEZZACASA"},"content":{"rendered":"<p><strong>Richard Alexandre Santos Laurentis non ce l&#8217;ha fatta<\/strong>, il giovane brasiliano dopo una lunga agonia \u00e8 morto all&#8217;ospedale C\u00e0 Foncello di Treviso. Troppo gravi le ferite riportate nello scontro frontale tra la sua auto una Toyota Yaris\u00a0 che aveva invaso l&#8217;altra corsia\u00a0 ed il Tir proveniente dalla direzione opposta, Il giovane brasiliano da quell&#8217;attimo non ha mai pi\u00f9 ripreso conoscenza, era\u00a0 il 23 luglio alle 6.30 del mattino ad Andreane vicino a Ponte nelle Alpi, Richard Alexandre stava ritornando a casa dopo il turno di lavoro alla Veneta alimenti innovativi di Pieve d&#8217;Alpago,<\/p>\n<p>Esplosione, agordina sfiorata da un chiodo, titola il <strong>Corriere delle Alpi:<\/strong> \u00c8 andata bene a una ragazzina di Cencenighe che dormiva in un appartamento\u00a0 nel condominio Patrick, in via del Sagittario: dalla porta d&#8217;ingresso dell&#8217;appartamento, infatti, si \u00e8 staccato un chiodo che si \u00e8 conficcato con violenza nel letto dove stava dormendo,\u00a0 in seguito ad un&#8217;esplosione alle 3.40 del mattino che ha sventrato un complesso residenziale a due piani, tre ragazzini travolti dai detriti sono stati portati in ospedale lievemente feriti. Venti gli sfollati<\/p>\n<p>&nbsp;<\/p>\n<blockquote><p><em>Gestione Servizi Pubblici informa che In TUTTO il Comune di GOSALDO tranne nelle localit\u00e0 CREPOT, DELUBI, LAGON, LAVEDER, PONGAN, RENON, SABE, VASSERE, l&#8217;acqua erogata dall&#8217;acquedotto non \u00e8 potabile e pu\u00f2 essere usata per scopi alimentari SOLO PREVIA bollitura<\/em><\/p><\/blockquote>\n<p>&nbsp;<\/p>\n<p>&nbsp;<\/p>\n<h2>IERI SERA, LA TERRA HA TREMATO AI CONFINI CON LA PROVINCIA<\/h2>\n<p><strong>SUSEGANA<\/strong> Leggera scossa di terremoto ieri sera poco prima delle nove a Susegana in provincia di Treviso<\/p>\n<p><a class=\"dt-pswp-item\" href=\"http:\/\/www.radiopiu.net\/wordpress\/wp-content\/uploads\/2019\/08\/WhatsApp-Image-2019-08-06-at-22.31.12.jpeg\" data-dt-img-description=\"\" data-large_image_width=\"720\" data-large_image_height=\"500\"><img loading=\"lazy\" decoding=\"async\" class=\"alignnone size-medium wp-image-94600\" src=\"http:\/\/www.radiopiu.net\/wordpress\/wp-content\/uploads\/2019\/08\/WhatsApp-Image-2019-08-06-at-22.31.12-300x208.jpeg\" alt=\"\" width=\"300\" height=\"208\" srcset=\"https:\/\/www.radiopiu.net\/wordpress\/wp-content\/uploads\/2019\/08\/WhatsApp-Image-2019-08-06-at-22.31.12-300x208.jpeg 300w, https:\/\/www.radiopiu.net\/wordpress\/wp-content\/uploads\/2019\/08\/WhatsApp-Image-2019-08-06-at-22.31.12.jpeg 720w\" sizes=\"auto, (max-width: 300px) 100vw, 300px\" \/><\/a><\/p>\n<h2><\/h2>\n<h2><\/h2>\n<p>&nbsp;<\/p>\n<blockquote><p>&nbsp;<\/p><\/blockquote>\n<h2>METEO.\u00a0 STATO DI ATTENZIONE PER FORTI TEMPORALI IN TUTTO IL VENETO<\/h2>\n<p><strong>VENEZIA\u00a0<\/strong> Il Centro funzionale decentrato della Protezione Civile del Veneto, visti i fenomeni meteorologici previsti, ha emesso un nuovo avviso di criticit\u00e0 idrogeologica per l\u2019intero territorio regionale. La criticit\u00e0 \u00e8 riferita alla possibilit\u00e0 di forti temporali e le prescrizioni sono valide fino alle 8\u00a0 di domani\u00a0 Le previsioni meteo dell\u2019Arpav indicano tempo a tratti instabile con rovesci e temporali, pi\u00f9 probabili sulle zone montane e pedemontane e pi\u00f9 frequenti oggi. Saranno possibili fenomeni localmente intensi (forti rovesci, forti raffiche di vento, grandinate) anche su alcune zone della pianura specie centro settentrionale.<\/p>\n<p>&nbsp;<\/p>\n<p>&nbsp;<\/p>\n<p>&nbsp;<\/p>\n<h2>LA FOTO DEL GIORNO<\/h2>\n<p><strong>La chiesa di San Simon di Vallada.<\/strong> Una copia di questa chiesetta \u00e8 stata costruita sulla collina del Morro do Boa Vista (Brasile) dai discendenti degli emigranti della Val del Biois. Anche sulla sua &#8220;pila de le legne&#8221;, un abitante di Vallada ha pazientemente riprodotto questa chiesetta cara ai Valladesi ed anche ai valligiani.<\/p>\n<h2><a class=\"dt-pswp-item\" href=\"http:\/\/www.radiopiu.net\/wordpress\/wp-content\/uploads\/2019\/08\/17103251_1293732190664289_6130630828287252045_n.jpg\" data-dt-img-description=\"\" data-large_image_width=\"714\" data-large_image_height=\"960\"><img loading=\"lazy\" decoding=\"async\" class=\"wp-image-94467 aligncenter\" src=\"http:\/\/www.radiopiu.net\/wordpress\/wp-content\/uploads\/2019\/08\/17103251_1293732190664289_6130630828287252045_n-223x300.jpg\" alt=\"\" width=\"355\" height=\"477\" srcset=\"https:\/\/www.radiopiu.net\/wordpress\/wp-content\/uploads\/2019\/08\/17103251_1293732190664289_6130630828287252045_n-223x300.jpg 223w, https:\/\/www.radiopiu.net\/wordpress\/wp-content\/uploads\/2019\/08\/17103251_1293732190664289_6130630828287252045_n.jpg 714w\" sizes=\"auto, (max-width: 355px) 100vw, 355px\" \/><\/a><\/h2>\n<h2><\/h2>\n<p>&nbsp;<\/p>\n<p>&nbsp;<\/p>\n<p>&nbsp;<\/p>\n<blockquote class=\"wp-embedded-content\" data-secret=\"S7ViWVy7ma\"><p><a href=\"https:\/\/www.radiopiu.net\/wordpress\/chiusura-del-ponte-di-santa-caterina-piano-di-gestione-del-traffico\/\">\u201cCHIUSURA DEL PONTE DI SANTA CATERINA &#8211; PIANO DI GESTIONE DEL TRAFFICO\u201d\u00a0<\/a><\/p><\/blockquote>\n<p><iframe loading=\"lazy\" title=\"&#8220;\u201cCHIUSURA DEL PONTE DI SANTA CATERINA &#8211; PIANO DI GESTIONE DEL TRAFFICO\u201d\u00a0&#8221; &#8212; Radio Pi\u00f9\" class=\"wp-embedded-content\" sandbox=\"allow-scripts\" security=\"restricted\" style=\"position: absolute; clip: rect(1px, 1px, 1px, 1px);\" src=\"https:\/\/www.radiopiu.net\/wordpress\/chiusura-del-ponte-di-santa-caterina-piano-di-gestione-del-traffico\/embed\/#?secret=S7ViWVy7ma\" data-secret=\"S7ViWVy7ma\" width=\"600\" height=\"338\" frameborder=\"0\" marginwidth=\"0\" marginheight=\"0\" scrolling=\"no\"><\/iframe><\/p>\n<p>&nbsp;<\/p>\n<p>&nbsp;<\/p>\n<p>&nbsp;<\/p>\n<p>&nbsp;<\/p>\n<p>&nbsp;<\/p>\n<h2><span style=\"color: #ff0000;\">DALLE 15 ALLE 19.30 DI IERI: STRADA OSTAGGIO DEL FANGO<\/span><\/h2>\n<h2><a class=\"dt-pswp-item\" href=\"http:\/\/www.radiopiu.net\/wordpress\/wp-content\/uploads\/2019\/08\/67643561_10218259394388567_2078628815369666560_n-1.jpg\" data-dt-img-description=\"\" data-large_image_width=\"960\" data-large_image_height=\"720\"><img loading=\"lazy\" decoding=\"async\" class=\" wp-image-94529 alignleft\" src=\"http:\/\/www.radiopiu.net\/wordpress\/wp-content\/uploads\/2019\/08\/67643561_10218259394388567_2078628815369666560_n-1-300x225.jpg\" alt=\"\" width=\"181\" height=\"136\" srcset=\"https:\/\/www.radiopiu.net\/wordpress\/wp-content\/uploads\/2019\/08\/67643561_10218259394388567_2078628815369666560_n-1-300x225.jpg 300w, https:\/\/www.radiopiu.net\/wordpress\/wp-content\/uploads\/2019\/08\/67643561_10218259394388567_2078628815369666560_n-1-768x576.jpg 768w, https:\/\/www.radiopiu.net\/wordpress\/wp-content\/uploads\/2019\/08\/67643561_10218259394388567_2078628815369666560_n-1.jpg 960w\" sizes=\"auto, (max-width: 181px) 100vw, 181px\" \/><\/a>51 DI ALEMAGNA LA STRADA DEI MONDIALI 2021 E DELLE OLIMPIADI 2026 IERI DI NUOVO NEL FANGO PER 4 ORE<\/h2>\n<p>&nbsp;<\/p>\n<p><strong>CORTINA<\/strong> La foto dice tutto, ennesimo nubifragio e immancabile colata detritica, immediato l&#8217;intervento critico del deputato Dario Bond<\/p>\n<audio class=\"wp-audio-shortcode\" id=\"audio-94457-1\" preload=\"none\" style=\"width: 100%;\" controls=\"controls\"><source type=\"audio\/mpeg\" src=\"http:\/\/www.radiopiu.net\/wordpress\/wp-content\/uploads\/2019\/08\/BOND.mp3?_=1\" \/><a href=\"http:\/\/www.radiopiu.net\/wordpress\/wp-content\/uploads\/2019\/08\/BOND.mp3\">http:\/\/www.radiopiu.net\/wordpress\/wp-content\/uploads\/2019\/08\/BOND.mp3<\/a><\/audio>\n<p>&nbsp;<\/p>\n<p>&nbsp;<\/p>\n<p>&nbsp;<\/p>\n<h3><span style=\"color: #0000ff;\">NUBIFRAGIO A META&#8217; POMERIGGIO<\/span><\/h3>\n<blockquote><p><strong><a class=\"dt-pswp-item\" href=\"http:\/\/www.radiopiu.net\/wordpress\/wp-content\/uploads\/2019\/08\/e3960353-0c9f-44a4-9e50-dc7203737ed3.jpg\" data-dt-img-description=\"\" data-large_image_width=\"1600\" data-large_image_height=\"1200\"><img loading=\"lazy\" decoding=\"async\" class=\"wp-image-94572 alignleft\" src=\"http:\/\/www.radiopiu.net\/wordpress\/wp-content\/uploads\/2019\/08\/e3960353-0c9f-44a4-9e50-dc7203737ed3-300x225.jpg\" alt=\"\" width=\"192\" height=\"144\" srcset=\"https:\/\/www.radiopiu.net\/wordpress\/wp-content\/uploads\/2019\/08\/e3960353-0c9f-44a4-9e50-dc7203737ed3-300x225.jpg 300w, https:\/\/www.radiopiu.net\/wordpress\/wp-content\/uploads\/2019\/08\/e3960353-0c9f-44a4-9e50-dc7203737ed3-768x576.jpg 768w, https:\/\/www.radiopiu.net\/wordpress\/wp-content\/uploads\/2019\/08\/e3960353-0c9f-44a4-9e50-dc7203737ed3-1024x768.jpg 1024w, https:\/\/www.radiopiu.net\/wordpress\/wp-content\/uploads\/2019\/08\/e3960353-0c9f-44a4-9e50-dc7203737ed3.jpg 1600w\" sizes=\"auto, (max-width: 192px) 100vw, 192px\" \/><\/a><\/strong><\/p>\n<p>&nbsp;<\/p>\n<p><strong>IERI NELLA CONCA AGORDINA:\u00a0 A La Valle alle 15,30 sono caduti 32 mm di pioggia in 20 minuti, pari a circa 100 mm\/h. Per fortuna non \u00e8 durata molto. Ad Agordo contemporaneamente solo 13 mm circa, 21,1 ai Coi di Taibon<\/strong><\/p><\/blockquote>\n<p>&nbsp;<\/p>\n<p>&nbsp;<\/p>\n<p>&nbsp;<\/p>\n<p>&nbsp;<\/p>\n<h2>GRANDINATA A CANALE D&#8217;AGORDO, SASSI E FANGO SULLA STRADA<\/h2>\n<p><span style=\"color: #ff0000;\"><strong>DI GIANNI SANTOMASO<\/strong><\/span><\/p>\n<audio class=\"wp-audio-shortcode\" id=\"audio-94457-2\" preload=\"none\" style=\"width: 100%;\" controls=\"controls\"><source type=\"audio\/mpeg\" src=\"http:\/\/www.radiopiu.net\/wordpress\/wp-content\/uploads\/2019\/08\/GIANNI-CANALE.mp3?_=2\" \/><a href=\"http:\/\/www.radiopiu.net\/wordpress\/wp-content\/uploads\/2019\/08\/GIANNI-CANALE.mp3\">http:\/\/www.radiopiu.net\/wordpress\/wp-content\/uploads\/2019\/08\/GIANNI-CANALE.mp3<\/a><\/audio>\n<p>&nbsp;<\/p>\n<p><a class=\"dt-pswp-item\" href=\"http:\/\/www.radiopiu.net\/wordpress\/wp-content\/uploads\/2019\/08\/WhatsApp-Image-2019-08-06-at-18.16.16-1.jpeg\" data-dt-img-description=\"\" data-large_image_width=\"1600\" data-large_image_height=\"1200\"><img loading=\"lazy\" decoding=\"async\" class=\"alignnone size-medium wp-image-94545\" src=\"http:\/\/www.radiopiu.net\/wordpress\/wp-content\/uploads\/2019\/08\/WhatsApp-Image-2019-08-06-at-18.16.16-1-300x225.jpeg\" alt=\"\" width=\"300\" height=\"225\" srcset=\"https:\/\/www.radiopiu.net\/wordpress\/wp-content\/uploads\/2019\/08\/WhatsApp-Image-2019-08-06-at-18.16.16-1-300x225.jpeg 300w, https:\/\/www.radiopiu.net\/wordpress\/wp-content\/uploads\/2019\/08\/WhatsApp-Image-2019-08-06-at-18.16.16-1-768x576.jpeg 768w, https:\/\/www.radiopiu.net\/wordpress\/wp-content\/uploads\/2019\/08\/WhatsApp-Image-2019-08-06-at-18.16.16-1-1024x768.jpeg 1024w, https:\/\/www.radiopiu.net\/wordpress\/wp-content\/uploads\/2019\/08\/WhatsApp-Image-2019-08-06-at-18.16.16-1.jpeg 1600w\" sizes=\"auto, (max-width: 300px) 100vw, 300px\" \/><\/a><a class=\"dt-pswp-item\" href=\"http:\/\/www.radiopiu.net\/wordpress\/wp-content\/uploads\/2019\/08\/WhatsApp-Image-2019-08-06-at-18.16.16.jpeg\" data-dt-img-description=\"\" data-large_image_width=\"1600\" data-large_image_height=\"1200\"><img loading=\"lazy\" decoding=\"async\" class=\"alignnone size-medium wp-image-94546\" src=\"http:\/\/www.radiopiu.net\/wordpress\/wp-content\/uploads\/2019\/08\/WhatsApp-Image-2019-08-06-at-18.16.16-300x225.jpeg\" alt=\"\" width=\"300\" height=\"225\" srcset=\"https:\/\/www.radiopiu.net\/wordpress\/wp-content\/uploads\/2019\/08\/WhatsApp-Image-2019-08-06-at-18.16.16-300x225.jpeg 300w, https:\/\/www.radiopiu.net\/wordpress\/wp-content\/uploads\/2019\/08\/WhatsApp-Image-2019-08-06-at-18.16.16-768x576.jpeg 768w, https:\/\/www.radiopiu.net\/wordpress\/wp-content\/uploads\/2019\/08\/WhatsApp-Image-2019-08-06-at-18.16.16-1024x768.jpeg 1024w, https:\/\/www.radiopiu.net\/wordpress\/wp-content\/uploads\/2019\/08\/WhatsApp-Image-2019-08-06-at-18.16.16.jpeg 1600w\" sizes=\"auto, (max-width: 300px) 100vw, 300px\" \/><\/a><\/p>\n<div style=\"width: 640px;\" class=\"wp-video\"><video class=\"wp-video-shortcode\" id=\"video-94457-1\" width=\"640\" height=\"352\" preload=\"metadata\" controls=\"controls\"><source type=\"video\/mp4\" src=\"http:\/\/www.radiopiu.net\/wordpress\/wp-content\/uploads\/2019\/08\/WhatsApp-Video-2019-08-06-at-18.16.17.mp4?_=1\" \/><a href=\"http:\/\/www.radiopiu.net\/wordpress\/wp-content\/uploads\/2019\/08\/WhatsApp-Video-2019-08-06-at-18.16.17.mp4\">http:\/\/www.radiopiu.net\/wordpress\/wp-content\/uploads\/2019\/08\/WhatsApp-Video-2019-08-06-at-18.16.17.mp4<\/a><\/video><\/div>\n<p><a class=\"dt-pswp-item\" href=\"http:\/\/www.radiopiu.net\/wordpress\/wp-content\/uploads\/2019\/08\/67666291_10220419808312115_3194134437499502592_o.jpg\" data-dt-img-description=\"\" data-large_image_width=\"1328\" data-large_image_height=\"747\"><img loading=\"lazy\" decoding=\"async\" class=\"alignnone size-medium wp-image-94547\" src=\"http:\/\/www.radiopiu.net\/wordpress\/wp-content\/uploads\/2019\/08\/67666291_10220419808312115_3194134437499502592_o-300x169.jpg\" alt=\"\" width=\"300\" height=\"169\" srcset=\"https:\/\/www.radiopiu.net\/wordpress\/wp-content\/uploads\/2019\/08\/67666291_10220419808312115_3194134437499502592_o-300x169.jpg 300w, https:\/\/www.radiopiu.net\/wordpress\/wp-content\/uploads\/2019\/08\/67666291_10220419808312115_3194134437499502592_o-768x432.jpg 768w, https:\/\/www.radiopiu.net\/wordpress\/wp-content\/uploads\/2019\/08\/67666291_10220419808312115_3194134437499502592_o-1024x576.jpg 1024w, https:\/\/www.radiopiu.net\/wordpress\/wp-content\/uploads\/2019\/08\/67666291_10220419808312115_3194134437499502592_o.jpg 1328w\" sizes=\"auto, (max-width: 300px) 100vw, 300px\" \/><\/a><a class=\"dt-pswp-item\" href=\"http:\/\/www.radiopiu.net\/wordpress\/wp-content\/uploads\/2019\/08\/67816218_10220419808472119_5326614381755105280_o.jpg\" data-dt-img-description=\"\" data-large_image_width=\"1328\" data-large_image_height=\"747\"><img loading=\"lazy\" decoding=\"async\" class=\"alignnone size-medium wp-image-94548\" src=\"http:\/\/www.radiopiu.net\/wordpress\/wp-content\/uploads\/2019\/08\/67816218_10220419808472119_5326614381755105280_o-300x169.jpg\" alt=\"\" width=\"300\" height=\"169\" srcset=\"https:\/\/www.radiopiu.net\/wordpress\/wp-content\/uploads\/2019\/08\/67816218_10220419808472119_5326614381755105280_o-300x169.jpg 300w, https:\/\/www.radiopiu.net\/wordpress\/wp-content\/uploads\/2019\/08\/67816218_10220419808472119_5326614381755105280_o-768x432.jpg 768w, https:\/\/www.radiopiu.net\/wordpress\/wp-content\/uploads\/2019\/08\/67816218_10220419808472119_5326614381755105280_o-1024x576.jpg 1024w, https:\/\/www.radiopiu.net\/wordpress\/wp-content\/uploads\/2019\/08\/67816218_10220419808472119_5326614381755105280_o.jpg 1328w\" sizes=\"auto, (max-width: 300px) 100vw, 300px\" \/><\/a><a class=\"dt-pswp-item\" href=\"http:\/\/www.radiopiu.net\/wordpress\/wp-content\/uploads\/2019\/08\/68272448_10220419809352141_9012118564252942336_o.jpg\" data-dt-img-description=\"\" data-large_image_width=\"1328\" data-large_image_height=\"747\"><img loading=\"lazy\" decoding=\"async\" class=\"alignnone size-medium wp-image-94549\" src=\"http:\/\/www.radiopiu.net\/wordpress\/wp-content\/uploads\/2019\/08\/68272448_10220419809352141_9012118564252942336_o-300x169.jpg\" alt=\"\" width=\"300\" height=\"169\" srcset=\"https:\/\/www.radiopiu.net\/wordpress\/wp-content\/uploads\/2019\/08\/68272448_10220419809352141_9012118564252942336_o-300x169.jpg 300w, https:\/\/www.radiopiu.net\/wordpress\/wp-content\/uploads\/2019\/08\/68272448_10220419809352141_9012118564252942336_o-768x432.jpg 768w, https:\/\/www.radiopiu.net\/wordpress\/wp-content\/uploads\/2019\/08\/68272448_10220419809352141_9012118564252942336_o-1024x576.jpg 1024w, https:\/\/www.radiopiu.net\/wordpress\/wp-content\/uploads\/2019\/08\/68272448_10220419809352141_9012118564252942336_o.jpg 1328w\" sizes=\"auto, (max-width: 300px) 100vw, 300px\" \/><\/a><a class=\"dt-pswp-item\" href=\"http:\/\/www.radiopiu.net\/wordpress\/wp-content\/uploads\/2019\/08\/67605680_10220419808592122_9210745030573031424_o.jpg\" data-dt-img-description=\"\" data-large_image_width=\"1328\" data-large_image_height=\"747\"><img loading=\"lazy\" decoding=\"async\" class=\"alignnone size-medium wp-image-94550\" src=\"http:\/\/www.radiopiu.net\/wordpress\/wp-content\/uploads\/2019\/08\/67605680_10220419808592122_9210745030573031424_o-300x169.jpg\" alt=\"\" width=\"300\" height=\"169\" srcset=\"https:\/\/www.radiopiu.net\/wordpress\/wp-content\/uploads\/2019\/08\/67605680_10220419808592122_9210745030573031424_o-300x169.jpg 300w, https:\/\/www.radiopiu.net\/wordpress\/wp-content\/uploads\/2019\/08\/67605680_10220419808592122_9210745030573031424_o-768x432.jpg 768w, https:\/\/www.radiopiu.net\/wordpress\/wp-content\/uploads\/2019\/08\/67605680_10220419808592122_9210745030573031424_o-1024x576.jpg 1024w, https:\/\/www.radiopiu.net\/wordpress\/wp-content\/uploads\/2019\/08\/67605680_10220419808592122_9210745030573031424_o.jpg 1328w\" sizes=\"auto, (max-width: 300px) 100vw, 300px\" \/><\/a><\/p>\n<p>&nbsp;<\/p>\n<p>&nbsp;<\/p>\n<p>&nbsp;<\/p>\n<p>&nbsp;<\/p>\n<h2><span style=\"color: #ff0000;\">NON SOLO GRETA<\/span><\/h2>\n<h3><strong><a class=\"dt-pswp-item\" href=\"http:\/\/www.radiopiu.net\/wordpress\/wp-content\/uploads\/2019\/08\/download-2.jpg\" data-dt-img-description=\"\" data-large_image_width=\"286\" data-large_image_height=\"176\"><img loading=\"lazy\" decoding=\"async\" class=\" wp-image-94569 alignleft\" src=\"http:\/\/www.radiopiu.net\/wordpress\/wp-content\/uploads\/2019\/08\/download-2.jpg\" alt=\"\" width=\"167\" height=\"103\" \/><\/a>I TECNICI DI ARPAV CONFRONTANO I DATI ED ELABORANO CONSIDERAZIONI IMPORTANTI SUI CAMBIAMENTI CLIMATICI<\/strong><\/h3>\n<p><strong>DI DAMIANO TORMEN\u00a0<\/strong><\/p>\n<audio class=\"wp-audio-shortcode\" id=\"audio-94457-3\" preload=\"none\" style=\"width: 100%;\" controls=\"controls\"><source type=\"audio\/mpeg\" src=\"http:\/\/www.radiopiu.net\/wordpress\/wp-content\/uploads\/2019\/08\/DAMIANO-CAMBIAMENTO.mp3?_=3\" \/><a href=\"http:\/\/www.radiopiu.net\/wordpress\/wp-content\/uploads\/2019\/08\/DAMIANO-CAMBIAMENTO.mp3\">http:\/\/www.radiopiu.net\/wordpress\/wp-content\/uploads\/2019\/08\/DAMIANO-CAMBIAMENTO.mp3<\/a><\/audio>\n<p>&nbsp;<\/p>\n<p>&nbsp;<\/p>\n<p>&nbsp;<\/p>\n<p>&nbsp;<\/p>\n<h3 class=\"entry-title\">VOLAVA A BASSA QUOTA\u2026197 ALL\u2019ORA IN VALSUGANA. DA FEBBRAIO AD AGOSTO LA POLIZIA DECURTA PIU\u2019 DI 11MILA PUNTI PATENTE ELEVANDO 5200 CONTRAVVENZIONI<\/h3>\n<p>L&#8217;ATTIVITA&#8217; DELLA POLIZIA STRADALE_QUESTURA DI BELLUNO<\/p>\n<p><strong><a class=\"dt-pswp-item\" href=\"http:\/\/www.radiopiu.net\/wordpress\/wp-content\/uploads\/2018\/07\/image1.jpeg\" data-dt-img-description=\"\" data-large_image_width=\"259\" data-large_image_height=\"194\"><img loading=\"lazy\" decoding=\"async\" class=\"size-full wp-image-54495 alignleft\" src=\"http:\/\/www.radiopiu.net\/wordpress\/wp-content\/uploads\/2018\/07\/image1.jpeg\" alt=\"\" width=\"259\" height=\"194\" \/><\/a>BELLUNO<\/strong>\u00a0Complessivamente gli incidenti stradali rilevati dalla Polizia Stradale in provincia diminuiscono del 22%; in particolare passano da 61 a 33 gli incidenti con lesioni (- 45%) e da 87 a 49 le persone ferite (- 44%). Risultato ottenuto grazie anche probabilmente ad una pi\u00f9 efficace attivit\u00e0 di prevenzione, nonostante le lacune negli organici, da parte delle pattuglie di vigilanza stradale.\u00a0 La programmazione coordinata e sistematica di specifici servizi volti al contrasto degli eccessi di velocit\u00e0 lungo le principali strade di competenza, con postazioni mobili presegnalate e georeferenziate, ha portato in 4 mesi di attivit\u00e0 (dal 1 aprile al 31 luglio) alla contestazione di 1.960 violazioni ex art. 142 rispetto alle complessive numero 48 dell&#8217;intero anno 2018; circa il 12% riguarda veicoli d&#8217;immatricolazione estera. Gli eccessi di velocit\u00e0 accertati risultano essere stati realizzati dai conducenti di autovetture, di motoveicoli ma anche da conducenti professionali alla guida sia di mezzi pesanti sia di pullman. Il record dell&#8217;incoscienza va al conducente di un&#8217;autovettura di grossa cilindrata con targa italiana sorpreso a circolare lungo la Valsugana alla velocit\u00e0 di ben 197 km\/h rispetto al limite massimo imposto di 90 km\/h. La predisposizione di specifici e mirati dispositivi di controllo scegliendone, in modo ponderato, i relativi luoghi operativi ha evidenziato che anche nella provincia di Belluno molti ancora non sono soliti indossare le cinture di sicurezza e che tanti utilizzano il cellulare mentre guidano: 591 le violazioni inerenti il mancato utilizzo dei sistemi di ritenuta (+ 300%) e 291 le violazioni inerenti l&#8217;uso del telefonino durante la guida (+ 650%).<br \/>\nIl numero delle patenti ritirate sale da 96 a 154 (+ 60%) come anche quello delle carte di circolazione ritirate che da 36 aumenta a 48 (+ 33%) Anche l&#8217;attivit\u00e0 di contrasto al fenomeno della guida in stato di ebbrezza aumenta del 15%: 45 le patenti ritirate rispetto alle 39 dell&#8217;analogo periodo dell&#8217;anno scorso.\u00a0 Dato positivo \u00e8 che l&#8217;intervento, nella maggior parte dei casi, \u00e8 antecedente ad un eventuale incidente stradale. Monitorato inoltre dal personale pattugliante il settore dell&#8217;autotrasporto in generale ed in particolare, tra l&#8217;altro, il trasporto di legname. I controlli passano da 624 a 824 (+ 32%). Complessivamente le violazioni accertate dalla Polizia Stradale di Belluno, Feltre e Valle di Cadore dal 04.02.2019 al 04.08.2019 sono pari 5.200 (+ 290%) con una relativa decurtazione di 11.820 punti patente rispetto ai 4.207 punti patente decurtati nell&#8217;intero anno 2018. Le pattuglie impiegate sono state 1040.<\/p>\n<p>&nbsp;<\/p>\n<p>&nbsp;<\/p>\n<p><span style=\"color: #ff0000;\">ULTIM&#8217;ORA 11.00<\/span><\/p>\n<h2>UOMO SOCCORSO IERI SERA IN GRAVI CONDIZIONI<\/h2>\n<p><strong><a class=\"dt-pswp-item\" href=\"http:\/\/www.radiopiu.net\/wordpress\/wp-content\/uploads\/2015\/05\/1207856-soccorso_alpino.jpg\" data-dt-img-description=\"\" data-large_image_width=\"680\" data-large_image_height=\"380\"><img loading=\"lazy\" decoding=\"async\" class=\"size-medium wp-image-5043 alignleft\" src=\"http:\/\/www.radiopiu.net\/wordpress\/wp-content\/uploads\/2015\/05\/1207856-soccorso_alpino-300x168.jpg\" alt=\"\" width=\"300\" height=\"168\" \/><\/a>ARSIE<\/strong> Ieri attorno alle 19.30 \u00e8 scattato l&#8217;allarme per una persona caduta nella zona del Col di Baio, sopra il Lago del Corlo. L&#8217;elicottero del Suem di Pieve di Cadore ha fatto un primo tentativo di avvicinamento, costretto a rientare per il maltempo. \u00c8 quindi subentrata l&#8217;eliambulanza di Treviso emergenza che, dopo aver imbarcato un tecnico del Soccorso alpino di Feltre in supporto alle operazioni, \u00e8 stata guidata sul posto e ha sbarcato medico, tecnico di elisoccorso e soccorritore con un verricello di trenta metri, per poi tornare in base. Sul posto c&#8217;era gi\u00e0 un&#8217;ambulanza e l&#8217;infortunato, F.D.B., 77 anni, di Fonzaso (BL) era stato raggiunto dai due infermieri, con lui anche il figlio. Dalle informazioni sulla dinamica dell&#8217;incidente, scendendo nel bosco nel tratto tra due strade in cerca di funghi, l&#8217;uomo era scivolato per diverse decine di metri tra le piante, riportando un probabile grave politrauma e perdendo coscienza. Prestate le prime cure urgenti, i soccorritori lo hanno imbarellato e trasportato a mano per circa 200 metri fino alla sterrata dove era in attesa l&#8217;ambulanza. Accompagnato a Feltre, l&#8217;infortunato \u00e8 poi stato trasferito a Treviso<\/p>\n<p>&nbsp;<\/p>\n<p>&nbsp;<\/p>\n<p>&nbsp;<\/p>\n<h2>GRAVE INCIDENTE A CORTINA RUZZOLA PER UN CENTINAIO DI METRI TRA SALTI DI ROCCIA<\/h2>\n<p><strong><a class=\"dt-pswp-item\" href=\"http:\/\/www.radiopiu.net\/wordpress\/wp-content\/uploads\/2019\/07\/eli-3.jpeg\" data-dt-img-description=\"\" data-large_image_width=\"739\" data-large_image_height=\"1600\"><img loading=\"lazy\" decoding=\"async\" class=\" wp-image-93699 alignleft\" src=\"http:\/\/www.radiopiu.net\/wordpress\/wp-content\/uploads\/2019\/07\/eli-3-139x300.jpeg\" alt=\"\" width=\"64\" height=\"138\" srcset=\"https:\/\/www.radiopiu.net\/wordpress\/wp-content\/uploads\/2019\/07\/eli-3-139x300.jpeg 139w, https:\/\/www.radiopiu.net\/wordpress\/wp-content\/uploads\/2019\/07\/eli-3-473x1024.jpeg 473w, https:\/\/www.radiopiu.net\/wordpress\/wp-content\/uploads\/2019\/07\/eli-3.jpeg 739w\" sizes=\"auto, (max-width: 64px) 100vw, 64px\" \/><\/a>CORTINA\u00a0 \u00a0<\/strong>Ieri mattina attorno alle 10 l&#8217;elicottero del Suem di Pieve di Cadore \u00e8 decollato in direzione del Gruppo delle Tofane, dove un escursionista era caduto lungo il sentiero numero 421, che collega il Rifugio Dibona al Rifugio Pomedes e passa sotto la Ferrata Astaldi. L&#8217;uomo, S.T., 55 anni, di Vecchiano (PI), che si trovava con la moglie e i figli, perso l&#8217;equilibrio era ruzzolato per un centinaio di metri sul prato, cadendo poi da un salto di roccia di altri dieci e fermandosi su un terrazzino detritico. Raggiunto dall&#8217;equipe medica e dal tecnico del Soccorso alpino dell&#8217;elicottero del Suem di Pieve di Cadore, sbarcati con un verricello di venti metri, all&#8217;uomo sono state prestate le prime cure urgenti. L&#8217;infortunato \u00e8 stato poi imbarellato e recuperato sempre con una verricellata, per essere trasportato con un grave politrauma all&#8217;ospedale di Treviso<\/p>\n<p>&nbsp;<\/p>\n<p>&nbsp;<\/p>\n<p>&nbsp;<\/p>\n<h2>CRISI DI PANICO SUL GHIAIONE<\/h2>\n<p><a class=\"dt-pswp-item\" href=\"http:\/\/www.radiopiu.net\/wordpress\/wp-content\/uploads\/2019\/08\/IMG-20190806-WA0008.jpg\" data-dt-img-description=\"\" data-large_image_width=\"1200\" data-large_image_height=\"1600\"><img loading=\"lazy\" decoding=\"async\" class=\"wp-image-94534 alignleft\" src=\"http:\/\/www.radiopiu.net\/wordpress\/wp-content\/uploads\/2019\/08\/IMG-20190806-WA0008-225x300.jpg\" alt=\"\" width=\"161\" height=\"215\" srcset=\"https:\/\/www.radiopiu.net\/wordpress\/wp-content\/uploads\/2019\/08\/IMG-20190806-WA0008-225x300.jpg 225w, https:\/\/www.radiopiu.net\/wordpress\/wp-content\/uploads\/2019\/08\/IMG-20190806-WA0008-768x1024.jpg 768w, https:\/\/www.radiopiu.net\/wordpress\/wp-content\/uploads\/2019\/08\/IMG-20190806-WA0008.jpg 1200w\" sizes=\"auto, (max-width: 161px) 100vw, 161px\" \/><\/a><strong>CORTINA<\/strong> Poco prima delle 15 un&#8217;escursionista di Merate (LC), E.A., 25 anni, ha contattato il 118 poich\u00e9, impaurita, non era pi\u00f9 in grado di proseguire lungo il ghiaione che scende da Forcella Staunies. Partita con due amici per salire al Rifugio Lorenzi, la ragazza si era infatti fermata, dicendo che li avrebbe raggiunti in seguito, ma poi non era pi\u00f9 riuscita ad avanzare. L&#8217;elicottero del Suem di Pieve di Cadore ha tentato un primo avvicinamento, ostacolato dal temporale che lo ha costretto a rientrare in base. Mentre le squadre del Soccorso alpino e del Sagf di Cortina si preparavano a intervenire, il tempo \u00e8 migliorato e la giovane \u00e8 stata recuperata dall&#8217;eliambulanza con un verricello di 20 metri, per essere poi portata al Rifugio Son Forca e affidata ai soccorritori arrivati in fuoristrada.<\/p>\n<p><strong>CORTINA<\/strong>\u00a0 Ieri mattina alle 7.30 il Soccorso alpino di Cortina \u00e8 salito in fuoristrada al Rifugio Biella e ha caricato a bordo una turista tedesca di 29 anni, che si era sentita poco bene, per accompagnarla all&#8217;ospedale Codivilla per le verifiche del caso.<\/p>\n<p>&nbsp;<\/p>\n<p>&nbsp;<\/p>\n<p>&nbsp;<\/p>\n<h2>RUZZOLA NELLA SCARPATA E BATTE LA SCHIENA CONTRO UN ALBERO<\/h2>\n<p><strong><a class=\"dt-pswp-item\" href=\"http:\/\/www.radiopiu.net\/wordpress\/wp-content\/uploads\/2019\/08\/IMG-20190805-WA0009-1.jpg\" data-dt-img-description=\"\" data-large_image_width=\"1600\" data-large_image_height=\"1200\"><img loading=\"lazy\" decoding=\"async\" class=\" wp-image-94359 alignleft\" src=\"http:\/\/www.radiopiu.net\/wordpress\/wp-content\/uploads\/2019\/08\/IMG-20190805-WA0009-1-300x225.jpg\" alt=\"\" width=\"171\" height=\"128\" srcset=\"https:\/\/www.radiopiu.net\/wordpress\/wp-content\/uploads\/2019\/08\/IMG-20190805-WA0009-1-300x225.jpg 300w, https:\/\/www.radiopiu.net\/wordpress\/wp-content\/uploads\/2019\/08\/IMG-20190805-WA0009-1-768x576.jpg 768w, https:\/\/www.radiopiu.net\/wordpress\/wp-content\/uploads\/2019\/08\/IMG-20190805-WA0009-1-1024x768.jpg 1024w, https:\/\/www.radiopiu.net\/wordpress\/wp-content\/uploads\/2019\/08\/IMG-20190805-WA0009-1.jpg 1600w\" sizes=\"auto, (max-width: 171px) 100vw, 171px\" \/><\/a>ROCCA PIETORE\u00a0<\/strong> Attorno alle 11 di ieri mattina il Soccorso alpino della Val Pettorina \u00e8 intervenuto lungo un tratto dell&#8217;Alta Via numero 2, quello che dopo Malga Gran Pian si dirige verso Franzedas, a Rocca Pietore, dove un&#8217;escursionista, C.V., 56 anni, di Lugo (RA), che stava passeggiando con il marito, la sorella e il loro cane, era caduta, ruzzolando in una scarpata e sbattendo la schiena contro il tronco di un albero caduto. Dopo essere stata raggiunta da una squadra avvicinatasi in quad e poi a piedi, poich\u00e9 la donna manifestava problemi respiratori a causa del colpo, \u00e8 stata chiamata in supporto l&#8217;eliambulanza dell&#8217;Aiut Alpin Dolomites di Bolzano, che ha sbarcato con il verricello in mezzo al bosco medico e tecnico di elisoccorso. L&#8217;infortunata \u00e8 stata imbarellata e issata a bordo, per essere poi trasportata all&#8217;ospedale di Belluno.<\/p>\n<p>&nbsp;<\/p>\n<p>&nbsp;<\/p>\n<p>&nbsp;<\/p>\n<h2>LO CERCANO TRA I BOSCHI MA ERA SULLA SPIAGGIA DEL LAGO DEL MIS<\/h2>\n<p><strong><a class=\"dt-pswp-item\" href=\"http:\/\/www.radiopiu.net\/wordpress\/wp-content\/uploads\/2019\/07\/eli-5.jpeg\" data-dt-img-description=\"\" data-large_image_width=\"1200\" data-large_image_height=\"1600\"><img loading=\"lazy\" decoding=\"async\" class=\" wp-image-93696 alignleft\" src=\"http:\/\/www.radiopiu.net\/wordpress\/wp-content\/uploads\/2019\/07\/eli-5-225x300.jpeg\" alt=\"\" width=\"85\" height=\"113\" srcset=\"https:\/\/www.radiopiu.net\/wordpress\/wp-content\/uploads\/2019\/07\/eli-5-225x300.jpeg 225w, https:\/\/www.radiopiu.net\/wordpress\/wp-content\/uploads\/2019\/07\/eli-5-768x1024.jpeg 768w, https:\/\/www.radiopiu.net\/wordpress\/wp-content\/uploads\/2019\/07\/eli-5.jpeg 1200w\" sizes=\"auto, (max-width: 85px) 100vw, 85px\" \/><\/a>SOSPIROLO <\/strong>Ieri verso le 13 \u00e8 scattato l&#8217;allarme per un mancato rientro in Val Falcina, laterale della Valle del Mis, a Sospirolo. Partiti da Pian Falcina per il giro ad anello, tre escursionisti francesi dopo la prima salita si erano separati verso le 9.30 e uno di loro era rientrato da solo. Terminata la camminata i due amici erano tornati a valle, ma non avevano pi\u00f9 ritrovato il loro compagno, non contattabile al cellulare data l&#8217;assenza di copertura telefonica. Cinque tecnici del Soccorso alpino di Belluno si sono portati sul posto e si sono fatti accompagnare nel punto dove l&#8217;uomo, un trentunenne, era stato visto l&#8217;ultima volta, per avviare la ricerca, mentre partiva anche il Centro mobile di coordinamento. Fortunatamente alle 14.20 circa il turista \u00e8 stato rintracciato sulla spiaggia del lago e l&#8217;allarme \u00e8 cessato.<\/p>\n<p>&nbsp;<\/p>\n<p>&nbsp;<\/p>\n<h2><a class=\"dt-pswp-item\" href=\"http:\/\/www.radiopiu.net\/wordpress\/wp-content\/uploads\/2019\/08\/68440766_2354956654589333_2340955444895285248_n.jpg\" data-dt-img-description=\"\" data-large_image_width=\"960\" data-large_image_height=\"829\"><img loading=\"lazy\" decoding=\"async\" class=\"wp-image-94614 alignleft\" src=\"http:\/\/www.radiopiu.net\/wordpress\/wp-content\/uploads\/2019\/08\/68440766_2354956654589333_2340955444895285248_n-300x259.jpg\" alt=\"\" width=\"228\" height=\"197\" srcset=\"https:\/\/www.radiopiu.net\/wordpress\/wp-content\/uploads\/2019\/08\/68440766_2354956654589333_2340955444895285248_n-300x259.jpg 300w, https:\/\/www.radiopiu.net\/wordpress\/wp-content\/uploads\/2019\/08\/68440766_2354956654589333_2340955444895285248_n-768x663.jpg 768w, https:\/\/www.radiopiu.net\/wordpress\/wp-content\/uploads\/2019\/08\/68440766_2354956654589333_2340955444895285248_n.jpg 960w\" sizes=\"auto, (max-width: 228px) 100vw, 228px\" \/><\/a>VOLTAGO PIANGE RINO UNA &#8220;PACCHERA&#8221; NEL SUO LAVORO E PER GLI ALTRI<\/h2>\n<p><strong>VOLTAGO<\/strong> Rino Da Ronch ci ha lasciati ieri all&#8217;ospedale di Agordo dove era ricoverato da qualche settimana. Lavoratore instancabile, sempre vicino al mondo del volontariato, amico di tutti e conosciuto in tutta la Conca Agordina. Lascia la moglie Irene e tre figlie Antonella, Michela e Paola.<\/p>\n<p>&nbsp;<\/p>\n<p>&nbsp;<\/p>\n<p>&nbsp;<\/p>\n<p>&nbsp;<\/p>\n<p>&nbsp;<\/p>\n<p>&nbsp;<\/p>\n<p>&nbsp;<\/p>\n<p>&nbsp;<\/p>\n<h2><a class=\"dt-pswp-item\" href=\"http:\/\/www.radiopiu.net\/wordpress\/wp-content\/uploads\/2019\/08\/download-1.jpg\" data-dt-img-description=\"\" data-large_image_width=\"275\" data-large_image_height=\"183\"><img loading=\"lazy\" decoding=\"async\" class=\" wp-image-94568 alignleft\" src=\"http:\/\/www.radiopiu.net\/wordpress\/wp-content\/uploads\/2019\/08\/download-1.jpg\" alt=\"\" width=\"203\" height=\"135\" \/><\/a><\/h2>\n<h3>BANDO PER LA PISCINA DI AGORDO &#8220;Abbiamo seguito la normativa regionale, non vedo perch\u00e9 tornare indietro&#8221;, lo dice il presidente dell&#8217;Unione Montana Agordina Fabio Luchetta<\/h3>\n<p>&nbsp;<\/p>\n<p><strong>DI GIANNI SANTOMASO<\/strong><\/p>\n<audio class=\"wp-audio-shortcode\" id=\"audio-94457-4\" preload=\"none\" style=\"width: 100%;\" controls=\"controls\"><source type=\"audio\/mpeg\" src=\"http:\/\/www.radiopiu.net\/wordpress\/wp-content\/uploads\/2019\/08\/GIANNI-PISCINA.mp3?_=4\" \/><a href=\"http:\/\/www.radiopiu.net\/wordpress\/wp-content\/uploads\/2019\/08\/GIANNI-PISCINA.mp3\">http:\/\/www.radiopiu.net\/wordpress\/wp-content\/uploads\/2019\/08\/GIANNI-PISCINA.mp3<\/a><\/audio>\n<p>&nbsp;<\/p>\n<p>&nbsp;<\/p>\n<p>&nbsp;<\/p>\n<p>&nbsp;<\/p>\n<div class=\"page-title-head hgroup\">\n<h3 class=\"entry-title\">CHIUDE LUXOTTICA E DOLOMITIBUS CAMBIA GLI ORARI, UTENTI APPIEDATI<\/h3>\n<\/div>\n<div class=\"page-title-breadcrumbs\"><\/div>\n<p><strong><a class=\"dt-pswp-item\" href=\"http:\/\/www.radiopiu.net\/wordpress\/wp-content\/uploads\/2019\/08\/WhatsApp-Image-2019-08-03-at-09.47.56.jpeg\" data-dt-img-description=\"\" data-large_image_width=\"1200\" data-large_image_height=\"1600\"><img loading=\"lazy\" decoding=\"async\" class=\" wp-image-94371 alignleft\" src=\"http:\/\/www.radiopiu.net\/wordpress\/wp-content\/uploads\/2019\/08\/WhatsApp-Image-2019-08-03-at-09.47.56-225x300.jpeg\" alt=\"\" width=\"134\" height=\"179\" srcset=\"https:\/\/www.radiopiu.net\/wordpress\/wp-content\/uploads\/2019\/08\/WhatsApp-Image-2019-08-03-at-09.47.56-225x300.jpeg 225w, https:\/\/www.radiopiu.net\/wordpress\/wp-content\/uploads\/2019\/08\/WhatsApp-Image-2019-08-03-at-09.47.56-768x1024.jpeg 768w, https:\/\/www.radiopiu.net\/wordpress\/wp-content\/uploads\/2019\/08\/WhatsApp-Image-2019-08-03-at-09.47.56.jpeg 1200w\" sizes=\"auto, (max-width: 134px) 100vw, 134px\" \/><\/a>AGORDO<\/strong>\u00a0 \u00a0Dolomiti Bus ha soppresso la corsa delle 14.02 da Agordo a Gosaldo, lasciando a piedi alcuni utenti che utilizzano i mezzi di questa fascia oraria per rientrare a casa, non importa se tra loro ci fossero anche persone nel disagio impegnate ad Agordo magari in importanti progetti di recupero. La corsa \u00e8 soppressa dal 5 al 24 agosto, e la prima\u00a0 successiva \u00e8 tre ore dopo alle\u00a0 17.12. Alcune persone gi\u00e0 il primo giorno sono rimaste appiedate poich\u00e9 non adeguatamente informate della variazione segnalata sul libretto e fogli orari della linea in oggetto e sul sito internet di Dolomitibus, molti per\u00f2 non hanno dimestichezza con la tecnologia o non dispongono di smartphone evoluti, era forse auspicabile almeno\u00a0 un comunicato presso le biglietterie e i mezzi di informazione che non servono solo a sbandierare i successi dell&#8217;azienda Dolomitibus quando presenta nuovi mezzi o partecipa ad eventi.<\/p>\n<blockquote><p><em><strong>AGORDO<\/strong> Trasporti part-time incentivato da Feltre e Belluno, le novit\u00e0 sono interessanti perche\u2019 da lunedi 26 agosto per i lavoratori con profilo 8-14 e 14-20 sar\u00e0 disponibile il servizio trasporto verso Agordo dalle due citt\u00e0 della Valbelluna. Per usufruire del servizio \u00e8 necessario acquistare il titolo di viaggio specifico. Ulteriori informazioni alla Dolomitibus<\/em><\/p><\/blockquote>\n<p>&nbsp;<\/p>\n<p>&nbsp;<\/p>\n<p>&nbsp;<\/p>\n<p>&nbsp;<\/p>\n<p>&nbsp;<\/p>\n<h2>DA VENERDI L&#8217;APPIA DI AGORDO E&#8217; SENZA TELEFONO<\/h2>\n<p><strong><a class=\"dt-pswp-item\" href=\"http:\/\/www.radiopiu.net\/wordpress\/wp-content\/uploads\/2016\/02\/Appia-1.png\" data-dt-img-description=\"\" data-large_image_width=\"180\" data-large_image_height=\"113\"><img loading=\"lazy\" decoding=\"async\" class=\"size-full wp-image-16570 alignleft\" src=\"http:\/\/www.radiopiu.net\/wordpress\/wp-content\/uploads\/2016\/02\/Appia-1.png\" alt=\"\" width=\"180\" height=\"113\" \/><\/a>AGORDO<\/strong> Alcuni edifici in una traversa di via 27 aprile dove sono in corso i lavori per l&#8217;apertura del nuovo supermercato (ex caserma degli alpini) dallo scorso venerdi sono senza linea telefonica. All&#8217;origine del disservizio il solito cavo tranciato e il notevole ritardo nell&#8217;intervento dei tecnici della Telecom visto che ormai di giorni ne sono passati cinque.Tra gli edifici rimasti al &#8220;buio&#8221; nelle comunicazioni anche la sede Appia di Agordo, niente di peggio rimanere senza internet e telefono a fine mese in concomitanza con le paghe da fare, i totali da tirare, le tasse da calcolare e via dicendo. Disagi notevoli per gli impiegati dell&#8217;ufficio costretti a scendere a Belluno. Disagi per i clienti dell&#8217;Appia che da venerdi telefonano, sentono il classico suono del telefono libero ma non ottengono risposta. Solo da ieri componendo i numeri di telefono non si ottiene nemmeno il classico tu tu dalla centrale. Come al solito la solfa si ripete, chiamate continue al 191 per sentirsi rispondere che sono informati, che interverranno. Si tratta di un guasto complesso e diffuso? Pare di si, e se questa sar\u00e0 la definizione nemmeno provare a prendere la strada del rimborso, sarebbe altra fatica sprecata. Domani saranno sei giorni senza telefono, peggio dei giorni di vaia.<\/p>\n<p>&nbsp;<\/p>\n<p>&nbsp;<\/p>\n<p>&nbsp;<\/p>\n<p>&nbsp;<\/p>\n<h2>SOLO LA META&#8217; DEI SENTIERI FODOM SONO PERCORRIBILI, IL COMMISSARIO CHIEDE LA COLLABORAZIONE DELLA POPOLAZIONE<\/h2>\n<p><strong><a class=\"dt-pswp-item\" href=\"http:\/\/www.radiopiu.net\/wordpress\/wp-content\/uploads\/2015\/07\/sentieri_cai.jpg\" data-dt-img-description=\"\" data-large_image_width=\"450\" data-large_image_height=\"337\"><img loading=\"lazy\" decoding=\"async\" class=\" wp-image-7543 alignleft\" src=\"http:\/\/www.radiopiu.net\/wordpress\/wp-content\/uploads\/2015\/07\/sentieri_cai-300x225.jpg\" alt=\"\" width=\"187\" height=\"140\" \/><\/a>LIVINALLONGO<\/strong> Vaia ha devastato i sentieri in territorio di Livinallongo peraltro una zona senza una sezione del Cai locale in seguito alle dimissioni in blocco del direttivo guidato da Diego Grones per i noti veleni di paese legati anche ai glacions da reba (palestra di ghiaccio abusiva). Chi ha in carico il problema \u00e8 il commissario delegato Bepi Cappelletto che proprio questa sera far\u00e0 il punto della situazione con gli &#8220;addetti ai lavori&#8221;. Circa la met\u00e0 dei sentieri sono stati &#8220;testati&#8221; sul posto e,\u00a0 tutte le notizie inviate all&#8217;ufficio turistico perch\u00e9 ne possa informare turisti e valligiani. Il commissario fa un altro invito: <em>&#8220;segnalare i percorsi che non presentano problemi per avere una mappa sempre pi\u00f9 dettagliata della situazione&#8221;<br \/>\n<\/em><strong>IL COMMISSARIO CAPPELLETTO AI MICROFONI DI RADIO PIU<\/strong><\/p>\n<audio class=\"wp-audio-shortcode\" id=\"audio-94457-5\" preload=\"none\" style=\"width: 100%;\" controls=\"controls\"><source type=\"audio\/mpeg\" src=\"http:\/\/www.radiopiu.net\/wordpress\/wp-content\/uploads\/2019\/08\/BEPI-CAPPELLETTO.mp3?_=5\" \/><a href=\"http:\/\/www.radiopiu.net\/wordpress\/wp-content\/uploads\/2019\/08\/BEPI-CAPPELLETTO.mp3\">http:\/\/www.radiopiu.net\/wordpress\/wp-content\/uploads\/2019\/08\/BEPI-CAPPELLETTO.mp3<\/a><\/audio>\n<p>&nbsp;<\/p>\n<p>&nbsp;<\/p>\n<p>&nbsp;<\/p>\n<p>&nbsp;<\/p>\n<h2>A SELVA DI CADORE I TURISTI TROVANO NEI BIDONI IL &#8220;PANETTONE&#8221;\u00a0 E LE CARTE DEI REGALI DI FINE ANNO<\/h2>\n<p><a class=\"dt-pswp-item\" href=\"http:\/\/www.radiopiu.net\/wordpress\/wp-content\/uploads\/2018\/10\/logo-valpe-verticale.jpg\" data-dt-img-description=\"\" data-large_image_width=\"370\" data-large_image_height=\"367\"><img loading=\"lazy\" decoding=\"async\" class=\" wp-image-65542 alignleft\" src=\"http:\/\/www.radiopiu.net\/wordpress\/wp-content\/uploads\/2018\/10\/logo-valpe-verticale-300x298.jpg\" alt=\"\" width=\"111\" height=\"110\" srcset=\"https:\/\/www.radiopiu.net\/wordpress\/wp-content\/uploads\/2018\/10\/logo-valpe-verticale-300x298.jpg 300w, https:\/\/www.radiopiu.net\/wordpress\/wp-content\/uploads\/2018\/10\/logo-valpe-verticale-150x150.jpg 150w, https:\/\/www.radiopiu.net\/wordpress\/wp-content\/uploads\/2018\/10\/logo-valpe-verticale.jpg 370w\" sizes=\"auto, (max-width: 111px) 100vw, 111px\" \/><\/a><strong>SELVA DI CADORE<\/strong> Le critiche segnalate all&#8217;ufficio della Valpe ad Agordo <em>&#8220;sono andato per tre mercoledi di seguito ma non ho risolto nulla, l&#8217;impiegato mi ha detto che le strade sono strette, ma li passa il camion del gasolio&#8221;.<\/em><\/p>\n<p><strong>DI GIANNI SANTOMASO<\/strong><\/p>\n<audio class=\"wp-audio-shortcode\" id=\"audio-94457-6\" preload=\"none\" style=\"width: 100%;\" controls=\"controls\"><source type=\"audio\/mpeg\" src=\"http:\/\/www.radiopiu.net\/wordpress\/wp-content\/uploads\/2019\/08\/GIANNI-VALPE.mp3?_=6\" \/><a href=\"http:\/\/www.radiopiu.net\/wordpress\/wp-content\/uploads\/2019\/08\/GIANNI-VALPE.mp3\">http:\/\/www.radiopiu.net\/wordpress\/wp-content\/uploads\/2019\/08\/GIANNI-VALPE.mp3<\/a><\/audio>\n<p>&nbsp;<\/p>\n<p>&nbsp;<\/p>\n<p>&nbsp;<\/p>\n<p>&nbsp;<\/p>\n<h3>LUPO: RADIOCOLLARE AL PRIMO ESEMPLARE IN VENETO, ASSESSORE PAN \u201cORA SAR\u00c0 POSSIBILE SPERIMENTARE BARRIERE VIRTUALI PER PREVENIRE LE PREDAZIONI SUL BESTIAME\u201d<\/h3>\n<blockquote>\n<p align=\"JUSTIFY\"><em><span style=\"color: #222222;\"><span style=\"font-size: medium;\">L<\/span><\/span>a prima cattura con radiocollare effettuata nel territorio regionale \u00e8 avvenuta, proprio questa notte, nell&#8217;area\u00a0del Monte Grappa, dove si segnala la presenza stabile di un branco dall\u2019inverno 2016-2017: sul Grappa il complesso lavoro di monitoraggio, appostamento e cattura<span style=\"font-size: medium;\"> ha avuto maggior fortuna, anche grazie alla minor presenza di turisti<\/span><span style=\"color: #222222;\"><span style=\"font-size: medium;\">\u00a0rispetto alle aree della Lessinia e Altopiano di Asiago<\/span><\/span><span style=\"font-size: medium;\">.<\/span><\/em><\/p>\n<\/blockquote>\n<p><strong><a class=\"dt-pswp-item\" href=\"http:\/\/www.radiopiu.net\/wordpress\/wp-content\/uploads\/2019\/08\/1297-2019-foto-lupo-Grappa2.jpg\" data-dt-img-description=\"\" data-large_image_width=\"5184\" data-large_image_height=\"3888\"><img loading=\"lazy\" decoding=\"async\" class=\"size-medium wp-image-94503 alignleft\" src=\"http:\/\/www.radiopiu.net\/wordpress\/wp-content\/uploads\/2019\/08\/1297-2019-foto-lupo-Grappa2-300x225.jpg\" alt=\"\" width=\"300\" height=\"225\" srcset=\"https:\/\/www.radiopiu.net\/wordpress\/wp-content\/uploads\/2019\/08\/1297-2019-foto-lupo-Grappa2-300x225.jpg 300w, https:\/\/www.radiopiu.net\/wordpress\/wp-content\/uploads\/2019\/08\/1297-2019-foto-lupo-Grappa2-768x576.jpg 768w, https:\/\/www.radiopiu.net\/wordpress\/wp-content\/uploads\/2019\/08\/1297-2019-foto-lupo-Grappa2-1024x768.jpg 1024w\" sizes=\"auto, (max-width: 300px) 100vw, 300px\" \/><\/a>VENEZIA\u00a0<\/strong> <span style=\"font-size: medium;\">Questa notte nell\u2019area vicentina del Monte Grappa \u00e8 avvenuta la prima cattura in Veneto di un esemplare di lupo al quale \u00e8 stato apposto il radiocollare satellitare che ne monitorer\u00e0 d\u2019ora in poi tutti gli spostamenti.<\/span><b> <\/b><span style=\"font-size: medium;\">Si tratta di una femmina adulta del peso di 35 Kg, in buone condizioni, non allattante: non appena catturata, secondo le modalit\u00e0 del protocollo di intervento approvato dall\u2019ISPRA e dal Ministero dell\u2019Ambiente, la lupa \u00e8 stata sedata per effettuare le misurazioni biometriche, i prelievi per la genetica e apporre il radiocollare. Subito dopo l\u2019esemplare \u00e8 stato rilasciato: ora il radiocollare, mediante segnali Gps, consentir\u00e0 di seguirne con regolarit\u00e0 comportamenti e spostamenti e di attivare, in via sperimentale, nuovi sistemi di allerta rapida, ogni qualvolta l\u2019animale superer\u00e0 le cosiddette \u2018barriere virtuali\u2019 per la sicurezza degli allevatori della zona. <\/span><span style=\"font-size: medium;\">Il monitoraggio del radiocollare rientra nel<\/span><span style=\"font-size: medium;\"><b> \u201c<\/b><\/span><span style=\"font-size: medium;\">Progetto sperimentale per la gestione proattiva del lupo in Veneto attraverso catture e telemetria satellitare\u201d, finanziato con 150 mila euro dalla Regione Veneto, e affidato al gruppo lavoro messo in campo dal Dipartimento di medicina veterinaria dell\u2019Universit\u00e0 di Sassari, con il coordinamento scientifico del professor Mario Apollonio<\/span><\/p>\n<p>&nbsp;<\/p>\n<p>&nbsp;<\/p>\n<p>&nbsp;<\/p>\n<p>&nbsp;<\/p>\n<p>&nbsp;<\/p>\n<h2>I LIBRI IN DONO DALLA REGIONE, MA SOLO PER STUDENTI A BASSO REDDITO<\/h2>\n<blockquote><p><em><b>SCUOLA: IN VENETO BUONO-LIBRI FINO A 200 EURO PER STUDENTI A BASSO REDDITO<\/b><\/em><\/p><\/blockquote>\n<p><strong>VENEZIA <\/strong>Studenti e famiglie meno abbienti potranno beneficiare fino a 200 euro di buono-libri per l\u2019acquisto di libri di testo e contenuti didattici alternativi, comprese le dotazioni tecnologiche. Lo prevede la Giunta regionale del Veneto che, anche per L\u2019anno scolastico (2019-2020), avviato il bando per erogare il contributo destinato agli studenti della scuola dell\u2019obbligo, nonch\u00e9 delle scuole secondarie superiore e degli istituti di formazione professionale. Ne potranno beneficiare in via prioritaria le famiglie residenti in Veneto, con un indicatore di reddito equivalente fino a 10.632,94 euro. I nuclei familiari con reddito Isee fino a 18 mila euro concorreranno alle eventuali risorse residue. La somma totale messa a disposizione dal Ministero e dalla Regione Veneto ammonta quest\u2019anno a 5.840.575,30 euro. Le famiglie che intendono avvalersi del contributo dovranno fare domanda via web, a partire dal 16 settembre ed entro il 16 ottobre, al Comune di residenza. Saranno i Comuni ad eseguire l\u2019istruttoria. Lo scorso anno hanno beneficiato del buono-libri 27.458 studenti del Veneto.<\/p>\n<p>&nbsp;<\/p>\n<p>&nbsp;<\/p>\n<p>&nbsp;<\/p>\n<p>&nbsp;<\/p>\n<h2>DIPENDENTI PUBBLICI IN VENETO LA PERCENTUALE PIU&#8217; BASSA D&#8217;ITALIA<\/h2>\n<p><strong>VENEZIA<\/strong> Il Veneto \u00e8 tra le regioni italiane con la percentuale pi\u00f9 bassa di dipendenti pubblici &#8211; 4,3 ogni 100 abitanti \u2013 superato solo dalla Lombardia (3,7%) e dalla Puglia (4,1 %). Mentre il 60 per cento delle istituzioni pubbliche \u00e8 rappresentato dai Comuni, sono le Aziende del Servizio sanitario nazionale ad impiegare quasi la met\u00e0 dei dipendenti pubblici. Prevalgono nettamente le \u2018quote rosa\u2019: nel pubblico le donne sono il 62 per cento dei dipendenti, con punte dell\u201985-95 per cento se si prendono in considerazione solo i contratti part-time. Ma le donne che salgono ai vertici delle istituzioni pubbliche (sindaci, presidenti, direttori generali) sono una netta minoranza: nel 2015 in Veneto erano poco pi\u00f9 del 16 per cento delle figure apicali. In\u00a0Veneto spicca anche per l\u2018investimento formativo nel personale del pubblico impiego; ben il 70 per cento delle 979 istituzioni pubbliche presenti in Veneto ha organizzato almeno una attivit\u00e0 formativa per i propri dipendenti, per un totale di oltre mezzo milione di ore di formazione erogate con oltre 200 mila partecipanti coinvolti.<\/p>\n<p>&nbsp;<\/p>\n<p>&nbsp;<\/p>\n<p>&nbsp;<\/p>\n<p>&nbsp;<\/p>\n<h2>LAVORATORI FORESTALI. INCONTRO TRA GIUNTA REGIONALE, VENETO AGRICOLTURA E RAPPRESENTANZE SINDACALI<\/h2>\n<p><strong><a class=\"dt-pswp-item\" href=\"http:\/\/www.radiopiu.net\/wordpress\/wp-content\/uploads\/2019\/02\/corpo-forestale-sito-tondo-300x296-156988_210x210.png\" data-dt-img-description=\"\" data-large_image_width=\"210\" data-large_image_height=\"210\"><img loading=\"lazy\" decoding=\"async\" class=\" wp-image-77147 alignleft\" src=\"http:\/\/www.radiopiu.net\/wordpress\/wp-content\/uploads\/2019\/02\/corpo-forestale-sito-tondo-300x296-156988_210x210.png\" alt=\"\" width=\"153\" height=\"153\" srcset=\"https:\/\/www.radiopiu.net\/wordpress\/wp-content\/uploads\/2019\/02\/corpo-forestale-sito-tondo-300x296-156988_210x210.png 210w, https:\/\/www.radiopiu.net\/wordpress\/wp-content\/uploads\/2019\/02\/corpo-forestale-sito-tondo-300x296-156988_210x210-150x150.png 150w\" sizes=\"auto, (max-width: 153px) 100vw, 153px\" \/><\/a>VENEZIA\u00a0<\/strong> Il vicepresidente della Giunta Regionale del Veneto Gianluca Forcolin \u2013 su delega del presidente Luca Zaia \u2013 ha convocato l\u2019incontro con i rappresentanti di Veneto Agricoltura e le rappresentanze sindacali per affrontare il tema delle prospettive lavorative degli operatori forestali regionali. Nell\u2019incontro \u00e8 stato affrontato lo scenario connesso al recente affidamento all\u2019Area Tutela e Sviluppo del Territorio della Regione Veneto dell\u2019incarico di predisporre un progetto di legge sulla ridefinizione delle competenze tra i vari soggetti regionali in materia di interventi idraulico-forestali a seguito delle calamit\u00e0 dello scorso anno, prevedendo contemporaneamente, in via provvisoria nell\u2019attesa del riassetto, il commissariamento di Veneto Agricoltura. In agenda c\u2019\u00e8 gi\u00e0 un nuovo appuntamento, fissato per il settembre prossimo dedicato ad alcune tematiche, riconosciute di particolare interesse dalle parti. Sono emersi tre punti fermi: per un arco di tre anni c\u2019\u00e8 la certezza di bilancio sulle risorse destinate ai lavori forestali e pari a 21 milioni di euro; per l\u2019esecuzione e rapida e integrata delle opere si prosegue l\u2019applicazione della convenzione firmata nel dicembre 2017 tra Regione e Veneto Agricoltura; continuano a mantenere il loro pieno valore gli accordi sottoscritti con le organizzazioni sindacali a partire dal dicembre 2017 sia sulla forza lavoro che sugli istituti fondamentali ai fini della valorizzazione delle competenze maturate.<\/p>\n<p>&nbsp;<\/p>\n<p>&nbsp;<\/p>\n<p>&nbsp;<\/p>\n<p>&nbsp;<\/p>\n<p>&nbsp;<\/p>\n<p>&nbsp;<\/p>\n<h2>PROVINCIALE DELLA VAL FIORENTINA, L&#8217;OPINIONE DI UNA ASCOLTATRICE DI RADIO PIU&#8217; DA SELVA DI CADORE.<\/h2>\n<blockquote>\n<p style=\"text-align: left;\"><em><a class=\"dt-pswp-item\" href=\"http:\/\/www.radiopiu.net\/wordpress\/wp-content\/uploads\/2019\/08\/WhatsApp-Image-2019-08-05-at-16.08.25.jpeg\" data-dt-img-description=\"\" data-large_image_width=\"1600\" data-large_image_height=\"800\"><img loading=\"lazy\" decoding=\"async\" class=\" wp-image-94386 alignleft\" src=\"http:\/\/www.radiopiu.net\/wordpress\/wp-content\/uploads\/2019\/08\/WhatsApp-Image-2019-08-05-at-16.08.25-300x150.jpeg\" alt=\"\" width=\"272\" height=\"136\" srcset=\"https:\/\/www.radiopiu.net\/wordpress\/wp-content\/uploads\/2019\/08\/WhatsApp-Image-2019-08-05-at-16.08.25-300x150.jpeg 300w, https:\/\/www.radiopiu.net\/wordpress\/wp-content\/uploads\/2019\/08\/WhatsApp-Image-2019-08-05-at-16.08.25-768x384.jpeg 768w, https:\/\/www.radiopiu.net\/wordpress\/wp-content\/uploads\/2019\/08\/WhatsApp-Image-2019-08-05-at-16.08.25-1024x512.jpeg 1024w, https:\/\/www.radiopiu.net\/wordpress\/wp-content\/uploads\/2019\/08\/WhatsApp-Image-2019-08-05-at-16.08.25.jpeg 1600w\" sizes=\"auto, (max-width: 272px) 100vw, 272px\" \/><\/a>&#8220;Ero emozionata l&#8217;altro ieri nel rivedere la nostra strada, la provinciale 20 da Caprile alla mia Selva di Cadore finalmente riaperta a nove mesi dal disastro provocato da Vaia. Non ci credevo fino a quando non ho visto spostare le transenne e le prime auto in transito, troppe cose sono state dette invece. Ci siamo fatti sentire da semplici cittadini che reclamano il diritto\u00a0 di avere una strada. Sono passata prima di sera e ho visto la mole di lavoro che \u00e8 stata fatta. Bravissimi \u00e8 proprio vero, volere \u00e8 potere. Grazie a chi si \u00e8 interessato a velocizzare il tutto. In questi mesi chi come noi ha dovuto percorrere il percorso pi\u00f9 lungo per Colle Santa Lucia sa quando sia stato impegnativo. Speriamo che a settembre quando riprenderanno le attivit\u00e0 lavorative non si assista ad altre lunghe chiusure&#8221;<\/em><\/p>\n<\/blockquote>\n<p><strong>Lettera firmata.<\/strong><\/p>\n<p>&nbsp;<\/p>\n<p>&nbsp;<\/p>\n<p>&nbsp;<\/p>\n<p>&nbsp;<\/p>\n<h2>STRADA PER LE MINIERE, ADESSO CI SIAMO! PREVENZIONE PERI<a class=\"dt-pswp-item\" href=\"http:\/\/www.radiopiu.net\/wordpress\/wp-content\/uploads\/2019\/08\/WhatsApp-Image-2019-08-06-at-11.18.35.jpeg\" data-dt-img-description=\"\" data-large_image_width=\"900\" data-large_image_height=\"1600\"><img loading=\"lazy\" decoding=\"async\" class=\"wp-image-94482 alignleft\" src=\"http:\/\/www.radiopiu.net\/wordpress\/wp-content\/uploads\/2019\/08\/WhatsApp-Image-2019-08-06-at-11.18.35-576x1024.jpeg\" alt=\"\" width=\"188\" height=\"333\" srcset=\"https:\/\/www.radiopiu.net\/wordpress\/wp-content\/uploads\/2019\/08\/WhatsApp-Image-2019-08-06-at-11.18.35-576x1024.jpeg 576w, https:\/\/www.radiopiu.net\/wordpress\/wp-content\/uploads\/2019\/08\/WhatsApp-Image-2019-08-06-at-11.18.35-169x300.jpeg 169w, https:\/\/www.radiopiu.net\/wordpress\/wp-content\/uploads\/2019\/08\/WhatsApp-Image-2019-08-06-at-11.18.35-768x1365.jpeg 768w, https:\/\/www.radiopiu.net\/wordpress\/wp-content\/uploads\/2019\/08\/WhatsApp-Image-2019-08-06-at-11.18.35.jpeg 900w\" sizes=\"auto, (max-width: 188px) 100vw, 188px\" \/><\/a>COLO OK.<\/h2>\n<p>&nbsp;<\/p>\n<p>&nbsp;<\/p>\n<p><strong>RIVAMONTE<\/strong> Dopo le recenti critiche (vedi servizi di ieri) la transenna con relativo cartello ha trovato la giusta collocazione, finalmente i ciclisti non rischiano di finire pi\u00f9 dalla strada al greto del Cordevole devastata da Vaia.<\/p>\n<h2>IERI ALLA RADIO,\u00a0dalla montagna&#8230;.al torrente<\/h2>\n<p>La strada che porta al sito di Valle Imperina, \u00e8 transennata ma in modo anomalo, ovvero la transenna non chiude la strada ma \u00e8 parallela, difficile capire quindi se sia o no transitabile, tant&#8217;\u00e8 che le persone in bicicletta in pochi metri si ritrovano dalla montagna&#8230;al torrente Cordevole, \u00e8 li che finisce la strada senza alcun minimo sbarramento.<\/p>\n<p>&nbsp;<\/p>\n\n\t\t\t<style type='text\/css'>\n\t\t\t\t#gallery-1 {\n\t\t\t\t\tmargin: auto;\n\t\t\t\t}\n\t\t\t\t#gallery-1 .gallery-item {\n\t\t\t\t\tfloat: left;\n\t\t\t\t\tmargin-top: 10px;\n\t\t\t\t\ttext-align: center;\n\t\t\t\t\twidth: 33%;\n\t\t\t\t}\n\t\t\t\t#gallery-1 img {\n\t\t\t\t\tborder: 2px solid #cfcfcf;\n\t\t\t\t}\n\t\t\t\t#gallery-1 .gallery-caption {\n\t\t\t\t\tmargin-left: 0;\n\t\t\t\t}\n\t\t\t\t\/* see gallery_shortcode() in wp-includes\/media.php *\/\n\t\t\t<\/style>\n\t\t<div id='gallery-1' class='dt-gallery-container gallery galleryid-94457 gallery-columns-3 gallery-size-medium'><dl class='gallery-item'>\n\t\t\t\t<dt class='gallery-icon portrait'>\n\t\t\t\t\t<a class=\"rollover rollover-zoom dt-pswp-item\" title=\"IMG-20190803-WA0010\" data-dt-img-description=\"\" data-large_image_width=\"1200\" data-large_image_height=\"1600\"href='https:\/\/www.radiopiu.net\/wordpress\/wp-content\/uploads\/2019\/08\/IMG-20190803-WA0010.jpg'><img loading=\"lazy\" decoding=\"async\" width=\"225\" height=\"300\" src=\"https:\/\/www.radiopiu.net\/wordpress\/wp-content\/uploads\/2019\/08\/IMG-20190803-WA0010-225x300.jpg\" class=\"attachment-medium size-medium\" alt=\"\" srcset=\"https:\/\/www.radiopiu.net\/wordpress\/wp-content\/uploads\/2019\/08\/IMG-20190803-WA0010-225x300.jpg 225w, https:\/\/www.radiopiu.net\/wordpress\/wp-content\/uploads\/2019\/08\/IMG-20190803-WA0010-768x1024.jpg 768w, https:\/\/www.radiopiu.net\/wordpress\/wp-content\/uploads\/2019\/08\/IMG-20190803-WA0010.jpg 1200w\" sizes=\"auto, (max-width: 225px) 100vw, 225px\" \/><\/a>\n\t\t\t\t<\/dt><\/dl><dl class='gallery-item'>\n\t\t\t\t<dt class='gallery-icon portrait'>\n\t\t\t\t\t<a class=\"rollover rollover-zoom dt-pswp-item\" title=\"IMG-20190803-WA0011\" data-dt-img-description=\"\" data-large_image_width=\"1200\" data-large_image_height=\"1600\"href='https:\/\/www.radiopiu.net\/wordpress\/wp-content\/uploads\/2019\/08\/IMG-20190803-WA0011.jpg'><img loading=\"lazy\" decoding=\"async\" width=\"225\" height=\"300\" src=\"https:\/\/www.radiopiu.net\/wordpress\/wp-content\/uploads\/2019\/08\/IMG-20190803-WA0011-225x300.jpg\" class=\"attachment-medium size-medium\" alt=\"\" srcset=\"https:\/\/www.radiopiu.net\/wordpress\/wp-content\/uploads\/2019\/08\/IMG-20190803-WA0011-225x300.jpg 225w, https:\/\/www.radiopiu.net\/wordpress\/wp-content\/uploads\/2019\/08\/IMG-20190803-WA0011-768x1024.jpg 768w, https:\/\/www.radiopiu.net\/wordpress\/wp-content\/uploads\/2019\/08\/IMG-20190803-WA0011.jpg 1200w\" sizes=\"auto, (max-width: 225px) 100vw, 225px\" \/><\/a>\n\t\t\t\t<\/dt><\/dl><dl class='gallery-item'>\n\t\t\t\t<dt class='gallery-icon portrait'>\n\t\t\t\t\t<a class=\"rollover rollover-zoom dt-pswp-item\" title=\"IMG-20190803-WA0013\" data-dt-img-description=\"\" data-large_image_width=\"1200\" data-large_image_height=\"1600\"href='https:\/\/www.radiopiu.net\/wordpress\/wp-content\/uploads\/2019\/08\/IMG-20190803-WA0013.jpg'><img loading=\"lazy\" decoding=\"async\" width=\"225\" height=\"300\" src=\"https:\/\/www.radiopiu.net\/wordpress\/wp-content\/uploads\/2019\/08\/IMG-20190803-WA0013-225x300.jpg\" class=\"attachment-medium size-medium\" alt=\"\" srcset=\"https:\/\/www.radiopiu.net\/wordpress\/wp-content\/uploads\/2019\/08\/IMG-20190803-WA0013-225x300.jpg 225w, https:\/\/www.radiopiu.net\/wordpress\/wp-content\/uploads\/2019\/08\/IMG-20190803-WA0013-768x1024.jpg 768w, https:\/\/www.radiopiu.net\/wordpress\/wp-content\/uploads\/2019\/08\/IMG-20190803-WA0013.jpg 1200w\" sizes=\"auto, (max-width: 225px) 100vw, 225px\" \/><\/a>\n\t\t\t\t<\/dt><\/dl><br style=\"clear: both\" \/>\n\t\t\t<\/div>\n\n<p>&nbsp;<\/p>\n<p>&nbsp;<\/p>\n<p>&nbsp;<\/p>\n<h2>IERI A RIVAMONTE&#8230; LA RAI<\/h2>\n<p><strong>RIVAMONTE<\/strong>\u00a0 Il consigliere comunale Giuliano Laveder racconta &#8220;Ieri abbiamo avuto la visita di un giornalista di RAI 3 &#8211; ha fatto un bel servizio sul nostro museo dei Seggiolai. Il servizio andr\u00e0 in onda o questa sera o domani sul Tg3 regionale, dj pochi minuti, in seguito lo trasmetteranno integralmente in Buongiorno Regione\u201d<\/p>\n<p><a class=\"dt-pswp-item\" href=\"http:\/\/www.radiopiu.net\/wordpress\/wp-content\/uploads\/2019\/08\/67630538_10217728938969443_3568348499844005888_n.jpg\" data-dt-img-description=\"\" data-large_image_width=\"720\" data-large_image_height=\"960\"><img loading=\"lazy\" decoding=\"async\" class=\"alignnone size-medium wp-image-94607\" src=\"http:\/\/www.radiopiu.net\/wordpress\/wp-content\/uploads\/2019\/08\/67630538_10217728938969443_3568348499844005888_n-225x300.jpg\" alt=\"\" width=\"225\" height=\"300\" srcset=\"https:\/\/www.radiopiu.net\/wordpress\/wp-content\/uploads\/2019\/08\/67630538_10217728938969443_3568348499844005888_n-225x300.jpg 225w, https:\/\/www.radiopiu.net\/wordpress\/wp-content\/uploads\/2019\/08\/67630538_10217728938969443_3568348499844005888_n.jpg 720w\" sizes=\"auto, (max-width: 225px) 100vw, 225px\" \/><\/a><a class=\"dt-pswp-item\" href=\"http:\/\/www.radiopiu.net\/wordpress\/wp-content\/uploads\/2019\/08\/67652443_10217728938769438_4055346973157359616_n.jpg\" data-dt-img-description=\"\" data-large_image_width=\"960\" data-large_image_height=\"720\"><img loading=\"lazy\" decoding=\"async\" class=\"alignnone size-medium wp-image-94608\" src=\"http:\/\/www.radiopiu.net\/wordpress\/wp-content\/uploads\/2019\/08\/67652443_10217728938769438_4055346973157359616_n-300x225.jpg\" alt=\"\" width=\"300\" height=\"225\" srcset=\"https:\/\/www.radiopiu.net\/wordpress\/wp-content\/uploads\/2019\/08\/67652443_10217728938769438_4055346973157359616_n-300x225.jpg 300w, https:\/\/www.radiopiu.net\/wordpress\/wp-content\/uploads\/2019\/08\/67652443_10217728938769438_4055346973157359616_n-768x576.jpg 768w, https:\/\/www.radiopiu.net\/wordpress\/wp-content\/uploads\/2019\/08\/67652443_10217728938769438_4055346973157359616_n.jpg 960w\" sizes=\"auto, (max-width: 300px) 100vw, 300px\" \/><\/a><\/p>\n<p>&nbsp;<\/p>\n<p>&nbsp;<\/p>\n<p>&nbsp;<\/p>\n<h2>MONDIALI 2021<\/h2>\n<p>dalla rassegna stampa delle 8 05<\/p>\n<audio class=\"wp-audio-shortcode\" id=\"audio-94457-7\" preload=\"none\" style=\"width: 100%;\" controls=\"controls\"><source type=\"audio\/mpeg\" src=\"http:\/\/www.radiopiu.net\/wordpress\/wp-content\/uploads\/2019\/08\/roger-1.mp3?_=7\" \/><a href=\"http:\/\/www.radiopiu.net\/wordpress\/wp-content\/uploads\/2019\/08\/roger-1.mp3\">http:\/\/www.radiopiu.net\/wordpress\/wp-content\/uploads\/2019\/08\/roger-1.mp3<\/a><\/audio>\n<p>&nbsp;<\/p>\n<h2>Accelerare procedure per aprire i cantieri<\/h2>\n<blockquote>\n<h3>De Menech: \u00abOpere gi\u00e0 finanziate. Il pedaggio fino a Castellavazzo penalizzerebbe residenti, lavoratori e imprese\u00bb<\/h3>\n<\/blockquote>\n<h3><em><span style=\"font-size: 14px; font-weight: normal;\">\u00abSe le procedure per impiegare i 400 milioni di euro stanziati tre anni fa proseguono con l\u2019obiettivo di mettere in sicurezza la viabilit\u00e0 provinciale e togliere il traffico dai centri abitati di Cortina e Longarone \u00e8 positivo. I tempi si fanno stretti in vista dei Mondiali 2021, quindi Regione Veneto e Anas devono accelerare per far partire i lavori prima possibile\u00bb.<\/span><\/em><span style=\"font-size: 14px; font-weight: normal;\"> Il deputato bellunese Roger De Menech auspica inoltre la realizzazione della bretella di collegamento tra l\u2019arrivo dell\u2019autostrada a Pian di Vedoia e la zona industriale di Longarone<\/span><em><span style=\"font-size: 14px; font-weight: normal;\">. \u00ab\u00c8 importante per segmentare il traffico e ridurre la pressione sulla statale sia dal traffico pesante di camion sia dalle migliaia di veicoli privati dei lavoratori che ogni giorno devono raggiungere quell\u2019area.Diverso il discorso se l\u2019ipotesi \u00e8 quella di un prolungamento dell\u2019autostrada. \u00abSarebbe un errore dal punto di vista ambientale e una grave penalizzazione per i residenti, i lavoratori e le imprese. Se l\u2019autostrada fosse costruita fino a Castellavazzo sarebbe introdotto il pedaggio da Belluno fino al termine della strada. Anche il tratto da Belluno a Pian di Vedoia, oggi libero, diventerebbe a pagamento con la perdita dei vantaggi di circonvallazione di Ponte nelle Alpi e, in futuro se si facesse finalmente la strada a scorrimento veloce, di Longarone. Il rischio \u00e8 che per non pagare il pedaggio, gran parte del traffico ritornerebbe sulla viabilit\u00e0 ordinaria a Ponte nelle Alpi e non si sposterebbe se non in minima parte, a Longarone. In questo modo mancheremmo gli obiettivi di liberare i centri abitati dall\u2019inquinamento e dai pericoli connessi a un flusso di decine di migliaia di veicoli al giorno\u00bb.<\/span><\/em><\/h3>\n<p>&nbsp;<\/p>\n<p>&nbsp;<\/p>\n<p>&nbsp;<\/p>\n<p>&nbsp;<\/p>\n<h3>LA LETTERA DEI PARLAMENTARI PD<\/h3>\n<p><em>Documento dei parlamentari veneti del Pd in risposta alla richiesta di intervento in materia di Ecobonus inoltrata da Confartigianato Veneto e segreterie provinciali.<\/em><\/p>\n<blockquote><p>La voce delle imprese del nostro territorio \u00e8 per noi Parlamentari del Partito Democratico essenziale. Per questo motivo abbiamo letto con molta cura e attenzione la Vostra lettera del 1 Agosto. Condividiamo appieno la preoccupazione che esprimete e la richiesta di intervento che ne deriva. A testimonianza di ci\u00f2, ci sono le proposte emendative e soppressive dell\u2019articolo 10 del Dl Crescita, che come Parlamentari abbiamo presentato sia alla Camera dei Deputati che al Senato della Repubblica, e sulle quali la maggioranza, sorda ai nostri appelli, ha dato parere negativo. Ad ulteriore riprova della nostra convinzione che non possa essere affidata esclusivamente alle imprese artigiane una funzione che \u00e8 propria degli istituti bancari, trovate anche la nostra Proposta di Legge, depositata nella scorsa legislatura (A.C. 3919) e ripresentata anche nella corrente (A.C 1756), sulla \u201ccessione a intermediari finanziari delle detrazioni fiscali per interventi di recupero del patrimonio edilizio e di riqualificazione energetica degli edifici&#8221;. Da ultimo Vi informiamo che, il 17 luglio u.s., in Commissione Attivit\u00e0 Produttive della Camera dei Deputati, abbiamo depositato la risoluzione 7-00286 che impegna il Governo ad adottare iniziative per sanare la situazione creata dall\u2019articolo 10 del Dl Crescita. Abbiamo gi\u00e0 chiesto alla Presidente di Commissione di calendarizzare immediatamente la discussione, dando avvio alle audizioni che, ovviamente, dovranno contemplare necessariamente un Vostro intervento. Noi parlamentari del Partito Democratico siamo convinti che l\u2019edilizia sia un settore fondamentale per l\u2019economia del Paese e che il comparto delle ristrutturazioni abbia rappresentato, in questi anni difficili, una leva significativa per rimettere in moto il mercato, aprendo le porte a lavori che calzano perfettamente la taglia delle micro e delle piccole imprese, coniugando crescita e sostenibilit\u00e0. Rinnoviamo pertanto la nostra completa disponibilit\u00e0 e il nostro impegno ad un lavoro che parta dal nostro Veneto e che possa portare all\u2019accoglimento delle giuste istanze da Voi sollevate e a significativi vantaggi per l\u2019economia dell\u2019intero Paese.<\/p><\/blockquote>\n<p>&nbsp;<\/p>\n<h3><\/h3>\n<p>&nbsp;<\/p>\n<h2>BIM GSP, bilancio semestrale positivo. Patrimonio superiore ai debiti. Investimenti nel 2020 per 12 milioni di euro.<\/h2>\n<p><strong><a class=\"dt-pswp-item\" href=\"http:\/\/www.radiopiu.net\/wordpress\/wp-content\/uploads\/2015\/06\/bimgsp.jpg\" data-dt-img-description=\"\" data-large_image_width=\"300\" data-large_image_height=\"168\"><img loading=\"lazy\" decoding=\"async\" class=\"size-medium wp-image-6703 alignleft\" src=\"http:\/\/www.radiopiu.net\/wordpress\/wp-content\/uploads\/2015\/06\/bimgsp-300x168.jpg\" alt=\"\" width=\"300\" height=\"168\" \/><\/a>BELLUNO<\/strong> \u00a0Si confermano positivi, anche nel primo semestre 2019, le performance di Bim Gsp. Consumi d\u2019acqua stabili a 7 milioni di metri cubi, bollettato a 16 milioni di euro, costi contenuti di 140 mila euro, investimenti gi\u00e0 a quota 5 milioni sui 9 programmati, in totale autofinanziamento, cassa generata a 6 milioni di euro, debiti stabili a 37 milioni ma superati, per la prima volta nella storia di BIM GSP, dal patrimonio oggi a 38 milioni di euro. <strong>Investimenti <\/strong>Ammontano a 5 milioni di euro gli investimenti concretizzati in sei mesi rispetto ai 9 del bilancio previsionale 2019: Completati i nuovi depuratori di Falcade e Longarone, a breve partiranno i cantieri per nuovi impianti a Lentiai e Borca di Cadore; sono state posate, e gi\u00e0 completate, nuove tratte fognarie a Sedico (Meli-Oselete e Mas) e ad Alleghe, mentre \u00e8 in corso la sostituzione di porzioni di fognatura ad Auronzo, Belluno e La Valle Agordina. Per l\u2019acquedotto si sono conclusi di recente a Ponte nelle Alpi i lavori di sistemazione dell\u2019opera di presa di Rio Frari, mentre \u00e8 in corso l\u2019ultimazione del collegamento tra il serbatoio di Col Coltron e il nuovo costruito a Piaia ed \u00e8 di prossimo avvio il cantiere per il collegamento dei serbatoi di Col Coltron e Fiammoi; posate, inoltre, anche nuove tratte a Rivamonte e sostituite porzioni ammalorate lungo l\u2019acquedotto \u2018Val Clusa\u2019, il principale della provincia che dall\u2019Agordino arriva a servire Val Belluna, Sinistra Piave e Valdobbiadene. Previsto a breve, infine, la realizzazione di un nuovo serbatoio di accumulo a Cortina, mentre a fine estate \u00e8 in programma l\u2019avvio dei lavori, finanziati dalla Regione Veneto, per la realizzazione del nuovo acquedotto della Valle del Biois, a beneficio al comune di Cencenighe. <strong>Personale e Welfare. <\/strong>Resta confermato, anche per il 2019, il rinnovo del contratto integrativo nazionale per l\u2019erogazione del premio di risultato, con l\u2019obiettivo, per i lavoratori di Bim Gsp, di contribuire attivamente alla riduzione dei costi operativi. L\u2019erogazione del premio, infatti, \u00e8 subordinata al conseguimento di risparmi concreti in abbinato al miglioramento continuo del servizio reso all\u2019utenza.<\/p>\n<p>&nbsp;<\/p>\n<p>&nbsp;<\/p>\n<p>&nbsp;<\/p>\n<h2>Anticipo della stagione venatoria dei cervi.<\/h2>\n<p><strong>ROMA <\/strong>Il Deputato Luca De Carlo, commenta\u00a0 la revisione del calendario venatorio da parte dell&#8217;ente provinciale. <em>\u201c \u201cLa decisione della Provincia di anticipare l&#8217;apertura della caccia di selezione ai cervi al 18 agosto \u00e8 assurda e mette a rischio la sicurezza dei turisti\u201d, <\/em><em>\u00a0sto raccogliendo le perplessit\u00e0 di numerose riserve di caccia bellunesi \u201d.<\/em><\/p>\n<h2>Servizi scuolabus comunali<\/h2>\n<p><strong>ROMA<\/strong> Un recente parere della Corte dei Conti del Piemonte sta mettendo in difficolt\u00e0 i sindaci italiani: secondo questo documento, infatti, il costo del servizio di trasporto pubblico scolastico dovrebbe essere interamente coperto dalla tariffa, quindi a carico delle famiglie, senza possibilit\u00e0 di intervento economico da parte dei Comuni.<em> \u201cAbbiamo gi\u00e0 presentato un&#8217;interrogazione per risolvere la questione &#8211;\u00a0 annuncia Luca De Carlo dalla Camera dei Deputati. \u201cVa fatto un semplice passaggio tecnico che per\u00f2, se non viene attuato in fretta, rischia di creare grosse difficolt\u00e0\u201d. <\/em>In sostanza, si tratta semplicemente di inserire nel Decreto Ministeriale che individua i \u201cservizi pubblici a domanda individuale\u201d come asili nido o mense scolastiche, anche il servizio di scuolabus, oggi indicato come semplice servizio pubblico locale.<\/p>\n<p>&nbsp;<\/p>\n<p>&nbsp;<\/p>\n<p>&nbsp;<\/p>\n<p>&nbsp;<\/p>\n<p>&nbsp;<\/p>\n<p>&nbsp;<\/p>\n<h2><span style=\"color: #ff0000;\">LO SFOGO<\/span><\/h2>\n<p><strong>di Franco Piacentini_Feltre<\/strong><\/p>\n<blockquote><p><em>Con sfacciataggine alcuni uomini del potere politico e governantivo, in questi giorni, fanno bella mostra di s\u00e9 in festaioli eventi da spiaggia. Sorrisi ironici, battute sarcastiche contro chi ha opinioni diverse, esaltazione sul proprio consenso elettorale, sono gli ingredienti del cocktail propagandistico di chi, in costume da bagno, maneggiando mixer musicali in spiaggia, grida di aver realizzato un sacco (e una borsa) di buone cose per gli italiani. Purtroppo, ad oggi, solo astratte promesse da una politica cieca che non vede (non vuol vedere) che circa il 50% degli aventi diritto, soprattutto negli ultimi anni, disertano le urne elettorali. Quindi nessuno pu\u00f2 gridare di rappresentare la maggioranza degli italiani. Invece di spiagge festaiole, i politici delle promesse facili, dovrebbero umilmente chiedere ospitalit\u00e0 a qualche convento, per analizzare le motivazioni, la cause, che portano oltre venti milioni di cittadini italiani a non votare. Potrebbe essere anche una mistica opportunit\u00e0 per espiare i peccati di superbia, di arroganza e di odio. <\/em><\/p><\/blockquote>\n<p>&nbsp;<\/p>\n<p>&nbsp;<\/p>\n<p>&nbsp;<\/p>\n<p>&nbsp;<\/p>\n<blockquote><p>&nbsp;<\/p><\/blockquote>\n<p>&nbsp;<\/p>\n<h2>ASCA &#8211; selezione personale assistenziale<\/h2>\n<p>L&#8217;azienda Speciale Consortile Agordina ha indetto una nuova selezione pubblica finalizzata alla formulazione di una graduatoria cui attingere per l\u2019assunzione a tempo indeterminato determinato e parziale di OPERATORE SOCIO SANITARIO da inserire nella RSA di Agordo e nel Servizio Domiciliare del territorio Agordino. Le modalit\u00e0 di presentazione della domanda si trovano sul sito aziendale www.servizisocialiasca.it. Il termine perentorio previsto per la presentazione della candidatura \u00e8 fissato per il giorno 5 settembre 2019 entro le ore 12.00, mentre le selezioni verranno effettuate nelle giornate del 12 e 13 settembre 2019.<\/p>\n<p>&nbsp;<\/p>\n<p>&nbsp;<\/p>\n<p>&nbsp;<\/p>\n<p>&nbsp;<\/p>\n<blockquote><p><strong>L&#8217;INAUGURAZIONE<\/strong><\/p>\n<p>Domani alle 11.30 in sala convegni dell&#8217;ospedale di Feltre inaugurazione della nuova sede del Pronto Soccorso e della nuova Risonanza Magnetica dell&#8217;Ospedale di Feltre alla presenza del governatore Luca Zaia.<\/p><\/blockquote>\n<p>&nbsp;<\/p>\n<p>&nbsp;<\/p>\n<p>&nbsp;<\/p>\n<h2>Torna il premio \u201cBelluno-Cortina artista dell&#8217;anno\u201d Da venerd\u00ec To\/Let in mostra a Palazzo Fulcis<\/h2>\n<p><strong><a class=\"dt-pswp-item\" href=\"http:\/\/www.radiopiu.net\/wordpress\/wp-content\/uploads\/2019\/08\/Allestimento-To-Let.jpg\" data-dt-img-description=\"\" data-large_image_width=\"1600\" data-large_image_height=\"1200\"><img loading=\"lazy\" decoding=\"async\" class=\"size-medium wp-image-94510 alignleft\" src=\"http:\/\/www.radiopiu.net\/wordpress\/wp-content\/uploads\/2019\/08\/Allestimento-To-Let-300x225.jpg\" alt=\"\" width=\"300\" height=\"225\" srcset=\"https:\/\/www.radiopiu.net\/wordpress\/wp-content\/uploads\/2019\/08\/Allestimento-To-Let-300x225.jpg 300w, https:\/\/www.radiopiu.net\/wordpress\/wp-content\/uploads\/2019\/08\/Allestimento-To-Let-768x576.jpg 768w, https:\/\/www.radiopiu.net\/wordpress\/wp-content\/uploads\/2019\/08\/Allestimento-To-Let-1024x768.jpg 1024w, https:\/\/www.radiopiu.net\/wordpress\/wp-content\/uploads\/2019\/08\/Allestimento-To-Let.jpg 1600w\" sizes=\"auto, (max-width: 300px) 100vw, 300px\" \/><\/a>BELLUNO<\/strong> Torna il \u201cPremio Belluno-Cortina\u201c che, dopo 13 anni di assenza, si ricollega idealmente al premio Artista dell\u2019anno, assegnato dal 2000 al 2006 e che ora si ripresenta con una nuova formula, sempre sotto la regia del professor Renato Barilli, tra i fondatori del corso di laurea DAMS dell&#8217;Universit\u00e0 di Bologna. Per il ritorno della manifestazione, si \u00e8 puntato su giovani artisti, con il riconoscimento che \u00e8 andato a Sonia Marinangeli ed Elisa Placucci, dal 2005 componenti del due To\/Let, autrici di numerose installazioni, progetti di public art, illustrazioni e video che sono valse loro riconoscimenti a livello nazionale e internazionale (una loro mostra \u00e8 in corso proprio in questi giorni a Monaco di Baviera). L&#8217;Inaugurazione della rassegna delle loro installazioni (il cui allestimento si sta concludendo in queste ore a Palazzo Fulcis) si terr\u00e0 venerd\u00ec 9 agosto alle 11.30 negli spazi dell&#8217;ex Pub Carrera, grazie alla collaborazione e disponibilit\u00e0 di Fondazione Cariverona; la mostra si concluder\u00e0 il 24 agosto. <em>\u00abSiamo orgogliosi del ritorno di questa manifestazione, che riaggancia le Dolomiti al grande mondo dell&#8217;arte contemporanea. &#8211; commenta l&#8217;assessore alla cultura del Comune di Belluno, Marco Perale \u2013 Anche la collaborazione con il professor Barilli, figura di spicco a livello italiano e mondiale, permette di riscoprire un legame che si \u00e8 gi\u00e0 rivelato proficuo per la citt\u00e0 di Belluno e che si riveler\u00e0 tale per tutto il territorio provinciale\u00bb.<\/em><\/p>\n<p>&nbsp;<\/p>\n<p>&nbsp;<\/p>\n<p>&nbsp;<\/p>\n<blockquote>\n<h3>Patrimonio Mondiale dell\u2019Umanit\u00e0 la biodiversit\u00e0 \u2013 una montagna di semi per un\u2019agricoltura resiliente, prof. S. Ceccarelli e dott.ssa S. Grando. Belluno, Sala <a class=\"dt-pswp-item\" href=\"http:\/\/www.radiopiu.net\/wordpress\/wp-content\/uploads\/2019\/08\/CECCARELLI-13agosto-light.jpg\" data-dt-img-description=\"\" data-large_image_width=\"1189\" data-large_image_height=\"1681\"><img loading=\"lazy\" decoding=\"async\" class=\" wp-image-94520 alignleft\" src=\"http:\/\/www.radiopiu.net\/wordpress\/wp-content\/uploads\/2019\/08\/CECCARELLI-13agosto-light-212x300.jpg\" alt=\"\" width=\"140\" height=\"198\" srcset=\"https:\/\/www.radiopiu.net\/wordpress\/wp-content\/uploads\/2019\/08\/CECCARELLI-13agosto-light-212x300.jpg 212w, https:\/\/www.radiopiu.net\/wordpress\/wp-content\/uploads\/2019\/08\/CECCARELLI-13agosto-light-768x1086.jpg 768w, https:\/\/www.radiopiu.net\/wordpress\/wp-content\/uploads\/2019\/08\/CECCARELLI-13agosto-light-724x1024.jpg 724w, https:\/\/www.radiopiu.net\/wordpress\/wp-content\/uploads\/2019\/08\/CECCARELLI-13agosto-light.jpg 1189w\" sizes=\"auto, (max-width: 140px) 100vw, 140px\" \/><\/a>Bianchi, 13 agosto ore 18.<\/h3>\n<h3>Dalle 17 mostra di cereali antichi coltivati nel bellunese a cura del Progetto per una socialit\u00e0 contadina.<\/h3>\n<\/blockquote>\n<p>Ecco la proposta della Campagna Liberi dai Veleni, che da anni promuove eventi e azioni per rendere consapevoli cittadini e amministratori dei risvolti dell\u2019agroindustria e sensibilizzarli riguardo sistemi di sviluppo agricolo innovativi e rispettosi. Ancora una volta il collettivo bellunese vuole invitare la cittadinanza a un momento di approfondimento sul significato e lo scopo dell\u2019agricoltura, sulla differenza tra merce e alimento, attraverso una testimonianza vissuta in prima persona di come la biodiversit\u00e0 sia necessaria per cambiare rotta da strade che stanno aumentando a dismisura la malnutrizione, la disparit\u00e0 sociale, l\u2019inquinamento. Al tavolo dei relatori \u00a0Salvatore Ceccarelli, agronomo genetista di fama internazionale e Stefania Grando, agronoma e importante ricercatrice, da anni impegnati in diversi paesi nella sperimentazione e ricerca a fianco degli agricoltori.<\/p>\n<p>&nbsp;<\/p>\n<p>&nbsp;<\/p>\n<p>&nbsp;<\/p>\n<p>&nbsp;<\/p>\n<h2>Concorso Nazionale di poesia \u201cMendr\u00e1nze n poejia\u201d<\/h2>\n<blockquote><p><em>Le scelte della Giuria: Presidente Domenico Morelli, dai giurati Marzia Caria, Lucia Trusgnach, Lilia <a class=\"dt-pswp-item\" href=\"http:\/\/www.radiopiu.net\/wordpress\/wp-content\/uploads\/2018\/02\/MENDRANZE.jpg\" data-dt-img-description=\"\" data-large_image_width=\"1333\" data-large_image_height=\"1000\"><img loading=\"lazy\" decoding=\"async\" class=\" wp-image-43305 alignleft\" src=\"http:\/\/www.radiopiu.net\/wordpress\/wp-content\/uploads\/2018\/02\/MENDRANZE-300x225.jpg\" alt=\"\" width=\"199\" height=\"149\" srcset=\"https:\/\/www.radiopiu.net\/wordpress\/wp-content\/uploads\/2018\/02\/MENDRANZE-300x225.jpg 300w, https:\/\/www.radiopiu.net\/wordpress\/wp-content\/uploads\/2018\/02\/MENDRANZE-768x576.jpg 768w, https:\/\/www.radiopiu.net\/wordpress\/wp-content\/uploads\/2018\/02\/MENDRANZE-1024x768.jpg 1024w, https:\/\/www.radiopiu.net\/wordpress\/wp-content\/uploads\/2018\/02\/MENDRANZE.jpg 1333w\" sizes=\"auto, (max-width: 199px) 100vw, 199px\" \/><\/a>Slomp, Giuliana Bellodis e Andrea Nicolussi Golo<\/em><\/p><\/blockquote>\n<p><strong>COLLE SANTA LUCIA_LIVINALLONGO<\/strong> La giuria del Concorso Nazionale di poesia \u201cMendr\u00e1nze n poejia\u201d si \u00e8 riunita nei locali dell\u2019Istitut Cultural Ladin Cesa de Jan per assegnare i premi alle poesie ritenute meritevoli. La giuria ha anche premiato le opere in poesia presentate dalle scuole o Istituti scolastici.\u00a0A partire dal 23 settembre sul sito www.istitutoladino.org saranno pubblicate tutte le informazioni riguardanti le opere premiate. A ciascun partecipante verr\u00e0 inviata comunicazione inerente l\u2019esito del concorso unitamente all\u2019invito alla cerimonia di premiazione fissata per sabato 21 settembre 2019 a partire dalle ore 20.30 ad Arabba.<\/p>\n<p>&nbsp;<\/p>\n<p>&nbsp;<\/p>\n<p>&nbsp;<\/p>\n<h2>IL LIBRO DI POESIE ED IMMAGINI<\/h2>\n<p><strong>Alberta Foccardi, veneziana ma da tanti anni trascorre le sue vacanze in Agordino, e il 12 agosto alle ore 18 nella sala consiliare di Falcade presenta il suo quinto libro di poesie e immagini. A colloquio con l&#8217;autrice<\/strong><\/p>\n<audio class=\"wp-audio-shortcode\" id=\"audio-94457-8\" preload=\"none\" style=\"width: 100%;\" controls=\"controls\"><source type=\"audio\/mpeg\" src=\"http:\/\/www.radiopiu.net\/wordpress\/wp-content\/uploads\/2019\/08\/alberta-foccardi.mp3?_=8\" \/><a href=\"http:\/\/www.radiopiu.net\/wordpress\/wp-content\/uploads\/2019\/08\/alberta-foccardi.mp3\">http:\/\/www.radiopiu.net\/wordpress\/wp-content\/uploads\/2019\/08\/alberta-foccardi.mp3<\/a><\/audio>\n<p>&nbsp;<\/p>\n<p>&nbsp;<\/p>\n<p>&nbsp;<\/p>\n<h2>Sottoguda, un sabato con la compagnia teatrale del presapoc. Un esempio di come si pu\u00f2 fare cultura e turismo con poco e riempire le piazze<\/h2>\n<p><a class=\"dt-pswp-item\" href=\"http:\/\/www.radiopiu.net\/wordpress\/wp-content\/uploads\/2019\/08\/WhatsApp-Image-2019-08-06-at-08.12.06.jpeg\" data-dt-img-description=\"\" data-large_image_width=\"1600\" data-large_image_height=\"1200\"><img loading=\"lazy\" decoding=\"async\" class=\"alignnone wp-image-94604\" src=\"http:\/\/www.radiopiu.net\/wordpress\/wp-content\/uploads\/2019\/08\/WhatsApp-Image-2019-08-06-at-08.12.06-300x225.jpeg\" alt=\"\" width=\"403\" height=\"302\" srcset=\"https:\/\/www.radiopiu.net\/wordpress\/wp-content\/uploads\/2019\/08\/WhatsApp-Image-2019-08-06-at-08.12.06-300x225.jpeg 300w, https:\/\/www.radiopiu.net\/wordpress\/wp-content\/uploads\/2019\/08\/WhatsApp-Image-2019-08-06-at-08.12.06-768x576.jpeg 768w, https:\/\/www.radiopiu.net\/wordpress\/wp-content\/uploads\/2019\/08\/WhatsApp-Image-2019-08-06-at-08.12.06-1024x768.jpeg 1024w, https:\/\/www.radiopiu.net\/wordpress\/wp-content\/uploads\/2019\/08\/WhatsApp-Image-2019-08-06-at-08.12.06.jpeg 1600w\" sizes=\"auto, (max-width: 403px) 100vw, 403px\" \/><\/a><a class=\"dt-pswp-item\" href=\"http:\/\/www.radiopiu.net\/wordpress\/wp-content\/uploads\/2019\/08\/WhatsApp-Image-2019-08-06-at-08.10.29.jpeg\" data-dt-img-description=\"\" data-large_image_width=\"1600\" data-large_image_height=\"1144\"><img loading=\"lazy\" decoding=\"async\" class=\"alignnone wp-image-94605\" src=\"http:\/\/www.radiopiu.net\/wordpress\/wp-content\/uploads\/2019\/08\/WhatsApp-Image-2019-08-06-at-08.10.29-300x215.jpeg\" alt=\"\" width=\"423\" height=\"302\" srcset=\"https:\/\/www.radiopiu.net\/wordpress\/wp-content\/uploads\/2019\/08\/WhatsApp-Image-2019-08-06-at-08.10.29-300x215.jpeg 300w, https:\/\/www.radiopiu.net\/wordpress\/wp-content\/uploads\/2019\/08\/WhatsApp-Image-2019-08-06-at-08.10.29-768x549.jpeg 768w, https:\/\/www.radiopiu.net\/wordpress\/wp-content\/uploads\/2019\/08\/WhatsApp-Image-2019-08-06-at-08.10.29-1024x732.jpeg 1024w, https:\/\/www.radiopiu.net\/wordpress\/wp-content\/uploads\/2019\/08\/WhatsApp-Image-2019-08-06-at-08.10.29.jpeg 1600w\" sizes=\"auto, (max-width: 423px) 100vw, 423px\" \/><\/a><\/p>\n<p>&nbsp;<\/p>\n<p>&nbsp;<\/p>\n<p>&nbsp;<\/p>\n<h1><a class=\"dt-pswp-item\" href=\"http:\/\/www.radiopiu.net\/wordpress\/wp-content\/uploads\/2019\/07\/Manifesto_DolomitiAMO-piccolo.jpg\" data-dt-img-description=\"\" data-large_image_width=\"545\" data-large_image_height=\"768\"><img loading=\"lazy\" decoding=\"async\" class=\" wp-image-92996 alignleft\" src=\"http:\/\/www.radiopiu.net\/wordpress\/wp-content\/uploads\/2019\/07\/Manifesto_DolomitiAMO-piccolo-213x300.jpg\" alt=\"\" width=\"156\" height=\"220\" srcset=\"https:\/\/www.radiopiu.net\/wordpress\/wp-content\/uploads\/2019\/07\/Manifesto_DolomitiAMO-piccolo-213x300.jpg 213w, https:\/\/www.radiopiu.net\/wordpress\/wp-content\/uploads\/2019\/07\/Manifesto_DolomitiAMO-piccolo.jpg 545w\" sizes=\"auto, (max-width: 156px) 100vw, 156px\" \/><\/a><\/h1>\n<h1><\/h1>\n<h1><\/h1>\n<h1><\/h1>\n<h1>DolomitiAMO DOMANI L&#8217;INAUGURAZIONE, IERI LO SPECIALE ALLA RADIO con Moreno Geremetta\u200b e Ivan Cagnati\u200b<\/h1>\n<p>&nbsp;<\/p>\n<h2><strong><span style=\"color: #ff0000;\">LO SPECIALE ALLA RADIO\u00a0<\/span><\/strong><\/h2>\n<audio class=\"wp-audio-shortcode\" id=\"audio-94457-9\" preload=\"none\" style=\"width: 100%;\" controls=\"controls\"><source type=\"audio\/mpeg\" src=\"http:\/\/www.radiopiu.net\/wordpress\/wp-content\/uploads\/2019\/08\/MORENO-E-IVAN-AGORDINO-DOLOMITIAMO.mp3?_=9\" \/><a href=\"http:\/\/www.radiopiu.net\/wordpress\/wp-content\/uploads\/2019\/08\/MORENO-E-IVAN-AGORDINO-DOLOMITIAMO.mp3\">http:\/\/www.radiopiu.net\/wordpress\/wp-content\/uploads\/2019\/08\/MORENO-E-IVAN-AGORDINO-DOLOMITIAMO.mp3<\/a><\/audio>\n<p><span style=\"color: #0000ff;\"><strong>DAL NOTIZIARIO DI RADIOPIU, VOCE CLAUDIA CATTADORI\u00a0<\/strong><\/span><\/p>\n<audio class=\"wp-audio-shortcode\" id=\"audio-94457-10\" preload=\"none\" style=\"width: 100%;\" controls=\"controls\"><source type=\"audio\/mpeg\" src=\"http:\/\/www.radiopiu.net\/wordpress\/wp-content\/uploads\/2019\/07\/CLAUDIA-UNESCO.mp3?_=10\" \/><a href=\"http:\/\/www.radiopiu.net\/wordpress\/wp-content\/uploads\/2019\/07\/CLAUDIA-UNESCO.mp3\">http:\/\/www.radiopiu.net\/wordpress\/wp-content\/uploads\/2019\/07\/CLAUDIA-UNESCO.mp3<\/a><\/audio>\n<p>&nbsp;<\/p>\n<audio class=\"wp-audio-shortcode\" id=\"audio-94457-11\" preload=\"none\" style=\"width: 100%;\" controls=\"controls\"><source type=\"audio\/mpeg\" src=\"http:\/\/www.radiopiu.net\/wordpress\/wp-content\/uploads\/2019\/07\/CLAUDIA-DOLOMITIAMO.mp3?_=11\" \/><a href=\"http:\/\/www.radiopiu.net\/wordpress\/wp-content\/uploads\/2019\/07\/CLAUDIA-DOLOMITIAMO.mp3\">http:\/\/www.radiopiu.net\/wordpress\/wp-content\/uploads\/2019\/07\/CLAUDIA-DOLOMITIAMO.mp3<\/a><\/audio>\n<p>&nbsp;<\/p>\n<p>&nbsp;<\/p>\n<p>&nbsp;<\/p>\n<p>&nbsp;<\/p>\n<div class=\"page-title-head hgroup\">\n<h3 class=\"entry-title\">10 AGOSTO, AL BOSCO DEGLI ARTISTI LA GRANDE MUSICA<\/h3>\n<\/div>\n<blockquote class=\"wp-embedded-content\" data-secret=\"SMgh36F1CW\"><p><a href=\"http:\/\/www.radiopiu.net\/wordpress\/10-agosto-al-bosco-degli-artisti-la-grande-musica\/\">10 AGOSTO, AL BOSCO DEGLI ARTISTI LA GRANDE MUSICA<\/a><\/p><\/blockquote>\n<p><iframe loading=\"lazy\" title=\"&#8220;10 AGOSTO, AL BOSCO DEGLI ARTISTI LA GRANDE MUSICA&#8221; &#8212; Radio Pi\u00f9\" class=\"wp-embedded-content\" sandbox=\"allow-scripts\" security=\"restricted\" style=\"position: absolute; clip: rect(1px, 1px, 1px, 1px);\" src=\"http:\/\/www.radiopiu.net\/wordpress\/10-agosto-al-bosco-degli-artisti-la-grande-musica\/embed\/#?secret=SMgh36F1CW\" data-secret=\"SMgh36F1CW\" width=\"600\" height=\"338\" frameborder=\"0\" marginwidth=\"0\" marginheight=\"0\" scrolling=\"no\"><\/iframe><\/p>\n<p>&nbsp;<\/p>\n<p>&nbsp;<\/p>\n<p>&nbsp;<\/p>\n<h2>VENERDI ALPAGO MUSIC FESTIVAL ALPAGO&#8230; A CASTION<\/h2>\n<p>DI DAMIANO TORMEN<\/p>\n<audio class=\"wp-audio-shortcode\" id=\"audio-94457-12\" preload=\"none\" style=\"width: 100%;\" controls=\"controls\"><source type=\"audio\/mpeg\" src=\"http:\/\/www.radiopiu.net\/wordpress\/wp-content\/uploads\/2019\/08\/ALPAGO-MUSIC.mp3?_=12\" \/><a href=\"http:\/\/www.radiopiu.net\/wordpress\/wp-content\/uploads\/2019\/08\/ALPAGO-MUSIC.mp3\">http:\/\/www.radiopiu.net\/wordpress\/wp-content\/uploads\/2019\/08\/ALPAGO-MUSIC.mp3<\/a><\/audio>\n<h3><\/h3>\n<h3><\/h3>\n<p>&nbsp;<\/p>\n<h3><\/h3>\n<h3><span style=\"color: #ff0000;\"><strong>LIVINALLONGO<\/strong><\/span><\/h3>\n<h2>Martedi 13 agosto alle 17.30 in sala mostre dell&#8217;Ufficio Turistico di Arabba inaugurazione della personale di Nanni De Biasi &#8220;La Bellezza Rivelata&#8221;.<\/h2>\n<p align=\"justify\"><span style=\"color: #5b5b5b;\"><strong><a class=\"dt-pswp-item\" href=\"http:\/\/www.radiopiu.net\/wordpress\/wp-content\/uploads\/2019\/08\/nanni-de-biasi-ultimo-dipinto-arabba-2019.jpeg\" data-dt-img-description=\"\" data-large_image_width=\"1930\" data-large_image_height=\"1284\"><img loading=\"lazy\" decoding=\"async\" class=\"size-medium wp-image-94491 alignleft\" src=\"http:\/\/www.radiopiu.net\/wordpress\/wp-content\/uploads\/2019\/08\/nanni-de-biasi-ultimo-dipinto-arabba-2019-300x200.jpeg\" alt=\"\" width=\"300\" height=\"200\" srcset=\"https:\/\/www.radiopiu.net\/wordpress\/wp-content\/uploads\/2019\/08\/nanni-de-biasi-ultimo-dipinto-arabba-2019-300x200.jpeg 300w, https:\/\/www.radiopiu.net\/wordpress\/wp-content\/uploads\/2019\/08\/nanni-de-biasi-ultimo-dipinto-arabba-2019-768x511.jpeg 768w, https:\/\/www.radiopiu.net\/wordpress\/wp-content\/uploads\/2019\/08\/nanni-de-biasi-ultimo-dipinto-arabba-2019-1024x681.jpeg 1024w, https:\/\/www.radiopiu.net\/wordpress\/wp-content\/uploads\/2019\/08\/nanni-de-biasi-ultimo-dipinto-arabba-2019.jpeg 1930w\" sizes=\"auto, (max-width: 300px) 100vw, 300px\" \/><\/a>LIVINALLONGO<\/strong> \u201c<span style=\"font-family: georgia, palatino, serif;\"><span style=\"font-size: medium;\">La Bellezza Rilevata\u201d \u00e8 questo il titolo della mostra che sar\u00e0 visibile fino al 28 settembre ad Arabba, nel cuore delle Dolomiti. <\/span><\/span><\/span><span style=\"color: #5b5b5b;\"><span style=\"font-family: georgia, palatino, serif;\"><span style=\"font-size: medium;\">Una selezione di dipinti di <\/span><\/span><\/span><span style=\"color: #5b5b5b;\"><span style=\"font-family: georgia, palatino, serif;\"><span style=\"font-size: medium;\">Nanni De Biasi<\/span><\/span><\/span> <span style=\"color: #5b5b5b;\"><span style=\"font-family: georgia, palatino, serif;\"><span style=\"font-size: medium;\">sono esposti per <\/span><\/span><\/span><span style=\"color: #5b5b5b;\"><span style=\"font-family: georgia, palatino, serif;\"><span style=\"font-size: medium;\">tutta l\u2019estate nella sala al piano terra dell&#8217;Ufficio Turistico di Arabba. <\/span><\/span><\/span><span style=\"color: #5b5b5b;\"><span style=\"font-family: georgia, palatino, serif;\"><span style=\"font-size: medium;\">Diciotto <\/span><\/span><\/span><span style=\"color: #5b5b5b;\"><span style=\"font-family: georgia, palatino, serif;\"><span style=\"font-size: medium;\">quadri ad olio che testimoniano la qualit\u00e0 del lavoro di \u201cNanni\u201d<\/span><\/span><\/span><span style=\"color: #5b5b5b;\"><span style=\"font-family: georgia, palatino, serif;\"><span style=\"font-size: medium;\">, alpinista, fotografo e pittore. Opere risalenti e opere recentissime, alcune terminate a mostra aperta, per dare tutte assieme l\u2019idea del sentimento forte, panico che lega De Biasi alla natura <\/span><\/span><\/span><span style=\"color: #5b5b5b;\"><span style=\"font-family: georgia, palatino, serif;\"><span style=\"font-size: medium;\">della montagna dolomitica<\/span><\/span><\/span><span style=\"color: #5b5b5b;\"><span style=\"font-family: georgia, palatino, serif;\"><span style=\"font-size: medium;\">, all\u2019eterna anima mundi, qui svelata in una visione fuori dal tempo, in cui la presenza dell\u2019uomo e dei suoi manufatti \u00e8 esclusa. <\/span><\/span><\/span><span style=\"color: #5b5b5b;\"><span style=\"font-family: georgia, palatino, serif;\"><span style=\"font-size: medium;\">S<\/span><\/span><\/span><span style=\"color: #5b5b5b;\"><span style=\"font-family: georgia, palatino, serif;\"><span style=\"font-size: medium;\">ar\u00e0 <\/span><\/span><\/span><span style=\"color: #5b5b5b;\"><span style=\"font-family: georgia, palatino, serif;\"><span style=\"font-size: medium;\">inoltre <\/span><\/span><\/span><span style=\"color: #5b5b5b;\"><span style=\"font-family: georgia, palatino, serif;\"><span style=\"font-size: medium;\">disponibile il volume edito lo scorso Natale e dedicato a una selezione di opere degli ultimi dieci anni con un racconto dell\u2019artista. Un\u2019iniziativa <\/span><\/span><\/span><span style=\"color: #5b5b5b;\"><span style=\"font-family: georgia, palatino, serif;\"><span style=\"font-size: medium;\">che<\/span><\/span><\/span> <span style=\"color: #5b5b5b;\"><span style=\"font-family: georgia, palatino, serif;\"><span style=\"font-size: medium;\">vanta anche il<\/span><\/span><\/span> <span style=\"color: #5b5b5b;\"><span style=\"font-family: georgia, palatino, serif;\"><span style=\"font-size: medium;\">patrocinio<\/span><\/span><\/span><span style=\"color: #5b5b5b;\"><span style=\"font-family: georgia, palatino, serif;\"><span style=\"font-size: medium;\"> dalla Fondazione Dolomiti UNESCO. <\/span><\/span><\/span><span style=\"color: #5b5b5b;\"><span style=\"font-family: georgia, palatino, serif;\"><span style=\"font-size: medium;\">M<\/span><\/span><\/span><span style=\"color: #5b5b5b;\"><span style=\"font-family: georgia, palatino, serif;\"><span style=\"font-size: medium;\">arted\u00ec 13 <\/span><\/span><\/span><span style=\"color: #5b5b5b;\"><span style=\"font-family: georgia, palatino, serif;\"><span style=\"font-size: medium;\">a<\/span><\/span><\/span><span style=\"color: #5b5b5b;\"><span style=\"font-family: georgia, palatino, serif;\"><span style=\"font-size: medium;\">gosto <\/span><\/span><\/span><span style=\"color: #5b5b5b;\"><span style=\"font-family: georgia, palatino, serif;\"><span style=\"font-size: medium;\">alle<\/span><\/span><\/span><span style=\"color: #5b5b5b;\"><span style=\"font-family: georgia, palatino, serif;\"><span style=\"font-size: medium;\"> ore 1<\/span><\/span><\/span><span style=\"color: #5b5b5b;\"><span style=\"font-family: georgia, palatino, serif;\"><span style=\"font-size: medium;\">7<\/span><\/span><\/span><span style=\"color: #5b5b5b;\"><span style=\"font-family: georgia, palatino, serif;\"><span style=\"font-size: medium;\">:30 <\/span><\/span><\/span><span style=\"color: #5b5b5b;\"><span style=\"font-family: georgia, palatino, serif;\"><span style=\"font-size: medium;\">nella sala mostre ci sar\u00e0 un momento conviviale con l\u2019artista con l&#8217;introduzione <\/span><\/span><\/span><span style=\"color: #5b5b5b;\"><span style=\"font-family: georgia, palatino, serif;\"><span style=\"font-size: medium;\">di<\/span><\/span><\/span><span style=\"color: #5b5b5b;\"><span style=\"font-family: georgia, palatino, serif;\"><span style=\"font-size: medium;\"> Angelo Pauletti.<\/span><\/span><\/span><span style=\"color: #5b5b5b;\"><span style=\"font-family: georgia, palatino, serif;\"><span style=\"font-size: medium;\"> \u00a0<\/span><\/span><\/span><span style=\"color: #5b5b5b;\"><span style=\"font-family: georgia, palatino, serif;\"><span style=\"font-size: medium;\">Apertura: fino al <\/span><\/span><\/span><span style=\"color: #5b5b5b;\"><span style=\"font-family: georgia, palatino, serif;\"><span style=\"font-size: medium;\">28 settembre<\/span><\/span><\/span><span style=\"color: #5b5b5b;\"><span style=\"font-family: georgia, palatino, serif;\"><span style=\"font-size: medium;\"> tutti e giorni dalle ore 08:30 alle ore 12:10 e dalle ore 15:30 alle ore 18:30. <\/span><\/span><\/span><span style=\"color: #5b5b5b;\"><span style=\"font-family: georgia, palatino, serif;\"><span style=\"font-size: medium;\">Dal 26 agosto esclusa la domenica. <\/span><\/span><\/span><span style=\"color: #5b5b5b;\"><span style=\"font-family: georgia, palatino, serif;\"><span style=\"font-size: medium;\">L\u2019ingresso \u00e8 libero. <\/span><\/span><\/span><span style=\"color: #5b5b5b;\"><span style=\"font-family: georgia, palatino, serif;\"><span style=\"font-size: medium;\">Ulteriori i<\/span><\/span><\/span><span style=\"color: #5b5b5b;\"><span style=\"font-family: georgia, palatino, serif;\"><span style=\"font-size: medium;\">nformazioni <\/span><\/span><\/span><span style=\"color: #5b5b5b;\"><span style=\"font-family: georgia, palatino, serif;\"><span style=\"font-size: medium;\">Ufficio Turistico di Arabba<\/span><\/span><\/span><span style=\"color: #5b5b5b;\"><span style=\"font-family: georgia, palatino, serif;\"><span style=\"font-size: medium;\">: Tel. +39 0436 7<\/span><\/span><\/span><span style=\"color: #5b5b5b;\"><span style=\"font-family: georgia, palatino, serif;\"><span style=\"font-size: medium;\">9130<\/span><\/span><\/span><span style=\"color: #5b5b5b;\"><span style=\"font-family: georgia, palatino, serif;\"><span style=\"font-size: medium;\"> e-mail <a href=\"mailto:info@arabba.it\" target=\"_blank\" rel=\"noopener noreferrer\">info@arabba.it<\/a><\/span><\/span><\/span><\/p>\n<blockquote>\n<p align=\"justify\"><strong><span style=\"color: #5b5b5b;\"><span style=\"font-family: georgia, palatino, serif;\"><span style=\"font-size: medium;\">CHI E\u2019 <\/span><\/span><\/span><span style=\"color: #5b5b5b;\"><span style=\"font-family: georgia, palatino, serif;\"><span style=\"font-size: medium;\">GIOVANNI D<\/span><\/span><\/span><span style=\"color: #5b5b5b;\"><span style=\"font-family: georgia, palatino, serif;\"><span style=\"font-size: medium;\">E <\/span><\/span><\/span><span style=\"color: #5b5b5b;\"><span style=\"font-family: georgia, palatino, serif;\"><span style=\"font-size: medium;\">BIASI <\/span><\/span><\/span><span style=\"color: #5b5b5b;\"><span style=\"font-family: georgia, palatino, serif;\"><span style=\"font-size: medium;\">(\u201cNANNI\u201d)<\/span><\/span><\/span><\/strong><\/p>\n<p align=\"justify\"><span style=\"color: #5b5b5b;\"><span style=\"font-family: georgia, palatino, serif;\"><span style=\"font-size: medium;\"><i><a class=\"dt-pswp-item\" href=\"http:\/\/www.radiopiu.net\/wordpress\/wp-content\/uploads\/2019\/08\/nanni-de-biasi-mostra-arabba-estate-2019.jpeg\" data-dt-img-description=\"\" data-large_image_width=\"1280\" data-large_image_height=\"960\"><img loading=\"lazy\" decoding=\"async\" class=\"wp-image-94487 alignright\" src=\"http:\/\/www.radiopiu.net\/wordpress\/wp-content\/uploads\/2019\/08\/nanni-de-biasi-mostra-arabba-estate-2019-300x225.jpeg\" alt=\"\" width=\"259\" height=\"194\" srcset=\"https:\/\/www.radiopiu.net\/wordpress\/wp-content\/uploads\/2019\/08\/nanni-de-biasi-mostra-arabba-estate-2019-300x225.jpeg 300w, https:\/\/www.radiopiu.net\/wordpress\/wp-content\/uploads\/2019\/08\/nanni-de-biasi-mostra-arabba-estate-2019-768x576.jpeg 768w, https:\/\/www.radiopiu.net\/wordpress\/wp-content\/uploads\/2019\/08\/nanni-de-biasi-mostra-arabba-estate-2019-1024x768.jpeg 1024w, https:\/\/www.radiopiu.net\/wordpress\/wp-content\/uploads\/2019\/08\/nanni-de-biasi-mostra-arabba-estate-2019.jpeg 1280w\" sizes=\"auto, (max-width: 259px) 100vw, 259px\" \/><\/a>Nato a Cortina d\u2019Ampezzo nel 1950. Si laurea in architettura e lavora nel campo della comunicazione d\u2019impresa, parallelamente coltiva la grande passione per la montagna attraverso la scalata e la documentazione fotografica. Altra grande passione di De Biasi \u00e8 la pittura approcciata in giovinezza e successivamente lasciata decantare per trent\u2019anni, ora ci si dedica esclusivamente. De Biasi, oggi conta la creazione di oltre cento opere, ritrae i gruppi montuosi e le vette dolomitiche, la lui conosciute letteralmente palmo a palmo, le descrive minuziosamente, con l\u2019attenzione del fotografo. Presta particolare interesse alla morfologia della montagna, vissuta con quel senso di compenetrazione e di trasporto contemplativo concepibile soltanto da chi ha donato loro il proprio sudore e il proprio tempo.<\/i><\/span><\/span><\/span><\/p>\n<\/blockquote>\n<p>&nbsp;<\/p>\n<p>&nbsp;<\/p>\n<p>&nbsp;<\/p>\n<h2>100 anni fa la strada a Canal del Mis<\/h2>\n<p><strong><a class=\"dt-pswp-item\" href=\"http:\/\/www.radiopiu.net\/wordpress\/wp-content\/uploads\/2019\/08\/Lavori-alla-strada.jpg\" data-dt-img-description=\"\" data-large_image_width=\"1500\" data-large_image_height=\"1975\"><img loading=\"lazy\" decoding=\"async\" class=\" wp-image-94515 alignleft\" src=\"http:\/\/www.radiopiu.net\/wordpress\/wp-content\/uploads\/2019\/08\/Lavori-alla-strada-228x300.jpg\" alt=\"\" width=\"162\" height=\"213\" srcset=\"https:\/\/www.radiopiu.net\/wordpress\/wp-content\/uploads\/2019\/08\/Lavori-alla-strada-228x300.jpg 228w, https:\/\/www.radiopiu.net\/wordpress\/wp-content\/uploads\/2019\/08\/Lavori-alla-strada-768x1011.jpg 768w, https:\/\/www.radiopiu.net\/wordpress\/wp-content\/uploads\/2019\/08\/Lavori-alla-strada-778x1024.jpg 778w, https:\/\/www.radiopiu.net\/wordpress\/wp-content\/uploads\/2019\/08\/Lavori-alla-strada.jpg 1500w\" sizes=\"auto, (max-width: 162px) 100vw, 162px\" \/><\/a>SOSPIROLO<\/strong>\u00a0 Un viaggio nel tempo, nei luoghi e nella storia della gente di Canal del Mis. Sabato 10 agosto si terr\u00e0\u00a0 la manifestazione \u201c100 anni fa la strada!\u201d, dopo il doppio rinvio per maltempo. Coincide quest&#8217;anno con la manifestazione \u201cSognando California\u201d e si tratta di un&#8217;escursione animata con ricostruzioni storiche, personaggi del passato, letture, testimonianze.\u00a0 Il ritrovo \u00e8 alle 7.30 al ponte di Mis-Regolanova, dove nel maggio 1919 iniziarono i lavori per la realizzazione della strada. Qui si terr\u00e0 una breve cerimonia in ricordo della costruzione della strada alla presenza dei sindaci della Valle. A seguire trasferimento con mezzi propri al Ponte di San Remedio a Gena Bassa; gli organizzatori chiedono la collaborazione dei partecipanti per ottimizzare i posti auto a Pian Falcina prima di accedere a Gena Bassa presso il ponte a fine lago.\u00a0 Alle 8 avr\u00e0 inizio da qui inizio l\u2019escursione a piedi lungo la strada provinciale n. 2 della Valle del Mis con destinazione Pattine in California con pranzo rustico e balli d\u2019un tempo in compagnia del Gruppo Folk Ladin del P\u00f3i. Dalle 15 alle 17 la visita guidata alla cabina comandi e al coronamento della diga di Santa Giuliana in localit\u00e0 Pascoli<\/p>\n<p>&nbsp;<\/p>\n<p>&nbsp;<\/p>\n<p>&nbsp;<\/p>\n<p>&nbsp;<\/p>\n<h1><span style=\"color: #ff0000;\">PAGINE DI STORIA,\u00a0 DI RENATO BONA<\/span><\/h1>\n<blockquote class=\"wp-embedded-content\" data-secret=\"U3UAKEVxlX\"><p><a href=\"http:\/\/www.radiopiu.net\/wordpress\/i-decanati-di-cortina-e-livinallongo-uniti-alla-diocesi-di-belluno-nel-1964-di-renato-bona\/\">I DECANATI DI CORTINA E LIVINALLONGO UNITI ALLA DIOCESI DI BELLUNO NEL 1964 di  RENATO BONA<\/a><\/p><\/blockquote>\n<p><iframe loading=\"lazy\" title=\"&#8220;I DECANATI DI CORTINA E LIVINALLONGO UNITI ALLA DIOCESI DI BELLUNO NEL 1964 di  RENATO BONA&#8221; &#8212; Radio Pi\u00f9\" class=\"wp-embedded-content\" sandbox=\"allow-scripts\" security=\"restricted\" style=\"position: absolute; clip: rect(1px, 1px, 1px, 1px);\" src=\"http:\/\/www.radiopiu.net\/wordpress\/i-decanati-di-cortina-e-livinallongo-uniti-alla-diocesi-di-belluno-nel-1964-di-renato-bona\/embed\/#?secret=U3UAKEVxlX\" data-secret=\"U3UAKEVxlX\" width=\"600\" height=\"338\" frameborder=\"0\" marginwidth=\"0\" marginheight=\"0\" scrolling=\"no\"><\/iframe><\/p>\n<p>&nbsp;<\/p>\n<p>&nbsp;<\/p>\n<p>&nbsp;<\/p>\n<h2>OGGI\u00a0 \u00a0WOODSTOCK 50 ANNI DOPO con Claudio Pra<\/h2>\n<blockquote><p><em><a class=\"dt-pswp-item\" href=\"http:\/\/www.radiopiu.net\/wordpress\/wp-content\/uploads\/2019\/08\/Woodstock2.jpg\" data-dt-img-description=\"\" data-large_image_width=\"3264\" data-large_image_height=\"2448\"><img loading=\"lazy\" decoding=\"async\" class=\" wp-image-94057 alignleft\" src=\"http:\/\/www.radiopiu.net\/wordpress\/wp-content\/uploads\/2019\/08\/Woodstock2-300x225.jpg\" alt=\"\" width=\"251\" height=\"188\" srcset=\"https:\/\/www.radiopiu.net\/wordpress\/wp-content\/uploads\/2019\/08\/Woodstock2-300x225.jpg 300w, https:\/\/www.radiopiu.net\/wordpress\/wp-content\/uploads\/2019\/08\/Woodstock2-768x576.jpg 768w, https:\/\/www.radiopiu.net\/wordpress\/wp-content\/uploads\/2019\/08\/Woodstock2-1024x768.jpg 1024w\" sizes=\"auto, (max-width: 251px) 100vw, 251px\" \/><\/a><\/em><\/p>\n<p>&nbsp;<\/p>\n<p><em>\u00a0trasmissione in programma alla radio sul ricordo di quell&#8217;indimenticabile raduno generazionale alle 16 alle 23\u00a0<\/em><\/p>\n<p>foto buffablog.com<\/p><\/blockquote>\n<audio class=\"wp-audio-shortcode\" id=\"audio-94457-13\" preload=\"none\" style=\"width: 100%;\" controls=\"controls\"><source type=\"audio\/mpeg\" src=\"http:\/\/www.radiopiu.net\/wordpress\/wp-content\/uploads\/2019\/08\/claudio-promo-programma.mp3?_=13\" \/><a href=\"http:\/\/www.radiopiu.net\/wordpress\/wp-content\/uploads\/2019\/08\/claudio-promo-programma.mp3\">http:\/\/www.radiopiu.net\/wordpress\/wp-content\/uploads\/2019\/08\/claudio-promo-programma.mp3<\/a><\/audio>\n<p>&nbsp;<\/p>\n<p>&nbsp;<\/p>\n<p>&nbsp;<\/p>\n<h2>IL RITORNO DI ALICE BETTOLO CON IL PESCE ROSSO<\/h2>\n<p><strong>TAIBON<\/strong> Era il 2016, tre anni fa quando Radio Pi\u00f9 propose una serie di puntate &#8220;IL DIARIO DEL PESCE ROSSO&#8221; con Alice Bettolo che in questi anni non si \u00e8 fermata, ci racconter\u00e0 nuovi aneddoti e avventure. Sar\u00e0 in onda fino a venerdi alle 9.05 e alle 18.05 con la nuova serie de &#8220;I DIARI DEL PESCE ROSSO&#8221;.<\/p>\n<p><strong><span style=\"color: #0000ff;\"><a style=\"color: #0000ff;\" href=\"https:\/\/www.facebook.com\/idiaridelpescerosso\/?fref=ts\">PAGINA FACEBOOK CLICCA QUI<\/a><\/span><\/strong><\/p>\n<p>&nbsp;<\/p>\n<p>&nbsp;<\/p>\n<p>&nbsp;<\/p>\n<p>&nbsp;<\/p>\n<div>\n<h3><a class=\"dt-pswp-item\" href=\"http:\/\/www.radiopiu.net\/wordpress\/wp-content\/uploads\/2018\/09\/appuntamenti.jpeg\" data-dt-img-description=\"\" data-large_image_width=\"800\" data-large_image_height=\"100\"><img loading=\"lazy\" decoding=\"async\" class=\"alignnone size-full wp-image-61958\" src=\"http:\/\/www.radiopiu.net\/wordpress\/wp-content\/uploads\/2018\/09\/appuntamenti.jpeg\" alt=\"\" width=\"800\" height=\"100\" srcset=\"https:\/\/www.radiopiu.net\/wordpress\/wp-content\/uploads\/2018\/09\/appuntamenti.jpeg 800w, https:\/\/www.radiopiu.net\/wordpress\/wp-content\/uploads\/2018\/09\/appuntamenti-300x38.jpeg 300w, https:\/\/www.radiopiu.net\/wordpress\/wp-content\/uploads\/2018\/09\/appuntamenti-768x96.jpeg 768w\" sizes=\"auto, (max-width: 800px) 100vw, 800px\" \/><\/a><\/h3>\n<\/div>\n<div><\/div>\n<div><\/div>\n<div>\n<p><span style=\"color: #ff0000;\"><strong><a class=\"dt-pswp-item\" href=\"http:\/\/www.radiopiu.net\/wordpress\/wp-content\/uploads\/2019\/07\/21231208_1428419980586085_1115215269049052745_n.jpg\" data-dt-img-description=\"\" data-large_image_width=\"661\" data-large_image_height=\"661\"><img loading=\"lazy\" decoding=\"async\" class=\" wp-image-90482 alignleft\" src=\"http:\/\/www.radiopiu.net\/wordpress\/wp-content\/uploads\/2019\/07\/21231208_1428419980586085_1115215269049052745_n-300x300.jpg\" alt=\"\" width=\"145\" height=\"145\" srcset=\"https:\/\/www.radiopiu.net\/wordpress\/wp-content\/uploads\/2019\/07\/21231208_1428419980586085_1115215269049052745_n-300x300.jpg 300w, https:\/\/www.radiopiu.net\/wordpress\/wp-content\/uploads\/2019\/07\/21231208_1428419980586085_1115215269049052745_n-150x150.jpg 150w, https:\/\/www.radiopiu.net\/wordpress\/wp-content\/uploads\/2019\/07\/21231208_1428419980586085_1115215269049052745_n.jpg 661w\" sizes=\"auto, (max-width: 145px) 100vw, 145px\" \/><\/a><\/strong><\/span><\/p>\n<p><span style=\"color: #ff0000;\"><strong>PER IL SECONDO ANNO, PER TUTTA L&#8217;ESTATE: LA &#8220;FABBRICA DELLE EMOZIONI&#8221;, ALLA RADIO IN COLLABORAZIONE CON <a class=\"profileLink\" style=\"color: #ff0000;\" href=\"https:\/\/www.facebook.com\/dersut.taibon\/?__tn__=K-R&amp;eid=ARAWHGS4pY7ErSAGuNNMHp-xra7d294ysugnpoUicWkeK9rjbvd86RDR3SHV57JuBTC7yrMP85kcC7oy&amp;fref=mentions&amp;__xts__%5B0%5D=68.ARA8kEGfdeZlMevmYpMAmAmJ7ziHM_3WogqE61anVHM5V-Ht7pYFd4NJRcEVlK7VIq__zFsG6G8vsxxKnVF1SBmpERHebECtYKNHrf4mG4C4wVmPxxn4uj_nmTIeZglrdIyUPa0dnE3usWWzci033oOnyRS5XDhoavIU-eTU85t_Wp6jFT0-ULRP932r4STxN16bdptt8cef\" data-hovercard=\"\/ajax\/hovercard\/page.php?id=904939246267497&amp;extragetparams=%7B%22__tn__%22%3A%22%2CdK-R-R%22%2C%22eid%22%3A%22ARAWHGS4pY7ErSAGuNNMHp-xra7d294ysugnpoUicWkeK9rjbvd86RDR3SHV57JuBTC7yrMP85kcC7oy%22%2C%22fref%22%3A%22mentions%22%7D\" data-hovercard-prefer-more-content-show=\"1\">Dersut Taibon<\/a>\u00a0EVENTI, APPUNTAMENTI, DIVERTIMENTI NELLA VALLATA AGORDINA. IN ONDA ALLA RADIO NEI NOTIZIARI E NEGLI APPROFONDIMENTI ALLA RADIO E SUL SITO\u00a0<a style=\"color: #ff0000;\" href=\"http:\/\/www.radiopiu.net\/?fbclid=IwAR3Zckh6EArPlP9el3_APl-CxxkfxeumpcmQ4v9HIwZohBUQuztQ4jOimzE\" target=\"_blank\" rel=\"noopener nofollow noreferrer\" data-ft=\"{&quot;tn&quot;:&quot;-U&quot;}\" data-lynx-mode=\"async\" data-lynx-uri=\"https:\/\/l.facebook.com\/l.php?u=http%3A%2F%2FWWW.RADIOPIU.NET%2F%3Ffbclid%3DIwAR3Zckh6EArPlP9el3_APl-CxxkfxeumpcmQ4v9HIwZohBUQuztQ4jOimzE&amp;h=AT3iK2sNf9WjhvLB7AaqYnWzUdWcBNNS_1cXI6UJ3eEvhP4Ym5v2vemsj9TpyM0_qzzb9gjT9sJhgm4I2ZXxgJSAlUfvNTaJwITPvOvqfAuTNdwnWON3ic-lvSbJXWzM3FVSvAgPffEqbH4dYL2TEG6D6xs5TZHrlhUGtTKMYKoPXpBJIF8ke0VZdFkl3YQ7tGdqat-r6rzvDTprheLIjQ7jKZPmLRbVLu1fIKQ2jHEQkMU8LzIZvt_s5FE3Fxl6fUw_HG6Kz2ygpE7qxE3yIyhlOk0wt55c_6ZWHfM2I0PFlpPFgNhCDJwFSVFieE73_LsmFyKeJSBqSnd9p7KBuOYgQAQepyVC8du7dtfKvd60oOKKb1xchMvMyu9mMRYGRKi2y8I7U2WlGyyKbcYHubfjzWI02WXZXcSE97K_yFCYyeqZ2T_hgQJ7vzHhfBlDLdaXxkE\">WWW.RADIOPIU.NET<\/a><\/strong><\/span><\/p>\n<\/div>\n<p>&nbsp;<\/p>\n<p>&nbsp;<\/p>\n<div id=\"articleContent\" class=\"mercuryWrapper\">\n<div class=\"mercuryScroller\">\n<div class=\"mercuryElement\">\n<div class=\"mercuryBox\">\n<div id=\"articlePlain\">\n<div class=\"articlePlainTitle\"><\/div>\n<div>\n<blockquote><p><em><strong>GLI ALPINI DI CENCENIGHE viste le condizioni atmosferiche anomali \u00a0e quindi seguite dall\u2019ordinanza del Prefetto, la quale ha vietato di effettuare qualsiasi festa all\u2019aperto, ha rinviato la festa in pineta al\u00a0 18 agosto.<\/strong><\/em><\/p><\/blockquote>\n<p>&nbsp;<\/p>\n<\/div>\n<\/div>\n<\/div>\n<\/div>\n<\/div>\n<div><\/div>\n<div class=\"mercuryScroller\">\n<div class=\"mercuryElement\">\n<div class=\"mercuryBox\">\n<div id=\"articlePlain\">\n<div><\/div>\n<div><\/div>\n<\/div>\n<\/div>\n<\/div>\n<\/div>\n<\/div>\n<p>&nbsp;<\/p>\n<p><strong><a class=\"dt-pswp-item\" href=\"http:\/\/www.radiopiu.net\/wordpress\/wp-content\/uploads\/2019\/08\/427bbe22-63be-4828-80c8-ae995b9bcb50.jpg\" data-dt-img-description=\"\" data-large_image_width=\"1131\" data-large_image_height=\"1600\"><img loading=\"lazy\" decoding=\"async\" class=\" wp-image-94372 alignleft\" src=\"http:\/\/www.radiopiu.net\/wordpress\/wp-content\/uploads\/2019\/08\/427bbe22-63be-4828-80c8-ae995b9bcb50-212x300.jpg\" alt=\"\" width=\"252\" height=\"357\" srcset=\"https:\/\/www.radiopiu.net\/wordpress\/wp-content\/uploads\/2019\/08\/427bbe22-63be-4828-80c8-ae995b9bcb50-212x300.jpg 212w, https:\/\/www.radiopiu.net\/wordpress\/wp-content\/uploads\/2019\/08\/427bbe22-63be-4828-80c8-ae995b9bcb50-768x1086.jpg 768w, https:\/\/www.radiopiu.net\/wordpress\/wp-content\/uploads\/2019\/08\/427bbe22-63be-4828-80c8-ae995b9bcb50-724x1024.jpg 724w, https:\/\/www.radiopiu.net\/wordpress\/wp-content\/uploads\/2019\/08\/427bbe22-63be-4828-80c8-ae995b9bcb50.jpg 1131w\" sizes=\"auto, (max-width: 252px) 100vw, 252px\" \/><\/a><\/strong><\/p>\n<p><strong>LIVINALLONGO<\/strong> Oggi Cerimonia a Cima Col di Lana in ricordo ai Caduti della 1^ Guerra Mondiale. Inizio ore 10.45, sempre domenica salita al Cima Col di Lana con guida. Al castello di Andraz approfondimenti della Domenica: spade e spadai del Bellunese a cura di Frabrizio Tonin e Michele Vello dalle\u00a0 14<\/p>\n<p><strong>COLLE SANTA LUCIA<\/strong> Per iniziativa dell&#8217;associazione Turistica oggi\u00a0 \u00e8 in programma &#8220;L&#8217;ALBA SUL MONTE PORE&#8221; cervi, camosci e caprioli. Escursione sul monte Pore con accompagnatori i cacciatori della sezione di Colle Santa Lucia, per osservare gli animali. Partenza alle 5.30 dal Rifugio Fedare. Informazioni: Associazione Turistica di Colle Santa Lucia telefono 347.6189044. In caso di maltempo la gita sar\u00e0 posticipata.\u00a0 Partecipazione con Offerta Libera<\/p>\n<p><img loading=\"lazy\" decoding=\"async\" class=\"size-medium wp-image-94373 alignright\" src=\"http:\/\/www.radiopiu.net\/wordpress\/wp-content\/uploads\/2019\/08\/67950528_724971697923745_9160507609860538368_n-212x300.jpg\" alt=\"\" width=\"212\" height=\"300\" srcset=\"https:\/\/www.radiopiu.net\/wordpress\/wp-content\/uploads\/2019\/08\/67950528_724971697923745_9160507609860538368_n-212x300.jpg 212w, https:\/\/www.radiopiu.net\/wordpress\/wp-content\/uploads\/2019\/08\/67950528_724971697923745_9160507609860538368_n.jpg 677w\" sizes=\"auto, (max-width: 212px) 100vw, 212px\" \/><\/p>\n<p><strong>CANALE D&#8217;AGORDO<\/strong> oggi mercatino di hobbistica ed artigianato in Piazza Papa Luciani, dalle ore 8 alle ore 18.00.<\/p>\n<div data-crea=\"font-wrapper\"><\/div>\n<p><strong>TAIBON<\/strong> Domani\u00a0 alle 17.45 nel cortile dell&#8217;asilo comunale Via al Forte in festa. Benedizione della via e momento commemorativo, dalle 18 apertura chiosco e cucina di strada con panini e barbecue di Francesco StreetFood. Per tutta la serata\u00a0 musica, sorprese e area attrezzata per bambini. Dal pomeriggio passeggiate naturalistiche per itinerari segnati.<\/p>\n<p><strong>RIVAMONTE<\/strong> Questa sera alle 21\u00a0alla Casa della Gioventu&#8217;\u00a0 si esibiranno i diplomandi del conservatorio Tomadini di Udine.<\/p>\n<p><strong>CAVIOLA<\/strong> Domani alle 21 alla Casa della Gioventu&#8217;\u00a0 si esibiranno i diplomandi del conservatorio Tomadini di Udine.<\/p>\n<p><strong>CANALE D&#8217;AGORDO<\/strong>\u00a0 AI giovedi delle biblioteche, domani\u00a0 alle 20.45 Marco Crepaz e Luciana Tavi presentano &#8220;i ricordi della valigia, emigrazione 2.0&#8221; Con <a class=\"dt-pswp-item\" href=\"http:\/\/www.radiopiu.net\/wordpress\/wp-content\/uploads\/2019\/08\/ce220eb6-8385-413b-b98a-c75ab24f2e0d.jpg\" data-dt-img-description=\"\" data-large_image_width=\"1131\" data-large_image_height=\"1600\"><img loading=\"lazy\" decoding=\"async\" class=\"size-medium wp-image-94391 alignleft\" src=\"http:\/\/www.radiopiu.net\/wordpress\/wp-content\/uploads\/2019\/08\/ce220eb6-8385-413b-b98a-c75ab24f2e0d-212x300.jpg\" alt=\"\" width=\"212\" height=\"300\" srcset=\"https:\/\/www.radiopiu.net\/wordpress\/wp-content\/uploads\/2019\/08\/ce220eb6-8385-413b-b98a-c75ab24f2e0d-212x300.jpg 212w, https:\/\/www.radiopiu.net\/wordpress\/wp-content\/uploads\/2019\/08\/ce220eb6-8385-413b-b98a-c75ab24f2e0d-768x1086.jpg 768w, https:\/\/www.radiopiu.net\/wordpress\/wp-content\/uploads\/2019\/08\/ce220eb6-8385-413b-b98a-c75ab24f2e0d-724x1024.jpg 724w, https:\/\/www.radiopiu.net\/wordpress\/wp-content\/uploads\/2019\/08\/ce220eb6-8385-413b-b98a-c75ab24f2e0d.jpg 1131w\" sizes=\"auto, (max-width: 212px) 100vw, 212px\" \/><\/a>l&#8217;intervento di un ex emigrante del poto e videomessaggio di giovani emigranti.<\/p>\n<p><strong>VOLTAGO<\/strong> Dopo Agordo ecco la presentazione del libro &#8220;Tu non sai&#8221; poesie e racconti di Cherubino Miana in casa dello stesso Miana in sala De Col. E&#8217; in programma per venerdi 9 agosto alle 20.<\/p>\n<p><strong>CAVIOLA\u00a0<\/strong> Venerdi\u00a0 alla Casa della giovent\u00f9 di Caviola &#8220;La musica dei sassi&#8221; con la pianista Silvia Tessari e il geologo Vittorio Fenti. Appuntamenti per le 20.45.<\/p>\n<p><strong>SAN TOMASO<\/strong> Sabato 10 agosto dalle 21 all&#8217;Arena 1082 di San Tomaso la festa estiva con Nuovi Traguardi. Serata gastronomica con spiedo gigante con la musica del gruppo 3 GOT DOWN. Evento organizzato dall&#8217;associazione presieduta dal dottor Graziano Pianezze per la lotta contro le malattie del sangue.<\/p>\n<p><strong>FALCADE<\/strong> Domenica alle 15 festa degli scoiattoli per tutti i bambini che abbiano gi\u00e0 compiuto i 5 anni. Abilit\u00e0, giochi, sport con la scuola Equipe. Iscrizioni 15 euro con nutella party.<\/p>\n<p><strong>SAN GREGORIO NELLA ALPI<\/strong> Sabato e domenica presso gli impianti sportivi festa per i 50 anni della proloco. Sabato alle 15 simposio di scultura, 20.30 presentazione del libro di Elena Cassol Munerol. Domenica 10 messa, 12.30 pranzo del 50esimo con animazione musicale.<\/p>\n<p><strong>CANALE D&#8217;AGORDO<\/strong> Sabato 10 e domenica 11 agosto avr\u00e0 luogo la Festa del Cacciatore, in localit\u00e0 Laonei (accessibile da via Soia) a Canale d&#8217;Agordo. Messa, cucina tipica, gara di briscola, gara di tiro con la carabina, muisica con i Siver Musich, lotteria.<\/p>\n<p><strong>AGORDO CAI<\/strong> Sabato e domenica escursione alla Cima Trappola, metri 1865, altopiano della Lessinia, terzo raduno delle sezioni Cai del Veneto.\u00a0 Domenica 11 agosto escursione a Cima Viezzena metro 2490 gruppo di Bocche. Informazioni al 380 6983040 dalle 16 alle 21, da oggi.<\/p>\n<p><strong>BELLUNO CAI<\/strong> La Commissione Escursionismo della Sezione del Cai di Belluno organizza per domenica 8 Settembre 2019, in occasione del 3\u00b0 Raduno delle sezioni Cai del Veneto, un\u2019escursione sull\u2019Altopiano della Lessinia.\u00a0 Il programma completo \u00e8 pubblicato sul sito della Sezione www.caibelluno.it.<\/p>\n<p><strong>BELLUNO<\/strong> San Gualberto sotto le stelle. Venerdi 9 agosto alle 18.45 a Malga Faverghera concerto del Quartetto Barance, ai clarinetti Debora Ongaro, Anna Zanella, Alessandro Pasuch e Annika Baake. Il 16 agosto alle 18 nel giardino della chiesa di San Gualberto concerto d&#8217;arpa con Chiara Gasparotto. Ingresso libero.<\/p>\n<p>&nbsp;<\/p>\n<p>&nbsp;<\/p>\n<p>&nbsp;<\/p>\n<p><a class=\"dt-pswp-item\" href=\"http:\/\/www.radiopiu.net\/wordpress\/wp-content\/uploads\/2018\/09\/sport.jpg\" data-dt-img-description=\"\" data-large_image_width=\"800\" data-large_image_height=\"100\"><img loading=\"lazy\" decoding=\"async\" class=\"alignnone wp-image-60761 size-full\" src=\"http:\/\/www.radiopiu.net\/wordpress\/wp-content\/uploads\/2018\/09\/sport.jpg\" alt=\"\" width=\"800\" height=\"100\" srcset=\"https:\/\/www.radiopiu.net\/wordpress\/wp-content\/uploads\/2018\/09\/sport.jpg 800w, https:\/\/www.radiopiu.net\/wordpress\/wp-content\/uploads\/2018\/09\/sport-300x38.jpg 300w, https:\/\/www.radiopiu.net\/wordpress\/wp-content\/uploads\/2018\/09\/sport-768x96.jpg 768w\" sizes=\"auto, (max-width: 800px) 100vw, 800px\" \/><\/a><\/p>\n<p>&nbsp;<\/p>\n<p>&nbsp;<\/p>\n<h2>DA CORTINA AD ALLEGHE, BURZACCA IL PORTIERE GIOCHERA&#8217; LA NUOVA STAGIONE IN MAGLIA BIANCOROSSA<\/h2>\n<p>INTERVISTA AD ADRIANO LEVIS AMMINISTRATORE DELEGATO ALLEGHE HOCKEY<br \/>\nMARCO GAZ<\/p>\n<audio class=\"wp-audio-shortcode\" id=\"audio-94457-14\" preload=\"none\" style=\"width: 100%;\" controls=\"controls\"><source type=\"audio\/mpeg\" src=\"http:\/\/www.radiopiu.net\/wordpress\/wp-content\/uploads\/2019\/08\/LEVIS-BURZACCA-E-CAMP.mp3?_=14\" \/><a href=\"http:\/\/www.radiopiu.net\/wordpress\/wp-content\/uploads\/2019\/08\/LEVIS-BURZACCA-E-CAMP.mp3\">http:\/\/www.radiopiu.net\/wordpress\/wp-content\/uploads\/2019\/08\/LEVIS-BURZACCA-E-CAMP.mp3<\/a><\/audio>\n<p>&nbsp;<\/p>\n<div class=\"bigslam-single-article-thumbnail bigslam-media-image\"><img loading=\"lazy\" decoding=\"async\" class=\"alignleft\" src=\"https:\/\/i2.wp.com\/www.alleghehockey.com\/wp-content\/uploads\/2019\/08\/Burzacca_Luca_Cortina_30_08_2013.jpg?zoom=1.25&amp;fit=1000%2C563\" alt=\"\" width=\"356\" height=\"200\" \/><\/div>\n<div class=\"bigslam-single-article-content\">\n<p><strong>ALLEGHE HOCKEY<\/strong> Questo \u00e8 il nuovo volto della squadra agordina, volto noto quello di Luca Burzacca, il portiere. Pochi giorni fa davano la notizia della partenza di Tommaso Zanardi per il Como, giocher\u00e0 con i lariani e frequenter\u00e0 il ciclo di studi a Milano, di qui la decisione di accasarsi altrove. Oggi invece la societ\u00e0 annuncia l&#8217;arrivo di\u00a0 Luca Burzacca. Gi\u00e0 dai primi incontri c\u2019\u00e8 stata sintonia con la Dirigenza dell\u2019Alleghe Hockey e Luca arriva ad Alleghe con la voglia e la volont\u00e0 di fare bene animato da tanto orgoglio e passione.<\/p>\n<\/div>\n<p>L\u2019amministratore delegato dell\u2019Alleghe Hockey, Adriano Levis ai microfoni di RADIO PIU a giugno aveva dichiarato;<em>\u00a0\u201cSiamo molto fiduciosi. Siamo alla ricerca di un portiere, Tommaso Zanardi andr\u00e0 infatti a Milano per continuare a studiare all\u2019Universit\u00e0, un bravo ragazzo, ci mancher\u00e0\u201d.<\/em><\/p>\n<div class=\"bigslam-single-article-content\">\n<p>Luca, classe 1992, 183cm per 76 kg, \u00e8 cresciuto nelle giovanili del Cortina e dopo esperienze in prestito a Dobbiaco, Gardena, Ora e Feltre la scorsa stagione \u00e8 stato il backup degli Scoiattoli dove ha difeso la porta in 7 partite con una media parate del 84,2%. In questa stagione far\u00e0 coppia con l\u2019altro estremo Diego De Silvestro, due portieri che nonostante la giovane et\u00e0 possono garantire esperienza e solidit\u00e0 al Team, avendo gi\u00e0 alle spalle tra IHL e ALPS Hockey League numerosi campionati giocati.<\/p>\n<h3><em>In bocca al lupo a due hockeysti agordini, Francesco De Biasio e Tommaso Zanardi. In questi giorni hanno messo la firma su due importanti contratti, Francesco su quello del Valpellice che ha vinto la serie C approdando nella IHL, quindi il figlio di Paolo De Biasio torner\u00e0 a giocare anche nel suo stadio. Per Francesco \u00e8 un ritorno nell&#8217;alta torinese, con la Valpe ha gi\u00e0 giocato di stecca&#8230;e di cuore. Tommaso Zanardi ha invece firmato con il Como di IHL, anche il cortinese Francesco Taufer giocher\u00e0 a <\/em><\/h3>\n<\/div>\n<p>&nbsp;<\/p>\n<p>&nbsp;<\/p>\n<p>&nbsp;<\/p>\n<p>&nbsp;<\/p>\n<h2>VALENTINO E LORENZO INSUPERABILI TRA LE BURELE DI LA VALLE<\/h2>\n<p><strong><a class=\"dt-pswp-item\" href=\"http:\/\/www.radiopiu.net\/wordpress\/wp-content\/uploads\/2019\/08\/WhatsApp-Image-2019-08-05-at-19.46.22.jpeg\" data-dt-img-description=\"\" data-large_image_width=\"1600\" data-large_image_height=\"1200\"><img loading=\"lazy\" decoding=\"async\" class=\" wp-image-94436 alignleft\" src=\"http:\/\/www.radiopiu.net\/wordpress\/wp-content\/uploads\/2019\/08\/WhatsApp-Image-2019-08-05-at-19.46.22-300x225.jpeg\" alt=\"\" width=\"252\" height=\"189\" srcset=\"https:\/\/www.radiopiu.net\/wordpress\/wp-content\/uploads\/2019\/08\/WhatsApp-Image-2019-08-05-at-19.46.22-300x225.jpeg 300w, https:\/\/www.radiopiu.net\/wordpress\/wp-content\/uploads\/2019\/08\/WhatsApp-Image-2019-08-05-at-19.46.22-768x576.jpeg 768w, https:\/\/www.radiopiu.net\/wordpress\/wp-content\/uploads\/2019\/08\/WhatsApp-Image-2019-08-05-at-19.46.22-1024x768.jpeg 1024w, https:\/\/www.radiopiu.net\/wordpress\/wp-content\/uploads\/2019\/08\/WhatsApp-Image-2019-08-05-at-19.46.22.jpeg 1600w\" sizes=\"auto, (max-width: 252px) 100vw, 252px\" \/><\/a>LA VALLE<\/strong> Valentino De Nardin con Lorenzo Busin vincono la 39esima edizione de El Giro de le Burele organizzato dallo Sci Club La Valle nel ricordo del primo presidente Ovidio Da Roit (memorial alla 16esima edizione). La coppia di agordini ha messo alle spalle con un ritardo di 6 secondi la coppia, Valentino e Matteo Costa, terzi a 15 secondi Luca Mosena e Igor Palla. <strong>Nella femminile<\/strong> successo pieno per Camilla Comina e Marilena Rossa, oltre 3 minuti la seconda e terza coppia formate rispettivamente da Veronic\u00e0 Trov\u00f2 con Michela Fossen e Monica Scussel con Marina Savio. <strong>Nella mista<\/strong> vittoria per Manuela Bulf con Ivano Marcon, a seguire Luca Schizzi con Sonia Matten e Patrizia Zanette con Rory Polles. Tra i ragazzi successo per Federico Milani con Raffaele De Bernardin, nella femminile Bettina Bortolini con Martina Olivier. Giovani: Martin Farenzena-Manuel Soccol; Gaia Pollazzon-Alyssa Friz.<\/p>\n<p>LE CLASSIFICHE COMPLETE\u00a0 <span style=\"color: #0000ff;\"><a style=\"color: #0000ff;\" href=\"http:\/\/www.sciclublavalleagordina.com\/Burele_2019_Categorie.pdf\">CLICCA QUI\u00a0<\/a><\/span><\/p>\n<p><a class=\"dt-pswp-item\" href=\"http:\/\/www.radiopiu.net\/wordpress\/wp-content\/uploads\/2019\/08\/WhatsApp-Image-2019-08-05-at-19.51.07.jpeg\" data-dt-img-description=\"\" data-large_image_width=\"1600\" data-large_image_height=\"1200\"><img loading=\"lazy\" decoding=\"async\" class=\"alignnone size-medium wp-image-94440\" src=\"http:\/\/www.radiopiu.net\/wordpress\/wp-content\/uploads\/2019\/08\/WhatsApp-Image-2019-08-05-at-19.51.07-300x225.jpeg\" alt=\"\" width=\"300\" height=\"225\" srcset=\"https:\/\/www.radiopiu.net\/wordpress\/wp-content\/uploads\/2019\/08\/WhatsApp-Image-2019-08-05-at-19.51.07-300x225.jpeg 300w, https:\/\/www.radiopiu.net\/wordpress\/wp-content\/uploads\/2019\/08\/WhatsApp-Image-2019-08-05-at-19.51.07-768x576.jpeg 768w, https:\/\/www.radiopiu.net\/wordpress\/wp-content\/uploads\/2019\/08\/WhatsApp-Image-2019-08-05-at-19.51.07-1024x768.jpeg 1024w, https:\/\/www.radiopiu.net\/wordpress\/wp-content\/uploads\/2019\/08\/WhatsApp-Image-2019-08-05-at-19.51.07.jpeg 1600w\" sizes=\"auto, (max-width: 300px) 100vw, 300px\" \/><\/a><a class=\"dt-pswp-item\" href=\"http:\/\/www.radiopiu.net\/wordpress\/wp-content\/uploads\/2019\/08\/WhatsApp-Image-2019-08-05-at-19.50.13.jpeg\" data-dt-img-description=\"\" data-large_image_width=\"1600\" data-large_image_height=\"1200\"><img loading=\"lazy\" decoding=\"async\" class=\"alignnone size-medium wp-image-94439\" src=\"http:\/\/www.radiopiu.net\/wordpress\/wp-content\/uploads\/2019\/08\/WhatsApp-Image-2019-08-05-at-19.50.13-300x225.jpeg\" alt=\"\" width=\"300\" height=\"225\" srcset=\"https:\/\/www.radiopiu.net\/wordpress\/wp-content\/uploads\/2019\/08\/WhatsApp-Image-2019-08-05-at-19.50.13-300x225.jpeg 300w, https:\/\/www.radiopiu.net\/wordpress\/wp-content\/uploads\/2019\/08\/WhatsApp-Image-2019-08-05-at-19.50.13-768x576.jpeg 768w, https:\/\/www.radiopiu.net\/wordpress\/wp-content\/uploads\/2019\/08\/WhatsApp-Image-2019-08-05-at-19.50.13-1024x768.jpeg 1024w, https:\/\/www.radiopiu.net\/wordpress\/wp-content\/uploads\/2019\/08\/WhatsApp-Image-2019-08-05-at-19.50.13.jpeg 1600w\" sizes=\"auto, (max-width: 300px) 100vw, 300px\" \/><\/a><\/p>\n<p>&nbsp;<\/p>\n<p>IL PRESIDENTE EUDIO DE COL<\/p>\n<audio class=\"wp-audio-shortcode\" id=\"audio-94457-15\" preload=\"none\" style=\"width: 100%;\" controls=\"controls\"><source type=\"audio\/mpeg\" src=\"http:\/\/www.radiopiu.net\/wordpress\/wp-content\/uploads\/2019\/08\/eudio.mp3?_=15\" \/><a href=\"http:\/\/www.radiopiu.net\/wordpress\/wp-content\/uploads\/2019\/08\/eudio.mp3\">http:\/\/www.radiopiu.net\/wordpress\/wp-content\/uploads\/2019\/08\/eudio.mp3<\/a><\/audio>\n<p>&nbsp;<\/p>\n<p>&nbsp;<\/p>\n<p><a class=\"dt-pswp-item\" href=\"http:\/\/www.radiopiu.net\/wordpress\/wp-content\/uploads\/2018\/09\/WhatsApp-Image-2018-09-20-at-16.04.06.jpeg\" data-dt-img-description=\"\" data-large_image_width=\"800\" data-large_image_height=\"100\"><img loading=\"lazy\" decoding=\"async\" class=\"alignnone wp-image-61378 size-full\" src=\"http:\/\/www.radiopiu.net\/wordpress\/wp-content\/uploads\/2018\/09\/WhatsApp-Image-2018-09-20-at-16.04.06.jpeg\" alt=\"\" width=\"800\" height=\"100\" srcset=\"https:\/\/www.radiopiu.net\/wordpress\/wp-content\/uploads\/2018\/09\/WhatsApp-Image-2018-09-20-at-16.04.06.jpeg 800w, https:\/\/www.radiopiu.net\/wordpress\/wp-content\/uploads\/2018\/09\/WhatsApp-Image-2018-09-20-at-16.04.06-300x38.jpeg 300w, https:\/\/www.radiopiu.net\/wordpress\/wp-content\/uploads\/2018\/09\/WhatsApp-Image-2018-09-20-at-16.04.06-768x96.jpeg 768w\" sizes=\"auto, (max-width: 800px) 100vw, 800px\" \/><\/a><\/p>\n<p>&nbsp;<\/p>\n<p><center><b>Mercoledi 7<\/b><\/center><b>Tempo atteso: <\/b>Tempo da parzialmente soleggiato e irregolarmente nuvoloso ed in parte instabile al pomeriggio. Tratti soleggiati, pi\u00f9 ampi al mattino, specie sulle Prealpi, e forte cumulificiazione dalle ore centrali in poi, pi\u00f9 intensa sulle Dolomiti, con nuovi fenomeni convettivi. Clima ancora relativamente caldo, nonostante il minore soleggiamento.<br \/>\n<b>Precipitazioni: <\/b>Nella notte qualche rovescio (20\/40%). Al mattino probabilit\u00e0 piuttosto bassa (0-10%). Al pomeriggio probabilit\u00e0 in aumento fino a medio-alta (60-80%) per rovesci e temporali, potrebbero essere meno intensi sui monti.<br \/>\n<b>Temperature: <\/b>In generale contenuta diminuzione, eccetto aumento delle minime nelle valli. Sono previste punte di 25\/26\u00b0C nei fondovalle prealpini e di 21\/22\u00b0C a 1000\/1200 m. Su Prealpi a 1500 m min 13\u00b0C max 16\u00b0C, a 2000 m min 11\u00b0C max 14\u00b0C. Su Dolomiti a 2000 m min 10\u00b0C max 13\u00b0C, a 3000 m min 6\u00b0C max 7\u00b0C.<br \/>\n<b>Venti: <\/b>Nelle valli deboli o moderati a regime di brezza; in quota moderati\/tesi da Sud-Ovest, fino a tesi\/forti sulle cime dolomitiche pi\u00f9 alte, a 15-30 km\/h a 2000 m, a 30-55 km\/h a 3000 m.<\/p>\n<hr \/>\n<p><center><b>Giovedi 8<\/b><\/center><b>Tempo atteso: <\/b>Dopo un probabile episodio di lieve instabilit\u00e0 notturna, il tempo tender\u00e0 a migliorare in parte al mattino con tratti soleggiati e presenza di banchi di nubi basse, prima di una ripresa della cumulificazione con instabilit\u00e0 a macchia di leopardo nel pomeriggio, associata a qualche rovescio o temporale. Clima sempre estivo, nonostante il deficit di sole.<br \/>\n<b>Precipitazioni: <\/b>Possibile residua instabilit\u00e0 notturna (30-50%). Al mattino probabilit\u00e0 bassa (0-10%). Al pomeriggio probabilit\u00e0 in contenuto aumento fino a media (40-60%) per rovesci e occasionali temporali.<br \/>\n<b>Temperature: <\/b>Senza notevoli variazioni rispetto a mercoled\u00ec o in lieve aumento le massime nelle valli. Sono previste punte di 27\/28\u00b0C nei fondovalle prealpini e di 22\/23\u00b0C a 1000\/1200 m. Su Prealpi a 1500 m min 13\u00b0C max 17\u00b0C, a 2000 m min 11\u00b0C max 14\u00b0C. Su Dolomiti a 2000 m min 10\u00b0C max 13\u00b0C, a 3000 m min 6\u00b0C max 7\u00b0C.<br \/>\n<b>Venti: <\/b>Nelle valli deboli o moderati a regime di brezza; in quota deboli\/moderati da Sud-Ovest, a 5-10 km\/h a 2000 m, a 10-15 km\/h a 3000 m.<\/p>\n<hr \/>\n<p><center><b>Venerdi 9<\/b><\/center>Tempo in prevalenza soleggiato con qualche velatura al mattino e modesta cumulificazione pomeridiana a ridosso dei rilievi. Temperature in generale ripresa, eccetto calo delle minime nelle valli. Venti deboli da Nord-Ovest in quota e brezze nelle valli.<\/p>\n<hr \/>\n<p><center><b>Sabato 10<\/b><\/center>Tempo in prevalenza soleggiato con qualche cumulo di bel tempo a ridosso dei rilievi nelle ore pi\u00f9 calde. Temperature in generale ulteriore aumento con clima diurno molto caldo nei fondovalle prealpini (33\/35\u00b0C) e nelle valli dolomitiche (29\/32\u00b0C sui 1000 m). Venti deboli da Sud-Ovest in quota e a regime di brezza nelle valli. Previsore: R.L.Th.<\/p>\n<hr \/>\n","protected":false},"excerpt":{"rendered":"<p>Richard Alexandre Santos Laurentis non ce l&#8217;ha fatta, il giovane brasiliano dopo una lunga agonia \u00e8 morto all&#8217;ospedale C\u00e0 Foncello di Treviso. Troppo gravi le ferite riportate nello scontro frontale tra la sua auto una Toyota Yaris\u00a0 che aveva invaso l&#8217;altra corsia\u00a0 ed il Tir proveniente dalla direzione opposta, Il giovane brasiliano da quell&#8217;attimo non&hellip;<\/p>\n","protected":false},"author":1,"featured_media":94545,"comment_status":"closed","ping_status":"closed","sticky":false,"template":"","format":"standard","meta":{"_monsterinsights_skip_tracking":false,"_monsterinsights_sitenote_active":false,"_monsterinsights_sitenote_note":"","_monsterinsights_sitenote_category":0,"footnotes":""},"categories":[86],"tags":[],"class_list":["post-94457","post","type-post","status-publish","format-standard","has-post-thumbnail","hentry","category-gr","category-86","description-off"],"img_url":"https:\/\/www.radiopiu.net\/wordpress\/wp-content\/uploads\/2019\/08\/WhatsApp-Image-2019-08-06-at-18.16.16-1.jpeg","_links":{"self":[{"href":"https:\/\/www.radiopiu.net\/wordpress\/wp-json\/wp\/v2\/posts\/94457","targetHints":{"allow":["GET"]}}],"collection":[{"href":"https:\/\/www.radiopiu.net\/wordpress\/wp-json\/wp\/v2\/posts"}],"about":[{"href":"https:\/\/www.radiopiu.net\/wordpress\/wp-json\/wp\/v2\/types\/post"}],"author":[{"embeddable":true,"href":"https:\/\/www.radiopiu.net\/wordpress\/wp-json\/wp\/v2\/users\/1"}],"replies":[{"embeddable":true,"href":"https:\/\/www.radiopiu.net\/wordpress\/wp-json\/wp\/v2\/comments?post=94457"}],"version-history":[{"count":0,"href":"https:\/\/www.radiopiu.net\/wordpress\/wp-json\/wp\/v2\/posts\/94457\/revisions"}],"wp:featuredmedia":[{"embeddable":true,"href":"https:\/\/www.radiopiu.net\/wordpress\/wp-json\/wp\/v2\/media\/94545"}],"wp:attachment":[{"href":"https:\/\/www.radiopiu.net\/wordpress\/wp-json\/wp\/v2\/media?parent=94457"}],"wp:term":[{"taxonomy":"category","embeddable":true,"href":"https:\/\/www.radiopiu.net\/wordpress\/wp-json\/wp\/v2\/categories?post=94457"},{"taxonomy":"post_tag","embeddable":true,"href":"https:\/\/www.radiopiu.net\/wordpress\/wp-json\/wp\/v2\/tags?post=94457"}],"curies":[{"name":"wp","href":"https:\/\/api.w.org\/{rel}","templated":true}]}}