{"id":94470,"date":"2019-08-07T03:00:20","date_gmt":"2019-08-07T01:00:20","guid":{"rendered":"http:\/\/www.radiopiu.net\/wordpress\/?p=94470"},"modified":"2019-08-08T05:57:16","modified_gmt":"2019-08-08T03:57:16","slug":"dolomitibus","status":"publish","type":"post","link":"https:\/\/www.radiopiu.net\/wordpress\/dolomitibus\/","title":{"rendered":"CHIUDE LUXOTTICA E DOLOMITIBUS CAMBIA GLI ORARI, UTENTI APPIEDATI"},"content":{"rendered":"<h2><\/h2>\n<p><strong><a class=\"dt-pswp-item\" href=\"http:\/\/www.radiopiu.net\/wordpress\/wp-content\/uploads\/2019\/08\/WhatsApp-Image-2019-08-03-at-09.47.56.jpeg\" data-dt-img-description=\"\" data-large_image_width=\"1200\" data-large_image_height=\"1600\"><img loading=\"lazy\" decoding=\"async\" class=\" wp-image-94371 alignleft\" src=\"http:\/\/www.radiopiu.net\/wordpress\/wp-content\/uploads\/2019\/08\/WhatsApp-Image-2019-08-03-at-09.47.56-225x300.jpeg\" alt=\"\" width=\"134\" height=\"179\" srcset=\"https:\/\/www.radiopiu.net\/wordpress\/wp-content\/uploads\/2019\/08\/WhatsApp-Image-2019-08-03-at-09.47.56-225x300.jpeg 225w, https:\/\/www.radiopiu.net\/wordpress\/wp-content\/uploads\/2019\/08\/WhatsApp-Image-2019-08-03-at-09.47.56-768x1024.jpeg 768w, https:\/\/www.radiopiu.net\/wordpress\/wp-content\/uploads\/2019\/08\/WhatsApp-Image-2019-08-03-at-09.47.56.jpeg 1200w\" sizes=\"auto, (max-width: 134px) 100vw, 134px\" \/><\/a>AGORDO<\/strong> Dolomiti Bus ha soppresso la corsa delle 14.02 da Agordo a Gosaldo, lasciando a piedi alcuni utenti che utilizzano i mezzi di questa fascia oraria per rientrare a casa, non importa se tra loro ci fossero anche persone nel disagio impegnate ad Agordo magari in importanti progetti di recupero. La corsa \u00e8 soppressa dal 5 al 24 agosto, e la prima\u00a0 successiva \u00e8 tre ore dopo alle\u00a0 17.12. Alcune persone gi\u00e0 il primo giorno sono rimaste appiedate poich\u00e9 non adeguatamente informate della variazione segnalata sul libretto e fogli orari della linea in oggetto e sul sito internet di Dolomitibus, molti per\u00f2 non hanno dimestichezza o non dispongono di smartphone evoluti, era forse auspicabile almeno\u00a0 un comunicato presso le biglietterie e i mezzi di informazione che non servono solo a sbandierare i successi dell&#8217;azienda quando presenta nuovi mezzi o partecipa ad eventi.<\/p>\n<blockquote><p><em><strong>AGORDO<\/strong> Trasporti part-time incentivato da Feltre e Belluno, le novit\u00e0 sono interessanti perche\u2019 da lunedi 26 agosto per i lavoratori con profilo 8-14 e 14-20 sar\u00e0 disponibile il servizio trasporto verso Agordo dalle due citt\u00e0 della Valbelluna. Per usufruire del servizio \u00e8 necessario acquistare il titolo di viaggio specifico. Ulteriori informazioni alla Dolomitibus<\/em><\/p><\/blockquote>\n","protected":false},"excerpt":{"rendered":"<p>AGORDO Dolomiti Bus ha soppresso la corsa delle 14.02 da Agordo a Gosaldo, lasciando a piedi alcuni utenti che utilizzano i mezzi di questa fascia oraria per rientrare a casa, non importa se tra loro ci fossero anche persone nel disagio impegnate ad Agordo magari in importanti progetti di recupero. La corsa \u00e8 soppressa dal&hellip;<\/p>\n","protected":false},"author":1,"featured_media":94370,"comment_status":"closed","ping_status":"closed","sticky":false,"template":"","format":"standard","meta":{"_monsterinsights_skip_tracking":false,"_monsterinsights_sitenote_active":false,"_monsterinsights_sitenote_note":"","_monsterinsights_sitenote_category":0,"footnotes":""},"categories":[51,49],"tags":[],"class_list":["post-94470","post","type-post","status-publish","format-standard","has-post-thumbnail","hentry","category-evidenza-top","category-news-18","category-51","category-49","description-off"],"img_url":"https:\/\/www.radiopiu.net\/wordpress\/wp-content\/uploads\/2019\/08\/WhatsApp-Image-2019-08-03-at-09.47.55.jpeg","_links":{"self":[{"href":"https:\/\/www.radiopiu.net\/wordpress\/wp-json\/wp\/v2\/posts\/94470","targetHints":{"allow":["GET"]}}],"collection":[{"href":"https:\/\/www.radiopiu.net\/wordpress\/wp-json\/wp\/v2\/posts"}],"about":[{"href":"https:\/\/www.radiopiu.net\/wordpress\/wp-json\/wp\/v2\/types\/post"}],"author":[{"embeddable":true,"href":"https:\/\/www.radiopiu.net\/wordpress\/wp-json\/wp\/v2\/users\/1"}],"replies":[{"embeddable":true,"href":"https:\/\/www.radiopiu.net\/wordpress\/wp-json\/wp\/v2\/comments?post=94470"}],"version-history":[{"count":0,"href":"https:\/\/www.radiopiu.net\/wordpress\/wp-json\/wp\/v2\/posts\/94470\/revisions"}],"wp:featuredmedia":[{"embeddable":true,"href":"https:\/\/www.radiopiu.net\/wordpress\/wp-json\/wp\/v2\/media\/94370"}],"wp:attachment":[{"href":"https:\/\/www.radiopiu.net\/wordpress\/wp-json\/wp\/v2\/media?parent=94470"}],"wp:term":[{"taxonomy":"category","embeddable":true,"href":"https:\/\/www.radiopiu.net\/wordpress\/wp-json\/wp\/v2\/categories?post=94470"},{"taxonomy":"post_tag","embeddable":true,"href":"https:\/\/www.radiopiu.net\/wordpress\/wp-json\/wp\/v2\/tags?post=94470"}],"curies":[{"name":"wp","href":"https:\/\/api.w.org\/{rel}","templated":true}]}}