{"id":94655,"date":"2019-08-08T04:54:23","date_gmt":"2019-08-08T02:54:23","guid":{"rendered":"http:\/\/www.radiopiu.net\/wordpress\/?p=94655"},"modified":"2019-08-08T11:50:09","modified_gmt":"2019-08-08T09:50:09","slug":"giornale-radiopiu-08-agosto-2019-direttore-mirko-mezzacasa","status":"publish","type":"post","link":"https:\/\/www.radiopiu.net\/wordpress\/giornale-radiopiu-08-agosto-2019-direttore-mirko-mezzacasa\/","title":{"rendered":"GIORNALE RADIOPIU 08 AGOSTO 2019 DIRETTORE MIRKO MEZZACASA"},"content":{"rendered":"<p><strong>C&#8217;\u00e8 uno stalker ad Agordo<\/strong>, uno stalker seriale che lascia bigliettini sulle auto delle donne, volgari e fastidiosi. Pi\u00f9 volte nel parcheggio dello stabilimento Luxottica, ma anche in piazza. Una ragazza racconta la disavventura gi\u00e0 segnalata alla caserma dei Carabinieri di Ponte Rova ad Agordo e non \u00e8 nemmeno la prima.<\/p>\n<p>&nbsp;<\/p>\n<blockquote>\n<div class=\"_2cuy _3dgx _2vxa\"><span class=\"_4yxo\">CONTINUA IL BLACK OUT TELEFONICO ALL&#8217;APPIA DI AGORDO. UN CAVO TRANCIATO, UNA TRAVERSA DI VIA 27 APRILE SENZA LINEA TELEFONICA FISSA E QUINDI ANCHE INTERNET. ALL&#8217;APPIA I DISAGI SONO QUOTIDIANI DA QUASI UNA SETTIMANA, DALLO SCORSO VENERDI. DIPENDENTI COSTRETTI A SCENDERE A BELLUNO PER AVERE UN COLLEGAMENTO ALLA RETE E QUINDI AGLI ARCHIVI, TRA L&#8217;ALTRO A FINE MESE CON LE PAGHE DA FARE E LE SOMME DA TIRARE. <\/span>CHIAMANDO I NUMERI DI TELEFONO NON SI OTTIENE RISPOSTA ALCUNA. NON E&#8217; STATO PREVISTO NEMMENO UN SERVIZIO DI DEVIAZIONE DI CHIAMATA.<\/div>\n<\/blockquote>\n<h2><\/h2>\n<h2>ULTIM&#8217;ORA TERREMOTO ALLE 7 37<\/h2>\n<p><a class=\"dt-pswp-item\" href=\"http:\/\/www.radiopiu.net\/wordpress\/wp-content\/uploads\/2019\/08\/68320260_10156508196627544_6537767044371185664_n.jpg\" data-dt-img-description=\"\" data-large_image_width=\"657\" data-large_image_height=\"960\"><img loading=\"lazy\" decoding=\"async\" class=\"alignnone size-medium wp-image-94804\" src=\"http:\/\/www.radiopiu.net\/wordpress\/wp-content\/uploads\/2019\/08\/68320260_10156508196627544_6537767044371185664_n-205x300.jpg\" alt=\"\" width=\"205\" height=\"300\" srcset=\"https:\/\/www.radiopiu.net\/wordpress\/wp-content\/uploads\/2019\/08\/68320260_10156508196627544_6537767044371185664_n-205x300.jpg 205w, https:\/\/www.radiopiu.net\/wordpress\/wp-content\/uploads\/2019\/08\/68320260_10156508196627544_6537767044371185664_n.jpg 657w\" sizes=\"auto, (max-width: 205px) 100vw, 205px\" \/><\/a><a class=\"dt-pswp-item\" href=\"http:\/\/www.radiopiu.net\/wordpress\/wp-content\/uploads\/2019\/08\/67772931_10217269793450950_457310435297722368_n.jpg\" data-dt-img-description=\"\" data-large_image_width=\"960\" data-large_image_height=\"582\"><img loading=\"lazy\" decoding=\"async\" class=\"alignnone size-medium wp-image-94806\" src=\"http:\/\/www.radiopiu.net\/wordpress\/wp-content\/uploads\/2019\/08\/67772931_10217269793450950_457310435297722368_n-300x182.jpg\" alt=\"\" width=\"300\" height=\"182\" srcset=\"https:\/\/www.radiopiu.net\/wordpress\/wp-content\/uploads\/2019\/08\/67772931_10217269793450950_457310435297722368_n-300x182.jpg 300w, https:\/\/www.radiopiu.net\/wordpress\/wp-content\/uploads\/2019\/08\/67772931_10217269793450950_457310435297722368_n-768x466.jpg 768w, https:\/\/www.radiopiu.net\/wordpress\/wp-content\/uploads\/2019\/08\/67772931_10217269793450950_457310435297722368_n.jpg 960w\" sizes=\"auto, (max-width: 300px) 100vw, 300px\" \/><\/a><a class=\"dt-pswp-item\" href=\"http:\/\/www.radiopiu.net\/wordpress\/wp-content\/uploads\/2019\/08\/7b35c0e9-9c1f-4058-a0bb-b46200203516.jpg\" data-dt-img-description=\"\" data-large_image_width=\"899\" data-large_image_height=\"1599\"><img loading=\"lazy\" decoding=\"async\" class=\"alignnone size-medium wp-image-94809\" src=\"http:\/\/www.radiopiu.net\/wordpress\/wp-content\/uploads\/2019\/08\/7b35c0e9-9c1f-4058-a0bb-b46200203516-169x300.jpg\" alt=\"\" width=\"169\" height=\"300\" srcset=\"https:\/\/www.radiopiu.net\/wordpress\/wp-content\/uploads\/2019\/08\/7b35c0e9-9c1f-4058-a0bb-b46200203516-169x300.jpg 169w, https:\/\/www.radiopiu.net\/wordpress\/wp-content\/uploads\/2019\/08\/7b35c0e9-9c1f-4058-a0bb-b46200203516-768x1366.jpg 768w, https:\/\/www.radiopiu.net\/wordpress\/wp-content\/uploads\/2019\/08\/7b35c0e9-9c1f-4058-a0bb-b46200203516-576x1024.jpg 576w, https:\/\/www.radiopiu.net\/wordpress\/wp-content\/uploads\/2019\/08\/7b35c0e9-9c1f-4058-a0bb-b46200203516.jpg 899w\" sizes=\"auto, (max-width: 169px) 100vw, 169px\" \/><\/a><\/p>\n<p>&nbsp;<\/p>\n<p>&nbsp;<\/p>\n<p><strong>Una pistola e delle munizioni di fine novecento,<\/strong> sono state ritrovate nella chiesetta di Mussoi a Belluno, erano nascoste dietro alla pala dell&#8217;altare, opera d&#8217;arte che \u00e8 stata tolta per essere restaurata. (sul corriere delle alpi il racconto fotografico di Alessia Forzin).<\/p>\n<p><strong>Ennio Vigne<\/strong> \u00e8 ufficialmente il Presidente del Parco Nazionale delle Dolomiti Bellunesi. Ieri la firma del Ministro Costa, Luca Zaia presidente della Regione e l&#8217;assessore bellunese Gianpaolo Bottacin si sono congratulati per la nomina augurando buon lavoro.<em> \u201cRingrazio il ministro Costa \u2013 dice Bottacin \u2013 per questa nomina \u2013 portata avanti d\u2019intesa con il presidente Zaia e condivisa con i Sindaci interessati. Una nomina che affida il parco ad un amministratore locale di grande esperienza sul territorio\u201d<\/em><\/p>\n<p><strong>Il maltempo ha fatto ancora dann<\/strong>i, l&#8217;altra sera numerose frane e smottamenti nelle frazioni di Belluno citt\u00e0. A Schiucaz di nuovo emergenza con case allagate e colate di fango in paese, tombini presto ostruiti e intervento dei Vigili del Fuoco, come dire che per un ritorno alla normalit\u00e0 ci vorranno ancora cantieri e lavori importanti.\u00a0 \u00a0A Vignole di Sedico si ripete l&#8217;allagamento del garage. Roberta Maraga proprietaria del terreno allagato adiacente ad un condominio valuta <a class=\"dt-pswp-item\" href=\"http:\/\/www.radiopiu.net\/wordpress\/wp-content\/uploads\/2018\/04\/Asino-e-lupo.jpg\" data-dt-img-description=\"\" data-large_image_width=\"500\" data-large_image_height=\"370\"><img loading=\"lazy\" decoding=\"async\" class=\"wp-image-46327 alignleft\" src=\"http:\/\/www.radiopiu.net\/wordpress\/wp-content\/uploads\/2018\/04\/Asino-e-lupo-300x222.jpg\" alt=\"\" width=\"236\" height=\"175\" srcset=\"https:\/\/www.radiopiu.net\/wordpress\/wp-content\/uploads\/2018\/04\/Asino-e-lupo-300x222.jpg 300w, https:\/\/www.radiopiu.net\/wordpress\/wp-content\/uploads\/2018\/04\/Asino-e-lupo.jpg 500w\" sizes=\"auto, (max-width: 236px) 100vw, 236px\" \/><\/a>di adire a vie legali se non otterr\u00e0 risposte soddisfacenti dal Comune poich\u00e9 dopo nuove edificazioni e la nuova rotatoria, le opere per lo smaltimento delle acque sembrano insufficienti. Esondazione del ruscello anche in Val Fontana sotto la strada regionale.<\/p>\n<p><strong>Il lupo si \u00e8 fatto rivedere<\/strong> sbranando un agnello a Cet di Belluno, ha scavalcato il recinto elettrificato, l&#8217;animale di Lino Celentin aveva 4 anni, gli altri due asini sono scappati nascondendosi in una piccola stalla.<\/p>\n<p><strong>A Ponte nelle Alpi<\/strong> si preannunciano giorni grigi con la chiusura del ponte di Santa Caterina per lavori, rimarr\u00e0 chiuso per 3 mesi Tre i percorsi alternativi,\u00a0Il prefetto lancia un appello alla collaborazione di tutti<\/p>\n<p><strong>La Polizia con le sue 1040 pattuglie sul territorio<\/strong> ha reso noti i dati dell&#8217;attivit\u00e0 da febbraio ad agosto, diminuiscono del 22 per cento gli incidenti con feriti (33 incidenti da 61, 49 feriti dagli 87 del precedente periodo). 5200 le sanzioni, il 290 per cento in pi\u00f9, oltre 11 mila punti patenti &#8220;persi&#8221;, erano 4200 nell&#8217;intero anno 2018.<\/p>\n<p>&nbsp;<\/p>\n<p>&nbsp;<\/p>\n<p><em>Gestione Servizi Pubblici informa che In TUTTO il Comune di GOSALDO tranne nelle localit\u00e0 CREPOT, DELUBI, LAGON, LAVEDER, PONGAN, RENON, SABE, VASSERE, l&#8217;acqua erogata dall&#8217;acquedotto non \u00e8 potabile e pu\u00f2 essere usata per scopi alimentari SOLO PREVIA bollitura<\/em><\/p>\n<p>&nbsp;<\/p>\n<p>&nbsp;<\/p>\n<blockquote><p><em><strong>FELTRE VIABILITA<\/strong> Per i giorni di mercoled\u00ec 14 e gioved\u00ec 15 agosto 2019 (se necessario) dalle 7alle 17\u00a0 per : &#8220;Sostituzione conduttori elettrodotto 220 kv presso centrale Vellai&#8221; &#8211; l\u2019istituzione, dei seguenti obblighi, divieti e limitazioni: chiusura totale al transito di tutti i veicoli, motocicli e cicli (escluso mezzi di soccorso ed autobus) del tratto di via Borgo Nuovo compreso fra l&#8217;incrocio con via Saluch ed i civici 14 \/ 23\u00a0<\/em><\/p><\/blockquote>\n<p>&nbsp;<\/p>\n<p>&nbsp;<\/p>\n<h4>IL MERCOLEDI DI MERCATO\u00a0 AD AGORDO, PARCHEGGIO DI TAMONICH OLTRE IL TUTTO ESAURITO.<\/h4>\n<p><a class=\"dt-pswp-item\" href=\"http:\/\/www.radiopiu.net\/wordpress\/wp-content\/uploads\/2019\/08\/67939428_876396776062649_6087139518056497152_n.jpg\" data-dt-img-description=\"\" data-large_image_width=\"720\" data-large_image_height=\"960\"><img loading=\"lazy\" decoding=\"async\" class=\"alignnone wp-image-94670\" src=\"http:\/\/www.radiopiu.net\/wordpress\/wp-content\/uploads\/2019\/08\/67939428_876396776062649_6087139518056497152_n-225x300.jpg\" alt=\"\" width=\"113\" height=\"150\" srcset=\"https:\/\/www.radiopiu.net\/wordpress\/wp-content\/uploads\/2019\/08\/67939428_876396776062649_6087139518056497152_n-225x300.jpg 225w, https:\/\/www.radiopiu.net\/wordpress\/wp-content\/uploads\/2019\/08\/67939428_876396776062649_6087139518056497152_n.jpg 720w\" sizes=\"auto, (max-width: 113px) 100vw, 113px\" \/><\/a><a class=\"dt-pswp-item\" href=\"http:\/\/www.radiopiu.net\/wordpress\/wp-content\/uploads\/2019\/08\/67723872_480909642477533_2753737901241008128_n.jpg\" data-dt-img-description=\"\" data-large_image_width=\"720\" data-large_image_height=\"960\"><img loading=\"lazy\" decoding=\"async\" class=\"alignnone wp-image-94671\" src=\"http:\/\/www.radiopiu.net\/wordpress\/wp-content\/uploads\/2019\/08\/67723872_480909642477533_2753737901241008128_n-225x300.jpg\" alt=\"\" width=\"114\" height=\"152\" srcset=\"https:\/\/www.radiopiu.net\/wordpress\/wp-content\/uploads\/2019\/08\/67723872_480909642477533_2753737901241008128_n-225x300.jpg 225w, https:\/\/www.radiopiu.net\/wordpress\/wp-content\/uploads\/2019\/08\/67723872_480909642477533_2753737901241008128_n.jpg 720w\" sizes=\"auto, (max-width: 114px) 100vw, 114px\" \/><\/a><a class=\"dt-pswp-item\" href=\"http:\/\/www.radiopiu.net\/wordpress\/wp-content\/uploads\/2019\/08\/67795439_404926803480385_8956732190717116416_n.jpg\" data-dt-img-description=\"\" data-large_image_width=\"1024\" data-large_image_height=\"768\"><img loading=\"lazy\" decoding=\"async\" class=\"alignnone wp-image-94672\" src=\"http:\/\/www.radiopiu.net\/wordpress\/wp-content\/uploads\/2019\/08\/67795439_404926803480385_8956732190717116416_n-300x225.jpg\" alt=\"\" width=\"204\" height=\"153\" srcset=\"https:\/\/www.radiopiu.net\/wordpress\/wp-content\/uploads\/2019\/08\/67795439_404926803480385_8956732190717116416_n-300x225.jpg 300w, https:\/\/www.radiopiu.net\/wordpress\/wp-content\/uploads\/2019\/08\/67795439_404926803480385_8956732190717116416_n-768x576.jpg 768w, https:\/\/www.radiopiu.net\/wordpress\/wp-content\/uploads\/2019\/08\/67795439_404926803480385_8956732190717116416_n.jpg 1024w\" sizes=\"auto, (max-width: 204px) 100vw, 204px\" \/><\/a><a class=\"dt-pswp-item\" href=\"http:\/\/www.radiopiu.net\/wordpress\/wp-content\/uploads\/2019\/08\/68756000_914902852212850_6436593952933019648_n.jpg\" data-dt-img-description=\"\" data-large_image_width=\"1024\" data-large_image_height=\"768\"><img loading=\"lazy\" decoding=\"async\" class=\"alignnone wp-image-94673\" src=\"http:\/\/www.radiopiu.net\/wordpress\/wp-content\/uploads\/2019\/08\/68756000_914902852212850_6436593952933019648_n-300x225.jpg\" alt=\"\" width=\"206\" height=\"154\" srcset=\"https:\/\/www.radiopiu.net\/wordpress\/wp-content\/uploads\/2019\/08\/68756000_914902852212850_6436593952933019648_n-300x225.jpg 300w, https:\/\/www.radiopiu.net\/wordpress\/wp-content\/uploads\/2019\/08\/68756000_914902852212850_6436593952933019648_n-768x576.jpg 768w, https:\/\/www.radiopiu.net\/wordpress\/wp-content\/uploads\/2019\/08\/68756000_914902852212850_6436593952933019648_n.jpg 1024w\" sizes=\"auto, (max-width: 206px) 100vw, 206px\" \/><\/a><\/p>\n<p>&nbsp;<\/p>\n<p>&nbsp;<\/p>\n<p>&nbsp;<\/p>\n<p>&nbsp;<\/p>\n<p>DISAGI A GOSALDO (PER RIVAMONTE) IERI NEL TARDO POMERIGGIO, SOLO DANNI ALLE AUTO<br \/>\nIMMANCABILI DISAGI PER GLI AUTOMOBILISTI IN TRANSITO DA E VERSO IL GOSALDO E PRIMIERO<\/p>\n<p><a class=\"dt-pswp-item\" href=\"http:\/\/www.radiopiu.net\/wordpress\/wp-content\/uploads\/2019\/08\/InkedWhatsApp-Image-2019-08-07-at-18.31.36_LI.jpg\" data-dt-img-description=\"\" data-large_image_width=\"1328\" data-large_image_height=\"746\"><img loading=\"lazy\" decoding=\"async\" class=\"alignnone wp-image-94736 \" src=\"http:\/\/www.radiopiu.net\/wordpress\/wp-content\/uploads\/2019\/08\/InkedWhatsApp-Image-2019-08-07-at-18.31.36_LI-1024x575.jpg\" alt=\"\" width=\"646\" height=\"363\" srcset=\"https:\/\/www.radiopiu.net\/wordpress\/wp-content\/uploads\/2019\/08\/InkedWhatsApp-Image-2019-08-07-at-18.31.36_LI-1024x575.jpg 1024w, https:\/\/www.radiopiu.net\/wordpress\/wp-content\/uploads\/2019\/08\/InkedWhatsApp-Image-2019-08-07-at-18.31.36_LI-300x169.jpg 300w, https:\/\/www.radiopiu.net\/wordpress\/wp-content\/uploads\/2019\/08\/InkedWhatsApp-Image-2019-08-07-at-18.31.36_LI-768x431.jpg 768w, https:\/\/www.radiopiu.net\/wordpress\/wp-content\/uploads\/2019\/08\/InkedWhatsApp-Image-2019-08-07-at-18.31.36_LI.jpg 1328w\" sizes=\"auto, (max-width: 646px) 100vw, 646px\" \/><\/a><\/p>\n<p>&nbsp;<\/p>\n<p>&nbsp;<\/p>\n<p>&nbsp;<\/p>\n<p>&nbsp;<\/p>\n<h1><span style=\"color: #ff0000;\">STALKER SERIALE<\/span><\/h1>\n<h2><strong><a class=\"dt-pswp-item\" href=\"http:\/\/www.radiopiu.net\/wordpress\/wp-content\/uploads\/2019\/08\/Doc_2019_08_07_12_24_37_173-1_page-0001.jpg\" data-dt-img-description=\"\" data-large_image_width=\"1240\" data-large_image_height=\"1755\"><img loading=\"lazy\" decoding=\"async\" class=\"wp-image-94712 alignleft\" src=\"http:\/\/www.radiopiu.net\/wordpress\/wp-content\/uploads\/2019\/08\/Doc_2019_08_07_12_24_37_173-1_page-0001-212x300.jpg\" alt=\"\" width=\"163\" height=\"231\" srcset=\"https:\/\/www.radiopiu.net\/wordpress\/wp-content\/uploads\/2019\/08\/Doc_2019_08_07_12_24_37_173-1_page-0001-212x300.jpg 212w, https:\/\/www.radiopiu.net\/wordpress\/wp-content\/uploads\/2019\/08\/Doc_2019_08_07_12_24_37_173-1_page-0001-768x1087.jpg 768w, https:\/\/www.radiopiu.net\/wordpress\/wp-content\/uploads\/2019\/08\/Doc_2019_08_07_12_24_37_173-1_page-0001-724x1024.jpg 724w, https:\/\/www.radiopiu.net\/wordpress\/wp-content\/uploads\/2019\/08\/Doc_2019_08_07_12_24_37_173-1_page-0001.jpg 1240w\" sizes=\"auto, (max-width: 163px) 100vw, 163px\" \/><\/a><\/strong><\/h2>\n<h2><\/h2>\n<h2><\/h2>\n<h2><\/h2>\n<h2>STALKING NEI PARCHEGGI LUXOTTICA, MA ANCHE IN PIAZZA AD AGORDO. LE SEGNALAZIONI AI CARABINIERI DI AGORDO<\/h2>\n<p><strong>di GIANNI SANTOMASO<\/strong><\/p>\n<audio class=\"wp-audio-shortcode\" id=\"audio-94655-1\" preload=\"none\" style=\"width: 100%;\" controls=\"controls\"><source type=\"audio\/mpeg\" src=\"http:\/\/www.radiopiu.net\/wordpress\/wp-content\/uploads\/2019\/08\/GIANNI-STALKING.mp3?_=1\" \/><a href=\"http:\/\/www.radiopiu.net\/wordpress\/wp-content\/uploads\/2019\/08\/GIANNI-STALKING.mp3\">http:\/\/www.radiopiu.net\/wordpress\/wp-content\/uploads\/2019\/08\/GIANNI-STALKING.mp3<\/a><\/audio>\n<p>&nbsp;<\/p>\n<p>&nbsp;<\/p>\n<p>&nbsp;<\/p>\n<p>&nbsp;<\/p>\n<p>&nbsp;<\/p>\n<h2><span style=\"color: #ff0000;\"><a class=\"dt-pswp-item\" href=\"http:\/\/www.radiopiu.net\/wordpress\/wp-content\/uploads\/2019\/08\/67647421_2680781268623240_6576128021516779520_n.jpg\" data-dt-img-description=\"\" data-large_image_width=\"466\" data-large_image_height=\"960\"><img loading=\"lazy\" decoding=\"async\" class=\" wp-image-94692 alignleft\" src=\"http:\/\/www.radiopiu.net\/wordpress\/wp-content\/uploads\/2019\/08\/67647421_2680781268623240_6576128021516779520_n-146x300.jpg\" alt=\"\" width=\"162\" height=\"333\" srcset=\"https:\/\/www.radiopiu.net\/wordpress\/wp-content\/uploads\/2019\/08\/67647421_2680781268623240_6576128021516779520_n-146x300.jpg 146w, https:\/\/www.radiopiu.net\/wordpress\/wp-content\/uploads\/2019\/08\/67647421_2680781268623240_6576128021516779520_n.jpg 466w\" sizes=\"auto, (max-width: 162px) 100vw, 162px\" \/><\/a><\/span><\/h2>\n<h2><span style=\"color: #ff0000;\">PERCHE&#8217; SI SAPPIA, PERCHE&#8217; SI FACCIA SAPERE<\/span><\/h2>\n<p><strong>di Gianfranco Bressan, cittadino di Gosaldo. Notizia condivisa dalla pagina facebook.<\/strong><\/p>\n<p><strong>GOSALDO<\/strong> <em>&#8220;Questa foto \u00e8 emblematica, scatto del mese di luglio 2019 nove mesi dopo il passaggio di vaia , mi vengono in mente le parole di Zaia governatore e di Salvini ministro , appena scesi dell&#8217;elicottero che garantivano coperture immediate per strade e strutture varie , dicono dalle parole ai fatti , lo so che questa strada non \u00e8 la TAV E nemmeno la Pedemontana Veneta , ma comunque indispensabile per i pochi abitanti .Io ho sentito tante parole ma nessun fatto , sono consapevole che si tratta di una strada secondaria , ma la messa in sicurezza da eventuali acquazzoni e auspicabile , basta poco anche solo riparare le voragini lungo il percorso per non insinuare la sensazione di abbandono che proviamo noi dei &#8221; scoli&#8221; che il cuore ci porta in questa terra di mezzo . <\/em><em>Un plauso ai Ragazzi della piazza che si adoperano per sopperire alle lacune di questo Comune &#8230;<\/em><em>Come gi\u00e0 detto questo non \u00e8 uno sfogo e nemmeno una richiesta ( non \u00e8 il posto adeguato ) scrivo un insistente &#8220;corre voce&#8221; grazie a tutti quelli che mi leggono&#8221;<\/em><\/p>\n<p>&nbsp;<\/p>\n<p>&nbsp;<\/p>\n<p>&nbsp;<\/p>\n<p>&nbsp;<\/p>\n<p>&nbsp;<\/p>\n<p>&nbsp;<\/p>\n<blockquote><p>&nbsp;<\/p><\/blockquote>\n<h2>SPAZI CONTESI IN PIAZZETTA DI VILLOTTA DOPO IL RESTYLING CON SPOSTAMENTO DELLA STORICA FONTANA LAVATOIO<\/h2>\n<p><strong>FALCADE<\/strong> Accordi che con le metrature d&#8217;accordo non vanno, a Villotta (11 auto, 8 posti parcheggi) c&#8217;\u00e8 un problema anche dopo lo spostamento della fontana risposizionata e capovolta.<\/p>\n<p><strong>DI GIANNI SANTOMASO<\/strong><\/p>\n<audio class=\"wp-audio-shortcode\" id=\"audio-94655-2\" preload=\"none\" style=\"width: 100%;\" controls=\"controls\"><source type=\"audio\/mpeg\" src=\"http:\/\/www.radiopiu.net\/wordpress\/wp-content\/uploads\/2019\/08\/GIANNI-FALCADE.mp3?_=2\" \/><a href=\"http:\/\/www.radiopiu.net\/wordpress\/wp-content\/uploads\/2019\/08\/GIANNI-FALCADE.mp3\">http:\/\/www.radiopiu.net\/wordpress\/wp-content\/uploads\/2019\/08\/GIANNI-FALCADE.mp3<\/a><\/audio>\n<p><strong>PASSEGGIANDO PER VILLOTTA CON SERGIO SCHENA<\/strong><\/p>\n<audio class=\"wp-audio-shortcode\" id=\"audio-94655-3\" preload=\"none\" style=\"width: 100%;\" controls=\"controls\"><source type=\"audio\/mpeg\" src=\"http:\/\/www.radiopiu.net\/wordpress\/wp-content\/uploads\/2019\/08\/SERGIO-SCHENA.mp3?_=3\" \/><a href=\"http:\/\/www.radiopiu.net\/wordpress\/wp-content\/uploads\/2019\/08\/SERGIO-SCHENA.mp3\">http:\/\/www.radiopiu.net\/wordpress\/wp-content\/uploads\/2019\/08\/SERGIO-SCHENA.mp3<\/a><\/audio>\n<p>&nbsp;<\/p>\n<p><span style=\"color: #ff0000;\"><strong>FONTANA A LAVATOIO PRIMA DEI LAVORI\u00a0<\/strong><\/span><\/p>\n<p><a class=\"dt-pswp-item\" href=\"http:\/\/www.radiopiu.net\/wordpress\/wp-content\/uploads\/2019\/08\/4342c452-3cc6-4601-8c93-fb61986b7473.jpg\" data-dt-img-description=\"\" data-large_image_width=\"1479\" data-large_image_height=\"1479\"><img loading=\"lazy\" decoding=\"async\" class=\"alignnone wp-image-94696\" src=\"http:\/\/www.radiopiu.net\/wordpress\/wp-content\/uploads\/2019\/08\/4342c452-3cc6-4601-8c93-fb61986b7473-300x300.jpg\" alt=\"\" width=\"255\" height=\"255\" srcset=\"https:\/\/www.radiopiu.net\/wordpress\/wp-content\/uploads\/2019\/08\/4342c452-3cc6-4601-8c93-fb61986b7473-300x300.jpg 300w, https:\/\/www.radiopiu.net\/wordpress\/wp-content\/uploads\/2019\/08\/4342c452-3cc6-4601-8c93-fb61986b7473-150x150.jpg 150w, https:\/\/www.radiopiu.net\/wordpress\/wp-content\/uploads\/2019\/08\/4342c452-3cc6-4601-8c93-fb61986b7473-768x768.jpg 768w, https:\/\/www.radiopiu.net\/wordpress\/wp-content\/uploads\/2019\/08\/4342c452-3cc6-4601-8c93-fb61986b7473-1024x1024.jpg 1024w, https:\/\/www.radiopiu.net\/wordpress\/wp-content\/uploads\/2019\/08\/4342c452-3cc6-4601-8c93-fb61986b7473.jpg 1479w\" sizes=\"auto, (max-width: 255px) 100vw, 255px\" \/><\/a><a class=\"dt-pswp-item\" href=\"http:\/\/www.radiopiu.net\/wordpress\/wp-content\/uploads\/2019\/08\/768a7114-e618-4f82-b538-1c9fe2a81096.jpg\" data-dt-img-description=\"\" data-large_image_width=\"640\" data-large_image_height=\"480\"><img loading=\"lazy\" decoding=\"async\" class=\"alignnone wp-image-94697\" src=\"http:\/\/www.radiopiu.net\/wordpress\/wp-content\/uploads\/2019\/08\/768a7114-e618-4f82-b538-1c9fe2a81096-300x225.jpg\" alt=\"\" width=\"341\" height=\"256\" srcset=\"https:\/\/www.radiopiu.net\/wordpress\/wp-content\/uploads\/2019\/08\/768a7114-e618-4f82-b538-1c9fe2a81096-300x225.jpg 300w, https:\/\/www.radiopiu.net\/wordpress\/wp-content\/uploads\/2019\/08\/768a7114-e618-4f82-b538-1c9fe2a81096.jpg 640w\" sizes=\"auto, (max-width: 341px) 100vw, 341px\" \/><\/a><\/p>\n<p><span style=\"color: #ff0000;\"><strong>DOPO I LAVORI\u00a0<\/strong><\/span><\/p>\n<p><a class=\"dt-pswp-item\" href=\"http:\/\/www.radiopiu.net\/wordpress\/wp-content\/uploads\/2019\/08\/75757752-bc49-440a-854a-3a5827a84299.jpg\" data-dt-img-description=\"\" data-large_image_width=\"900\" data-large_image_height=\"1600\"><img loading=\"lazy\" decoding=\"async\" class=\"alignnone wp-image-94698\" src=\"http:\/\/www.radiopiu.net\/wordpress\/wp-content\/uploads\/2019\/08\/75757752-bc49-440a-854a-3a5827a84299-169x300.jpg\" alt=\"\" width=\"115\" height=\"204\" srcset=\"https:\/\/www.radiopiu.net\/wordpress\/wp-content\/uploads\/2019\/08\/75757752-bc49-440a-854a-3a5827a84299-169x300.jpg 169w, https:\/\/www.radiopiu.net\/wordpress\/wp-content\/uploads\/2019\/08\/75757752-bc49-440a-854a-3a5827a84299-768x1365.jpg 768w, https:\/\/www.radiopiu.net\/wordpress\/wp-content\/uploads\/2019\/08\/75757752-bc49-440a-854a-3a5827a84299-576x1024.jpg 576w, https:\/\/www.radiopiu.net\/wordpress\/wp-content\/uploads\/2019\/08\/75757752-bc49-440a-854a-3a5827a84299.jpg 900w\" sizes=\"auto, (max-width: 115px) 100vw, 115px\" \/><\/a><a class=\"dt-pswp-item\" href=\"http:\/\/www.radiopiu.net\/wordpress\/wp-content\/uploads\/2019\/08\/68efc187-44db-4d00-ba72-779b5a5f6eee.jpg\" data-dt-img-description=\"\" data-large_image_width=\"1600\" data-large_image_height=\"901\"><img loading=\"lazy\" decoding=\"async\" class=\"alignnone wp-image-94699\" src=\"http:\/\/www.radiopiu.net\/wordpress\/wp-content\/uploads\/2019\/08\/68efc187-44db-4d00-ba72-779b5a5f6eee-300x169.jpg\" alt=\"\" width=\"360\" height=\"203\" srcset=\"https:\/\/www.radiopiu.net\/wordpress\/wp-content\/uploads\/2019\/08\/68efc187-44db-4d00-ba72-779b5a5f6eee-300x169.jpg 300w, https:\/\/www.radiopiu.net\/wordpress\/wp-content\/uploads\/2019\/08\/68efc187-44db-4d00-ba72-779b5a5f6eee-768x432.jpg 768w, https:\/\/www.radiopiu.net\/wordpress\/wp-content\/uploads\/2019\/08\/68efc187-44db-4d00-ba72-779b5a5f6eee-1024x577.jpg 1024w, https:\/\/www.radiopiu.net\/wordpress\/wp-content\/uploads\/2019\/08\/68efc187-44db-4d00-ba72-779b5a5f6eee.jpg 1600w\" sizes=\"auto, (max-width: 360px) 100vw, 360px\" \/><\/a><a class=\"dt-pswp-item\" href=\"http:\/\/www.radiopiu.net\/wordpress\/wp-content\/uploads\/2019\/08\/12b044d3-13a6-40a6-932e-2ddce463d040.jpg\" data-dt-img-description=\"\" data-large_image_width=\"901\" data-large_image_height=\"1600\"><img loading=\"lazy\" decoding=\"async\" class=\"alignnone wp-image-94700\" src=\"http:\/\/www.radiopiu.net\/wordpress\/wp-content\/uploads\/2019\/08\/12b044d3-13a6-40a6-932e-2ddce463d040-169x300.jpg\" alt=\"\" width=\"116\" height=\"206\" srcset=\"https:\/\/www.radiopiu.net\/wordpress\/wp-content\/uploads\/2019\/08\/12b044d3-13a6-40a6-932e-2ddce463d040-169x300.jpg 169w, https:\/\/www.radiopiu.net\/wordpress\/wp-content\/uploads\/2019\/08\/12b044d3-13a6-40a6-932e-2ddce463d040-768x1364.jpg 768w, https:\/\/www.radiopiu.net\/wordpress\/wp-content\/uploads\/2019\/08\/12b044d3-13a6-40a6-932e-2ddce463d040-577x1024.jpg 577w, https:\/\/www.radiopiu.net\/wordpress\/wp-content\/uploads\/2019\/08\/12b044d3-13a6-40a6-932e-2ddce463d040.jpg 901w\" sizes=\"auto, (max-width: 116px) 100vw, 116px\" \/><\/a><\/p>\n<p>&nbsp;<\/p>\n<p>&nbsp;<\/p>\n<p>&nbsp;<\/p>\n<blockquote>\n<h3>L&#8217;ALTRA SERA AL LAGO DEL CORLO, SOCCORSO UN UOMO E TRASPORTATO IN GRAVI CONDIZIONI AL CA&#8217; FONCELLO DI TREVISO<\/h3>\n<\/blockquote>\n<p><strong><a class=\"dt-pswp-item\" href=\"http:\/\/www.radiopiu.net\/wordpress\/wp-content\/uploads\/2015\/05\/1207856-soccorso_alpino.jpg\" data-dt-img-description=\"\" data-large_image_width=\"680\" data-large_image_height=\"380\"><img loading=\"lazy\" decoding=\"async\" class=\"size-medium wp-image-5043 alignleft\" src=\"http:\/\/www.radiopiu.net\/wordpress\/wp-content\/uploads\/2015\/05\/1207856-soccorso_alpino-300x168.jpg\" alt=\"\" width=\"300\" height=\"168\" \/><\/a>ARSIE<\/strong> Martedi sera\u00a0 alle 19.30 \u00e8 scattato l&#8217;allarme per una persona caduta nella zona del Col di Baio, sopra il Lago del Corlo. L&#8217;elicottero del Suem di Pieve di Cadore ha fatto un primo tentativo di avvicinamento, costretto a rientare per il maltempo. \u00c8 quindi subentrata l&#8217;eliambulanza di Treviso emergenza che, dopo aver imbarcato un tecnico del Soccorso alpino di Feltre in supporto alle operazioni, \u00e8 stata guidata sul posto e ha sbarcato medico, tecnico di elisoccorso e soccorritore con un verricello di trenta metri, per poi tornare in base. Sul posto c&#8217;era gi\u00e0 un&#8217;ambulanza e l&#8217;infortunato, Filippo de Bortoli 77 anni, di Fonzaso (BL) era stato raggiunto dai due infermieri, con lui anche il figlio. Dalle informazioni sulla dinamica dell&#8217;incidente, scendendo nel bosco nel tratto tra due strade in cerca di funghi, l&#8217;uomo era scivolato per diverse decine di metri tra le piante, riportando un probabile grave politrauma e perdendo coscienza. Prestate le prime cure urgenti, i soccorritori lo hanno imbarellato e trasportato a mano per circa 200 metri fino alla sterrata dove era in attesa l&#8217;ambulanza. Accompagnato a Feltre, l&#8217;infortunato \u00e8 poi stato trasferito a Treviso<\/p>\n<p>&nbsp;<\/p>\n<p>&nbsp;<\/p>\n<p>&nbsp;<\/p>\n<h3>SCIVOLA SUL SENTIERO<\/h3>\n<p><strong><a class=\"dt-pswp-item\" href=\"http:\/\/www.radiopiu.net\/wordpress\/wp-content\/uploads\/2019\/08\/IMG-20190807-WA0004.jpg\" data-dt-img-description=\"\" data-large_image_width=\"1600\" data-large_image_height=\"900\"><img loading=\"lazy\" decoding=\"async\" class=\" wp-image-94693 alignleft\" src=\"http:\/\/www.radiopiu.net\/wordpress\/wp-content\/uploads\/2019\/08\/IMG-20190807-WA0004-300x169.jpg\" alt=\"\" width=\"176\" height=\"99\" srcset=\"https:\/\/www.radiopiu.net\/wordpress\/wp-content\/uploads\/2019\/08\/IMG-20190807-WA0004-300x169.jpg 300w, https:\/\/www.radiopiu.net\/wordpress\/wp-content\/uploads\/2019\/08\/IMG-20190807-WA0004-768x432.jpg 768w, https:\/\/www.radiopiu.net\/wordpress\/wp-content\/uploads\/2019\/08\/IMG-20190807-WA0004-1024x576.jpg 1024w, https:\/\/www.radiopiu.net\/wordpress\/wp-content\/uploads\/2019\/08\/IMG-20190807-WA0004.jpg 1600w\" sizes=\"auto, (max-width: 176px) 100vw, 176px\" \/><\/a>DOMEGGE DI CADORE<\/strong>\u00a0 Nel pomeriggio di ieri\u00a0 l&#8217;elicottero del Suem di Pieve di Cadore \u00e8 intervenuto lungo il sentiero che da Forcella Montanaia scende al Rifugio Padova, per una turista romana che, messo male un piede, aveva riportato un probabile trauma alla caviglia. La donna, A.S., 33 anni, di Pomezia, che si trovava con altre 4 persone, \u00e8 stata medicata dall&#8217;equipe sanitaria e recuperata con un verricello di 5 metri, per essere trasportata all&#8217;ospedale di Belluno.<\/p>\n<p>&nbsp;<\/p>\n<p>&nbsp;<\/p>\n<p>&nbsp;<\/p>\n<h3>GUIDA PER EVITARE I DISAGI CON LA CHIUSURA DEL PONTE DI SANTA CATERINA. LA PREFETTURA PREDISPONE IL PIANO DI GESTIONE DEL TRAFFICO<\/h3>\n<p><strong><a class=\"dt-pswp-item\" href=\"http:\/\/www.radiopiu.net\/wordpress\/wp-content\/uploads\/2019\/08\/WhatsApp-Image-2019-08-07-at-10.51.28-1.jpeg\" data-dt-img-description=\"\" data-large_image_width=\"1599\" data-large_image_height=\"799\"><img loading=\"lazy\" decoding=\"async\" class=\" wp-image-94675 alignleft\" src=\"http:\/\/www.radiopiu.net\/wordpress\/wp-content\/uploads\/2019\/08\/WhatsApp-Image-2019-08-07-at-10.51.28-1-300x150.jpeg\" alt=\"\" width=\"278\" height=\"139\" srcset=\"https:\/\/www.radiopiu.net\/wordpress\/wp-content\/uploads\/2019\/08\/WhatsApp-Image-2019-08-07-at-10.51.28-1-300x150.jpeg 300w, https:\/\/www.radiopiu.net\/wordpress\/wp-content\/uploads\/2019\/08\/WhatsApp-Image-2019-08-07-at-10.51.28-1-768x384.jpeg 768w, https:\/\/www.radiopiu.net\/wordpress\/wp-content\/uploads\/2019\/08\/WhatsApp-Image-2019-08-07-at-10.51.28-1-1024x512.jpeg 1024w, https:\/\/www.radiopiu.net\/wordpress\/wp-content\/uploads\/2019\/08\/WhatsApp-Image-2019-08-07-at-10.51.28-1.jpeg 1599w\" sizes=\"auto, (max-width: 278px) 100vw, 278px\" \/><\/a>BELLUNO<\/strong> Il Ponte di Santa Caterina, nel comune di Ponte nelle Alpi, dal 26 agosto prossimo e per tre mesi, sar\u00e0 chiuso al traffico, su disposizione di Anas, per consentire l\u2019esecuzione di lavori di consolidamento e miglioramento delle condizioni di sicurezza, con inevitabili ripercussioni sulla circolazione stradale in provincia. E&#8217; stato elaborato un piano di gestione del traffico che contiene indicazioni utili ad orientare gli utenti della strada per un uso razionale dei percorsi alternativi. Gli itinerari consigliati sono tre con l\u2019invito, rivolto a tutti coloro che dalla parte nord sono diretti a sud della provincia, a utilizzare l\u2019autostrada A27 fin dall\u2019imbocco di Pian di Vedoia.<\/p>\n<p><strong><span style=\"color: #ff0000;\">TUTTI I PARTICOLARI E LA CARTOGRAFIA DALLO SPECIALE DI IERI\u00a0<\/span><\/strong><\/p>\n<blockquote class=\"wp-embedded-content\" data-secret=\"fUwO8mR19B\"><p><a href=\"http:\/\/www.radiopiu.net\/wordpress\/chiusura-del-ponte-di-santa-caterina-piano-di-gestione-del-traffico\/\">\u201cCHIUSURA DEL PONTE DI SANTA CATERINA &#8211; PIANO DI GESTIONE DEL TRAFFICO\u201d\u00a0<\/a><\/p><\/blockquote>\n<p><iframe loading=\"lazy\" title=\"&#8220;\u201cCHIUSURA DEL PONTE DI SANTA CATERINA &#8211; PIANO DI GESTIONE DEL TRAFFICO\u201d\u00a0&#8221; &#8212; Radio Pi\u00f9\" class=\"wp-embedded-content\" sandbox=\"allow-scripts\" security=\"restricted\" style=\"position: absolute; clip: rect(1px, 1px, 1px, 1px);\" src=\"http:\/\/www.radiopiu.net\/wordpress\/chiusura-del-ponte-di-santa-caterina-piano-di-gestione-del-traffico\/embed\/#?secret=fUwO8mR19B\" data-secret=\"fUwO8mR19B\" width=\"600\" height=\"338\" frameborder=\"0\" marginwidth=\"0\" marginheight=\"0\" scrolling=\"no\"><\/iframe><\/p>\n<p>&nbsp;<\/p>\n<p>&nbsp;<\/p>\n<p>&nbsp;<\/p>\n<h3>ATTIVITA&#8217; DELLA POLIZIA STRADALE, SANZIONI IN AUMENTO DEL 290 PER CENTO, IL PIU&#8217; VELOCE VIAGGIAVA POCO SOTTO I 200 ALL&#8217;ORA IN VALSUGANA LUNGO LA STRADA CON LIMITE MASSIMO DI 90 CHILOMETRI ORARI<\/h3>\n<blockquote>\n<h4><em>Il record dell&#8217;incoscienza va al conducente di un&#8217;autovettura di grossa cilindrata con targa italiana sorpreso a circolare lungo la Valsugana alla velocit\u00e0 di ben 197 km\/h rispetto al limite massimo imposto di 90 km\/h.<\/em><\/h4>\n<\/blockquote>\n<h2>L&#8217;ATTIVITA&#8217; DELLA POLIZIA STRADALE_QUESTURA DI BELLUNO<\/h2>\n<p><strong><a class=\"dt-pswp-item\" href=\"http:\/\/www.radiopiu.net\/wordpress\/wp-content\/uploads\/2018\/07\/image1.jpeg\" data-dt-img-description=\"\" data-large_image_width=\"259\" data-large_image_height=\"194\"><img loading=\"lazy\" decoding=\"async\" class=\"size-full wp-image-54495 alignleft\" src=\"http:\/\/www.radiopiu.net\/wordpress\/wp-content\/uploads\/2018\/07\/image1.jpeg\" alt=\"\" width=\"259\" height=\"194\" \/><\/a>BELLUNO<\/strong> Complessivamente gli incidenti stradali rilevati dalla Polizia Stradale in provincia diminuiscono del 22%; in particolare passano da 61 a 33 gli incidenti con lesioni (- 45%) e da 87 a 49 le persone ferite (- 44%). Risultato ottenuto grazie anche probabilmente ad una pi\u00f9 efficace attivit\u00e0 di prevenzione, nonostante le lacune negli organici, da parte delle pattuglie di vigilanza stradale.\u00a0 La programmazione coordinata e sistematica di specifici servizi volti al contrasto degli eccessi di velocit\u00e0 lungo le principali strade di competenza, con postazioni mobili presegnalate e georeferenziate, ha portato in 4 mesi di attivit\u00e0 (dal 1 aprile al 31 luglio) alla contestazione di 1.960 violazioni ex art. 142 rispetto alle complessive numero 48 dell&#8217;intero anno 2018; circa il 12% riguarda veicoli d&#8217;immatricolazione estera.<\/p>\n<blockquote><p><em><strong>Complessivamente le violazioni accertate dalla Polizia Stradale di Belluno, Feltre e Valle di Cadore dal 04.02.2019 al 04.08.2019 sono pari 5.200 (+ 290%) con una relativa decurtazione di 11.820 punti patente rispetto ai 4.207 punti patente decurtati nell&#8217;intero anno 2018. Le pattuglie impiegate sono state 1040.<\/strong><\/em><\/p><\/blockquote>\n<p>Gli eccessi di velocit\u00e0 accertati risultano essere stati realizzati dai conducenti di autovetture, di motoveicoli ma anche da conducenti professionali alla guida sia di mezzi pesanti sia di pullman.\u00a0 La predisposizione di specifici e mirati dispositivi di controllo scegliendone, in modo ponderato, i relativi luoghi operativi ha evidenziato che anche nella provincia di Belluno molti ancora non sono soliti indossare le cinture di sicurezza e che tanti utilizzano il cellulare mentre guidano: 591 le violazioni inerenti il mancato utilizzo dei sistemi di ritenuta (+ 300%) e 291 le violazioni inerenti l&#8217;uso del telefonino durante la guida (+ 650%).<\/p>\n<blockquote><p>Il numero delle patenti ritirate sale da 96 a 154 (+ 60%) come anche quello delle carte di circolazione ritirate che da 36 aumenta a 48 (+ 33%) Anche l&#8217;attivit\u00e0 di contrasto al fenomeno della guida in stato di ebbrezza aumenta del 15%: 45 le patenti ritirate rispetto alle 39 dell&#8217;analogo periodo dell&#8217;anno scorso.\u00a0 Dato positivo \u00e8 che l&#8217;intervento, nella maggior parte dei casi, \u00e8 antecedente ad un eventuale incidente stradale. Monitorato inoltre dal personale pattugliante il settore dell&#8217;autotrasporto in generale ed in particolare, tra l&#8217;altro, il trasporto di legname. I controlli passano da 624 a 824 (+ 32%).<\/p><\/blockquote>\n<p>&nbsp;<\/p>\n<p>&nbsp;<\/p>\n<p>&nbsp;<\/p>\n<p>&nbsp;<\/p>\n<h2>RINO DA RONCH, SEMPRE DISPONIBILE PER LA SUA COMUNITA&#8217;<\/h2>\n<p><strong>di GIANNI SANTOMASO\u00a0<\/strong><\/p>\n<blockquote><p><strong><a class=\"dt-pswp-item\" href=\"http:\/\/www.radiopiu.net\/wordpress\/wp-content\/uploads\/2019\/08\/68440766_2354956654589333_2340955444895285248_n.jpg\" data-dt-img-description=\"\" data-large_image_width=\"960\" data-large_image_height=\"829\"><img loading=\"lazy\" decoding=\"async\" class=\" wp-image-94614 alignleft\" src=\"http:\/\/www.radiopiu.net\/wordpress\/wp-content\/uploads\/2019\/08\/68440766_2354956654589333_2340955444895285248_n-300x259.jpg\" alt=\"\" width=\"198\" height=\"171\" srcset=\"https:\/\/www.radiopiu.net\/wordpress\/wp-content\/uploads\/2019\/08\/68440766_2354956654589333_2340955444895285248_n-300x259.jpg 300w, https:\/\/www.radiopiu.net\/wordpress\/wp-content\/uploads\/2019\/08\/68440766_2354956654589333_2340955444895285248_n-768x663.jpg 768w, https:\/\/www.radiopiu.net\/wordpress\/wp-content\/uploads\/2019\/08\/68440766_2354956654589333_2340955444895285248_n.jpg 960w\" sizes=\"auto, (max-width: 198px) 100vw, 198px\" \/><\/a>VOLTAGO.<\/strong> Rino Da Ronch, 74 anni, se ne \u00e8 andato marted\u00ec all&#8217;ospedale di Agordo. Voltago, dunque, piange uno dei suoi uomini pi\u00f9 generosi, sempre pronti a spendersi per gli altri e per il mondo del volontariato. Originario di Belluno, aveva sposato Irene Da Campo e si era trasferito nel paese ai piedi dell&#8217;Agn\u00e9r diventandone ben presto cittadino a tutti gli effetti. Rino era stato a lungo operaio tuttofare del Comune e anche ieri qualcuno lo ricordava alla guida dello scuolabus intento a trasportare da casa a scuola e viceversa gruppi di bambini fra i quali stava completamente a proprio agio col suo immancabile sorriso. Su Facebook ieri c&#8217;\u00e8 stata una continua manifestazione di affetto nei confronti della famiglia (oltre alla moglie, le figlie Antonella, Michela e Paola) e una sentita attestazione di stima per un uomo che aveva inteso il mettersi al servizio della comunit\u00e0 come un dovere civico. Sempre pronto a salire sul trattore per portare la sua abilit\u00e0 e la sua forza in occasione di manifestazioni, sagre, eventi legati al mondo del volontariato, Rino aveva profuso il suo ultimo suo atto di generosit\u00e0 con la candidatura a consigliere comunale per le elezioni del 26 maggio scorso. La lista di cui faceva parte non aveva per\u00f2 raggiunto il quorum e ci\u00f2 lo aveva amareggiato non poco.<\/p><\/blockquote>\n<p>&nbsp;<\/p>\n<p>&nbsp;<\/p>\n<h3>INDAGINI SULLE IMPRESE MANIFATTURIERE DA SEI MESI SEGNI NEGATIVI. PREVISIONI PER IL TERZO TRIMESTRE ANCORA CON IL SEGNO MENO<\/h3>\n<p><a class=\"dt-pswp-item\" href=\"http:\/\/www.radiopiu.net\/wordpress\/wp-content\/uploads\/2016\/06\/lavoro-fabbrica.jpg\" data-dt-img-description=\"\" data-large_image_width=\"990\" data-large_image_height=\"660\"><img loading=\"lazy\" decoding=\"async\" class=\"wp-image-20298 alignleft\" src=\"http:\/\/www.radiopiu.net\/wordpress\/wp-content\/uploads\/2016\/06\/lavoro-fabbrica-300x200.jpg\" alt=\"\" width=\"189\" height=\"126\" \/><\/a><\/p>\n<p>&nbsp;<\/p>\n<p>&nbsp;<\/p>\n<p>BELLUNO<\/p>\n<p><strong>DI DAMIANO TORMEN<\/strong><\/p>\n<audio class=\"wp-audio-shortcode\" id=\"audio-94655-4\" preload=\"none\" style=\"width: 100%;\" controls=\"controls\"><source type=\"audio\/mpeg\" src=\"http:\/\/www.radiopiu.net\/wordpress\/wp-content\/uploads\/2019\/08\/DAMIANO-MANI.mp3?_=4\" \/><a href=\"http:\/\/www.radiopiu.net\/wordpress\/wp-content\/uploads\/2019\/08\/DAMIANO-MANI.mp3\">http:\/\/www.radiopiu.net\/wordpress\/wp-content\/uploads\/2019\/08\/DAMIANO-MANI.mp3<\/a><\/audio>\n<p>&nbsp;<\/p>\n<p>&nbsp;<\/p>\n<p>&nbsp;<\/p>\n<h2>DAL MAS DI SEDICO IL RACCONTO DI ROBERTO BONA &#8220;SIAMO DAVVERO ARRABBIATI, COSI&#8217; NON VA&#8221;<\/h2>\n<p><strong><a class=\"dt-pswp-item\" href=\"http:\/\/www.radiopiu.net\/wordpress\/wp-content\/uploads\/2019\/08\/image-2.jpg\" data-dt-img-description=\"\" data-large_image_width=\"960\" data-large_image_height=\"540\"><img loading=\"lazy\" decoding=\"async\" class=\"size-medium wp-image-94789 alignleft\" src=\"http:\/\/www.radiopiu.net\/wordpress\/wp-content\/uploads\/2019\/08\/image-2-300x169.jpg\" alt=\"\" width=\"300\" height=\"169\" srcset=\"https:\/\/www.radiopiu.net\/wordpress\/wp-content\/uploads\/2019\/08\/image-2-300x169.jpg 300w, https:\/\/www.radiopiu.net\/wordpress\/wp-content\/uploads\/2019\/08\/image-2-768x432.jpg 768w, https:\/\/www.radiopiu.net\/wordpress\/wp-content\/uploads\/2019\/08\/image-2.jpg 960w\" sizes=\"auto, (max-width: 300px) 100vw, 300px\" \/><\/a>Il maltempo ha fatto ancora dann<\/strong>i, l&#8217;altra sera numerose frane e smottamenti nelle frazioni di Belluno citt\u00e0. A Schiucaz di nuovo emergenza con case allagate e colate di fango in paese, tombini presto ostruiti e intervento dei Vigili del Fuoco, come dire che per un ritorno alla normalit\u00e0 ci vorranno ancora cantieri e lavori importanti.\u00a0 \u00a0A Vignole di Sedico si ripete l&#8217;allagamento del garage. Roberta Maraga proprietaria del terreno allagato adiacente ad un condominio valuta di adire a vie legali se non otterr\u00e0 risposte soddisfacenti dal Comune poich\u00e9 dopo nuove edificazioni e la nuova rotatoria,le opere per lo smaltimento delle acque sembrano insufficienti. Esondazione del ruscello anche in Val Fontana sotto la strada regionale.<\/p>\n<p><span style=\"color: #ff0000;\"><strong>la testimonianza DI ROBERTO BONA<\/strong><\/span><\/p>\n<audio class=\"wp-audio-shortcode\" id=\"audio-94655-5\" preload=\"none\" style=\"width: 100%;\" controls=\"controls\"><source type=\"audio\/mpeg\" src=\"http:\/\/www.radiopiu.net\/wordpress\/wp-content\/uploads\/2019\/08\/BONA-TEMPO.mp3?_=5\" \/><a href=\"http:\/\/www.radiopiu.net\/wordpress\/wp-content\/uploads\/2019\/08\/BONA-TEMPO.mp3\">http:\/\/www.radiopiu.net\/wordpress\/wp-content\/uploads\/2019\/08\/BONA-TEMPO.mp3<\/a><\/audio>\n<p>&nbsp;<\/p>\n<p><a class=\"dt-pswp-item\" href=\"http:\/\/www.radiopiu.net\/wordpress\/wp-content\/uploads\/2019\/08\/WhatsApp-Image-2019-08-08-at-07.45.24-2.jpeg\" data-dt-img-description=\"\" data-large_image_width=\"1024\" data-large_image_height=\"768\"><img loading=\"lazy\" decoding=\"async\" class=\"alignnone wp-image-94792\" src=\"http:\/\/www.radiopiu.net\/wordpress\/wp-content\/uploads\/2019\/08\/WhatsApp-Image-2019-08-08-at-07.45.24-2-300x225.jpeg\" alt=\"\" width=\"229\" height=\"172\" srcset=\"https:\/\/www.radiopiu.net\/wordpress\/wp-content\/uploads\/2019\/08\/WhatsApp-Image-2019-08-08-at-07.45.24-2-300x225.jpeg 300w, https:\/\/www.radiopiu.net\/wordpress\/wp-content\/uploads\/2019\/08\/WhatsApp-Image-2019-08-08-at-07.45.24-2-768x576.jpeg 768w, https:\/\/www.radiopiu.net\/wordpress\/wp-content\/uploads\/2019\/08\/WhatsApp-Image-2019-08-08-at-07.45.24-2.jpeg 1024w\" sizes=\"auto, (max-width: 229px) 100vw, 229px\" \/><\/a><a class=\"dt-pswp-item\" href=\"http:\/\/www.radiopiu.net\/wordpress\/wp-content\/uploads\/2019\/08\/WhatsApp-Image-2019-08-08-at-07.45.24-1.jpeg\" data-dt-img-description=\"\" data-large_image_width=\"1024\" data-large_image_height=\"768\"><img loading=\"lazy\" decoding=\"async\" class=\"alignnone wp-image-94793\" src=\"http:\/\/www.radiopiu.net\/wordpress\/wp-content\/uploads\/2019\/08\/WhatsApp-Image-2019-08-08-at-07.45.24-1-300x225.jpeg\" alt=\"\" width=\"227\" height=\"170\" srcset=\"https:\/\/www.radiopiu.net\/wordpress\/wp-content\/uploads\/2019\/08\/WhatsApp-Image-2019-08-08-at-07.45.24-1-300x225.jpeg 300w, https:\/\/www.radiopiu.net\/wordpress\/wp-content\/uploads\/2019\/08\/WhatsApp-Image-2019-08-08-at-07.45.24-1-768x576.jpeg 768w, https:\/\/www.radiopiu.net\/wordpress\/wp-content\/uploads\/2019\/08\/WhatsApp-Image-2019-08-08-at-07.45.24-1.jpeg 1024w\" sizes=\"auto, (max-width: 227px) 100vw, 227px\" \/><\/a><a class=\"dt-pswp-item\" href=\"http:\/\/www.radiopiu.net\/wordpress\/wp-content\/uploads\/2019\/08\/WhatsApp-Image-2019-08-08-at-07.45.24.jpeg\" data-dt-img-description=\"\" data-large_image_width=\"1024\" data-large_image_height=\"768\"><img loading=\"lazy\" decoding=\"async\" class=\"alignnone wp-image-94794\" src=\"http:\/\/www.radiopiu.net\/wordpress\/wp-content\/uploads\/2019\/08\/WhatsApp-Image-2019-08-08-at-07.45.24-300x225.jpeg\" alt=\"\" width=\"228\" height=\"171\" srcset=\"https:\/\/www.radiopiu.net\/wordpress\/wp-content\/uploads\/2019\/08\/WhatsApp-Image-2019-08-08-at-07.45.24-300x225.jpeg 300w, https:\/\/www.radiopiu.net\/wordpress\/wp-content\/uploads\/2019\/08\/WhatsApp-Image-2019-08-08-at-07.45.24-768x576.jpeg 768w, https:\/\/www.radiopiu.net\/wordpress\/wp-content\/uploads\/2019\/08\/WhatsApp-Image-2019-08-08-at-07.45.24.jpeg 1024w\" sizes=\"auto, (max-width: 228px) 100vw, 228px\" \/><\/a><\/p>\n<p>&nbsp;<\/p>\n<p>&nbsp;<\/p>\n<p>&nbsp;<\/p>\n<p>&nbsp;<\/p>\n<p>&nbsp;<\/p>\n<p>&nbsp;<\/p>\n<h2>GLI SMOTTAMENTI DELL&#8217;ALTRA NOTTE A BELLUNO<\/h2>\n<p><strong>BELLUNO<\/strong> A poco pi\u00f9 di un anno dal nubifragio che si era abbattuta su Pedeserva e Cusighe, il temporale della notte scorsa ha portato nuovi smottamenti e disagi in alcune zone della citt\u00e0 come\u00a0 Pedeserva e Vignole. ,Danni anche a Sopracroda, lungo una delle strade laterali che portano ad un paio di abitazioni, poco sopra la casa di riposo di Cavarzano. Disagi anche in Via San Francesco, dove l&#8217;acqua \u00e8 nuovamente scesa dal versante lato Cavarzano. Piccoli smottamenti si sono registrati a Castion, lungo la strada che dal cimitero porta a Castoi, e nella zona di Pascoli. Poco lontano, a Tisoi, l&#8217;acqua, infiltratasi sotto il terreno, ha provocato una buca nell&#8217;asfalto di Via Tisoi, poco prima dell&#8217;ingresso in paese. In questo caso, gli operai comunali interverranno nei prossimi giorni con operazioni di asfaltatura a caldo.<\/p>\n<p><strong>L&#8217;ASSESSORE BIAGIO GIANNONE<\/strong><\/p>\n<audio class=\"wp-audio-shortcode\" id=\"audio-94655-6\" preload=\"none\" style=\"width: 100%;\" controls=\"controls\"><source type=\"audio\/mpeg\" src=\"http:\/\/www.radiopiu.net\/wordpress\/wp-content\/uploads\/2019\/08\/Giannone-Danni-meteo.mp3?_=6\" \/><a href=\"http:\/\/www.radiopiu.net\/wordpress\/wp-content\/uploads\/2019\/08\/Giannone-Danni-meteo.mp3\">http:\/\/www.radiopiu.net\/wordpress\/wp-content\/uploads\/2019\/08\/Giannone-Danni-meteo.mp3<\/a><\/audio>\n\n\t\t\t<style type='text\/css'>\n\t\t\t\t#gallery-1 {\n\t\t\t\t\tmargin: auto;\n\t\t\t\t}\n\t\t\t\t#gallery-1 .gallery-item {\n\t\t\t\t\tfloat: left;\n\t\t\t\t\tmargin-top: 10px;\n\t\t\t\t\ttext-align: center;\n\t\t\t\t\twidth: 33%;\n\t\t\t\t}\n\t\t\t\t#gallery-1 img {\n\t\t\t\t\tborder: 2px solid #cfcfcf;\n\t\t\t\t}\n\t\t\t\t#gallery-1 .gallery-caption {\n\t\t\t\t\tmargin-left: 0;\n\t\t\t\t}\n\t\t\t\t\/* see gallery_shortcode() in wp-includes\/media.php *\/\n\t\t\t<\/style>\n\t\t<div id='gallery-1' class='dt-gallery-container gallery galleryid-94655 gallery-columns-3 gallery-size-thumbnail'><dl class='gallery-item'>\n\t\t\t\t<dt class='gallery-icon landscape'>\n\t\t\t\t\t<a class=\"rollover\" href='https:\/\/www.radiopiu.net\/wordpress\/giornale-radiopiu-08-agosto-2019-direttore-mirko-mezzacasa\/asfalto-tisoi\/'><img loading=\"lazy\" decoding=\"async\" width=\"150\" height=\"150\" src=\"https:\/\/www.radiopiu.net\/wordpress\/wp-content\/uploads\/2019\/08\/Asfalto-Tisoi-150x150.jpeg\" class=\"attachment-thumbnail size-thumbnail\" alt=\"\" aria-describedby=\"gallery-1-94678\" \/><\/a>\n\t\t\t\t<\/dt>\n\t\t\t\t\t<dd class='wp-caption-text gallery-caption' id='gallery-1-94678'>\n\t\t\t\t\tAsfalto Tisoi\n\t\t\t\t\t<\/dd><\/dl><dl class='gallery-item'>\n\t\t\t\t<dt class='gallery-icon landscape'>\n\t\t\t\t\t<a class=\"rollover\" href='https:\/\/www.radiopiu.net\/wordpress\/giornale-radiopiu-08-agosto-2019-direttore-mirko-mezzacasa\/frana-castion-castoi-1\/'><img loading=\"lazy\" decoding=\"async\" width=\"150\" height=\"150\" src=\"https:\/\/www.radiopiu.net\/wordpress\/wp-content\/uploads\/2019\/08\/Frana-Castion-Castoi-1-150x150.jpeg\" class=\"attachment-thumbnail size-thumbnail\" alt=\"\" aria-describedby=\"gallery-1-94684\" \/><\/a>\n\t\t\t\t<\/dt>\n\t\t\t\t\t<dd class='wp-caption-text gallery-caption' id='gallery-1-94684'>\n\t\t\t\t\tFrana Castion &#8211; Castoi \n\t\t\t\t\t<\/dd><\/dl><dl class='gallery-item'>\n\t\t\t\t<dt class='gallery-icon landscape'>\n\t\t\t\t\t<a class=\"rollover\" href='https:\/\/www.radiopiu.net\/wordpress\/giornale-radiopiu-08-agosto-2019-direttore-mirko-mezzacasa\/frana-pedeserva-1-2\/'><img loading=\"lazy\" decoding=\"async\" width=\"150\" height=\"150\" src=\"https:\/\/www.radiopiu.net\/wordpress\/wp-content\/uploads\/2019\/08\/Frana-Pedeserva-1-150x150.jpeg\" class=\"attachment-thumbnail size-thumbnail\" alt=\"\" aria-describedby=\"gallery-1-94683\" \/><\/a>\n\t\t\t\t<\/dt>\n\t\t\t\t\t<dd class='wp-caption-text gallery-caption' id='gallery-1-94683'>\n\t\t\t\t\tFrana Pedeserva \n\t\t\t\t\t<\/dd><\/dl><br style=\"clear: both\" \/><dl class='gallery-item'>\n\t\t\t\t<dt class='gallery-icon landscape'>\n\t\t\t\t\t<a class=\"rollover\" href='https:\/\/www.radiopiu.net\/wordpress\/giornale-radiopiu-08-agosto-2019-direttore-mirko-mezzacasa\/strada-sopracroda\/'><img loading=\"lazy\" decoding=\"async\" width=\"150\" height=\"150\" src=\"https:\/\/www.radiopiu.net\/wordpress\/wp-content\/uploads\/2019\/08\/Strada-Sopracroda-150x150.jpeg\" class=\"attachment-thumbnail size-thumbnail\" alt=\"\" aria-describedby=\"gallery-1-94682\" \/><\/a>\n\t\t\t\t<\/dt>\n\t\t\t\t\t<dd class='wp-caption-text gallery-caption' id='gallery-1-94682'>\n\t\t\t\t\tStrada Sopracroda\n\t\t\t\t\t<\/dd><\/dl><dl class='gallery-item'>\n\t\t\t\t<dt class='gallery-icon landscape'>\n\t\t\t\t\t<a class=\"rollover\" href='https:\/\/www.radiopiu.net\/wordpress\/giornale-radiopiu-08-agosto-2019-direttore-mirko-mezzacasa\/strada-sopra-san-liberale\/'><img loading=\"lazy\" decoding=\"async\" width=\"150\" height=\"150\" src=\"https:\/\/www.radiopiu.net\/wordpress\/wp-content\/uploads\/2019\/08\/Strada-sopra-San-Liberale-150x150.jpeg\" class=\"attachment-thumbnail size-thumbnail\" alt=\"\" aria-describedby=\"gallery-1-94677\" \/><\/a>\n\t\t\t\t<\/dt>\n\t\t\t\t\t<dd class='wp-caption-text gallery-caption' id='gallery-1-94677'>\n\t\t\t\t\tStrada sopra San Liberale\n\t\t\t\t\t<\/dd><\/dl>\n\t\t\t\t<br style='clear: both' \/>\n\t\t\t<\/div>\n\n<p>&nbsp;<\/p>\n<p>&nbsp;<\/p>\n<p>&nbsp;<\/p>\n<p>&nbsp;<\/p>\n<h2>IL SINDACO SI CONGRATULA CON LA DIFESA DEL SUOLO DELLA PROVINCIA &#8220;EFFICENTI ED EFFICACI&#8221;<\/h2>\n<blockquote>\n<h4>Sistemazione Frana Colomp localit\u00e0 San Martino-Chies D&#8217;Alpago<\/h4>\n<\/blockquote>\n<p><strong><a class=\"dt-pswp-item\" href=\"http:\/\/www.radiopiu.net\/wordpress\/wp-content\/uploads\/2019\/08\/WhatsApp-Image-2019-08-07-at-18.40.18.jpeg\" data-dt-img-description=\"\" data-large_image_width=\"900\" data-large_image_height=\"1600\"><img loading=\"lazy\" decoding=\"async\" class=\" wp-image-94732 alignleft\" src=\"http:\/\/www.radiopiu.net\/wordpress\/wp-content\/uploads\/2019\/08\/WhatsApp-Image-2019-08-07-at-18.40.18-169x300.jpeg\" alt=\"\" width=\"194\" height=\"344\" srcset=\"https:\/\/www.radiopiu.net\/wordpress\/wp-content\/uploads\/2019\/08\/WhatsApp-Image-2019-08-07-at-18.40.18-169x300.jpeg 169w, https:\/\/www.radiopiu.net\/wordpress\/wp-content\/uploads\/2019\/08\/WhatsApp-Image-2019-08-07-at-18.40.18-768x1365.jpeg 768w, https:\/\/www.radiopiu.net\/wordpress\/wp-content\/uploads\/2019\/08\/WhatsApp-Image-2019-08-07-at-18.40.18-576x1024.jpeg 576w, https:\/\/www.radiopiu.net\/wordpress\/wp-content\/uploads\/2019\/08\/WhatsApp-Image-2019-08-07-at-18.40.18.jpeg 900w\" sizes=\"auto, (max-width: 194px) 100vw, 194px\" \/><\/a>ALPAGO<\/strong> Ultimati i lavori di consolidamento del dissesto franoso che ha coinvolto un tratto di versante attraversato da via Colomp, strada comunale che collega le frazioni di San Martino e Funes nel comune di Chies d\u2019Alpago. La frana si era attivata a seguito delle precipitazioni intense che avevano colpito anche questa porzione di territorio alla fine dell\u2019ottobre scorso.\u00a0 Ulteriori eventi meteorologici di inizio aprile avevano peggiorato il dissesto in atto fino ad imporre la chiusura della strada. Il movimento franoso si era manifestato attraverso una iniziale fessurazione del terreno ed alcuni arricciamenti, progredendo velocemente verso un parziale collasso del materiale movimentato.\u00a0 La reale consistenza del movimento franoso si notava con chiarezza a livello della sede stradale, completamente dissestata. L\u2019intervento di consolidamento, iniziato alla fine del mese di maggio: realizzazione con tecniche di edilizia specializzata di un muro di 26 metri e di un cordolo\u00a0 di 22 metri. e nel ripristino della sede stradale con tutte le opere accessorie. Costo:\u00a0 200.000 euro.<\/p>\n<blockquote><p>Soddisfatto il consigliere provinciale con delega alla Difesa del Suolo e Protezione Civile della Provincia di Belluno:<em> \u201dUn sentito ringraziamento all\u2019impresa IPOGEO che ha eseguito il lavoro con l\u2019impegno e la professionalit\u00e0 che li contraddistingue, all\u2019ing. Luca Zanon che lo ha magistralmente diretto e a tutto il personale regionale impegnato nel Servizio Difesa del Suolo della Provincia di Belluno per come ha gestito l\u2019intero iter che ha permesso di conseguire questo risultato in tempi brevissimi\u201d. <\/em><\/p>\n<p>Soddisfatto anche il Sindaco di Chies d\u2019Alpago Gianluca Dal Borgo: <em>\u201cOttimo lavoro della Difesa del Suolo della Provincia, efficienti ed efficaci. Proprio la notte scorsa la rimobilizzazione di materiale detritico dal bacino del Tessina determinato da precipitazioni intense aveva invaso la sede stradale nel tratto che da Funes accede all\u2019abitato di Colomp e precisamente in localit\u00e0 Pestac. Lo stesso abitato sarebbe rimasto isolato se nel frattempo non fosse stata ripristinata in sicurezza la viabilit\u00e0 d\u2019accesso dall\u2019abitato di S. Martino. Non posso che esprimere soddisfazione e plauso per quanto \u00e8 stato fatto\u201d.<\/em><\/p><\/blockquote>\n<p><a class=\"dt-pswp-item\" href=\"http:\/\/www.radiopiu.net\/wordpress\/wp-content\/uploads\/2019\/08\/WhatsApp-Image-2019-08-07-at-18.40.14.jpeg\" data-dt-img-description=\"\" data-large_image_width=\"1600\" data-large_image_height=\"900\"><img loading=\"lazy\" decoding=\"async\" class=\"alignnone wp-image-94730\" src=\"http:\/\/www.radiopiu.net\/wordpress\/wp-content\/uploads\/2019\/08\/WhatsApp-Image-2019-08-07-at-18.40.14-300x169.jpeg\" alt=\"\" width=\"220\" height=\"124\" srcset=\"https:\/\/www.radiopiu.net\/wordpress\/wp-content\/uploads\/2019\/08\/WhatsApp-Image-2019-08-07-at-18.40.14-300x169.jpeg 300w, https:\/\/www.radiopiu.net\/wordpress\/wp-content\/uploads\/2019\/08\/WhatsApp-Image-2019-08-07-at-18.40.14-768x432.jpeg 768w, https:\/\/www.radiopiu.net\/wordpress\/wp-content\/uploads\/2019\/08\/WhatsApp-Image-2019-08-07-at-18.40.14-1024x576.jpeg 1024w, https:\/\/www.radiopiu.net\/wordpress\/wp-content\/uploads\/2019\/08\/WhatsApp-Image-2019-08-07-at-18.40.14.jpeg 1600w\" sizes=\"auto, (max-width: 220px) 100vw, 220px\" \/><\/a><a class=\"dt-pswp-item\" href=\"http:\/\/www.radiopiu.net\/wordpress\/wp-content\/uploads\/2019\/08\/WhatsApp-Image-2019-08-07-at-18.40.16.jpeg\" data-dt-img-description=\"\" data-large_image_width=\"1600\" data-large_image_height=\"900\"><img loading=\"lazy\" decoding=\"async\" class=\"alignnone wp-image-94731\" src=\"http:\/\/www.radiopiu.net\/wordpress\/wp-content\/uploads\/2019\/08\/WhatsApp-Image-2019-08-07-at-18.40.16-300x169.jpeg\" alt=\"\" width=\"220\" height=\"124\" srcset=\"https:\/\/www.radiopiu.net\/wordpress\/wp-content\/uploads\/2019\/08\/WhatsApp-Image-2019-08-07-at-18.40.16-300x169.jpeg 300w, https:\/\/www.radiopiu.net\/wordpress\/wp-content\/uploads\/2019\/08\/WhatsApp-Image-2019-08-07-at-18.40.16-768x432.jpeg 768w, https:\/\/www.radiopiu.net\/wordpress\/wp-content\/uploads\/2019\/08\/WhatsApp-Image-2019-08-07-at-18.40.16-1024x576.jpeg 1024w, https:\/\/www.radiopiu.net\/wordpress\/wp-content\/uploads\/2019\/08\/WhatsApp-Image-2019-08-07-at-18.40.16.jpeg 1600w\" sizes=\"auto, (max-width: 220px) 100vw, 220px\" \/><\/a><a class=\"dt-pswp-item\" href=\"http:\/\/www.radiopiu.net\/wordpress\/wp-content\/uploads\/2019\/08\/WhatsApp-Image-2019-08-07-at-18.40.19.jpeg\" data-dt-img-description=\"\" data-large_image_width=\"1600\" data-large_image_height=\"900\"><img loading=\"lazy\" decoding=\"async\" class=\"alignnone wp-image-94734\" src=\"http:\/\/www.radiopiu.net\/wordpress\/wp-content\/uploads\/2019\/08\/WhatsApp-Image-2019-08-07-at-18.40.19-300x169.jpeg\" alt=\"\" width=\"227\" height=\"128\" srcset=\"https:\/\/www.radiopiu.net\/wordpress\/wp-content\/uploads\/2019\/08\/WhatsApp-Image-2019-08-07-at-18.40.19-300x169.jpeg 300w, https:\/\/www.radiopiu.net\/wordpress\/wp-content\/uploads\/2019\/08\/WhatsApp-Image-2019-08-07-at-18.40.19-768x432.jpeg 768w, https:\/\/www.radiopiu.net\/wordpress\/wp-content\/uploads\/2019\/08\/WhatsApp-Image-2019-08-07-at-18.40.19-1024x576.jpeg 1024w, https:\/\/www.radiopiu.net\/wordpress\/wp-content\/uploads\/2019\/08\/WhatsApp-Image-2019-08-07-at-18.40.19.jpeg 1600w\" sizes=\"auto, (max-width: 227px) 100vw, 227px\" \/><\/a><a class=\"dt-pswp-item\" href=\"http:\/\/www.radiopiu.net\/wordpress\/wp-content\/uploads\/2019\/08\/WhatsApp-Image-2019-08-07-at-18.40.19-1.jpeg\" data-dt-img-description=\"\" data-large_image_width=\"1600\" data-large_image_height=\"900\"><img loading=\"lazy\" decoding=\"async\" class=\"alignnone wp-image-94733\" src=\"http:\/\/www.radiopiu.net\/wordpress\/wp-content\/uploads\/2019\/08\/WhatsApp-Image-2019-08-07-at-18.40.19-1-300x169.jpeg\" alt=\"\" width=\"225\" height=\"127\" srcset=\"https:\/\/www.radiopiu.net\/wordpress\/wp-content\/uploads\/2019\/08\/WhatsApp-Image-2019-08-07-at-18.40.19-1-300x169.jpeg 300w, https:\/\/www.radiopiu.net\/wordpress\/wp-content\/uploads\/2019\/08\/WhatsApp-Image-2019-08-07-at-18.40.19-1-768x432.jpeg 768w, https:\/\/www.radiopiu.net\/wordpress\/wp-content\/uploads\/2019\/08\/WhatsApp-Image-2019-08-07-at-18.40.19-1-1024x576.jpeg 1024w, https:\/\/www.radiopiu.net\/wordpress\/wp-content\/uploads\/2019\/08\/WhatsApp-Image-2019-08-07-at-18.40.19-1.jpeg 1600w\" sizes=\"auto, (max-width: 225px) 100vw, 225px\" \/><\/a><\/p>\n<p>&nbsp;<\/p>\n<p>&nbsp;<\/p>\n<p>&nbsp;<\/p>\n<p>&nbsp;<\/p>\n<p>&nbsp;<\/p>\n<h2>PROGRAMMAZIONE URBANISTICA: l&#8217;assessore Visalli presenta il suo piano di lavoro.<\/h2>\n<p><strong><a class=\"dt-pswp-item\" href=\"http:\/\/www.radiopiu.net\/wordpress\/wp-content\/uploads\/2019\/08\/WhatsApp-Image-2019-08-07-at-14.32.43-1.jpeg\" data-dt-img-description=\"\" data-large_image_width=\"1328\" data-large_image_height=\"747\"><img loading=\"lazy\" decoding=\"async\" class=\" wp-image-94679 alignleft\" src=\"http:\/\/www.radiopiu.net\/wordpress\/wp-content\/uploads\/2019\/08\/WhatsApp-Image-2019-08-07-at-14.32.43-1-300x169.jpeg\" alt=\"\" width=\"293\" height=\"165\" srcset=\"https:\/\/www.radiopiu.net\/wordpress\/wp-content\/uploads\/2019\/08\/WhatsApp-Image-2019-08-07-at-14.32.43-1-300x169.jpeg 300w, https:\/\/www.radiopiu.net\/wordpress\/wp-content\/uploads\/2019\/08\/WhatsApp-Image-2019-08-07-at-14.32.43-1-768x432.jpeg 768w, https:\/\/www.radiopiu.net\/wordpress\/wp-content\/uploads\/2019\/08\/WhatsApp-Image-2019-08-07-at-14.32.43-1-1024x576.jpeg 1024w, https:\/\/www.radiopiu.net\/wordpress\/wp-content\/uploads\/2019\/08\/WhatsApp-Image-2019-08-07-at-14.32.43-1.jpeg 1328w\" sizes=\"auto, (max-width: 293px) 100vw, 293px\" \/><\/a>FELTRE<\/strong> L&#8217;assessore Irma Visalli, a cui il sindaco ha affidato durante lo scorso mese di giugno le deleghe alla Pianificazione del Territorio e al Patrimonio, ha incontrato i giornalisti per presentare, tramite gli organi di informazione, il suo piano di lavoro. La filosofia di fondo sar\u00e0 quella di ridurre al massimo &#8211; in linea anche con quanto previsto dalla legge regionale &#8211; il CONSUMO DI SUOLO, migliorando al contempo la QUALITA&#8217; degli interventi. Sul fronte degli STRUMENTI, l&#8217;assessore ha annunciato, gi\u00e0 dal prossimo mese di settembre, il via al Piano degli Interventi e, a ruota, l&#8217;avvio del processo di revisione del PAT. Il metodo utilizzato sar\u00e0 quello, partendo da un&#8217;analisi aggiornata dello stato dell&#8217;arte, dell&#8217;ascolto e della PARTECIPAZIONE dei cittadini e delle componenti socioeconomiche della vita cittadina, attraverso tutti gli strumenti a disposizione, primo tra i quali quello dei laboratori di cittadinanza. L&#8217;obiettivo finale \u00e8 una visione STRATEGICA della citt\u00e0 e del suo territorio, che la proietti anche a medio-lungo termine (obiettivo 2030) nel suo ruolo di porta delle Dolomiti, ma anche di importante anello di sviluppo del comprensorio del massiccio del Grappa e della Valbelluna.<\/p>\n<p><strong>AI MICROFONI DI RADIO PIU&#8217; IRMA VISALLI<\/strong><\/p>\n<audio class=\"wp-audio-shortcode\" id=\"audio-94655-7\" preload=\"none\" style=\"width: 100%;\" controls=\"controls\"><source type=\"audio\/mpeg\" src=\"http:\/\/www.radiopiu.net\/wordpress\/wp-content\/uploads\/2019\/08\/IRMA.mp3?_=7\" \/><a href=\"http:\/\/www.radiopiu.net\/wordpress\/wp-content\/uploads\/2019\/08\/IRMA.mp3\">http:\/\/www.radiopiu.net\/wordpress\/wp-content\/uploads\/2019\/08\/IRMA.mp3<\/a><\/audio>\n<p>&nbsp;<\/p>\n<p>&nbsp;<\/p>\n<p>&nbsp;<\/p>\n<h2><a class=\"dt-pswp-item\" href=\"http:\/\/www.radiopiu.net\/wordpress\/wp-content\/uploads\/2019\/08\/WhatsApp-Image-2019-08-07-at-19.07.12.jpeg\" data-dt-img-description=\"\" data-large_image_width=\"1600\" data-large_image_height=\"900\"><img loading=\"lazy\" decoding=\"async\" class=\" wp-image-94744 alignleft\" src=\"http:\/\/www.radiopiu.net\/wordpress\/wp-content\/uploads\/2019\/08\/WhatsApp-Image-2019-08-07-at-19.07.12-300x169.jpeg\" alt=\"\" width=\"355\" height=\"200\" srcset=\"https:\/\/www.radiopiu.net\/wordpress\/wp-content\/uploads\/2019\/08\/WhatsApp-Image-2019-08-07-at-19.07.12-300x169.jpeg 300w, https:\/\/www.radiopiu.net\/wordpress\/wp-content\/uploads\/2019\/08\/WhatsApp-Image-2019-08-07-at-19.07.12-768x432.jpeg 768w, https:\/\/www.radiopiu.net\/wordpress\/wp-content\/uploads\/2019\/08\/WhatsApp-Image-2019-08-07-at-19.07.12-1024x576.jpeg 1024w, https:\/\/www.radiopiu.net\/wordpress\/wp-content\/uploads\/2019\/08\/WhatsApp-Image-2019-08-07-at-19.07.12.jpeg 1600w\" sizes=\"auto, (max-width: 355px) 100vw, 355px\" \/><\/a>DA ASOLO 8000 EURO &#8230;E LA PLURIMEDAGLIATA DORINA VACCARONI.<\/h2>\n<p>Un centinaio di ciclisti hanno partecipato\u00a0 ieri\u00a0 alla Asolo-Marmolada, accompagnati dall&#8217;amico Sindaco Migliorini e dalla plurimedagliata mondiale di scherma Dorina Vaccaroni. Rotary Asolo ha portato a Rocca 8mila euro&#8230;.. Entusiasti di poter partecipare all&#8217;acquisto del nuovo scuolabus e comparir\u00e0 il loro logo<\/p>\n<p>&nbsp;<\/p>\n<h2>IL SINDACO DI ASOLO\u00a0 MAURO MIGLIORINI A RADIO PIU<\/h2>\n<audio class=\"wp-audio-shortcode\" id=\"audio-94655-8\" preload=\"none\" style=\"width: 100%;\" controls=\"controls\"><source type=\"audio\/mpeg\" src=\"http:\/\/www.radiopiu.net\/wordpress\/wp-content\/uploads\/2019\/08\/msuro-migliorini.mp3?_=8\" \/><a href=\"http:\/\/www.radiopiu.net\/wordpress\/wp-content\/uploads\/2019\/08\/msuro-migliorini.mp3\">http:\/\/www.radiopiu.net\/wordpress\/wp-content\/uploads\/2019\/08\/msuro-migliorini.mp3<\/a><\/audio>\n<p>&nbsp;<\/p>\n<h2>IL SINDACO DI ROCCA PIETORE ANDREA DE BERNARDIN<\/h2>\n<audio class=\"wp-audio-shortcode\" id=\"audio-94655-9\" preload=\"none\" style=\"width: 100%;\" controls=\"controls\"><source type=\"audio\/mpeg\" src=\"http:\/\/www.radiopiu.net\/wordpress\/wp-content\/uploads\/2019\/08\/ANDREA-DB.mp3?_=9\" \/><a href=\"http:\/\/www.radiopiu.net\/wordpress\/wp-content\/uploads\/2019\/08\/ANDREA-DB.mp3\">http:\/\/www.radiopiu.net\/wordpress\/wp-content\/uploads\/2019\/08\/ANDREA-DB.mp3<\/a><\/audio>\n<p>&nbsp;<\/p>\n<p>&nbsp;<\/p>\n<p>&nbsp;<\/p>\n<p>&nbsp;<\/p>\n<h3>CALANO I PREZZI DELLE CASE IN MONTAGNA. MERCATO IMMOBILIARE IN SALITA. E CON LA BANDA ULTRALARGA, VALORI IN AUMENTO DEL 10%.<\/h3>\n<p><a class=\"dt-pswp-item\" href=\"http:\/\/www.radiopiu.net\/wordpress\/wp-content\/uploads\/2018\/12\/argentera_ferrere-3.jpg\" data-dt-img-description=\"\" data-large_image_width=\"865\" data-large_image_height=\"330\"><img loading=\"lazy\" decoding=\"async\" class=\"alignnone wp-image-71005 size-full\" src=\"http:\/\/www.radiopiu.net\/wordpress\/wp-content\/uploads\/2018\/12\/argentera_ferrere-3.jpg\" alt=\"\" width=\"865\" height=\"330\" srcset=\"https:\/\/www.radiopiu.net\/wordpress\/wp-content\/uploads\/2018\/12\/argentera_ferrere-3.jpg 865w, https:\/\/www.radiopiu.net\/wordpress\/wp-content\/uploads\/2018\/12\/argentera_ferrere-3-300x114.jpg 300w, https:\/\/www.radiopiu.net\/wordpress\/wp-content\/uploads\/2018\/12\/argentera_ferrere-3-768x293.jpg 768w\" sizes=\"auto, (max-width: 865px) 100vw, 865px\" \/><\/a>L&#8217;arrivo della fibra ottica a casa far\u00e0 crescere del 10 per cento il valore degli immobili nei Comuni montani. Il Piano della banda ultralarga, secondo le analisi Uncem, sar\u00e0 importante non solo per superare il divario digitale, ma anche per dare maggior valore e anche mercato a case singole e appartamenti nelle localit\u00e0 montane italiane. Cos\u00ec, il valore degli immobili cresce e lo stesso mercato potr\u00e0 subire una scossa. Le compravendite nel 2018 sono cresciute in montagna del 4%. Il prezzo medio \u00e8 2.122 euro al metro quadro in montagna.<\/p>\n<blockquote><p><em>&#8220;Il tema non \u00e8 solo comprare pi\u00f9 o meno seconde case &#8211; dice il presidente di Uncem Marco Bussone &#8211; bens\u00ec le modalit\u00e0 di abitare, restare, fare impresa, essere parte di quel luogo. Anche il tema architettonico \u00e8 per noi determinante. Fanno sorridere certe foto di immobili tipici, legno e pietra tradizionali, fatti nuovi, case di heidi delle quali proprio non sentiamo bisogno&#8221;. Oggi l&#8217;architettura contemporanea trova nuovi stili e modelli di intervento su aree edificabili e in particolare sul recupero. Puntiamo su un&#8217;abitare, anche temporaneo, che fa crescere nuove comunit\u00e0, dove chi arriva porta idee e nuovi percorsi che si intrecciano con chi vive i territori montani. Sempre se chi arriva nel proprio appartamento non si sia portato tutto, con quella tappa al centro commerciale di periferia dove ha comprato anche l&#8217;acqua. Questo non \u00e8 certo il turismo nel quale Uncem crede. Scegliere la montagna e il turismo nelle localit\u00e0 alpine e appenniniche vuol dire anche &#8216;comprare in valle&#8217; affinch\u00e9 la montagna non si desertifichi ulteriormente&#8221;.\u00a0<\/em><\/p><\/blockquote>\n<p>&nbsp;<\/p>\n<h3>DECRETO SCUOLA, UNCEM: GRAZIE ALLA MOBILITAZIONE DEI COMUNI E L&#8217;IMPEGNO DI MOLTI PARLAMENTARI GLI ENTI LOCALI POTRANNO FINANZIARE IL SERVIZIO SOSTENENDO LE FAMIGLIE<\/h3>\n<h4><strong>Uncem accoglie positivamente l&#8217;inserimento nel Decreto Scuola, approvato\u00a0(&#8220;salvo intese&#8221;)\u00a0ieri sera dal Consiglio dei Ministri, della norma che permette ai Comuni di finanziare, interamente o parzialmente, il servizio scuolabus.<\/strong><\/h4>\n<blockquote><p><a class=\"dt-pswp-item\" href=\"http:\/\/www.radiopiu.net\/wordpress\/wp-content\/uploads\/2018\/12\/argentera_ferrere-3.jpg\" data-dt-img-description=\"\" data-large_image_width=\"865\" data-large_image_height=\"330\"><img loading=\"lazy\" decoding=\"async\" class=\"size-medium wp-image-71005 alignleft\" src=\"http:\/\/www.radiopiu.net\/wordpress\/wp-content\/uploads\/2018\/12\/argentera_ferrere-3-300x114.jpg\" alt=\"\" width=\"300\" height=\"114\" srcset=\"https:\/\/www.radiopiu.net\/wordpress\/wp-content\/uploads\/2018\/12\/argentera_ferrere-3-300x114.jpg 300w, https:\/\/www.radiopiu.net\/wordpress\/wp-content\/uploads\/2018\/12\/argentera_ferrere-3-768x293.jpg 768w, https:\/\/www.radiopiu.net\/wordpress\/wp-content\/uploads\/2018\/12\/argentera_ferrere-3.jpg 865w\" sizes=\"auto, (max-width: 300px) 100vw, 300px\" \/><\/a><em>&#8220;\u00c8 il risultato di una mobilitazione nazionale dei Comuni, in particolare piccoli e montani, che hanno scritto lettere ai Parlamentari e ai Ministri Bussetti e Toninelli. Il Decreto andr\u00e0 in Gazzetta Ufficiale solo a fine agosto e dovr\u00e0 essere convertito &#8211; evidenzia Marco Bussone, Presidente Uncem &#8211; Ma il primo importante passo \u00e8 stato fatto. Tantissimi Sindaci hanno inviato lettere al Governo. Ora questo provvedimento apre nuovi scenari, di buon senso e attesi da tutti. Sugli scuolabus apriamo a settembre un ragionamento politico e operativo pi\u00f9 ampio per evitare che sui pullman gialli sia impedito di salire a utenti diversi dagli studenti. Nei nostri Comuni alpini e appenninici, quei mezzi sarebbero infatti fondamentali anche per residenti, terza et\u00e0, famiglie, turisti. A oggi non li possono usare. Va modificata la norma in accordo con la Motorizzazione, il Ministero dei Trasporti e le Regioni. Uncem far\u00e0 la sua parte&#8221;.<\/em><\/p><\/blockquote>\n<p>&nbsp;<\/p>\n<p>&nbsp;<\/p>\n<p>&nbsp;<\/p>\n<h2>ASCA &#8211; selezione personale assistenziale<\/h2>\n<p><strong>AGORDO<\/strong> L&#8217;azienda Speciale Consortile Agordina ha indetto una nuova selezione pubblica finalizzata alla formulazione di una graduatoria cui attingere per l\u2019assunzione a tempo indeterminato determinato e parziale di OPERATORE SOCIO SANITARIO da inserire nella RSA di Agordo e nel Servizio Domiciliare del territorio Agordino. Le modalit\u00e0 di presentazione della domanda si trovano sul sito aziendale www.servizisocialiasca.it. Il termine perentorio previsto per la presentazione della candidatura \u00e8 fissato per il giorno 5 settembre 2019 entro le ore 12.00, mentre le selezioni verranno effettuate nelle giornate del 12 e 13 settembre 2019.<\/p>\n<p>&nbsp;<\/p>\n<p>&nbsp;<\/p>\n<p>&nbsp;<\/p>\n<blockquote><p><strong>L&#8217;INAUGURAZIONE<\/strong><\/p>\n<p>Oggi alle 11.30 in sala convegni dell&#8217;ospedale di Feltre inaugurazione della nuova sede del Pronto Soccorso e della nuova Risonanza Magnetica dell&#8217;Ospedale di Feltre alla presenza del governatore Luca Zaia.<\/p><\/blockquote>\n<p>&nbsp;<\/p>\n<p>&nbsp;<\/p>\n<p>&nbsp;<\/p>\n<h3>Pulizia sentieri in Nevegal Una sessantina i volontari in azione<\/h3>\n<p><strong><a class=\"dt-pswp-item\" href=\"http:\/\/www.radiopiu.net\/wordpress\/wp-content\/uploads\/2019\/08\/Lezione-botanica.jpeg\" data-dt-img-description=\"\" data-large_image_width=\"1600\" data-large_image_height=\"1200\"><img loading=\"lazy\" decoding=\"async\" class=\" wp-image-94721 alignleft\" src=\"http:\/\/www.radiopiu.net\/wordpress\/wp-content\/uploads\/2019\/08\/Lezione-botanica-300x225.jpeg\" alt=\"\" width=\"249\" height=\"187\" srcset=\"https:\/\/www.radiopiu.net\/wordpress\/wp-content\/uploads\/2019\/08\/Lezione-botanica-300x225.jpeg 300w, https:\/\/www.radiopiu.net\/wordpress\/wp-content\/uploads\/2019\/08\/Lezione-botanica-768x576.jpeg 768w, https:\/\/www.radiopiu.net\/wordpress\/wp-content\/uploads\/2019\/08\/Lezione-botanica-1024x768.jpeg 1024w, https:\/\/www.radiopiu.net\/wordpress\/wp-content\/uploads\/2019\/08\/Lezione-botanica.jpeg 1600w\" sizes=\"auto, (max-width: 249px) 100vw, 249px\" \/><\/a>BELLUNO\u00a0 <\/strong>Sono stati una sessantina i volontari che questa mattina sono stati impegnati nelle operazioni di pulizia dei sentieri sul Nevegal: a farla da padrone, gli scout, da qualche giorno ospiti a Pian Longhi proprio per questa iniziativa. Una cinquantina i ragazzi in azione, tra i 16 e i 23 anni, a cui si sono aggiunti volontari del CAI, di Nevegallika e della Protezione civile comunale, che si occupa della logistica di queste operazioni, presente con uomini e due mezzi. Due i gruppi che hanno raccolto i rifiuti dalle zone calpestabili dei sentieri attualmente aperti e che si sono concentrati sul sentiero n. 5, detto \u201cde la forestal\u201d e lungo le piste di sci Grava e Coca; una quindicina i sacchi di rifiuti raccolti, abbandonati dagli escursionisti e non solo. Al termine della bonifica, i ragazzi hanno seguito una lezione di botanica da parte dei volontari di Nevegallika. Per gli scout, le operazioni di pulizia riprenderanno luned\u00ec: da gioved\u00ec fino al weekend, infatti, sono previste unicamente attivit\u00e0 interne all&#8217;associazione.<\/p>\n<p>&nbsp;<\/p>\n<p>&nbsp;<\/p>\n<p>&nbsp;<\/p>\n<h2>PREMIO GIORNALISTICO \u201cBEPI ZANFRON\u201d &#8211; PUBBLICATO IL BANDO DELLA SECONDA EDIZIONE<\/h2>\n<p align=\"LEFT\"><span style=\"font-family: Tahoma, sans-serif;\"><strong>BELLUNO<\/strong> \u00c8 stato pubblicato in questi giorni sul sito del Sindacato Giornalisti del Veneto<\/span><span style=\"font-family: Tahoma, sans-serif;\"> il bando della seconda edizione del premio giornalistico intitolato alla memoria di Giuseppe \u201cBepi\u201d Zanfon, organizzato da Assostampa Belluno e Sindacato Giornalisti del Veneto\u00a0<\/span><span style=\"font-family: Tahoma, sans-serif;\">Il premio \u00e8 aperto a tutti i giornalisti che si siano distinti nella comunicazione di fatti di cronaca legati al dissesto idrogeologico o eventi climatici, raccontandoli tramite le immagini. <\/span><span style=\"font-family: Tahoma, sans-serif;\">Anche per l&#8217;edizione 2019 gli organizzatori hanno voluto confermare il tema del dissesto idrogeologico che, oltre ad essere strettamente legato al lavoro di Zanfron il cui nome \u00e8 indissolubilmente legato agli scatti del Vajont, ha segnato a livello nazionale la cronaca dello scorso anno, dalla tempesta Vaia nel Bellunese, Veneto e Trentino Alto Adige fino alle alluvioni che hanno colpito il Paese dalla Liguria alla Sicilia. <\/span><span style=\"font-family: Tahoma, sans-serif;\">Due le sezioni previste dal concorso, per ognuna delle quali \u00e8 previsto un premio del valore di 500 euro: carta stampate e web, e televisione. I lavori, andati in onda o messi online tra il 1 gennaio e il 31 dicembre 2018, potranno essere inviati dagli stessi autori, dai direttori delle testate o dai capiredattori entro il 15 settembre 2019, insieme ad un breve curriculum professionale, all&#8217;indirizzo <\/span><span style=\"color: #000080;\"><span lang=\"zxx\"><u><a href=\"mailto:premiozanfron@sindacatogiornalistiveneto.it\"><span style=\"font-family: Tahoma, sans-serif;\">premiozanfron@sindacatogiornalistiveneto.it<\/span><\/a>. <\/u><\/span><\/span><span style=\"font-family: Tahoma, sans-serif;\">La terna finalista di ogni categoria sar\u00e0 resa pubblica 15 giorni prima della cerimonia di consegna del premio. <\/span><span style=\"font-family: Tahoma, sans-serif;\">La premiazione si svolger\u00e0 il prossimo 5 ottobre 2019, nella Sala Consiliare del Municipio di Longarone, all&#8217;interno delle manifestazioni per il 56. anniversario della tragedia del Vajont; solamente in quell&#8217;occasione saranno svelati i nomi dei vincitori.<\/span><\/p>\n<p align=\"LEFT\"><a class=\"dt-pswp-item\" href=\"http:\/\/www.radiopiu.net\/wordpress\/wp-content\/uploads\/2019\/08\/finalisti-premio-zanfron-06.10.2018-1.jpg\" data-dt-img-description=\"\" data-large_image_width=\"1900\" data-large_image_height=\"891\"><img loading=\"lazy\" decoding=\"async\" class=\"alignnone wp-image-94674 size-full\" src=\"http:\/\/www.radiopiu.net\/wordpress\/wp-content\/uploads\/2019\/08\/finalisti-premio-zanfron-06.10.2018-1.jpg\" alt=\"\" width=\"1900\" height=\"891\" srcset=\"https:\/\/www.radiopiu.net\/wordpress\/wp-content\/uploads\/2019\/08\/finalisti-premio-zanfron-06.10.2018-1.jpg 1900w, https:\/\/www.radiopiu.net\/wordpress\/wp-content\/uploads\/2019\/08\/finalisti-premio-zanfron-06.10.2018-1-300x141.jpg 300w, https:\/\/www.radiopiu.net\/wordpress\/wp-content\/uploads\/2019\/08\/finalisti-premio-zanfron-06.10.2018-1-768x360.jpg 768w, https:\/\/www.radiopiu.net\/wordpress\/wp-content\/uploads\/2019\/08\/finalisti-premio-zanfron-06.10.2018-1-1024x480.jpg 1024w\" sizes=\"auto, (max-width: 1900px) 100vw, 1900px\" \/><\/a><\/p>\n<blockquote>\n<h3 align=\"LEFT\"><em><span style=\"font-family: Tahoma, sans-serif;\">La prima edizione ha visto come vincitori Alessandra Segafreddo nella sezione \u201ccarta stampata e web\u201d e Michele Rosset in quella \u201ctelevisione\u201d.<\/span><\/em><\/h3>\n<\/blockquote>\n<p>&nbsp;<\/p>\n<p>&nbsp;<\/p>\n<p>&nbsp;<\/p>\n<h2>IL LIBRO DI POESIE ED IMMAGINI<\/h2>\n<p><strong>Alberta Foccardi, veneziana ma da tanti anni trascorre le sue vacanze in Agordino, e il 12 agosto alle ore 18 nella sala consiliare di Falcade presenta il suo quinto libro di poesie e immagini. A colloquio con l&#8217;autrice<\/strong><\/p>\n<audio class=\"wp-audio-shortcode\" id=\"audio-94655-10\" preload=\"none\" style=\"width: 100%;\" controls=\"controls\"><source type=\"audio\/mpeg\" src=\"http:\/\/www.radiopiu.net\/wordpress\/wp-content\/uploads\/2019\/08\/alberta-foccardi.mp3?_=10\" \/><a href=\"http:\/\/www.radiopiu.net\/wordpress\/wp-content\/uploads\/2019\/08\/alberta-foccardi.mp3\">http:\/\/www.radiopiu.net\/wordpress\/wp-content\/uploads\/2019\/08\/alberta-foccardi.mp3<\/a><\/audio>\n<p>&nbsp;<\/p>\n<p>&nbsp;<\/p>\n<p>&nbsp;<\/p>\n<h3>Piccoli aiuti per mamme e pap\u00e0 Fasciatoi pubblici e angoli allattamento<\/h3>\n<p><strong>BELLUNO<\/strong> Si sono concluse\u00a0 le operazioni di installazione di cinque fasciatoi in edifici comunali o comunque aperti al pubblico, \u00a0realizzati interamente in legno dagli allievi della Scuola del Legno del Centro Consorzi di Sedico, potranno essere utilizzati gratuitamente e si trovano al Museo di Palazzo Fulcis, all&#8217;ingresso della Piscina Comunale, allo Spazio LaBel, in Biblioteca Civica e nell&#8217;Area Politiche Sociali, in municipio. L&#8217;iniziativa \u00e8 nata dalla richiesta dello Sportello Famiglia del Comune di Belluno, dall&#8217;Ufficio Politiche Educative e dall&#8217;Assessorato alle politiche sociali. Per venire incontro alle altre esigenze dei genitori dei neonati, in collaborazione con l&#8217;associazione Casa delle mamme, il Comune di Belluno ha rilanciato il progetto \u201cTempo di latte\u201d, per favorire l&#8217;allattamento al seno anche fuori casa. Gi\u00e0 lo scorso autunno, agli esercenti del centro \u00e8 stata inviata una lettera di presentazione dell&#8217;iniziativa, con il modulo per partecipare: \u00e8 sufficiente garantire l&#8217;accoglienza, senza obbligo di acquisto, per le mamme e bambini ed offrire loro uno spazio per sedersi ed allattare, e rispettare il codice dei sostituti del latte materno. I negozi aderenti sono riconoscibili dalla vetrofania \u201cTempo di latte\u201d, rilasciata dall&#8217;associazione. Sul sito del Comune di Belluno (nella sezione Vivere \u2013 Sportello Famiglia \u2013 Prima Infanzia \u00e8 possibile trovare i moduli per l&#8217;adesione e una mappa dei locali che aderiscono al progetto.<\/p>\n<blockquote><p><em>\u00abCi auguriamo \u2013 sottolinea l&#8217;assessore alle politiche sociali, Lucia Pellegrini &#8211; di poter creare altri punti nel territorio comunale comune dove le mamme, durante le loro incombenze quotidiane, possano trovare un luogo sereno dove poter allattare il loro bambino. In questo modo, vogliamo facilitare la vita e le attivit\u00e0 sociali delle neo-mamme, ma anche valorizzare l&#8217;importanza di un momento cos\u00ec intimo di unione tra mamma e figlio\u00bb.<\/em><\/p><\/blockquote>\n<p>&nbsp;<\/p>\n<p>&nbsp;<\/p>\n<p>&nbsp;<\/p>\n<h2><span style=\"color: #ff0000;\">DAL ROTARY DI BELLUNO<\/span><\/h2>\n<h2>A Bend (Oregon, Usa), celebrata la sesta edizione del gemellaggio e degli scambi brevi fra le due citt\u00e0.<\/h2>\n<blockquote>\n<h3><em>Iniziato l\u2019anno di scambio annuale per un giovane bellunese in Brasile.<\/em><\/h3>\n<\/blockquote>\n<p><strong><a class=\"dt-pswp-item\" href=\"http:\/\/www.radiopiu.net\/wordpress\/wp-content\/uploads\/2019\/08\/targa-gemellaggio-a-Bend.jpg\" data-dt-img-description=\"\" data-large_image_width=\"609\" data-large_image_height=\"671\"><img loading=\"lazy\" decoding=\"async\" class=\"size-medium wp-image-94762 alignleft\" src=\"http:\/\/www.radiopiu.net\/wordpress\/wp-content\/uploads\/2019\/08\/targa-gemellaggio-a-Bend-272x300.jpg\" alt=\"\" width=\"272\" height=\"300\" srcset=\"https:\/\/www.radiopiu.net\/wordpress\/wp-content\/uploads\/2019\/08\/targa-gemellaggio-a-Bend-272x300.jpg 272w, https:\/\/www.radiopiu.net\/wordpress\/wp-content\/uploads\/2019\/08\/targa-gemellaggio-a-Bend.jpg 609w\" sizes=\"auto, (max-width: 272px) 100vw, 272px\" \/><\/a>BELLUNO\u00a0<\/strong> Si \u00e8 svolta a Bend (Oregon, Usa) la celebrazione della sesta edizione dello scambio giovani promossa dai Rotary Club di Belluno e quello di Bend. L\u2019evento di marted\u00ec 6 agosto segue quello fatto lo scorso 4 luglio in Piazza dei Martiri. In entrambe le citt\u00e0 le commissioni scambi giovani del Rotary hanno promosso con le rispettive amministrazioni comunali la realizzazione di una targa a ricordare il gemellaggio fra i due Club e le due comunit\u00e0.<br \/>\nA Bend la cerimonia si \u00e8 svolta nella zona del vecchio mulino ora un importante centro commerciale della citt\u00e0 e dove \u00e8 stata collocata la targa commemorativa del gemellaggio. Le nostre giovani ragazze Dafne Chinazzi, Martina Da Pian, Carlotta Giacchina e Luna Salvador hanno ben rappresentato la nostra provincia e l\u2019Italia. La cerimonia \u00e8 stata arricchita dall\u2019esibizione del maestro di musica Jim Knox ed in particolare di sua figlia Olivia, stella nascente della musica popolare statunitense. Lo scorso anno si sono fatti conoscere dalla nostra comunit\u00e0 avendo trascorso quattro mesi a Belluno.\u00a0 Nel mentre le nostre giovani stanno concludendo l\u2019esperienza dello scambio breve a Bend che ha previsto la permanenza a Belluno di quattro ragazze americane per una ventina di giorni e la loro ospitalit\u00e0 nella casa delle nostre quattro ragazze, ha iniziato in Brasile il suo scambio annuale il giovane Giosu\u00e9 Mario. Egli \u00e8 partito la settimana scorsa per la cittadina di Gramado nello stato brasiliano di Rio Grande do Sul dove frequenter\u00e0 il quarto anno in un istituto superiore locale e sar\u00e0 ospitato durante l\u2019anno scolastico da tre famiglie e seguito dal locale Rotary Club. Tra le attivit\u00e0 di scambio annuale promosse dal Rotary Club di Belluno vi sar\u00e0 anche l\u2019arrivo a settembre del giovane finlandese Otto Oskari Ahonen che studier\u00e0 nel Liceo Economico Sociale Renier e sar\u00e0 ospitato da tre famiglie bellunesi. Per il promo periodo di quattro mesi dalla famiglia di Giosu\u00e9. Gli scambi giovani brevi e lunghi sono a tutti gli effetti dei service che i Rotary Club offrono alla propria comunit\u00e0 ed hanno lo scopo di sviluppare nei giovani le loro potenzialit\u00e0, far acquisire abilit\u00e0 che durano una vita, imparare una nuova cultura e anche una nuova lingua, allacciare amicizie durature e farli diventare cittadini del mondo.<\/p>\n<p><a class=\"dt-pswp-item\" href=\"http:\/\/www.radiopiu.net\/wordpress\/wp-content\/uploads\/2019\/08\/Arrivo-di-Giosu\u00e9-Mario-in-Brasile.jpg\" data-dt-img-description=\"\" data-large_image_width=\"1280\" data-large_image_height=\"960\"><img loading=\"lazy\" decoding=\"async\" class=\"alignnone wp-image-94766\" src=\"http:\/\/www.radiopiu.net\/wordpress\/wp-content\/uploads\/2019\/08\/Arrivo-di-Giosu\u00e9-Mario-in-Brasile-300x225.jpg\" alt=\"\" width=\"376\" height=\"283\" srcset=\"https:\/\/www.radiopiu.net\/wordpress\/wp-content\/uploads\/2019\/08\/Arrivo-di-Giosu\u00e9-Mario-in-Brasile-300x225.jpg 300w, https:\/\/www.radiopiu.net\/wordpress\/wp-content\/uploads\/2019\/08\/Arrivo-di-Giosu\u00e9-Mario-in-Brasile-768x576.jpg 768w, https:\/\/www.radiopiu.net\/wordpress\/wp-content\/uploads\/2019\/08\/Arrivo-di-Giosu\u00e9-Mario-in-Brasile-1024x768.jpg 1024w, https:\/\/www.radiopiu.net\/wordpress\/wp-content\/uploads\/2019\/08\/Arrivo-di-Giosu\u00e9-Mario-in-Brasile.jpg 1280w\" sizes=\"auto, (max-width: 376px) 100vw, 376px\" \/><\/a><a class=\"dt-pswp-item\" href=\"http:\/\/www.radiopiu.net\/wordpress\/wp-content\/uploads\/2019\/08\/Familglia-Jim-Knox.jpg\" data-dt-img-description=\"\" data-large_image_width=\"648\" data-large_image_height=\"486\"><img loading=\"lazy\" decoding=\"async\" class=\"alignnone wp-image-94765\" src=\"http:\/\/www.radiopiu.net\/wordpress\/wp-content\/uploads\/2019\/08\/Familglia-Jim-Knox-300x225.jpg\" alt=\"\" width=\"375\" height=\"281\" srcset=\"https:\/\/www.radiopiu.net\/wordpress\/wp-content\/uploads\/2019\/08\/Familglia-Jim-Knox-300x225.jpg 300w, https:\/\/www.radiopiu.net\/wordpress\/wp-content\/uploads\/2019\/08\/Familglia-Jim-Knox.jpg 648w\" sizes=\"auto, (max-width: 375px) 100vw, 375px\" \/><\/a><a class=\"dt-pswp-item\" href=\"http:\/\/www.radiopiu.net\/wordpress\/wp-content\/uploads\/2019\/08\/le-ragazze-bellunesi-scambio-2019.jpg\" data-dt-img-description=\"\" data-large_image_width=\"1500\" data-large_image_height=\"1001\"><img loading=\"lazy\" decoding=\"async\" class=\"alignnone wp-image-94764\" src=\"http:\/\/www.radiopiu.net\/wordpress\/wp-content\/uploads\/2019\/08\/le-ragazze-bellunesi-scambio-2019-300x200.jpg\" alt=\"\" width=\"371\" height=\"247\" srcset=\"https:\/\/www.radiopiu.net\/wordpress\/wp-content\/uploads\/2019\/08\/le-ragazze-bellunesi-scambio-2019-300x200.jpg 300w, https:\/\/www.radiopiu.net\/wordpress\/wp-content\/uploads\/2019\/08\/le-ragazze-bellunesi-scambio-2019-768x513.jpg 768w, https:\/\/www.radiopiu.net\/wordpress\/wp-content\/uploads\/2019\/08\/le-ragazze-bellunesi-scambio-2019-1024x683.jpg 1024w, https:\/\/www.radiopiu.net\/wordpress\/wp-content\/uploads\/2019\/08\/le-ragazze-bellunesi-scambio-2019.jpg 1500w\" sizes=\"auto, (max-width: 371px) 100vw, 371px\" \/><\/a><a class=\"dt-pswp-item\" href=\"http:\/\/www.radiopiu.net\/wordpress\/wp-content\/uploads\/2019\/08\/tutte-le-ragazze-dello-scambio-2019.jpg\" data-dt-img-description=\"\" data-large_image_width=\"1500\" data-large_image_height=\"1001\"><img loading=\"lazy\" decoding=\"async\" class=\"alignnone wp-image-94763\" src=\"http:\/\/www.radiopiu.net\/wordpress\/wp-content\/uploads\/2019\/08\/tutte-le-ragazze-dello-scambio-2019-300x200.jpg\" alt=\"\" width=\"379\" height=\"252\" srcset=\"https:\/\/www.radiopiu.net\/wordpress\/wp-content\/uploads\/2019\/08\/tutte-le-ragazze-dello-scambio-2019-300x200.jpg 300w, https:\/\/www.radiopiu.net\/wordpress\/wp-content\/uploads\/2019\/08\/tutte-le-ragazze-dello-scambio-2019-768x513.jpg 768w, https:\/\/www.radiopiu.net\/wordpress\/wp-content\/uploads\/2019\/08\/tutte-le-ragazze-dello-scambio-2019-1024x683.jpg 1024w, https:\/\/www.radiopiu.net\/wordpress\/wp-content\/uploads\/2019\/08\/tutte-le-ragazze-dello-scambio-2019.jpg 1500w\" sizes=\"auto, (max-width: 379px) 100vw, 379px\" \/><\/a><\/p>\n<p>&nbsp;<\/p>\n<p>&nbsp;<\/p>\n<p>&nbsp;<\/p>\n<h3>POSTE ITALIANE NEL MESE DI AGOSTO GARANTISCE I SERVIZI PER I TURISTI<\/h3>\n<blockquote><p><strong><em>\u00a0Auronzo di Cadore, Santo Stefano di Cadore, Caviola e Zoldo Alto: potenziati gli Uffici Postali <a class=\"dt-pswp-item\" href=\"http:\/\/www.radiopiu.net\/wordpress\/wp-content\/uploads\/2019\/04\/Poste_sito_piccoli_Comuni_apr2019.jpg\" data-dt-img-description=\"\" data-large_image_width=\"1362\" data-large_image_height=\"672\"><img loading=\"lazy\" decoding=\"async\" class=\" wp-image-82994 alignleft\" src=\"http:\/\/www.radiopiu.net\/wordpress\/wp-content\/uploads\/2019\/04\/Poste_sito_piccoli_Comuni_apr2019-300x148.jpg\" alt=\"\" width=\"278\" height=\"137\" srcset=\"https:\/\/www.radiopiu.net\/wordpress\/wp-content\/uploads\/2019\/04\/Poste_sito_piccoli_Comuni_apr2019-300x148.jpg 300w, https:\/\/www.radiopiu.net\/wordpress\/wp-content\/uploads\/2019\/04\/Poste_sito_piccoli_Comuni_apr2019-768x379.jpg 768w, https:\/\/www.radiopiu.net\/wordpress\/wp-content\/uploads\/2019\/04\/Poste_sito_piccoli_Comuni_apr2019-1024x505.jpg 1024w, https:\/\/www.radiopiu.net\/wordpress\/wp-content\/uploads\/2019\/04\/Poste_sito_piccoli_Comuni_apr2019.jpg 1362w\" sizes=\"auto, (max-width: 278px) 100vw, 278px\" \/><\/a>nei Piccoli Comuni a vocazione turistica<\/em><\/strong><\/p><\/blockquote>\n<p><strong>BELLUNO\u00a0<\/strong> Poste Italiane, per gestire l\u2019aumento del flusso di clientela negli Uffici Postali della provincia di Belluno previsto durante il periodo estivo, ha deciso di potenziare il servizio a sportello delle sedi di Auronzo di Cadore, Santo Stefano di Cadore, Caviola e Zoldo Alto. L\u2019obiettivo \u00e8 quello di assicurare le migliori soluzioni non solo ai residenti, ma anche ai turisti che frequentano questi Uffici Postali. Il \u00a0potenziamento degli Uffici Postali dei piccoli comuni a \u201cvocazione turistica\u201d, che hanno cio\u00e8, in base ad una serie di parametri, \u00a0un\u2019attrattivit\u00e0 e una potenzialit\u00e0 turistica, \u00e8 parte del programma dei \u201cdieci impegni\u201d per i Comuni italiani con meno di 5.000 abitanti<\/p>\n<p>&nbsp;<\/p>\n<p>&nbsp;<\/p>\n<p>&nbsp;<\/p>\n<p>&nbsp;<\/p>\n<h1>IERI A RAI3 I SEGGIOLAI DI RIVAMONTE<\/h1>\n<h1><strong><span style=\"color: #0000ff;\"><a style=\"color: #0000ff;\" href=\"https:\/\/www.rainews.it\/tgr\/veneto\/video\/2019\/08\/ven-museo-seggiolai-rivamonte-agordino-8042f418-a37a-4466-a1fa-417d75c70944.html?fbclid=IwAR2Gz4t3-5tWmVUnZ2i0tKZ6gb2Xy8YlQk_rzdblI2yacKpqSSKPs2JmRsY\">CLICCA QUI<\/a><\/span><\/strong><\/h1>\n<p>&nbsp;<\/p>\n<p>&nbsp;<\/p>\n<h2><\/h2>\n<h2><strong><a class=\"dt-pswp-item\" href=\"http:\/\/www.radiopiu.net\/wordpress\/wp-content\/uploads\/2019\/08\/68873773_2381454478733640_721950935504388096_n.jpg\" data-dt-img-description=\"\" data-large_image_width=\"678\" data-large_image_height=\"960\"><img loading=\"lazy\" decoding=\"async\" class=\"size-medium wp-image-94758 alignleft\" src=\"http:\/\/www.radiopiu.net\/wordpress\/wp-content\/uploads\/2019\/08\/68873773_2381454478733640_721950935504388096_n-212x300.jpg\" alt=\"\" width=\"212\" height=\"300\" srcset=\"https:\/\/www.radiopiu.net\/wordpress\/wp-content\/uploads\/2019\/08\/68873773_2381454478733640_721950935504388096_n-212x300.jpg 212w, https:\/\/www.radiopiu.net\/wordpress\/wp-content\/uploads\/2019\/08\/68873773_2381454478733640_721950935504388096_n.jpg 678w\" sizes=\"auto, (max-width: 212px) 100vw, 212px\" \/><\/a>Passeggiata nei boschi di Forcella Aurine<\/strong><\/h2>\n<p><strong>GOSALDO<\/strong> Un invito ad aderire alla Passeggiata nei boschi di Forcella Aurine. Il ritrovo sul piazzale centrale a Forcella Aurine,\u00a0 qualche chiacchiera, alcune spiegazioni ed informazioni sul luogo\u00a0 e sulle due famiglie che hanno contribuito a fare di questo piccolo valico che separa i comuni di Voltago e Gosaldo, un centro turistico dell&#8217;Agordino che ancora oggi ha delle potenzialit\u00e0, un certo interesse e un certo movimento turistico. La famiglia Bedont, da cui tutto\u00a0 \u00e8 partito\u00a0 ancora ai primi del 900, con la nascita del loro albergo Aurine, i cui discendenti ancora oggi sono fra pochi residenti e la famiglia De Dorigo, arrivata da Laste pi\u00f9 di 50 anni fa con l&#8217;idea di un\u00a0 importante sviluppo del turismo invernale che ha avuto il massimo del suo splendore negli anni 80.<br \/>\n<em>&#8220;Oggi \u00e8 la societ\u00e0 Desma &#8211; dice Anna Magro la presidente del Cai Agordo &#8211;\u00a0 \u00a0che gestisce le sciovie e ci ha dato l&#8217;opportunit\u00e0 di organizzare questo bel evento che ha soddisfatto tutti, organizzatori e partecipanti, molti dei quali turisti che hanno avuto modo di apprezzare il territorio e\u00a0 di passare cos\u00ec vicino ai\u00a0 luoghi dove la tempesta Vaia ha lasciato il segno del suo passaggio&#8221;<\/em>. La coinvolgente interpretazione di Sandro Buzzatti con le letture di poesie o piccoli brani accompagnati e intervallati dal suono del contrabbasso di Nelso Salton all&#8217;ombra degli abeti sopravvissuti a Vaia, con lo spettacolare corona della catena dell&#8217;Agner Croda Granda ha emozionato tutti e al termine della mattinata con l&#8217;animo sereno tutti a pranzo al bar da Ghegi<em>. &#8220;La collaborazione e il lavoro di pi\u00f9 gruppi \u00e8 stata sicuramente positiva e stimolante per nuove possibilit\u00e0 future&#8221;\u00a0<\/em>dice Anna Magro presidente del Cai ad Agordo.\u00a0 Domenica sar\u00e0 ancora festa con il mercatino e i prodotti tipici.<\/p>\n<p>&nbsp;<\/p>\n<p>&nbsp;<\/p>\n<p>&nbsp;<\/p>\n<p>&nbsp;<\/p>\n<h2>OGGI AL VIA DOLOMITIAMO, 27 FOTOGRAFI IN SALA DON TAMIS INAUGURAZIONE ALLE 18.30<\/h2>\n<h2><strong><span style=\"color: #ff0000;\">LO SPECIALE ALLA RADIO\u00a0 <\/span><\/strong>\u00a0con Moreno Geremetta\u200b e Ivan Cagnati\u200b<\/h2>\n<audio class=\"wp-audio-shortcode\" id=\"audio-94655-11\" preload=\"none\" style=\"width: 100%;\" controls=\"controls\"><source type=\"audio\/mpeg\" src=\"http:\/\/www.radiopiu.net\/wordpress\/wp-content\/uploads\/2019\/08\/MORENO-E-IVAN-AGORDINO-DOLOMITIAMO.mp3?_=11\" \/><a href=\"http:\/\/www.radiopiu.net\/wordpress\/wp-content\/uploads\/2019\/08\/MORENO-E-IVAN-AGORDINO-DOLOMITIAMO.mp3\">http:\/\/www.radiopiu.net\/wordpress\/wp-content\/uploads\/2019\/08\/MORENO-E-IVAN-AGORDINO-DOLOMITIAMO.mp3<\/a><\/audio>\n<p>&nbsp;<\/p>\n<p>&nbsp;<\/p>\n<p>&nbsp;<\/p>\n<p>&nbsp;<\/p>\n<div class=\"page-title-head hgroup\">\n<h3 class=\"entry-title\">10 AGOSTO, AL BOSCO DEGLI ARTISTI LA GRANDE MUSICA<\/h3>\n<\/div>\n<blockquote class=\"wp-embedded-content\" data-secret=\"yplP7RMUaN\"><p><a href=\"http:\/\/www.radiopiu.net\/wordpress\/10-agosto-al-bosco-degli-artisti-la-grande-musica\/\">10 AGOSTO, AL BOSCO DEGLI ARTISTI LA GRANDE MUSICA<\/a><\/p><\/blockquote>\n<p><iframe loading=\"lazy\" title=\"&#8220;10 AGOSTO, AL BOSCO DEGLI ARTISTI LA GRANDE MUSICA&#8221; &#8212; Radio Pi\u00f9\" class=\"wp-embedded-content\" sandbox=\"allow-scripts\" security=\"restricted\" style=\"position: absolute; clip: rect(1px, 1px, 1px, 1px);\" src=\"http:\/\/www.radiopiu.net\/wordpress\/10-agosto-al-bosco-degli-artisti-la-grande-musica\/embed\/#?secret=yplP7RMUaN\" data-secret=\"yplP7RMUaN\" width=\"600\" height=\"338\" frameborder=\"0\" marginwidth=\"0\" marginheight=\"0\" scrolling=\"no\"><\/iframe><\/p>\n<p>&nbsp;<\/p>\n<p>&nbsp;<\/p>\n<p>&nbsp;<\/p>\n<h2>DOMANI\u00a0 ALPAGO MUSIC FESTIVAL ALPAGO&#8230; A CASTION<\/h2>\n<p><strong>DI DAMIANO TORMEN<\/strong><\/p>\n<audio class=\"wp-audio-shortcode\" id=\"audio-94655-12\" preload=\"none\" style=\"width: 100%;\" controls=\"controls\"><source type=\"audio\/mpeg\" src=\"http:\/\/www.radiopiu.net\/wordpress\/wp-content\/uploads\/2019\/08\/ALPAGO-MUSIC.mp3?_=12\" \/><a href=\"http:\/\/www.radiopiu.net\/wordpress\/wp-content\/uploads\/2019\/08\/ALPAGO-MUSIC.mp3\">http:\/\/www.radiopiu.net\/wordpress\/wp-content\/uploads\/2019\/08\/ALPAGO-MUSIC.mp3<\/a><\/audio>\n<h3><\/h3>\n<h3><\/h3>\n<p>&nbsp;<\/p>\n<h2>Un&#8217;esposizione a Pieve d&#8217;Alpago per le opere degli artisti che hanno <a class=\"dt-pswp-item\" href=\"http:\/\/www.radiopiu.net\/wordpress\/wp-content\/uploads\/2019\/08\/GDL_MAGLIETTA2019_HD-1.jpg\" data-dt-img-description=\"\" data-large_image_width=\"4134\" data-large_image_height=\"4725\"><img loading=\"lazy\" decoding=\"async\" class=\" wp-image-94669 alignleft\" src=\"http:\/\/www.radiopiu.net\/wordpress\/wp-content\/uploads\/2019\/08\/GDL_MAGLIETTA2019_HD-1-262x300.jpg\" alt=\"\" width=\"183\" height=\"210\" srcset=\"https:\/\/www.radiopiu.net\/wordpress\/wp-content\/uploads\/2019\/08\/GDL_MAGLIETTA2019_HD-1-262x300.jpg 262w, https:\/\/www.radiopiu.net\/wordpress\/wp-content\/uploads\/2019\/08\/GDL_MAGLIETTA2019_HD-1-768x878.jpg 768w, https:\/\/www.radiopiu.net\/wordpress\/wp-content\/uploads\/2019\/08\/GDL_MAGLIETTA2019_HD-1-896x1024.jpg 896w\" sizes=\"auto, (max-width: 183px) 100vw, 183px\" \/><\/a>disegnato le magliette del Giro del Giro del Lago di Santa Croce<\/h2>\n<blockquote><p><em> Il Giro del Lago \u00e8 un&#8217;iniziativa solidale il cui ricavato verr\u00e0 devoluto, come consuetudine, alla Via di Natale di Aviano e all&#8217;associazione Cucchini di Belluno.\u00a0<\/em><\/p><\/blockquote>\n<p><strong>ALPAGO<\/strong> Il Giro del Lago di Santa Croce continua in maniera intensa il percorso di avvicinamento alla 25. edizione, in programma domenica 18 agosto e aperta non solo a ciclisti e podisti, come per il passato, ma anche,novit\u00e0 assoluta, ai pattinatori. Tra pochi giorni si aprir\u00e0 la mostra \u201c25 anni del Giro del lago\u201d, collettiva degli artisti che a partire dal 2005 hanno realizzato il disegno per la maglietta del Giro dal 2005 ad oggi: Gianni Stiletto, Gigliola Salvatori, Mario Tapia, Raul Barattin, Renata Carraro, Rino Pinto, Fabio Vettori, Vico Calabr\u00f2, Franco Murer, Alda Boscaro, Vincenzo Munaro, Jacopo Fo, Luca Stella, Bruno Ghigliano, Manuel Zanette. La mostra, ospitata al palazzo municipale di Pieve d&#8217;Alpago sar\u00e0 inaugurata sabato alle 17.<\/p>\n<p>&nbsp;<\/p>\n<p>&nbsp;<\/p>\n<p>&nbsp;<\/p>\n<p>&nbsp;<\/p>\n<h3>\u201cSIGNOR NO!\u201d A COSTALTA\u00a0 L&#8217;obiezione di coscienza di scena domenica 11 agosto<\/h3>\n<p><strong><a class=\"dt-pswp-item\" href=\"http:\/\/www.radiopiu.net\/wordpress\/wp-content\/uploads\/2019\/08\/frame-docu-signor-no.jpg\" data-dt-img-description=\"\" data-large_image_width=\"2048\" data-large_image_height=\"1152\"><img loading=\"lazy\" decoding=\"async\" class=\" wp-image-94666 alignleft\" src=\"http:\/\/www.radiopiu.net\/wordpress\/wp-content\/uploads\/2019\/08\/frame-docu-signor-no-300x169.jpg\" alt=\"\" width=\"240\" height=\"135\" srcset=\"https:\/\/www.radiopiu.net\/wordpress\/wp-content\/uploads\/2019\/08\/frame-docu-signor-no-300x169.jpg 300w, https:\/\/www.radiopiu.net\/wordpress\/wp-content\/uploads\/2019\/08\/frame-docu-signor-no-768x432.jpg 768w, https:\/\/www.radiopiu.net\/wordpress\/wp-content\/uploads\/2019\/08\/frame-docu-signor-no-1024x576.jpg 1024w, https:\/\/www.radiopiu.net\/wordpress\/wp-content\/uploads\/2019\/08\/frame-docu-signor-no.jpg 2048w\" sizes=\"auto, (max-width: 240px) 100vw, 240px\" \/><\/a>SAN PIETRO DI CADORE<\/strong> &#8211; Il tema \u201cobiezione di coscienza civile\u201d trattato con chiarezza e semplicit\u00e0. \u00c8 l&#8217;obiettivo del docu-film di successo \u201cSignorNo! Obiezione di coscienza story\u201d firmato dal Laboratorio Inquadrati del Csv Belluno per la regia di Roberto Bristot ed Emanuele Bunetto. Il filmato figura tra le proposte culturali estive dell&#8217;Albergo diffuso Costauta e sar\u00e0 mostrato domenica 11 agosto nella Stua Cultural di Costalta alle 20.45. Esso si propone di ricostruire l&#8217;importante fenomeno dell&#8217;obiezione di coscienza alla leva obbligatoria in Italia. Una valenza educativa di respiro nazionale quella del progetto, utile anche a fini didattici: un eloquente contributo storico introduttivo unisce la tecnica dell&#8217;animazione a una ricca serie di interviste ai primi obiettori bellunesi, ricostruendo cos\u00ec una storia collettiva \u201cdimenticata\u201d, quella che ha dato vita al servizio civile nazionale. Per la realizzazione dei 45 minuti di lavoro ci sono solo voluti due anni di impegno, con riprese e interviste a 21 protagonisti (16 obiettori e 5 responsabili ed ex responsabili di enti ospitanti) e un montaggio di settimane, anche per l&#8217;inserimento di animazioni e disegni fatti a mano. Sar\u00e0 la seconda occasione di vederlo in Provincia, dopo il grande debutto di ormai un anno fa al Teatro comunale di Belluno, che aveva ospitato fra gli altri il giornalista fiorentino Saverio Tommasi, attore, scrittore e blogger di Fanpage.it.<\/p>\n<p>&nbsp;<\/p>\n<p>&nbsp;<\/p>\n<p>&nbsp;<\/p>\n<p>&nbsp;<\/p>\n<h3>GLI SPECIALI ALLA&#8230; RADIO PIU&#8217;<\/h3>\n<blockquote class=\"wp-embedded-content\" data-secret=\"l6dCTNqv1u\"><p><a href=\"http:\/\/www.radiopiu.net\/wordpress\/val-badia-food-finance\/\">VAL BADIA, Food &#038; Finance<\/a><\/p><\/blockquote>\n<p><iframe loading=\"lazy\" title=\"&#8220;VAL BADIA, Food &#038; Finance&#8221; &#8212; Radio Pi\u00f9\" class=\"wp-embedded-content\" sandbox=\"allow-scripts\" security=\"restricted\" style=\"position: absolute; clip: rect(1px, 1px, 1px, 1px);\" src=\"http:\/\/www.radiopiu.net\/wordpress\/val-badia-food-finance\/embed\/#?secret=l6dCTNqv1u\" data-secret=\"l6dCTNqv1u\" width=\"600\" height=\"338\" frameborder=\"0\" marginwidth=\"0\" marginheight=\"0\" scrolling=\"no\"><\/iframe><\/p>\n<p>&nbsp;<\/p>\n<p>&nbsp;<\/p>\n<p>&nbsp;<\/p>\n<p>&nbsp;<\/p>\n<h2>DOMANI\u00a0 \u00a0WOODSTOCK 50 ANNI DOPO con Claudio Pra<\/h2>\n<h2><span style=\"color: #ff0000;\">DALLE 21.30 A RADIO PIU&#8217; PER UN VENERDI DI RICORDI<\/span><\/h2>\n<p>trasmissione in programma alla radio sul ricordo di quell&#8217;indimenticabile raduno generazionale<\/p>\n<audio class=\"wp-audio-shortcode\" id=\"audio-94655-13\" preload=\"none\" style=\"width: 100%;\" controls=\"controls\"><source type=\"audio\/mpeg\" src=\"http:\/\/www.radiopiu.net\/wordpress\/wp-content\/uploads\/2019\/08\/claudio-promo-programma.mp3?_=13\" \/><a href=\"http:\/\/www.radiopiu.net\/wordpress\/wp-content\/uploads\/2019\/08\/claudio-promo-programma.mp3\">http:\/\/www.radiopiu.net\/wordpress\/wp-content\/uploads\/2019\/08\/claudio-promo-programma.mp3<\/a><\/audio>\n<p>&nbsp;<\/p>\n<p>&nbsp;<\/p>\n<p>&nbsp;<\/p>\n<h2>IL RITORNO DI ALICE BETTOLO CON IL PESCE ROSSO<\/h2>\n<p><strong>TAIBON<\/strong> Era il 2016, tre anni fa quando Radio Pi\u00f9 propose una serie di puntate &#8220;IL DIARIO DEL PESCE ROSSO&#8221; con Alice Bettolo che in questi anni non si \u00e8 fermata, ci racconter\u00e0 nuovi aneddoti e avventure. Sar\u00e0 in onda fino a oggi alle 9.05 e alle 18.05 con la nuova serie de &#8220;I DIARI DEL PESCE ROSSO&#8221;.<\/p>\n<p><strong><span style=\"color: #0000ff;\"><a style=\"color: #0000ff;\" href=\"https:\/\/www.facebook.com\/idiaridelpescerosso\/?fref=ts\">PAGINA FACEBOOK CLICCA QUI<\/a><\/span><\/strong><\/p>\n<p>&nbsp;<\/p>\n<p>&nbsp;<\/p>\n<p>&nbsp;<\/p>\n<div>\n<h3><a class=\"dt-pswp-item\" href=\"http:\/\/www.radiopiu.net\/wordpress\/wp-content\/uploads\/2018\/09\/appuntamenti.jpeg\" data-dt-img-description=\"\" data-large_image_width=\"800\" data-large_image_height=\"100\"><img loading=\"lazy\" decoding=\"async\" class=\"alignnone size-full wp-image-61958\" src=\"http:\/\/www.radiopiu.net\/wordpress\/wp-content\/uploads\/2018\/09\/appuntamenti.jpeg\" alt=\"\" width=\"800\" height=\"100\" srcset=\"https:\/\/www.radiopiu.net\/wordpress\/wp-content\/uploads\/2018\/09\/appuntamenti.jpeg 800w, https:\/\/www.radiopiu.net\/wordpress\/wp-content\/uploads\/2018\/09\/appuntamenti-300x38.jpeg 300w, https:\/\/www.radiopiu.net\/wordpress\/wp-content\/uploads\/2018\/09\/appuntamenti-768x96.jpeg 768w\" sizes=\"auto, (max-width: 800px) 100vw, 800px\" \/><\/a><\/h3>\n<\/div>\n<div><\/div>\n<div><\/div>\n<div>\n<p><span style=\"color: #ff0000;\"><strong><a class=\"dt-pswp-item\" href=\"http:\/\/www.radiopiu.net\/wordpress\/wp-content\/uploads\/2019\/07\/21231208_1428419980586085_1115215269049052745_n.jpg\" data-dt-img-description=\"\" data-large_image_width=\"661\" data-large_image_height=\"661\"><img loading=\"lazy\" decoding=\"async\" class=\" wp-image-90482 alignleft\" src=\"http:\/\/www.radiopiu.net\/wordpress\/wp-content\/uploads\/2019\/07\/21231208_1428419980586085_1115215269049052745_n-300x300.jpg\" alt=\"\" width=\"145\" height=\"145\" srcset=\"https:\/\/www.radiopiu.net\/wordpress\/wp-content\/uploads\/2019\/07\/21231208_1428419980586085_1115215269049052745_n-300x300.jpg 300w, https:\/\/www.radiopiu.net\/wordpress\/wp-content\/uploads\/2019\/07\/21231208_1428419980586085_1115215269049052745_n-150x150.jpg 150w, https:\/\/www.radiopiu.net\/wordpress\/wp-content\/uploads\/2019\/07\/21231208_1428419980586085_1115215269049052745_n.jpg 661w\" sizes=\"auto, (max-width: 145px) 100vw, 145px\" \/><\/a><\/strong><\/span><\/p>\n<p><span style=\"color: #ff0000;\"><strong>PER IL SECONDO ANNO, PER TUTTA L&#8217;ESTATE: LA &#8220;FABBRICA DELLE EMOZIONI&#8221;, ALLA RADIO IN COLLABORAZIONE CON <a class=\"profileLink\" style=\"color: #ff0000;\" href=\"https:\/\/www.facebook.com\/dersut.taibon\/?__tn__=K-R&amp;eid=ARAWHGS4pY7ErSAGuNNMHp-xra7d294ysugnpoUicWkeK9rjbvd86RDR3SHV57JuBTC7yrMP85kcC7oy&amp;fref=mentions&amp;__xts__%5B0%5D=68.ARA8kEGfdeZlMevmYpMAmAmJ7ziHM_3WogqE61anVHM5V-Ht7pYFd4NJRcEVlK7VIq__zFsG6G8vsxxKnVF1SBmpERHebECtYKNHrf4mG4C4wVmPxxn4uj_nmTIeZglrdIyUPa0dnE3usWWzci033oOnyRS5XDhoavIU-eTU85t_Wp6jFT0-ULRP932r4STxN16bdptt8cef\" data-hovercard=\"\/ajax\/hovercard\/page.php?id=904939246267497&amp;extragetparams=%7B%22__tn__%22%3A%22%2CdK-R-R%22%2C%22eid%22%3A%22ARAWHGS4pY7ErSAGuNNMHp-xra7d294ysugnpoUicWkeK9rjbvd86RDR3SHV57JuBTC7yrMP85kcC7oy%22%2C%22fref%22%3A%22mentions%22%7D\" data-hovercard-prefer-more-content-show=\"1\">Dersut Taibon<\/a>\u00a0EVENTI, APPUNTAMENTI, DIVERTIMENTI NELLA VALLATA AGORDINA. IN ONDA ALLA RADIO NEI NOTIZIARI E NEGLI APPROFONDIMENTI ALLA RADIO E SUL SITO\u00a0<a style=\"color: #ff0000;\" href=\"http:\/\/www.radiopiu.net\/?fbclid=IwAR3Zckh6EArPlP9el3_APl-CxxkfxeumpcmQ4v9HIwZohBUQuztQ4jOimzE\" target=\"_blank\" rel=\"noopener nofollow noreferrer\" data-ft=\"{&quot;tn&quot;:&quot;-U&quot;}\" data-lynx-mode=\"async\" data-lynx-uri=\"https:\/\/l.facebook.com\/l.php?u=http%3A%2F%2FWWW.RADIOPIU.NET%2F%3Ffbclid%3DIwAR3Zckh6EArPlP9el3_APl-CxxkfxeumpcmQ4v9HIwZohBUQuztQ4jOimzE&amp;h=AT3iK2sNf9WjhvLB7AaqYnWzUdWcBNNS_1cXI6UJ3eEvhP4Ym5v2vemsj9TpyM0_qzzb9gjT9sJhgm4I2ZXxgJSAlUfvNTaJwITPvOvqfAuTNdwnWON3ic-lvSbJXWzM3FVSvAgPffEqbH4dYL2TEG6D6xs5TZHrlhUGtTKMYKoPXpBJIF8ke0VZdFkl3YQ7tGdqat-r6rzvDTprheLIjQ7jKZPmLRbVLu1fIKQ2jHEQkMU8LzIZvt_s5FE3Fxl6fUw_HG6Kz2ygpE7qxE3yIyhlOk0wt55c_6ZWHfM2I0PFlpPFgNhCDJwFSVFieE73_LsmFyKeJSBqSnd9p7KBuOYgQAQepyVC8du7dtfKvd60oOKKb1xchMvMyu9mMRYGRKi2y8I7U2WlGyyKbcYHubfjzWI02WXZXcSE97K_yFCYyeqZ2T_hgQJ7vzHhfBlDLdaXxkE\">WWW.RADIOPIU.NET<\/a><\/strong><\/span><\/p>\n<\/div>\n<p>&nbsp;<\/p>\n<p>&nbsp;<\/p>\n<div id=\"articleContent\" class=\"mercuryWrapper\">\n<div class=\"mercuryScroller\">\n<div class=\"mercuryElement\">\n<div class=\"mercuryBox\">\n<div id=\"articlePlain\">\n<div class=\"articlePlainTitle\"><\/div>\n<div>\n<blockquote><p><em><strong>GLI ALPINI DI CENCENIGHE viste le condizioni atmosferiche anomali \u00a0e quindi seguite dall\u2019ordinanza del Prefetto, la quale ha vietato di effettuare qualsiasi festa all\u2019aperto, ha rinviato la festa in pineta al\u00a0 18 agosto.<\/strong><\/em><\/p><\/blockquote>\n<p>&nbsp;<\/p>\n<\/div>\n<\/div>\n<\/div>\n<\/div>\n<\/div>\n<div><\/div>\n<\/div>\n<p><strong><a class=\"dt-pswp-item\" href=\"http:\/\/www.radiopiu.net\/wordpress\/wp-content\/uploads\/2019\/08\/427bbe22-63be-4828-80c8-ae995b9bcb50.jpg\" data-dt-img-description=\"\" data-large_image_width=\"1131\" data-large_image_height=\"1600\"><img loading=\"lazy\" decoding=\"async\" class=\" wp-image-94372 alignleft\" src=\"http:\/\/www.radiopiu.net\/wordpress\/wp-content\/uploads\/2019\/08\/427bbe22-63be-4828-80c8-ae995b9bcb50-212x300.jpg\" alt=\"\" width=\"252\" height=\"357\" srcset=\"https:\/\/www.radiopiu.net\/wordpress\/wp-content\/uploads\/2019\/08\/427bbe22-63be-4828-80c8-ae995b9bcb50-212x300.jpg 212w, https:\/\/www.radiopiu.net\/wordpress\/wp-content\/uploads\/2019\/08\/427bbe22-63be-4828-80c8-ae995b9bcb50-768x1086.jpg 768w, https:\/\/www.radiopiu.net\/wordpress\/wp-content\/uploads\/2019\/08\/427bbe22-63be-4828-80c8-ae995b9bcb50-724x1024.jpg 724w, https:\/\/www.radiopiu.net\/wordpress\/wp-content\/uploads\/2019\/08\/427bbe22-63be-4828-80c8-ae995b9bcb50.jpg 1131w\" sizes=\"auto, (max-width: 252px) 100vw, 252px\" \/><\/a><\/strong><\/p>\n<p><strong>TAIBON<\/strong> Oggi\u00a0 alle 17.45 nel cortile dell&#8217;asilo comunale Via al Forte in festa. Benedizione della via e momento commemorativo, dalle 18 apertura chiosco e cucina di strada con panini e barbecue di Francesco StreetFood. Per tutta la serata\u00a0 musica, sorprese e area attrezzata per bambini. Dal pomeriggio passeggiate naturalistiche per itinerari segnati<\/p>\n<p><strong>SOSPIROLO\u00a0<\/strong> \u00a0Sabato si terr\u00e0\u00a0 la manifestazione \u201c100 anni fa la strada!\u201d, escursione animata con ricostruzioni storiche, personaggi del passato, letture, testimonianze.\u00a0 Il ritrovo \u00e8 alle 7.30 al ponte di Mis-Regolanova destinazione Pattine in California con pranzo rustico e balli d\u2019un tempo in compagnia del Gruppo Folk Ladin del P\u00f3i. Dalle 15 alle 17 la visita guidata alla cabina comandi e al coronamento della diga di Santa Giuliana in localit\u00e0 Pascoli<\/p>\n<p><img loading=\"lazy\" decoding=\"async\" class=\"size-medium wp-image-94373 alignright\" src=\"http:\/\/www.radiopiu.net\/wordpress\/wp-content\/uploads\/2019\/08\/67950528_724971697923745_9160507609860538368_n-212x300.jpg\" alt=\"\" width=\"212\" height=\"300\" srcset=\"https:\/\/www.radiopiu.net\/wordpress\/wp-content\/uploads\/2019\/08\/67950528_724971697923745_9160507609860538368_n-212x300.jpg 212w, https:\/\/www.radiopiu.net\/wordpress\/wp-content\/uploads\/2019\/08\/67950528_724971697923745_9160507609860538368_n.jpg 677w\" sizes=\"auto, (max-width: 212px) 100vw, 212px\" \/><\/p>\n<p><strong>CAVIOLA<\/strong> Questa sera alle 21 alla Casa della Gioventu&#8217;\u00a0 si esibiranno i diplomandi del conservatorio Tomadini di Udine.<\/p>\n<p><strong>CANALE D&#8217;AGORDO<\/strong>\u00a0 Ai giovedi delle biblioteche, questa sera\u00a0 alle 20.45 Marco Crepaz e Luciana Tavi presentano &#8220;i ricordi della valigia, emigrazione 2.0&#8221; Con <a class=\"dt-pswp-item\" href=\"http:\/\/www.radiopiu.net\/wordpress\/wp-content\/uploads\/2019\/08\/ce220eb6-8385-413b-b98a-c75ab24f2e0d.jpg\" data-dt-img-description=\"\" data-large_image_width=\"1131\" data-large_image_height=\"1600\"><img loading=\"lazy\" decoding=\"async\" class=\"size-medium wp-image-94391 alignleft\" src=\"http:\/\/www.radiopiu.net\/wordpress\/wp-content\/uploads\/2019\/08\/ce220eb6-8385-413b-b98a-c75ab24f2e0d-212x300.jpg\" alt=\"\" width=\"212\" height=\"300\" srcset=\"https:\/\/www.radiopiu.net\/wordpress\/wp-content\/uploads\/2019\/08\/ce220eb6-8385-413b-b98a-c75ab24f2e0d-212x300.jpg 212w, https:\/\/www.radiopiu.net\/wordpress\/wp-content\/uploads\/2019\/08\/ce220eb6-8385-413b-b98a-c75ab24f2e0d-768x1086.jpg 768w, https:\/\/www.radiopiu.net\/wordpress\/wp-content\/uploads\/2019\/08\/ce220eb6-8385-413b-b98a-c75ab24f2e0d-724x1024.jpg 724w, https:\/\/www.radiopiu.net\/wordpress\/wp-content\/uploads\/2019\/08\/ce220eb6-8385-413b-b98a-c75ab24f2e0d.jpg 1131w\" sizes=\"auto, (max-width: 212px) 100vw, 212px\" \/><\/a>l&#8217;intervento di un ex emigrante del poto e videomessaggio di giovani emigranti.<\/p>\n<p><strong>VOLTAGO<\/strong> Dopo Agordo ecco la presentazione del libro &#8220;Tu non sai&#8221; poesie e racconti di Cherubino Miana in casa dello stesso Miana in sala De Col. E&#8217; in programma per domani alle 20.<\/p>\n<p><strong>CAVIOLA\u00a0<\/strong> Domani\u00a0 \u00a0alla Casa della giovent\u00f9 di Caviola &#8220;La musica dei sassi&#8221; con la pianista Silvia Tessari e il geologo Vittorio Fenti. Appuntamenti per le 20.45.<\/p>\n<p><strong>BELLUNO<\/strong> San Gualberto sotto le stelle. Domani\u00a0 alle 18.45 a Malga Faverghera concerto del Quartetto Barance, ai clarinetti Debora Ongaro, Anna Zanella, Alessandro Pasuch e Annika Baake. Il 16 agosto alle 18 nel giardino della chiesa di San Gualberto concerto d&#8217;arpa con Chiara Gasparotto. Ingresso libero.<\/p>\n<p><strong><a class=\"dt-pswp-item\" href=\"http:\/\/www.radiopiu.net\/wordpress\/wp-content\/uploads\/2019\/08\/WhatsApp-Image-2019-08-06-at-23.53.51.jpeg\" data-dt-img-description=\"\" data-large_image_width=\"1002\" data-large_image_height=\"1335\"><img loading=\"lazy\" decoding=\"async\" class=\" wp-image-94601 alignright\" src=\"http:\/\/www.radiopiu.net\/wordpress\/wp-content\/uploads\/2019\/08\/WhatsApp-Image-2019-08-06-at-23.53.51-225x300.jpeg\" alt=\"\" width=\"192\" height=\"256\" srcset=\"https:\/\/www.radiopiu.net\/wordpress\/wp-content\/uploads\/2019\/08\/WhatsApp-Image-2019-08-06-at-23.53.51-225x300.jpeg 225w, https:\/\/www.radiopiu.net\/wordpress\/wp-content\/uploads\/2019\/08\/WhatsApp-Image-2019-08-06-at-23.53.51-768x1023.jpeg 768w, https:\/\/www.radiopiu.net\/wordpress\/wp-content\/uploads\/2019\/08\/WhatsApp-Image-2019-08-06-at-23.53.51-769x1024.jpeg 769w, https:\/\/www.radiopiu.net\/wordpress\/wp-content\/uploads\/2019\/08\/WhatsApp-Image-2019-08-06-at-23.53.51.jpeg 1002w\" sizes=\"auto, (max-width: 192px) 100vw, 192px\" \/><\/a>SAN TOMASO<\/strong> Sabato dalle 21 all&#8217;Arena 1082 di San Tomaso la festa estiva con Nuovi Traguardi. Serata gastronomica con spiedo gigante con la musica del gruppo 3 GOT DOWN. Evento organizzato dall&#8217;associazione presieduta dal dottor Graziano Pianezze per la lotta contro le malattie del sangue.<\/p>\n<p><strong>FALCADE<\/strong> Domenica alle 15 festa degli scoiattoli per tutti i bambini che abbiano gi\u00e0 compiuto i 5 anni. Abilit\u00e0, giochi, sport con la scuola Equipe. Iscrizioni 15 euro con nutella party.<\/p>\n<p><strong>SAN GREGORIO NELLA ALPI<\/strong> Sabato e domenica presso gli impianti sportivi festa per i 50 anni della proloco. Sabato alle 15 simposio di scultura, 20.30 presentazione del libro di Elena Cassol Munerol. Domenica 10 messa, 12.30 pranzo del 50esimo con animazione musicale.<\/p>\n<p><strong>CANALE D&#8217;AGORDO<\/strong> Sabato e domenica\u00a0 agosto avr\u00e0 luogo la Festa del Cacciatore, in localit\u00e0 Laonei (accessibile da via Soia) a Canale d&#8217;Agordo. Messa, cucina tipica, gara di briscola, gara di tiro con la carabina, musica con i Silver Musich, lotteria.<\/p>\n<p><strong><a class=\"dt-pswp-item\" href=\"http:\/\/www.radiopiu.net\/wordpress\/wp-content\/uploads\/2019\/08\/CECCARELLI-13agosto-light.jpg\" data-dt-img-description=\"\" data-large_image_width=\"1189\" data-large_image_height=\"1681\"><img loading=\"lazy\" decoding=\"async\" class=\"wp-image-94520 alignleft\" src=\"http:\/\/www.radiopiu.net\/wordpress\/wp-content\/uploads\/2019\/08\/CECCARELLI-13agosto-light-212x300.jpg\" alt=\"\" width=\"110\" height=\"156\" srcset=\"https:\/\/www.radiopiu.net\/wordpress\/wp-content\/uploads\/2019\/08\/CECCARELLI-13agosto-light-212x300.jpg 212w, https:\/\/www.radiopiu.net\/wordpress\/wp-content\/uploads\/2019\/08\/CECCARELLI-13agosto-light-768x1086.jpg 768w, https:\/\/www.radiopiu.net\/wordpress\/wp-content\/uploads\/2019\/08\/CECCARELLI-13agosto-light-724x1024.jpg 724w, https:\/\/www.radiopiu.net\/wordpress\/wp-content\/uploads\/2019\/08\/CECCARELLI-13agosto-light.jpg 1189w\" sizes=\"auto, (max-width: 110px) 100vw, 110px\" \/><\/a>AGORDO CAI<\/strong> Sabato e domenica escursione alla Cima Trappola, metri 1865, altopiano della Lessinia, terzo raduno delle sezioni Cai del Veneto.\u00a0 Domenica 11 agosto escursione a Cima Viezzena metro 2490 gruppo di Bocche. Informazioni al 380 6983040 dalle 16 alle 21, da oggi.<\/p>\n<p><strong>LIVINALLONGO<\/strong> Martedi 13 agosto alle 17.30 in sala mostre dell&#8217;Ufficio Turistico di Arabba inaugurazione della personale di Nanni De Biasi &#8220;La Bellezza Rivelata&#8221;.<\/p>\n<p><strong>BELLUNO CAI<\/strong> La Commissione Escursionismo della Sezione del Cai di Belluno organizza per domenica 8 Settembre 2019, in occasione del 3\u00b0 Raduno delle sezioni Cai del Veneto, un\u2019escursione sull\u2019Altopiano della Lessinia.\u00a0 Il programma completo \u00e8 pubblicato sul sito della Sezione www.caibelluno.it.<\/p>\n<p>&nbsp;<\/p>\n<p>&nbsp;<\/p>\n<p><a class=\"dt-pswp-item\" href=\"http:\/\/www.radiopiu.net\/wordpress\/wp-content\/uploads\/2018\/09\/sport.jpg\" data-dt-img-description=\"\" data-large_image_width=\"800\" data-large_image_height=\"100\"><img loading=\"lazy\" decoding=\"async\" class=\"alignnone wp-image-60761 size-full\" src=\"http:\/\/www.radiopiu.net\/wordpress\/wp-content\/uploads\/2018\/09\/sport.jpg\" alt=\"\" width=\"800\" height=\"100\" srcset=\"https:\/\/www.radiopiu.net\/wordpress\/wp-content\/uploads\/2018\/09\/sport.jpg 800w, https:\/\/www.radiopiu.net\/wordpress\/wp-content\/uploads\/2018\/09\/sport-300x38.jpg 300w, https:\/\/www.radiopiu.net\/wordpress\/wp-content\/uploads\/2018\/09\/sport-768x96.jpg 768w\" sizes=\"auto, (max-width: 800px) 100vw, 800px\" \/><\/a><\/p>\n<h2>NIENTE RIPESCAGGIO PER L&#8217;AGORDINA CALCIO<\/h2>\n<p><a class=\"dt-pswp-item\" href=\"http:\/\/www.radiopiu.net\/wordpress\/wp-content\/uploads\/2018\/10\/MARCO-LORENZI-OK.png\" data-dt-img-description=\"\" data-large_image_width=\"669\" data-large_image_height=\"401\"><img loading=\"lazy\" decoding=\"async\" class=\" wp-image-64292 alignleft\" src=\"http:\/\/www.radiopiu.net\/wordpress\/wp-content\/uploads\/2018\/10\/MARCO-LORENZI-OK-300x180.png\" alt=\"\" width=\"336\" height=\"202\" srcset=\"https:\/\/www.radiopiu.net\/wordpress\/wp-content\/uploads\/2018\/10\/MARCO-LORENZI-OK-300x180.png 300w, https:\/\/www.radiopiu.net\/wordpress\/wp-content\/uploads\/2018\/10\/MARCO-LORENZI-OK.png 669w\" sizes=\"auto, (max-width: 336px) 100vw, 336px\" \/><\/a>Ora \u00e8 ufficiale. L&#8217;Agordina parteciper\u00e0 al campionato di Terza Categoria nella stagione 2019\/2020. Nessun ripescaggio per la squadra allenata da Marco Lorenzi che aveva sperato fino all&#8217;ultimo di partecipare alla Seconda Categoria. Ieri, la Lega Nazionale Dilettanti del Veneto ha presentato la composizione dei vari campionati regionali e la formazione di Agordo non \u00e8 apparsa in quello che riguarda la sezione di Belluno e Treviso. Si dovr\u00e0 dunque accontentare di giocare al meglio il campionato provinciale FICG con l&#8217;intento di risalire subito nel gruppo che conta e che merita.<\/p>\n<p>Una stagione che sar\u00e0 meno impegnativa visto che la terza categoria avr\u00e0 una lunga pausa invernale. Intanto mister Lorenzi ha iniziato a comporre la rosa che parteciper\u00e0 alla Terza Categoria di Belluno. Oltre alle tante conferme arrivano anche dei nuovi innesti all&#8217;Ivano Dorigo di Agordo. Tra i nuovi acquisti ci sono i portieri Fa\u00e8 (ex Belluno) e Cervo (ex Cavarzano). A difendere i pali dell&#8217;Agordina ha dato anche la sua disponibilit\u00e0 Alberto Fontanive, ex giocatore dell&#8217;Alleghe Hockey e portiere del Caprile nel Campionato Agordino. Rientrano in rosa Sibillon (ex Feltrese), Chierchia, Costa (dal Belluno), Penasa (ex Bassano) e De Col (dal Tambre). A dare una mano alla squadra del presidente Cosmo Forcella ci saranno anche dei militari in servizio in Agordino e che hanno giocato anche in categorie superiori che sono Maiello, Laprocina e Lacetera. Tra gli arrivi spicca anche il nome di Federico Fossen che torne ad Agordo dopo l&#8217;esperienza al Cavarzano. Una rosa che sicuramente dir\u00e0 la sua in una Terza Categoria da vincere subito per tornare a giocare a livello regionale.<\/p>\n<p>&nbsp;<\/p>\n<p>&nbsp;<\/p>\n<h2>MEZZACASA IN SLOVENIA PER UN FINE SETTIMANA AD ALTA VELOCITA&#8217;&#8230; IN SALITA<\/h2>\n<p><strong><a class=\"dt-pswp-item\" href=\"http:\/\/www.radiopiu.net\/wordpress\/wp-content\/uploads\/2019\/07\/Alpe-DenisMezzacasa.jpeg\" data-dt-img-description=\"\" data-large_image_width=\"4032\" data-large_image_height=\"3024\"><img loading=\"lazy\" decoding=\"async\" class=\" wp-image-92439 alignleft\" src=\"http:\/\/www.radiopiu.net\/wordpress\/wp-content\/uploads\/2019\/07\/Alpe-DenisMezzacasa-300x225.jpeg\" alt=\"\" width=\"203\" height=\"152\" srcset=\"https:\/\/www.radiopiu.net\/wordpress\/wp-content\/uploads\/2019\/07\/Alpe-DenisMezzacasa-300x225.jpeg 300w, https:\/\/www.radiopiu.net\/wordpress\/wp-content\/uploads\/2019\/07\/Alpe-DenisMezzacasa-768x576.jpeg 768w, https:\/\/www.radiopiu.net\/wordpress\/wp-content\/uploads\/2019\/07\/Alpe-DenisMezzacasa-1024x768.jpeg 1024w\" sizes=\"auto, (max-width: 203px) 100vw, 203px\" \/><\/a>Da venerdi a domenica impegno in terra straniera per Denis Mezzacasa il forte pilota lavallese specializzato in velocit\u00e0 in salita.<\/strong><\/p>\n<p><strong>DI ROBERTO BONA<\/strong><\/p>\n<audio class=\"wp-audio-shortcode\" id=\"audio-94655-14\" preload=\"none\" style=\"width: 100%;\" controls=\"controls\"><source type=\"audio\/mpeg\" src=\"http:\/\/www.radiopiu.net\/wordpress\/wp-content\/uploads\/2019\/08\/bona.mp3?_=14\" \/><a href=\"http:\/\/www.radiopiu.net\/wordpress\/wp-content\/uploads\/2019\/08\/bona.mp3\">http:\/\/www.radiopiu.net\/wordpress\/wp-content\/uploads\/2019\/08\/bona.mp3<\/a><\/audio>\n<p>&nbsp;<\/p>\n<p>,<\/p>\n<p>&nbsp;<\/p>\n<p>&nbsp;<\/p>\n<p><a class=\"dt-pswp-item\" href=\"http:\/\/www.radiopiu.net\/wordpress\/wp-content\/uploads\/2018\/09\/WhatsApp-Image-2018-09-20-at-16.04.06.jpeg\" data-dt-img-description=\"\" data-large_image_width=\"800\" data-large_image_height=\"100\"><img loading=\"lazy\" decoding=\"async\" class=\"alignnone wp-image-61378 size-full\" src=\"http:\/\/www.radiopiu.net\/wordpress\/wp-content\/uploads\/2018\/09\/WhatsApp-Image-2018-09-20-at-16.04.06.jpeg\" alt=\"\" width=\"800\" height=\"100\" srcset=\"https:\/\/www.radiopiu.net\/wordpress\/wp-content\/uploads\/2018\/09\/WhatsApp-Image-2018-09-20-at-16.04.06.jpeg 800w, https:\/\/www.radiopiu.net\/wordpress\/wp-content\/uploads\/2018\/09\/WhatsApp-Image-2018-09-20-at-16.04.06-300x38.jpeg 300w, https:\/\/www.radiopiu.net\/wordpress\/wp-content\/uploads\/2018\/09\/WhatsApp-Image-2018-09-20-at-16.04.06-768x96.jpeg 768w\" sizes=\"auto, (max-width: 800px) 100vw, 800px\" \/><\/a><\/p>\n<p><center><b>Giovedi 8<\/b><\/center><b>Tempo atteso: <\/b>Dopo un probabile episodio di lieve instabilit\u00e0 notturna, il tempo tender\u00e0 a migliorare solo in parte al mattino con tratti soleggiati e presenza di banchi di nubi basse, prima di una ripresa della cumulificazione con instabilit\u00e0 nel pomeriggio, associata a qualche nuovo fenomeno. Clima sempre estivo, nonostante il deficit di sole.<br \/>\n<b>Precipitazioni: <\/b>Nella notte possibili residui rovesci sparsi (40\/50%), in attenuazione al mattino quando saranno perlopi\u00f9 assenti o limitate a sporadici piovaschi (10\/20%); al pomeriggio ripresa di rovesci sparsi e qualche temporale (50\/60%), in definitivo esaurimento entro sera.<br \/>\n<b>Temperature: <\/b>Senza notevoli variazioni rispetto a mercoled\u00ec o in lieve aumento le massime nelle valli. Sono previste punte di 27\/28\u00b0C nei fondovalle prealpini e di 22\/23\u00b0C a 1000\/1200 m. Su Prealpi a 1500 m min 12\u00b0C max 17\u00b0C, a 2000 m min 9\u00b0C max 13\u00b0C. Su Dolomiti a 2000 m min 8\u00b0C max 13\u00b0C, a 3000 m min 4\u00b0C max 7\u00b0C.<br \/>\n<b>Venti: <\/b>Nelle valli deboli o moderati a regime di brezza; in quota perlopi\u00f9 deboli occidentali, a 5-10 km\/h a 2000 m, 10-15 km\/h a 3000 m.<\/p>\n<hr \/>\n<p><center><b>Venerdi 9<\/b><\/center><b>Tempo atteso: <\/b>Tempo in prevalenza soleggiato con qualche possibile iniziale nube bassa e velature al mattino e con modesta cumulificazione pomeridiana a ridosso dei rilievi, perlopi\u00f9 senza fenomeni. Rialzo termico, anche sensibile in quota e nei valori massimi, nuovamente pienamente estivi.<br \/>\n<b>Precipitazioni: <\/b>Assenti (0%).<br \/>\n<b>Temperature: <\/b>Minime senza notevoli variazioni o in lieve calo nelle valli; massime in aumento, anche sensibile. Su Prealpi a 1500 m min 13\u00b0C max 20\u00b0C, a 2000 m min 10\u00b0C max 16\u00b0C. Su Dolomiti a 2000 m min 9\u00b0C max 17\u00b0C, a 3000 m min 5\u00b0C max 10\u00b0C.<br \/>\n<b>Venti: <\/b>Nelle valli deboli o moderati a regime di brezza; in quota deboli\/moderati occidentali, a 5-10 km\/h a 2000 m, 10-20 km\/h a 3000 m.<\/p>\n<hr \/>\n<p><center><b>Sabato 10<\/b><\/center>Tempo in prevalenza soleggiato con qualche cumulo di bel tempo a ridosso dei rilievi nelle ore pi\u00f9 calde. Temperature in generale ulteriore aumento con clima diurno molto caldo nei fondovalle prealpini (33\/35\u00b0C) e nelle valli dolomitiche (29\/32\u00b0C sui 1000 m). Far\u00e0 molto caldo anche in alta quota, con lo Zero Termico attorno ai 5000 m. Venti deboli da Sud-Ovest in quota e a regime di brezza nelle valli.<\/p>\n<hr \/>\n<p><center><b>Domenica 11<\/b><\/center>Tempo in prevalenza soleggiato e molto caldo, anche se con valori massimi in lieve calo; i cumuli diurni saranno un po&#8217; pi\u00f9 sviluppati del giorno precedente e non si esclude possano provocare qualche locale fenomeno di instabilit\u00e0 pomeridiano. Venti deboli sud-occidentali in quota, brezze nelle valli. Previsore: G.M.<\/p>\n<p>&nbsp;<\/p>\n","protected":false},"excerpt":{"rendered":"<p>C&#8217;\u00e8 uno stalker ad Agordo, uno stalker seriale che lascia bigliettini sulle auto delle donne, volgari e fastidiosi. Pi\u00f9 volte nel parcheggio dello stabilimento Luxottica, ma anche in piazza. Una ragazza racconta la disavventura gi\u00e0 segnalata alla caserma dei Carabinieri di Ponte Rova ad Agordo e non \u00e8 nemmeno la prima. &nbsp; CONTINUA IL BLACK&hellip;<\/p>\n","protected":false},"author":1,"featured_media":94736,"comment_status":"closed","ping_status":"closed","sticky":false,"template":"","format":"standard","meta":{"_monsterinsights_skip_tracking":false,"_monsterinsights_sitenote_active":false,"_monsterinsights_sitenote_note":"","_monsterinsights_sitenote_category":0,"footnotes":""},"categories":[86],"tags":[],"class_list":["post-94655","post","type-post","status-publish","format-standard","has-post-thumbnail","hentry","category-gr","category-86","description-off"],"img_url":"https:\/\/www.radiopiu.net\/wordpress\/wp-content\/uploads\/2019\/08\/InkedWhatsApp-Image-2019-08-07-at-18.31.36_LI.jpg","_links":{"self":[{"href":"https:\/\/www.radiopiu.net\/wordpress\/wp-json\/wp\/v2\/posts\/94655","targetHints":{"allow":["GET"]}}],"collection":[{"href":"https:\/\/www.radiopiu.net\/wordpress\/wp-json\/wp\/v2\/posts"}],"about":[{"href":"https:\/\/www.radiopiu.net\/wordpress\/wp-json\/wp\/v2\/types\/post"}],"author":[{"embeddable":true,"href":"https:\/\/www.radiopiu.net\/wordpress\/wp-json\/wp\/v2\/users\/1"}],"replies":[{"embeddable":true,"href":"https:\/\/www.radiopiu.net\/wordpress\/wp-json\/wp\/v2\/comments?post=94655"}],"version-history":[{"count":0,"href":"https:\/\/www.radiopiu.net\/wordpress\/wp-json\/wp\/v2\/posts\/94655\/revisions"}],"wp:featuredmedia":[{"embeddable":true,"href":"https:\/\/www.radiopiu.net\/wordpress\/wp-json\/wp\/v2\/media\/94736"}],"wp:attachment":[{"href":"https:\/\/www.radiopiu.net\/wordpress\/wp-json\/wp\/v2\/media?parent=94655"}],"wp:term":[{"taxonomy":"category","embeddable":true,"href":"https:\/\/www.radiopiu.net\/wordpress\/wp-json\/wp\/v2\/categories?post=94655"},{"taxonomy":"post_tag","embeddable":true,"href":"https:\/\/www.radiopiu.net\/wordpress\/wp-json\/wp\/v2\/tags?post=94655"}],"curies":[{"name":"wp","href":"https:\/\/api.w.org\/{rel}","templated":true}]}}