{"id":94706,"date":"2019-08-07T17:03:17","date_gmt":"2019-08-07T15:03:17","guid":{"rendered":"http:\/\/www.radiopiu.net\/wordpress\/?p=94706"},"modified":"2019-08-07T17:03:17","modified_gmt":"2019-08-07T15:03:17","slug":"decreto-scuola-uncem-grazie-alla-mobilitazione-dei-comuni-e-limpegno-di-molti-parlamentari-gli-enti-locali-potranno-finanziare-il-servizio-sostenendo-le-famiglie","status":"publish","type":"post","link":"https:\/\/www.radiopiu.net\/wordpress\/decreto-scuola-uncem-grazie-alla-mobilitazione-dei-comuni-e-limpegno-di-molti-parlamentari-gli-enti-locali-potranno-finanziare-il-servizio-sostenendo-le-famiglie\/","title":{"rendered":"DECRETO SCUOLA, UNCEM: GRAZIE ALLA MOBILITAZIONE DEI COMUNI E L&#8217;IMPEGNO DI MOLTI PARLAMENTARI GLI ENTI LOCALI POTRANNO FINANZIARE IL SERVIZIO SOSTENENDO LE FAMIGLIE"},"content":{"rendered":"<p>&nbsp;<\/p>\n<p><strong>Uncem accoglie positivamente l&#8217;inserimento nel Decreto Scuola, approvato\u00a0(&#8220;salvo intese&#8221;)\u00a0ieri sera dal Consiglio dei Ministri, della norma che permette ai Comuni di finanziare, interamente o parzialmente, il servizio scuolabus.<\/strong><\/p>\n<blockquote><p><a class=\"dt-pswp-item\" href=\"http:\/\/www.radiopiu.net\/wordpress\/wp-content\/uploads\/2018\/12\/argentera_ferrere-3.jpg\" data-dt-img-description=\"\" data-large_image_width=\"865\" data-large_image_height=\"330\"><img loading=\"lazy\" decoding=\"async\" class=\"size-medium wp-image-71005 alignleft\" src=\"http:\/\/www.radiopiu.net\/wordpress\/wp-content\/uploads\/2018\/12\/argentera_ferrere-3-300x114.jpg\" alt=\"\" width=\"300\" height=\"114\" srcset=\"https:\/\/www.radiopiu.net\/wordpress\/wp-content\/uploads\/2018\/12\/argentera_ferrere-3-300x114.jpg 300w, https:\/\/www.radiopiu.net\/wordpress\/wp-content\/uploads\/2018\/12\/argentera_ferrere-3-768x293.jpg 768w, https:\/\/www.radiopiu.net\/wordpress\/wp-content\/uploads\/2018\/12\/argentera_ferrere-3.jpg 865w\" sizes=\"auto, (max-width: 300px) 100vw, 300px\" \/><\/a>&#8220;\u00c8 il risultato di una mobilitazione nazionale dei Comuni, in particolare piccoli e montani, che hanno scritto lettere ai Parlamentari e ai Ministri Bussetti e Toninelli. Il Decreto andr\u00e0 in Gazzetta Ufficiale solo a fine agosto e dovr\u00e0 essere convertito &#8211; evidenzia Marco Bussone, Presidente Uncem &#8211; Ma il primo importante passo \u00e8 stato fatto. Ringrazio Deputati e Senatori che nelle ultime tre settimane hanno ascoltato i Comuni che hanno chiesto di modificare la norma vigente che avrebbe impedito il cofinanziamento, lasciando l&#8217;onere del servizio interamente alle famiglie. Ricordo che nelle aree montane lo scuolabus \u00e8 un servizio imprescindibile, per portare bambini e ragazzi verso scuole primarie e secondarie. E ricordo anche che sarebbe stato assurdo vedere nuove sentenze della Corte dei Conti come quella successiva all&#8217;ultima in risposta al Comune di Biandrate e poi interventi di revisori dei conti dei Comuni volti a impedire l&#8217;impegno decisivo degli Enti con stanziamenti gi\u00e0 peraltro nei bilanci comunali 2019. Come Uncem avevamo scritto a tutti i Comuni dicendo di andare avanti, andando oltre norma e sentenza. Tantissimi Sindaci hanno inviato lettere al Governo. Ora questo provvedimento apre nuovi scenari, di buon senso e attesi da tutti. Sugli scuolabus apriamo a settembre un ragionamento politico e operativo pi\u00f9 ampio per evitare che sui pullman gialli sia impedito di salire a utenti diversi dagli studenti. Nei nostri Comuni alpini e appenninici, quei mezzi sarebbero infatti fondamentali anche per residenti, terza et\u00e0, famiglie, turisti. A oggi non li possono usare. Va modificata la norma in accordo con la Motorizzazione, il Ministero dei Trasporti e le Regioni. Uncem far\u00e0 la sua parte&#8221;.<\/p><\/blockquote>\n","protected":false},"excerpt":{"rendered":"<p>&nbsp; Uncem accoglie positivamente l&#8217;inserimento nel Decreto Scuola, approvato\u00a0(&#8220;salvo intese&#8221;)\u00a0ieri sera dal Consiglio dei Ministri, della norma che permette ai Comuni di finanziare, interamente o parzialmente, il servizio scuolabus. &#8220;\u00c8 il risultato di una mobilitazione nazionale dei Comuni, in particolare piccoli e montani, che hanno scritto lettere ai Parlamentari e ai Ministri Bussetti e Toninelli.&hellip;<\/p>\n","protected":false},"author":1,"featured_media":71005,"comment_status":"closed","ping_status":"closed","sticky":false,"template":"","format":"standard","meta":{"_monsterinsights_skip_tracking":false,"_monsterinsights_sitenote_active":false,"_monsterinsights_sitenote_note":"","_monsterinsights_sitenote_category":0,"footnotes":""},"categories":[49],"tags":[],"class_list":["post-94706","post","type-post","status-publish","format-standard","has-post-thumbnail","hentry","category-news-18","category-49","description-off"],"img_url":"https:\/\/www.radiopiu.net\/wordpress\/wp-content\/uploads\/2018\/12\/argentera_ferrere-3.jpg","_links":{"self":[{"href":"https:\/\/www.radiopiu.net\/wordpress\/wp-json\/wp\/v2\/posts\/94706","targetHints":{"allow":["GET"]}}],"collection":[{"href":"https:\/\/www.radiopiu.net\/wordpress\/wp-json\/wp\/v2\/posts"}],"about":[{"href":"https:\/\/www.radiopiu.net\/wordpress\/wp-json\/wp\/v2\/types\/post"}],"author":[{"embeddable":true,"href":"https:\/\/www.radiopiu.net\/wordpress\/wp-json\/wp\/v2\/users\/1"}],"replies":[{"embeddable":true,"href":"https:\/\/www.radiopiu.net\/wordpress\/wp-json\/wp\/v2\/comments?post=94706"}],"version-history":[{"count":0,"href":"https:\/\/www.radiopiu.net\/wordpress\/wp-json\/wp\/v2\/posts\/94706\/revisions"}],"wp:featuredmedia":[{"embeddable":true,"href":"https:\/\/www.radiopiu.net\/wordpress\/wp-json\/wp\/v2\/media\/71005"}],"wp:attachment":[{"href":"https:\/\/www.radiopiu.net\/wordpress\/wp-json\/wp\/v2\/media?parent=94706"}],"wp:term":[{"taxonomy":"category","embeddable":true,"href":"https:\/\/www.radiopiu.net\/wordpress\/wp-json\/wp\/v2\/categories?post=94706"},{"taxonomy":"post_tag","embeddable":true,"href":"https:\/\/www.radiopiu.net\/wordpress\/wp-json\/wp\/v2\/tags?post=94706"}],"curies":[{"name":"wp","href":"https:\/\/api.w.org\/{rel}","templated":true}]}}