{"id":94720,"date":"2019-08-07T17:38:43","date_gmt":"2019-08-07T15:38:43","guid":{"rendered":"http:\/\/www.radiopiu.net\/wordpress\/?p=94720"},"modified":"2019-08-07T17:38:43","modified_gmt":"2019-08-07T15:38:43","slug":"pulizia-sentieri-in-nevegal-una-sessantina-i-volontari-in-azione","status":"publish","type":"post","link":"https:\/\/www.radiopiu.net\/wordpress\/pulizia-sentieri-in-nevegal-una-sessantina-i-volontari-in-azione\/","title":{"rendered":"Pulizia sentieri in Nevegal Una sessantina i volontari in azione"},"content":{"rendered":"<h3><\/h3>\n<p><strong>BELLUNO\u00a0 <\/strong>Sono stati una sessantina i volontari che questa mattina sono stati impegnati nelle operazioni di pulizia dei sentieri sul Nevegal: a farla da padrone, gli scout, da qualche giorno ospiti a Pian Longhi proprio per questa iniziativa. Una cinquantina i ragazzi in azione, tra i 16 e i 23 anni, a cui si sono aggiunti volontari del CAI, di Nevegallika e della Protezione civile comunale, che si occupa della logistica di queste operazioni, presente con uomini e due mezzi. Due i gruppi che hanno raccolto i rifiuti dalle zone calpestabili dei sentieri attualmente aperti e che si sono concentrati sul sentiero n. 5, detto \u201cde la forestal\u201d e lungo le piste di sci Grava e Coca; una quindicina i sacchi di rifiuti raccolti, abbandonati dagli escursionisti e non solo. Al termine della bonifica, i ragazzi hanno seguito una lezione di botanica da parte dei volontari di Nevegallika. Per gli scout, le operazioni di pulizia riprenderanno luned\u00ec: da gioved\u00ec fino al weekend, infatti, sono previste unicamente attivit\u00e0 interne all&#8217;associazione.<\/p>\n<p><a class=\"dt-pswp-item\" href=\"http:\/\/www.radiopiu.net\/wordpress\/wp-content\/uploads\/2019\/08\/Pulizia-sentieri-Nevegal.jpeg\" data-dt-img-description=\"\" data-large_image_width=\"777\" data-large_image_height=\"1036\"><img loading=\"lazy\" decoding=\"async\" class=\"alignnone  wp-image-94723\" src=\"http:\/\/www.radiopiu.net\/wordpress\/wp-content\/uploads\/2019\/08\/Pulizia-sentieri-Nevegal-225x300.jpeg\" alt=\"\" width=\"359\" height=\"479\" srcset=\"https:\/\/www.radiopiu.net\/wordpress\/wp-content\/uploads\/2019\/08\/Pulizia-sentieri-Nevegal-225x300.jpeg 225w, https:\/\/www.radiopiu.net\/wordpress\/wp-content\/uploads\/2019\/08\/Pulizia-sentieri-Nevegal-768x1024.jpeg 768w, https:\/\/www.radiopiu.net\/wordpress\/wp-content\/uploads\/2019\/08\/Pulizia-sentieri-Nevegal.jpeg 777w\" sizes=\"auto, (max-width: 359px) 100vw, 359px\" \/><\/a><a class=\"dt-pswp-item\" href=\"http:\/\/www.radiopiu.net\/wordpress\/wp-content\/uploads\/2019\/08\/Lezione-botanica.jpeg\" data-dt-img-description=\"\" data-large_image_width=\"1600\" data-large_image_height=\"1200\"><img loading=\"lazy\" decoding=\"async\" class=\"alignnone  wp-image-94721\" src=\"http:\/\/www.radiopiu.net\/wordpress\/wp-content\/uploads\/2019\/08\/Lezione-botanica-300x225.jpeg\" alt=\"\" width=\"507\" height=\"380\" srcset=\"https:\/\/www.radiopiu.net\/wordpress\/wp-content\/uploads\/2019\/08\/Lezione-botanica-300x225.jpeg 300w, https:\/\/www.radiopiu.net\/wordpress\/wp-content\/uploads\/2019\/08\/Lezione-botanica-768x576.jpeg 768w, https:\/\/www.radiopiu.net\/wordpress\/wp-content\/uploads\/2019\/08\/Lezione-botanica-1024x768.jpeg 1024w, https:\/\/www.radiopiu.net\/wordpress\/wp-content\/uploads\/2019\/08\/Lezione-botanica.jpeg 1600w\" sizes=\"auto, (max-width: 507px) 100vw, 507px\" \/><\/a><\/p>\n","protected":false},"excerpt":{"rendered":"<p>BELLUNO\u00a0 Sono stati una sessantina i volontari che questa mattina sono stati impegnati nelle operazioni di pulizia dei sentieri sul Nevegal: a farla da padrone, gli scout, da qualche giorno ospiti a Pian Longhi proprio per questa iniziativa. Una cinquantina i ragazzi in azione, tra i 16 e i 23 anni, a cui si sono&hellip;<\/p>\n","protected":false},"author":1,"featured_media":94721,"comment_status":"closed","ping_status":"closed","sticky":false,"template":"","format":"standard","meta":{"_monsterinsights_skip_tracking":false,"_monsterinsights_sitenote_active":false,"_monsterinsights_sitenote_note":"","_monsterinsights_sitenote_category":0,"footnotes":""},"categories":[49],"tags":[],"class_list":["post-94720","post","type-post","status-publish","format-standard","has-post-thumbnail","hentry","category-news-18","category-49","description-off"],"img_url":"https:\/\/www.radiopiu.net\/wordpress\/wp-content\/uploads\/2019\/08\/Lezione-botanica.jpeg","_links":{"self":[{"href":"https:\/\/www.radiopiu.net\/wordpress\/wp-json\/wp\/v2\/posts\/94720","targetHints":{"allow":["GET"]}}],"collection":[{"href":"https:\/\/www.radiopiu.net\/wordpress\/wp-json\/wp\/v2\/posts"}],"about":[{"href":"https:\/\/www.radiopiu.net\/wordpress\/wp-json\/wp\/v2\/types\/post"}],"author":[{"embeddable":true,"href":"https:\/\/www.radiopiu.net\/wordpress\/wp-json\/wp\/v2\/users\/1"}],"replies":[{"embeddable":true,"href":"https:\/\/www.radiopiu.net\/wordpress\/wp-json\/wp\/v2\/comments?post=94720"}],"version-history":[{"count":0,"href":"https:\/\/www.radiopiu.net\/wordpress\/wp-json\/wp\/v2\/posts\/94720\/revisions"}],"wp:featuredmedia":[{"embeddable":true,"href":"https:\/\/www.radiopiu.net\/wordpress\/wp-json\/wp\/v2\/media\/94721"}],"wp:attachment":[{"href":"https:\/\/www.radiopiu.net\/wordpress\/wp-json\/wp\/v2\/media?parent=94720"}],"wp:term":[{"taxonomy":"category","embeddable":true,"href":"https:\/\/www.radiopiu.net\/wordpress\/wp-json\/wp\/v2\/categories?post=94720"},{"taxonomy":"post_tag","embeddable":true,"href":"https:\/\/www.radiopiu.net\/wordpress\/wp-json\/wp\/v2\/tags?post=94720"}],"curies":[{"name":"wp","href":"https:\/\/api.w.org\/{rel}","templated":true}]}}