{"id":94759,"date":"2019-08-08T05:03:49","date_gmt":"2019-08-08T03:03:49","guid":{"rendered":"http:\/\/www.radiopiu.net\/wordpress\/?p=94759"},"modified":"2019-08-12T05:59:39","modified_gmt":"2019-08-12T03:59:39","slug":"desma-e-cai-agordo-assieme-per-una-giornata-indimenticabile-e-domenica-mercatini-e-ancora-buona-musica","status":"publish","type":"post","link":"https:\/\/www.radiopiu.net\/wordpress\/desma-e-cai-agordo-assieme-per-una-giornata-indimenticabile-e-domenica-mercatini-e-ancora-buona-musica\/","title":{"rendered":"DESMA E CAI AGORDO ASSIEME PER UNA GIORNATA INDIMENTICABILE E DOMENICA MERCATINI E ANCORA BUONA MUSICA"},"content":{"rendered":"<blockquote>\n<h2><strong><a class=\"dt-pswp-item\" href=\"http:\/\/www.radiopiu.net\/wordpress\/wp-content\/uploads\/2019\/08\/68873773_2381454478733640_721950935504388096_n.jpg\" data-dt-img-description=\"\" data-large_image_width=\"678\" data-large_image_height=\"960\"><img loading=\"lazy\" decoding=\"async\" class=\"size-medium wp-image-94758 alignleft\" src=\"http:\/\/www.radiopiu.net\/wordpress\/wp-content\/uploads\/2019\/08\/68873773_2381454478733640_721950935504388096_n-212x300.jpg\" alt=\"\" width=\"212\" height=\"300\" srcset=\"https:\/\/www.radiopiu.net\/wordpress\/wp-content\/uploads\/2019\/08\/68873773_2381454478733640_721950935504388096_n-212x300.jpg 212w, https:\/\/www.radiopiu.net\/wordpress\/wp-content\/uploads\/2019\/08\/68873773_2381454478733640_721950935504388096_n.jpg 678w\" sizes=\"auto, (max-width: 212px) 100vw, 212px\" \/><\/a>Passeggiata nei boschi di Forcella Aurine<\/strong><\/h2>\n<p><strong>GOSALDO<\/strong> Un invito ad aderire alla Passeggiata nei boschi di Forcella Aurine. Il ritrovo sul piazzale centrale a Forcella Aurine,\u00a0 qualche chiacchiera, alcune spiegazioni ed informazioni sul luogo\u00a0 e sulle due famiglie che hanno contribuito a fare di questo piccolo valico che separa i comuni di Voltago e Gosaldo, un centro turistico dell&#8217;Agordino che ancora oggi ha delle potenzialit\u00e0, un certo interesse e un certo movimento turistico.<\/p><\/blockquote>\n<p>La famiglia Bedont, da cui tutto\u00a0 \u00e8 partito\u00a0 ancora ai primi del 900, con la nascita del loro albergo Aurine, i cui discendenti ancora oggi sono fra pochi residenti e la famiglia De Dorigo, arrivata da Laste pi\u00f9 di 50 anni fa con l&#8217;idea di un\u00a0 importante sviluppo del turismo invernale che ha avuto il massimo del suo splendore negli anni 80.<\/p>\n<blockquote><p>\n<em>&#8220;Oggi \u00e8 la societ\u00e0 Desma &#8211; dice Anna Magro la presidente del Cai Agordo &#8211;\u00a0 \u00a0che gestisce le sciovie e ci ha dato l&#8217;opportunit\u00e0 di organizzare questo bel evento che ha soddisfatto tutti, organizzatori e partecipanti, molti dei quali turisti che hanno avuto modo di apprezzare il territorio e\u00a0 di passare cos\u00ec vicino ai\u00a0 luoghi dove la tempesta Vaia ha lasciato il segno del suo passaggio&#8221;<\/em>. La coinvolgente interpretazione di Sandro Buzzatti con le letture di poesie o piccoli brani accompagnati e intervallati dal suono del contrabbasso di Nelso Salton all&#8217;ombra degli abeti sopravvissuti a Vaia, con lo spettacolare corona della catena dell&#8217;Agner Croda Granda ha emozionato tutti e al termine della mattinata con l&#8217;animo sereno tutti a pranzo al bar da Ghegi<em>. &#8220;La collaborazione e il lavoro di pi\u00f9 gruppi \u00e8 stata sicuramente positiva e stimolante per nuove possibilit\u00e0 future&#8221;\u00a0<\/em>dice Anna Magro presidente del Cai ad Agordo.\u00a0 Domenica sar\u00e0 ancora festa con il mercatino e i prodotti tipici.<\/p><\/blockquote>\n","protected":false},"excerpt":{"rendered":"<p>Passeggiata nei boschi di Forcella Aurine GOSALDO Un invito ad aderire alla Passeggiata nei boschi di Forcella Aurine. Il ritrovo sul piazzale centrale a Forcella Aurine,\u00a0 qualche chiacchiera, alcune spiegazioni ed informazioni sul luogo\u00a0 e sulle due famiglie che hanno contribuito a fare di questo piccolo valico che separa i comuni di Voltago e Gosaldo,&hellip;<\/p>\n","protected":false},"author":1,"featured_media":94758,"comment_status":"closed","ping_status":"closed","sticky":false,"template":"","format":"standard","meta":{"_monsterinsights_skip_tracking":false,"_monsterinsights_sitenote_active":false,"_monsterinsights_sitenote_note":"","_monsterinsights_sitenote_category":0,"footnotes":""},"categories":[103,49],"tags":[],"class_list":["post-94759","post","type-post","status-publish","format-standard","has-post-thumbnail","hentry","category-evidenza_2","category-news-18","category-103","category-49","description-off"],"img_url":"https:\/\/www.radiopiu.net\/wordpress\/wp-content\/uploads\/2019\/08\/68873773_2381454478733640_721950935504388096_n.jpg","_links":{"self":[{"href":"https:\/\/www.radiopiu.net\/wordpress\/wp-json\/wp\/v2\/posts\/94759","targetHints":{"allow":["GET"]}}],"collection":[{"href":"https:\/\/www.radiopiu.net\/wordpress\/wp-json\/wp\/v2\/posts"}],"about":[{"href":"https:\/\/www.radiopiu.net\/wordpress\/wp-json\/wp\/v2\/types\/post"}],"author":[{"embeddable":true,"href":"https:\/\/www.radiopiu.net\/wordpress\/wp-json\/wp\/v2\/users\/1"}],"replies":[{"embeddable":true,"href":"https:\/\/www.radiopiu.net\/wordpress\/wp-json\/wp\/v2\/comments?post=94759"}],"version-history":[{"count":0,"href":"https:\/\/www.radiopiu.net\/wordpress\/wp-json\/wp\/v2\/posts\/94759\/revisions"}],"wp:featuredmedia":[{"embeddable":true,"href":"https:\/\/www.radiopiu.net\/wordpress\/wp-json\/wp\/v2\/media\/94758"}],"wp:attachment":[{"href":"https:\/\/www.radiopiu.net\/wordpress\/wp-json\/wp\/v2\/media?parent=94759"}],"wp:term":[{"taxonomy":"category","embeddable":true,"href":"https:\/\/www.radiopiu.net\/wordpress\/wp-json\/wp\/v2\/categories?post=94759"},{"taxonomy":"post_tag","embeddable":true,"href":"https:\/\/www.radiopiu.net\/wordpress\/wp-json\/wp\/v2\/tags?post=94759"}],"curies":[{"name":"wp","href":"https:\/\/api.w.org\/{rel}","templated":true}]}}