{"id":94767,"date":"2019-08-08T05:12:03","date_gmt":"2019-08-08T03:12:03","guid":{"rendered":"http:\/\/www.radiopiu.net\/wordpress\/?p=94767"},"modified":"2019-08-08T17:19:27","modified_gmt":"2019-08-08T15:19:27","slug":"a-bend-oregon-usa-celebrata-la-sesta-edizione-del-gemellaggio-e-degli-scambi-brevi-fra-le-due-citta","status":"publish","type":"post","link":"https:\/\/www.radiopiu.net\/wordpress\/a-bend-oregon-usa-celebrata-la-sesta-edizione-del-gemellaggio-e-degli-scambi-brevi-fra-le-due-citta\/","title":{"rendered":"A Bend (Oregon, Usa), celebrata la sesta edizione del gemellaggio e degli scambi brevi fra le due citt\u00e0."},"content":{"rendered":"<h2><span style=\"color: #ff0000;\">DAL ROTARY DI BELLUNO<\/span><\/h2>\n<h2><\/h2>\n<blockquote>\n<h3><em>Iniziato l\u2019anno di scambio annuale per un giovane bellunese in Brasile.<\/em><\/h3>\n<\/blockquote>\n<p><strong><a class=\"dt-pswp-item\" href=\"http:\/\/www.radiopiu.net\/wordpress\/wp-content\/uploads\/2019\/08\/targa-gemellaggio-a-Bend.jpg\" data-dt-img-description=\"\" data-large_image_width=\"609\" data-large_image_height=\"671\"><img loading=\"lazy\" decoding=\"async\" class=\"size-medium wp-image-94762 alignleft\" src=\"http:\/\/www.radiopiu.net\/wordpress\/wp-content\/uploads\/2019\/08\/targa-gemellaggio-a-Bend-272x300.jpg\" alt=\"\" width=\"272\" height=\"300\" srcset=\"https:\/\/www.radiopiu.net\/wordpress\/wp-content\/uploads\/2019\/08\/targa-gemellaggio-a-Bend-272x300.jpg 272w, https:\/\/www.radiopiu.net\/wordpress\/wp-content\/uploads\/2019\/08\/targa-gemellaggio-a-Bend.jpg 609w\" sizes=\"auto, (max-width: 272px) 100vw, 272px\" \/><\/a>BELLUNO\u00a0<\/strong> Si \u00e8 svolta a Bend (Oregon, Usa) la celebrazione della sesta edizione dello scambio giovani promossa dai Rotary Club di Belluno e quello di Bend. L\u2019evento di marted\u00ec 6 agosto segue quello fatto lo scorso 4 luglio in Piazza dei Martiri. In entrambe le citt\u00e0 le commissioni scambi giovani del Rotary hanno promosso con le rispettive amministrazioni comunali la realizzazione di una targa a ricordare il gemellaggio fra i due Club e le due comunit\u00e0.<br \/>\nA Bend la cerimonia si \u00e8 svolta nella zona del vecchio mulino ora un importante centro commerciale della citt\u00e0 e dove \u00e8 stata collocata la targa commemorativa del gemellaggio. Le nostre giovani ragazze Dafne Chinazzi, Martina Da Pian, Carlotta Giacchina e Luna Salvador hanno ben rappresentato la nostra provincia e l\u2019Italia. La cerimonia \u00e8 stata arricchita dall\u2019esibizione del maestro di musica Jim Knox ed in particolare di sua figlia Olivia, stella nascente della musica popolare statunitense. Lo scorso anno si sono fatti conoscere dalla nostra comunit\u00e0 avendo trascorso quattro mesi a Belluno.\u00a0 Nel mentre le nostre giovani stanno concludendo l\u2019esperienza dello scambio breve a Bend che ha previsto la permanenza a Belluno di quattro ragazze americane per una ventina di giorni e la loro ospitalit\u00e0 nella casa delle nostre quattro ragazze, ha iniziato in Brasile il suo scambio annuale il giovane Giosu\u00e9 Mario. Egli \u00e8 partito la settimana scorsa per la cittadina di Gramado nello stato brasiliano di Rio Grande do Sul dove frequenter\u00e0 il quarto anno in un istituto superiore locale e sar\u00e0 ospitato durante l\u2019anno scolastico da tre famiglie e seguito dal locale Rotary Club. Tra le attivit\u00e0 di scambio annuale promosse dal Rotary Club di Belluno vi sar\u00e0 anche l\u2019arrivo a settembre del giovane finlandese Otto Oskari Ahonen che studier\u00e0 nel Liceo Economico Sociale Renier e sar\u00e0 ospitato da tre famiglie bellunesi. Per il promo periodo di quattro mesi dalla famiglia di Giosu\u00e9. Gli scambi giovani brevi e lunghi sono a tutti gli effetti dei service che i Rotary Club offrono alla propria comunit\u00e0 ed hanno lo scopo di sviluppare nei giovani le loro potenzialit\u00e0, far acquisire abilit\u00e0 che durano una vita, imparare una nuova cultura e anche una nuova lingua, allacciare amicizie durature e farli diventare cittadini del mondo.<\/p>\n<p><a class=\"dt-pswp-item\" href=\"http:\/\/www.radiopiu.net\/wordpress\/wp-content\/uploads\/2019\/08\/Arrivo-di-Giosu\u00e9-Mario-in-Brasile.jpg\" data-dt-img-description=\"\" data-large_image_width=\"1280\" data-large_image_height=\"960\"><img loading=\"lazy\" decoding=\"async\" class=\"alignnone  wp-image-94766\" src=\"http:\/\/www.radiopiu.net\/wordpress\/wp-content\/uploads\/2019\/08\/Arrivo-di-Giosu\u00e9-Mario-in-Brasile-300x225.jpg\" alt=\"\" width=\"376\" height=\"283\" srcset=\"https:\/\/www.radiopiu.net\/wordpress\/wp-content\/uploads\/2019\/08\/Arrivo-di-Giosu\u00e9-Mario-in-Brasile-300x225.jpg 300w, https:\/\/www.radiopiu.net\/wordpress\/wp-content\/uploads\/2019\/08\/Arrivo-di-Giosu\u00e9-Mario-in-Brasile-768x576.jpg 768w, https:\/\/www.radiopiu.net\/wordpress\/wp-content\/uploads\/2019\/08\/Arrivo-di-Giosu\u00e9-Mario-in-Brasile-1024x768.jpg 1024w, https:\/\/www.radiopiu.net\/wordpress\/wp-content\/uploads\/2019\/08\/Arrivo-di-Giosu\u00e9-Mario-in-Brasile.jpg 1280w\" sizes=\"auto, (max-width: 376px) 100vw, 376px\" \/><\/a><a class=\"dt-pswp-item\" href=\"http:\/\/www.radiopiu.net\/wordpress\/wp-content\/uploads\/2019\/08\/Familglia-Jim-Knox.jpg\" data-dt-img-description=\"\" data-large_image_width=\"648\" data-large_image_height=\"486\"><img loading=\"lazy\" decoding=\"async\" class=\"alignnone  wp-image-94765\" src=\"http:\/\/www.radiopiu.net\/wordpress\/wp-content\/uploads\/2019\/08\/Familglia-Jim-Knox-300x225.jpg\" alt=\"\" width=\"375\" height=\"281\" srcset=\"https:\/\/www.radiopiu.net\/wordpress\/wp-content\/uploads\/2019\/08\/Familglia-Jim-Knox-300x225.jpg 300w, https:\/\/www.radiopiu.net\/wordpress\/wp-content\/uploads\/2019\/08\/Familglia-Jim-Knox.jpg 648w\" sizes=\"auto, (max-width: 375px) 100vw, 375px\" \/><\/a><a class=\"dt-pswp-item\" href=\"http:\/\/www.radiopiu.net\/wordpress\/wp-content\/uploads\/2019\/08\/le-ragazze-bellunesi-scambio-2019.jpg\" data-dt-img-description=\"\" data-large_image_width=\"1500\" data-large_image_height=\"1001\"><img loading=\"lazy\" decoding=\"async\" class=\"alignnone  wp-image-94764\" src=\"http:\/\/www.radiopiu.net\/wordpress\/wp-content\/uploads\/2019\/08\/le-ragazze-bellunesi-scambio-2019-300x200.jpg\" alt=\"\" width=\"371\" height=\"247\" srcset=\"https:\/\/www.radiopiu.net\/wordpress\/wp-content\/uploads\/2019\/08\/le-ragazze-bellunesi-scambio-2019-300x200.jpg 300w, https:\/\/www.radiopiu.net\/wordpress\/wp-content\/uploads\/2019\/08\/le-ragazze-bellunesi-scambio-2019-768x513.jpg 768w, https:\/\/www.radiopiu.net\/wordpress\/wp-content\/uploads\/2019\/08\/le-ragazze-bellunesi-scambio-2019-1024x683.jpg 1024w, https:\/\/www.radiopiu.net\/wordpress\/wp-content\/uploads\/2019\/08\/le-ragazze-bellunesi-scambio-2019.jpg 1500w\" sizes=\"auto, (max-width: 371px) 100vw, 371px\" \/><\/a><a class=\"dt-pswp-item\" href=\"http:\/\/www.radiopiu.net\/wordpress\/wp-content\/uploads\/2019\/08\/tutte-le-ragazze-dello-scambio-2019.jpg\" data-dt-img-description=\"\" data-large_image_width=\"1500\" data-large_image_height=\"1001\"><img loading=\"lazy\" decoding=\"async\" class=\"alignnone  wp-image-94763\" src=\"http:\/\/www.radiopiu.net\/wordpress\/wp-content\/uploads\/2019\/08\/tutte-le-ragazze-dello-scambio-2019-300x200.jpg\" alt=\"\" width=\"379\" height=\"252\" srcset=\"https:\/\/www.radiopiu.net\/wordpress\/wp-content\/uploads\/2019\/08\/tutte-le-ragazze-dello-scambio-2019-300x200.jpg 300w, https:\/\/www.radiopiu.net\/wordpress\/wp-content\/uploads\/2019\/08\/tutte-le-ragazze-dello-scambio-2019-768x513.jpg 768w, https:\/\/www.radiopiu.net\/wordpress\/wp-content\/uploads\/2019\/08\/tutte-le-ragazze-dello-scambio-2019-1024x683.jpg 1024w, https:\/\/www.radiopiu.net\/wordpress\/wp-content\/uploads\/2019\/08\/tutte-le-ragazze-dello-scambio-2019.jpg 1500w\" sizes=\"auto, (max-width: 379px) 100vw, 379px\" \/><\/a><\/p>\n<p>&nbsp;<\/p>\n<p>&nbsp;<\/p>\n<p>&nbsp;<\/p>\n","protected":false},"excerpt":{"rendered":"<p>DAL ROTARY DI BELLUNO Iniziato l\u2019anno di scambio annuale per un giovane bellunese in Brasile. BELLUNO\u00a0 Si \u00e8 svolta a Bend (Oregon, Usa) la celebrazione della sesta edizione dello scambio giovani promossa dai Rotary Club di Belluno e quello di Bend. L\u2019evento di marted\u00ec 6 agosto segue quello fatto lo scorso 4 luglio in Piazza&hellip;<\/p>\n","protected":false},"author":1,"featured_media":94765,"comment_status":"closed","ping_status":"closed","sticky":false,"template":"","format":"standard","meta":{"_monsterinsights_skip_tracking":false,"_monsterinsights_sitenote_active":false,"_monsterinsights_sitenote_note":"","_monsterinsights_sitenote_category":0,"footnotes":""},"categories":[104,49],"tags":[],"class_list":["post-94767","post","type-post","status-publish","format-standard","has-post-thumbnail","hentry","category-evidenza_3","category-news-18","category-104","category-49","description-off"],"img_url":"https:\/\/www.radiopiu.net\/wordpress\/wp-content\/uploads\/2019\/08\/Familglia-Jim-Knox.jpg","_links":{"self":[{"href":"https:\/\/www.radiopiu.net\/wordpress\/wp-json\/wp\/v2\/posts\/94767","targetHints":{"allow":["GET"]}}],"collection":[{"href":"https:\/\/www.radiopiu.net\/wordpress\/wp-json\/wp\/v2\/posts"}],"about":[{"href":"https:\/\/www.radiopiu.net\/wordpress\/wp-json\/wp\/v2\/types\/post"}],"author":[{"embeddable":true,"href":"https:\/\/www.radiopiu.net\/wordpress\/wp-json\/wp\/v2\/users\/1"}],"replies":[{"embeddable":true,"href":"https:\/\/www.radiopiu.net\/wordpress\/wp-json\/wp\/v2\/comments?post=94767"}],"version-history":[{"count":0,"href":"https:\/\/www.radiopiu.net\/wordpress\/wp-json\/wp\/v2\/posts\/94767\/revisions"}],"wp:featuredmedia":[{"embeddable":true,"href":"https:\/\/www.radiopiu.net\/wordpress\/wp-json\/wp\/v2\/media\/94765"}],"wp:attachment":[{"href":"https:\/\/www.radiopiu.net\/wordpress\/wp-json\/wp\/v2\/media?parent=94767"}],"wp:term":[{"taxonomy":"category","embeddable":true,"href":"https:\/\/www.radiopiu.net\/wordpress\/wp-json\/wp\/v2\/categories?post=94767"},{"taxonomy":"post_tag","embeddable":true,"href":"https:\/\/www.radiopiu.net\/wordpress\/wp-json\/wp\/v2\/tags?post=94767"}],"curies":[{"name":"wp","href":"https:\/\/api.w.org\/{rel}","templated":true}]}}