{"id":94824,"date":"2019-08-09T05:44:47","date_gmt":"2019-08-09T03:44:47","guid":{"rendered":"http:\/\/www.radiopiu.net\/wordpress\/?p=94824"},"modified":"2019-08-09T14:15:22","modified_gmt":"2019-08-09T12:15:22","slug":"giornale-radiopiu-09-agosto-2019-direttore-mirko-mezzacasa","status":"publish","type":"post","link":"https:\/\/www.radiopiu.net\/wordpress\/giornale-radiopiu-09-agosto-2019-direttore-mirko-mezzacasa\/","title":{"rendered":"GIORNALE RADIOPIU 09 AGOSTO 2019 DIRETTORE MIRKO MEZZACASA"},"content":{"rendered":"<p>Gestione Servizi Pubblici informa che in TUTTO il Comune di GOSALDO TRANNE NELLE LOCALITA&#8217; CENCI, MORI, CARCOI, SCUSSEI, PAGANIN E VALLASIN l&#8217;acqua erogata dall&#8217;acquedotto \u00e8 di nuovo potabile e pu\u00f2 essere usata, quindi, per scopi alimentari<\/p>\n<p>&nbsp;<\/p>\n<p>&nbsp;<\/p>\n<p>DolomitiAmo \u00e8 la mostra inaugurata ieri sera in sala Don Tamis ad Agordo, 27 fotografi hanno trasformato Dolomiti, flora, fauna e splendide ragazze in arte dolomitica. Al taglio del nastro con il sindaco di Agordo Roberto Chissal\u00e8, la presidente del Cai Anna Magro anche Marcella Morandini direttrice della Fondazione Dolomiti UNESCO a 10 anni dalla famosa firma di Siviglia. In sala Irma Visalli ha provato un po&#8217; di emozione quando la Morandini ha ricordato il percorso allora intrarpreso, la Visalli a Siviglia c&#8217;era quel giorno del 2009 con il compianto\u00a0 Presidente Sergio Reolon. Sara ha fatto gli onori di casa ben introdotta da Gianpaolo Soratroi sempre pi\u00f9\u00a0 voce Dolomitica. Radio Pi\u00f9 ha documentato in diretta Facebook l&#8217;inaugurazione della mostra.<\/p>\n<p>Ieri sera diretta dal Broi per lo spettacolo dell&#8217;Associazione Danza Agordina, 23 anni dopo la passione di Maria Rosa Salmazo \u00e8 sempre la stessa e i risultati sono evidenti, l&#8217;Ada \u00e8 una delle associazioni longeve di questa Provincia, che mette assieme cuccioli, adolescenti, futuri stelle della danza, perch\u00e9 no, con tanto impegno delle insegnanti e sicuramente di tanti volontari che si spendono per la crescita di questo gruppo.\u00a0 E&#8217; stato spettacolo ieri sera, nulla lasciato al caso, dalle professionali coreografie alla colonna sonora, splendida idea la voce del bosco e ben interpretata da Manuel Conedera<\/p>\n<h2 style=\"text-align: center;\">DOLOMITI AMO INAUGURAZIONE. SALA DON TAMIS FINO AL 25 AGOSTO DALLE 10 ALLE 12 3 DALLE 18 ALLE 22<\/h2>\n<p>&nbsp;<\/p>\n<div id=\"fb-root\"><\/div>\n<p><script async=\"1\" defer=\"1\" crossorigin=\"anonymous\" src=\"https:\/\/connect.facebook.net\/it_IT\/sdk.js#xfbml=1&amp;version=v6.0\"><\/script><\/p>\n<div class=\"fb-video\" data-href=\"https:\/\/www.facebook.com\/mirko.mezzacasa\/videos\/10220438291974195\/\" data-width=\"1200\">\n<blockquote cite=\"https:\/\/www.facebook.com\/mirko.mezzacasa\/videos\/10220438291974195\/\" class=\"fb-xfbml-parse-ignore\"><p><a href=\"https:\/\/www.facebook.com\/mirko.mezzacasa\/videos\/10220438291974195\/\"><\/a><\/p>\n<p>DOLOMITI AMO INAUGURAZIONE. SALA DON TAMIS FINO AL 25 AGOSTO DALLE 10 ALLE 12 3 DALLE 18 ALLE 22<\/p>\n<p>Pubblicato da <a href=\"https:\/\/www.facebook.com\/mirko.mezzacasa\">Mirko Mezzacasa<\/a> su Gioved\u00ec 8 agosto 2019<\/p><\/blockquote>\n<\/div>\n<blockquote>\n<h2 style=\"text-align: center;\"><\/h2>\n<\/blockquote>\n<p>&nbsp;<\/p>\n<p>&nbsp;<\/p>\n<p>&nbsp;<\/p>\n<p>&nbsp;<\/p>\n<p>&nbsp;<\/p>\n<blockquote><p><em><strong>FELTRE VIABILITA<\/strong> Per i giorni di mercoled\u00ec 14 e gioved\u00ec 15 agosto 2019 (se necessario) dalle 7alle 17\u00a0 per : &#8220;Sostituzione conduttori elettrodotto 220 kv presso centrale Vellai&#8221; &#8211; l\u2019istituzione, dei seguenti obblighi, divieti e limitazioni: chiusura totale al transito di tutti i veicoli, motocicli e cicli (escluso mezzi di soccorso ed autobus) del tratto di via Borgo Nuovo compreso fra l&#8217;incrocio con via Saluch ed i civici 14 \/ 23\u00a0<\/em><\/p><\/blockquote>\n<p>&nbsp;<\/p>\n<p>&nbsp;<\/p>\n<p>&nbsp;<\/p>\n<h3><span style=\"color: #0000ff;\"><strong>LA BELLA NOTIZIA<\/strong><\/span><\/h3>\n<p><strong>TAIBON<\/strong> Il ponte a corde a Listolade che collega le sponde opposte del torrente Cordevole permettendo di raggiungere la campagna del paese \u00e8 stato rimesso a nuovo dopo i notevoli danni di Vaia, a fine mese collaudo e apertura, a Listolade sar\u00e0 una giornata di festa con gli amici di Altivole (foto e video Gianfranco Tom\u00e8)<\/p>\n<h2>IL SINDACO DI TAIBON SILVIA TORMEN<\/h2>\n<audio class=\"wp-audio-shortcode\" id=\"audio-94824-1\" preload=\"none\" style=\"width: 100%;\" controls=\"controls\"><source type=\"audio\/mpeg\" src=\"http:\/\/www.radiopiu.net\/wordpress\/wp-content\/uploads\/2019\/08\/SILVIA.mp3?_=1\" \/><a href=\"http:\/\/www.radiopiu.net\/wordpress\/wp-content\/uploads\/2019\/08\/SILVIA.mp3\">http:\/\/www.radiopiu.net\/wordpress\/wp-content\/uploads\/2019\/08\/SILVIA.mp3<\/a><\/audio>\n<p>&nbsp;<\/p>\n<p><a class=\"dt-pswp-item\" href=\"http:\/\/www.radiopiu.net\/wordpress\/wp-content\/uploads\/2019\/08\/e03bd78d-3aa6-470d-a2bd-fa2eae7a0de6.jpg\" data-dt-img-description=\"\" data-large_image_width=\"970\" data-large_image_height=\"1296\"><img loading=\"lazy\" decoding=\"async\" class=\"alignnone wp-image-94858\" src=\"http:\/\/www.radiopiu.net\/wordpress\/wp-content\/uploads\/2019\/08\/e03bd78d-3aa6-470d-a2bd-fa2eae7a0de6-225x300.jpg\" alt=\"\" width=\"393\" height=\"523\" \/><\/a><\/p>\n<h2>PRIMA DEI LAVORI, DOPO VAIA<\/h2>\n<div style=\"width: 640px;\" class=\"wp-video\"><video class=\"wp-video-shortcode\" id=\"video-94824-1\" width=\"640\" height=\"352\" preload=\"metadata\" controls=\"controls\"><source type=\"video\/mp4\" src=\"http:\/\/www.radiopiu.net\/wordpress\/wp-content\/uploads\/2019\/07\/WhatsApp-Video-2019-07-23-at-19.11.18.mp4?_=1\" \/><a href=\"http:\/\/www.radiopiu.net\/wordpress\/wp-content\/uploads\/2019\/07\/WhatsApp-Video-2019-07-23-at-19.11.18.mp4\">http:\/\/www.radiopiu.net\/wordpress\/wp-content\/uploads\/2019\/07\/WhatsApp-Video-2019-07-23-at-19.11.18.mp4<\/a><\/video><\/div>\n<p>&nbsp;<\/p>\n<p>&nbsp;<\/p>\n<p>&nbsp;<\/p>\n<p>&nbsp;<\/p>\n<p>&nbsp;<\/p>\n<p>&nbsp;<\/p>\n<p>&nbsp;<\/p>\n<h3>UN BIMBO CADE DALLA PEDANA CON LA BICICLETTA SUL NEVEGAL, UN TURISTA SI PROCURA UN PROFONDO TAGLIO AL GINOCCHIO SUL FERTAZZA<\/h3>\n<p><strong><a class=\"dt-pswp-item\" href=\"http:\/\/www.radiopiu.net\/wordpress\/wp-content\/uploads\/2019\/07\/eli-3.jpeg\" data-dt-img-description=\"\" data-large_image_width=\"739\" data-large_image_height=\"1600\"><img loading=\"lazy\" decoding=\"async\" class=\" wp-image-93699 alignleft\" src=\"http:\/\/www.radiopiu.net\/wordpress\/wp-content\/uploads\/2019\/07\/eli-3-139x300.jpeg\" alt=\"\" width=\"71\" height=\"153\" srcset=\"https:\/\/www.radiopiu.net\/wordpress\/wp-content\/uploads\/2019\/07\/eli-3-139x300.jpeg 139w, https:\/\/www.radiopiu.net\/wordpress\/wp-content\/uploads\/2019\/07\/eli-3-473x1024.jpeg 473w, https:\/\/www.radiopiu.net\/wordpress\/wp-content\/uploads\/2019\/07\/eli-3.jpeg 739w\" sizes=\"auto, (max-width: 71px) 100vw, 71px\" \/><\/a>BELLUNO Il Soccorso alpino di Belluno \u00e8 intervenuto sul Piazzale del Nevegal per consentire in sicurezza le manovre dell\u2019elicottero del Suem di Pieve di Cadore, arrivato per un bambino di 11 anni caduto da una pedana con la bicicletta. Prestate le prime cure, il bimbo \u00e8 stato trasportato all\u2019ospedale di Treviso e ricoverato nel reparto di ortopedia, esclusi traumi importanti alla testa, ma numerose sono le escoriazioni e le fratture. Il ragazzino padovano con la bicicletta \u00e8 salito su un pendio ripido lanciandosi gi\u00f9 e la bicicletta si \u00e8 spezzata e il bimbo \u00e8 volato per alcuni metri. Le prime cure gli sono state prestata da una volontaria del Suem 118.<\/strong><\/p>\n<p><strong>SELVA DI CADORE\u00a0<\/strong> Attorno a mezzogiorno e mezza il Soccorso alpino della Val Fiorentina \u00e8 stato allertato per un escursionista scivolato lungo la strada sterrata che scende dal Rifugio Fertazza. L\u2019uomo, un quarantatreenne di Cesena (FC), che si trovava con il figlio di 8 anni, cadendo si \u00e8 procurato un profondo taglio al ginocchio e un probabile trauma alla spalla. Raggiunto in jeep da tre soccorritori, dopo aver ricevuto le prime medicazioni, all\u2019infortunato sono stati applicati gli opportuni presidi a spalla e gamba. Caricato sul fuoristrada \u00e8 stato accompagnato fino all\u2019ambulanza.<\/p>\n<p><strong>LIVINALLONGO\u00a0 <\/strong>Nel pomeriggio di ieri l&#8217;elicottero del Suem di Pieve di Cadore \u00e8 intervenuto lungo il sentiero numero 601 che collega il Passo Pordoi al Rifugio Sass Becei, ad Arabba, dove un ciclista romano di 17 anni \u00e8 caduto con la propria mountain bike, sbattendo la testa. Grazie alle indicazioni fornite da uno dei rifugisti, l&#8217;eliambulanza \u00e8 atterrata nelle vicinanze del luogo dell&#8217;incidente. Prestate le prime cure, il ragazzo,\u00a0 \u00e8 stato imbarcato e trasportato all&#8217;ospedale di Belluno con trauma cranico e alla spalla<\/p>\n<p>&nbsp;<\/p>\n<p>&nbsp;<\/p>\n<p>&nbsp;<\/p>\n<h2>FUORI STRADA A SOTTOGUDA<\/h2>\n<p><strong>ROCCA PIETORE <\/strong>Una manovra errata durante il parcheggio, forse un probema ai freni e il furgone di turisti ungheresi \u00e8 volato\u00a0 nel greto del Pettorina direttamente dal parcheggio della Pizzeria Tirolese, cinque metri sopra,\u00a0 dopo aver travolto la staccionata in legno. Ambulanza e\u00a0 vigili del fuoco di Agordo e\u00a0 Caprile sono intervenuti dopo le 17 chiamati dal gestore della pizzeria.\u00a0 A bordo c&#8217;erano due persone, rimaste ferite in modo lieve trasportate al Pronto Soccorso dell&#8217;ospedale di Agordo. Fuori dal furgone c&#8217;erano invece altri 6 turisti appena scesi dal mezzo.<\/p>\n<p><a class=\"dt-pswp-item\" href=\"http:\/\/www.radiopiu.net\/wordpress\/wp-content\/uploads\/2019\/08\/gru2.jpg\" data-dt-img-description=\"\" data-large_image_width=\"960\" data-large_image_height=\"1280\"><img loading=\"lazy\" decoding=\"async\" class=\"alignnone size-medium wp-image-94951\" src=\"http:\/\/www.radiopiu.net\/wordpress\/wp-content\/uploads\/2019\/08\/gru2-225x300.jpg\" alt=\"\" width=\"225\" height=\"300\" srcset=\"https:\/\/www.radiopiu.net\/wordpress\/wp-content\/uploads\/2019\/08\/gru2-225x300.jpg 225w, https:\/\/www.radiopiu.net\/wordpress\/wp-content\/uploads\/2019\/08\/gru2-768x1024.jpg 768w, https:\/\/www.radiopiu.net\/wordpress\/wp-content\/uploads\/2019\/08\/gru2.jpg 960w\" sizes=\"auto, (max-width: 225px) 100vw, 225px\" \/><\/a><a class=\"dt-pswp-item\" href=\"http:\/\/www.radiopiu.net\/wordpress\/wp-content\/uploads\/2019\/08\/gru1.jpg\" data-dt-img-description=\"\" data-large_image_width=\"1280\" data-large_image_height=\"960\"><img loading=\"lazy\" decoding=\"async\" class=\"alignnone wp-image-94950\" src=\"http:\/\/www.radiopiu.net\/wordpress\/wp-content\/uploads\/2019\/08\/gru1-300x225.jpg\" alt=\"\" width=\"403\" height=\"302\" srcset=\"https:\/\/www.radiopiu.net\/wordpress\/wp-content\/uploads\/2019\/08\/gru1-300x225.jpg 300w, https:\/\/www.radiopiu.net\/wordpress\/wp-content\/uploads\/2019\/08\/gru1-768x576.jpg 768w, https:\/\/www.radiopiu.net\/wordpress\/wp-content\/uploads\/2019\/08\/gru1-1024x768.jpg 1024w, https:\/\/www.radiopiu.net\/wordpress\/wp-content\/uploads\/2019\/08\/gru1.jpg 1280w\" sizes=\"auto, (max-width: 403px) 100vw, 403px\" \/><\/a><\/p>\n<p>&nbsp;<\/p>\n<p>&nbsp;<\/p>\n<p>&nbsp;<\/p>\n<h2>TAMPONAMENTO CON FUGA<\/h2>\n<p><strong>BELLUNO<\/strong> Nessun ferito nel tamponamento a quattro di ieri mattina in via Vittorio Veneto. Ulteriore lavoro per la Polizia che oltre ai consueti rilievi da incidente \u00e8 alla ricerca di una citroen e un camion che dopo il sinistro hanno tirato diritto.<\/p>\n<p>&nbsp;<\/p>\n<p>&nbsp;<\/p>\n<p>&nbsp;<\/p>\n<h3><span data-offset-key=\"8baat-0-0\"><a class=\"dt-pswp-item\" href=\"http:\/\/www.radiopiu.net\/wordpress\/wp-content\/uploads\/2019\/08\/18c1806e-92fe-4198-aaf9-49618a69ca57.jpg\" data-dt-img-description=\"\" data-large_image_width=\"557\" data-large_image_height=\"792\"><img loading=\"lazy\" decoding=\"async\" class=\"wp-image-94935 alignleft\" src=\"http:\/\/www.radiopiu.net\/wordpress\/wp-content\/uploads\/2019\/08\/18c1806e-92fe-4198-aaf9-49618a69ca57-211x300.jpg\" alt=\"\" width=\"162\" height=\"230\" srcset=\"https:\/\/www.radiopiu.net\/wordpress\/wp-content\/uploads\/2019\/08\/18c1806e-92fe-4198-aaf9-49618a69ca57-211x300.jpg 211w, https:\/\/www.radiopiu.net\/wordpress\/wp-content\/uploads\/2019\/08\/18c1806e-92fe-4198-aaf9-49618a69ca57.jpg 557w\" sizes=\"auto, (max-width: 162px) 100vw, 162px\" \/><\/a><\/span><\/h3>\n<h3><\/h3>\n<h3>VOLTAGO, DOMANI I FUNERALI DI RINO DA RONCH<\/h3>\n<div class=\"_2cuy _3dgx\" data-block=\"true\" data-editor=\"s3a9\" data-offset-key=\"8baat-0-0\">\n<div class=\"_1mf _1mj\" data-offset-key=\"8baat-0-0\"><span data-offset-key=\"8baat-0-0\">RINO DA RONCH 74 ANNI LO RICORDANO LA MOGLIE IRENE, LE FIGLIE ANTONELLA, MICHELA, PAOLA E I PARENTI TUTTI. I FUNERALI: DOMANI\u00a0 ALLE 14.30 NELLA CHIESA PARROCCHIALE DI VOLTAGO, QUESTA SERA SERA ALLE 18 IL ROSARIO IN CHIESA. <\/span><\/div>\n<\/div>\n<div class=\"_2cuy _3dgx\" data-block=\"true\" data-editor=\"s3a9\" data-offset-key=\"f69hi-0-0\"><\/div>\n<p>&nbsp;<\/p>\n<p>&nbsp;<\/p>\n<p>&nbsp;<\/p>\n<p>&nbsp;<\/p>\n<p>&nbsp;<\/p>\n<p>&nbsp;<\/p>\n<p>&nbsp;<\/p>\n<p>&nbsp;<\/p>\n<blockquote><p>&nbsp;<\/p><\/blockquote>\n<h2>ZAIA INAUGURA NUOVO PRONTO SOCCORSO A FELTRE,<\/h2>\n<p><a class=\"dt-pswp-item\" href=\"http:\/\/www.radiopiu.net\/wordpress\/wp-content\/uploads\/2019\/08\/185181e5-9961-4eca-8dbb-927149ed91e1.jpg\" data-dt-img-description=\"\" data-large_image_width=\"1600\" data-large_image_height=\"1200\"><img loading=\"lazy\" decoding=\"async\" class=\" wp-image-94909 alignleft\" src=\"http:\/\/www.radiopiu.net\/wordpress\/wp-content\/uploads\/2019\/08\/185181e5-9961-4eca-8dbb-927149ed91e1-300x225.jpg\" alt=\"\" width=\"236\" height=\"177\" srcset=\"https:\/\/www.radiopiu.net\/wordpress\/wp-content\/uploads\/2019\/08\/185181e5-9961-4eca-8dbb-927149ed91e1-300x225.jpg 300w, https:\/\/www.radiopiu.net\/wordpress\/wp-content\/uploads\/2019\/08\/185181e5-9961-4eca-8dbb-927149ed91e1-768x576.jpg 768w, https:\/\/www.radiopiu.net\/wordpress\/wp-content\/uploads\/2019\/08\/185181e5-9961-4eca-8dbb-927149ed91e1-1024x768.jpg 1024w, https:\/\/www.radiopiu.net\/wordpress\/wp-content\/uploads\/2019\/08\/185181e5-9961-4eca-8dbb-927149ed91e1.jpg 1600w\" sizes=\"auto, (max-width: 236px) 100vw, 236px\" \/><\/a><strong>FELTRE<\/strong>\u00a0 \u201cEssere la regione benchmark a livello nazionale nell\u2019erogazione delle cure ai cittadini, per noi non \u00e8 una medaglia da ostentare in giro sulla giacca, significa applicare delle buone pratiche che possono essere anche esportate&#8221; L\u2019annuncio \u00e8 del Presidente della Regione del Veneto Luca Zaia, intervenuto ieri a Feltre\u00a0 dove all\u2019Ospedale Santa Maria del Prato sono stati inaugurati il nuovo Pronto Soccorso, frutto di un investimento di 3 milioni 600 mila euro, e la nuova risonanza magnetica (1.492.000 euro).\u00a0 La nuova struttura \u00e8 di riferimento interregionale. Per l\u2019emergenza e l\u2019urgenza sanitaria, infatti, ad essa fanno capo un\u2019ampia zona della provincia di Belluno ed anche le Valli di Primiero e Vanoi nella Provincia autonoma di Trento.<\/p>\n<blockquote><p><em>Il Pronto soccorso feltrino nel 2018 ha registrato 32.379 accessi e 15.533 nel primo semestre di quest\u2019anno. La nuova struttura comprende: zona intensiva con 2 shock room per il trattamento contemporaneo di 4 pazienti; open space per l\u2019osservazione e monitoraggio dei pazienti; area di Osservazione Breve Intensiva; zona triage e postriage; ambulatori per le donne vittime di violenza e codici bianchi. Oltre ai locali complementari e di servizio dispone delle aree di attesa dotate di supporti per il conforto delle persone oltre ce degli spazi riservati per il cambio e l\u2019allattamento dei bambini.<\/em><\/p><\/blockquote>\n<p><strong>COSI&#8217; ZAIA RISPONDE ALLE DOMANDE DEI GIORNALISTI PARTE 1<\/strong><\/p>\n<audio class=\"wp-audio-shortcode\" id=\"audio-94824-2\" preload=\"none\" style=\"width: 100%;\" controls=\"controls\"><source type=\"audio\/mpeg\" src=\"http:\/\/www.radiopiu.net\/wordpress\/wp-content\/uploads\/2019\/08\/zaia.mp3?_=2\" \/><a href=\"http:\/\/www.radiopiu.net\/wordpress\/wp-content\/uploads\/2019\/08\/zaia.mp3\">http:\/\/www.radiopiu.net\/wordpress\/wp-content\/uploads\/2019\/08\/zaia.mp3<\/a><\/audio>\n<p><strong>PARTE 2&#8230; DOPO FELTRE AGORDO?<\/strong><\/p>\n<audio class=\"wp-audio-shortcode\" id=\"audio-94824-3\" preload=\"none\" style=\"width: 100%;\" controls=\"controls\"><source type=\"audio\/mpeg\" src=\"http:\/\/www.radiopiu.net\/wordpress\/wp-content\/uploads\/2019\/08\/ZAIA-2.mp3?_=3\" \/><a href=\"http:\/\/www.radiopiu.net\/wordpress\/wp-content\/uploads\/2019\/08\/ZAIA-2.mp3\">http:\/\/www.radiopiu.net\/wordpress\/wp-content\/uploads\/2019\/08\/ZAIA-2.mp3<\/a><\/audio>\n<p>&nbsp;<\/p>\n<p>&nbsp;<\/p>\n<p>&nbsp;<\/p>\n<h2>L&#8217;OSPEDALE DI FELTRE HA LA NUOVA RADIOLOGIA, IERI IL TAGLIO DEL NASTRO, I RICORDI DARIO BOND<\/h2>\n<p><strong><a class=\"dt-pswp-item\" href=\"http:\/\/www.radiopiu.net\/wordpress\/wp-content\/uploads\/2018\/02\/ospedale.jpg\" data-dt-img-description=\"\" data-large_image_width=\"620\" data-large_image_height=\"400\"><img loading=\"lazy\" decoding=\"async\" class=\"wp-image-43600 alignleft\" src=\"http:\/\/www.radiopiu.net\/wordpress\/wp-content\/uploads\/2018\/02\/ospedale-300x194.jpg\" alt=\"\" width=\"156\" height=\"101\" srcset=\"https:\/\/www.radiopiu.net\/wordpress\/wp-content\/uploads\/2018\/02\/ospedale-300x194.jpg 300w, https:\/\/www.radiopiu.net\/wordpress\/wp-content\/uploads\/2018\/02\/ospedale.jpg 620w\" sizes=\"auto, (max-width: 156px) 100vw, 156px\" \/><\/a>FELTRE<\/strong> La politica dimentica e non \u00e8 una novit\u00e0, soprattutto se i tempi cambiano.<em> &#8220;Ieri all&#8217;inaugurazione della nuova radiologia feltrina la politica si \u00e8 dimenticata dell&#8217;impegno di Guido Trento &#8211; dice Dario Bond &#8211; che gi\u00e0 aveva posto le basi per il finanziamento&#8230;&#8221;<\/em>. C&#8217;\u00e8 poi l&#8217;altro lato della medaglia: il pronto soccorso dell&#8217;ospedale di Agordo in uno stato poco accogliente e pieno di chiacchiere e promesse della politica, con un finanziamento da 2,5 milioni di euro fermi perch\u00e9 i sindaci prima di offrire il loro denaro vogliono garanzie non promesse.\u00a0 Senza quel denaro dei fondi di confine, contrariamente da Feltre e Cortina, la Regione non interviene, in questa Regione ci sono i figli e i figliastri. L&#8217;altro esempio potrebbe essere quello della viabilit\u00e0 con investimenti previsti per l&#8217;Ampezzano e il Cadore in ottica mondiali e olimpiadi mentre per l&#8217;Agordino se di investimenti si vuol sentire parlare \u00e8 necessario di nuovo aprire i cordoni della borsa: tangenziale di Agordo, rotonde di Taibon e Cencenighe, provinciale 347 del Duran e Cereda&#8230;.e via discorrendo<\/p>\n<p><strong>AUDIO DARIO BOND\u00a0<\/strong><\/p>\n<audio class=\"wp-audio-shortcode\" id=\"audio-94824-4\" preload=\"none\" style=\"width: 100%;\" controls=\"controls\"><source type=\"audio\/mpeg\" src=\"http:\/\/www.radiopiu.net\/wordpress\/wp-content\/uploads\/2019\/08\/BOND-1.mp3?_=4\" \/><a href=\"http:\/\/www.radiopiu.net\/wordpress\/wp-content\/uploads\/2019\/08\/BOND-1.mp3\">http:\/\/www.radiopiu.net\/wordpress\/wp-content\/uploads\/2019\/08\/BOND-1.mp3<\/a><\/audio>\n<p>&nbsp;<\/p>\n<p>&nbsp;<\/p>\n<p>&nbsp;<\/p>\n<h2><a class=\"dt-pswp-item\" href=\"http:\/\/www.radiopiu.net\/wordpress\/wp-content\/uploads\/2016\/02\/Appia-1.png\" data-dt-img-description=\"\" data-large_image_width=\"180\" data-large_image_height=\"113\"><img loading=\"lazy\" decoding=\"async\" class=\"size-full wp-image-16570 alignleft\" src=\"http:\/\/www.radiopiu.net\/wordpress\/wp-content\/uploads\/2016\/02\/Appia-1.png\" alt=\"\" width=\"180\" height=\"113\" \/><\/a><\/h2>\n<h2><\/h2>\n<h2>APPIA AD AGORDO: SEMPRE SENZA TELEFONO ORMAI DA OTTO GIORNI<\/h2>\n<p><strong>DI GIANNI SANTOMASO<\/strong><\/p>\n<audio class=\"wp-audio-shortcode\" id=\"audio-94824-5\" preload=\"none\" style=\"width: 100%;\" controls=\"controls\"><source type=\"audio\/mpeg\" src=\"http:\/\/www.radiopiu.net\/wordpress\/wp-content\/uploads\/2019\/08\/APPIA.mp3?_=5\" \/><a href=\"http:\/\/www.radiopiu.net\/wordpress\/wp-content\/uploads\/2019\/08\/APPIA.mp3\">http:\/\/www.radiopiu.net\/wordpress\/wp-content\/uploads\/2019\/08\/APPIA.mp3<\/a><\/audio>\n<p>&nbsp;<\/p>\n<p>&nbsp;<\/p>\n<p>&nbsp;<\/p>\n<p>&nbsp;<\/p>\n<h1>ME LA RICORDO LA PICCOLA CORTINA<\/h1>\n<h3>di Mirko Mezzacasa<\/h3>\n<p><strong><a class=\"dt-pswp-item\" href=\"http:\/\/www.radiopiu.net\/wordpress\/wp-content\/uploads\/2019\/08\/download-4.jpg\" data-dt-img-description=\"\" data-large_image_width=\"300\" data-large_image_height=\"168\"><img loading=\"lazy\" decoding=\"async\" class=\" wp-image-94893 alignleft\" src=\"http:\/\/www.radiopiu.net\/wordpress\/wp-content\/uploads\/2019\/08\/download-4-300x168.jpg\" alt=\"\" width=\"246\" height=\"138\" \/><\/a>TAIBON<\/strong> Me la ricordo la Frassen\u00e8 che mi accoglieva incantata sotto un manto di neve, me li ricordo quegli impianti sotto all&#8217;Agner palestra per le prime sciate, le prime gare di sci organizzate da Radio Pi\u00f9 anche con l&#8217;allora hockey femminile di Mauro e Gladis Riva. Eccome se mi ricordo il Parco Laghetti, le prime &#8220;fughe&#8221; da casa per finire davanti a casse di amplificazione enormi, complete di twitter, bassi e sub, e quell&#8217;impianto per dj che era poi il mio primo sogno. Ai laghetti, era una delle tappe fisse del tour Amadeus ad Agordo, Chalet Parco Laghetti, Chalet al lago di Pedy e Francesca\u00a0 ad Alleghe e su fino al Piper di Malga Ciapela;\u00a0 se non finivi in Val Biois tra il Focobon e il Serena con la sua Radio Serena&#8230;ad un certo punto importante costola di Radio Pi\u00f9 sull&#8217;attuale frequenza 97.600 Mhz. E mi ricordo quelle elezioni di Miss Italia a Frassen\u00e8, l&#8217;unica volta che partecipavo come giurato sono scivolato diritto nel lago e addio serata. I ricordi sono limpidi, purtroppo. Purtroppo perch\u00e9 tornarci oggi \u00e8 un colpo al cuore, tutto abbandonato in un Comune che non ha manco il sindaco e che deve condividere il parroco con altre 4 parrocchie, non che a Taibon vada meglio visto che dopo il meritato &#8220;pensionamento&#8221; di Don Mario Zanon per la prima volta il paese si ritrova con il prete part-time con Agordo e La Valle. Una palestra di roccia dove le presenze non mancano ma i presenti sono costretti a camminare nell&#8217;erba alta senza alcun punto di ristoro. I campi da tennis sono decisamente impraticabili. Pi\u00f9 in l\u00e0 c&#8217;\u00e8 l\u2019ex caserma della forestale abbandonata a se stessa da ormai molti anni. Perch\u00e8? Eppure \u00e8 un pezzo di Dolomiti Patrimonio dell&#8217;Unesco con influenze del vicino Parco Nazionale delle Dolomiti. Perch\u00e9 le nostre ricchezze sono destinate a diventare inesorabilmente miserie? Infine per risolvere il problema del rudere seggioviario ci affidiamo al prossimo Vaia o qualcuno, propriet\u00e0 compresa prima o poi interverr\u00e0?<\/p>\n<p><a class=\"dt-pswp-item\" href=\"http:\/\/www.radiopiu.net\/wordpress\/wp-content\/uploads\/2019\/08\/5607be86-2180-4823-b58b-c1254fd5e355.jpg\" data-dt-img-description=\"\" data-large_image_width=\"1200\" data-large_image_height=\"1600\"><img loading=\"lazy\" decoding=\"async\" class=\"alignnone size-medium wp-image-94883\" src=\"http:\/\/www.radiopiu.net\/wordpress\/wp-content\/uploads\/2019\/08\/5607be86-2180-4823-b58b-c1254fd5e355-225x300.jpg\" alt=\"\" width=\"225\" height=\"300\" srcset=\"https:\/\/www.radiopiu.net\/wordpress\/wp-content\/uploads\/2019\/08\/5607be86-2180-4823-b58b-c1254fd5e355-225x300.jpg 225w, https:\/\/www.radiopiu.net\/wordpress\/wp-content\/uploads\/2019\/08\/5607be86-2180-4823-b58b-c1254fd5e355-768x1024.jpg 768w, https:\/\/www.radiopiu.net\/wordpress\/wp-content\/uploads\/2019\/08\/5607be86-2180-4823-b58b-c1254fd5e355.jpg 1200w\" sizes=\"auto, (max-width: 225px) 100vw, 225px\" \/><\/a><a class=\"dt-pswp-item\" href=\"http:\/\/www.radiopiu.net\/wordpress\/wp-content\/uploads\/2019\/08\/5046bbc0-c157-4523-859d-8d258de1d4da.jpg\" data-dt-img-description=\"\" data-large_image_width=\"1200\" data-large_image_height=\"1600\"><img loading=\"lazy\" decoding=\"async\" class=\"alignnone size-medium wp-image-94882\" src=\"http:\/\/www.radiopiu.net\/wordpress\/wp-content\/uploads\/2019\/08\/5046bbc0-c157-4523-859d-8d258de1d4da-225x300.jpg\" alt=\"\" width=\"225\" height=\"300\" srcset=\"https:\/\/www.radiopiu.net\/wordpress\/wp-content\/uploads\/2019\/08\/5046bbc0-c157-4523-859d-8d258de1d4da-225x300.jpg 225w, https:\/\/www.radiopiu.net\/wordpress\/wp-content\/uploads\/2019\/08\/5046bbc0-c157-4523-859d-8d258de1d4da-768x1024.jpg 768w, https:\/\/www.radiopiu.net\/wordpress\/wp-content\/uploads\/2019\/08\/5046bbc0-c157-4523-859d-8d258de1d4da.jpg 1200w\" sizes=\"auto, (max-width: 225px) 100vw, 225px\" \/><\/a><a class=\"dt-pswp-item\" href=\"http:\/\/www.radiopiu.net\/wordpress\/wp-content\/uploads\/2019\/08\/1634ad9a-ebb4-488e-b99f-46c4a669029d.jpg\" data-dt-img-description=\"\" data-large_image_width=\"1200\" data-large_image_height=\"1600\"><img loading=\"lazy\" decoding=\"async\" class=\"alignnone size-medium wp-image-94881\" src=\"http:\/\/www.radiopiu.net\/wordpress\/wp-content\/uploads\/2019\/08\/1634ad9a-ebb4-488e-b99f-46c4a669029d-225x300.jpg\" alt=\"\" width=\"225\" height=\"300\" srcset=\"https:\/\/www.radiopiu.net\/wordpress\/wp-content\/uploads\/2019\/08\/1634ad9a-ebb4-488e-b99f-46c4a669029d-225x300.jpg 225w, https:\/\/www.radiopiu.net\/wordpress\/wp-content\/uploads\/2019\/08\/1634ad9a-ebb4-488e-b99f-46c4a669029d-768x1024.jpg 768w, https:\/\/www.radiopiu.net\/wordpress\/wp-content\/uploads\/2019\/08\/1634ad9a-ebb4-488e-b99f-46c4a669029d.jpg 1200w\" sizes=\"auto, (max-width: 225px) 100vw, 225px\" \/><\/a><\/p>\n<blockquote><p><em>Ci sono turisti che praticano la palestra di roccia adiacente al parco, si avverte la necessit\u00e0 di un chiosco per le bibite e snack, panchine praticamente scomparse.<\/em><\/p><\/blockquote>\n<p><a class=\"dt-pswp-item\" href=\"http:\/\/www.radiopiu.net\/wordpress\/wp-content\/uploads\/2019\/08\/897e9621-206b-4fb0-805b-4e4cdd3f53dc.jpg\" data-dt-img-description=\"\" data-large_image_width=\"1200\" data-large_image_height=\"1600\"><img loading=\"lazy\" decoding=\"async\" class=\"alignnone size-medium wp-image-94880\" src=\"http:\/\/www.radiopiu.net\/wordpress\/wp-content\/uploads\/2019\/08\/897e9621-206b-4fb0-805b-4e4cdd3f53dc-225x300.jpg\" alt=\"\" width=\"225\" height=\"300\" srcset=\"https:\/\/www.radiopiu.net\/wordpress\/wp-content\/uploads\/2019\/08\/897e9621-206b-4fb0-805b-4e4cdd3f53dc-225x300.jpg 225w, https:\/\/www.radiopiu.net\/wordpress\/wp-content\/uploads\/2019\/08\/897e9621-206b-4fb0-805b-4e4cdd3f53dc-768x1024.jpg 768w, https:\/\/www.radiopiu.net\/wordpress\/wp-content\/uploads\/2019\/08\/897e9621-206b-4fb0-805b-4e4cdd3f53dc.jpg 1200w\" sizes=\"auto, (max-width: 225px) 100vw, 225px\" \/><\/a><a class=\"dt-pswp-item\" href=\"http:\/\/www.radiopiu.net\/wordpress\/wp-content\/uploads\/2019\/08\/90a65489-d858-4e71-860e-480ff884766b.jpg\" data-dt-img-description=\"\" data-large_image_width=\"1200\" data-large_image_height=\"1600\"><img loading=\"lazy\" decoding=\"async\" class=\"alignnone size-medium wp-image-94879\" src=\"http:\/\/www.radiopiu.net\/wordpress\/wp-content\/uploads\/2019\/08\/90a65489-d858-4e71-860e-480ff884766b-225x300.jpg\" alt=\"\" width=\"225\" height=\"300\" srcset=\"https:\/\/www.radiopiu.net\/wordpress\/wp-content\/uploads\/2019\/08\/90a65489-d858-4e71-860e-480ff884766b-225x300.jpg 225w, https:\/\/www.radiopiu.net\/wordpress\/wp-content\/uploads\/2019\/08\/90a65489-d858-4e71-860e-480ff884766b-768x1024.jpg 768w, https:\/\/www.radiopiu.net\/wordpress\/wp-content\/uploads\/2019\/08\/90a65489-d858-4e71-860e-480ff884766b.jpg 1200w\" sizes=\"auto, (max-width: 225px) 100vw, 225px\" \/><\/a><a class=\"dt-pswp-item\" href=\"http:\/\/www.radiopiu.net\/wordpress\/wp-content\/uploads\/2019\/08\/70d56567-9c3c-484d-bbed-28cdba5c9997-1.jpg\" data-dt-img-description=\"\" data-large_image_width=\"1200\" data-large_image_height=\"1600\"><img loading=\"lazy\" decoding=\"async\" class=\"alignnone size-medium wp-image-94885\" src=\"http:\/\/www.radiopiu.net\/wordpress\/wp-content\/uploads\/2019\/08\/70d56567-9c3c-484d-bbed-28cdba5c9997-1-225x300.jpg\" alt=\"\" width=\"225\" height=\"300\" srcset=\"https:\/\/www.radiopiu.net\/wordpress\/wp-content\/uploads\/2019\/08\/70d56567-9c3c-484d-bbed-28cdba5c9997-1-225x300.jpg 225w, https:\/\/www.radiopiu.net\/wordpress\/wp-content\/uploads\/2019\/08\/70d56567-9c3c-484d-bbed-28cdba5c9997-1-768x1024.jpg 768w, https:\/\/www.radiopiu.net\/wordpress\/wp-content\/uploads\/2019\/08\/70d56567-9c3c-484d-bbed-28cdba5c9997-1.jpg 1200w\" sizes=\"auto, (max-width: 225px) 100vw, 225px\" \/><\/a><\/p>\n<blockquote><p><em>ci\u00f2 che resta del campo da tennis e di una struttura che ha scritto i lustri di un passato ormai sepolto, lavori in corso d\u2019opera idraulico forestali per la pulizia messa in sicurezza dagli eventi estremi<\/em><\/p><\/blockquote>\n<p><a class=\"dt-pswp-item\" href=\"http:\/\/www.radiopiu.net\/wordpress\/wp-content\/uploads\/2019\/08\/8abdc0aa-2ccd-42ff-95a5-24ee4175895a.jpg\" data-dt-img-description=\"\" data-large_image_width=\"1200\" data-large_image_height=\"1600\"><img loading=\"lazy\" decoding=\"async\" class=\"alignnone size-medium wp-image-94877\" src=\"http:\/\/www.radiopiu.net\/wordpress\/wp-content\/uploads\/2019\/08\/8abdc0aa-2ccd-42ff-95a5-24ee4175895a-225x300.jpg\" alt=\"\" width=\"225\" height=\"300\" srcset=\"https:\/\/www.radiopiu.net\/wordpress\/wp-content\/uploads\/2019\/08\/8abdc0aa-2ccd-42ff-95a5-24ee4175895a-225x300.jpg 225w, https:\/\/www.radiopiu.net\/wordpress\/wp-content\/uploads\/2019\/08\/8abdc0aa-2ccd-42ff-95a5-24ee4175895a-768x1024.jpg 768w, https:\/\/www.radiopiu.net\/wordpress\/wp-content\/uploads\/2019\/08\/8abdc0aa-2ccd-42ff-95a5-24ee4175895a.jpg 1200w\" sizes=\"auto, (max-width: 225px) 100vw, 225px\" \/><\/a><a class=\"dt-pswp-item\" href=\"http:\/\/www.radiopiu.net\/wordpress\/wp-content\/uploads\/2019\/08\/06c5b880-2fc7-4855-ae39-333e6b8e1d75.jpg\" data-dt-img-description=\"\" data-large_image_width=\"1200\" data-large_image_height=\"1600\"><img loading=\"lazy\" decoding=\"async\" class=\"alignnone size-medium wp-image-94876\" src=\"http:\/\/www.radiopiu.net\/wordpress\/wp-content\/uploads\/2019\/08\/06c5b880-2fc7-4855-ae39-333e6b8e1d75-225x300.jpg\" alt=\"\" width=\"225\" height=\"300\" srcset=\"https:\/\/www.radiopiu.net\/wordpress\/wp-content\/uploads\/2019\/08\/06c5b880-2fc7-4855-ae39-333e6b8e1d75-225x300.jpg 225w, https:\/\/www.radiopiu.net\/wordpress\/wp-content\/uploads\/2019\/08\/06c5b880-2fc7-4855-ae39-333e6b8e1d75-768x1024.jpg 768w, https:\/\/www.radiopiu.net\/wordpress\/wp-content\/uploads\/2019\/08\/06c5b880-2fc7-4855-ae39-333e6b8e1d75.jpg 1200w\" sizes=\"auto, (max-width: 225px) 100vw, 225px\" \/><\/a><a class=\"dt-pswp-item\" href=\"http:\/\/www.radiopiu.net\/wordpress\/wp-content\/uploads\/2019\/08\/ff1426bd-37bb-4a1e-89dd-e20b396dbbac.jpg\" data-dt-img-description=\"\" data-large_image_width=\"1200\" data-large_image_height=\"1600\"><img loading=\"lazy\" decoding=\"async\" class=\"alignnone size-medium wp-image-94874\" src=\"http:\/\/www.radiopiu.net\/wordpress\/wp-content\/uploads\/2019\/08\/ff1426bd-37bb-4a1e-89dd-e20b396dbbac-225x300.jpg\" alt=\"\" width=\"225\" height=\"300\" srcset=\"https:\/\/www.radiopiu.net\/wordpress\/wp-content\/uploads\/2019\/08\/ff1426bd-37bb-4a1e-89dd-e20b396dbbac-225x300.jpg 225w, https:\/\/www.radiopiu.net\/wordpress\/wp-content\/uploads\/2019\/08\/ff1426bd-37bb-4a1e-89dd-e20b396dbbac-768x1024.jpg 768w, https:\/\/www.radiopiu.net\/wordpress\/wp-content\/uploads\/2019\/08\/ff1426bd-37bb-4a1e-89dd-e20b396dbbac.jpg 1200w\" sizes=\"auto, (max-width: 225px) 100vw, 225px\" \/><\/a><\/p>\n<h3>LA EX FORESTALE&#8230;ABBANDONO TOTALE NELL&#8217;ABBANDONO GENERALE<\/h3>\n<p><a class=\"dt-pswp-item\" href=\"http:\/\/www.radiopiu.net\/wordpress\/wp-content\/uploads\/2019\/08\/e26dfe86-4a03-4ed5-b3fb-4c683985af1a.jpg\" data-dt-img-description=\"\" data-large_image_width=\"1200\" data-large_image_height=\"1600\"><img loading=\"lazy\" decoding=\"async\" class=\"alignnone size-medium wp-image-94873\" src=\"http:\/\/www.radiopiu.net\/wordpress\/wp-content\/uploads\/2019\/08\/e26dfe86-4a03-4ed5-b3fb-4c683985af1a-225x300.jpg\" alt=\"\" width=\"225\" height=\"300\" srcset=\"https:\/\/www.radiopiu.net\/wordpress\/wp-content\/uploads\/2019\/08\/e26dfe86-4a03-4ed5-b3fb-4c683985af1a-225x300.jpg 225w, https:\/\/www.radiopiu.net\/wordpress\/wp-content\/uploads\/2019\/08\/e26dfe86-4a03-4ed5-b3fb-4c683985af1a-768x1024.jpg 768w, https:\/\/www.radiopiu.net\/wordpress\/wp-content\/uploads\/2019\/08\/e26dfe86-4a03-4ed5-b3fb-4c683985af1a.jpg 1200w\" sizes=\"auto, (max-width: 225px) 100vw, 225px\" \/><\/a><a class=\"dt-pswp-item\" href=\"http:\/\/www.radiopiu.net\/wordpress\/wp-content\/uploads\/2019\/08\/c61646f5-e79c-4ca6-a5c3-1edf7e4e1917.jpg\" data-dt-img-description=\"\" data-large_image_width=\"1200\" data-large_image_height=\"1600\"><img loading=\"lazy\" decoding=\"async\" class=\"alignnone size-medium wp-image-94872\" src=\"http:\/\/www.radiopiu.net\/wordpress\/wp-content\/uploads\/2019\/08\/c61646f5-e79c-4ca6-a5c3-1edf7e4e1917-225x300.jpg\" alt=\"\" width=\"225\" height=\"300\" srcset=\"https:\/\/www.radiopiu.net\/wordpress\/wp-content\/uploads\/2019\/08\/c61646f5-e79c-4ca6-a5c3-1edf7e4e1917-225x300.jpg 225w, https:\/\/www.radiopiu.net\/wordpress\/wp-content\/uploads\/2019\/08\/c61646f5-e79c-4ca6-a5c3-1edf7e4e1917-768x1024.jpg 768w, https:\/\/www.radiopiu.net\/wordpress\/wp-content\/uploads\/2019\/08\/c61646f5-e79c-4ca6-a5c3-1edf7e4e1917.jpg 1200w\" sizes=\"auto, (max-width: 225px) 100vw, 225px\" \/><\/a><\/p>\n<p>&nbsp;<\/p>\n<p>&nbsp;<\/p>\n<p>&nbsp;<\/p>\n<p>&nbsp;<\/p>\n<h2>VANDALI E STALKER AD AGORDO SERVE UN GIRO DI VITE<\/h2>\n<p><strong><a class=\"dt-pswp-item\" href=\"http:\/\/www.radiopiu.net\/wordpress\/wp-content\/uploads\/2019\/05\/AGORDO-ROBERTO-CHISSALE.jpeg\" data-dt-img-description=\"\" data-large_image_width=\"1600\" data-large_image_height=\"1600\"><img loading=\"lazy\" decoding=\"async\" class=\"wp-image-86460 alignleft\" src=\"http:\/\/www.radiopiu.net\/wordpress\/wp-content\/uploads\/2019\/05\/AGORDO-ROBERTO-CHISSALE-300x300.jpeg\" alt=\"\" width=\"181\" height=\"181\" srcset=\"https:\/\/www.radiopiu.net\/wordpress\/wp-content\/uploads\/2019\/05\/AGORDO-ROBERTO-CHISSALE-300x300.jpeg 300w, https:\/\/www.radiopiu.net\/wordpress\/wp-content\/uploads\/2019\/05\/AGORDO-ROBERTO-CHISSALE-150x150.jpeg 150w, https:\/\/www.radiopiu.net\/wordpress\/wp-content\/uploads\/2019\/05\/AGORDO-ROBERTO-CHISSALE-768x768.jpeg 768w, https:\/\/www.radiopiu.net\/wordpress\/wp-content\/uploads\/2019\/05\/AGORDO-ROBERTO-CHISSALE-1024x1024.jpeg 1024w, https:\/\/www.radiopiu.net\/wordpress\/wp-content\/uploads\/2019\/05\/AGORDO-ROBERTO-CHISSALE.jpeg 1600w\" sizes=\"auto, (max-width: 181px) 100vw, 181px\" \/><\/a><\/strong><\/p>\n<p>&nbsp;<\/p>\n<p>&nbsp;<\/p>\n<p><strong>AGORDO<\/strong> Roberto Chissal\u00e8 sindaco del capoluogo interviene sul recente fatto di stalking nei parcheggi Luxottica, ma anche sui vandalismo di via Garibaldi. L&#8217;invito alla popolazione ad essere attenta e presente<\/p>\n<p><strong>DI GIANNI SANTOMASO<\/strong><\/p>\n<audio class=\"wp-audio-shortcode\" id=\"audio-94824-6\" preload=\"none\" style=\"width: 100%;\" controls=\"controls\"><source type=\"audio\/mpeg\" src=\"http:\/\/www.radiopiu.net\/wordpress\/wp-content\/uploads\/2019\/08\/GIANNI-STALKING-1.mp3?_=6\" \/><a href=\"http:\/\/www.radiopiu.net\/wordpress\/wp-content\/uploads\/2019\/08\/GIANNI-STALKING-1.mp3\">http:\/\/www.radiopiu.net\/wordpress\/wp-content\/uploads\/2019\/08\/GIANNI-STALKING-1.mp3<\/a><\/audio>\n<h3>IERI ARCHIVIO RADIO PIU<\/h3>\n<blockquote class=\"wp-embedded-content\" data-secret=\"UO2UQwua6y\"><p><a href=\"http:\/\/www.radiopiu.net\/wordpress\/stalking-nei-parcheggi-luxottica-ma-anche-in-piazza-ad-agordo\/\">STALKING NEI PARCHEGGI LUXOTTICA, MA ANCHE IN PIAZZA AD AGORDO.<\/a><\/p><\/blockquote>\n<p><iframe loading=\"lazy\" title=\"&#8220;STALKING NEI PARCHEGGI LUXOTTICA, MA ANCHE IN PIAZZA AD AGORDO.&#8221; &#8212; Radio Pi\u00f9\" class=\"wp-embedded-content\" sandbox=\"allow-scripts\" security=\"restricted\" style=\"position: absolute; clip: rect(1px, 1px, 1px, 1px);\" src=\"http:\/\/www.radiopiu.net\/wordpress\/stalking-nei-parcheggi-luxottica-ma-anche-in-piazza-ad-agordo\/embed\/#?secret=UO2UQwua6y\" data-secret=\"UO2UQwua6y\" width=\"600\" height=\"338\" frameborder=\"0\" marginwidth=\"0\" marginheight=\"0\" scrolling=\"no\"><\/iframe><\/p>\n<h3>TRE GIORNI FA ARCHIVIO RADIO PIU<\/h3>\n<blockquote class=\"wp-embedded-content\" data-secret=\"flXEPKZOCs\"><p><a href=\"http:\/\/www.radiopiu.net\/wordpress\/94328-2\/\">SOLITI VANDALI AD AGORDO<\/a><\/p><\/blockquote>\n<p><iframe loading=\"lazy\" title=\"&#8220;SOLITI VANDALI AD AGORDO&#8221; &#8212; Radio Pi\u00f9\" class=\"wp-embedded-content\" sandbox=\"allow-scripts\" security=\"restricted\" style=\"position: absolute; clip: rect(1px, 1px, 1px, 1px);\" src=\"http:\/\/www.radiopiu.net\/wordpress\/94328-2\/embed\/#?secret=flXEPKZOCs\" data-secret=\"flXEPKZOCs\" width=\"600\" height=\"338\" frameborder=\"0\" marginwidth=\"0\" marginheight=\"0\" scrolling=\"no\"><\/iframe><\/p>\n<p>&nbsp;<\/p>\n<p>&nbsp;<\/p>\n<p>&nbsp;<\/p>\n<h2>NUOVE IDEE PER IL CAMPO DI CALCIO DI AGORDO<\/h2>\n<p><strong><a class=\"dt-pswp-item\" href=\"http:\/\/www.radiopiu.net\/wordpress\/wp-content\/uploads\/2018\/10\/CAMPO-IVANO-DORIGO.jpg\" data-dt-img-description=\"\" data-large_image_width=\"1440\" data-large_image_height=\"810\"><img loading=\"lazy\" decoding=\"async\" class=\" wp-image-64706 alignleft\" src=\"http:\/\/www.radiopiu.net\/wordpress\/wp-content\/uploads\/2018\/10\/CAMPO-IVANO-DORIGO-300x169.jpg\" alt=\"\" width=\"257\" height=\"145\" srcset=\"https:\/\/www.radiopiu.net\/wordpress\/wp-content\/uploads\/2018\/10\/CAMPO-IVANO-DORIGO-300x169.jpg 300w, https:\/\/www.radiopiu.net\/wordpress\/wp-content\/uploads\/2018\/10\/CAMPO-IVANO-DORIGO-768x432.jpg 768w, https:\/\/www.radiopiu.net\/wordpress\/wp-content\/uploads\/2018\/10\/CAMPO-IVANO-DORIGO-1024x576.jpg 1024w, https:\/\/www.radiopiu.net\/wordpress\/wp-content\/uploads\/2018\/10\/CAMPO-IVANO-DORIGO.jpg 1440w\" sizes=\"auto, (max-width: 257px) 100vw, 257px\" \/><\/a>AGORDO<\/strong> La nuova Giunta ha le idee chiare sul campo di calcio Ivano Dorigo e boccia le proposte della precedente amministrazione guidata da Sisto Da Roit<em>.&#8221;Hanno stanziato i fondi &#8211; dice l&#8217;assessore Cristina Bien &#8211; ma mai sono stati impiegati, mai visto un incarico progettuale. Per noi la copertura della tribuna \u00e8 comunque importante, ma si inizi dal parcheggio esterno&#8221;.<\/em><\/p>\n<p>&nbsp;<\/p>\n<p>DI GIANNI SANTOMASO<\/p>\n<audio class=\"wp-audio-shortcode\" id=\"audio-94824-7\" preload=\"none\" style=\"width: 100%;\" controls=\"controls\"><source type=\"audio\/mpeg\" src=\"http:\/\/www.radiopiu.net\/wordpress\/wp-content\/uploads\/2019\/08\/GIANNI-CAMPO-CALCIO-1.mp3?_=7\" \/><a href=\"http:\/\/www.radiopiu.net\/wordpress\/wp-content\/uploads\/2019\/08\/GIANNI-CAMPO-CALCIO-1.mp3\">http:\/\/www.radiopiu.net\/wordpress\/wp-content\/uploads\/2019\/08\/GIANNI-CAMPO-CALCIO-1.mp3<\/a><\/audio>\n<h3>L&#8217;ASSESSORE ALLO SPORT, CRISTINA BIEN<\/h3>\n<audio class=\"wp-audio-shortcode\" id=\"audio-94824-8\" preload=\"none\" style=\"width: 100%;\" controls=\"controls\"><source type=\"audio\/mpeg\" src=\"http:\/\/www.radiopiu.net\/wordpress\/wp-content\/uploads\/2019\/08\/CRISTINA.mp3?_=8\" \/><a href=\"http:\/\/www.radiopiu.net\/wordpress\/wp-content\/uploads\/2019\/08\/CRISTINA.mp3\">http:\/\/www.radiopiu.net\/wordpress\/wp-content\/uploads\/2019\/08\/CRISTINA.mp3<\/a><\/audio>\n<p>&nbsp;<\/p>\n<p>&nbsp;<\/p>\n<p>&nbsp;<\/p>\n<h2><strong><a class=\"dt-pswp-item\" href=\"http:\/\/www.radiopiu.net\/wordpress\/wp-content\/uploads\/2019\/08\/WhatsApp-Image-2019-01-13-at-17.30.05.jpeg\" data-dt-img-description=\"\" data-large_image_width=\"1440\" data-large_image_height=\"699\"><img loading=\"lazy\" decoding=\"async\" class=\" wp-image-94899 alignleft\" src=\"http:\/\/www.radiopiu.net\/wordpress\/wp-content\/uploads\/2019\/08\/WhatsApp-Image-2019-01-13-at-17.30.05-300x146.jpeg\" alt=\"\" width=\"249\" height=\"121\" srcset=\"https:\/\/www.radiopiu.net\/wordpress\/wp-content\/uploads\/2019\/08\/WhatsApp-Image-2019-01-13-at-17.30.05-300x146.jpeg 300w, https:\/\/www.radiopiu.net\/wordpress\/wp-content\/uploads\/2019\/08\/WhatsApp-Image-2019-01-13-at-17.30.05-768x373.jpeg 768w, https:\/\/www.radiopiu.net\/wordpress\/wp-content\/uploads\/2019\/08\/WhatsApp-Image-2019-01-13-at-17.30.05-1024x497.jpeg 1024w, https:\/\/www.radiopiu.net\/wordpress\/wp-content\/uploads\/2019\/08\/WhatsApp-Image-2019-01-13-at-17.30.05.jpeg 1440w\" sizes=\"auto, (max-width: 249px) 100vw, 249px\" \/><\/a><\/strong>CHI PAGA I DANNI DI MALGA FOCA? IN PARTE LA BENEFICENZA<\/h2>\n<p><strong>LA VALLE <\/strong>Domani sera Al Ristorante San Martino (La Muda) cena benefica su prenotazione con gli amici di Chioggia che cucineranno il pesce. Il ricavato servir\u00e0 per la ricostruzione di Malga Foca che non \u00e8 stata devastata da Vaia ma precedentemente da un incendio scatenato da gitanti della domenica. informazioni 0437 5860414<\/p>\n<p>DI GIANNI SANTOMASO<\/p>\n<audio class=\"wp-audio-shortcode\" id=\"audio-94824-9\" preload=\"none\" style=\"width: 100%;\" controls=\"controls\"><source type=\"audio\/mpeg\" src=\"http:\/\/www.radiopiu.net\/wordpress\/wp-content\/uploads\/2019\/08\/GIANNI-FOCA.mp3?_=9\" \/><a href=\"http:\/\/www.radiopiu.net\/wordpress\/wp-content\/uploads\/2019\/08\/GIANNI-FOCA.mp3\">http:\/\/www.radiopiu.net\/wordpress\/wp-content\/uploads\/2019\/08\/GIANNI-FOCA.mp3<\/a><\/audio>\n<h2>ARCHIVIO RADIO PIU&#8217; 13 GENNAIO 2019<\/h2>\n<blockquote class=\"wp-embedded-content\" data-secret=\"nn84mn4iqb\"><p><a href=\"http:\/\/www.radiopiu.net\/wordpress\/e-bruciata-malga-foca-a-la-valle\/\">E&#8217; BRUCIATA  MALGA FOCA A LA VALLE<\/a><\/p><\/blockquote>\n<p><iframe loading=\"lazy\" title=\"&#8220;E&#8217; BRUCIATA  MALGA FOCA A LA VALLE&#8221; &#8212; Radio Pi\u00f9\" class=\"wp-embedded-content\" sandbox=\"allow-scripts\" security=\"restricted\" style=\"position: absolute; clip: rect(1px, 1px, 1px, 1px);\" src=\"http:\/\/www.radiopiu.net\/wordpress\/e-bruciata-malga-foca-a-la-valle\/embed\/#?secret=nn84mn4iqb\" data-secret=\"nn84mn4iqb\" width=\"600\" height=\"338\" frameborder=\"0\" marginwidth=\"0\" marginheight=\"0\" scrolling=\"no\"><\/iframe><\/p>\n<p>&nbsp;<\/p>\n<p>&nbsp;<\/p>\n<p>&nbsp;<\/p>\n<p>&nbsp;<\/p>\n<h2>AFFITTI ATER, PARLA LUCA ZAIA<\/h2>\n<p><strong>FELTRE\u00a0<\/strong> Il Governatore nel corso del punto stampa con i giornalisti, ieri da Feltre \u00e8 intervenuto anche\u00a0 sulle nuove direttive regionali che hanno scatenato polemiche anche in provincia di Belluno, dalla rassegna stampa delle 8 05.<\/p>\n<audio class=\"wp-audio-shortcode\" id=\"audio-94824-10\" preload=\"none\" style=\"width: 100%;\" controls=\"controls\"><source type=\"audio\/mpeg\" src=\"http:\/\/www.radiopiu.net\/wordpress\/wp-content\/uploads\/2019\/08\/ZAIA-ATER.mp3?_=10\" \/><a href=\"http:\/\/www.radiopiu.net\/wordpress\/wp-content\/uploads\/2019\/08\/ZAIA-ATER.mp3\">http:\/\/www.radiopiu.net\/wordpress\/wp-content\/uploads\/2019\/08\/ZAIA-ATER.mp3<\/a><\/audio>\n<p>&nbsp;<\/p>\n<p>&nbsp;<\/p>\n<p>&nbsp;<\/p>\n<p>&nbsp;<\/p>\n<h3>APICOLTURA: APERTI I BANDI PER MIGLIORARE ALVEARI E QUALIT\u00c0 DEL MIELE, DISPONIBILI CONTRIBUTI PER 356 MILA EURO<\/h3>\n<p><strong><a class=\"dt-pswp-item\" href=\"http:\/\/www.radiopiu.net\/wordpress\/wp-content\/uploads\/2018\/08\/stock-photo-bee-honeycombs-with-honey-and-bees-apiculture-602677247.jpg\" data-dt-img-description=\"\" data-large_image_width=\"450\" data-large_image_height=\"319\"><img loading=\"lazy\" decoding=\"async\" class=\" wp-image-57205 alignleft\" src=\"http:\/\/www.radiopiu.net\/wordpress\/wp-content\/uploads\/2018\/08\/stock-photo-bee-honeycombs-with-honey-and-bees-apiculture-602677247-300x213.jpg\" alt=\"\" width=\"228\" height=\"162\" srcset=\"https:\/\/www.radiopiu.net\/wordpress\/wp-content\/uploads\/2018\/08\/stock-photo-bee-honeycombs-with-honey-and-bees-apiculture-602677247-300x213.jpg 300w, https:\/\/www.radiopiu.net\/wordpress\/wp-content\/uploads\/2018\/08\/stock-photo-bee-honeycombs-with-honey-and-bees-apiculture-602677247.jpg 450w\" sizes=\"auto, (max-width: 228px) 100vw, 228px\" \/><\/a>VENEZIA\u00a0<\/strong> Sono aperti i termini dei bandi del programma regionale di aiuti per gli apicoltori. La Giunta regionale del Veneto, su proposta dell\u2019assessore all\u2019agricoltura Giuseppe Pan, ha dato il via al piano per la campagna 2919-2020 che mette a disposizione degli apicoltori, tramite\u00a0\u00a0le associazioni apistiche, 365 mila euro per contribuire alle iniziative di formazione, aggiornamento e miglioramento produttivo concordate nell&#8217;ambito della Consulta regionale per l&#8217;apicoltura.\u00a0 Il piano regionale andr\u00e0, quindi, a finanziare: assistenza tecnica agli apicoltori e alle organizzazioni di apicoltori; lotta contro gli aggressori e le malattie dell&#8217;alveare, in particolare la varroatosi; misure di sostegno ai laboratori di analisi dei prodotti dell&#8217;apicoltura al fine di aiutare gli apicoltori a commercializzare e valorizzare i loro prodotti; misure di sostegno del ripopolamento del patrimonio apicolo dell&#8217;Unione; iniziative di collaborazione con gli organismi specializzati nella realizzazione dei programmi di ricerca applicata nei settori dell&#8217;apicoltura e dei prodotti dell&#8217;apicoltura; miglioramento della qualit\u00e0 dei prodotti per una loro maggiore valorizzazione sul mercato. A gestire le domande di contributo e l\u2019erogazione dei fondi \u00e8 Avepa, l\u2019organismo per i pagamenti in agricoltura. Il bando va a finanziare spese effettuate\u00a0entro\u00a0 il 31 luglio 2020.<\/p>\n<p>&nbsp;<\/p>\n<p>&nbsp;<\/p>\n<p>&nbsp;<\/p>\n<p>&nbsp;<\/p>\n<p>&nbsp;<\/p>\n<h3>LAVORO, IN VENETO I POSTI CI SONO, MA MANCANO I LAVORATORI. QUALIFICHE DIFFICILI DA TROVARE PER UNA ASSUNZIONE SU TRE.<\/h3>\n<p><strong><a class=\"dt-pswp-item\" href=\"http:\/\/www.radiopiu.net\/wordpress\/wp-content\/uploads\/2015\/11\/lavoro-di-squadra-in-elevazione.jpg\" data-dt-img-description=\"\" data-large_image_width=\"1280\" data-large_image_height=\"959\"><img loading=\"lazy\" decoding=\"async\" class=\" wp-image-12903 alignleft\" src=\"http:\/\/www.radiopiu.net\/wordpress\/wp-content\/uploads\/2015\/11\/lavoro-di-squadra-in-elevazione-300x225.jpg\" alt=\"\" width=\"199\" height=\"149\" \/><\/a>VENEZIA\u00a0<\/strong> Sono le imprese del Nordest quelle che incontrano maggiori difficolt\u00e0 nel reclutamento del personale. Il Veneto \u00e8 tra le regioni italiane in cui il mancato incontro tra le esigenze occupazionali delle imprese e le caratteristiche dei lavoratori disponibili impatta maggiormente sul mercato del lavoro. Il mismatch \u00e8 un fenomeno in crescita, dovuto all\u2019effetto concomitante di diversi fattori: una congiuntura economica positiva, una piena occupazione che riduce la platea dei candidati che spesso sono i pi\u00f9 fragili , una crescita che incentiva la ricerca di competenze specialistiche, l\u2019invecchiamento della popolazione lavorativa che porta con s\u00e9 un problema sempre pi\u00f9 diffuso di obsolescenza delle competenze, l\u2019avanzamento tecnologico in molti settori e mestieri tradizionali e, non ultimo, un sistema di Servizi per il lavoro ancora non adeguato a fornire risposte efficaci ai disoccupati e alle persone in cerca di lavoro. Sono le principali evidenze messe in luce dal report a cura di ClicLavoro Veneto e Veneto Lavoro sul tema della mancata corrispondenza tra domanda e offerta nel mercato del lavoro e dei fattori che lo alimentano. Per ulteriori approfondimenti \u00e8 possibile consultare il report \u201cAppunti sul mismatch nel mercato del lavoro\u201d, disponibile nella sezione Studi e Ricerche del sito di ClicLavoro Veneto www.cliclavoroveneto.it.<\/p>\n<h3><span style=\"color: #ff0000;\">E A PROPOSITO DEL MANIFATTURIERO IN PROVINCIA, IERI ALLA RADIO&#8230;. DAMIANO TORMEN<\/span><\/h3>\n<audio class=\"wp-audio-shortcode\" id=\"audio-94824-11\" preload=\"none\" style=\"width: 100%;\" controls=\"controls\"><source type=\"audio\/mpeg\" src=\"http:\/\/www.radiopiu.net\/wordpress\/wp-content\/uploads\/2019\/08\/DAMIANO-MANI.mp3?_=11\" \/><a href=\"http:\/\/www.radiopiu.net\/wordpress\/wp-content\/uploads\/2019\/08\/DAMIANO-MANI.mp3\">http:\/\/www.radiopiu.net\/wordpress\/wp-content\/uploads\/2019\/08\/DAMIANO-MANI.mp3<\/a><\/audio>\n<p>&nbsp;<\/p>\n<p>&nbsp;<\/p>\n<p>&nbsp;<\/p>\n<h3>TRE MESI DI PASSIONE SULLE STRADE PER PONTE NELLE ALPI, IL CADORE E LA PIANURA<\/h3>\n<blockquote class=\"wp-embedded-content\" data-secret=\"EBX0dv7MWe\"><p><a href=\"http:\/\/www.radiopiu.net\/wordpress\/chiusura-del-ponte-di-santa-caterina-piano-di-gestione-del-traffico\/\">\u201cCHIUSURA DEL PONTE DI SANTA CATERINA &#8211; PIANO DI GESTIONE DEL TRAFFICO\u201d\u00a0<\/a><\/p><\/blockquote>\n<p><iframe loading=\"lazy\" title=\"&#8220;\u201cCHIUSURA DEL PONTE DI SANTA CATERINA &#8211; PIANO DI GESTIONE DEL TRAFFICO\u201d\u00a0&#8221; &#8212; Radio Pi\u00f9\" class=\"wp-embedded-content\" sandbox=\"allow-scripts\" security=\"restricted\" style=\"position: absolute; clip: rect(1px, 1px, 1px, 1px);\" src=\"http:\/\/www.radiopiu.net\/wordpress\/chiusura-del-ponte-di-santa-caterina-piano-di-gestione-del-traffico\/embed\/#?secret=EBX0dv7MWe\" data-secret=\"EBX0dv7MWe\" width=\"600\" height=\"338\" frameborder=\"0\" marginwidth=\"0\" marginheight=\"0\" scrolling=\"no\"><\/iframe><\/p>\n<p><strong>DAL GIORNALE RADIO DI IERI, VOCE CLAUDIA CATTADORI<\/strong><\/p>\n<audio class=\"wp-audio-shortcode\" id=\"audio-94824-12\" preload=\"none\" style=\"width: 100%;\" controls=\"controls\"><source type=\"audio\/mpeg\" src=\"http:\/\/www.radiopiu.net\/wordpress\/wp-content\/uploads\/2019\/08\/CLAUDIA-CHIUSRA-1.mp3?_=12\" \/><a href=\"http:\/\/www.radiopiu.net\/wordpress\/wp-content\/uploads\/2019\/08\/CLAUDIA-CHIUSRA-1.mp3\">http:\/\/www.radiopiu.net\/wordpress\/wp-content\/uploads\/2019\/08\/CLAUDIA-CHIUSRA-1.mp3<\/a><\/audio>\n<audio class=\"wp-audio-shortcode\" id=\"audio-94824-13\" preload=\"none\" style=\"width: 100%;\" controls=\"controls\"><source type=\"audio\/mpeg\" src=\"http:\/\/www.radiopiu.net\/wordpress\/wp-content\/uploads\/2019\/08\/CLAUDIA-CHIUSURA-2.mp3?_=13\" \/><a href=\"http:\/\/www.radiopiu.net\/wordpress\/wp-content\/uploads\/2019\/08\/CLAUDIA-CHIUSURA-2.mp3\">http:\/\/www.radiopiu.net\/wordpress\/wp-content\/uploads\/2019\/08\/CLAUDIA-CHIUSURA-2.mp3<\/a><\/audio>\n<audio class=\"wp-audio-shortcode\" id=\"audio-94824-14\" preload=\"none\" style=\"width: 100%;\" controls=\"controls\"><source type=\"audio\/mpeg\" src=\"http:\/\/www.radiopiu.net\/wordpress\/wp-content\/uploads\/2019\/08\/CLAUDIA-CHISURA-MASSARO.mp3?_=14\" \/><a href=\"http:\/\/www.radiopiu.net\/wordpress\/wp-content\/uploads\/2019\/08\/CLAUDIA-CHISURA-MASSARO.mp3\">http:\/\/www.radiopiu.net\/wordpress\/wp-content\/uploads\/2019\/08\/CLAUDIA-CHISURA-MASSARO.mp3<\/a><\/audio>\n<h2><\/h2>\n<p>&nbsp;<\/p>\n<p>&nbsp;<\/p>\n<p><strong>CHIUSURA DEL PONTE DI SANTA CATERINA \u2013 ANCHE CONFINDUSTRIA BELLUNO DOLOMITI SI MOBILITA\u00a0<\/strong><\/p>\n<p><strong>BELLUNO <\/strong><em>\u00a0\u00ab\u00c8 una partita che seguiremo giorno per giorno per conto dei nostri associati. Per il supporto alle aziende abbiamo messo a disposizione la nostra Area risorse umane e relazioni industriali\u00bb,<\/em> afferma la presidente Lorraine Berton, che si augura tempi certi. <em>\u00abSiamo a disposizione anche a studiare con le aziende eventuali soluzioni che dovessero rendersi utili nel caso in cui la situazione si riveli pi\u00f9 complicata del previsto in modo da evitare i picchi di traffico\u00bb,<\/em> sottolinea Berton <em>&#8220;Ci attendono mesi di passione e noi siamo pronti a pazientare ancora una volta e fare la nostra parte, ma vogliamo vedere che i cantieri per una viabilit\u00e0 nuova ed efficiente vanno avanti e che il piano Marshall, auspicato dallo stesso governatore Zaia per le Olimpiadi (e che non possiamo non condividere), cominci ad attuarsi. Questa provincia non pu\u00f2 dipendere da un ponte del 1921. Non lo meritano i bellunesi, non lo meritano le aziende bellunesi che \u2013 nonostante una viabilit\u00e0 indecente \u2013 riescono ancora a essere competitive, non lo merita il nostro turismo\u00bb<\/em><\/p>\n<h2><\/h2>\n<h2><\/h2>\n<h2><\/h2>\n<h2>MENO PLASTICA A BELLUNO, GLI OBBIETTIVI DEGLI UFFICI COMUNALI<\/h2>\n<p><strong><a class=\"dt-pswp-item\" href=\"http:\/\/www.radiopiu.net\/wordpress\/wp-content\/uploads\/2018\/08\/Stefania-Ganz-1.jpg\" data-dt-img-description=\"\" data-large_image_width=\"240\" data-large_image_height=\"320\"><img loading=\"lazy\" decoding=\"async\" class=\" wp-image-56459 alignleft\" src=\"http:\/\/www.radiopiu.net\/wordpress\/wp-content\/uploads\/2018\/08\/Stefania-Ganz-1-225x300.jpg\" alt=\"\" width=\"121\" height=\"161\" srcset=\"https:\/\/www.radiopiu.net\/wordpress\/wp-content\/uploads\/2018\/08\/Stefania-Ganz-1-225x300.jpg 225w, https:\/\/www.radiopiu.net\/wordpress\/wp-content\/uploads\/2018\/08\/Stefania-Ganz-1.jpg 240w\" sizes=\"auto, (max-width: 121px) 100vw, 121px\" \/><\/a>BELLUNO<\/strong>\u00a0 \u00c8 stata approvata nel consiglio comunale del 26 luglio scorso la mozione \u201cBelluno libera dalla plastica\u201d, che impegna Sindaco e Giunta ad attuare diverse iniziative per ridurre l&#8217;utilizzo della plastica monouso. Gli obbiettivi a breve scadenza:\u00a0 sensibilizzare e invitare gli eventi sul territorio e i locali pubblici alla somministrazione di cibi e bevande con piatti, bicchieri e posate biodegradabili e compostabili o, preferibilmente, lavabili e riutilizzabili;<br \/>\ncomunque a svolgere correttamente la raccolta differenziata dei rifiuti prodotti; introdurre negli uffici comunali l&#8217;utilizzo esclusivo di posate piatti, bicchieri, bottiglie e sacchetti tradizionali in materiale biodegradabile e compostabile (o, preferibilmente, piatti, posate e bicchieri lavabili e riutilizzabili), con conseguente divieto assoluto di utilizzo di plastica usa e getta; promuovere l&#8217;uso delle fontanelle e dei distributori di acqua pubblici al fine di ridurre l&#8217;uso di bottiglie di plastica.<\/p>\n<p><strong>L&#8217;ASSESSORE ALLE POLITICHE AMBIENTALI STEFANIA GANZ<\/strong><\/p>\n<audio class=\"wp-audio-shortcode\" id=\"audio-94824-15\" preload=\"none\" style=\"width: 100%;\" controls=\"controls\"><source type=\"audio\/mpeg\" src=\"http:\/\/www.radiopiu.net\/wordpress\/wp-content\/uploads\/2019\/08\/Ganz-Belluno-Libera-dalla-plastica.mp3?_=15\" \/><a href=\"http:\/\/www.radiopiu.net\/wordpress\/wp-content\/uploads\/2019\/08\/Ganz-Belluno-Libera-dalla-plastica.mp3\">http:\/\/www.radiopiu.net\/wordpress\/wp-content\/uploads\/2019\/08\/Ganz-Belluno-Libera-dalla-plastica.mp3<\/a><\/audio>\n<p>&nbsp;<\/p>\n<p>&nbsp;<\/p>\n<p>&nbsp;<\/p>\n<h2>ASSEMBLEA D&#8217;ESTATE CON GLI AMICI DEL NEVEGAL. DOMANDE E &#8230; RISPOSTE?<\/h2>\n<p><strong>BELLUNO<\/strong> A carte scoperte, non \u00e8 pi\u00f9 tempo di giocare. Aiuti e aiutini potrebbero servire per lo sviluppo del Nevegal, oggi appuntamento con il futuro alle 18 al Centro Le Torri. (foto, alpedelnevegal.it)<a class=\"dt-pswp-item\" href=\"http:\/\/www.radiopiu.net\/wordpress\/wp-content\/uploads\/2019\/08\/alpe-del-nevegal-seggiovia-1600x625.jpg\" data-dt-img-description=\"\" data-large_image_width=\"1600\" data-large_image_height=\"625\"><img loading=\"lazy\" decoding=\"async\" class=\"size-medium wp-image-94965 alignleft\" src=\"http:\/\/www.radiopiu.net\/wordpress\/wp-content\/uploads\/2019\/08\/alpe-del-nevegal-seggiovia-1600x625-300x117.jpg\" alt=\"\" width=\"300\" height=\"117\" srcset=\"https:\/\/www.radiopiu.net\/wordpress\/wp-content\/uploads\/2019\/08\/alpe-del-nevegal-seggiovia-1600x625-300x117.jpg 300w, https:\/\/www.radiopiu.net\/wordpress\/wp-content\/uploads\/2019\/08\/alpe-del-nevegal-seggiovia-1600x625-768x300.jpg 768w, https:\/\/www.radiopiu.net\/wordpress\/wp-content\/uploads\/2019\/08\/alpe-del-nevegal-seggiovia-1600x625-1024x400.jpg 1024w, https:\/\/www.radiopiu.net\/wordpress\/wp-content\/uploads\/2019\/08\/alpe-del-nevegal-seggiovia-1600x625.jpg 1600w\" sizes=\"auto, (max-width: 300px) 100vw, 300px\" \/><\/a><\/p>\n<p><strong>di DAMIANO TORMEN<\/strong><\/p>\n<audio class=\"wp-audio-shortcode\" id=\"audio-94824-16\" preload=\"none\" style=\"width: 100%;\" controls=\"controls\"><source type=\"audio\/mpeg\" src=\"http:\/\/www.radiopiu.net\/wordpress\/wp-content\/uploads\/2019\/08\/damiano-1.mp3?_=16\" \/><a href=\"http:\/\/www.radiopiu.net\/wordpress\/wp-content\/uploads\/2019\/08\/damiano-1.mp3\">http:\/\/www.radiopiu.net\/wordpress\/wp-content\/uploads\/2019\/08\/damiano-1.mp3<\/a><\/audio>\n<p>&nbsp;<\/p>\n<p>&nbsp;<\/p>\n<p>&nbsp;<\/p>\n<p>&nbsp;<\/p>\n<h2>PERCORRIBILE LA VIA CRUCIS A CANALE D&#8217;AGORDO, PLAUSO A COMUNE, PROLOCO E VOLONTARI<\/h2>\n<p><strong>CANALE D&#8217;AGORDO<\/strong> Sono terminati i lavori di sistemazione della Via Crucis Papa Luciani a Canale d&#8217; Agordo, regolarmente aperta ed agibile. Il fondo della bellissima passeggiata da Piazza Papa Luciani attraverso la via Cavallera \u00e8 stato considerevolmente danneggiato dagli eventi alluvionali di fine ottobre, ma ora \u00e8 nuovamente spianato.\u00a0 L&#8217;ultima stazione della via Crucis, opera del rinomato scultore Franco Murer, a rischio perch\u00e9 pericolante a seguito della tempesta, \u00e8 stata posizionata in maggior sicurezza nei pressi del vecchio campo sportivo. L&#8217;opera di ripristino del sentiero di natura e spiritualit\u00e0 \u00e8 stato possibile grazie alla collaborazione tra Comune e Pro Loco di Canale d&#8217; Agordo, nonch\u00e9 al generoso contributo dell&#8217;Associazione Pro Loco di Meolo (VE), i cui membri avevano visitato il paese di Canale d&#8217; Agordoa primavera e, colpiti dagli ingenti danni ai percorsi, hanno voluto dare un aiuto concreto per la rinascita.<\/p>\n<p><a class=\"dt-pswp-item\" href=\"http:\/\/www.radiopiu.net\/wordpress\/wp-content\/uploads\/2019\/08\/2.jpg\" data-dt-img-description=\"\" data-large_image_width=\"450\" data-large_image_height=\"600\"><img loading=\"lazy\" decoding=\"async\" class=\"alignnone size-medium wp-image-94851\" src=\"http:\/\/www.radiopiu.net\/wordpress\/wp-content\/uploads\/2019\/08\/2-225x300.jpg\" alt=\"\" width=\"225\" height=\"300\" srcset=\"https:\/\/www.radiopiu.net\/wordpress\/wp-content\/uploads\/2019\/08\/2-225x300.jpg 225w, https:\/\/www.radiopiu.net\/wordpress\/wp-content\/uploads\/2019\/08\/2.jpg 450w\" sizes=\"auto, (max-width: 225px) 100vw, 225px\" \/><\/a><a class=\"dt-pswp-item\" href=\"http:\/\/www.radiopiu.net\/wordpress\/wp-content\/uploads\/2019\/08\/9.jpg\" data-dt-img-description=\"\" data-large_image_width=\"450\" data-large_image_height=\"600\"><img loading=\"lazy\" decoding=\"async\" class=\"alignnone size-medium wp-image-94852\" src=\"http:\/\/www.radiopiu.net\/wordpress\/wp-content\/uploads\/2019\/08\/9-225x300.jpg\" alt=\"\" width=\"225\" height=\"300\" srcset=\"https:\/\/www.radiopiu.net\/wordpress\/wp-content\/uploads\/2019\/08\/9-225x300.jpg 225w, https:\/\/www.radiopiu.net\/wordpress\/wp-content\/uploads\/2019\/08\/9.jpg 450w\" sizes=\"auto, (max-width: 225px) 100vw, 225px\" \/><\/a><a class=\"dt-pswp-item\" href=\"http:\/\/www.radiopiu.net\/wordpress\/wp-content\/uploads\/2019\/08\/12.jpg\" data-dt-img-description=\"\" data-large_image_width=\"450\" data-large_image_height=\"600\"><img loading=\"lazy\" decoding=\"async\" class=\"alignnone size-medium wp-image-94853\" src=\"http:\/\/www.radiopiu.net\/wordpress\/wp-content\/uploads\/2019\/08\/12-225x300.jpg\" alt=\"\" width=\"225\" height=\"300\" srcset=\"https:\/\/www.radiopiu.net\/wordpress\/wp-content\/uploads\/2019\/08\/12-225x300.jpg 225w, https:\/\/www.radiopiu.net\/wordpress\/wp-content\/uploads\/2019\/08\/12.jpg 450w\" sizes=\"auto, (max-width: 225px) 100vw, 225px\" \/><\/a><a class=\"dt-pswp-item\" href=\"http:\/\/www.radiopiu.net\/wordpress\/wp-content\/uploads\/2019\/08\/15.jpg\" data-dt-img-description=\"\" data-large_image_width=\"450\" data-large_image_height=\"600\"><img loading=\"lazy\" decoding=\"async\" class=\"alignnone size-medium wp-image-94854\" src=\"http:\/\/www.radiopiu.net\/wordpress\/wp-content\/uploads\/2019\/08\/15-225x300.jpg\" alt=\"\" width=\"225\" height=\"300\" srcset=\"https:\/\/www.radiopiu.net\/wordpress\/wp-content\/uploads\/2019\/08\/15-225x300.jpg 225w, https:\/\/www.radiopiu.net\/wordpress\/wp-content\/uploads\/2019\/08\/15.jpg 450w\" sizes=\"auto, (max-width: 225px) 100vw, 225px\" \/><\/a><a class=\"dt-pswp-item\" href=\"http:\/\/www.radiopiu.net\/wordpress\/wp-content\/uploads\/2019\/08\/7.jpg\" data-dt-img-description=\"\" data-large_image_width=\"450\" data-large_image_height=\"600\"><img loading=\"lazy\" decoding=\"async\" class=\"alignnone size-medium wp-image-94855\" src=\"http:\/\/www.radiopiu.net\/wordpress\/wp-content\/uploads\/2019\/08\/7-225x300.jpg\" alt=\"\" width=\"225\" height=\"300\" srcset=\"https:\/\/www.radiopiu.net\/wordpress\/wp-content\/uploads\/2019\/08\/7-225x300.jpg 225w, https:\/\/www.radiopiu.net\/wordpress\/wp-content\/uploads\/2019\/08\/7.jpg 450w\" sizes=\"auto, (max-width: 225px) 100vw, 225px\" \/><\/a><\/p>\n<p>&nbsp;<\/p>\n<p>&nbsp;<\/p>\n<p>&nbsp;<\/p>\n<p>&nbsp;<\/p>\n<h1 style=\"text-align: center;\"><em>LE DIRETTE DI RADIO PIU, IL SALUTO DI DON MARIO ZANON\u00a0<\/em><\/h1>\n<p><strong>TAIBON<\/strong> Ieri sera festa sulla via per il forte, cibo da strada, giochi per bambini, tanto divertimento. Lo documentano le immagini di Marco Gaz<\/p>\n<div id=\"fb-root\"><\/div>\n<p><script async=\"1\" defer=\"1\" crossorigin=\"anonymous\" src=\"https:\/\/connect.facebook.net\/it_IT\/sdk.js#xfbml=1&amp;version=v6.0\"><\/script><\/p>\n<div class=\"fb-video\" data-href=\"https:\/\/www.facebook.com\/marcobaghy\/videos\/10219663212314886\/\" data-width=\"1200\">\n<blockquote cite=\"https:\/\/www.facebook.com\/marcobaghy\/videos\/10219663212314886\/\" class=\"fb-xfbml-parse-ignore\"><p><a href=\"https:\/\/www.facebook.com\/marcobaghy\/videos\/10219663212314886\/\"><\/a><\/p>\n<p>Pubblicato da <a href=\"https:\/\/www.facebook.com\/marcobaghy\">Marco Gaz<\/a> su Gioved\u00ec 8 agosto 2019<\/p><\/blockquote>\n<\/div>\n<p>&nbsp;<\/p>\n<p>&nbsp;<\/p>\n<blockquote>\n<h2 style=\"text-align: center;\">ASSOCIAZIONE DANZA AGORDINA, 23ESIMA EDIZIONE AGORDO DANZA L&#8217;ESTATE<\/h2>\n<h2 style=\"text-align: center;\"><span style=\"color: #ff0000;\">IL FINALE<\/span><\/h2>\n<p>https:\/\/www.facebook.com\/mirko.mezzacasa\/videos\/10220440383146473\/<\/p><\/blockquote>\n<h3><\/h3>\n<h3><\/h3>\n<blockquote>\n<h3><\/h3>\n<\/blockquote>\n<h3>ENNIO VIGNE PRESIDENTE DEL PARCO DELLE DOLOMITI BELLUNESI: LE CONGRATULAZIONI E GLI AUGURI DI UNCEM<\/h3>\n<p><a class=\"dt-pswp-item\" href=\"http:\/\/www.radiopiu.net\/wordpress\/wp-content\/uploads\/2018\/12\/argentera_ferrere-3.jpg\" data-dt-img-description=\"\" data-large_image_width=\"865\" data-large_image_height=\"330\"><img loading=\"lazy\" decoding=\"async\" class=\"alignnone wp-image-71005 size-full\" src=\"http:\/\/www.radiopiu.net\/wordpress\/wp-content\/uploads\/2018\/12\/argentera_ferrere-3.jpg\" alt=\"\" width=\"865\" height=\"330\" srcset=\"https:\/\/www.radiopiu.net\/wordpress\/wp-content\/uploads\/2018\/12\/argentera_ferrere-3.jpg 865w, https:\/\/www.radiopiu.net\/wordpress\/wp-content\/uploads\/2018\/12\/argentera_ferrere-3-300x114.jpg 300w, https:\/\/www.radiopiu.net\/wordpress\/wp-content\/uploads\/2018\/12\/argentera_ferrere-3-768x293.jpg 768w\" sizes=\"auto, (max-width: 865px) 100vw, 865px\" \/><\/a>Uncem accoglie positivamente la nomina di Ennio Vigne, Presidente di Uncem Veneto, a Presidente del Parco nazionale delle Dolomiti Bellunesi.\u00a0 Secondo l&#8217;Uncem un amministratore locale e un politico esperto, che conosce bene le esigenze del territorio. Una scelta che dunque attua di fatto quanto era stato previsto. Uncem &#8211; con il Presidente Bussone, la Giunta e il Consiglio nazionale &#8211; si unisce alle congratulazioni del Presidente della Regione Veneto Zaia e fa gli auguri di buon lavoro al Presidente Vigne.<\/p>\n<p>&nbsp;<\/p>\n<h2><span style=\"color: #ff0000;\">LA LETTERA<\/span><\/h2>\n<p><strong>Franco Piacentini_Auser Feltre<\/strong><\/p>\n<h3>Finalmente la nomina del nuovo Presidente al Parco Nazionale delle Dolomiti Bellunesi.<\/h3>\n<blockquote><p><em> <a class=\"dt-pswp-item\" href=\"http:\/\/www.radiopiu.net\/wordpress\/wp-content\/uploads\/2019\/08\/download-3.jpg\" data-dt-img-description=\"\" data-large_image_width=\"155\" data-large_image_height=\"231\"><img loading=\"lazy\" decoding=\"async\" class=\"size-full wp-image-94866 alignright\" src=\"http:\/\/www.radiopiu.net\/wordpress\/wp-content\/uploads\/2019\/08\/download-3.jpg\" alt=\"\" width=\"155\" height=\"231\" \/><\/a>Finalmente la buona (molto auspicata) notizia della nomina, dopo oltre quattro anni di attesa, del nuovo Presidente del Parco Nazionale delle Dolomiti Bellunesi. Questo atto ministeriale di nomina, non \u00e8 una formalit\u00e0 burocratica per coprire un posto vacante, se fosse cos\u00ec sarebbe deludente per l&#8217;interessato e privo di significato per le prospettive ambientali del parco. Il Presidente, affiancato dai suoi collaboratori: direttore e personale amministrativo e forestale, ha compiti e responsabilit\u00e0 di &#8220;governo&#8221; per la valorizzazione, la salvaguardia, lo studio, la ricerca e per la corretta frequentazione di una tra le pi\u00f9 incantevoli Terre alte del mondo: le Dolomiti Bellunesi. Il &#8220;governo&#8221; di un parco (conoscendolo, auspico che anche quello regionale dei Colli Euganei possa urgentemente avere un proprio assetto di effettivo &#8220;governo&#8221;) \u00e8 fondamentale non solo per la quotidiana gestione di un grande patrimonio naturalistico, ma anche per l&#8217;equilibrata e attenta programmazione delle attivit\u00e0 dentro e fuori il parco. Sottolineo anche fuori, perch\u00e9 non \u00e8 pensabile (non sarebbe accettabile) se nelle vicinanze dell&#8217;area parco, tutelata e vigilata, qualcuno pensasse di inquinare e\/o urbanizzare selvaggiamente. Per scongiurare danni all&#8217;ambiente circostante il parco e per responsabilizzare le amministrazioni locali, le rappresentanze associative, le associazioni imprenditoriali, le confederazioni Cgil Cisl Uil, sul valore inestimabile delle Dolomiti Bellunesi, il nuovo Presidente (il mio \u00e8 solo un suggerimento) dovrebbe formalizzare un &#8220;tavolo permanente di costruttivo confronto e concertazione&#8221; per focalizzare convergenti proposte, finalizzate ad orientare le straordinarie opportunit\u00e0 del parco: lavoro; occupazione; produttivit\u00e0; economia; cultura; tempo libero; sport. Ovviamente il tutto nel rispetto ambientale e in un contesto di forte equilibrio tra i vari interessi in campo. Per contribuire a valorizzare e a salvaguardare le Dolomiti Bellunesi (patrimonio UNESCO) sarebbe importante (un&#8217;ottima opportunit\u00e0) il coinvolgimento (anche) del Volontariato e della Promozione Sociale, sottoscrivendo delle convezioni di collaborazione e di sussidiariet\u00e0, anche di supporto agli eventi sportivi mondiali che si svolgeranno nelle Terre alte Bellunesi: mondiali di sci 2021; mondiali di canoa 2023; olimpiadi invernali 2026. Al nuovo Presidente Ennio Vigne, ai suoi collaboratori e al personale del Parco Nazionale Dolomiti Bellunesi, un forte augurio di buon lavoro.<\/em><\/p><\/blockquote>\n<p>&nbsp;<\/p>\n<p>&nbsp;<\/p>\n<p>&nbsp;<\/p>\n<h1><a class=\"dt-pswp-item\" href=\"http:\/\/www.radiopiu.net\/wordpress\/wp-content\/uploads\/2019\/08\/WhatsApp-Image-2019-08-08-at-21.34.49.jpeg\" data-dt-img-description=\"\" data-large_image_width=\"1143\" data-large_image_height=\"1600\"><img loading=\"lazy\" decoding=\"async\" class=\"size-medium wp-image-94954 alignleft\" src=\"http:\/\/www.radiopiu.net\/wordpress\/wp-content\/uploads\/2019\/08\/WhatsApp-Image-2019-08-08-at-21.34.49-214x300.jpeg\" alt=\"\" width=\"214\" height=\"300\" srcset=\"https:\/\/www.radiopiu.net\/wordpress\/wp-content\/uploads\/2019\/08\/WhatsApp-Image-2019-08-08-at-21.34.49-214x300.jpeg 214w, https:\/\/www.radiopiu.net\/wordpress\/wp-content\/uploads\/2019\/08\/WhatsApp-Image-2019-08-08-at-21.34.49-768x1075.jpeg 768w, https:\/\/www.radiopiu.net\/wordpress\/wp-content\/uploads\/2019\/08\/WhatsApp-Image-2019-08-08-at-21.34.49-732x1024.jpeg 732w, https:\/\/www.radiopiu.net\/wordpress\/wp-content\/uploads\/2019\/08\/WhatsApp-Image-2019-08-08-at-21.34.49.jpeg 1143w\" sizes=\"auto, (max-width: 214px) 100vw, 214px\" \/><\/a><\/h1>\n<h1><\/h1>\n<h1>A MAURIZIO, UNA SERATA TANTI RICORDI.<\/h1>\n<p>&nbsp;<\/p>\n<p>&nbsp;<\/p>\n<p>&nbsp;<\/p>\n<p>&nbsp;<\/p>\n<p>&nbsp;<\/p>\n<p>&nbsp;<\/p>\n<h2>DI ROBERTO BONA<\/h2>\n<audio class=\"wp-audio-shortcode\" id=\"audio-94824-17\" preload=\"none\" style=\"width: 100%;\" controls=\"controls\"><source type=\"audio\/mpeg\" src=\"http:\/\/www.radiopiu.net\/wordpress\/wp-content\/uploads\/2019\/08\/BONA-MAURIZIO.mp3?_=17\" \/><a href=\"http:\/\/www.radiopiu.net\/wordpress\/wp-content\/uploads\/2019\/08\/BONA-MAURIZIO.mp3\">http:\/\/www.radiopiu.net\/wordpress\/wp-content\/uploads\/2019\/08\/BONA-MAURIZIO.mp3<\/a><\/audio>\n<p>&nbsp;<\/p>\n<p>&nbsp;<\/p>\n<p>&nbsp;<\/p>\n<h1><span style=\"color: #ff0000;\">IERI LO SPECIALE<\/span><\/h1>\n<p><strong>di RENATO BONA\u00a0<\/strong><\/p>\n<blockquote class=\"wp-embedded-content\" data-secret=\"bfKHDY3D42\"><p><a href=\"http:\/\/www.radiopiu.net\/wordpress\/marcinelle-66-anni-fa-il-disastro-con-262-vittime-136-erano-italiani-di-renato-bona\/\">MARCINELLE: 63 ANNI FA IL DISASTRO CON 262 VITTIME (136 ERANO ITALIANI) di RENATO BONA<\/a><\/p><\/blockquote>\n<p><iframe loading=\"lazy\" title=\"&#8220;MARCINELLE: 63 ANNI FA IL DISASTRO CON 262 VITTIME (136 ERANO ITALIANI) di RENATO BONA&#8221; &#8212; Radio Pi\u00f9\" class=\"wp-embedded-content\" sandbox=\"allow-scripts\" security=\"restricted\" style=\"position: absolute; clip: rect(1px, 1px, 1px, 1px);\" src=\"http:\/\/www.radiopiu.net\/wordpress\/marcinelle-66-anni-fa-il-disastro-con-262-vittime-136-erano-italiani-di-renato-bona\/embed\/#?secret=bfKHDY3D42\" data-secret=\"bfKHDY3D42\" width=\"600\" height=\"338\" frameborder=\"0\" marginwidth=\"0\" marginheight=\"0\" scrolling=\"no\"><\/iframe><\/p>\n<p>&nbsp;<\/p>\n<p>&nbsp;<\/p>\n<div>\n<h3><a class=\"dt-pswp-item\" href=\"http:\/\/www.radiopiu.net\/wordpress\/wp-content\/uploads\/2018\/09\/appuntamenti.jpeg\" data-dt-img-description=\"\" data-large_image_width=\"800\" data-large_image_height=\"100\"><img loading=\"lazy\" decoding=\"async\" class=\"alignnone size-full wp-image-61958\" src=\"http:\/\/www.radiopiu.net\/wordpress\/wp-content\/uploads\/2018\/09\/appuntamenti.jpeg\" alt=\"\" width=\"800\" height=\"100\" srcset=\"https:\/\/www.radiopiu.net\/wordpress\/wp-content\/uploads\/2018\/09\/appuntamenti.jpeg 800w, https:\/\/www.radiopiu.net\/wordpress\/wp-content\/uploads\/2018\/09\/appuntamenti-300x38.jpeg 300w, https:\/\/www.radiopiu.net\/wordpress\/wp-content\/uploads\/2018\/09\/appuntamenti-768x96.jpeg 768w\" sizes=\"auto, (max-width: 800px) 100vw, 800px\" \/><\/a><\/h3>\n<\/div>\n<div><\/div>\n<div>\n<p>&nbsp;<\/p>\n<h2>IL RITORNO DI ALICE BETTOLO CON IL PESCE ROSSO<\/h2>\n<p><strong>TAIBON<\/strong> Era il 2016, tre anni fa quando Radio Pi\u00f9 propose una serie di puntate &#8220;IL DIARIO DEL PESCE ROSSO&#8221; con Alice Bettolo che in questi anni non si \u00e8 fermata, ci racconter\u00e0 nuovi aneddoti e avventure.\u00a0 Alle 9.05 e alle 18.05 con la nuova serie de &#8220;I DIARI DEL PESCE ROSSO&#8221;.<\/p>\n<p><strong><span style=\"color: #0000ff;\"><a style=\"color: #0000ff;\" href=\"https:\/\/www.facebook.com\/idiaridelpescerosso\/?fref=ts\">PAGINA FACEBOOK CLICCA QUI<\/a><\/span><\/strong><\/p>\n<\/div>\n<div><\/div>\n<div><\/div>\n<div>\n<h2>QUESTA SERA ALLA RADIO\u00a0 WOODSTOCK 50 ANNI DOPO con Claudio Pra<\/h2>\n<h2><span style=\"color: #ff0000;\">DALLE 21.30 A RADIO PIU&#8217; PER UN VENERDI DI RICORDI<\/span><\/h2>\n<p>trasmissione in programma alla radio sul ricordo di quell&#8217;indimenticabile raduno generazionale<\/p>\n<audio class=\"wp-audio-shortcode\" id=\"audio-94824-18\" preload=\"none\" style=\"width: 100%;\" controls=\"controls\"><source type=\"audio\/mpeg\" src=\"http:\/\/www.radiopiu.net\/wordpress\/wp-content\/uploads\/2019\/08\/claudio-promo-programma.mp3?_=18\" \/><a href=\"http:\/\/www.radiopiu.net\/wordpress\/wp-content\/uploads\/2019\/08\/claudio-promo-programma.mp3\">http:\/\/www.radiopiu.net\/wordpress\/wp-content\/uploads\/2019\/08\/claudio-promo-programma.mp3<\/a><\/audio>\n<p>&nbsp;<\/p>\n<\/div>\n<div><\/div>\n<div><\/div>\n<div>\n<p><span style=\"color: #ff0000;\"><strong><a class=\"dt-pswp-item\" href=\"http:\/\/www.radiopiu.net\/wordpress\/wp-content\/uploads\/2019\/07\/21231208_1428419980586085_1115215269049052745_n.jpg\" data-dt-img-description=\"\" data-large_image_width=\"661\" data-large_image_height=\"661\"><img loading=\"lazy\" decoding=\"async\" class=\" wp-image-90482 alignleft\" src=\"http:\/\/www.radiopiu.net\/wordpress\/wp-content\/uploads\/2019\/07\/21231208_1428419980586085_1115215269049052745_n-300x300.jpg\" alt=\"\" width=\"145\" height=\"145\" srcset=\"https:\/\/www.radiopiu.net\/wordpress\/wp-content\/uploads\/2019\/07\/21231208_1428419980586085_1115215269049052745_n-300x300.jpg 300w, https:\/\/www.radiopiu.net\/wordpress\/wp-content\/uploads\/2019\/07\/21231208_1428419980586085_1115215269049052745_n-150x150.jpg 150w, https:\/\/www.radiopiu.net\/wordpress\/wp-content\/uploads\/2019\/07\/21231208_1428419980586085_1115215269049052745_n.jpg 661w\" sizes=\"auto, (max-width: 145px) 100vw, 145px\" \/><\/a><\/strong><\/span><\/p>\n<p><span style=\"color: #ff0000;\"><strong>PER IL SECONDO ANNO, PER TUTTA L&#8217;ESTATE: LA &#8220;FABBRICA DELLE EMOZIONI&#8221;, ALLA RADIO IN COLLABORAZIONE CON <a class=\"profileLink\" style=\"color: #ff0000;\" href=\"https:\/\/www.facebook.com\/dersut.taibon\/?__tn__=K-R&amp;eid=ARAWHGS4pY7ErSAGuNNMHp-xra7d294ysugnpoUicWkeK9rjbvd86RDR3SHV57JuBTC7yrMP85kcC7oy&amp;fref=mentions&amp;__xts__%5B0%5D=68.ARA8kEGfdeZlMevmYpMAmAmJ7ziHM_3WogqE61anVHM5V-Ht7pYFd4NJRcEVlK7VIq__zFsG6G8vsxxKnVF1SBmpERHebECtYKNHrf4mG4C4wVmPxxn4uj_nmTIeZglrdIyUPa0dnE3usWWzci033oOnyRS5XDhoavIU-eTU85t_Wp6jFT0-ULRP932r4STxN16bdptt8cef\" data-hovercard=\"\/ajax\/hovercard\/page.php?id=904939246267497&amp;extragetparams=%7B%22__tn__%22%3A%22%2CdK-R-R%22%2C%22eid%22%3A%22ARAWHGS4pY7ErSAGuNNMHp-xra7d294ysugnpoUicWkeK9rjbvd86RDR3SHV57JuBTC7yrMP85kcC7oy%22%2C%22fref%22%3A%22mentions%22%7D\" data-hovercard-prefer-more-content-show=\"1\">Dersut Taibon<\/a>\u00a0EVENTI, APPUNTAMENTI, DIVERTIMENTI NELLA VALLATA AGORDINA. IN ONDA ALLA RADIO NEI NOTIZIARI E NEGLI APPROFONDIMENTI ALLA RADIO E SUL SITO\u00a0<a style=\"color: #ff0000;\" href=\"http:\/\/www.radiopiu.net\/?fbclid=IwAR3Zckh6EArPlP9el3_APl-CxxkfxeumpcmQ4v9HIwZohBUQuztQ4jOimzE\" target=\"_blank\" rel=\"noopener nofollow noreferrer\" data-ft=\"{&quot;tn&quot;:&quot;-U&quot;}\" data-lynx-mode=\"async\" data-lynx-uri=\"https:\/\/l.facebook.com\/l.php?u=http%3A%2F%2FWWW.RADIOPIU.NET%2F%3Ffbclid%3DIwAR3Zckh6EArPlP9el3_APl-CxxkfxeumpcmQ4v9HIwZohBUQuztQ4jOimzE&amp;h=AT3iK2sNf9WjhvLB7AaqYnWzUdWcBNNS_1cXI6UJ3eEvhP4Ym5v2vemsj9TpyM0_qzzb9gjT9sJhgm4I2ZXxgJSAlUfvNTaJwITPvOvqfAuTNdwnWON3ic-lvSbJXWzM3FVSvAgPffEqbH4dYL2TEG6D6xs5TZHrlhUGtTKMYKoPXpBJIF8ke0VZdFkl3YQ7tGdqat-r6rzvDTprheLIjQ7jKZPmLRbVLu1fIKQ2jHEQkMU8LzIZvt_s5FE3Fxl6fUw_HG6Kz2ygpE7qxE3yIyhlOk0wt55c_6ZWHfM2I0PFlpPFgNhCDJwFSVFieE73_LsmFyKeJSBqSnd9p7KBuOYgQAQepyVC8du7dtfKvd60oOKKb1xchMvMyu9mMRYGRKi2y8I7U2WlGyyKbcYHubfjzWI02WXZXcSE97K_yFCYyeqZ2T_hgQJ7vzHhfBlDLdaXxkE\">WWW.RADIOPIU.NET<\/a><\/strong><\/span><\/p>\n<\/div>\n<p>&nbsp;<\/p>\n<p>&nbsp;<\/p>\n<p>&nbsp;<\/p>\n<p>&nbsp;<\/p>\n<div id=\"articleContent\" class=\"mercuryWrapper\">\n<div class=\"mercuryScroller\">\n<div class=\"mercuryElement\">\n<div class=\"mercuryBox\">\n<div id=\"articlePlain\">\n<div class=\"articlePlainTitle\"><\/div>\n<div>\n<blockquote>\n<h1><span style=\"color: #0000ff;\"><em><strong>DOMANI A FALCADE<\/strong><\/em><\/span><\/h1>\n<h2>10 AGOSTO, AL BOSCO DEGLI ARTISTI LA GRANDE MUSICA<\/h2>\n<p>https:\/\/www.radiopiu.net\/wordpress\/10-agosto-al-bosco-degli-artisti-la-grande-musica\/<\/p><\/blockquote>\n<\/div>\n<\/div>\n<p>&nbsp;<\/p>\n<h2><span style=\"color: #ff0000;\">OGGI<\/span><\/h2>\n<p><strong>CALALZO<\/strong> Questa sera alle 20.45, presso la Sala &#8220;Norma Cossetto&#8221; di Calalzo di Cadore si terr\u00e0 la presentazione del libro &#8220;Falco I-REMS&#8221; alla presenza degli Katia Tormen e Fabio Bristot Rufus. A pochi giorni al decennale della tragedia di Rio Gere &#8211; Monte Cristallo (22 agosto 2009) oggetto e fulcro del libro, motivo in pi\u00f9 per capire cosa sua successo in quella tragica giornata.<\/p>\n<\/div>\n<\/div>\n<\/div>\n<\/div>\n<p><img loading=\"lazy\" decoding=\"async\" class=\"size-medium wp-image-94373 alignright\" src=\"http:\/\/www.radiopiu.net\/wordpress\/wp-content\/uploads\/2019\/08\/67950528_724971697923745_9160507609860538368_n-212x300.jpg\" alt=\"\" width=\"212\" height=\"300\" srcset=\"https:\/\/www.radiopiu.net\/wordpress\/wp-content\/uploads\/2019\/08\/67950528_724971697923745_9160507609860538368_n-212x300.jpg 212w, https:\/\/www.radiopiu.net\/wordpress\/wp-content\/uploads\/2019\/08\/67950528_724971697923745_9160507609860538368_n.jpg 677w\" sizes=\"auto, (max-width: 212px) 100vw, 212px\" \/><\/p>\n<p><strong>VOLTAGO<\/strong> Dopo Agordo ecco la presentazione del libro &#8220;Tu non sai&#8221; poesie e racconti di Cherubino Miana in casa dello stesso Miana in sala De Col. E&#8217; in programma per questa sera alle 20.<\/p>\n<p><strong>CAVIOLA\u00a0<\/strong> Questa sera\u00a0 alla Casa della giovent\u00f9 di Caviola &#8220;La musica dei sassi&#8221; con la pianista Silvia Tessari e il geologo Vittorio Fenti. Appuntamenti per le 20.45.<\/p>\n<p><strong>BELLUNO<\/strong> San Gualberto sotto le stelle. Questa sera\u00a0 alle 18.45 a Malga Faverghera concerto del Quartetto Barance, ai clarinetti Debora Ongaro, Anna Zanella, Alessandro Pasuch e Annika Baake. Il 16 agosto alle 18 nel giardino della chiesa di San Gualberto concerto d&#8217;arpa con Chiara Gasparotto. Ingresso libero.<\/p>\n<h2><span style=\"color: #ff0000;\">DOMANI<\/span><\/h2>\n<p><strong><a class=\"dt-pswp-item\" href=\"http:\/\/www.radiopiu.net\/wordpress\/wp-content\/uploads\/2019\/08\/WhatsApp-Image-2019-08-06-at-23.53.51.jpeg\" data-dt-img-description=\"\" data-large_image_width=\"1002\" data-large_image_height=\"1335\"><img loading=\"lazy\" decoding=\"async\" class=\"wp-image-94601 alignleft\" src=\"http:\/\/www.radiopiu.net\/wordpress\/wp-content\/uploads\/2019\/08\/WhatsApp-Image-2019-08-06-at-23.53.51-225x300.jpeg\" alt=\"\" width=\"192\" height=\"256\" srcset=\"https:\/\/www.radiopiu.net\/wordpress\/wp-content\/uploads\/2019\/08\/WhatsApp-Image-2019-08-06-at-23.53.51-225x300.jpeg 225w, https:\/\/www.radiopiu.net\/wordpress\/wp-content\/uploads\/2019\/08\/WhatsApp-Image-2019-08-06-at-23.53.51-768x1023.jpeg 768w, https:\/\/www.radiopiu.net\/wordpress\/wp-content\/uploads\/2019\/08\/WhatsApp-Image-2019-08-06-at-23.53.51-769x1024.jpeg 769w, https:\/\/www.radiopiu.net\/wordpress\/wp-content\/uploads\/2019\/08\/WhatsApp-Image-2019-08-06-at-23.53.51.jpeg 1002w\" sizes=\"auto, (max-width: 192px) 100vw, 192px\" \/><\/a><\/strong><\/p>\n<p><strong>GOSALDO<\/strong> Domani alle 21 nell&#8217;ex chiesa di San Giacomo a Gosaldo concerto per violino e pianoforte con musiche di Mozart, Beethoven e Franck, eseguite da due artiste di fama internazionale, la violinista originaria di Gosaldo, Myriam Dal Don, e la pianista Maria Grazia Bellocchio. L&#8217;evento \u00e8 organizzato da Comune di Gosaldo, As Gosaldo e Pro Loco, coadiuvata dagli Amici della Piazza.<\/p>\n<p><strong>FALCADE<\/strong> dalle 21 alle 2 al Bar Coop di Caviola &#8220;dai romani&#8230;&#8221; Music and drink in the street con i Djs Morgan e Bisso<\/p>\n<p><strong>SAN TOMASO<\/strong> Domani\u00a0 dalle 21 all&#8217;Arena 1082 di San Tomaso la festa estiva con Nuovi Traguardi. Serata gastronomica con spiedo gigante con la musica del gruppo 3 GOT DOWN. Evento organizzato dall&#8217;associazione presieduta dal dottor Graziano Pianezze per la lotta contro le malattie del sangue.<\/p>\n<p><strong>TAIBON <\/strong>Domani sera alle 21 in localit\u00e0 Campedel con i Castelani di Soccol, serata sui 50 anni dal primo &#8220;volo&#8221; sulla luna, con Claudio<a class=\"dt-pswp-item\" href=\"http:\/\/www.radiopiu.net\/wordpress\/wp-content\/uploads\/2019\/08\/67162921_711508022633583_9153317478124748800_o.jpg\" data-dt-img-description=\"\" data-large_image_width=\"977\" data-large_image_height=\"372\"><img loading=\"lazy\" decoding=\"async\" class=\"size-medium wp-image-94859 alignright\" src=\"http:\/\/www.radiopiu.net\/wordpress\/wp-content\/uploads\/2019\/08\/67162921_711508022633583_9153317478124748800_o-300x114.jpg\" alt=\"\" width=\"300\" height=\"114\" srcset=\"https:\/\/www.radiopiu.net\/wordpress\/wp-content\/uploads\/2019\/08\/67162921_711508022633583_9153317478124748800_o-300x114.jpg 300w, https:\/\/www.radiopiu.net\/wordpress\/wp-content\/uploads\/2019\/08\/67162921_711508022633583_9153317478124748800_o-768x292.jpg 768w, https:\/\/www.radiopiu.net\/wordpress\/wp-content\/uploads\/2019\/08\/67162921_711508022633583_9153317478124748800_o.jpg 977w\" sizes=\"auto, (max-width: 300px) 100vw, 300px\" \/><\/a> Pra, rinfresco al termine.<\/p>\n<p><strong>SOSPIROLO\u00a0<\/strong> \u00a0Domani si terr\u00e0\u00a0 la manifestazione \u201c100 anni fa la strada!\u201d, escursione animata con ricostruzioni storiche, personaggi del passato, letture, testimonianze.\u00a0 Il ritrovo \u00e8 alle 7.30 al ponte di Mis-Regolanova destinazione Pattine in California con pranzo rustico e balli d\u2019un tempo in compagnia del Gruppo Folk Ladin del P\u00f3i. Dalle 15 alle 17 la visita guidata alla cabina comandi e al coronamento della diga di Santa Giuliana in localit\u00e0 Pascoli<\/p>\n<p><strong>SAN GREGORIO NELLA ALPI<\/strong> Domani e domenica presso gli impianti sportivi festa per i 50 anni della proloco. Sabato alle 15 simposio di scultura, 20.30 presentazione del libro di Elena Cassol Munerol. Domenica 10 messa, 12.30 pranzo del 50esimo con animazione musicale.<\/p>\n<p><strong>CANALE D&#8217;AGORDO<\/strong> Domani e domenica\u00a0 agosto avr\u00e0 luogo la Festa del Cacciatore, in localit\u00e0 Laonei (accessibile da via Soia) a Canale d&#8217;Agordo. Messa, cucina tipica, gara di briscola, gara di tiro con la carabina, musica con i Silver Musich, lotteria.<\/p>\n<p><strong><a class=\"dt-pswp-item\" href=\"http:\/\/www.radiopiu.net\/wordpress\/wp-content\/uploads\/2019\/08\/WhatsApp-Image-2019-08-08-at-09.07.58.jpeg\" data-dt-img-description=\"\" data-large_image_width=\"1200\" data-large_image_height=\"1600\"><img loading=\"lazy\" decoding=\"async\" class=\"wp-image-94819 alignright\" src=\"http:\/\/www.radiopiu.net\/wordpress\/wp-content\/uploads\/2019\/08\/WhatsApp-Image-2019-08-08-at-09.07.58-225x300.jpeg\" alt=\"\" width=\"155\" height=\"207\" srcset=\"https:\/\/www.radiopiu.net\/wordpress\/wp-content\/uploads\/2019\/08\/WhatsApp-Image-2019-08-08-at-09.07.58-225x300.jpeg 225w, https:\/\/www.radiopiu.net\/wordpress\/wp-content\/uploads\/2019\/08\/WhatsApp-Image-2019-08-08-at-09.07.58-768x1024.jpeg 768w, https:\/\/www.radiopiu.net\/wordpress\/wp-content\/uploads\/2019\/08\/WhatsApp-Image-2019-08-08-at-09.07.58.jpeg 1200w\" sizes=\"auto, (max-width: 155px) 100vw, 155px\" \/><\/a>AGORDO CAI<\/strong> Domani e domenica escursione alla Cima Trappola, metri 1865, altopiano della Lessinia, terzo raduno delle sezioni Cai del Veneto.\u00a0 Domenica 11 agosto escursione a Cima Viezzena metro 2490 gruppo di Bocche. Informazioni al 380 6983040 dalle 16 alle 21, da oggi.<\/p>\n<h2><strong><a class=\"dt-pswp-item\" href=\"http:\/\/www.radiopiu.net\/wordpress\/wp-content\/uploads\/2019\/08\/68873773_2381454478733640_721950935504388096_n.jpg\" data-dt-img-description=\"\" data-large_image_width=\"678\" data-large_image_height=\"960\"><img loading=\"lazy\" decoding=\"async\" class=\"size-medium wp-image-94758 alignleft\" src=\"http:\/\/www.radiopiu.net\/wordpress\/wp-content\/uploads\/2019\/08\/68873773_2381454478733640_721950935504388096_n-212x300.jpg\" alt=\"\" width=\"212\" height=\"300\" srcset=\"https:\/\/www.radiopiu.net\/wordpress\/wp-content\/uploads\/2019\/08\/68873773_2381454478733640_721950935504388096_n-212x300.jpg 212w, https:\/\/www.radiopiu.net\/wordpress\/wp-content\/uploads\/2019\/08\/68873773_2381454478733640_721950935504388096_n.jpg 678w\" sizes=\"auto, (max-width: 212px) 100vw, 212px\" \/><\/a>Passeggiata nei boschi di Forcella Aurine<\/strong><\/h2>\n<p><strong>GOSALDO<\/strong> Per domenica un invito ad aderire alla Passeggiata nei boschi di Forcella Aurine. Il ritrovo sul piazzale centrale a Forcella Aurine,\u00a0 qualche chiacchiera, alcune spiegazioni ed informazioni sul luogo\u00a0 e sulle due famiglie che hanno contribuito a fare di questo piccolo valico che separa i comuni di Voltago e Gosaldo, un centro turistico dell&#8217;Agordino che ancora oggi ha delle potenzialit\u00e0, un certo interesse e un certo movimento turistico. La famiglia Bedont, da cui tutto\u00a0 \u00e8 partito\u00a0 ancora ai primi del 900, con la nascita del loro albergo Aurine, i cui discendenti ancora oggi sono fra pochi residenti e la famiglia De Dorigo, arrivata da Laste pi\u00f9 di 50 anni fa con l&#8217;idea di un\u00a0 importante sviluppo del turismo invernale che ha avuto il massimo del suo splendore negli anni 80.<\/p>\n<blockquote><p><strong>FINE SETTIMANA ALLEGHESE:<\/strong> <strong>Doman<\/strong>i\u00a0 EX TEMPORE DI SCULTURA SU LEGNO CON ARTISTI LOCALI Alleghe Piazza Kennedy pomeriggio e sera <strong>Domenica<\/strong>\u00a0 PIANOBAR CON OSCAR CAPRILE DALLE 17.00 e\u00a0 FESTA DELLA MONTAGNA A \u201cCASERA CIESAMATA<strong> Mercoledi 14<\/strong> agosto il giro del Lago di Alleghe (corsa podistica), <strong>Venerdi 16<\/strong> agosto concerto a Villa Paganini alle 17 con Les Magots, in serata concorso barche illuminate dalle 21 e fuochi sul lago dalle 23<\/p><\/blockquote>\n<h2><span style=\"color: #ff0000;\">DOMENICA\u00a0<\/span><\/h2>\n<p><strong><a class=\"dt-pswp-item\" href=\"http:\/\/www.radiopiu.net\/wordpress\/wp-content\/uploads\/2019\/08\/67661551_2490623971165493_464974675588415488_n.jpg\" data-dt-img-description=\"\" data-large_image_width=\"684\" data-large_image_height=\"960\"><img loading=\"lazy\" decoding=\"async\" class=\" wp-image-94838 alignright\" src=\"http:\/\/www.radiopiu.net\/wordpress\/wp-content\/uploads\/2019\/08\/67661551_2490623971165493_464974675588415488_n-214x300.jpg\" alt=\"\" width=\"133\" height=\"187\" srcset=\"https:\/\/www.radiopiu.net\/wordpress\/wp-content\/uploads\/2019\/08\/67661551_2490623971165493_464974675588415488_n-214x300.jpg 214w, https:\/\/www.radiopiu.net\/wordpress\/wp-content\/uploads\/2019\/08\/67661551_2490623971165493_464974675588415488_n.jpg 684w\" sizes=\"auto, (max-width: 133px) 100vw, 133px\" \/><\/a>RIVAMONTE\u00a0<\/strong> Domenica dalle 9 sulla piazza di Zenich &#8220;pagalosto&#8221;, spaghetti allo scoglio, frittura di calamari, musica e ballo con Wilmer<\/p>\n<p><strong>LA VALLE<\/strong> Domenica raduno alpino al Passo Duran, 44esimo anniversario inaugurazione delle chiesetta Messa, piatti tipici locali e musica.<\/p>\n<p><strong>AGORDO<\/strong> 30esima rassegna fossili e minerali, domenica dalla mattina al palazzetto dello sport di via Lungorova con ingresso libero<\/p>\n<p><strong>FALCADE<\/strong> Domenica alle 15 festa degli scoiattoli per tutti i bambini che abbiano gi\u00e0 compiuto i 5 anni. Abilit\u00e0, giochi, sport con la scuola Equipe. Iscrizioni 15 euro con nutella party.<\/p>\n<p><strong>SAN PIETRO DI CADORE<\/strong> &#8211; Il tema \u201cobiezione di coscienza civile\u201d trattato con chiarezza e semplicit\u00e0. \u00c8 l&#8217;obiettivo del docu-film di successo \u201cSignorNo! Obiezione di coscienza story\u201d firmato dal Laboratorio Inquadrati del Csv Belluno per la regia di Roberto Bristot ed Emanuele Bunetto. Il filmato figura tra le proposte culturali estive dell&#8217;Albergo diffuso Costauta e sar\u00e0 mostrato domenica 11 agosto nella Stua Cultural di Costalta alle 20.45.<\/p>\n<p>&nbsp;<\/p>\n<p>&nbsp;<\/p>\n<h2><span style=\"color: #ff0000;\">LA PROSSIMA SETTIMANA<\/span><\/h2>\n<p><a class=\"dt-pswp-item\" href=\"http:\/\/www.radiopiu.net\/wordpress\/wp-content\/uploads\/2019\/08\/68612328_10211574185349912_4022215999162941440_o.jpg\" data-dt-img-description=\"\" data-large_image_width=\"1130\" data-large_image_height=\"1599\"><img loading=\"lazy\" decoding=\"async\" class=\"wp-image-94857 alignleft\" src=\"http:\/\/www.radiopiu.net\/wordpress\/wp-content\/uploads\/2019\/08\/68612328_10211574185349912_4022215999162941440_o-212x300.jpg\" alt=\"\" width=\"148\" height=\"209\" srcset=\"https:\/\/www.radiopiu.net\/wordpress\/wp-content\/uploads\/2019\/08\/68612328_10211574185349912_4022215999162941440_o-212x300.jpg 212w, https:\/\/www.radiopiu.net\/wordpress\/wp-content\/uploads\/2019\/08\/68612328_10211574185349912_4022215999162941440_o-768x1087.jpg 768w, https:\/\/www.radiopiu.net\/wordpress\/wp-content\/uploads\/2019\/08\/68612328_10211574185349912_4022215999162941440_o-724x1024.jpg 724w, https:\/\/www.radiopiu.net\/wordpress\/wp-content\/uploads\/2019\/08\/68612328_10211574185349912_4022215999162941440_o.jpg 1130w\" sizes=\"auto, (max-width: 148px) 100vw, 148px\" \/><\/a><\/p>\n<p><strong>SAN TOMASO LUNEDI 12 AGOSTO ALLE ORE 20.30 A CELAT PIAZZA VEGIATRIONA FUOIA MUSICHE TRADIZIONALI DELLE DOLOMITI BELLUNESI.<br \/>\nIN CASO DI MALTEMPO PRESSO L ARENA 1082<\/strong><\/p>\n<p><strong>FALCADE<\/strong> Lunedi alle 21 alla Casa della Gioventu&#8217; di Caviola concerto con il Coro Val Biois, canti popolari e di montagna.<\/p>\n<p><strong><a class=\"dt-pswp-item\" href=\"http:\/\/www.radiopiu.net\/wordpress\/wp-content\/uploads\/2019\/08\/a8ec62b0-db63-4845-a459-cc6d1f7dd47d-1.jpg\" data-dt-img-description=\"\" data-large_image_width=\"750\" data-large_image_height=\"779\"><img loading=\"lazy\" decoding=\"async\" class=\" wp-image-94477 alignright\" src=\"http:\/\/www.radiopiu.net\/wordpress\/wp-content\/uploads\/2019\/08\/a8ec62b0-db63-4845-a459-cc6d1f7dd47d-1-289x300.jpg\" alt=\"\" width=\"160\" height=\"166\" srcset=\"https:\/\/www.radiopiu.net\/wordpress\/wp-content\/uploads\/2019\/08\/a8ec62b0-db63-4845-a459-cc6d1f7dd47d-1-289x300.jpg 289w, https:\/\/www.radiopiu.net\/wordpress\/wp-content\/uploads\/2019\/08\/a8ec62b0-db63-4845-a459-cc6d1f7dd47d-1.jpg 750w\" sizes=\"auto, (max-width: 160px) 100vw, 160px\" \/><\/a>LIVINALLONGO<\/strong> Martedi 13 agosto alle 17.30 in sala mostre dell&#8217;Ufficio Turistico di Arabba inaugurazione della personale di Nanni De Biasi &#8220;La Bellezza Rivelata&#8221;.<\/p>\n<p><strong>GOSALDO<\/strong> Martedi 13 agosto dalle 19 al tendone della Proloco gli amici della piazza presentano &#8220;a tutto gnocco&#8221; con specialit\u00e0 emiliane anche da asporto, immancabile il lambrusco e la musica.<\/p>\n<p><strong>ALLEGHE <\/strong>Mercoledi 14 agosto il giro del Lago di Alleghe (corsa podistica)<\/p>\n<p><strong>ALLEGHE <\/strong>Venerdi 16 agosto concerto a Villa Paganini alle 17 con Les Magots, in serata concorso barche illuminate dalle 21 e fuochi sul lago dalle 23<\/p>\n<p><strong>BELLUNO CAI<\/strong> La Commissione Escursionismo della Sezione del Cai di Belluno organizza per domenica 8 Settembre 2019, in occasione del 3\u00b0 Raduno delle sezioni Cai del Veneto, un\u2019escursione sull\u2019Altopiano della Lessinia.\u00a0 Il programma completo \u00e8 pubblicato sul sito della Sezione www.caibelluno.it.<\/p>\n<p>&nbsp;<\/p>\n<p>&nbsp;<\/p>\n<p>&nbsp;<\/p>\n<p>&nbsp;<\/p>\n<p>&nbsp;<\/p>\n<p><a class=\"dt-pswp-item\" href=\"http:\/\/www.radiopiu.net\/wordpress\/wp-content\/uploads\/2018\/09\/sport.jpg\" data-dt-img-description=\"\" data-large_image_width=\"800\" data-large_image_height=\"100\"><img loading=\"lazy\" decoding=\"async\" class=\"alignnone wp-image-60761 size-full\" src=\"http:\/\/www.radiopiu.net\/wordpress\/wp-content\/uploads\/2018\/09\/sport.jpg\" alt=\"\" width=\"800\" height=\"100\" srcset=\"https:\/\/www.radiopiu.net\/wordpress\/wp-content\/uploads\/2018\/09\/sport.jpg 800w, https:\/\/www.radiopiu.net\/wordpress\/wp-content\/uploads\/2018\/09\/sport-300x38.jpg 300w, https:\/\/www.radiopiu.net\/wordpress\/wp-content\/uploads\/2018\/09\/sport-768x96.jpg 768w\" sizes=\"auto, (max-width: 800px) 100vw, 800px\" \/><\/a><\/p>\n<p>&nbsp;<\/p>\n<h2>MEZZACASA IN SLOVENIA PER UN FINE SETTIMANA AD ALTA VELOCITA&#8217;&#8230; IN SALITA<\/h2>\n<p><strong><a class=\"dt-pswp-item\" href=\"http:\/\/www.radiopiu.net\/wordpress\/wp-content\/uploads\/2019\/07\/Alpe-DenisMezzacasa.jpeg\" data-dt-img-description=\"\" data-large_image_width=\"4032\" data-large_image_height=\"3024\"><img loading=\"lazy\" decoding=\"async\" class=\" wp-image-92439 alignleft\" src=\"http:\/\/www.radiopiu.net\/wordpress\/wp-content\/uploads\/2019\/07\/Alpe-DenisMezzacasa-300x225.jpeg\" alt=\"\" width=\"203\" height=\"152\" srcset=\"https:\/\/www.radiopiu.net\/wordpress\/wp-content\/uploads\/2019\/07\/Alpe-DenisMezzacasa-300x225.jpeg 300w, https:\/\/www.radiopiu.net\/wordpress\/wp-content\/uploads\/2019\/07\/Alpe-DenisMezzacasa-768x576.jpeg 768w, https:\/\/www.radiopiu.net\/wordpress\/wp-content\/uploads\/2019\/07\/Alpe-DenisMezzacasa-1024x768.jpeg 1024w\" sizes=\"auto, (max-width: 203px) 100vw, 203px\" \/><\/a>Da venerdi a domenica impegno in terra straniera per Denis Mezzacasa il forte pilota lavallese specializzato in velocit\u00e0 in salita.<\/strong><\/p>\n<p><strong>DI ROBERTO BONA<\/strong><\/p>\n<audio class=\"wp-audio-shortcode\" id=\"audio-94824-19\" preload=\"none\" style=\"width: 100%;\" controls=\"controls\"><source type=\"audio\/mpeg\" src=\"http:\/\/www.radiopiu.net\/wordpress\/wp-content\/uploads\/2019\/08\/bona.mp3?_=19\" \/><a href=\"http:\/\/www.radiopiu.net\/wordpress\/wp-content\/uploads\/2019\/08\/bona.mp3\">http:\/\/www.radiopiu.net\/wordpress\/wp-content\/uploads\/2019\/08\/bona.mp3<\/a><\/audio>\n<p>&nbsp;<\/p>\n<p>&nbsp;<\/p>\n<h2>IL GRANDE PARACADUTISMO TRA LE DOLOMITI<\/h2>\n<h3><a class=\"dt-pswp-item\" href=\"http:\/\/www.radiopiu.net\/wordpress\/wp-content\/uploads\/2018\/10\/1534-2018-paracadutista-con-bandiera.jpg\" data-dt-img-description=\"\" data-large_image_width=\"2048\" data-large_image_height=\"1152\"><img loading=\"lazy\" decoding=\"async\" class=\"alignleft wp-image-63690\" src=\"http:\/\/www.radiopiu.net\/wordpress\/wp-content\/uploads\/2018\/10\/1534-2018-paracadutista-con-bandiera-150x150.jpg\" alt=\"\" width=\"106\" height=\"106\" \/><\/a>LA DOLOMITI CUP ALL&#8217;AEROPORTO DI BELLUNO, 20 LE SQUADRE DA TUTTO IL MONDO.<\/h3>\n<p><strong>DI DAMIANO TORMEN<\/strong><\/p>\n<audio class=\"wp-audio-shortcode\" id=\"audio-94824-20\" preload=\"none\" style=\"width: 100%;\" controls=\"controls\"><source type=\"audio\/mpeg\" src=\"http:\/\/www.radiopiu.net\/wordpress\/wp-content\/uploads\/2019\/04\/DAMIANO-2.mp3?_=20\" \/><a href=\"http:\/\/www.radiopiu.net\/wordpress\/wp-content\/uploads\/2019\/04\/DAMIANO-2.mp3\">http:\/\/www.radiopiu.net\/wordpress\/wp-content\/uploads\/2019\/04\/DAMIANO-2.mp3<\/a><\/audio>\n<p>&nbsp;<\/p>\n<p>&nbsp;<\/p>\n<p>&nbsp;<\/p>\n<p>,<\/p>\n<blockquote><p><span style=\"font-family: verdana, sans-serif;\"><span style=\"color: #0000ff;\"><span lang=\"zxx\"><span style=\"color: #000000; font-size: large;\"><b>A Chies \u00e8 tempo di Alpago Sky Super 3<br \/>\n<\/b><\/span><\/span><\/span> <\/span><\/p><\/blockquote>\n<blockquote><p><span style=\"color: #0000ff;\"><span lang=\"zxx\"><span style=\"color: #000000;\"><span style=\"font-family: verdana, sans-serif;\"><a class=\"dt-pswp-item\" href=\"http:\/\/www.radiopiu.net\/wordpress\/wp-content\/uploads\/2019\/08\/alpago-sky-super-3-2013-SALITA-AL-VENAL.jpg\" data-dt-img-description=\"\" data-large_image_width=\"804\" data-large_image_height=\"534\"><img loading=\"lazy\" decoding=\"async\" class=\"size-medium wp-image-94946 alignleft\" src=\"http:\/\/www.radiopiu.net\/wordpress\/wp-content\/uploads\/2019\/08\/alpago-sky-super-3-2013-SALITA-AL-VENAL-300x199.jpg\" alt=\"\" width=\"300\" height=\"199\" srcset=\"https:\/\/www.radiopiu.net\/wordpress\/wp-content\/uploads\/2019\/08\/alpago-sky-super-3-2013-SALITA-AL-VENAL-300x199.jpg 300w, https:\/\/www.radiopiu.net\/wordpress\/wp-content\/uploads\/2019\/08\/alpago-sky-super-3-2013-SALITA-AL-VENAL-768x510.jpg 768w, https:\/\/www.radiopiu.net\/wordpress\/wp-content\/uploads\/2019\/08\/alpago-sky-super-3-2013-SALITA-AL-VENAL.jpg 804w\" sizes=\"auto, (max-width: 300px) 100vw, 300px\" \/><\/a>A Chies d&#8217;Alpago va in scena l&#8217;Alpago Sky Super 3, la sky race giunta alla settima edizione che vuole onorare la memoria di Maudi De March, David Cecchin e Andrea Zanon, i tre ragazzi del Soccorso Alpino caduti sul Monte Cridola il 10 agosto del 2012. <\/span><\/span><\/span><\/span><span style=\"font-family: verdana, sans-serif;\"><span style=\"color: #0000ff;\"><span lang=\"zxx\"><span style=\"color: #000000;\">L&#8217;appuntamento \u00e8 per domani. La sky race si svolger\u00e0 su un tracciato di 18,8 chilometri e 3.626 metri di dislivello (1.850 quelli positivi): partenza da Lamosano <\/span><\/span><\/span><\/span><span style=\"font-family: verdana, sans-serif;\"><span lang=\"zxx\"><span style=\"color: #000000;\">Accanto alla Sky 3 sabato si svolger\u00e0 anche la \u201cMini Sky 3&#8243; (erede della &#8220;Camminata nella natura&#8221; degli scorsi anni), 10 chilometri accessibili a tutti (600 i metri di dislivello) con partenza e arrivo a Lamosano. Le iscrizioni si ricevono sabato mattino fino a pochi minuti prima della partenza che verr\u00e0 data alle 9.15.<\/span> <\/span><\/span><span style=\"color: #000000; font-family: verdana, sans-serif;\">Per tutti i dettagli: <\/span><a style=\"font-family: verdana, sans-serif;\" href=\"http:\/\/www.dolomitiski-alp.com\">www.dolomitiski-alp.com<\/a><span style=\"color: #000000; font-family: verdana, sans-serif;\">.<\/span><\/p><\/blockquote>\n<p>&nbsp;<\/p>\n<p>&nbsp;<\/p>\n<p>&nbsp;<\/p>\n<p><a class=\"dt-pswp-item\" href=\"http:\/\/www.radiopiu.net\/wordpress\/wp-content\/uploads\/2018\/09\/WhatsApp-Image-2018-09-20-at-16.04.06.jpeg\" data-dt-img-description=\"\" data-large_image_width=\"800\" data-large_image_height=\"100\"><img loading=\"lazy\" decoding=\"async\" class=\"alignnone wp-image-61378 size-full\" src=\"http:\/\/www.radiopiu.net\/wordpress\/wp-content\/uploads\/2018\/09\/WhatsApp-Image-2018-09-20-at-16.04.06.jpeg\" alt=\"\" width=\"800\" height=\"100\" srcset=\"https:\/\/www.radiopiu.net\/wordpress\/wp-content\/uploads\/2018\/09\/WhatsApp-Image-2018-09-20-at-16.04.06.jpeg 800w, https:\/\/www.radiopiu.net\/wordpress\/wp-content\/uploads\/2018\/09\/WhatsApp-Image-2018-09-20-at-16.04.06-300x38.jpeg 300w, https:\/\/www.radiopiu.net\/wordpress\/wp-content\/uploads\/2018\/09\/WhatsApp-Image-2018-09-20-at-16.04.06-768x96.jpeg 768w\" sizes=\"auto, (max-width: 800px) 100vw, 800px\" \/><\/a><\/p>\n<p><center><b>Venerdi 9<\/b><\/center><b>Tempo atteso: <\/b>Tempo in prevalenza soleggiato con qualche possibile iniziale nube bassa e velature al mattino e con modesta cumulificazione pomeridiana a ridosso dei rilievi, senza fenomeni. Rialzo termico, anche sensibile in quota e nei valori massimi, nuovamente pienamente estivi.<br \/>\n<b>Precipitazioni: <\/b>Assenti (0%).<br \/>\n<b>Temperature: <\/b>Minime senza notevoli variazioni o in lieve calo nelle valli; massime in aumento, anche sensibile, con massime fino sui 31\/33\u00b0C in Valbelluna e 25\/27\u00b0C a 1000\/1200 m. Su Prealpi a 1500 m min 15\u00b0C max 20\u00b0C, a 2000 m min 12\u00b0C max 17\u00b0C. Su Dolomiti a 2000 m min 12\u00b0C max 17\u00b0C, a 3000 m min 7\u00b0C max 10\u00b0C.<br \/>\n<b>Venti: <\/b>Nelle valli deboli o moderati a regime di brezza; in quota deboli\/moderati occidentali, a 5-10 km\/h a 2000 m, 10-20 km\/h a 3000 m.<\/p>\n<hr \/>\n<p><center><b>Sabato 10<\/b><\/center><b>Tempo atteso: <\/b>Tempo in prevalenza soleggiato con qualche cumulo di bel tempo a ridosso dei rilievi nelle ore pi\u00f9 calde e possibili nubi basse al primo mattino. Clima molto caldo a tutte le quote, con temperature sensibilmente oltre le medie del periodo.<br \/>\n<b>Precipitazioni: <\/b>Assenti, o al pi\u00f9 limitate a qualche sporadico e breve piovasco o temporale di calore pomeridiano (0\/20%).<br \/>\n<b>Temperature: <\/b>In aumento, con valori massimi che potranno raggiungere i 33\/35\u00b0C in Valbelluna e i 28\/30\u00b0C a 1000\/1200 m. Su Prealpi a 1500 m min 17\u00b0C max 21\u00b0C, a 2000 m min 14\u00b0C max 18\u00b0C. Su Dolomiti a 2000 m min 13\u00b0C max 18\u00b0C, a 3000 m min 9\u00b0C max 11\u00b0C.<br \/>\n<b>Venti: <\/b>Nelle valli deboli o moderati a regime di brezza; in quota deboli\/moderati da Ovest Sud-Ovest, a 5-15 km\/h a 2000 m, 10-25 km\/h a 3000 m.<\/p>\n<hr \/>\n<p><center><b>Domenica 11<\/b><\/center>Tempo in prevalenza soleggiato e molto caldo, anche se con valori massimi in lieve calo; i cumuli diurni saranno un po&#8217; pi\u00f9 sviluppati del giorno precedente soprattutto sulle Dolomiti e non si esclude possano provocare qualche locale fenomeno di instabilit\u00e0 pomeridiano. Venti sud-occidentali in quota in rinforzo, brezze nelle valli.<\/p>\n<hr \/>\n<p><center><b>Lunedi 12<\/b><\/center>Tempo inizialmente ben soleggiato, ma con tendenza a maggiore sviluppo di cumuli al pomeriggio\/sera, quando saranno possibili rovesci e temporali a partire dai settori occidentali. Clima sempre molto caldo, con possibile apice dell&#8217;afa<\/p>\n","protected":false},"excerpt":{"rendered":"<p>Gestione Servizi Pubblici informa che in TUTTO il Comune di GOSALDO TRANNE NELLE LOCALITA&#8217; CENCI, MORI, CARCOI, SCUSSEI, PAGANIN E VALLASIN l&#8217;acqua erogata dall&#8217;acquedotto \u00e8 di nuovo potabile e pu\u00f2 essere usata, quindi, per scopi alimentari &nbsp; &nbsp; DolomitiAmo \u00e8 la mostra inaugurata ieri sera in sala Don Tamis ad Agordo, 27 fotografi hanno trasformato&hellip;<\/p>\n","protected":false},"author":1,"featured_media":94951,"comment_status":"closed","ping_status":"closed","sticky":false,"template":"","format":"standard","meta":{"_monsterinsights_skip_tracking":false,"_monsterinsights_sitenote_active":false,"_monsterinsights_sitenote_note":"","_monsterinsights_sitenote_category":0,"footnotes":""},"categories":[86],"tags":[],"class_list":["post-94824","post","type-post","status-publish","format-standard","has-post-thumbnail","hentry","category-gr","category-86","description-off"],"img_url":"https:\/\/www.radiopiu.net\/wordpress\/wp-content\/uploads\/2019\/08\/gru2.jpg","_links":{"self":[{"href":"https:\/\/www.radiopiu.net\/wordpress\/wp-json\/wp\/v2\/posts\/94824","targetHints":{"allow":["GET"]}}],"collection":[{"href":"https:\/\/www.radiopiu.net\/wordpress\/wp-json\/wp\/v2\/posts"}],"about":[{"href":"https:\/\/www.radiopiu.net\/wordpress\/wp-json\/wp\/v2\/types\/post"}],"author":[{"embeddable":true,"href":"https:\/\/www.radiopiu.net\/wordpress\/wp-json\/wp\/v2\/users\/1"}],"replies":[{"embeddable":true,"href":"https:\/\/www.radiopiu.net\/wordpress\/wp-json\/wp\/v2\/comments?post=94824"}],"version-history":[{"count":0,"href":"https:\/\/www.radiopiu.net\/wordpress\/wp-json\/wp\/v2\/posts\/94824\/revisions"}],"wp:featuredmedia":[{"embeddable":true,"href":"https:\/\/www.radiopiu.net\/wordpress\/wp-json\/wp\/v2\/media\/94951"}],"wp:attachment":[{"href":"https:\/\/www.radiopiu.net\/wordpress\/wp-json\/wp\/v2\/media?parent=94824"}],"wp:term":[{"taxonomy":"category","embeddable":true,"href":"https:\/\/www.radiopiu.net\/wordpress\/wp-json\/wp\/v2\/categories?post=94824"},{"taxonomy":"post_tag","embeddable":true,"href":"https:\/\/www.radiopiu.net\/wordpress\/wp-json\/wp\/v2\/tags?post=94824"}],"curies":[{"name":"wp","href":"https:\/\/api.w.org\/{rel}","templated":true}]}}