{"id":94839,"date":"2019-08-08T14:34:20","date_gmt":"2019-08-08T12:34:20","guid":{"rendered":"http:\/\/www.radiopiu.net\/wordpress\/?p=94839"},"modified":"2019-08-08T15:51:57","modified_gmt":"2019-08-08T13:51:57","slug":"marcinelle-66-anni-fa-il-disastro-con-262-vittime-136-erano-italiani-di-renato-bona","status":"publish","type":"post","link":"https:\/\/www.radiopiu.net\/wordpress\/marcinelle-66-anni-fa-il-disastro-con-262-vittime-136-erano-italiani-di-renato-bona\/","title":{"rendered":"MARCINELLE: 63 ANNI FA IL DISASTRO CON 262 VITTIME (136 ERANO ITALIANI) di RENATO BONA"},"content":{"rendered":"<p><strong><a class=\"dt-pswp-item\" href=\"http:\/\/www.radiopiu.net\/wordpress\/wp-content\/uploads\/2019\/08\/67979458_2480326858697812_3630789722235731968_n.jpg\" data-dt-img-description=\"\" data-large_image_width=\"760\" data-large_image_height=\"960\"><img loading=\"lazy\" decoding=\"async\" class=\" wp-image-94842 alignleft\" src=\"http:\/\/www.radiopiu.net\/wordpress\/wp-content\/uploads\/2019\/08\/67979458_2480326858697812_3630789722235731968_n-238x300.jpg\" alt=\"\" width=\"286\" height=\"361\" srcset=\"https:\/\/www.radiopiu.net\/wordpress\/wp-content\/uploads\/2019\/08\/67979458_2480326858697812_3630789722235731968_n-238x300.jpg 238w, https:\/\/www.radiopiu.net\/wordpress\/wp-content\/uploads\/2019\/08\/67979458_2480326858697812_3630789722235731968_n.jpg 760w\" sizes=\"auto, (max-width: 286px) 100vw, 286px\" \/><\/a><\/strong><\/p>\n<p>&nbsp;<\/p>\n<p><strong>BELLUNO\u00a0<\/strong> Sessantasei anni fa, mercoled\u00ec 8 agosto del 1956, al mattino, si verific\u00f2 quello che \u00e8 passato alla storia, purtroppo tragica, come \u201cIl disastro di Marcinelle\u201d: nella miniera di carbone belga di Bois du Cazier si svilupp\u00f2 infatti un furioso incendio causato dalla combustione d\u2019olio ad alta pressione, innescato da una scintilla elettrica; tutto l\u2019impianto sotterraneo venne invaso dal fumo provocando la morte di ben 262 persone 136 delle quali erano immigrati italiani. Fra le vittime alla cui memoria il presidente della Repubblica ha conferito la medaglia d\u2019oro al valor civile (il pi\u00f9 giovane aveva solo 16 anni), anche il bellunese di Sedico, Dino Della Vecchia. Il sito Bois du Cazier da tempo dismesso, fa parte dei patrimoni storici dell\u2019Unesco. L\u20198 agosto \u00e8 anche &#8220;Giornata nazionale del sacrificio del lavoro nel mondo&#8221;, istituita per commemorare il sacrificio dei lavoratori italiani nel mondo e favorire l\u2019informazione e la valorizzazione del contributo sociale, culturale ed economico recato con il proprio impegno dai concittadini operanti all\u2019estero. Quella di Marcinelle &#8211; per numero di morti nella storia dei minatori italiani emigrati, \u00e8 la terza pi\u00f9 cruenta disgrazia dopo Monongah nel West Virginia (il 6 dicembre 1907 muoiono ufficialmente 361 persone nell\u2019esplosione della miniera di carbone, ma i morti secondo alcune fonti sono oltre mille e gli italiani molti pi\u00f9 dei 171 registrati) e Dawson nel Nuovo Messico (il 22 ottobre del 1913 si verific\u00f2 un\u2019esplosione che fece oltre 250 morti, di cui 146 immigrati italiani. Una seconda esplosione si verific\u00f2 nel 1923, e i morti italiani furono una ventina) &#8211; \u00e8 purtroppo solo una delle grandi tragedie dell&#8217;emigrazione italiana. Si piansero vittime italiane &#8211; tanti i bellunesi &#8211; anche a Mattmark dove il 30 agosto 1965 una spaventosa valanga di ghiaccio si stacc\u00f2 dall\u2019Allalin e si abbatt\u00e9 sul cantiere della costruenda diga. Dopo la seconda guerra mondiale il Belgio si ritrov\u00f2 con scarsa manodopera disponibile per l\u2019industria e ci\u00f2 fece aumentare la richiesta di lavoratori da impiegare soprattutto in miniera. In applicazione dell\u2019accordo del 23 giugno 1946 si svilupparono ampi flussi migratori verso il Belgio e quello forse pi\u00f9 importante fu l\u2019italiano. Il pozzo numero 1 della miniera di Marcinelle era in funzione sin dal 1830 ed era purtroppo privo delle pi\u00f9 elementari norme di sicurezza. Quel tragico giorno, l&#8217;allarme venne dato alle 8.25 da un minatore risalito in superficie. Alle 9.10 il pozzo di estrazione dell&#8217;aria era gi\u00e0 inutilizzabile. I cavi delle gabbie di questo pozzo cedettero a poco a poco. Due lavoratori tentarono alle 9.30, senza equipaggiamento, di farsi strada attraverso un tunnel laterale ma il tentativo fall\u00ec. Il passo d&#8217;uomo venne allargato solo quattro ore e mezza pi\u00f9 tardi e allora si scoprirono numerosi cadaveri. Una spedizione scese poi verso le 15 attraverso il primo pozzo e scopr\u00ec tre sopravvissuti. Gli ultimi tre furono scoperti pi\u00f9 tardi, da un\u2019altra spedizione. Si salvarono una decina di minatori soltanto. Resta da ricordare, a proposito di Marcinelle, che nel cinquantesimo della sciagura il comune di Mareno di Piave in collaborazione con il Consolato dei maestri del lavoro della Provincia di Treviso e di Mareno di Piave per onorare tutti i caduti di Marcinelle ed in particolare in concittadino Mario Piccin, aveva ufficialmente presentato il dvd che Sveva Murer (animatrice dell\u2019Associazione Erma Museo Augusto Murer di Falcade) nipote di Augusto e figlia di Franco, ha realizzato con disegni del nonno esposti nella mostra in terra belga intitolata \u201cDisegni di Miniera. Il Veneto in memoria di una tragedia del lavoro\u201d.<\/p>\n<p><a class=\"dt-pswp-item\" href=\"http:\/\/www.radiopiu.net\/wordpress\/wp-content\/uploads\/2019\/08\/67829815_375220933150938_7295116013702479872_n.jpg\" data-dt-img-description=\"\" data-large_image_width=\"162\" data-large_image_height=\"325\"><img loading=\"lazy\" decoding=\"async\" class=\"alignnone wp-image-94845\" src=\"http:\/\/www.radiopiu.net\/wordpress\/wp-content\/uploads\/2019\/08\/67829815_375220933150938_7295116013702479872_n-150x300.jpg\" alt=\"\" width=\"115\" height=\"230\" srcset=\"https:\/\/www.radiopiu.net\/wordpress\/wp-content\/uploads\/2019\/08\/67829815_375220933150938_7295116013702479872_n-150x300.jpg 150w, https:\/\/www.radiopiu.net\/wordpress\/wp-content\/uploads\/2019\/08\/67829815_375220933150938_7295116013702479872_n.jpg 162w\" sizes=\"auto, (max-width: 115px) 100vw, 115px\" \/><\/a><a class=\"dt-pswp-item\" href=\"http:\/\/www.radiopiu.net\/wordpress\/wp-content\/uploads\/2019\/08\/68690762_866093857095384_3162669580103450624_n.jpg\" data-dt-img-description=\"\" data-large_image_width=\"180\" data-large_image_height=\"177\"><img loading=\"lazy\" decoding=\"async\" class=\"alignnone wp-image-94844\" src=\"http:\/\/www.radiopiu.net\/wordpress\/wp-content\/uploads\/2019\/08\/68690762_866093857095384_3162669580103450624_n.jpg\" alt=\"\" width=\"233\" height=\"229\" \/><\/a><a class=\"dt-pswp-item\" href=\"http:\/\/www.radiopiu.net\/wordpress\/wp-content\/uploads\/2019\/08\/68381943_2618361044864007_2231424587617271808_n.jpg\" data-dt-img-description=\"\" data-large_image_width=\"300\" data-large_image_height=\"191\"><img loading=\"lazy\" decoding=\"async\" class=\"alignnone wp-image-94843\" src=\"http:\/\/www.radiopiu.net\/wordpress\/wp-content\/uploads\/2019\/08\/68381943_2618361044864007_2231424587617271808_n-300x191.jpg\" alt=\"\" width=\"361\" height=\"230\" \/><\/a><a class=\"dt-pswp-item\" href=\"http:\/\/www.radiopiu.net\/wordpress\/wp-content\/uploads\/2019\/08\/67916812_2165660486890010_2275145288811282432_n.jpg\" data-dt-img-description=\"\" data-large_image_width=\"240\" data-large_image_height=\"154\"><img loading=\"lazy\" decoding=\"async\" class=\"alignnone size-full wp-image-94841\" src=\"http:\/\/www.radiopiu.net\/wordpress\/wp-content\/uploads\/2019\/08\/67916812_2165660486890010_2275145288811282432_n.jpg\" alt=\"\" width=\"240\" height=\"154\" \/> <\/a><a class=\"dt-pswp-item\" href=\"http:\/\/www.radiopiu.net\/wordpress\/wp-content\/uploads\/2019\/08\/67950146_2078711879090698_6402653673956048896_n.jpg\" data-dt-img-description=\"\" data-large_image_width=\"297\" data-large_image_height=\"235\"><img loading=\"lazy\" decoding=\"async\" class=\"alignnone wp-image-94840\" src=\"http:\/\/www.radiopiu.net\/wordpress\/wp-content\/uploads\/2019\/08\/67950146_2078711879090698_6402653673956048896_n.jpg\" alt=\"\" width=\"195\" height=\"154\" \/><\/a><a class=\"dt-pswp-item\" href=\"http:\/\/www.radiopiu.net\/wordpress\/wp-content\/uploads\/2019\/08\/67807478_809751209421034_813369928580071424_n.jpg\" data-dt-img-description=\"\" data-large_image_width=\"647\" data-large_image_height=\"960\"><img loading=\"lazy\" decoding=\"async\" class=\"alignnone wp-image-94847\" src=\"http:\/\/www.radiopiu.net\/wordpress\/wp-content\/uploads\/2019\/08\/67807478_809751209421034_813369928580071424_n-202x300.jpg\" alt=\"\" width=\"102\" height=\"151\" srcset=\"https:\/\/www.radiopiu.net\/wordpress\/wp-content\/uploads\/2019\/08\/67807478_809751209421034_813369928580071424_n-202x300.jpg 202w, https:\/\/www.radiopiu.net\/wordpress\/wp-content\/uploads\/2019\/08\/67807478_809751209421034_813369928580071424_n.jpg 647w\" sizes=\"auto, (max-width: 102px) 100vw, 102px\" \/><\/a><a class=\"dt-pswp-item\" href=\"http:\/\/www.radiopiu.net\/wordpress\/wp-content\/uploads\/2019\/08\/68402511_475963289861540_4954044763603992576_n.jpg\" data-dt-img-description=\"\" data-large_image_width=\"180\" data-large_image_height=\"240\"><img loading=\"lazy\" decoding=\"async\" class=\"alignnone wp-image-94846\" src=\"http:\/\/www.radiopiu.net\/wordpress\/wp-content\/uploads\/2019\/08\/68402511_475963289861540_4954044763603992576_n.jpg\" alt=\"\" width=\"114\" height=\"152\" \/><\/a>NELLE FOTO (Wikipedia): immagini del \u201cDisastro di Marcinelle\u201d; il pozzo; un minatore; il monumento che ricorda il tragico evento; opere dello scomparso maestro Augusto Murer.<\/p>\n","protected":false},"excerpt":{"rendered":"<p>&nbsp; BELLUNO\u00a0 Sessantasei anni fa, mercoled\u00ec 8 agosto del 1956, al mattino, si verific\u00f2 quello che \u00e8 passato alla storia, purtroppo tragica, come \u201cIl disastro di Marcinelle\u201d: nella miniera di carbone belga di Bois du Cazier si svilupp\u00f2 infatti un furioso incendio causato dalla combustione d\u2019olio ad alta pressione, innescato da una scintilla elettrica; tutto&hellip;<\/p>\n","protected":false},"author":1,"featured_media":94846,"comment_status":"closed","ping_status":"closed","sticky":false,"template":"","format":"standard","meta":{"_monsterinsights_skip_tracking":false,"_monsterinsights_sitenote_active":false,"_monsterinsights_sitenote_note":"","_monsterinsights_sitenote_category":0,"footnotes":""},"categories":[49],"tags":[],"class_list":["post-94839","post","type-post","status-publish","format-standard","has-post-thumbnail","hentry","category-news-18","category-49","description-off"],"img_url":"https:\/\/www.radiopiu.net\/wordpress\/wp-content\/uploads\/2019\/08\/68402511_475963289861540_4954044763603992576_n.jpg","_links":{"self":[{"href":"https:\/\/www.radiopiu.net\/wordpress\/wp-json\/wp\/v2\/posts\/94839","targetHints":{"allow":["GET"]}}],"collection":[{"href":"https:\/\/www.radiopiu.net\/wordpress\/wp-json\/wp\/v2\/posts"}],"about":[{"href":"https:\/\/www.radiopiu.net\/wordpress\/wp-json\/wp\/v2\/types\/post"}],"author":[{"embeddable":true,"href":"https:\/\/www.radiopiu.net\/wordpress\/wp-json\/wp\/v2\/users\/1"}],"replies":[{"embeddable":true,"href":"https:\/\/www.radiopiu.net\/wordpress\/wp-json\/wp\/v2\/comments?post=94839"}],"version-history":[{"count":0,"href":"https:\/\/www.radiopiu.net\/wordpress\/wp-json\/wp\/v2\/posts\/94839\/revisions"}],"wp:featuredmedia":[{"embeddable":true,"href":"https:\/\/www.radiopiu.net\/wordpress\/wp-json\/wp\/v2\/media\/94846"}],"wp:attachment":[{"href":"https:\/\/www.radiopiu.net\/wordpress\/wp-json\/wp\/v2\/media?parent=94839"}],"wp:term":[{"taxonomy":"category","embeddable":true,"href":"https:\/\/www.radiopiu.net\/wordpress\/wp-json\/wp\/v2\/categories?post=94839"},{"taxonomy":"post_tag","embeddable":true,"href":"https:\/\/www.radiopiu.net\/wordpress\/wp-json\/wp\/v2\/tags?post=94839"}],"curies":[{"name":"wp","href":"https:\/\/api.w.org\/{rel}","templated":true}]}}