{"id":94865,"date":"2019-08-08T15:14:57","date_gmt":"2019-08-08T13:14:57","guid":{"rendered":"http:\/\/www.radiopiu.net\/wordpress\/?p=94865"},"modified":"2019-08-08T15:14:57","modified_gmt":"2019-08-08T13:14:57","slug":"vigne-alla-presidenza-del-parco-finalmente-la-buona-notizia","status":"publish","type":"post","link":"https:\/\/www.radiopiu.net\/wordpress\/vigne-alla-presidenza-del-parco-finalmente-la-buona-notizia\/","title":{"rendered":"VIGNE ALLA PRESIDENZA DEL PARCO, &#8220;FINALMENTE LA BUONA NOTIZIA&#8221;"},"content":{"rendered":"<h2><span style=\"color: #ff0000;\">LA LETTERA<\/span><\/h2>\n<p><strong>Franco Piacentini_Auser Feltre<\/strong><\/p>\n<h3>Finalmente la nomina del nuovo Presidente al Parco Nazionale delle Dolomiti Bellunesi.<\/h3>\n<blockquote><p><em><a class=\"dt-pswp-item\" href=\"http:\/\/www.radiopiu.net\/wordpress\/wp-content\/uploads\/2019\/08\/download-3.jpg\" data-dt-img-description=\"\" data-large_image_width=\"155\" data-large_image_height=\"231\"><img loading=\"lazy\" decoding=\"async\" class=\"size-full wp-image-94866 alignright\" src=\"http:\/\/www.radiopiu.net\/wordpress\/wp-content\/uploads\/2019\/08\/download-3.jpg\" alt=\"\" width=\"155\" height=\"231\" \/><\/a>Finalmente la buona (molto auspicata) notizia della nomina, dopo oltre quattro anni di attesa, del nuovo Presidente del Parco Nazionale delle Dolomiti Bellunesi. Questo atto ministeriale di nomina, non \u00e8 una formalit\u00e0 burocratica per coprire un posto vacante, se fosse cos\u00ec sarebbe deludente per l&#8217;interessato e privo di significato per le prospettive ambientali del parco. Il Presidente, affiancato dai suoi collaboratori: direttore e personale amministrativo e forestale, ha compiti e responsabilit\u00e0 di &#8220;governo&#8221; per la valorizzazione, la salvaguardia, lo studio, la ricerca e per la corretta frequentazione di una tra le pi\u00f9 incantevoli Terre alte del mondo: le Dolomiti Bellunesi. Il &#8220;governo&#8221; di un parco (conoscendolo, auspico che anche quello regionale dei Colli Euganei possa urgentemente avere un proprio assetto di effettivo &#8220;governo&#8221;) \u00e8 fondamentale non solo per la quotidiana gestione di un grande patrimonio naturalistico, ma anche per l&#8217;equilibrata e attenta programmazione delle attivit\u00e0 dentro e fuori il parco. Sottolineo anche fuori, perch\u00e9 non \u00e8 pensabile (non sarebbe accettabile) se nelle vicinanze dell&#8217;area parco, tutelata e vigilata, qualcuno pensasse di inquinare e\/o urbanizzare selvaggiamente. Per scongiurare danni all&#8217;ambiente circostante il parco e per responsabilizzare le amministrazioni locali, le rappresentanze associative, le associazioni imprenditoriali, le confederazioni Cgil Cisl Uil, sul valore inestimabile delle Dolomiti Bellunesi, il nuovo Presidente (il mio \u00e8 solo un suggerimento) dovrebbe formalizzare un &#8220;tavolo permanente di costruttivo confronto e concertazione&#8221; per focalizzare convergenti proposte, finalizzate ad orientare le straordinarie opportunit\u00e0 del parco: lavoro; occupazione; produttivit\u00e0; economia; cultura; tempo libero; sport. Ovviamente il tutto nel rispetto ambientale e in un contesto di forte equilibrio tra i vari interessi in campo. Per contribuire a valorizzare e a salvaguardare le Dolomiti Bellunesi (patrimonio UNESCO) sarebbe importante (un&#8217;ottima opportunit\u00e0) il coinvolgimento (anche) del Volontariato e della Promozione Sociale, sottoscrivendo delle convezioni di collaborazione e di sussidiariet\u00e0, anche di supporto agli eventi sportivi mondiali che si svolgeranno nelle Terre alte Bellunesi: mondiali di sci 2021; mondiali di canoa 2023; olimpiadi invernali 2026. Al nuovo Presidente Ennio Vigne, ai suoi collaboratori e al personale del Parco Nazionale Dolomiti Bellunesi, un forte augurio di buon lavoro.<\/em><\/p><\/blockquote>\n<p>&nbsp;<\/p>\n","protected":false},"excerpt":{"rendered":"<p>LA LETTERA Franco Piacentini_Auser Feltre Finalmente la nomina del nuovo Presidente al Parco Nazionale delle Dolomiti Bellunesi. Finalmente la buona (molto auspicata) notizia della nomina, dopo oltre quattro anni di attesa, del nuovo Presidente del Parco Nazionale delle Dolomiti Bellunesi. Questo atto ministeriale di nomina, non \u00e8 una formalit\u00e0 burocratica per coprire un posto vacante,&hellip;<\/p>\n","protected":false},"author":1,"featured_media":0,"comment_status":"closed","ping_status":"closed","sticky":false,"template":"","format":"standard","meta":{"_monsterinsights_skip_tracking":false,"_monsterinsights_sitenote_active":false,"_monsterinsights_sitenote_note":"","_monsterinsights_sitenote_category":0,"footnotes":""},"categories":[49],"tags":[],"class_list":["post-94865","post","type-post","status-publish","format-standard","hentry","category-news-18","category-49","description-off"],"img_url":false,"_links":{"self":[{"href":"https:\/\/www.radiopiu.net\/wordpress\/wp-json\/wp\/v2\/posts\/94865","targetHints":{"allow":["GET"]}}],"collection":[{"href":"https:\/\/www.radiopiu.net\/wordpress\/wp-json\/wp\/v2\/posts"}],"about":[{"href":"https:\/\/www.radiopiu.net\/wordpress\/wp-json\/wp\/v2\/types\/post"}],"author":[{"embeddable":true,"href":"https:\/\/www.radiopiu.net\/wordpress\/wp-json\/wp\/v2\/users\/1"}],"replies":[{"embeddable":true,"href":"https:\/\/www.radiopiu.net\/wordpress\/wp-json\/wp\/v2\/comments?post=94865"}],"version-history":[{"count":0,"href":"https:\/\/www.radiopiu.net\/wordpress\/wp-json\/wp\/v2\/posts\/94865\/revisions"}],"wp:attachment":[{"href":"https:\/\/www.radiopiu.net\/wordpress\/wp-json\/wp\/v2\/media?parent=94865"}],"wp:term":[{"taxonomy":"category","embeddable":true,"href":"https:\/\/www.radiopiu.net\/wordpress\/wp-json\/wp\/v2\/categories?post=94865"},{"taxonomy":"post_tag","embeddable":true,"href":"https:\/\/www.radiopiu.net\/wordpress\/wp-json\/wp\/v2\/tags?post=94865"}],"curies":[{"name":"wp","href":"https:\/\/api.w.org\/{rel}","templated":true}]}}