{"id":94907,"date":"2019-08-08T23:59:59","date_gmt":"2019-08-08T21:59:59","guid":{"rendered":"http:\/\/www.radiopiu.net\/wordpress\/?p=94907"},"modified":"2019-08-10T05:31:50","modified_gmt":"2019-08-10T03:31:50","slug":"figli-e-figliastri-della-stessa-regione","status":"publish","type":"post","link":"https:\/\/www.radiopiu.net\/wordpress\/figli-e-figliastri-della-stessa-regione\/","title":{"rendered":"FIGLI E FIGLIASTRI DELLA STESSA REGIONE"},"content":{"rendered":"<p>&nbsp;<\/p>\n<h2>L&#8217;OSPEDALE DI FELTRE HA LA NUOVA RADIOLOGIA, IERI IL TAGLIO DEL NASTRO, I RICORDI DARIO BOND<\/h2>\n<p><strong><a class=\"dt-pswp-item\" href=\"http:\/\/www.radiopiu.net\/wordpress\/wp-content\/uploads\/2018\/02\/ospedale.jpg\" data-dt-img-description=\"\" data-large_image_width=\"620\" data-large_image_height=\"400\"><img loading=\"lazy\" decoding=\"async\" class=\"wp-image-43600 alignleft\" src=\"http:\/\/www.radiopiu.net\/wordpress\/wp-content\/uploads\/2018\/02\/ospedale-300x194.jpg\" alt=\"\" width=\"156\" height=\"101\" srcset=\"https:\/\/www.radiopiu.net\/wordpress\/wp-content\/uploads\/2018\/02\/ospedale-300x194.jpg 300w, https:\/\/www.radiopiu.net\/wordpress\/wp-content\/uploads\/2018\/02\/ospedale.jpg 620w\" sizes=\"auto, (max-width: 156px) 100vw, 156px\" \/><\/a>FELTRE<\/strong> La politica dimentica e non \u00e8 una novit\u00e0, soprattutto se i tempi cambiano.<em> &#8220;Ieri all&#8217;inaugurazione della nuova radiologia feltrina la politica si \u00e8 dimenticata dell&#8217;impegno di Guido Trento &#8211; dice Dario Bond &#8211; che gi\u00e0 aveva posto le basi per il finanziamento&#8230;&#8221;<\/em>. C&#8217;\u00e8 poi l&#8217;altro lato della medaglia: il pronto soccorso dell&#8217;ospedale di Agordo in uno stato poco accogliente e pieno di chiacchiere e promesse delle politica, con un finanziamento da 2,5 milioni di euro fermi perch\u00e9 i sindaci prima di offrire il loro denaro vogliono garanzie non promesse e\u00a0 senza quel denaro dai fondi di confine, contrariamente da Feltre e Cortina, la Regione non interviene, in questa Regione ci sono i figli e i figliastri. L&#8217;altro esempio potrebbe essere quello della viabilit\u00e0 con investimenti previsti per l&#8217;Ampezzano e il Cadore in ottica mondiali e olimpiadi mentre per l&#8217;Agordino se di investimenti si vuol sentire parlare \u00e8 necessario di nuovo aprire i cordoni della borsa: tangenziale di Agordo, rotonde di Taibon e Cencenighe, provinciale 347 del Duran e Cereda&#8230;.e via discorrendo<\/p>\n<p><strong>AUDIO DARIO BOND\u00a0<\/strong><\/p>\n<audio class=\"wp-audio-shortcode\" id=\"audio-94907-1\" preload=\"none\" style=\"width: 100%;\" controls=\"controls\"><source type=\"audio\/mpeg\" src=\"http:\/\/www.radiopiu.net\/wordpress\/wp-content\/uploads\/2019\/08\/BOND-1.mp3?_=1\" \/><a href=\"http:\/\/www.radiopiu.net\/wordpress\/wp-content\/uploads\/2019\/08\/BOND-1.mp3\">http:\/\/www.radiopiu.net\/wordpress\/wp-content\/uploads\/2019\/08\/BOND-1.mp3<\/a><\/audio>\n<p>&nbsp;<\/p>\n<p>&nbsp;<\/p>\n","protected":false},"excerpt":{"rendered":"<p>&nbsp; L&#8217;OSPEDALE DI FELTRE HA LA NUOVA RADIOLOGIA, IERI IL TAGLIO DEL NASTRO, I RICORDI DARIO BOND FELTRE La politica dimentica e non \u00e8 una novit\u00e0, soprattutto se i tempi cambiano. &#8220;Ieri all&#8217;inaugurazione della nuova radiologia feltrina la politica si \u00e8 dimenticata dell&#8217;impegno di Guido Trento &#8211; dice Dario Bond &#8211; che gi\u00e0 aveva posto&hellip;<\/p>\n","protected":false},"author":1,"featured_media":43600,"comment_status":"closed","ping_status":"closed","sticky":false,"template":"","format":"standard","meta":{"_monsterinsights_skip_tracking":false,"_monsterinsights_sitenote_active":false,"_monsterinsights_sitenote_note":"","_monsterinsights_sitenote_category":0,"footnotes":""},"categories":[51,49],"tags":[],"class_list":["post-94907","post","type-post","status-publish","format-standard","has-post-thumbnail","hentry","category-evidenza-top","category-news-18","category-51","category-49","description-off"],"img_url":"https:\/\/www.radiopiu.net\/wordpress\/wp-content\/uploads\/2018\/02\/ospedale.jpg","_links":{"self":[{"href":"https:\/\/www.radiopiu.net\/wordpress\/wp-json\/wp\/v2\/posts\/94907","targetHints":{"allow":["GET"]}}],"collection":[{"href":"https:\/\/www.radiopiu.net\/wordpress\/wp-json\/wp\/v2\/posts"}],"about":[{"href":"https:\/\/www.radiopiu.net\/wordpress\/wp-json\/wp\/v2\/types\/post"}],"author":[{"embeddable":true,"href":"https:\/\/www.radiopiu.net\/wordpress\/wp-json\/wp\/v2\/users\/1"}],"replies":[{"embeddable":true,"href":"https:\/\/www.radiopiu.net\/wordpress\/wp-json\/wp\/v2\/comments?post=94907"}],"version-history":[{"count":0,"href":"https:\/\/www.radiopiu.net\/wordpress\/wp-json\/wp\/v2\/posts\/94907\/revisions"}],"wp:featuredmedia":[{"embeddable":true,"href":"https:\/\/www.radiopiu.net\/wordpress\/wp-json\/wp\/v2\/media\/43600"}],"wp:attachment":[{"href":"https:\/\/www.radiopiu.net\/wordpress\/wp-json\/wp\/v2\/media?parent=94907"}],"wp:term":[{"taxonomy":"category","embeddable":true,"href":"https:\/\/www.radiopiu.net\/wordpress\/wp-json\/wp\/v2\/categories?post=94907"},{"taxonomy":"post_tag","embeddable":true,"href":"https:\/\/www.radiopiu.net\/wordpress\/wp-json\/wp\/v2\/tags?post=94907"}],"curies":[{"name":"wp","href":"https:\/\/api.w.org\/{rel}","templated":true}]}}