{"id":94932,"date":"2019-08-09T05:48:58","date_gmt":"2019-08-09T03:48:58","guid":{"rendered":"http:\/\/www.radiopiu.net\/wordpress\/?p=94932"},"modified":"2019-08-09T12:40:02","modified_gmt":"2019-08-09T10:40:02","slug":"un-bimbo-di-11-anni-ricoverato-a-treviso-dopo-la-caduta-da-una-pedana","status":"publish","type":"post","link":"https:\/\/www.radiopiu.net\/wordpress\/un-bimbo-di-11-anni-ricoverato-a-treviso-dopo-la-caduta-da-una-pedana\/","title":{"rendered":"UN BIMBO DI 11 ANNI RICOVERATO A TREVISO DOPO LA CADUTA DA UNA PEDANA"},"content":{"rendered":"<p><strong>BELLUNO Il Soccorso alpino di Belluno \u00e8 intervenuto sul Piazzale del Nevegal per consentire in sicurezza le manovre dell\u2019elicottero del Suem di Pieve di Cadore, arrivato per un bambino di 11 anni caduto da una pedana con la bicicletta. Prestate le prime cure, il bimbo \u00e8 stato trasportato all\u2019ospedale di Treviso e ricoverato nel reparto di ortopedia, esclusi traumi importanti alla testa, ma numerose sono le escoriazioni e le fratture. Il ragazzino padovano con la bicicletta \u00e8 salito su un pendio ripido lanciandosi gi\u00e0 con la bicicletta che si \u00e8 spezzata e il bimbo \u00e8 volato per alcuni metri. Le prime cure gli sono state prestata da una volontaria del Suem 118.<\/strong><\/p>\n<p><strong>SELVA DI CADORE\u00a0<\/strong> Attorno a mezzogiorno e mezza il Soccorso alpino della Val Fiorentina \u00e8 stato allertato per un escursionista scivolato lungo la strada sterrata che scende dal Rifugio Fertazza. L&#8217;uomo, un quarantatreenne di Cesena (FC), che si trovava con il figlio di 8 anni, cadendo si era prOcurato un profondo taglio al ginocchio e un probabile trauma alla spalla. Raggiunto in jeep da tre soccorritori, dopo aver ricevuto le prime medicazioni, all&#8217;infortunato sono stati applicati gli opportuni presidi a spalla e gamba. Caricato sul fuoristrada \u00e8 stato accompagnato fino all&#8217;ambulanza.<\/p>\n","protected":false},"excerpt":{"rendered":"<p>BELLUNO Il Soccorso alpino di Belluno \u00e8 intervenuto sul Piazzale del Nevegal per consentire in sicurezza le manovre dell\u2019elicottero del Suem di Pieve di Cadore, arrivato per un bambino di 11 anni caduto da una pedana con la bicicletta. Prestate le prime cure, il bimbo \u00e8 stato trasportato all\u2019ospedale di Treviso e ricoverato nel reparto&hellip;<\/p>\n","protected":false},"author":1,"featured_media":93699,"comment_status":"closed","ping_status":"closed","sticky":false,"template":"","format":"standard","meta":{"_monsterinsights_skip_tracking":false,"_monsterinsights_sitenote_active":false,"_monsterinsights_sitenote_note":"","_monsterinsights_sitenote_category":0,"footnotes":""},"categories":[49],"tags":[],"class_list":["post-94932","post","type-post","status-publish","format-standard","has-post-thumbnail","hentry","category-news-18","category-49","description-off"],"img_url":"https:\/\/www.radiopiu.net\/wordpress\/wp-content\/uploads\/2019\/07\/eli-3.jpeg","_links":{"self":[{"href":"https:\/\/www.radiopiu.net\/wordpress\/wp-json\/wp\/v2\/posts\/94932","targetHints":{"allow":["GET"]}}],"collection":[{"href":"https:\/\/www.radiopiu.net\/wordpress\/wp-json\/wp\/v2\/posts"}],"about":[{"href":"https:\/\/www.radiopiu.net\/wordpress\/wp-json\/wp\/v2\/types\/post"}],"author":[{"embeddable":true,"href":"https:\/\/www.radiopiu.net\/wordpress\/wp-json\/wp\/v2\/users\/1"}],"replies":[{"embeddable":true,"href":"https:\/\/www.radiopiu.net\/wordpress\/wp-json\/wp\/v2\/comments?post=94932"}],"version-history":[{"count":0,"href":"https:\/\/www.radiopiu.net\/wordpress\/wp-json\/wp\/v2\/posts\/94932\/revisions"}],"wp:featuredmedia":[{"embeddable":true,"href":"https:\/\/www.radiopiu.net\/wordpress\/wp-json\/wp\/v2\/media\/93699"}],"wp:attachment":[{"href":"https:\/\/www.radiopiu.net\/wordpress\/wp-json\/wp\/v2\/media?parent=94932"}],"wp:term":[{"taxonomy":"category","embeddable":true,"href":"https:\/\/www.radiopiu.net\/wordpress\/wp-json\/wp\/v2\/categories?post=94932"},{"taxonomy":"post_tag","embeddable":true,"href":"https:\/\/www.radiopiu.net\/wordpress\/wp-json\/wp\/v2\/tags?post=94932"}],"curies":[{"name":"wp","href":"https:\/\/api.w.org\/{rel}","templated":true}]}}