{"id":95007,"date":"2019-08-09T14:42:23","date_gmt":"2019-08-09T12:42:23","guid":{"rendered":"http:\/\/www.radiopiu.net\/wordpress\/?p=95007"},"modified":"2019-08-16T06:06:42","modified_gmt":"2019-08-16T04:06:42","slug":"lincontro-di-casa-comune-per-un-futuro-migliore-martedi-a-pieve-di-cadore-la-presentazione-dei-nuovi-mezzi","status":"publish","type":"post","link":"https:\/\/www.radiopiu.net\/wordpress\/lincontro-di-casa-comune-per-un-futuro-migliore-martedi-a-pieve-di-cadore-la-presentazione-dei-nuovi-mezzi\/","title":{"rendered":"L&#8217;INCONTRO DI CASA COMUNE PER UN FUTURO MIGLIORE, MARTEDI A PIEVE DI CADORE LA PRESENTAZIONE DEI NUOVI MEZZI"},"content":{"rendered":"<p>&nbsp;<\/p>\n<h3>CASA COMUNE, UN INCONTRO PER PROGETTARE L&#8217;ATTIVIT\u00c0 FUTURA<\/h3>\n<p><strong><a class=\"dt-pswp-item\" href=\"http:\/\/www.radiopiu.net\/wordpress\/wp-content\/uploads\/2019\/08\/IMG-20190809-WA0004.jpg\" data-dt-img-description=\"\" data-large_image_width=\"1359\" data-large_image_height=\"904\"><img loading=\"lazy\" decoding=\"async\" class=\" wp-image-95006 alignleft\" src=\"http:\/\/www.radiopiu.net\/wordpress\/wp-content\/uploads\/2019\/08\/IMG-20190809-WA0004-300x200.jpg\" alt=\"\" width=\"248\" height=\"165\" srcset=\"https:\/\/www.radiopiu.net\/wordpress\/wp-content\/uploads\/2019\/08\/IMG-20190809-WA0004-300x200.jpg 300w, https:\/\/www.radiopiu.net\/wordpress\/wp-content\/uploads\/2019\/08\/IMG-20190809-WA0004-768x511.jpg 768w, https:\/\/www.radiopiu.net\/wordpress\/wp-content\/uploads\/2019\/08\/IMG-20190809-WA0004-1024x681.jpg 1024w, https:\/\/www.radiopiu.net\/wordpress\/wp-content\/uploads\/2019\/08\/IMG-20190809-WA0004.jpg 1359w\" sizes=\"auto, (max-width: 248px) 100vw, 248px\" \/><\/a>DOMEGGE DI CADORE<\/strong> Si sono ritrovati al Rifugio Padova i vertici della Casa comune che, a livello Veneto, raggruppa Club alpino italiano, Guide alpine e Corpo nazionale soccorso alpino e speleologico, con l&#8217;obiettivo di studiare un percorso condiviso sull&#8217;attivit\u00e0 programmatica che collega le tre realt\u00e0 legate alla montagna. Diversi i temi trattati dai tre presidenti del Cai Veneto Renato Frigo, del Collegio regionale Veneto Guide alpine Marco Spazzini, del Soccorso alpino e speleologico Veneto Rodolfo Selenati, con lui anche il delegato del Soccorso alpino Dolomiti Bellunesi Alex Barattin. Si \u00e8 parlato della sistemazione dei sentieri e delle ferrate secondo i finanziamenti delle aree di confine gi\u00e0 stanziati e, sempre a proposito di sentieristica, della necessit\u00e0 di condividere e diffondere i dati riguardanti gli itinerari compromessi da Vaia, che hanno aggiornamenti continui, con la sistemazione quotidiana di molti percorsi e la verifica di nuove situazioni a rischio. Un accenno \u00e8 stato fatto alla questione della telemedicina, in collaborazione con il Suem bellunese, ovvero alla possibilit\u00e0 di dotare i Rifugi di strumentazioni che permettano di fornire servizi sanitari in remoto. Si \u00e8 poi parlato di formazione, specifica per ognuno dei tre comparti, e di prevenzione, convenendo sulla necessita di intervenire a partire dalle scuole.<\/p>\n<p>&nbsp;<\/p>\n<h3>PRESENTAZIONE NUOVI MEZZI DEL SOCCORSO ALPINO E SPELEOLOGICO VENETO<\/h3>\n<p><strong>PIEVE DI CADORE<\/strong>\u00a0 Marted\u00ec alle 18 ne cortile dell&#8217;ospedale saranno presentati i nuovi mezzi del Soccorso alpino e speleologico Veneto, acquistati grazie ai contributi della Protezione Civile Regione Veneto per l&#8217;anno 2018. Saranno presenti l&#8217;assessore regionale all&#8217;ambiente e protezione civile Gianpaolo Bottacin, il presidente del Soccorso alpino e speleologico del Veneto Rodolfo Selenati e i delegati Cnsas Alex Barattin, per la II Zona Dolomiti Bellunesi, Alberto Barbirato, XI Zona Prealpi Venete, Giovanni Ferrarese, VI Zona speleologica. La presentazione si terr\u00e0 nel cortile dell&#8217;ospedale di Pieve di Cadore alle 18.<\/p>\n","protected":false},"excerpt":{"rendered":"<p>&nbsp; CASA COMUNE, UN INCONTRO PER PROGETTARE L&#8217;ATTIVIT\u00c0 FUTURA DOMEGGE DI CADORE Si sono ritrovati al Rifugio Padova i vertici della Casa comune che, a livello Veneto, raggruppa Club alpino italiano, Guide alpine e Corpo nazionale soccorso alpino e speleologico, con l&#8217;obiettivo di studiare un percorso condiviso sull&#8217;attivit\u00e0 programmatica che collega le tre realt\u00e0 legate&hellip;<\/p>\n","protected":false},"author":1,"featured_media":95006,"comment_status":"closed","ping_status":"closed","sticky":false,"template":"","format":"standard","meta":{"_monsterinsights_skip_tracking":false,"_monsterinsights_sitenote_active":false,"_monsterinsights_sitenote_note":"","_monsterinsights_sitenote_category":0,"footnotes":""},"categories":[1,49],"tags":[],"class_list":["post-95007","post","type-post","status-publish","format-standard","has-post-thumbnail","hentry","category-senza-categoria","category-news-18","category-1","category-49","description-off"],"img_url":"https:\/\/www.radiopiu.net\/wordpress\/wp-content\/uploads\/2019\/08\/IMG-20190809-WA0004.jpg","_links":{"self":[{"href":"https:\/\/www.radiopiu.net\/wordpress\/wp-json\/wp\/v2\/posts\/95007","targetHints":{"allow":["GET"]}}],"collection":[{"href":"https:\/\/www.radiopiu.net\/wordpress\/wp-json\/wp\/v2\/posts"}],"about":[{"href":"https:\/\/www.radiopiu.net\/wordpress\/wp-json\/wp\/v2\/types\/post"}],"author":[{"embeddable":true,"href":"https:\/\/www.radiopiu.net\/wordpress\/wp-json\/wp\/v2\/users\/1"}],"replies":[{"embeddable":true,"href":"https:\/\/www.radiopiu.net\/wordpress\/wp-json\/wp\/v2\/comments?post=95007"}],"version-history":[{"count":0,"href":"https:\/\/www.radiopiu.net\/wordpress\/wp-json\/wp\/v2\/posts\/95007\/revisions"}],"wp:featuredmedia":[{"embeddable":true,"href":"https:\/\/www.radiopiu.net\/wordpress\/wp-json\/wp\/v2\/media\/95006"}],"wp:attachment":[{"href":"https:\/\/www.radiopiu.net\/wordpress\/wp-json\/wp\/v2\/media?parent=95007"}],"wp:term":[{"taxonomy":"category","embeddable":true,"href":"https:\/\/www.radiopiu.net\/wordpress\/wp-json\/wp\/v2\/categories?post=95007"},{"taxonomy":"post_tag","embeddable":true,"href":"https:\/\/www.radiopiu.net\/wordpress\/wp-json\/wp\/v2\/tags?post=95007"}],"curies":[{"name":"wp","href":"https:\/\/api.w.org\/{rel}","templated":true}]}}