{"id":95031,"date":"2019-08-10T05:19:13","date_gmt":"2019-08-10T03:19:13","guid":{"rendered":"http:\/\/www.radiopiu.net\/wordpress\/?p=95031"},"modified":"2019-08-10T05:27:55","modified_gmt":"2019-08-10T03:27:55","slug":"a-ottobre-un-consiglio-comunale-forse-con-zaia-prioritario-il-problema-idrogeologico","status":"publish","type":"post","link":"https:\/\/www.radiopiu.net\/wordpress\/a-ottobre-un-consiglio-comunale-forse-con-zaia-prioritario-il-problema-idrogeologico\/","title":{"rendered":"A OTTOBRE UN CONSIGLIO COMUNALE FORSE CON ZAIA, PRIORITARIO IL PROBLEMA IDROGEOLOGICO"},"content":{"rendered":"<p><strong><a class=\"dt-pswp-item\" href=\"http:\/\/www.radiopiu.net\/wordpress\/wp-content\/uploads\/2019\/08\/aba5c52a-8d9e-41b5-a0fe-707567aeb252.jpg\" data-dt-img-description=\"\" data-large_image_width=\"1599\" data-large_image_height=\"1200\"><img loading=\"lazy\" decoding=\"async\" class=\" wp-image-95025 alignleft\" src=\"http:\/\/www.radiopiu.net\/wordpress\/wp-content\/uploads\/2019\/08\/aba5c52a-8d9e-41b5-a0fe-707567aeb252-300x225.jpg\" alt=\"\" width=\"208\" height=\"156\" srcset=\"https:\/\/www.radiopiu.net\/wordpress\/wp-content\/uploads\/2019\/08\/aba5c52a-8d9e-41b5-a0fe-707567aeb252-300x225.jpg 300w, https:\/\/www.radiopiu.net\/wordpress\/wp-content\/uploads\/2019\/08\/aba5c52a-8d9e-41b5-a0fe-707567aeb252-768x576.jpg 768w, https:\/\/www.radiopiu.net\/wordpress\/wp-content\/uploads\/2019\/08\/aba5c52a-8d9e-41b5-a0fe-707567aeb252-1024x768.jpg 1024w, https:\/\/www.radiopiu.net\/wordpress\/wp-content\/uploads\/2019\/08\/aba5c52a-8d9e-41b5-a0fe-707567aeb252.jpg 1599w\" sizes=\"auto, (max-width: 208px) 100vw, 208px\" \/><\/a>ROCCA PIETORE<\/strong> A fine estate, probabilmente ad ottobre a Rocca Pietore ci sar\u00e0 un importante consiglio comunale e c&#8217;\u00e8 da scommetterci che ci sar\u00e0 mezzo paese, perch\u00e9 da quella seduta potrebbero emergere le priorit\u00e0 di cui necessit\u00e0 il territorio soprattutto in ambito di rischio idrogeologico. Secondo il primo cittadino Andrea De Bernardin stanno arrivando tanti soldi, confermato anche da Nicola Dell&#8217;Acqua, dirigente regionale e uomo operativo del commissario per l&#8217;Emergenza Luca Zaia,\u00a0 nell&#8217;incontro a Rocca Pietore, occasione ideale per fare il punto della situazione circa i lavori da fare sugli alvei dei torrenti, all&#8217;incontro c&#8217;erano\u00a0 anche il dirigente del Genio Civile Dall&#8217;Armi e dei Servizi Forestali Sommavilla,il vice sindaco Alessandro Darman con il consigliere Danilo Fersuoch<\/p>\n<p>&nbsp;<\/p>\n<p><strong>ANDREA DE BERNARDIN E IL PROBLEMA PRINCIPALE DA AFFRONTARE NEL CONSIGLIO COMUNALE AUTUNNALE ALLA PRESENZA DEL DIRIGENTE DELL&#8217;ACQUA, PROBABILMENTE ANCHE DAL GOVERNATORE LUCA ZAIA, IL COMMISSARIO PER L&#8217;EMERGENZA.<\/strong><\/p>\n<p>&nbsp;<\/p>\n<audio class=\"wp-audio-shortcode\" id=\"audio-95031-1\" preload=\"none\" style=\"width: 100%;\" controls=\"controls\"><source type=\"audio\/mpeg\" src=\"http:\/\/www.radiopiu.net\/wordpress\/wp-content\/uploads\/2019\/08\/ANDREA-1.mp3?_=1\" \/><a href=\"http:\/\/www.radiopiu.net\/wordpress\/wp-content\/uploads\/2019\/08\/ANDREA-1.mp3\">http:\/\/www.radiopiu.net\/wordpress\/wp-content\/uploads\/2019\/08\/ANDREA-1.mp3<\/a><\/audio>\n<p>&nbsp;<\/p>\n<p>L&#8217;altro problema \u00e8 l&#8217;iter: l&#8217;affidamento al progettista, il progetto fino all&#8217;esecutivo, l&#8217;appalto dei lavori, eventuali subappalti. &#8220;Iter dal quale non si scappa&#8221; precisa il sindaco di Rocca Pietore<\/p>\n<p>&nbsp;<\/p>\n<audio class=\"wp-audio-shortcode\" id=\"audio-95031-2\" preload=\"none\" style=\"width: 100%;\" controls=\"controls\"><source type=\"audio\/mpeg\" src=\"http:\/\/www.radiopiu.net\/wordpress\/wp-content\/uploads\/2019\/08\/andrea-2.mp3?_=2\" \/><a href=\"http:\/\/www.radiopiu.net\/wordpress\/wp-content\/uploads\/2019\/08\/andrea-2.mp3\">http:\/\/www.radiopiu.net\/wordpress\/wp-content\/uploads\/2019\/08\/andrea-2.mp3<\/a><\/audio>\n<p>&nbsp;<\/p>\n<p>&nbsp;<\/p>\n<p>&nbsp;<\/p>\n<p>&nbsp;<\/p>\n<p>&nbsp;<\/p>\n","protected":false},"excerpt":{"rendered":"<p>ROCCA PIETORE A fine estate, probabilmente ad ottobre a Rocca Pietore ci sar\u00e0 un importante consiglio comunale e c&#8217;\u00e8 da scommetterci che ci sar\u00e0 mezzo paese, perch\u00e9 da quella seduta potrebbero emergere le priorit\u00e0 di cui necessit\u00e0 il territorio soprattutto in ambito di rischio idrogeologico. Secondo il primo cittadino Andrea De Bernardin stanno arrivando tanti&hellip;<\/p>\n","protected":false},"author":1,"featured_media":95025,"comment_status":"closed","ping_status":"closed","sticky":false,"template":"","format":"standard","meta":{"_monsterinsights_skip_tracking":false,"_monsterinsights_sitenote_active":false,"_monsterinsights_sitenote_note":"","_monsterinsights_sitenote_category":0,"footnotes":""},"categories":[51],"tags":[],"class_list":["post-95031","post","type-post","status-publish","format-standard","has-post-thumbnail","hentry","category-evidenza-top","category-51","description-off"],"img_url":"https:\/\/www.radiopiu.net\/wordpress\/wp-content\/uploads\/2019\/08\/aba5c52a-8d9e-41b5-a0fe-707567aeb252.jpg","_links":{"self":[{"href":"https:\/\/www.radiopiu.net\/wordpress\/wp-json\/wp\/v2\/posts\/95031","targetHints":{"allow":["GET"]}}],"collection":[{"href":"https:\/\/www.radiopiu.net\/wordpress\/wp-json\/wp\/v2\/posts"}],"about":[{"href":"https:\/\/www.radiopiu.net\/wordpress\/wp-json\/wp\/v2\/types\/post"}],"author":[{"embeddable":true,"href":"https:\/\/www.radiopiu.net\/wordpress\/wp-json\/wp\/v2\/users\/1"}],"replies":[{"embeddable":true,"href":"https:\/\/www.radiopiu.net\/wordpress\/wp-json\/wp\/v2\/comments?post=95031"}],"version-history":[{"count":0,"href":"https:\/\/www.radiopiu.net\/wordpress\/wp-json\/wp\/v2\/posts\/95031\/revisions"}],"wp:featuredmedia":[{"embeddable":true,"href":"https:\/\/www.radiopiu.net\/wordpress\/wp-json\/wp\/v2\/media\/95025"}],"wp:attachment":[{"href":"https:\/\/www.radiopiu.net\/wordpress\/wp-json\/wp\/v2\/media?parent=95031"}],"wp:term":[{"taxonomy":"category","embeddable":true,"href":"https:\/\/www.radiopiu.net\/wordpress\/wp-json\/wp\/v2\/categories?post=95031"},{"taxonomy":"post_tag","embeddable":true,"href":"https:\/\/www.radiopiu.net\/wordpress\/wp-json\/wp\/v2\/tags?post=95031"}],"curies":[{"name":"wp","href":"https:\/\/api.w.org\/{rel}","templated":true}]}}