{"id":95042,"date":"2019-08-10T04:00:37","date_gmt":"2019-08-10T02:00:37","guid":{"rendered":"http:\/\/www.radiopiu.net\/wordpress\/?p=95042"},"modified":"2019-08-10T05:30:19","modified_gmt":"2019-08-10T03:30:19","slug":"martedi-prossimo-la-25-edizione-del-giro-podistico-di-falcade","status":"publish","type":"post","link":"https:\/\/www.radiopiu.net\/wordpress\/martedi-prossimo-la-25-edizione-del-giro-podistico-di-falcade\/","title":{"rendered":"MARTEDI&#8217; LA 25\u00b0 EDIZIONE DEL GIRO PODISTICO DI FALCADE"},"content":{"rendered":"<p><a class=\"dt-pswp-item\" href=\"http:\/\/www.radiopiu.net\/wordpress\/wp-content\/uploads\/2019\/08\/GIRO-PODISTICO-FALCADE.jpeg\" data-dt-img-description=\"\" data-large_image_width=\"1600\" data-large_image_height=\"709\"><img loading=\"lazy\" decoding=\"async\" class=\"size-medium wp-image-95043 alignleft\" src=\"http:\/\/www.radiopiu.net\/wordpress\/wp-content\/uploads\/2019\/08\/GIRO-PODISTICO-FALCADE-300x133.jpeg\" alt=\"\" width=\"300\" height=\"133\" srcset=\"https:\/\/www.radiopiu.net\/wordpress\/wp-content\/uploads\/2019\/08\/GIRO-PODISTICO-FALCADE-300x133.jpeg 300w, https:\/\/www.radiopiu.net\/wordpress\/wp-content\/uploads\/2019\/08\/GIRO-PODISTICO-FALCADE-768x340.jpeg 768w, https:\/\/www.radiopiu.net\/wordpress\/wp-content\/uploads\/2019\/08\/GIRO-PODISTICO-FALCADE-1024x454.jpeg 1024w, https:\/\/www.radiopiu.net\/wordpress\/wp-content\/uploads\/2019\/08\/GIRO-PODISTICO-FALCADE.jpeg 1600w\" sizes=\"auto, (max-width: 300px) 100vw, 300px\" \/><\/a>\u00c8 in programma per marted\u00ec 13 agosto la 25\u00b0 edizione del Giro Podistico di Falcade. L&#8217;evento organizzato dallo Sci club Val Biois \u00e8 ormai \u00e8 diventato appuntamento fisso dell&#8217;estate di Falcade e della Valle del Biois: la manifestazione quest&#8217;anno compie infatti 25 anni. Il Giro podistico si svolger\u00e0 nella serata del 13 agosto, con il via alle 18.50. Come consuetudine, il Giro sar\u00e0 preceduto dal Mini Giro (17.ma edizione), evento su chilometraggio ridotto dedicato ai pi\u00f9 piccoli (in questo caso la partenza \u00e8 fissata per le 16). Le iscrizioni sono possibili presso l\u2019Ufficio informazioni turistiche di Falcade (0437\/599062) fino al 12 agosto ma naturalmente sar\u00e0 possibile iscriversi anche il giorno della gara. Come consuetudine, oltre al premio per ogni concorrente (una maglietta tecnica realizzata da AlpenPlus) numerosi saranno i premi per i migliori di ogni categoria. \u00abCome sempre, vogliamo valorizzare al massimo i concorrenti del Giro: per questo i premi saranno numerosissimi\u00bb spiega Matteo Cagnati, presidente dello Sci club Val Biois. \u00abE vogliamo anche che il Giro sia prima di tutto una grande festa: per questo cureremo con grande attenzione il post gara al tendone, dove ci saranno musica e stand gastronomico\u00bb.<\/p>\n<blockquote><p><em><strong>RADIO PIU&#8217; SARA&#8217; PRESENTE A FALCADE CON COLLEGAMENTI IN DIRETTA DURANTE TUTTO IL POMERIGGIO DEDICATO ALLA CORSA<\/strong><\/em><\/p><\/blockquote>\n","protected":false},"excerpt":{"rendered":"<p>\u00c8 in programma per marted\u00ec 13 agosto la 25\u00b0 edizione del Giro Podistico di Falcade. L&#8217;evento organizzato dallo Sci club Val Biois \u00e8 ormai \u00e8 diventato appuntamento fisso dell&#8217;estate di Falcade e della Valle del Biois: la manifestazione quest&#8217;anno compie infatti 25 anni. Il Giro podistico si svolger\u00e0 nella serata del 13 agosto, con il&hellip;<\/p>\n","protected":false},"author":4,"featured_media":95043,"comment_status":"closed","ping_status":"closed","sticky":false,"template":"","format":"standard","meta":{"_monsterinsights_skip_tracking":false,"_monsterinsights_sitenote_active":false,"_monsterinsights_sitenote_note":"","_monsterinsights_sitenote_category":0,"footnotes":""},"categories":[49,72],"tags":[],"class_list":["post-95042","post","type-post","status-publish","format-standard","has-post-thumbnail","hentry","category-news-18","category-sport","category-49","category-72","description-off"],"img_url":"https:\/\/www.radiopiu.net\/wordpress\/wp-content\/uploads\/2019\/08\/GIRO-PODISTICO-FALCADE.jpeg","_links":{"self":[{"href":"https:\/\/www.radiopiu.net\/wordpress\/wp-json\/wp\/v2\/posts\/95042","targetHints":{"allow":["GET"]}}],"collection":[{"href":"https:\/\/www.radiopiu.net\/wordpress\/wp-json\/wp\/v2\/posts"}],"about":[{"href":"https:\/\/www.radiopiu.net\/wordpress\/wp-json\/wp\/v2\/types\/post"}],"author":[{"embeddable":true,"href":"https:\/\/www.radiopiu.net\/wordpress\/wp-json\/wp\/v2\/users\/4"}],"replies":[{"embeddable":true,"href":"https:\/\/www.radiopiu.net\/wordpress\/wp-json\/wp\/v2\/comments?post=95042"}],"version-history":[{"count":0,"href":"https:\/\/www.radiopiu.net\/wordpress\/wp-json\/wp\/v2\/posts\/95042\/revisions"}],"wp:featuredmedia":[{"embeddable":true,"href":"https:\/\/www.radiopiu.net\/wordpress\/wp-json\/wp\/v2\/media\/95043"}],"wp:attachment":[{"href":"https:\/\/www.radiopiu.net\/wordpress\/wp-json\/wp\/v2\/media?parent=95042"}],"wp:term":[{"taxonomy":"category","embeddable":true,"href":"https:\/\/www.radiopiu.net\/wordpress\/wp-json\/wp\/v2\/categories?post=95042"},{"taxonomy":"post_tag","embeddable":true,"href":"https:\/\/www.radiopiu.net\/wordpress\/wp-json\/wp\/v2\/tags?post=95042"}],"curies":[{"name":"wp","href":"https:\/\/api.w.org\/{rel}","templated":true}]}}