{"id":95138,"date":"2019-08-10T16:35:08","date_gmt":"2019-08-10T14:35:08","guid":{"rendered":"http:\/\/www.radiopiu.net\/wordpress\/?p=95138"},"modified":"2019-08-10T16:35:08","modified_gmt":"2019-08-10T14:35:08","slug":"governo-e-autonomia-dinca-risponde-a-zaia-i-veneti-si-troveranno-con-un-pugno-di-mosche-altro-che-nido-di-vespe","status":"publish","type":"post","link":"https:\/\/www.radiopiu.net\/wordpress\/governo-e-autonomia-dinca-risponde-a-zaia-i-veneti-si-troveranno-con-un-pugno-di-mosche-altro-che-nido-di-vespe\/","title":{"rendered":"Governo e Autonomia, D&#8217;Inc\u00e0 risponde a Zaia: &#8220;I veneti si troveranno con un pugno di mosche, altro che nido di vespe&#8221;"},"content":{"rendered":"<p>&#8220;Dopo mesi di attacchi giornalieri di Luca Zaia al M5S \u00e8 ora di raccontare la verit\u00e0. Qualcuno pensa veramente che, durante il tour elettorale nel Sud Italia, Salvini parler\u00e0 di autonomia del Veneto e della Lombardia? Salvini non ha mai avuto nessuna intenzione di chiudere la partita dell\u2019autonomia per due motivi: per prima cosa non conosce la materia e, credo, nemmeno gli interessi; in secondo luogo Salvini sa perfettamente che per &#8216;sbarcare&#8217; al Sud non pu\u00f2 dare l\u2019autonomia alle regioni del Nord.<br \/>\nEcco perch\u00e9 hanno fatto il gioco delle parti, con Zaia a fare il diavolo a quattro con pretese impossibili sotto il profilo costituzionale, in modo poi da scaricare le colpe sul M5S&#8221;. <\/p>\n<p>Lo afferma Federico D&#8217;Inc\u00e0, deputato veneto del Movimento 5 Stelle, in riferimento alle dichiarazioni rilasciate alla stampa dal presidente della Regione Veneto, Luca Zaia. <\/p>\n<p>&#8220;Oggi \u00e8 chiaro che era gi\u00e0 stato tutto deciso a tavolino &#8211; prosegue D&#8217;Inc\u00e0, che aggiunge: Salvini e Zaia sono degli irresponsabili perch\u00e9 eravamo ad un passo da chiudere il tema delle autonomie attraverso la mediazioni del Presidente Conte: alla fine, invece, i veneti si troveranno con un pugno di mosche, altro che nido di vespe&#8221;. <\/p>\n<p>Il deputato del Movimento 5 Stelle precisa alcune azioni messe in atto per la regione: &#8220;Il Veneto \u00e8 stato al centro della visione del Governo ed in particolare del M5S in questo anno e mezzo. Abbiamo destinato 1,575 miliardi di euro per i truffati delle banche e in particolare di quelle venete, grazie alle verifiche fatte dal M5S nei conti dormienti delle assicurazioni. I rimborsi saranno operativi entro poco tempo vista la firma degli ultimi decreti ministeriali da parte del. ministro Tria. Oltre a questo, al Veneto \u00e8 arrivato 1 miliardo di euro per il dopo tempesta Vaia, dei quali 400 milioni di euro sono in cantierizzazione nelle prossime settimane. Poi, quando Zaia vorr\u00e0, come M5S siamo pronti ad un confronto sulla Pedemontana Veneta e, con conti alla mano, potremo finalmente spiegare il costo pazzesco per le tasche dei veneti&#8221;. <\/p>\n","protected":false},"excerpt":{"rendered":"<p>&#8220;Dopo mesi di attacchi giornalieri di Luca Zaia al M5S \u00e8 ora di raccontare la verit\u00e0. Qualcuno pensa veramente che, durante il tour elettorale nel Sud Italia, Salvini parler\u00e0 di autonomia del Veneto e della Lombardia? Salvini non ha mai avuto nessuna intenzione di chiudere la partita dell\u2019autonomia per due motivi: per prima cosa non&hellip;<\/p>\n","protected":false},"author":1,"featured_media":0,"comment_status":"closed","ping_status":"closed","sticky":false,"template":"","format":"standard","meta":{"_monsterinsights_skip_tracking":false,"_monsterinsights_sitenote_active":false,"_monsterinsights_sitenote_note":"","_monsterinsights_sitenote_category":0,"footnotes":""},"categories":[49],"tags":[],"class_list":["post-95138","post","type-post","status-publish","format-standard","hentry","category-news-18","category-49","description-off"],"img_url":false,"_links":{"self":[{"href":"https:\/\/www.radiopiu.net\/wordpress\/wp-json\/wp\/v2\/posts\/95138","targetHints":{"allow":["GET"]}}],"collection":[{"href":"https:\/\/www.radiopiu.net\/wordpress\/wp-json\/wp\/v2\/posts"}],"about":[{"href":"https:\/\/www.radiopiu.net\/wordpress\/wp-json\/wp\/v2\/types\/post"}],"author":[{"embeddable":true,"href":"https:\/\/www.radiopiu.net\/wordpress\/wp-json\/wp\/v2\/users\/1"}],"replies":[{"embeddable":true,"href":"https:\/\/www.radiopiu.net\/wordpress\/wp-json\/wp\/v2\/comments?post=95138"}],"version-history":[{"count":0,"href":"https:\/\/www.radiopiu.net\/wordpress\/wp-json\/wp\/v2\/posts\/95138\/revisions"}],"wp:attachment":[{"href":"https:\/\/www.radiopiu.net\/wordpress\/wp-json\/wp\/v2\/media?parent=95138"}],"wp:term":[{"taxonomy":"category","embeddable":true,"href":"https:\/\/www.radiopiu.net\/wordpress\/wp-json\/wp\/v2\/categories?post=95138"},{"taxonomy":"post_tag","embeddable":true,"href":"https:\/\/www.radiopiu.net\/wordpress\/wp-json\/wp\/v2\/tags?post=95138"}],"curies":[{"name":"wp","href":"https:\/\/api.w.org\/{rel}","templated":true}]}}