{"id":95143,"date":"2019-08-10T18:41:54","date_gmt":"2019-08-10T16:41:54","guid":{"rendered":"http:\/\/www.radiopiu.net\/wordpress\/?p=95143"},"modified":"2019-08-12T06:01:40","modified_gmt":"2019-08-12T04:01:40","slug":"questura-di-belluno-serrati-i-controlli-delle-volanti-sul-rispetto-del-codice-della-strada","status":"publish","type":"post","link":"https:\/\/www.radiopiu.net\/wordpress\/questura-di-belluno-serrati-i-controlli-delle-volanti-sul-rispetto-del-codice-della-strada\/","title":{"rendered":"QUESTURA DI BELLUNO &#8211; SERRATI I CONTROLLI DELLE VOLANTI SUL RISPETTO DEL CODICE DELLA STRADA."},"content":{"rendered":"<p>Continuano i controlli delle Volanti della Questura di Belluno relativamente al rispetto delle norme del Codice della Strada.<br \/>\nNella serata del 06.08 la volante scova un giovane bellunese di 19 anni G.C. alla guida di un\u2019autovettura per lui troppo potente; infatti il giovane, che ha conseguito la patente da pochi mesi, si trovava al volante di auto con un rapporto potenza\/tara (kw\/t) superiore a quello consentito di 55 kw\/t per il primo anno di patente. Al conducente veniva quindi contestata la violazione dell\u2019art. 117 del C.d.S. con una sanzione amministrativa di 165,00 \u20ac e la sospensione della patente da 2 a 8 mesi.<br \/>\nNel pomeriggio del 07.08 invece, in centro a Belluno, l\u2019attenzione del personale delle volanti veniva attirata da un uomo alla guida di un ciclomotore che non aveva allacciato correttamente il casco. Una volta fermato i poliziotti avevano modo di accertare che, oltre al non corretto uso del casco di protezione obbligatorio, al conducente, un cittadino ghanese di 39 anni W.O., era stata revocata la patente di guida nell\u2019aprile scorso, che il veicolo era privo di copertura assicurativa e non era stato sottoposto alla visita di revisione per ben 2 volte. In virt\u00f9 di quanto accertato dai poliziotti venivano elevati al cittadino ghanese sanzioni amministrative per oltre 6400 \u20ac oltre al sequestro del ciclomotore per la sua successiva confisca.<br \/>\nNella mattinata del 08.08 a Ponte nelle Alpi la volante procedeva al controllo di un autocarro e una volta chiesta contezza sulla merce trasportata, scoprivano che un collaboratore del conducente si trovava seduto tra i pezzi d\u2019auto  trasportati nel vano di carico. Al condente, un cittadino ghanese O.F. di 42 anni, veniva contestata la violazione dell\u2019art. 82 del C.d.S. che prevede una sanzione amministrativa di 431,00 \u20ac e la sospensione della carta di circolazione con conseguente fermo del veicolo per un periodo da 1 a 6 mesi.<br \/>\nNella nottata del 09.08, sempre la volante scopriva, da un controllo casuale, un ciclomotore mai sottoposto alla visita di revisione; il mezzo a due ruote, condotto da un giovane bellunese di 18 anni D.B.M., immatricolato nel 2007 non era mai passato sotto il controllo tecnico di un\u2019officina o della motorizzazione civile, infatti al conducente veniva contestato di aver saltato ben 5 revisioni. Il ragazzo veniva quindi sanzionato e dovr\u00e0 pagare una multa di 346,00 \u20ac e non potr\u00e0 pi\u00f9 utilizzare il motorino fino a quando non superer\u00e0 la revisione. <\/p>\n","protected":false},"excerpt":{"rendered":"<p>Continuano i controlli delle Volanti della Questura di Belluno relativamente al rispetto delle norme del Codice della Strada. Nella serata del 06.08 la volante scova un giovane bellunese di 19 anni G.C. alla guida di un\u2019autovettura per lui troppo potente; infatti il giovane, che ha conseguito la patente da pochi mesi, si trovava al volante&hellip;<\/p>\n","protected":false},"author":1,"featured_media":63842,"comment_status":"closed","ping_status":"closed","sticky":false,"template":"","format":"standard","meta":{"_monsterinsights_skip_tracking":false,"_monsterinsights_sitenote_active":false,"_monsterinsights_sitenote_note":"","_monsterinsights_sitenote_category":0,"footnotes":""},"categories":[51,49],"tags":[],"class_list":["post-95143","post","type-post","status-publish","format-standard","has-post-thumbnail","hentry","category-evidenza-top","category-news-18","category-51","category-49","description-off"],"img_url":"https:\/\/www.radiopiu.net\/wordpress\/wp-content\/uploads\/2018\/10\/Volante-Questura-e1762174526775.jpg","_links":{"self":[{"href":"https:\/\/www.radiopiu.net\/wordpress\/wp-json\/wp\/v2\/posts\/95143","targetHints":{"allow":["GET"]}}],"collection":[{"href":"https:\/\/www.radiopiu.net\/wordpress\/wp-json\/wp\/v2\/posts"}],"about":[{"href":"https:\/\/www.radiopiu.net\/wordpress\/wp-json\/wp\/v2\/types\/post"}],"author":[{"embeddable":true,"href":"https:\/\/www.radiopiu.net\/wordpress\/wp-json\/wp\/v2\/users\/1"}],"replies":[{"embeddable":true,"href":"https:\/\/www.radiopiu.net\/wordpress\/wp-json\/wp\/v2\/comments?post=95143"}],"version-history":[{"count":0,"href":"https:\/\/www.radiopiu.net\/wordpress\/wp-json\/wp\/v2\/posts\/95143\/revisions"}],"wp:featuredmedia":[{"embeddable":true,"href":"https:\/\/www.radiopiu.net\/wordpress\/wp-json\/wp\/v2\/media\/63842"}],"wp:attachment":[{"href":"https:\/\/www.radiopiu.net\/wordpress\/wp-json\/wp\/v2\/media?parent=95143"}],"wp:term":[{"taxonomy":"category","embeddable":true,"href":"https:\/\/www.radiopiu.net\/wordpress\/wp-json\/wp\/v2\/categories?post=95143"},{"taxonomy":"post_tag","embeddable":true,"href":"https:\/\/www.radiopiu.net\/wordpress\/wp-json\/wp\/v2\/tags?post=95143"}],"curies":[{"name":"wp","href":"https:\/\/api.w.org\/{rel}","templated":true}]}}