{"id":95184,"date":"2019-08-12T05:33:50","date_gmt":"2019-08-12T03:33:50","guid":{"rendered":"http:\/\/www.radiopiu.net\/wordpress\/?p=95184"},"modified":"2019-08-12T14:42:19","modified_gmt":"2019-08-12T12:42:19","slug":"giornale-radiopiu-12-agosto-2019-direttore-mirko-mezzacasa","status":"publish","type":"post","link":"https:\/\/www.radiopiu.net\/wordpress\/giornale-radiopiu-12-agosto-2019-direttore-mirko-mezzacasa\/","title":{"rendered":"GIORNALE RADIOPIU 12 AGOSTO 2019 DIRETTORE MIRKO MEZZACASA"},"content":{"rendered":"<h3>SCOUT NEI GUAI ALL&#8217;IMBRUNIRE, PROBLEMI AD UN GINOCCHIO PER UN 17ENNE E PER GLI ALTRI LA NECESSITA&#8217; DI UN ALLOGGIO PER LA NOTTE.<\/h3>\n<div><\/div>\n<div>Ieri attorno alle 21 il Soccorso alpino di San Vito di Cadore \u00e8 stato allertato dalla Centrale del 118 per un infortunio sotto il Rifugio San Marco. Mentre scendeva con il suo gruppo scout verso il Rifugio Scotter, un diciassettenne di Rho (MI), ha iniziato ad avere problemi a un ginocchio, finch\u00e8 non \u00e8 pi\u00f9 stato in grado di proseguire. I compagni sono tornati indietro a chiedere aiuto al gestore, componente del Soccorso alpino, che ha dato l&#8217;allarme ed \u00e8 sceso dall&#8217;infortunato. Una squadra \u00e8 salita in jeep e ha raggiunto il gruppo all&#8217;altezza della teleferica. Dopo aver caricato \u00a0a bordo il ragazzo e una delle responsabili, lo ha accompagnato all&#8217;ospedale di Pieve di Cadore per i dovuti accertamenti. Al gruppo, una ventina di giovani, \u00e8 stato poi trovato un luogo dove passare la notte anche con il supporto del Soccorso alpino di Pieve di Cadore.<\/div>\n<p>&nbsp;<\/p>\n<blockquote><p><em>Gestione Servizi Pubblici informa che in\u00a0 Comune di GOSALDO l&#8217;acqua \u00e8 inquinata nelle localit\u00e0 CENCI, MORI, CARCOI, SCUSSEI, PAGANIN E VALLASIN pu\u00f2 quindi essere usata solo previa bollitura\u00a0<\/em><\/p><\/blockquote>\n<p>&nbsp;<\/p>\n<p>&nbsp;<\/p>\n<p><em><strong>FELTRE VIABILITA<\/strong> Per i giorni di mercoled\u00ec 14 e gioved\u00ec 15 agosto 2019 (se necessario) dalle 7alle 17\u00a0 per : &#8220;Sostituzione conduttori elettrodotto 220 kv presso centrale Vellai&#8221; &#8211; l\u2019istituzione, dei seguenti obblighi, divieti e limitazioni: chiusura totale al transito di tutti i veicoli, motocicli e cicli (escluso mezzi di soccorso ed autobus) del tratto di via Borgo Nuovo compreso fra l&#8217;incrocio con via Saluch ed i civici 14 \/ 23\u00a0<\/em><\/p>\n<p>&nbsp;<\/p>\n<p>&nbsp;<\/p>\n<div class=\"\" data-block=\"true\" data-editor=\"4id24\" data-offset-key=\"882mj-0-0\">\n<h2 class=\"_1mf _1mj\" data-offset-key=\"882mj-0-0\"><span data-offset-key=\"882mj-0-0\">METEO: INSTABILIT\u00c0 SUL VENETO, IN ARRIVO ROVESCI E TEMPORALI<\/span><\/h2>\n<\/div>\n<div class=\"\" data-block=\"true\" data-editor=\"4id24\" data-offset-key=\"58anr-0-0\">\n<div class=\"_1mf _1mj\" data-offset-key=\"58anr-0-0\"><span data-offset-key=\"58anr-0-0\"><strong>VENEZIA<\/strong>\u00a0 <\/span>Nella seconda parte della giornata\u00a0 sono previste condizioni di instabilit\u00e0 specie verso sera, con rovesci e temporali da locali a sparsi sulle zone montane e pedemontane, in particolare quelle centro orientali. I fenomeni potranno essere localmente intensi, con forti rovesci, grandinate, forti raffiche di vento. Visti i fenomeni meteorologici previsti il Centro funzionale decentrato della Protezione civile del Veneto ha diramato l\u2019avviso di criticit\u00e0 idrogeologica (\u2018allerta gialla\u2019). <span data-offset-key=\"b0odk-0-0\">\u00a0Per la frana di Borca di Cadore lo stato di attenzione \u00e8 rinforzato.<\/span><\/div>\n<\/div>\n<div data-offset-key=\"4l1qd-0-0\"><\/div>\n<div data-offset-key=\"4l1qd-0-0\"><\/div>\n<div data-offset-key=\"4l1qd-0-0\"><\/div>\n<div data-offset-key=\"4l1qd-0-0\"><\/div>\n<div data-offset-key=\"4l1qd-0-0\"><\/div>\n<blockquote>\n<div data-offset-key=\"4l1qd-0-0\"><\/div>\n<\/blockquote>\n<h2 data-offset-key=\"4l1qd-0-0\"><span style=\"color: #ff0000;\">LO SCATTO<\/span><\/h2>\n<blockquote>\n<h4 style=\"text-align: left;\" data-offset-key=\"4l1qd-0-0\">TAIBON IL COMUNE RESTITUISCE LA STRADA CHE PORTA AD AGORDO<\/h4>\n<h4 style=\"text-align: left;\" data-offset-key=\"4l1qd-0-0\">DALLA LOCALITA&#8217; CAMPAGNA PER PONTE BRUGNACH DOVE VAIA E&#8217; SOLO UN RICORDO<\/h4>\n<\/blockquote>\n<p><a class=\"dt-pswp-item\" href=\"http:\/\/www.radiopiu.net\/wordpress\/wp-content\/uploads\/2019\/08\/WhatsApp-Image-2019-08-10-at-13.41.09.jpeg\" data-dt-img-description=\"\" data-large_image_width=\"903\" data-large_image_height=\"1600\"><img loading=\"lazy\" decoding=\"async\" class=\"alignleft wp-image-95211 \" src=\"http:\/\/www.radiopiu.net\/wordpress\/wp-content\/uploads\/2019\/08\/WhatsApp-Image-2019-08-10-at-13.41.09-578x1024.jpeg\" alt=\"\" width=\"369\" height=\"654\" srcset=\"https:\/\/www.radiopiu.net\/wordpress\/wp-content\/uploads\/2019\/08\/WhatsApp-Image-2019-08-10-at-13.41.09-578x1024.jpeg 578w, https:\/\/www.radiopiu.net\/wordpress\/wp-content\/uploads\/2019\/08\/WhatsApp-Image-2019-08-10-at-13.41.09-169x300.jpeg 169w, https:\/\/www.radiopiu.net\/wordpress\/wp-content\/uploads\/2019\/08\/WhatsApp-Image-2019-08-10-at-13.41.09-768x1361.jpeg 768w, https:\/\/www.radiopiu.net\/wordpress\/wp-content\/uploads\/2019\/08\/WhatsApp-Image-2019-08-10-at-13.41.09.jpeg 903w\" sizes=\"auto, (max-width: 369px) 100vw, 369px\" \/><\/a><\/p>\n<p>&nbsp;<\/p>\n<p>&nbsp;<\/p>\n<p>&nbsp;<\/p>\n<p>&nbsp;<\/p>\n<p>&nbsp;<\/p>\n<p>&nbsp;<\/p>\n<p>&nbsp;<\/p>\n<p>&nbsp;<\/p>\n<p>&nbsp;<\/p>\n<p>&nbsp;<\/p>\n<p>&nbsp;<\/p>\n<p>&nbsp;<\/p>\n<p>&nbsp;<\/p>\n<p>&nbsp;<\/p>\n<p>&nbsp;<\/p>\n<p>&nbsp;<\/p>\n<h2><\/h2>\n<h2><\/h2>\n<h2><\/h2>\n<h2><\/h2>\n<h2><\/h2>\n<p>&nbsp;<\/p>\n<h2>NUDI PRONTI PER L&#8217;AMORE&#8230; SANZIONATI ERANO IN CENTRO A CORTINA<\/h2>\n<p><strong><a class=\"dt-pswp-item\" href=\"http:\/\/www.radiopiu.net\/wordpress\/wp-content\/uploads\/2017\/10\/CC-Cortina.jpg\" data-dt-img-description=\"\" data-large_image_width=\"1328\" data-large_image_height=\"747\"><img loading=\"lazy\" decoding=\"async\" class=\"size-medium wp-image-37433 alignleft\" src=\"http:\/\/www.radiopiu.net\/wordpress\/wp-content\/uploads\/2017\/10\/CC-Cortina-300x169.jpg\" alt=\"\" width=\"300\" height=\"169\" \/><\/a>CORTINA<\/strong> Presi dal caldo si sono spogliati, poi nudi sono stati presi da altro e hanno dato sfogo alla tempesta ormonale. L&#8217;amore \u00e8 cieco, ma i vicini no e hanno chiamato i Carabinieri, in localit\u00e0 La Riva a pochi passi dal centro di Cortina. Il loro intento di consumare il rapporto sessuale \u00e8 stato interrotto e sanzionato. I due trentini: lui di 43 anni, lei 48,<\/p>\n<div class=\"im_history_message_wrap\">\n<div class=\"im_message_outer_wrap hasselect\" data-msg-id=\"2039\">\n<div class=\"im_message_wrap clearfix\">\n<div class=\"im_content_message_wrap im_message_in\">\n<div class=\"im_message_meta pull-right text-right noselect\"><\/div>\n<\/div>\n<\/div>\n<\/div>\n<\/div>\n<div class=\"im_history_message_wrap\">\n<div class=\"im_message_outer_wrap hasselect\" data-msg-id=\"2043\">\n<div class=\"im_message_wrap clearfix\">\n<div class=\"im_content_message_wrap im_message_in\">\n<div class=\"im_message_body\"><\/div>\n<\/div>\n<\/div>\n<\/div>\n<\/div>\n<div class=\"im_history_message_wrap\">\n<div class=\"im_message_outer_wrap hasselect\" data-msg-id=\"2054\">\n<div class=\"im_message_wrap clearfix\">\n<div class=\"im_content_message_wrap im_message_in\">\n<div class=\"im_message_body\">\n<div>\n<blockquote>\n<div class=\"im_message_text\" dir=\"auto\"><em>Chiunque, in luogo pubblico o aperto o esposto al pubblico, compie atti osceni \u00e8 soggetto alla sanzione amministrativa pecuniaria da euro 5.000 a euro 30.000. <\/em><em>Si applica la pena della reclusione da quattro mesi a quattro anni e sei mesi se il fatto \u00e8 commesso all\u2019interno o nelle immediate vicinanze di luoghi abitualmente frequentati da minori e se da ci\u00f2 deriva il pericolo che essi vi assistano. Se il fatto avviene per colpa, si applica la sanzione amministrativa pecuniaria da cinquantuno euro a trecentonove euro.<\/em><\/div>\n<\/blockquote>\n<\/div>\n<\/div>\n<\/div>\n<\/div>\n<\/div>\n<\/div>\n<p>&nbsp;<\/p>\n<p>&nbsp;<\/p>\n<blockquote><p>&nbsp;<\/p><\/blockquote>\n<h2>AGORDO, IL VIDEO, IERI IL BROI DALL&#8217;ALTO<\/h2>\n<div style=\"width: 848px;\" class=\"wp-video\"><video class=\"wp-video-shortcode\" id=\"video-95184-1\" width=\"848\" height=\"480\" preload=\"metadata\" controls=\"controls\"><source type=\"video\/mp4\" src=\"http:\/\/www.radiopiu.net\/wordpress\/wp-content\/uploads\/2019\/08\/WhatsApp-Video-2019-08-11-at-19.26.42.mp4?_=1\" \/><a href=\"http:\/\/www.radiopiu.net\/wordpress\/wp-content\/uploads\/2019\/08\/WhatsApp-Video-2019-08-11-at-19.26.42.mp4\">http:\/\/www.radiopiu.net\/wordpress\/wp-content\/uploads\/2019\/08\/WhatsApp-Video-2019-08-11-at-19.26.42.mp4<\/a><\/video><\/div>\n<h2><\/h2>\n<h2><\/h2>\n<h2><\/h2>\n<p>&nbsp;<\/p>\n<p>&nbsp;<\/p>\n<blockquote><p>&nbsp;<\/p><\/blockquote>\n<h2>I NOSTRI VIGILI DEL FUOCO<\/h2>\n<blockquote>\n<h3>5 gattini salvati da un cassonetto della spazzatura in comune di Calalzo<\/h3>\n<h3>consegnati al\u00a0 personale del canile comunale di Belluno<\/h3>\n<\/blockquote>\n<h2><a class=\"dt-pswp-item\" href=\"http:\/\/www.radiopiu.net\/wordpress\/wp-content\/uploads\/2019\/08\/68296966_10220462895349264_6517334416065298432_n.jpg\" data-dt-img-description=\"\" data-large_image_width=\"576\" data-large_image_height=\"768\"><img loading=\"lazy\" decoding=\"async\" class=\"alignnone wp-image-95237\" src=\"http:\/\/www.radiopiu.net\/wordpress\/wp-content\/uploads\/2019\/08\/68296966_10220462895349264_6517334416065298432_n-225x300.jpg\" alt=\"\" width=\"371\" height=\"495\" srcset=\"https:\/\/www.radiopiu.net\/wordpress\/wp-content\/uploads\/2019\/08\/68296966_10220462895349264_6517334416065298432_n-225x300.jpg 225w, https:\/\/www.radiopiu.net\/wordpress\/wp-content\/uploads\/2019\/08\/68296966_10220462895349264_6517334416065298432_n.jpg 576w\" sizes=\"auto, (max-width: 371px) 100vw, 371px\" \/><\/a><\/h2>\n<p>&nbsp;<\/p>\n<p>&nbsp;<\/p>\n<p>&nbsp;<\/p>\n<h1>Incendio a Feltre (Umin) &#8211; I Vigili del fuoco spengono il fuoco e salvano il cane<\/h1>\n<p><a class=\"dt-pswp-item\" href=\"http:\/\/www.radiopiu.net\/wordpress\/wp-content\/uploads\/2019\/08\/IMG-20190811-WA0034.jpg\" data-dt-img-description=\"\" data-large_image_width=\"1037\" data-large_image_height=\"778\"><img loading=\"lazy\" decoding=\"async\" class=\" wp-image-95244 alignleft\" src=\"http:\/\/www.radiopiu.net\/wordpress\/wp-content\/uploads\/2019\/08\/IMG-20190811-WA0034-300x225.jpg\" alt=\"\" width=\"251\" height=\"188\" srcset=\"https:\/\/www.radiopiu.net\/wordpress\/wp-content\/uploads\/2019\/08\/IMG-20190811-WA0034-300x225.jpg 300w, https:\/\/www.radiopiu.net\/wordpress\/wp-content\/uploads\/2019\/08\/IMG-20190811-WA0034-768x576.jpg 768w, https:\/\/www.radiopiu.net\/wordpress\/wp-content\/uploads\/2019\/08\/IMG-20190811-WA0034-1024x768.jpg 1024w, https:\/\/www.radiopiu.net\/wordpress\/wp-content\/uploads\/2019\/08\/IMG-20190811-WA0034.jpg 1037w\" sizes=\"auto, (max-width: 251px) 100vw, 251px\" \/><\/a><a class=\"dt-pswp-item\" href=\"http:\/\/www.radiopiu.net\/wordpress\/wp-content\/uploads\/2019\/08\/IMG-20190811-WA0035.jpg\" data-dt-img-description=\"\" data-large_image_width=\"1280\" data-large_image_height=\"960\"><img loading=\"lazy\" decoding=\"async\" class=\" wp-image-95245 alignleft\" src=\"http:\/\/www.radiopiu.net\/wordpress\/wp-content\/uploads\/2019\/08\/IMG-20190811-WA0035-300x225.jpg\" alt=\"\" width=\"187\" height=\"140\" srcset=\"https:\/\/www.radiopiu.net\/wordpress\/wp-content\/uploads\/2019\/08\/IMG-20190811-WA0035-300x225.jpg 300w, https:\/\/www.radiopiu.net\/wordpress\/wp-content\/uploads\/2019\/08\/IMG-20190811-WA0035-768x576.jpg 768w, https:\/\/www.radiopiu.net\/wordpress\/wp-content\/uploads\/2019\/08\/IMG-20190811-WA0035-1024x768.jpg 1024w, https:\/\/www.radiopiu.net\/wordpress\/wp-content\/uploads\/2019\/08\/IMG-20190811-WA0035.jpg 1280w\" sizes=\"auto, (max-width: 187px) 100vw, 187px\" \/><\/a>Sabato sera intorno alle 20.00 nella frazione di Umin di Feltre un incendio ha interessato un appartamento al piano terra, all&#8217;arrivo dei VIgili del Fuoco\u00a0 di Feltre non c&#8217;era nessuno in casa ma durante l&#8217;intervento i Vigili del fuoco hanno rinvenuto un cane all&#8217;interno della cucina privo di coscienza, prontamente gli hanno somministrato ossigeno e l&#8217;animale si \u00e8 pian piano ripreso, \u00e8 intervenuto poi il veterinario che ne ha constato il buono stato di salute. La proprietaria arrivava poi successivamente\u00a0 presso della casa e per lo spavento ha avuto un malore per cui \u00e8 stata portata in Ospedale. Le operazioni sono terminate intorno alle 22.00<\/p>\n<p>&nbsp;<\/p>\n<p>&nbsp;<\/p>\n<p>&nbsp;<\/p>\n<h2><\/h2>\n<h2><\/h2>\n<h2><\/h2>\n<h2><\/h2>\n<h2><\/h2>\n<h2><\/h2>\n<h2>MOTO CONTRO AUTO, HANNO LA PEGGIO DUE TRENTINI DI CANAZEI<\/h2>\n<p><a class=\"dt-pswp-item\" href=\"http:\/\/www.radiopiu.net\/wordpress\/wp-content\/uploads\/2019\/08\/df0bc192-29b9-4e7c-bd38-83b9dc91de1b.jpg\" data-dt-img-description=\"\" data-large_image_width=\"1280\" data-large_image_height=\"720\"><img loading=\"lazy\" decoding=\"async\" class=\"size-medium wp-image-95248 alignleft\" src=\"http:\/\/www.radiopiu.net\/wordpress\/wp-content\/uploads\/2019\/08\/df0bc192-29b9-4e7c-bd38-83b9dc91de1b-300x169.jpg\" alt=\"\" width=\"300\" height=\"169\" srcset=\"https:\/\/www.radiopiu.net\/wordpress\/wp-content\/uploads\/2019\/08\/df0bc192-29b9-4e7c-bd38-83b9dc91de1b-300x169.jpg 300w, https:\/\/www.radiopiu.net\/wordpress\/wp-content\/uploads\/2019\/08\/df0bc192-29b9-4e7c-bd38-83b9dc91de1b-768x432.jpg 768w, https:\/\/www.radiopiu.net\/wordpress\/wp-content\/uploads\/2019\/08\/df0bc192-29b9-4e7c-bd38-83b9dc91de1b-1024x576.jpg 1024w, https:\/\/www.radiopiu.net\/wordpress\/wp-content\/uploads\/2019\/08\/df0bc192-29b9-4e7c-bd38-83b9dc91de1b.jpg 1280w\" sizes=\"auto, (max-width: 300px) 100vw, 300px\" \/><\/a><strong>FELTRE<\/strong> Nel pomeriggio nei pressi della cava Garbin a Fonzaso (statale 50) scontro tra una moto con a bordo due ragazzi trentini di Canazei e una Fiat Stilo condotta da un 72enne di Fonzaso. Le condizioni dei due ragazzi lui F.D.\u00a0 31 anni e lei 25 di Soraga di Fassa, all&#8217;inizio sembravano gravi,\u00a0 \u00e8 intervenuto anche l&#8217;elicottero del Suem, all&#8217;ospedale sono giunti con una diagnosi pregna di politraumi, fratture, ma non sono in pericolo di vita. La dinamica allo studio dei Carabinieri di Feltre<\/p>\n<p>&nbsp;<\/p>\n<p>&nbsp;<\/p>\n<p>&nbsp;<\/p>\n<p>&nbsp;<\/p>\n<p>&nbsp;<\/p>\n<h2>TAMPONAMENTO TRA CENTAURI<\/h2>\n<p><strong>BORGO VALBELLUNA<\/strong>\u00a0 Borgo Valbelluna. Tamponamento fra due moto a Trichiana. L&#8217;uomo, A.G.D, di 57 anni e la donna, A.P.M., 56 anni, sono stati portati al Pronto Soccorso dell&#8217;ospedale di Belluno, l&#8217;uno per una frattura composta della scapola, l&#8217;altra per una microfrattura. Entrambi dopo gli accertamenti sono stati dimessi.<\/p>\n<h2><\/h2>\n<p>&nbsp;<\/p>\n<h2>SPALLA, CAVIGLIA E GAMBA IN TRE DALL&#8217;ELICOTTERO AL PRONTO SOCCORSO<\/h2>\n<p><strong>CANALE D&#8217;AGORDO<\/strong> Ieri\u00a0 mattina attorno\u00a0 il Soccorso alpino della Val Biois \u00e8 intervenuto a Canale d&#8217;Agordo, sopra Capanna Cima Comelle, per un&#8217;escursionista che si era procurata la sospetta frattura di un braccio. La donna, T.C., 66 anni, di Belluno, \u00e8 stata raggiunta da una soccorritrice, anche <a class=\"dt-pswp-item\" href=\"http:\/\/www.radiopiu.net\/wordpress\/wp-content\/uploads\/2019\/08\/IMG-20190805-WA0025.jpg\" data-dt-img-description=\"\" data-large_image_width=\"1600\" data-large_image_height=\"1068\"><img loading=\"lazy\" decoding=\"async\" class=\"size-medium wp-image-94422 alignleft\" src=\"http:\/\/www.radiopiu.net\/wordpress\/wp-content\/uploads\/2019\/08\/IMG-20190805-WA0025-300x200.jpg\" alt=\"\" width=\"300\" height=\"200\" srcset=\"https:\/\/www.radiopiu.net\/wordpress\/wp-content\/uploads\/2019\/08\/IMG-20190805-WA0025-300x200.jpg 300w, https:\/\/www.radiopiu.net\/wordpress\/wp-content\/uploads\/2019\/08\/IMG-20190805-WA0025-768x513.jpg 768w, https:\/\/www.radiopiu.net\/wordpress\/wp-content\/uploads\/2019\/08\/IMG-20190805-WA0025-1024x684.jpg 1024w, https:\/\/www.radiopiu.net\/wordpress\/wp-content\/uploads\/2019\/08\/IMG-20190805-WA0025.jpg 1600w\" sizes=\"auto, (max-width: 300px) 100vw, 300px\" \/><\/a>infermiera, che le ha prestato assistenza e la ha accompagnata all&#8217;ambulanza.<\/p>\n<p><strong>VAL DI ZOLDO<\/strong> Nel pomeriggio una squadra del Soccorso alpino della Val di Zoldo si \u00e8 portata in jeep nei pressi di Malga Pioda, dove una donna bellunese, M.P., 68 anni, aveva riportato la probabile rottura di una caviglia e la ha trasportata al rendez vous con l&#8217;ambulanza. Il Soccorso alpino di Alleghe, dopo averla geolocalizzata, \u00e8 andato a prendere con il fuoristrada una turista greca di 66 anni, che si era fatta male a un polso, per condurla fino ai Piani di Pezz\u00e8 e affidarla all&#8217;ambulanza.<\/p>\n<p><strong>PIEVE DI CADORE<\/strong> L&#8217;elicottero del Suem di Pieve di Cadore \u00e8 volato al Rifugio Settimo alpini e ha imbarcato un&#8217;escursionista cilena di 58 anni, con una distorsione alla gamba, per trasportarla all&#8217;ospedale di Belluno.<\/p>\n<p>&nbsp;<\/p>\n<p><strong>FELTRE\u00a0<\/strong> Nel pomeriggio la Centrale del 118 ha ricevuto la chiamata di una coppia di escursionisti in difficolt\u00e0 sul Monte Pizzocco. Scendendo verso Forcella Intrigos dopo aver raggiunto la cima, i due venticinquenni, lei di Mel (BL), lui di Ferrara, a causa della nebbia avevano perso l&#8217;orientamento e non riuscivano pi\u00f9 a ritrovare il sentiero. Dopo averli geolocalizzati e tentato di indirizzarli via telefono, \u00e8 partito il Soccorso alpi<span class=\"text_exposed_show\">no di Feltre. Due soccorritori sono stati trasportati in quota, sotto il limite delle nuvole sul Monte Piz, dall&#8217;elicottero del Suem di Pieve di Cadore, altri 4 sono saliti a piedi dalle Ere. Grazie alle coordinate Gps sono riusciti a individuare i ragazzi, che, sbagliata la traccia, erano scesi di un centinaio di metri rispetto al sentiero in un canalone sotto Forcella Pizzocchetto. Dopo averli raggiunti, i soccorritori li hanno riaccompagnati sul sentiero e sono scesi con loro alle Ere per poi portarli alla macchina con la jeep. <\/span><\/p>\n<p><span class=\"text_exposed_show\"><strong>LIVINALLONGO<\/strong> Verso le 18.30 una squadra del Soccorso alpino di Livinallongo \u00e8 invece intervenuta lungo il sentiero della cascata sul Rio Retiz, un semplice percorso ad anello che per\u00f2 per un tratto di alcuni metri \u00e8 franato dopo il passaggio di Vaia ed \u00e8 attrezzato con un cavo. Nel passare quel punto dopo il marito, un&#8217;escursionista di 45 anni di Monza (MB) \u00e8 scivolata nella scarpata rimanendo appesa alla fune metallica, senza che il compagno riuscisse a tornare da lei. Due soccorritori si sono quindi portati sul posto in una ventina di minuti e la hanno aiutata a risalire sul sentiero.<\/span><\/p>\n<p>&nbsp;<\/p>\n<p>&nbsp;<\/p>\n<p>&nbsp;<\/p>\n<h2>VOLTAGO SABATO L&#8217;ULTIMO SALUTO A RINO DA RONCH\u00a0 SOTTO AL SUO AGNER<\/h2>\n<h2><a class=\"dt-pswp-item\" href=\"http:\/\/www.radiopiu.net\/wordpress\/wp-content\/uploads\/2019\/08\/WhatsApp-Image-2019-08-10-at-16.35.34.jpeg\" data-dt-img-description=\"\" data-large_image_width=\"1600\" data-large_image_height=\"1200\"><img loading=\"lazy\" decoding=\"async\" class=\"alignnone size-medium wp-image-95210\" src=\"http:\/\/www.radiopiu.net\/wordpress\/wp-content\/uploads\/2019\/08\/WhatsApp-Image-2019-08-10-at-16.35.34-300x225.jpeg\" alt=\"\" width=\"300\" height=\"225\" srcset=\"https:\/\/www.radiopiu.net\/wordpress\/wp-content\/uploads\/2019\/08\/WhatsApp-Image-2019-08-10-at-16.35.34-300x225.jpeg 300w, https:\/\/www.radiopiu.net\/wordpress\/wp-content\/uploads\/2019\/08\/WhatsApp-Image-2019-08-10-at-16.35.34-768x576.jpeg 768w, https:\/\/www.radiopiu.net\/wordpress\/wp-content\/uploads\/2019\/08\/WhatsApp-Image-2019-08-10-at-16.35.34-1024x768.jpeg 1024w, https:\/\/www.radiopiu.net\/wordpress\/wp-content\/uploads\/2019\/08\/WhatsApp-Image-2019-08-10-at-16.35.34.jpeg 1600w\" sizes=\"auto, (max-width: 300px) 100vw, 300px\" \/><\/a><a class=\"dt-pswp-item\" href=\"http:\/\/www.radiopiu.net\/wordpress\/wp-content\/uploads\/2019\/08\/WhatsApp-Image-2019-08-10-at-16.35.39.jpeg\" data-dt-img-description=\"\" data-large_image_width=\"1600\" data-large_image_height=\"1200\"><img loading=\"lazy\" decoding=\"async\" class=\"alignnone size-medium wp-image-95209\" src=\"http:\/\/www.radiopiu.net\/wordpress\/wp-content\/uploads\/2019\/08\/WhatsApp-Image-2019-08-10-at-16.35.39-300x225.jpeg\" alt=\"\" width=\"300\" height=\"225\" srcset=\"https:\/\/www.radiopiu.net\/wordpress\/wp-content\/uploads\/2019\/08\/WhatsApp-Image-2019-08-10-at-16.35.39-300x225.jpeg 300w, https:\/\/www.radiopiu.net\/wordpress\/wp-content\/uploads\/2019\/08\/WhatsApp-Image-2019-08-10-at-16.35.39-768x576.jpeg 768w, https:\/\/www.radiopiu.net\/wordpress\/wp-content\/uploads\/2019\/08\/WhatsApp-Image-2019-08-10-at-16.35.39-1024x768.jpeg 1024w, https:\/\/www.radiopiu.net\/wordpress\/wp-content\/uploads\/2019\/08\/WhatsApp-Image-2019-08-10-at-16.35.39.jpeg 1600w\" sizes=\"auto, (max-width: 300px) 100vw, 300px\" \/><\/a><a class=\"dt-pswp-item\" href=\"http:\/\/www.radiopiu.net\/wordpress\/wp-content\/uploads\/2019\/08\/WhatsApp-Image-2019-08-10-at-16.35.39-1.jpeg\" data-dt-img-description=\"\" data-large_image_width=\"1600\" data-large_image_height=\"1200\"><img loading=\"lazy\" decoding=\"async\" class=\"alignnone size-medium wp-image-95208\" src=\"http:\/\/www.radiopiu.net\/wordpress\/wp-content\/uploads\/2019\/08\/WhatsApp-Image-2019-08-10-at-16.35.39-1-300x225.jpeg\" alt=\"\" width=\"300\" height=\"225\" srcset=\"https:\/\/www.radiopiu.net\/wordpress\/wp-content\/uploads\/2019\/08\/WhatsApp-Image-2019-08-10-at-16.35.39-1-300x225.jpeg 300w, https:\/\/www.radiopiu.net\/wordpress\/wp-content\/uploads\/2019\/08\/WhatsApp-Image-2019-08-10-at-16.35.39-1-768x576.jpeg 768w, https:\/\/www.radiopiu.net\/wordpress\/wp-content\/uploads\/2019\/08\/WhatsApp-Image-2019-08-10-at-16.35.39-1-1024x768.jpeg 1024w, https:\/\/www.radiopiu.net\/wordpress\/wp-content\/uploads\/2019\/08\/WhatsApp-Image-2019-08-10-at-16.35.39-1.jpeg 1600w\" sizes=\"auto, (max-width: 300px) 100vw, 300px\" \/><\/a><\/h2>\n<h2><\/h2>\n<h2><\/h2>\n<p>&nbsp;<\/p>\n<p>&nbsp;<\/p>\n<blockquote><p>&nbsp;<\/p><\/blockquote>\n<h2>DA RICORDARE TRA GLI EVENTI PIU&#8217; IMPORTANTI DELLA &#8220;TERRA MIA&#8221;<\/h2>\n<blockquote><p><em>La mia Terra, emozionante viaggio melodico nell\u2019inedito scenario del \u201cBosco degli Artisti\u201d di Falcade.\u00a0 \u00a0Sul palcoscenico i 54 elementi dell\u2019Orchestra Ritmico Sinfonica Italiana diretti da Diego Basso e i giovani coristi del Children, Teen and Young Choirs dell\u2019Art Voice Academy. Letture di Andrea Pennacchi a cura del Teatro Stabile del Veneto <strong>\u201cDa qui alla lunga di Matteo Righetto\u201d<\/strong><\/em><\/p><\/blockquote>\n<p><strong>FALCADE<\/strong> Quando il maestro Diego Basso ha tagliato l&#8217;aria zigzagando con la sua bacchetta si sono alzati agli occhi al cielo, oppure verso valle dove Vaia ha alitato la sua violenza devastando la nostra terra. Nel bosco degli artisti, in mezzo a quegli alberi che ancora troneggiano una moltitudine di cuori e occhi, lacrime pi\u00f9 piccole e lacrime pi\u00f9 grandi\u00a0 perch\u00e9, sar\u00e0 per il ricordo a quel 29 ottobre, o perch\u00e9 la vita non ti risparmia nulla, ma la commozione \u00e8 stata tanta degli oltre 2500 saliti a Le Buse. I 54 musicisti incarnati nel bosco degli artisti con quel coro di bambini e ragazzi hanno interpretato le emozioni come avevano ipotizzato gli organizzatori dell&#8217;evento, su tutti Renzo Minella che di questo concerto ne ha fatto un pensiero fisso giornaliero ormai da mesi trovando in Giorgio Colledet il giusto motore per far volare un evento ben oltre le cime Dolomitiche come dimostrato dai dettagliati e precisi servizi giornalistici sulle reti Rai, nei telegiornali di maggiore ascolto. Ancora una volta Michele Costa con accanto i colleghi sindaci e amministratori ha sfoggiato con orgoglio la fascia tricolore e avendo scordato gli occhiali da sole le sue lacrime di emozione sono state immortalate nei ricordi. (Radio Pi\u00f9 ha trasmesso in diretta facebook gran parte del concerto, visibile nel gruppo RADIO PIU EMITTENTE AGORDINA) (mm)<\/p>\n<h2>IL FINALE&#8230; CHI FERMERA&#8217; LA MUSICA&#8230;.<\/h2>\n<p>https:\/\/www.facebook.com\/mirko.mezzacasa\/videos\/10220454214212241\/<\/p>\n<h2>SINDACO DI FALCADE\u00a0<a class=\"profileLink\" title=\"Michele Costa\" href=\"https:\/\/www.facebook.com\/michele.costa.90834?__tn__=%2CdK-R-R&amp;eid=ARBKYmJMIf_agh-H8xwo3hR8jebzFjcznRDYQmfDyToZ_jtQr1MdLT97Age0ARuzr1-UzJPfYuuRJ8a1&amp;fref=mentions\" data-hovercard=\"\/ajax\/hovercard\/user.php?id=633885047&amp;extragetparams=%7B%22__tn__%22%3A%22%2CdK-R-R%22%2C%22eid%22%3A%22ARBKYmJMIf_agh-H8xwo3hR8jebzFjcznRDYQmfDyToZ_jtQr1MdLT97Age0ARuzr1-UzJPfYuuRJ8a1%22%2C%22fref%22%3A%22mentions%22%7D\" data-hovercard-prefer-more-content-show=\"1\">Michele Costa<\/a>\u00a0E\u00a0<a class=\"profileLink\" title=\"Federico Caner\" href=\"https:\/\/www.facebook.com\/federico.caner?__tn__=%2CdK-R-R&amp;eid=ARA47cKiZMiv86f_tfKOc1Ycfxp4rJ5sVQCK0U4WoWW2xEbGqT8dGUSkBtc5UxGfIqKenO2n1PfTU_BP&amp;fref=mentions\" data-hovercard=\"\/ajax\/hovercard\/user.php?id=1567277165&amp;extragetparams=%7B%22__tn__%22%3A%22%2CdK-R-R%22%2C%22eid%22%3A%22ARA47cKiZMiv86f_tfKOc1Ycfxp4rJ5sVQCK0U4WoWW2xEbGqT8dGUSkBtc5UxGfIqKenO2n1PfTU_BP%22%2C%22fref%22%3A%22mentions%22%7D\" data-hovercard-prefer-more-content-show=\"1\">Federico Caner<\/a> ASSESSORE REGIONALE DA FALCADE BOSCO ARTISTI LE BUSE RENZO MINELLA<\/h2>\n<p>https:\/\/www.facebook.com\/mirko.mezzacasa\/videos\/10220454323654977\/<\/p>\n<p>https:\/\/www.facebook.com\/mirko.mezzacasa\/videos\/10220454267853582\/<\/p>\n<p>&nbsp;<\/p>\n<p>&nbsp;<\/p>\n<p>&nbsp;<\/p>\n<p>&nbsp;<\/p>\n<p>&nbsp;<\/p>\n<h2><a class=\"dt-pswp-item\" href=\"http:\/\/www.radiopiu.net\/wordpress\/wp-content\/uploads\/2017\/07\/I-Ladin-del-Poi-che-bala-2.jpg\" data-dt-img-description=\"\" data-large_image_width=\"2658\" data-large_image_height=\"1387\"><img loading=\"lazy\" decoding=\"async\" class=\"size-medium wp-image-34722 alignleft\" src=\"http:\/\/www.radiopiu.net\/wordpress\/wp-content\/uploads\/2017\/07\/I-Ladin-del-Poi-che-bala-2-300x157.jpg\" alt=\"\" width=\"300\" height=\"157\" \/><\/a>NEI PAESI DEL POI DA VOLTAGO A TISER NESSUNO SI RASSEGNA, IL TURISMO NON E&#8217; SOLO AFFARE DEGLI ALTRI E I COMMERCIANTI S&#8217;INVENTANO &#8220;GIRANDO IL POI&#8221; CON TANTO DI CONCORSO A PREMI<\/h2>\n<p><strong>DI GIANNI SANTOMASO<\/strong><\/p>\n<audio class=\"wp-audio-shortcode\" id=\"audio-95184-1\" preload=\"none\" style=\"width: 100%;\" controls=\"controls\"><source type=\"audio\/mpeg\" src=\"http:\/\/www.radiopiu.net\/wordpress\/wp-content\/uploads\/2019\/08\/GIANNI-POI.mp3?_=1\" \/><a href=\"http:\/\/www.radiopiu.net\/wordpress\/wp-content\/uploads\/2019\/08\/GIANNI-POI.mp3\">http:\/\/www.radiopiu.net\/wordpress\/wp-content\/uploads\/2019\/08\/GIANNI-POI.mp3<\/a><\/audio>\n<p>&nbsp;<\/p>\n<p>&nbsp;<\/p>\n<p>&nbsp;<\/p>\n<p>&nbsp;<\/p>\n<p>&nbsp;<\/p>\n<p>&nbsp;<\/p>\n<h2>DA AGORDO A SAN LUCANO, UN PERCORSO GEOLOGICO DELLE DOLOMITI AGORDINE<\/h2>\n<p><strong><a class=\"dt-pswp-item\" href=\"http:\/\/www.radiopiu.net\/wordpress\/wp-content\/uploads\/2015\/11\/20110615_follador.jpg\" data-dt-img-description=\"\" data-large_image_width=\"500\" data-large_image_height=\"333\"><img loading=\"lazy\" decoding=\"async\" class=\"wp-image-12820 alignleft\" src=\"http:\/\/www.radiopiu.net\/wordpress\/wp-content\/uploads\/2015\/11\/20110615_follador-300x200.jpg\" alt=\"\" width=\"200\" height=\"133\" \/><\/a>AGORDO<\/strong> Interessante offerta turistica ma soprattutto culturale, iniziativa Interreg con l&#8217;istituto Follador, Universit\u00e0 di Innsbruck e il circolo Cultura e Stampa Bellunese.<\/p>\n<p>&nbsp;<\/p>\n<p><strong>di GIANNI SANTOMASO<\/strong><\/p>\n<audio class=\"wp-audio-shortcode\" id=\"audio-95184-2\" preload=\"none\" style=\"width: 100%;\" controls=\"controls\"><source type=\"audio\/mpeg\" src=\"http:\/\/www.radiopiu.net\/wordpress\/wp-content\/uploads\/2019\/08\/gianni-geo.mp3?_=2\" \/><a href=\"http:\/\/www.radiopiu.net\/wordpress\/wp-content\/uploads\/2019\/08\/gianni-geo.mp3\">http:\/\/www.radiopiu.net\/wordpress\/wp-content\/uploads\/2019\/08\/gianni-geo.mp3<\/a><\/audio>\n<p>&nbsp;<\/p>\n\n\t\t\t<style type='text\/css'>\n\t\t\t\t#gallery-1 {\n\t\t\t\t\tmargin: auto;\n\t\t\t\t}\n\t\t\t\t#gallery-1 .gallery-item {\n\t\t\t\t\tfloat: left;\n\t\t\t\t\tmargin-top: 10px;\n\t\t\t\t\ttext-align: center;\n\t\t\t\t\twidth: 33%;\n\t\t\t\t}\n\t\t\t\t#gallery-1 img {\n\t\t\t\t\tborder: 2px solid #cfcfcf;\n\t\t\t\t}\n\t\t\t\t#gallery-1 .gallery-caption {\n\t\t\t\t\tmargin-left: 0;\n\t\t\t\t}\n\t\t\t\t\/* see gallery_shortcode() in wp-includes\/media.php *\/\n\t\t\t<\/style>\n\t\t<div id='gallery-1' class='dt-gallery-container gallery galleryid-95184 gallery-columns-3 gallery-size-thumbnail'><dl class='gallery-item'>\n\t\t\t\t<dt class='gallery-icon landscape'>\n\t\t\t\t\t<a class=\"rollover\" href='https:\/\/www.radiopiu.net\/wordpress\/giornale-radiopiu-12-agosto-2019-direttore-mirko-mezzacasa\/torri-trieste-e-venezia-rit\/'><img loading=\"lazy\" decoding=\"async\" width=\"150\" height=\"150\" src=\"https:\/\/www.radiopiu.net\/wordpress\/wp-content\/uploads\/2019\/08\/torri-trieste-e-venezia-rit-150x150.jpg\" class=\"attachment-thumbnail size-thumbnail\" alt=\"\" \/><\/a>\n\t\t\t\t<\/dt><\/dl><dl class='gallery-item'>\n\t\t\t\t<dt class='gallery-icon landscape'>\n\t\t\t\t\t<a class=\"rollover\" href='https:\/\/www.radiopiu.net\/wordpress\/giornale-radiopiu-12-agosto-2019-direttore-mirko-mezzacasa\/dscf2882\/'><img loading=\"lazy\" decoding=\"async\" width=\"150\" height=\"150\" src=\"https:\/\/www.radiopiu.net\/wordpress\/wp-content\/uploads\/2019\/08\/DSCF2882-150x150.jpg\" class=\"attachment-thumbnail size-thumbnail\" alt=\"\" \/><\/a>\n\t\t\t\t<\/dt><\/dl><dl class='gallery-item'>\n\t\t\t\t<dt class='gallery-icon landscape'>\n\t\t\t\t\t<a class=\"rollover\" href='https:\/\/www.radiopiu.net\/wordpress\/giornale-radiopiu-12-agosto-2019-direttore-mirko-mezzacasa\/dscf2886\/'><img loading=\"lazy\" decoding=\"async\" width=\"150\" height=\"150\" src=\"https:\/\/www.radiopiu.net\/wordpress\/wp-content\/uploads\/2019\/08\/DSCF2886-150x150.jpg\" class=\"attachment-thumbnail size-thumbnail\" alt=\"\" \/><\/a>\n\t\t\t\t<\/dt><\/dl><br style=\"clear: both\" \/><dl class='gallery-item'>\n\t\t\t\t<dt class='gallery-icon landscape'>\n\t\t\t\t\t<a class=\"rollover\" href='https:\/\/www.radiopiu.net\/wordpress\/giornale-radiopiu-10-agosto-2019-direttore-mirko-mezzacasa\/follador2\/'><img loading=\"lazy\" decoding=\"async\" width=\"150\" height=\"150\" src=\"https:\/\/www.radiopiu.net\/wordpress\/wp-content\/uploads\/2019\/08\/follador2-150x150.jpg\" class=\"attachment-thumbnail size-thumbnail\" alt=\"\" \/><\/a>\n\t\t\t\t<\/dt><\/dl><dl class='gallery-item'>\n\t\t\t\t<dt class='gallery-icon landscape'>\n\t\t\t\t\t<a class=\"rollover\" href='https:\/\/www.radiopiu.net\/wordpress\/giornale-radiopiu-10-agosto-2019-direttore-mirko-mezzacasa\/19f108a2-307c-4ae4-8e70-f3d07d0d996a\/'><img loading=\"lazy\" decoding=\"async\" width=\"150\" height=\"150\" src=\"https:\/\/www.radiopiu.net\/wordpress\/wp-content\/uploads\/2019\/08\/19f108a2-307c-4ae4-8e70-f3d07d0d996a-150x150.jpg\" class=\"attachment-thumbnail size-thumbnail\" alt=\"\" \/><\/a>\n\t\t\t\t<\/dt><\/dl><dl class='gallery-item'>\n\t\t\t\t<dt class='gallery-icon landscape'>\n\t\t\t\t\t<a class=\"rollover\" href='https:\/\/www.radiopiu.net\/wordpress\/giornale-radiopiu-10-agosto-2019-direttore-mirko-mezzacasa\/75bb4618-bccd-40de-9801-62cb448b5a5d\/'><img loading=\"lazy\" decoding=\"async\" width=\"150\" height=\"150\" src=\"https:\/\/www.radiopiu.net\/wordpress\/wp-content\/uploads\/2019\/08\/75bb4618-bccd-40de-9801-62cb448b5a5d-150x150.jpg\" class=\"attachment-thumbnail size-thumbnail\" alt=\"\" \/><\/a>\n\t\t\t\t<\/dt><\/dl><br style=\"clear: both\" \/>\n\t\t\t<\/div>\n\n<h2><\/h2>\n<p>&nbsp;<\/p>\n<p>&nbsp;<\/p>\n<blockquote><p>&nbsp;<\/p><\/blockquote>\n<h3>SCUOLABUS E BILANCI COMUNALI: DECRETO SCUOLA FERMO A CAUSA DELLA CRISI DI GOVERNO. BUSSONE (UNCEM): &#8220;LIMBO PERICOLOSO, SOLUZIONE LONTANA SE IL DECRETO NON VA IN GAZZETTA E NON VIENE CONVERTITO&#8221;<br \/>\n<a class=\"dt-pswp-item\" href=\"http:\/\/www.radiopiu.net\/wordpress\/wp-content\/uploads\/2018\/12\/argentera_ferrere-3.jpg\" data-dt-img-description=\"\" data-large_image_width=\"865\" data-large_image_height=\"330\"><img loading=\"lazy\" decoding=\"async\" class=\"alignnone wp-image-71005 size-full\" src=\"http:\/\/www.radiopiu.net\/wordpress\/wp-content\/uploads\/2018\/12\/argentera_ferrere-3.jpg\" alt=\"\" width=\"865\" height=\"330\" srcset=\"https:\/\/www.radiopiu.net\/wordpress\/wp-content\/uploads\/2018\/12\/argentera_ferrere-3.jpg 865w, https:\/\/www.radiopiu.net\/wordpress\/wp-content\/uploads\/2018\/12\/argentera_ferrere-3-300x114.jpg 300w, https:\/\/www.radiopiu.net\/wordpress\/wp-content\/uploads\/2018\/12\/argentera_ferrere-3-768x293.jpg 768w\" sizes=\"auto, (max-width: 865px) 100vw, 865px\" \/><\/a><\/h3>\n<p>&#8220;<strong>Sulla norma &#8216;salva scuolabus&#8217;, contenuta nel Decreto scuola, pesa la crisi di Governo<\/strong>. Il Decreto \u00e8 stato approvato &#8216;salvo intesa&#8217; nel Consiglio dei Ministri. La questione dei precari della scuola da assorbire nelle piante organiche non ha infatti messo d&#8217;accordo le due forze di Governo. Cos\u00ec anche <strong>la norma scuolabus, che modifica il decreto legislativo 63 del 2017, rischia di morire prima di nascere<\/strong>. E di non andare in Gazzetta Ufficiale il 28 agosto come annunciato da diversi Parlamentari. Uncem lo aveva detto, qualche giorno fa: risultato raggiunto s\u00ec, ma aspettiamo l&#8217;intesa prima di cantare vittoria, aspettiamo la pubblicazione del Decreto e la sua conversione. C&#8217;eravamo arrabbiati nei giorni scorsi perch\u00e9 in Parlamento, prima del mese e mezzo di ferie fissato dai Presidenti delle Camere, non si era intervenuto su una norma che riguarda migliaia di piccoli Comuni, in particolare montani, che sarebbero di fatto impossibilitati a cofinanziare o finanziare interamente lo suolabus. Rimaniamo in attesa, sospesi, e senza troppa fiducia alla vigilia di una settimana nella quale si capir\u00e0 che fine fa il Governo. E anche il Decreto Scuola. <strong>Ancora una volta, le autonomie locali sono appese, per una questione non certo banale, ai litigi politici di rappresentanti eletti<\/strong>. La democrazia, le esigenze concrete del Paese, delle famiglie in questo caso, degli Enti locali, delle imprese, restano nel limbo delle polemiche, delle contrapposizioni, della mancanza di visione e di futuro. Tutto fermo, ancora una volta. Mentre noi, Comuni, piccoli, montani, efficaci e senza debiti, i servizi continuiamo a garantirli, allo sviluppo locale vogliamo continuare a pensare, a lavorare. Con un vuoto di potere centrale, con una mancanza di politica e politici, che di certo non fa bene all&#8217;Italia vera, delle comunit\u00e0, delle aree interne e montane. Stiamo a vedere che succede. Ma oggi, <strong>sugli scuolabus e i bilanci comunali, dopo le sentenze della Corte dei Conti, non siamo affatto tranquilli<\/strong>&#8220;.\u00a0 Cos\u00ec Marco Bussone, Presidente nazionale Uncem, Unione dei Comuni, delle Comunit\u00e0 e degli Enti montani.<\/p>\n<p>&nbsp;<\/p>\n<p>&nbsp;<\/p>\n<p>&nbsp;<\/p>\n<p>&nbsp;<\/p>\n<h2>LA RADIO AL SERVIZIO DELLA PROTEZIONE CIVILE<\/h2>\n<p>&nbsp;<\/p>\n<blockquote><p><em>Il senso civico ancora esiste, e per questo afferma Dell\u2019Osbel, voglio ringraziare di cuore indistintamente chi ci ha dato una mano compreso il Comune di Gosaldo che ha svincolato un piccola area soggetta ad uso civico di quattro metri quadri a nostro favore per una cifra simbolica che verr\u00e0 corrisposta dal comune stesso. Da parte nostra rester\u00e0 l\u2019impegno di aiutare il prossimo nel miglior modo possibile.<\/em><\/p><\/blockquote>\n<p>&nbsp;<\/p>\n<p><strong><a class=\"dt-pswp-item\" href=\"http:\/\/www.radiopiu.net\/wordpress\/wp-content\/uploads\/2019\/08\/67979453_2381871418757859_7939937638742491136_o.jpg\" data-dt-img-description=\"\" data-large_image_width=\"1600\" data-large_image_height=\"1200\"><img loading=\"lazy\" decoding=\"async\" class=\"size-medium wp-image-95156 alignleft\" src=\"http:\/\/www.radiopiu.net\/wordpress\/wp-content\/uploads\/2019\/08\/67979453_2381871418757859_7939937638742491136_o-300x225.jpg\" alt=\"\" width=\"300\" height=\"225\" srcset=\"https:\/\/www.radiopiu.net\/wordpress\/wp-content\/uploads\/2019\/08\/67979453_2381871418757859_7939937638742491136_o-300x225.jpg 300w, https:\/\/www.radiopiu.net\/wordpress\/wp-content\/uploads\/2019\/08\/67979453_2381871418757859_7939937638742491136_o-768x576.jpg 768w, https:\/\/www.radiopiu.net\/wordpress\/wp-content\/uploads\/2019\/08\/67979453_2381871418757859_7939937638742491136_o-1024x768.jpg 1024w, https:\/\/www.radiopiu.net\/wordpress\/wp-content\/uploads\/2019\/08\/67979453_2381871418757859_7939937638742491136_o.jpg 1600w\" sizes=\"auto, (max-width: 300px) 100vw, 300px\" \/><\/a>AGORDO<\/strong> Il radio Club \u201cCime Bianche\u201d di Agordo ha concluso i lavori di costruzione di un nuova postazione sul monte Gardellon in Comune di Gosaldo a servizio dei collegamenti radio alternativi in emergenza in caso di calamit\u00e0 naturale. Il vecchio sito che peraltro ha supportato tutta la fase emergenziale della tempesta \u201cVaia\u201d \u00e8 stato spostato in un\u2019area indipendente sulla medesima zona . Francesco Dell\u2019Osbel presidente del sodalizio ha acquisito tutte le autorizzazioni necessarie allo svolgimento dei lavori presso il Comune di Gosaldo, e ha proceduto alla realizzazione dell\u2019infrastruttura. Tale sito ospita i terminali delle due dorsali radio che coprono l\u2019intero Agordino, mettendo in condizione tutti i sindaci di conferire con il COM Centro operativo misto in caso di emergenza, anche con la mancanza di energia elettrica di pi\u00f9 giorni. Inoltre \u00e8 stato installato il nuovo ponte radio e relativo gruppo elettrogeno donato dal Rotary club Belluno che ha la funzione di collegare il centro operativo misto di Agordo con la sala operativa Provinciale presso l\u2019aeroporto di Belluno che fa parte del progetto provinciale dei collegamenti territoriali presentato qualche mese fa ad Alleghe. Per la realizzazione dei lavori si \u00e8 dimostrata una grande disponibilit\u00e0 da parte di pi\u00f9 persone , aziende, ed enti locali hai quali \u00e8 stata chiesta la collaborazione, e che prontamente si sono resi disponibili a titolo gratuito , in quanto i radioamatori del Radio Club hanno competenza solo per installazione degli apparati e relative antenne. Gli scavi del cavidotto e del plinto di fondazione sono stati realizzati con l\u2019escavatore dalla societ\u00e0 DESMA impianti di risalita di forcella Aurine. L\u2019Unione Montana Agordina ha stanziato un contributo pari a euro 1505,12 per le spese progettuali e per le spese dell\u2019utenza enel. La realizzazione del plinto di fondazione \u00e8 stata fatta dalla ditta FABIO TOME\u2019 lavori edili di Taibon Agordino che ha donato i materiali necessari e la manodopera. La fornitura del calcestruzzo \u00e8 stata donata dalla ditta DE PRA di Agordo che ha inviato l\u2019autobotte con quattro metri cubi di calcestruzzo .<\/p>\n<blockquote><p><em>&#8220;Purtroppo dice Francesco Dell&#8217;Osbel &#8211; la strada di accesso al Gardellon \u00e8 ancora impraticabile per la presenza di centinaia di piante abbattute dallo scorso ottobre, e per questo motivo si sono incontrate non poche difficolt\u00e0 a raggiungere il posto lungo la pista di sci sempre bagnata dai temporali estivi. <\/em><em>Per questo motivo \u00e8 stato chiesto alla protezione Civile regionale nella persona del direttore Ing. Luca Soppelsa e dell\u2019assessore Giampaolo Bottacin l\u2019impiego dell\u2019elicottero dell\u2019antincendio per fare il getto del plinto e traporto dei contenitori; la risposta \u00e8 stata prontamente evasa con l\u2019esecuzione di 13 rotazioni in presenza del personale regionale preposto al controllo dell\u2019 utilizzo aereo mobile .<\/em><\/p><\/blockquote>\n<p>Il Radio Club \u201cCime Bianche\u201d ha garantito i collegamenti radio in tutti l\u2019Agordino nei giorni della tempesta \u201cVaia\u201d, e continuer\u00e0 a farlo negli interessi della popolazione , fintanto che trover\u00e0 aiuto disinteressato da parte di tutti ed in particolar modo delle persone ,societ\u00e0, enti.<\/p>\n<p><a class=\"dt-pswp-item\" href=\"http:\/\/www.radiopiu.net\/wordpress\/wp-content\/uploads\/2019\/08\/67377984_2381873758757625_2027345887948177408_o.jpg\" data-dt-img-description=\"\" data-large_image_width=\"1600\" data-large_image_height=\"1200\"><img loading=\"lazy\" decoding=\"async\" class=\"alignnone size-medium wp-image-95153\" src=\"http:\/\/www.radiopiu.net\/wordpress\/wp-content\/uploads\/2019\/08\/67377984_2381873758757625_2027345887948177408_o-300x225.jpg\" alt=\"\" width=\"300\" height=\"225\" srcset=\"https:\/\/www.radiopiu.net\/wordpress\/wp-content\/uploads\/2019\/08\/67377984_2381873758757625_2027345887948177408_o-300x225.jpg 300w, https:\/\/www.radiopiu.net\/wordpress\/wp-content\/uploads\/2019\/08\/67377984_2381873758757625_2027345887948177408_o-768x576.jpg 768w, https:\/\/www.radiopiu.net\/wordpress\/wp-content\/uploads\/2019\/08\/67377984_2381873758757625_2027345887948177408_o-1024x768.jpg 1024w, https:\/\/www.radiopiu.net\/wordpress\/wp-content\/uploads\/2019\/08\/67377984_2381873758757625_2027345887948177408_o.jpg 1600w\" sizes=\"auto, (max-width: 300px) 100vw, 300px\" \/><\/a><a class=\"dt-pswp-item\" href=\"http:\/\/www.radiopiu.net\/wordpress\/wp-content\/uploads\/2019\/08\/67869151_2381873835424284_4613154927307390976_n.jpg\" data-dt-img-description=\"\" data-large_image_width=\"720\" data-large_image_height=\"960\"><img loading=\"lazy\" decoding=\"async\" class=\"alignnone wp-image-95154\" src=\"http:\/\/www.radiopiu.net\/wordpress\/wp-content\/uploads\/2019\/08\/67869151_2381873835424284_4613154927307390976_n-225x300.jpg\" alt=\"\" width=\"170\" height=\"227\" srcset=\"https:\/\/www.radiopiu.net\/wordpress\/wp-content\/uploads\/2019\/08\/67869151_2381873835424284_4613154927307390976_n-225x300.jpg 225w, https:\/\/www.radiopiu.net\/wordpress\/wp-content\/uploads\/2019\/08\/67869151_2381873835424284_4613154927307390976_n.jpg 720w\" sizes=\"auto, (max-width: 170px) 100vw, 170px\" \/><\/a><a class=\"dt-pswp-item\" href=\"http:\/\/www.radiopiu.net\/wordpress\/wp-content\/uploads\/2019\/08\/67507338_2381871405424527_3688001985153335296_o.jpg\" data-dt-img-description=\"\" data-large_image_width=\"1600\" data-large_image_height=\"1200\"><img loading=\"lazy\" decoding=\"async\" class=\"alignnone size-medium wp-image-95155\" src=\"http:\/\/www.radiopiu.net\/wordpress\/wp-content\/uploads\/2019\/08\/67507338_2381871405424527_3688001985153335296_o-300x225.jpg\" alt=\"\" width=\"300\" height=\"225\" srcset=\"https:\/\/www.radiopiu.net\/wordpress\/wp-content\/uploads\/2019\/08\/67507338_2381871405424527_3688001985153335296_o-300x225.jpg 300w, https:\/\/www.radiopiu.net\/wordpress\/wp-content\/uploads\/2019\/08\/67507338_2381871405424527_3688001985153335296_o-768x576.jpg 768w, https:\/\/www.radiopiu.net\/wordpress\/wp-content\/uploads\/2019\/08\/67507338_2381871405424527_3688001985153335296_o-1024x768.jpg 1024w, https:\/\/www.radiopiu.net\/wordpress\/wp-content\/uploads\/2019\/08\/67507338_2381871405424527_3688001985153335296_o.jpg 1600w\" sizes=\"auto, (max-width: 300px) 100vw, 300px\" \/><\/a><\/p>\n<p>&nbsp;<\/p>\n<p>&nbsp;<\/p>\n<p>&nbsp;<\/p>\n<p>&nbsp;<\/p>\n<h2>LE DIRETTE DI RADIO PIU, IERI AD AGORDO PER IL 30ESIMO ANNO MINERALI E FOSSILI AL PALAROVA, INTERVISTA A DINO PRELORAN SUL NUOVO PERCORSO GEOLOGICO, IN VIAGGIO TRA GLI STAND.<\/h2>\n<p>https:\/\/www.facebook.com\/mirko.mezzacasa\/videos\/10220462267733574\/<\/p>\n<p><a class=\"dt-pswp-item\" href=\"http:\/\/www.radiopiu.net\/wordpress\/wp-content\/uploads\/2019\/08\/WhatsApp-Image-2019-08-11-at-10.29.15.jpeg\" data-dt-img-description=\"\" data-large_image_width=\"1599\" data-large_image_height=\"799\"><img loading=\"lazy\" decoding=\"async\" class=\"alignnone size-medium wp-image-95201\" src=\"http:\/\/www.radiopiu.net\/wordpress\/wp-content\/uploads\/2019\/08\/WhatsApp-Image-2019-08-11-at-10.29.15-300x150.jpeg\" alt=\"\" width=\"300\" height=\"150\" srcset=\"https:\/\/www.radiopiu.net\/wordpress\/wp-content\/uploads\/2019\/08\/WhatsApp-Image-2019-08-11-at-10.29.15-300x150.jpeg 300w, https:\/\/www.radiopiu.net\/wordpress\/wp-content\/uploads\/2019\/08\/WhatsApp-Image-2019-08-11-at-10.29.15-768x384.jpeg 768w, https:\/\/www.radiopiu.net\/wordpress\/wp-content\/uploads\/2019\/08\/WhatsApp-Image-2019-08-11-at-10.29.15-1024x512.jpeg 1024w, https:\/\/www.radiopiu.net\/wordpress\/wp-content\/uploads\/2019\/08\/WhatsApp-Image-2019-08-11-at-10.29.15.jpeg 1599w\" sizes=\"auto, (max-width: 300px) 100vw, 300px\" \/><\/a><a class=\"dt-pswp-item\" href=\"http:\/\/www.radiopiu.net\/wordpress\/wp-content\/uploads\/2019\/08\/WhatsApp-Image-2019-08-11-at-10.29.02.jpeg\" data-dt-img-description=\"\" data-large_image_width=\"1599\" data-large_image_height=\"799\"><img loading=\"lazy\" decoding=\"async\" class=\"alignnone size-medium wp-image-95200\" src=\"http:\/\/www.radiopiu.net\/wordpress\/wp-content\/uploads\/2019\/08\/WhatsApp-Image-2019-08-11-at-10.29.02-300x150.jpeg\" alt=\"\" width=\"300\" height=\"150\" srcset=\"https:\/\/www.radiopiu.net\/wordpress\/wp-content\/uploads\/2019\/08\/WhatsApp-Image-2019-08-11-at-10.29.02-300x150.jpeg 300w, https:\/\/www.radiopiu.net\/wordpress\/wp-content\/uploads\/2019\/08\/WhatsApp-Image-2019-08-11-at-10.29.02-768x384.jpeg 768w, https:\/\/www.radiopiu.net\/wordpress\/wp-content\/uploads\/2019\/08\/WhatsApp-Image-2019-08-11-at-10.29.02-1024x512.jpeg 1024w, https:\/\/www.radiopiu.net\/wordpress\/wp-content\/uploads\/2019\/08\/WhatsApp-Image-2019-08-11-at-10.29.02.jpeg 1599w\" sizes=\"auto, (max-width: 300px) 100vw, 300px\" \/><\/a><a class=\"dt-pswp-item\" href=\"http:\/\/www.radiopiu.net\/wordpress\/wp-content\/uploads\/2019\/08\/WhatsApp-Image-2019-08-11-at-10.28.46.jpeg\" data-dt-img-description=\"\" data-large_image_width=\"1599\" data-large_image_height=\"799\"><img loading=\"lazy\" decoding=\"async\" class=\"alignnone size-medium wp-image-95199\" src=\"http:\/\/www.radiopiu.net\/wordpress\/wp-content\/uploads\/2019\/08\/WhatsApp-Image-2019-08-11-at-10.28.46-300x150.jpeg\" alt=\"\" width=\"300\" height=\"150\" srcset=\"https:\/\/www.radiopiu.net\/wordpress\/wp-content\/uploads\/2019\/08\/WhatsApp-Image-2019-08-11-at-10.28.46-300x150.jpeg 300w, https:\/\/www.radiopiu.net\/wordpress\/wp-content\/uploads\/2019\/08\/WhatsApp-Image-2019-08-11-at-10.28.46-768x384.jpeg 768w, https:\/\/www.radiopiu.net\/wordpress\/wp-content\/uploads\/2019\/08\/WhatsApp-Image-2019-08-11-at-10.28.46-1024x512.jpeg 1024w, https:\/\/www.radiopiu.net\/wordpress\/wp-content\/uploads\/2019\/08\/WhatsApp-Image-2019-08-11-at-10.28.46.jpeg 1599w\" sizes=\"auto, (max-width: 300px) 100vw, 300px\" \/><\/a><\/p>\n<p>&nbsp;<\/p>\n<p>&nbsp;<\/p>\n<p>&nbsp;<\/p>\n<p>&nbsp;<\/p>\n<p>&nbsp;<\/p>\n<h2>IERI A PASSO DURAN DA 40 ANNI LA FESTA ALPINA. FOTO RACCONTO<\/h2>\n<blockquote>\n<h3>chiesetta inaugurata nel 1975 &#8230;44 anni<\/h3>\n<\/blockquote>\n<h4>grazie a Leila Zas Friz<\/h4>\n<h3>Celebra la messa Padre Rossano Zas Friz,\u00a0 Gesuita figlio di Alcide Zas Friz in vacanza \u00a0a La Valle, insegna all&#8217;Universit\u00e0 Gregoriana a Roma. Rallegra la cerimonia il Coro parrocchiale di La Valle Agordina. Presenti le ragazze del gruppo Betin Buli<\/h3>\n<blockquote><p><em>NEI DISCORSI UFFICIALI: guerre col bagaglio di morte e distruzione&#8230;la figura degli Alpini come unione, solidariet\u00e0 e allegria che sanno trasmettere a chi \u00e8 nel bisogno<\/em><\/p><\/blockquote>\n<p><a class=\"dt-pswp-item\" href=\"http:\/\/www.radiopiu.net\/wordpress\/wp-content\/uploads\/2019\/08\/WhatsApp-Image-2019-08-11-at-13.13.13.jpeg\" data-dt-img-description=\"\" data-large_image_width=\"1200\" data-large_image_height=\"1600\"><img loading=\"lazy\" decoding=\"async\" class=\"alignnone size-medium wp-image-95193\" src=\"http:\/\/www.radiopiu.net\/wordpress\/wp-content\/uploads\/2019\/08\/WhatsApp-Image-2019-08-11-at-13.13.13-225x300.jpeg\" alt=\"\" width=\"225\" height=\"300\" srcset=\"https:\/\/www.radiopiu.net\/wordpress\/wp-content\/uploads\/2019\/08\/WhatsApp-Image-2019-08-11-at-13.13.13-225x300.jpeg 225w, https:\/\/www.radiopiu.net\/wordpress\/wp-content\/uploads\/2019\/08\/WhatsApp-Image-2019-08-11-at-13.13.13-768x1024.jpeg 768w, https:\/\/www.radiopiu.net\/wordpress\/wp-content\/uploads\/2019\/08\/WhatsApp-Image-2019-08-11-at-13.13.13.jpeg 1200w\" sizes=\"auto, (max-width: 225px) 100vw, 225px\" \/><\/a><a class=\"dt-pswp-item\" href=\"http:\/\/www.radiopiu.net\/wordpress\/wp-content\/uploads\/2019\/08\/WhatsApp-Image-2019-08-11-at-12.36.15.jpeg\" data-dt-img-description=\"\" data-large_image_width=\"1600\" data-large_image_height=\"1200\"><img loading=\"lazy\" decoding=\"async\" class=\"alignnone wp-image-95192\" src=\"http:\/\/www.radiopiu.net\/wordpress\/wp-content\/uploads\/2019\/08\/WhatsApp-Image-2019-08-11-at-12.36.15-300x225.jpeg\" alt=\"\" width=\"400\" height=\"300\" srcset=\"https:\/\/www.radiopiu.net\/wordpress\/wp-content\/uploads\/2019\/08\/WhatsApp-Image-2019-08-11-at-12.36.15-300x225.jpeg 300w, https:\/\/www.radiopiu.net\/wordpress\/wp-content\/uploads\/2019\/08\/WhatsApp-Image-2019-08-11-at-12.36.15-768x576.jpeg 768w, https:\/\/www.radiopiu.net\/wordpress\/wp-content\/uploads\/2019\/08\/WhatsApp-Image-2019-08-11-at-12.36.15-1024x768.jpeg 1024w, https:\/\/www.radiopiu.net\/wordpress\/wp-content\/uploads\/2019\/08\/WhatsApp-Image-2019-08-11-at-12.36.15.jpeg 1600w\" sizes=\"auto, (max-width: 400px) 100vw, 400px\" \/><\/a><a class=\"dt-pswp-item\" href=\"http:\/\/www.radiopiu.net\/wordpress\/wp-content\/uploads\/2019\/08\/WhatsApp-Image-2019-08-11-at-11.09.05.jpeg\" data-dt-img-description=\"\" data-large_image_width=\"1200\" data-large_image_height=\"1600\"><img loading=\"lazy\" decoding=\"async\" class=\"alignnone size-medium wp-image-95189\" src=\"http:\/\/www.radiopiu.net\/wordpress\/wp-content\/uploads\/2019\/08\/WhatsApp-Image-2019-08-11-at-11.09.05-225x300.jpeg\" alt=\"\" width=\"225\" height=\"300\" srcset=\"https:\/\/www.radiopiu.net\/wordpress\/wp-content\/uploads\/2019\/08\/WhatsApp-Image-2019-08-11-at-11.09.05-225x300.jpeg 225w, https:\/\/www.radiopiu.net\/wordpress\/wp-content\/uploads\/2019\/08\/WhatsApp-Image-2019-08-11-at-11.09.05-768x1024.jpeg 768w, https:\/\/www.radiopiu.net\/wordpress\/wp-content\/uploads\/2019\/08\/WhatsApp-Image-2019-08-11-at-11.09.05.jpeg 1200w\" sizes=\"auto, (max-width: 225px) 100vw, 225px\" \/><\/a> <a class=\"dt-pswp-item\" href=\"http:\/\/www.radiopiu.net\/wordpress\/wp-content\/uploads\/2019\/08\/WhatsApp-Image-2019-08-11-at-11.24.13.jpeg\" data-dt-img-description=\"\" data-large_image_width=\"1200\" data-large_image_height=\"1600\"><img loading=\"lazy\" decoding=\"async\" class=\"alignnone size-medium wp-image-95190\" src=\"http:\/\/www.radiopiu.net\/wordpress\/wp-content\/uploads\/2019\/08\/WhatsApp-Image-2019-08-11-at-11.24.13-225x300.jpeg\" alt=\"\" width=\"225\" height=\"300\" srcset=\"https:\/\/www.radiopiu.net\/wordpress\/wp-content\/uploads\/2019\/08\/WhatsApp-Image-2019-08-11-at-11.24.13-225x300.jpeg 225w, https:\/\/www.radiopiu.net\/wordpress\/wp-content\/uploads\/2019\/08\/WhatsApp-Image-2019-08-11-at-11.24.13-768x1024.jpeg 768w, https:\/\/www.radiopiu.net\/wordpress\/wp-content\/uploads\/2019\/08\/WhatsApp-Image-2019-08-11-at-11.24.13.jpeg 1200w\" sizes=\"auto, (max-width: 225px) 100vw, 225px\" \/><\/a><a class=\"dt-pswp-item\" href=\"http:\/\/www.radiopiu.net\/wordpress\/wp-content\/uploads\/2019\/08\/WhatsApp-Image-2019-08-11-at-12.35.09.jpeg\" data-dt-img-description=\"\" data-large_image_width=\"1200\" data-large_image_height=\"1600\"><img loading=\"lazy\" decoding=\"async\" class=\"alignnone size-medium wp-image-95191\" src=\"http:\/\/www.radiopiu.net\/wordpress\/wp-content\/uploads\/2019\/08\/WhatsApp-Image-2019-08-11-at-12.35.09-225x300.jpeg\" alt=\"\" width=\"225\" height=\"300\" srcset=\"https:\/\/www.radiopiu.net\/wordpress\/wp-content\/uploads\/2019\/08\/WhatsApp-Image-2019-08-11-at-12.35.09-225x300.jpeg 225w, https:\/\/www.radiopiu.net\/wordpress\/wp-content\/uploads\/2019\/08\/WhatsApp-Image-2019-08-11-at-12.35.09-768x1024.jpeg 768w, https:\/\/www.radiopiu.net\/wordpress\/wp-content\/uploads\/2019\/08\/WhatsApp-Image-2019-08-11-at-12.35.09.jpeg 1200w\" sizes=\"auto, (max-width: 225px) 100vw, 225px\" \/><\/a><\/p>\n<p>&nbsp;<\/p>\n<p>&nbsp;<\/p>\n<p>&nbsp;<\/p>\n<p>&nbsp;<\/p>\n<p>&nbsp;<\/p>\n<h2><a class=\"dt-pswp-item\" href=\"http:\/\/www.radiopiu.net\/wordpress\/wp-content\/uploads\/2019\/08\/WhatsApp-Image-2019-08-11-at-08.07.38.jpeg\" data-dt-img-description=\"\" data-large_image_width=\"1200\" data-large_image_height=\"1600\"><img loading=\"lazy\" decoding=\"async\" class=\"size-medium wp-image-95195 alignleft\" src=\"http:\/\/www.radiopiu.net\/wordpress\/wp-content\/uploads\/2019\/08\/WhatsApp-Image-2019-08-11-at-08.07.38-225x300.jpeg\" alt=\"\" width=\"225\" height=\"300\" srcset=\"https:\/\/www.radiopiu.net\/wordpress\/wp-content\/uploads\/2019\/08\/WhatsApp-Image-2019-08-11-at-08.07.38-225x300.jpeg 225w, https:\/\/www.radiopiu.net\/wordpress\/wp-content\/uploads\/2019\/08\/WhatsApp-Image-2019-08-11-at-08.07.38-768x1024.jpeg 768w, https:\/\/www.radiopiu.net\/wordpress\/wp-content\/uploads\/2019\/08\/WhatsApp-Image-2019-08-11-at-08.07.38.jpeg 1200w\" sizes=\"auto, (max-width: 225px) 100vw, 225px\" \/><\/a>SABATO A GOSALDO UN CALDO ABBRACCIO ALLA SUA MIRIAM DAL DON<\/h2>\n<p><strong>grazie a Giocondo Dalle Feste<\/strong><\/p>\n<p><strong>GOSALDO<\/strong>\u00a0 Grande serata di musica\u00a0 nell&#8217;ex chiesa di San Giacomo con il concerto per violino e pianoforte della violinista &#8220;Gosaldina&#8221; Miriam Dal Don e al pianoforte Maria Grazia Bellocchio . Nella bellissima chiesa di San Giacomo gremita all&#8217;inverosimile sono stati eseguiti brani di Mozart Beethoven ed \u00e8 stato suonato da Miriam anche uno dei violini creato dalle abili mani di Agostino Marcon di Gosaldo (foto a sinistra)<\/p>\n<p><a class=\"dt-pswp-item\" href=\"http:\/\/www.radiopiu.net\/wordpress\/wp-content\/uploads\/2019\/08\/WhatsApp-Image-2019-08-11-at-08.10.04.jpeg\" data-dt-img-description=\"\" data-large_image_width=\"1600\" data-large_image_height=\"1200\"><img loading=\"lazy\" decoding=\"async\" class=\"alignnone wp-image-95198\" src=\"http:\/\/www.radiopiu.net\/wordpress\/wp-content\/uploads\/2019\/08\/WhatsApp-Image-2019-08-11-at-08.10.04-300x225.jpeg\" alt=\"\" width=\"215\" height=\"161\" srcset=\"https:\/\/www.radiopiu.net\/wordpress\/wp-content\/uploads\/2019\/08\/WhatsApp-Image-2019-08-11-at-08.10.04-300x225.jpeg 300w, https:\/\/www.radiopiu.net\/wordpress\/wp-content\/uploads\/2019\/08\/WhatsApp-Image-2019-08-11-at-08.10.04-768x576.jpeg 768w, https:\/\/www.radiopiu.net\/wordpress\/wp-content\/uploads\/2019\/08\/WhatsApp-Image-2019-08-11-at-08.10.04-1024x768.jpeg 1024w, https:\/\/www.radiopiu.net\/wordpress\/wp-content\/uploads\/2019\/08\/WhatsApp-Image-2019-08-11-at-08.10.04.jpeg 1600w\" sizes=\"auto, (max-width: 215px) 100vw, 215px\" \/><\/a><a class=\"dt-pswp-item\" href=\"http:\/\/www.radiopiu.net\/wordpress\/wp-content\/uploads\/2019\/08\/WhatsApp-Image-2019-08-11-at-08.09.14.jpeg\" data-dt-img-description=\"\" data-large_image_width=\"1600\" data-large_image_height=\"1200\"><img loading=\"lazy\" decoding=\"async\" class=\"alignnone wp-image-95197\" src=\"http:\/\/www.radiopiu.net\/wordpress\/wp-content\/uploads\/2019\/08\/WhatsApp-Image-2019-08-11-at-08.09.14-300x225.jpeg\" alt=\"\" width=\"215\" height=\"161\" srcset=\"https:\/\/www.radiopiu.net\/wordpress\/wp-content\/uploads\/2019\/08\/WhatsApp-Image-2019-08-11-at-08.09.14-300x225.jpeg 300w, https:\/\/www.radiopiu.net\/wordpress\/wp-content\/uploads\/2019\/08\/WhatsApp-Image-2019-08-11-at-08.09.14-768x576.jpeg 768w, https:\/\/www.radiopiu.net\/wordpress\/wp-content\/uploads\/2019\/08\/WhatsApp-Image-2019-08-11-at-08.09.14-1024x768.jpeg 1024w, https:\/\/www.radiopiu.net\/wordpress\/wp-content\/uploads\/2019\/08\/WhatsApp-Image-2019-08-11-at-08.09.14.jpeg 1600w\" sizes=\"auto, (max-width: 215px) 100vw, 215px\" \/><\/a><a class=\"dt-pswp-item\" href=\"http:\/\/www.radiopiu.net\/wordpress\/wp-content\/uploads\/2019\/08\/WhatsApp-Image-2019-08-11-at-08.09.01.jpeg\" data-dt-img-description=\"\" data-large_image_width=\"1600\" data-large_image_height=\"1200\"><img loading=\"lazy\" decoding=\"async\" class=\"alignnone wp-image-95196\" src=\"http:\/\/www.radiopiu.net\/wordpress\/wp-content\/uploads\/2019\/08\/WhatsApp-Image-2019-08-11-at-08.09.01-300x225.jpeg\" alt=\"\" width=\"215\" height=\"162\" srcset=\"https:\/\/www.radiopiu.net\/wordpress\/wp-content\/uploads\/2019\/08\/WhatsApp-Image-2019-08-11-at-08.09.01-300x225.jpeg 300w, https:\/\/www.radiopiu.net\/wordpress\/wp-content\/uploads\/2019\/08\/WhatsApp-Image-2019-08-11-at-08.09.01-768x576.jpeg 768w, https:\/\/www.radiopiu.net\/wordpress\/wp-content\/uploads\/2019\/08\/WhatsApp-Image-2019-08-11-at-08.09.01-1024x768.jpeg 1024w, https:\/\/www.radiopiu.net\/wordpress\/wp-content\/uploads\/2019\/08\/WhatsApp-Image-2019-08-11-at-08.09.01.jpeg 1600w\" sizes=\"auto, (max-width: 215px) 100vw, 215px\" \/><\/a><\/p>\n<h2>LA STANDING OVATION GOSALDINA<\/h2>\n<div style=\"width: 640px;\" class=\"wp-video\"><video class=\"wp-video-shortcode\" id=\"video-95184-2\" width=\"640\" height=\"352\" preload=\"metadata\" controls=\"controls\"><source type=\"video\/mp4\" src=\"http:\/\/www.radiopiu.net\/wordpress\/wp-content\/uploads\/2019\/08\/WhatsApp-Video-2019-08-11-at-08.18.13.mp4?_=2\" \/><a href=\"http:\/\/www.radiopiu.net\/wordpress\/wp-content\/uploads\/2019\/08\/WhatsApp-Video-2019-08-11-at-08.18.13.mp4\">http:\/\/www.radiopiu.net\/wordpress\/wp-content\/uploads\/2019\/08\/WhatsApp-Video-2019-08-11-at-08.18.13.mp4<\/a><\/video><\/div>\n<h2>AL VIOLINO&#8230; MIRIAM DAL DON<\/h2>\n<div style=\"width: 640px;\" class=\"wp-video\"><video class=\"wp-video-shortcode\" id=\"video-95184-3\" width=\"640\" height=\"352\" preload=\"metadata\" controls=\"controls\"><source type=\"video\/mp4\" src=\"http:\/\/www.radiopiu.net\/wordpress\/wp-content\/uploads\/2019\/08\/WhatsApp-Video-2019-08-11-at-14.16.26.mp4?_=3\" \/><a href=\"http:\/\/www.radiopiu.net\/wordpress\/wp-content\/uploads\/2019\/08\/WhatsApp-Video-2019-08-11-at-14.16.26.mp4\">http:\/\/www.radiopiu.net\/wordpress\/wp-content\/uploads\/2019\/08\/WhatsApp-Video-2019-08-11-at-14.16.26.mp4<\/a><\/video><\/div>\n<p>&nbsp;<\/p>\n<p>&nbsp;<\/p>\n<p>&nbsp;<\/p>\n<p>&nbsp;<\/p>\n<h2>CON AGORDO MUSICA ETNO MUSICA SUL BROI, MUSICA CANTI E DANZE, DIRETTE SULLE PAGINE FACEBOOK DI RADIO PIU EMITTENTE AGORDINA<\/h2>\n<p>https:\/\/www.facebook.com\/mirko.mezzacasa\/videos\/10220464353785724\/<\/p>\n<p>&nbsp;<\/p>\n<p>&nbsp;<\/p>\n<p>&nbsp;<\/p>\n<p>&nbsp;<\/p>\n<h1>festa del centenario della Strada del Mis<\/h1>\n<p><strong>grazie a Iole Schiavinato<\/strong><\/p>\n\n\t\t\t<style type='text\/css'>\n\t\t\t\t#gallery-2 {\n\t\t\t\t\tmargin: auto;\n\t\t\t\t}\n\t\t\t\t#gallery-2 .gallery-item {\n\t\t\t\t\tfloat: left;\n\t\t\t\t\tmargin-top: 10px;\n\t\t\t\t\ttext-align: center;\n\t\t\t\t\twidth: 33%;\n\t\t\t\t}\n\t\t\t\t#gallery-2 img {\n\t\t\t\t\tborder: 2px solid #cfcfcf;\n\t\t\t\t}\n\t\t\t\t#gallery-2 .gallery-caption {\n\t\t\t\t\tmargin-left: 0;\n\t\t\t\t}\n\t\t\t\t\/* see gallery_shortcode() in wp-includes\/media.php *\/\n\t\t\t<\/style>\n\t\t<div id='gallery-2' class='dt-gallery-container gallery galleryid-95184 gallery-columns-3 gallery-size-thumbnail'><dl class='gallery-item'>\n\t\t\t\t<dt class='gallery-icon landscape'>\n\t\t\t\t\t<a class=\"rollover\" href='https:\/\/www.radiopiu.net\/wordpress\/giornale-radiopiu-12-agosto-2019-direttore-mirko-mezzacasa\/68251356_2928757974016369_5773028918814572544_n\/'><img loading=\"lazy\" decoding=\"async\" width=\"150\" height=\"150\" src=\"https:\/\/www.radiopiu.net\/wordpress\/wp-content\/uploads\/2019\/08\/68251356_2928757974016369_5773028918814572544_n-150x150.jpg\" class=\"attachment-thumbnail size-thumbnail\" alt=\"\" \/><\/a>\n\t\t\t\t<\/dt><\/dl><dl class='gallery-item'>\n\t\t\t\t<dt class='gallery-icon portrait'>\n\t\t\t\t\t<a class=\"rollover\" href='https:\/\/www.radiopiu.net\/wordpress\/giornale-radiopiu-12-agosto-2019-direttore-mirko-mezzacasa\/68609520_755105774921130_4316892833463140352_n\/'><img loading=\"lazy\" decoding=\"async\" width=\"150\" height=\"150\" src=\"https:\/\/www.radiopiu.net\/wordpress\/wp-content\/uploads\/2019\/08\/68609520_755105774921130_4316892833463140352_n-150x150.jpg\" class=\"attachment-thumbnail size-thumbnail\" alt=\"\" \/><\/a>\n\t\t\t\t<\/dt><\/dl><dl class='gallery-item'>\n\t\t\t\t<dt class='gallery-icon portrait'>\n\t\t\t\t\t<a class=\"rollover\" href='https:\/\/www.radiopiu.net\/wordpress\/giornale-radiopiu-12-agosto-2019-direttore-mirko-mezzacasa\/68601474_481596362660360_3557571477710569472_n\/'><img loading=\"lazy\" decoding=\"async\" width=\"150\" height=\"150\" src=\"https:\/\/www.radiopiu.net\/wordpress\/wp-content\/uploads\/2019\/08\/68601474_481596362660360_3557571477710569472_n-150x150.jpg\" class=\"attachment-thumbnail size-thumbnail\" alt=\"\" \/><\/a>\n\t\t\t\t<\/dt><\/dl><br style=\"clear: both\" \/><dl class='gallery-item'>\n\t\t\t\t<dt class='gallery-icon portrait'>\n\t\t\t\t\t<a class=\"rollover\" href='https:\/\/www.radiopiu.net\/wordpress\/giornale-radiopiu-12-agosto-2019-direttore-mirko-mezzacasa\/67957067_2370186849889973_7875163896921718784_n\/'><img loading=\"lazy\" decoding=\"async\" width=\"150\" height=\"150\" src=\"https:\/\/www.radiopiu.net\/wordpress\/wp-content\/uploads\/2019\/08\/67957067_2370186849889973_7875163896921718784_n-150x150.jpg\" class=\"attachment-thumbnail size-thumbnail\" alt=\"\" \/><\/a>\n\t\t\t\t<\/dt><\/dl><dl class='gallery-item'>\n\t\t\t\t<dt class='gallery-icon portrait'>\n\t\t\t\t\t<a class=\"rollover\" href='https:\/\/www.radiopiu.net\/wordpress\/giornale-radiopiu-12-agosto-2019-direttore-mirko-mezzacasa\/68475684_698470033960152_4115797817509806080_n\/'><img loading=\"lazy\" decoding=\"async\" width=\"150\" height=\"150\" src=\"https:\/\/www.radiopiu.net\/wordpress\/wp-content\/uploads\/2019\/08\/68475684_698470033960152_4115797817509806080_n-150x150.jpg\" class=\"attachment-thumbnail size-thumbnail\" alt=\"\" \/><\/a>\n\t\t\t\t<\/dt><\/dl><dl class='gallery-item'>\n\t\t\t\t<dt class='gallery-icon portrait'>\n\t\t\t\t\t<a class=\"rollover\" href='https:\/\/www.radiopiu.net\/wordpress\/giornale-radiopiu-12-agosto-2019-direttore-mirko-mezzacasa\/67768283_905468406478978_3780502365094805504_n\/'><img loading=\"lazy\" decoding=\"async\" width=\"150\" height=\"150\" src=\"https:\/\/www.radiopiu.net\/wordpress\/wp-content\/uploads\/2019\/08\/67768283_905468406478978_3780502365094805504_n-150x150.jpg\" class=\"attachment-thumbnail size-thumbnail\" alt=\"\" \/><\/a>\n\t\t\t\t<\/dt><\/dl><br style=\"clear: both\" \/>\n\t\t\t<\/div>\n\n<p>&nbsp;<\/p>\n<p>&nbsp;<\/p>\n<p>&nbsp;<\/p>\n<p>&nbsp;<\/p>\n<p>&nbsp;<\/p>\n<p>&nbsp;<\/p>\n<h2>IERI A CASAMATTA LA FESTA ALPINA NEL RICORDO DI ELIANA<\/h2>\n<p><strong>ALLEGHE<\/strong> Festa del soccorso alpino al rifugio Casamatta intitolato a Eliana De Zordo.\u00a0 Un grazie al soccorso alpino da parte dell&#8217;attuale sindaco Danilo De Toni\u00a0 e dai tre predecessori: Siro De Biasio, Claudio Franceschini, Giuseppe Pezz\u00e8<\/p>\n<p><a class=\"dt-pswp-item\" href=\"http:\/\/www.radiopiu.net\/wordpress\/wp-content\/uploads\/2019\/08\/WhatsApp-Image-2019-08-11-at-18.13.42.jpeg\" data-dt-img-description=\"\" data-large_image_width=\"1600\" data-large_image_height=\"1200\"><img loading=\"lazy\" decoding=\"async\" class=\"alignnone wp-image-95257 size-large\" src=\"http:\/\/www.radiopiu.net\/wordpress\/wp-content\/uploads\/2019\/08\/WhatsApp-Image-2019-08-11-at-18.13.42-1024x768.jpeg\" alt=\"\" width=\"1024\" height=\"768\" srcset=\"https:\/\/www.radiopiu.net\/wordpress\/wp-content\/uploads\/2019\/08\/WhatsApp-Image-2019-08-11-at-18.13.42-1024x768.jpeg 1024w, https:\/\/www.radiopiu.net\/wordpress\/wp-content\/uploads\/2019\/08\/WhatsApp-Image-2019-08-11-at-18.13.42-300x225.jpeg 300w, https:\/\/www.radiopiu.net\/wordpress\/wp-content\/uploads\/2019\/08\/WhatsApp-Image-2019-08-11-at-18.13.42-768x576.jpeg 768w, https:\/\/www.radiopiu.net\/wordpress\/wp-content\/uploads\/2019\/08\/WhatsApp-Image-2019-08-11-at-18.13.42.jpeg 1600w\" sizes=\"auto, (max-width: 1024px) 100vw, 1024px\" \/><\/a><\/p>\n<h2>L&#8217;INTERVENTO DEL SINDACO DANILO DE TONI, DA CASAMATTA<\/h2>\n<div style=\"width: 640px;\" class=\"wp-video\"><video class=\"wp-video-shortcode\" id=\"video-95184-4\" width=\"640\" height=\"352\" preload=\"metadata\" controls=\"controls\"><source type=\"video\/mp4\" src=\"http:\/\/www.radiopiu.net\/wordpress\/wp-content\/uploads\/2019\/08\/WhatsApp-Video-2019-08-11-at-18.19.11.mp4?_=4\" \/><a href=\"http:\/\/www.radiopiu.net\/wordpress\/wp-content\/uploads\/2019\/08\/WhatsApp-Video-2019-08-11-at-18.19.11.mp4\">http:\/\/www.radiopiu.net\/wordpress\/wp-content\/uploads\/2019\/08\/WhatsApp-Video-2019-08-11-at-18.19.11.mp4<\/a><\/video><\/div>\n<h3>DALLA RASSEGNA STAMPA DI RADIO PIU, DANILO DE TONI<\/h3>\n<audio class=\"wp-audio-shortcode\" id=\"audio-95184-3\" preload=\"none\" style=\"width: 100%;\" controls=\"controls\"><source type=\"audio\/mpeg\" src=\"http:\/\/www.radiopiu.net\/wordpress\/wp-content\/uploads\/2019\/08\/DANILO.mp3?_=3\" \/><a href=\"http:\/\/www.radiopiu.net\/wordpress\/wp-content\/uploads\/2019\/08\/DANILO.mp3\">http:\/\/www.radiopiu.net\/wordpress\/wp-content\/uploads\/2019\/08\/DANILO.mp3<\/a><\/audio>\n<p>&nbsp;<\/p>\n<p>&nbsp;<\/p>\n<p>&nbsp;<\/p>\n<h2><a class=\"dt-pswp-item\" href=\"http:\/\/www.radiopiu.net\/wordpress\/wp-content\/uploads\/2019\/08\/WhatsApp-Image-2019-08-11-at-12.55.20.jpeg\" data-dt-img-description=\"\" data-large_image_width=\"1489\" data-large_image_height=\"1116\"><img loading=\"lazy\" decoding=\"async\" class=\" wp-image-95194 alignleft\" src=\"http:\/\/www.radiopiu.net\/wordpress\/wp-content\/uploads\/2019\/08\/WhatsApp-Image-2019-08-11-at-12.55.20-300x225.jpeg\" alt=\"\" width=\"261\" height=\"196\" srcset=\"https:\/\/www.radiopiu.net\/wordpress\/wp-content\/uploads\/2019\/08\/WhatsApp-Image-2019-08-11-at-12.55.20-300x225.jpeg 300w, https:\/\/www.radiopiu.net\/wordpress\/wp-content\/uploads\/2019\/08\/WhatsApp-Image-2019-08-11-at-12.55.20-768x576.jpeg 768w, https:\/\/www.radiopiu.net\/wordpress\/wp-content\/uploads\/2019\/08\/WhatsApp-Image-2019-08-11-at-12.55.20-1024x767.jpeg 1024w, https:\/\/www.radiopiu.net\/wordpress\/wp-content\/uploads\/2019\/08\/WhatsApp-Image-2019-08-11-at-12.55.20.jpeg 1489w\" sizes=\"auto, (max-width: 261px) 100vw, 261px\" \/><\/a>SABATO A CAMPEDEL DI TAIBON CON I CASTELLANI<\/h2>\n<p><strong>TAIBON\u00a0<\/strong> I Castelani, gruppo di volontariato locale, ha organizzato una serata culturale presentata da Claudio Pra dedicata al 50mo anniversario dall&#8217; allunaggio. L&#8217;appuntamento, a cui ha partecipato una nutrita folla, aveva anche l&#8217;obbiettivo di radunare le persone del luogo per un momento di incontro e al termine della conferenza non \u00e8 mancato un rinfresco con le buone cose preparate dagli abitanti del luogo. Tra le tante golosit\u00e0 \u00e8 spiccata una strepitosa torta a tema preparata da Paola Paganin, che ricostruiva il momento storico del primo uomo sulla Luna. Per quanto buona \u00e8 stato un peccato tagliarla a fette data la sua bellezza.<\/p>\n<p>&nbsp;<\/p>\n<p>&nbsp;<\/p>\n<p>&nbsp;<\/p>\n<p>&nbsp;<\/p>\n<p>&nbsp;<\/p>\n<h2>IL SINDACO DI BELLUNO A SALERNO PER IL RICORDO DI ANGELO VASSALLO<\/h2>\n<blockquote>\n<h2><strong>Firmato il \u201cPatto dei sindaci per la la cura e la bellezza delle citt\u00e0\u201d<\/strong><\/h2>\n<\/blockquote>\n<p><strong><a class=\"dt-pswp-item\" href=\"http:\/\/www.radiopiu.net\/wordpress\/wp-content\/uploads\/2019\/08\/Firma-patto-sindaci-bellezza-2-e1565527011228.jpeg\" data-dt-img-description=\"\" data-large_image_width=\"1200\" data-large_image_height=\"1600\"><img loading=\"lazy\" decoding=\"async\" class=\"size-medium wp-image-95218 alignleft\" src=\"http:\/\/www.radiopiu.net\/wordpress\/wp-content\/uploads\/2019\/08\/Firma-patto-sindaci-bellezza-2-e1565527011228-225x300.jpeg\" alt=\"\" width=\"225\" height=\"300\" srcset=\"https:\/\/www.radiopiu.net\/wordpress\/wp-content\/uploads\/2019\/08\/Firma-patto-sindaci-bellezza-2-e1565527011228-225x300.jpeg 225w, https:\/\/www.radiopiu.net\/wordpress\/wp-content\/uploads\/2019\/08\/Firma-patto-sindaci-bellezza-2-e1565527011228-768x1024.jpeg 768w, https:\/\/www.radiopiu.net\/wordpress\/wp-content\/uploads\/2019\/08\/Firma-patto-sindaci-bellezza-2-e1565527011228.jpeg 1200w\" sizes=\"auto, (max-width: 225px) 100vw, 225px\" \/><\/a>SALERNO_BELLUNO \u00c8 stato siglato ieri sera a Pollica, in provincia di Salerno, il \u201c\u201cPatto dei sindaci per la la cura e la bellezza delle citt\u00e0\u201d che impegna i primi cittadini nella tutela della bellezza e della legalit\u00e0: l&#8217;occasione \u00e8 stata la cerimonia di consegna del Premio Angelo Vassallo, dedicato alla memoria del sindaco, impegnato nella difesa dell&#8217;ambiente e nella lotta alla criminalit\u00e0, ucciso nel 2010. <\/strong><strong>Tra i sottoscrittori del patto, anche il Sindaco di Belluno, Jacopo Massaro: \u00abQuella di Pollica \u00e8 stata una serata molto toccante, all&#8217;insegna di temi molto sensibili e di cui si parla ancora molto poco. Dopo la consegna del Premio Angelo Vassallo, con il Sindaco di Bari e Presidente ANCI Antonio Decaro, con il rappresentante del sindaco di Milano, di Napoli e di altri comuni abbiamo sottoscritto questo \u201cmanifesto sulla bellezza\u201d, un impegno a lavorare, come gi\u00e0 stiamo facendo a Belluno da tempo, sul tema della bellezza, del recupero delle aree degradate, per recuperare le zone pi\u00f9 disagiate ed evitare quindi quelle condizioni che favoriscono il disagio sociale e l&#8217;illegalit\u00e0. Noi vogliamo continuare a lavorare in questa direzione, nel solco dell&#8217;impegno di Vassallo, con un impegno condiviso tra sindaci che prevede anche lo scambio di buone pratiche fra citt\u00e0 che sono gi\u00e0 fortemente impegnate nella valorizzazione delle proprie bellezze e nel combattere il degrado e l&#8217;abbandono. La creazione di questa rete ci consentir\u00e0 <a class=\"dt-pswp-item\" href=\"http:\/\/www.radiopiu.net\/wordpress\/wp-content\/uploads\/2019\/08\/Firma-patto-sindaci-bellezza-1.jpeg\" data-dt-img-description=\"\" data-large_image_width=\"1024\" data-large_image_height=\"768\"><img loading=\"lazy\" decoding=\"async\" class=\"size-medium wp-image-95216 alignright\" src=\"http:\/\/www.radiopiu.net\/wordpress\/wp-content\/uploads\/2019\/08\/Firma-patto-sindaci-bellezza-1-300x225.jpeg\" alt=\"\" width=\"300\" height=\"225\" srcset=\"https:\/\/www.radiopiu.net\/wordpress\/wp-content\/uploads\/2019\/08\/Firma-patto-sindaci-bellezza-1-300x225.jpeg 300w, https:\/\/www.radiopiu.net\/wordpress\/wp-content\/uploads\/2019\/08\/Firma-patto-sindaci-bellezza-1-768x576.jpeg 768w, https:\/\/www.radiopiu.net\/wordpress\/wp-content\/uploads\/2019\/08\/Firma-patto-sindaci-bellezza-1.jpeg 1024w\" sizes=\"auto, (max-width: 300px) 100vw, 300px\" \/><\/a>quindi, grazie alla collaborazione con le altre realt\u00e0, di continuare il lavoro che a Belluno stiamo portando avanti da sette anni per migliorare la qualit\u00e0 della vita nella nostra citt\u00e0\u00bb. <\/strong><strong>Il patto sottoscritto a Pollica prevede, tra le altre cose: il coinvolgimento delle scuole in attivit\u00e0 di recupero di luoghi e di adozione di spazi pubblici; la sottoscrizione di un codice etico per promuovere l\u2019etica della responsabilit\u00e0 e l\u2019adozione di principi che contemplino misure di trasparenza e di partecipazione; l&#8217;adozione di atti amministrativi che possano diventare buone pratiche per la riduzione del consumo di suolo, per contrastare l\u2019abusivismo edilizio, per implementare il corretto ciclo dei rifiuti e l\u2019economia circolare, a partire da iniziative \u201cplastic free\u201d. <\/strong><strong>Dai sindaci parte anche la proposta a Parlamento e Governo per l&#8217;istituzione di un \u201cFondo nazionale per la bellezza delle citt\u00e0\u201d che consenta ai Comuni di accedere a risorse per progetti a favore del decoro, della sicurezza urbana, della legalit\u00e0, dell\u2019inclusione sociale e del contrasto alle marginalit\u00e0.\u00a0 <\/strong><strong>L&#8217;edizione 2019 del Premio Angelo Vassallo \u00e8 andato a Isabella Conti, sindaco di San Lazzaro di Savena (Bologna) per il suo impegno verso la comunit\u00e0 incardinato sui temi della sostenibilit\u00e0, legalit\u00e0 e valorizzazione del territorio, con uno sguardo sempre rivolto al benessere e alla crescita sociale, in particolare verso i settori dell&#8217;infanzia, scuola e famiglia. <\/strong><strong>Una sezione del premio \u00e8 stata dedicata alla memoria di Emanuele Crestini, il sindaco di Rocca di Papa morto dopo aver messo in salvo i suoi collaboratori in seguito all&#8217;incendio che aveva colpito il municipio.<\/strong><\/p>\n<p>&nbsp;<\/p>\n<p>&nbsp;<\/p>\n<p>&nbsp;<\/p>\n<p><strong>AVVENTURA, LETTERATURA E NATURA: SULL\u2019ALTA VIA DELL\u2019ORSO\u00a0CON L&#8217;AUTORE<\/strong><\/p>\n<p><strong><a class=\"dt-pswp-item\" href=\"http:\/\/www.radiopiu.net\/wordpress\/wp-content\/uploads\/2019\/08\/MAPPA-ORSO-2.jpg\" data-dt-img-description=\"\" data-large_image_width=\"1765\" data-large_image_height=\"1251\"><img loading=\"lazy\" decoding=\"async\" class=\"size-medium wp-image-95071 alignleft\" src=\"http:\/\/www.radiopiu.net\/wordpress\/wp-content\/uploads\/2019\/08\/MAPPA-ORSO-2-300x213.jpg\" alt=\"\" width=\"300\" height=\"213\" srcset=\"https:\/\/www.radiopiu.net\/wordpress\/wp-content\/uploads\/2019\/08\/MAPPA-ORSO-2-300x213.jpg 300w, https:\/\/www.radiopiu.net\/wordpress\/wp-content\/uploads\/2019\/08\/MAPPA-ORSO-2-768x544.jpg 768w, https:\/\/www.radiopiu.net\/wordpress\/wp-content\/uploads\/2019\/08\/MAPPA-ORSO-2-1024x726.jpg 1024w, https:\/\/www.radiopiu.net\/wordpress\/wp-content\/uploads\/2019\/08\/MAPPA-ORSO-2.jpg 1765w\" sizes=\"auto, (max-width: 300px) 100vw, 300px\" \/><\/a>COLLE SANTA LUCIA<\/strong>\u00a0 Gioved\u00ec 15 agosto alle ore 8.30, inaugurazione ed escursione sull&#8217;alta via dell&#8217;Orso con la partecipazione dell\u2019autore del romanzo \u201cLa pelle dell&#8217;orso\u201d, Matteo Righetto. E&#8217; un nuovo itinerario escursionistico, naturalistico e culturale sulle pendici del Monte Pore.da quota 1.450 sale a 1.850, sovrastando la Val Fiorentina per 10, 5 km attorno al massiccio del Pore (gruppo Nuvolau-Averau), per poi scollinare sul versante di Livinallongo del Col di Lana e quindi imboccare la storica Via della Vena, percorsa fin dal Medioevo da minatori e commercianti di ferro e delle pi\u00f9 belle spade d\u2019Europa.<\/p>\n<p>&nbsp;<\/p>\n<p>&nbsp;<\/p>\n<h2><\/h2>\n<h2><\/h2>\n<h2><\/h2>\n<h2><\/h2>\n<h2><\/h2>\n<p>&nbsp;<\/p>\n<p>&nbsp;<\/p>\n<p>&nbsp;<\/p>\n<blockquote><p>&nbsp;<\/p><\/blockquote>\n<h2>IL PALIO DEI CENTO AD AGORDO NEL PROSSIMO FINE SETTIMANA<\/h2>\n<p><a class=\"dt-pswp-item\" href=\"http:\/\/www.radiopiu.net\/wordpress\/wp-content\/uploads\/2018\/08\/TAGLIO-TRONCO.jpg\" data-dt-img-description=\"\" data-large_image_width=\"2016\" data-large_image_height=\"1512\"><img loading=\"lazy\" decoding=\"async\" class=\"size-medium wp-image-58302 alignleft\" src=\"http:\/\/www.radiopiu.net\/wordpress\/wp-content\/uploads\/2018\/08\/TAGLIO-TRONCO-300x225.jpg\" alt=\"\" width=\"300\" height=\"225\" srcset=\"https:\/\/www.radiopiu.net\/wordpress\/wp-content\/uploads\/2018\/08\/TAGLIO-TRONCO-300x225.jpg 300w, https:\/\/www.radiopiu.net\/wordpress\/wp-content\/uploads\/2018\/08\/TAGLIO-TRONCO-768x576.jpg 768w, https:\/\/www.radiopiu.net\/wordpress\/wp-content\/uploads\/2018\/08\/TAGLIO-TRONCO-1024x768.jpg 1024w, https:\/\/www.radiopiu.net\/wordpress\/wp-content\/uploads\/2018\/08\/TAGLIO-TRONCO.jpg 2016w\" sizes=\"auto, (max-width: 300px) 100vw, 300px\" \/><\/a>Mancano pochi giorni al via della 35\u00b0 edizione del Palio dei Cento sul Broi di Agordo. Tutto pronto sul grande prato verde dove le 8 contrade si sfideranno per conquistare il bronzo di Cesare Benvegn\u00f9. A difendere il titolo la frazione di Rif che lo scorso anno aveva vinto con 7 punti di vantaggio su Toccol. Si parte sabato sera con la prima prova, la corsa a staffetta dove \u00e8 in palio il Memorial Toni Guadagnini. Domenica mattina il MiniPalio dedicato ai pi\u00f9 giovani e domenica pomeriggio tutte le altre prove.<\/p>\n<p>&nbsp;<\/p>\n<p>&nbsp;<\/p>\n<p>&nbsp;<\/p>\n<p><strong>AI MICROFONI DI RADIO PIU&#8217;, MATTEO CHISSALE&#8217; (PRESIDENTE DEL COMITATO PALIO)<\/strong><\/p>\n<audio class=\"wp-audio-shortcode\" id=\"audio-95184-4\" preload=\"none\" style=\"width: 100%;\" controls=\"controls\"><source type=\"audio\/mpeg\" src=\"http:\/\/www.radiopiu.net\/wordpress\/wp-content\/uploads\/2019\/08\/matteo-chissa-palio-2019.mp3?_=4\" \/><a href=\"http:\/\/www.radiopiu.net\/wordpress\/wp-content\/uploads\/2019\/08\/matteo-chissa-palio-2019.mp3\">http:\/\/www.radiopiu.net\/wordpress\/wp-content\/uploads\/2019\/08\/matteo-chissa-palio-2019.mp3<\/a><\/audio>\n<p>&nbsp;<\/p>\n<p>&nbsp;<\/p>\n<p>&nbsp;<\/p>\n<p>&nbsp;<\/p>\n<h2 class=\"entry-title\">TASSE: IL GETTITO COMPLESSIVO PIU\u2019 ELEVATO E\u2019 IN LOMBARDIA<\/h2>\n<blockquote class=\"wp-embedded-content\" data-secret=\"2fJOosxbdY\"><p><a href=\"http:\/\/www.radiopiu.net\/wordpress\/tasse-il-gettito-complessivo-piu-elevato-e-in-lombardia\/\">TASSE: IL GETTITO COMPLESSIVO PIU\u2019 ELEVATO E\u2019 IN LOMBARDIA<\/a><\/p><\/blockquote>\n<p><iframe loading=\"lazy\" title=\"&#8220;TASSE: IL GETTITO COMPLESSIVO PIU\u2019 ELEVATO E\u2019 IN LOMBARDIA&#8221; &#8212; Radio Pi\u00f9\" class=\"wp-embedded-content\" sandbox=\"allow-scripts\" security=\"restricted\" style=\"position: absolute; clip: rect(1px, 1px, 1px, 1px);\" src=\"http:\/\/www.radiopiu.net\/wordpress\/tasse-il-gettito-complessivo-piu-elevato-e-in-lombardia\/embed\/#?secret=2fJOosxbdY\" data-secret=\"2fJOosxbdY\" width=\"600\" height=\"338\" frameborder=\"0\" marginwidth=\"0\" marginheight=\"0\" scrolling=\"no\"><\/iframe><\/p>\n<p>&nbsp;<\/p>\n<p>&nbsp;<\/p>\n<p>&nbsp;<\/p>\n<p>&nbsp;<\/p>\n<p><a class=\"dt-pswp-item\" href=\"http:\/\/www.radiopiu.net\/wordpress\/wp-content\/uploads\/2018\/09\/appuntamenti.jpeg\" data-dt-img-description=\"\" data-large_image_width=\"800\" data-large_image_height=\"100\"><img loading=\"lazy\" decoding=\"async\" class=\"alignnone wp-image-61958 size-full\" src=\"http:\/\/www.radiopiu.net\/wordpress\/wp-content\/uploads\/2018\/09\/appuntamenti.jpeg\" alt=\"\" width=\"800\" height=\"100\" srcset=\"https:\/\/www.radiopiu.net\/wordpress\/wp-content\/uploads\/2018\/09\/appuntamenti.jpeg 800w, https:\/\/www.radiopiu.net\/wordpress\/wp-content\/uploads\/2018\/09\/appuntamenti-300x38.jpeg 300w, https:\/\/www.radiopiu.net\/wordpress\/wp-content\/uploads\/2018\/09\/appuntamenti-768x96.jpeg 768w\" sizes=\"auto, (max-width: 800px) 100vw, 800px\" \/><\/a><\/p>\n<div>\n<p><span style=\"color: #ff0000;\"><strong><a class=\"dt-pswp-item\" href=\"http:\/\/www.radiopiu.net\/wordpress\/wp-content\/uploads\/2019\/07\/21231208_1428419980586085_1115215269049052745_n.jpg\" data-dt-img-description=\"\" data-large_image_width=\"661\" data-large_image_height=\"661\"><img loading=\"lazy\" decoding=\"async\" class=\" wp-image-90482 alignleft\" src=\"http:\/\/www.radiopiu.net\/wordpress\/wp-content\/uploads\/2019\/07\/21231208_1428419980586085_1115215269049052745_n-300x300.jpg\" alt=\"\" width=\"145\" height=\"145\" srcset=\"https:\/\/www.radiopiu.net\/wordpress\/wp-content\/uploads\/2019\/07\/21231208_1428419980586085_1115215269049052745_n-300x300.jpg 300w, https:\/\/www.radiopiu.net\/wordpress\/wp-content\/uploads\/2019\/07\/21231208_1428419980586085_1115215269049052745_n-150x150.jpg 150w, https:\/\/www.radiopiu.net\/wordpress\/wp-content\/uploads\/2019\/07\/21231208_1428419980586085_1115215269049052745_n.jpg 661w\" sizes=\"auto, (max-width: 145px) 100vw, 145px\" \/><\/a><\/strong><\/span><\/p>\n<p><span style=\"color: #ff0000;\"><strong>PER IL SECONDO ANNO, PER TUTTA L&#8217;ESTATE: LA &#8220;FABBRICA DELLE EMOZIONI&#8221;, ALLA RADIO IN COLLABORAZIONE CON <a class=\"profileLink\" style=\"color: #ff0000;\" href=\"https:\/\/www.facebook.com\/dersut.taibon\/?__tn__=K-R&amp;eid=ARAWHGS4pY7ErSAGuNNMHp-xra7d294ysugnpoUicWkeK9rjbvd86RDR3SHV57JuBTC7yrMP85kcC7oy&amp;fref=mentions&amp;__xts__%5B0%5D=68.ARA8kEGfdeZlMevmYpMAmAmJ7ziHM_3WogqE61anVHM5V-Ht7pYFd4NJRcEVlK7VIq__zFsG6G8vsxxKnVF1SBmpERHebECtYKNHrf4mG4C4wVmPxxn4uj_nmTIeZglrdIyUPa0dnE3usWWzci033oOnyRS5XDhoavIU-eTU85t_Wp6jFT0-ULRP932r4STxN16bdptt8cef\" data-hovercard=\"\/ajax\/hovercard\/page.php?id=904939246267497&amp;extragetparams=%7B%22__tn__%22%3A%22%2CdK-R-R%22%2C%22eid%22%3A%22ARAWHGS4pY7ErSAGuNNMHp-xra7d294ysugnpoUicWkeK9rjbvd86RDR3SHV57JuBTC7yrMP85kcC7oy%22%2C%22fref%22%3A%22mentions%22%7D\" data-hovercard-prefer-more-content-show=\"1\">Dersut Taibon<\/a>\u00a0EVENTI, APPUNTAMENTI, DIVERTIMENTI NELLA VALLATA AGORDINA. IN ONDA ALLA RADIO NEI NOTIZIARI E NEGLI APPROFONDIMENTI ALLA RADIO E SUL SITO\u00a0<a style=\"color: #ff0000;\" href=\"http:\/\/www.radiopiu.net\/?fbclid=IwAR3Zckh6EArPlP9el3_APl-CxxkfxeumpcmQ4v9HIwZohBUQuztQ4jOimzE\" target=\"_blank\" rel=\"noopener nofollow noreferrer\" data-ft=\"{&quot;tn&quot;:&quot;-U&quot;}\" data-lynx-mode=\"async\" data-lynx-uri=\"https:\/\/l.facebook.com\/l.php?u=http%3A%2F%2FWWW.RADIOPIU.NET%2F%3Ffbclid%3DIwAR3Zckh6EArPlP9el3_APl-CxxkfxeumpcmQ4v9HIwZohBUQuztQ4jOimzE&amp;h=AT3iK2sNf9WjhvLB7AaqYnWzUdWcBNNS_1cXI6UJ3eEvhP4Ym5v2vemsj9TpyM0_qzzb9gjT9sJhgm4I2ZXxgJSAlUfvNTaJwITPvOvqfAuTNdwnWON3ic-lvSbJXWzM3FVSvAgPffEqbH4dYL2TEG6D6xs5TZHrlhUGtTKMYKoPXpBJIF8ke0VZdFkl3YQ7tGdqat-r6rzvDTprheLIjQ7jKZPmLRbVLu1fIKQ2jHEQkMU8LzIZvt_s5FE3Fxl6fUw_HG6Kz2ygpE7qxE3yIyhlOk0wt55c_6ZWHfM2I0PFlpPFgNhCDJwFSVFieE73_LsmFyKeJSBqSnd9p7KBuOYgQAQepyVC8du7dtfKvd60oOKKb1xchMvMyu9mMRYGRKi2y8I7U2WlGyyKbcYHubfjzWI02WXZXcSE97K_yFCYyeqZ2T_hgQJ7vzHhfBlDLdaXxkE\">WWW.RADIOPIU.NET<\/a><\/strong><\/span><\/p>\n<\/div>\n<p>&nbsp;<\/p>\n<p>&nbsp;<\/p>\n<p>&nbsp;<\/p>\n<p>&nbsp;<\/p>\n<p>&nbsp;<\/p>\n<h2><span style=\"color: #ff0000;\">SETTIMANA DI FERRAGOSTO<\/span><\/h2>\n<p>&nbsp;<\/p>\n<h3>PALIO DI AGORDO&#8230; MANCA POCO E SULLA PAGINA FACEBOOK SI CONTANO I GIORNI<\/h3>\n<p><strong><a class=\"dt-pswp-item\" href=\"http:\/\/www.radiopiu.net\/wordpress\/wp-content\/uploads\/2019\/08\/67429045_1494544524020727_6916019827672875008_n.jpg\" data-dt-img-description=\"\" data-large_image_width=\"682\" data-large_image_height=\"960\"><img loading=\"lazy\" decoding=\"async\" class=\"size-medium wp-image-95075 alignleft\" src=\"http:\/\/www.radiopiu.net\/wordpress\/wp-content\/uploads\/2019\/08\/67429045_1494544524020727_6916019827672875008_n-213x300.jpg\" alt=\"\" width=\"213\" height=\"300\" srcset=\"https:\/\/www.radiopiu.net\/wordpress\/wp-content\/uploads\/2019\/08\/67429045_1494544524020727_6916019827672875008_n-213x300.jpg 213w, https:\/\/www.radiopiu.net\/wordpress\/wp-content\/uploads\/2019\/08\/67429045_1494544524020727_6916019827672875008_n.jpg 682w\" sizes=\"auto, (max-width: 213px) 100vw, 213px\" \/><\/a>AGORDO<\/strong> Manca poco pi\u00f9 di una settimana al Palio dei 100!<\/p>\n<p>&nbsp;<\/p>\n<p>&nbsp;<\/p>\n<p>&nbsp;<\/p>\n<p>&nbsp;<\/p>\n<p>&nbsp;<\/p>\n<p>&nbsp;<\/p>\n<p>&nbsp;<\/p>\n<p>&nbsp;<\/p>\n<p>&nbsp;<\/p>\n<p>&nbsp;<\/p>\n<p>&nbsp;<\/p>\n<p>&nbsp;<\/p>\n<p>&nbsp;<\/p>\n<p><a class=\"dt-pswp-item\" href=\"http:\/\/www.radiopiu.net\/wordpress\/wp-content\/uploads\/2019\/08\/68612328_10211574185349912_4022215999162941440_o.jpg\" data-dt-img-description=\"\" data-large_image_width=\"1130\" data-large_image_height=\"1599\"><img loading=\"lazy\" decoding=\"async\" class=\"wp-image-94857 alignleft\" src=\"http:\/\/www.radiopiu.net\/wordpress\/wp-content\/uploads\/2019\/08\/68612328_10211574185349912_4022215999162941440_o-212x300.jpg\" alt=\"\" width=\"148\" height=\"209\" srcset=\"https:\/\/www.radiopiu.net\/wordpress\/wp-content\/uploads\/2019\/08\/68612328_10211574185349912_4022215999162941440_o-212x300.jpg 212w, https:\/\/www.radiopiu.net\/wordpress\/wp-content\/uploads\/2019\/08\/68612328_10211574185349912_4022215999162941440_o-768x1087.jpg 768w, https:\/\/www.radiopiu.net\/wordpress\/wp-content\/uploads\/2019\/08\/68612328_10211574185349912_4022215999162941440_o-724x1024.jpg 724w, https:\/\/www.radiopiu.net\/wordpress\/wp-content\/uploads\/2019\/08\/68612328_10211574185349912_4022215999162941440_o.jpg 1130w\" sizes=\"auto, (max-width: 148px) 100vw, 148px\" \/><\/a><\/p>\n<p><strong>SAN TOMASO QUESTA SERA\u00a0 ALLE ORE 20.30 A CELAT PIAZZA\u00a0 VEGIA, TRIO NA FOIA MUSICHE TRADIZIONALI DOLOMITI\u00a0 DELLE DOLOMITI BELLUNESI. IN CASO DI MALTEMPO PRESSO L ARENA 1082<\/strong><\/p>\n<p><strong>FALCADE<\/strong> Questa sera alle 21 alla Casa della Gioventu&#8217; di Caviola concerto con il Coro Val Biois, canti popolari e di montagna.<\/p>\n<p><strong><a class=\"dt-pswp-item\" href=\"http:\/\/www.radiopiu.net\/wordpress\/wp-content\/uploads\/2019\/08\/a8ec62b0-db63-4845-a459-cc6d1f7dd47d-1.jpg\" data-dt-img-description=\"\" data-large_image_width=\"750\" data-large_image_height=\"779\"><img loading=\"lazy\" decoding=\"async\" class=\" wp-image-94477 alignright\" src=\"http:\/\/www.radiopiu.net\/wordpress\/wp-content\/uploads\/2019\/08\/a8ec62b0-db63-4845-a459-cc6d1f7dd47d-1-289x300.jpg\" alt=\"\" width=\"160\" height=\"166\" srcset=\"https:\/\/www.radiopiu.net\/wordpress\/wp-content\/uploads\/2019\/08\/a8ec62b0-db63-4845-a459-cc6d1f7dd47d-1-289x300.jpg 289w, https:\/\/www.radiopiu.net\/wordpress\/wp-content\/uploads\/2019\/08\/a8ec62b0-db63-4845-a459-cc6d1f7dd47d-1.jpg 750w\" sizes=\"auto, (max-width: 160px) 100vw, 160px\" \/><\/a>LIVINALLONGO<\/strong>\u00a0 Domani alle 17.30 in sala mostre dell&#8217;Ufficio Turistico di Arabba inaugurazione della personale di Nanni De Biasi &#8220;La Bellezza Rivelata&#8221;.<\/p>\n<p><strong>GOSALDO <\/strong>Domani\u00a0al tendone della Proloco gli amici della piazza presentano &#8220;a tutto gnocco&#8221; con specialit\u00e0 emiliane<\/p>\n<p><strong>ALLEGHE<\/strong> Mercoledi da Masare&#8217; di Alleghe il giro del lago\u00a0 (corsa podistica)<\/p>\n<p><strong>ALLEGHE <\/strong>Venerdi 16 agosto concerto a Villa Paganini alle 17 con Les Magots, in serata concorso barche illuminate dalle 21 e fuochi sul lago dalle 23<\/p>\n<p><strong>FALCADE\u00a0<\/strong> sabato alle\u00a0 20.45\u00a0Casa della Giovent\u00f9 di Caviola\u00a0 Proiezione di documentari d&#8217;epoca di Giuseppe Taffarel dal titolo &#8220;C&#8217;era una volta&#8221;, con presentazione del Prof. Mirco Marenco, dell&#8217;Universit\u00e0 degli Studi di Padova<\/p>\n<p>&nbsp;<\/p>\n<p>&nbsp;<\/p>\n<p>&nbsp;<\/p>\n<p>&nbsp;<\/p>\n<p><a class=\"dt-pswp-item\" href=\"http:\/\/www.radiopiu.net\/wordpress\/wp-content\/uploads\/2018\/09\/sport.jpg\" data-dt-img-description=\"\" data-large_image_width=\"800\" data-large_image_height=\"100\"><img loading=\"lazy\" decoding=\"async\" class=\"alignnone wp-image-60761 size-full\" src=\"http:\/\/www.radiopiu.net\/wordpress\/wp-content\/uploads\/2018\/09\/sport.jpg\" alt=\"\" width=\"800\" height=\"100\" srcset=\"https:\/\/www.radiopiu.net\/wordpress\/wp-content\/uploads\/2018\/09\/sport.jpg 800w, https:\/\/www.radiopiu.net\/wordpress\/wp-content\/uploads\/2018\/09\/sport-300x38.jpg 300w, https:\/\/www.radiopiu.net\/wordpress\/wp-content\/uploads\/2018\/09\/sport-768x96.jpg 768w\" sizes=\"auto, (max-width: 800px) 100vw, 800px\" \/><\/a><\/p>\n<h2>AL TAIBON\u00a0 IL TROFEO MIRCO &#8220;SPILLO&#8221; MANFROI<\/h2>\n<p><strong>grazie a Sandro Buffa.<\/strong><\/p>\n<p><strong>CENCENIGHE<\/strong> Si \u00e8 concluso ieri sera al campo sportivo di Cencenighe il memorial in ricordo di &#8220;Spillo&#8221;,\u00a0 Il Taibon vince 3-2 in finale con the\u00a0 Godd Fellas\u00a0 dopo i tempi regolamentari, gol della vittoria di\u00a0 Francesco Chenet il Taibon. In mattinata manifestazione per i ragazzi dagli 8 ai 12 anni: 6 squadre,\u00a0 2 da Cencenighe, 2 da Taibon e 2 da Caprile<\/p>\n\n\t\t\t<style type='text\/css'>\n\t\t\t\t#gallery-3 {\n\t\t\t\t\tmargin: auto;\n\t\t\t\t}\n\t\t\t\t#gallery-3 .gallery-item {\n\t\t\t\t\tfloat: left;\n\t\t\t\t\tmargin-top: 10px;\n\t\t\t\t\ttext-align: center;\n\t\t\t\t\twidth: 33%;\n\t\t\t\t}\n\t\t\t\t#gallery-3 img {\n\t\t\t\t\tborder: 2px solid #cfcfcf;\n\t\t\t\t}\n\t\t\t\t#gallery-3 .gallery-caption {\n\t\t\t\t\tmargin-left: 0;\n\t\t\t\t}\n\t\t\t\t\/* see gallery_shortcode() in wp-includes\/media.php *\/\n\t\t\t<\/style>\n\t\t<div id='gallery-3' class='dt-gallery-container gallery galleryid-95184 gallery-columns-3 gallery-size-thumbnail'><dl class='gallery-item'>\n\t\t\t\t<dt class='gallery-icon landscape'>\n\t\t\t\t\t<a class=\"rollover\" href='https:\/\/www.radiopiu.net\/wordpress\/al-taibon-il-trofeo-mirco-spillo-manfroi\/whatsapp-image-2019-08-11-at-22-13-21\/'><img loading=\"lazy\" decoding=\"async\" width=\"150\" height=\"150\" src=\"https:\/\/www.radiopiu.net\/wordpress\/wp-content\/uploads\/2019\/08\/WhatsApp-Image-2019-08-11-at-22.13.21-150x150.jpeg\" class=\"attachment-thumbnail size-thumbnail\" alt=\"\" aria-describedby=\"gallery-3-95283\" \/><\/a>\n\t\t\t\t<\/dt>\n\t\t\t\t\t<dd class='wp-caption-text gallery-caption' id='gallery-3-95283'>\n\t\t\t\t\tVincitori Taibon\n\t\t\t\t\t<\/dd><\/dl><dl class='gallery-item'>\n\t\t\t\t<dt class='gallery-icon landscape'>\n\t\t\t\t\t<a class=\"rollover\" href='https:\/\/www.radiopiu.net\/wordpress\/al-taibon-il-trofeo-mirco-spillo-manfroi\/whatsapp-image-2019-08-11-at-22-13-47\/'><img loading=\"lazy\" decoding=\"async\" width=\"150\" height=\"150\" src=\"https:\/\/www.radiopiu.net\/wordpress\/wp-content\/uploads\/2019\/08\/WhatsApp-Image-2019-08-11-at-22.13.47-150x150.jpeg\" class=\"attachment-thumbnail size-thumbnail\" alt=\"\" aria-describedby=\"gallery-3-95280\" \/><\/a>\n\t\t\t\t<\/dt>\n\t\t\t\t\t<dd class='wp-caption-text gallery-caption' id='gallery-3-95280'>\n\t\t\t\t\tSecondo posto The Good Fellas\n\t\t\t\t\t<\/dd><\/dl><dl class='gallery-item'>\n\t\t\t\t<dt class='gallery-icon landscape'>\n\t\t\t\t\t<a class=\"rollover\" href='https:\/\/www.radiopiu.net\/wordpress\/al-taibon-il-trofeo-mirco-spillo-manfroi\/whatsapp-image-2019-08-11-at-22-14-06\/'><img loading=\"lazy\" decoding=\"async\" width=\"150\" height=\"150\" src=\"https:\/\/www.radiopiu.net\/wordpress\/wp-content\/uploads\/2019\/08\/WhatsApp-Image-2019-08-11-at-22.14.06-150x150.jpeg\" class=\"attachment-thumbnail size-thumbnail\" alt=\"\" aria-describedby=\"gallery-3-95279\" \/><\/a>\n\t\t\t\t<\/dt>\n\t\t\t\t\t<dd class='wp-caption-text gallery-caption' id='gallery-3-95279'>\n\t\t\t\t\tTerzi Nuove Leve\n\t\t\t\t\t<\/dd><\/dl><br style=\"clear: both\" \/><dl class='gallery-item'>\n\t\t\t\t<dt class='gallery-icon landscape'>\n\t\t\t\t\t<a class=\"rollover\" href='https:\/\/www.radiopiu.net\/wordpress\/al-taibon-il-trofeo-mirco-spillo-manfroi\/whatsapp-image-2019-08-11-at-22-14-35\/'><img loading=\"lazy\" decoding=\"async\" width=\"150\" height=\"150\" src=\"https:\/\/www.radiopiu.net\/wordpress\/wp-content\/uploads\/2019\/08\/WhatsApp-Image-2019-08-11-at-22.14.35-150x150.jpeg\" class=\"attachment-thumbnail size-thumbnail\" alt=\"\" aria-describedby=\"gallery-3-95278\" \/><\/a>\n\t\t\t\t<\/dt>\n\t\t\t\t\t<dd class='wp-caption-text gallery-caption' id='gallery-3-95278'>\n\t\t\t\t\tQuarti Tettenham\n\t\t\t\t\t<\/dd><\/dl><dl class='gallery-item'>\n\t\t\t\t<dt class='gallery-icon landscape'>\n\t\t\t\t\t<a class=\"rollover\" href='https:\/\/www.radiopiu.net\/wordpress\/al-taibon-il-trofeo-mirco-spillo-manfroi\/whatsapp-image-2019-08-11-at-22-15-56\/'><img loading=\"lazy\" decoding=\"async\" width=\"150\" height=\"150\" src=\"https:\/\/www.radiopiu.net\/wordpress\/wp-content\/uploads\/2019\/08\/WhatsApp-Image-2019-08-11-at-22.15.56-150x150.jpeg\" class=\"attachment-thumbnail size-thumbnail\" alt=\"\" aria-describedby=\"gallery-3-95277\" \/><\/a>\n\t\t\t\t<\/dt>\n\t\t\t\t\t<dd class='wp-caption-text gallery-caption' id='gallery-3-95277'>\n\t\t\t\t\tMiglior Giocatore DANIEL BOGO\n\t\t\t\t\t<\/dd><\/dl><dl class='gallery-item'>\n\t\t\t\t<dt class='gallery-icon landscape'>\n\t\t\t\t\t<a class=\"rollover\" href='https:\/\/www.radiopiu.net\/wordpress\/al-taibon-il-trofeo-mirco-spillo-manfroi\/whatsapp-image-2019-08-11-at-22-17-21\/'><img loading=\"lazy\" decoding=\"async\" width=\"150\" height=\"150\" src=\"https:\/\/www.radiopiu.net\/wordpress\/wp-content\/uploads\/2019\/08\/WhatsApp-Image-2019-08-11-at-22.17.21-150x150.jpeg\" class=\"attachment-thumbnail size-thumbnail\" alt=\"\" aria-describedby=\"gallery-3-95276\" \/><\/a>\n\t\t\t\t<\/dt>\n\t\t\t\t\t<dd class='wp-caption-text gallery-caption' id='gallery-3-95276'>\n\t\t\t\t\tCapocannoniere FEDERICO FOSSEN\n\t\t\t\t\t<\/dd><\/dl><br style=\"clear: both\" \/><dl class='gallery-item'>\n\t\t\t\t<dt class='gallery-icon landscape'>\n\t\t\t\t\t<a class=\"rollover\" href='https:\/\/www.radiopiu.net\/wordpress\/al-taibon-il-trofeo-mirco-spillo-manfroi\/whatsapp-image-2019-08-11-at-22-16-34\/'><img loading=\"lazy\" decoding=\"async\" width=\"150\" height=\"150\" src=\"https:\/\/www.radiopiu.net\/wordpress\/wp-content\/uploads\/2019\/08\/WhatsApp-Image-2019-08-11-at-22.16.34-150x150.jpeg\" class=\"attachment-thumbnail size-thumbnail\" alt=\"\" aria-describedby=\"gallery-3-95275\" \/><\/a>\n\t\t\t\t<\/dt>\n\t\t\t\t\t<dd class='wp-caption-text gallery-caption' id='gallery-3-95275'>\n\t\t\t\t\tMiglior giovane DAVIDE DEL CHIN\n\t\t\t\t\t<\/dd><\/dl><dl class='gallery-item'>\n\t\t\t\t<dt class='gallery-icon landscape'>\n\t\t\t\t\t<a class=\"rollover\" href='https:\/\/www.radiopiu.net\/wordpress\/al-taibon-il-trofeo-mirco-spillo-manfroi\/whatsapp-image-2019-08-11-at-22-18-14\/'><img loading=\"lazy\" decoding=\"async\" width=\"150\" height=\"150\" src=\"https:\/\/www.radiopiu.net\/wordpress\/wp-content\/uploads\/2019\/08\/WhatsApp-Image-2019-08-11-at-22.18.14-150x150.jpeg\" class=\"attachment-thumbnail size-thumbnail\" alt=\"\" aria-describedby=\"gallery-3-95274\" \/><\/a>\n\t\t\t\t<\/dt>\n\t\t\t\t\t<dd class='wp-caption-text gallery-caption' id='gallery-3-95274'>\n\t\t\t\t\tMiglior portiere FRANCESCO DA RIF\n\t\t\t\t\t<\/dd><\/dl><dl class='gallery-item'>\n\t\t\t\t<dt class='gallery-icon landscape'>\n\t\t\t\t\t<a class=\"rollover\" href='https:\/\/www.radiopiu.net\/wordpress\/al-taibon-il-trofeo-mirco-spillo-manfroi\/whatsapp-image-2019-08-11-at-22-58-02\/'><img loading=\"lazy\" decoding=\"async\" width=\"150\" height=\"150\" src=\"https:\/\/www.radiopiu.net\/wordpress\/wp-content\/uploads\/2019\/08\/WhatsApp-Image-2019-08-11-at-22.58.02-150x150.jpeg\" class=\"attachment-thumbnail size-thumbnail\" alt=\"\" \/><\/a>\n\t\t\t\t<\/dt><\/dl><br style=\"clear: both\" \/><dl class='gallery-item'>\n\t\t\t\t<dt class='gallery-icon landscape'>\n\t\t\t\t\t<a class=\"rollover\" href='https:\/\/www.radiopiu.net\/wordpress\/al-taibon-il-trofeo-mirco-spillo-manfroi\/whatsapp-image-2019-08-11-at-22-58-03\/'><img loading=\"lazy\" decoding=\"async\" width=\"150\" height=\"150\" src=\"https:\/\/www.radiopiu.net\/wordpress\/wp-content\/uploads\/2019\/08\/WhatsApp-Image-2019-08-11-at-22.58.03-150x150.jpeg\" class=\"attachment-thumbnail size-thumbnail\" alt=\"\" srcset=\"https:\/\/www.radiopiu.net\/wordpress\/wp-content\/uploads\/2019\/08\/WhatsApp-Image-2019-08-11-at-22.58.03-150x150.jpeg 150w, https:\/\/www.radiopiu.net\/wordpress\/wp-content\/uploads\/2019\/08\/WhatsApp-Image-2019-08-11-at-22.58.03-300x300.jpeg 300w, https:\/\/www.radiopiu.net\/wordpress\/wp-content\/uploads\/2019\/08\/WhatsApp-Image-2019-08-11-at-22.58.03-768x768.jpeg 768w, https:\/\/www.radiopiu.net\/wordpress\/wp-content\/uploads\/2019\/08\/WhatsApp-Image-2019-08-11-at-22.58.03-1024x1024.jpeg 1024w, https:\/\/www.radiopiu.net\/wordpress\/wp-content\/uploads\/2019\/08\/WhatsApp-Image-2019-08-11-at-22.58.03.jpeg 1600w\" sizes=\"auto, (max-width: 150px) 100vw, 150px\" \/><\/a>\n\t\t\t\t<\/dt><\/dl><dl class='gallery-item'>\n\t\t\t\t<dt class='gallery-icon landscape'>\n\t\t\t\t\t<a class=\"rollover\" href='https:\/\/www.radiopiu.net\/wordpress\/al-taibon-il-trofeo-mirco-spillo-manfroi\/whatsapp-image-2019-08-11-at-22-58-04\/'><img loading=\"lazy\" decoding=\"async\" width=\"150\" height=\"150\" src=\"https:\/\/www.radiopiu.net\/wordpress\/wp-content\/uploads\/2019\/08\/WhatsApp-Image-2019-08-11-at-22.58.04-150x150.jpeg\" class=\"attachment-thumbnail size-thumbnail\" alt=\"\" \/><\/a>\n\t\t\t\t<\/dt><\/dl><dl class='gallery-item'>\n\t\t\t\t<dt class='gallery-icon landscape'>\n\t\t\t\t\t<a class=\"rollover\" href='https:\/\/www.radiopiu.net\/wordpress\/al-taibon-il-trofeo-mirco-spillo-manfroi\/whatsapp-image-2019-08-11-at-22-58-05\/'><img loading=\"lazy\" decoding=\"async\" width=\"150\" height=\"150\" src=\"https:\/\/www.radiopiu.net\/wordpress\/wp-content\/uploads\/2019\/08\/WhatsApp-Image-2019-08-11-at-22.58.05-150x150.jpeg\" class=\"attachment-thumbnail size-thumbnail\" alt=\"\" \/><\/a>\n\t\t\t\t<\/dt><\/dl><br style=\"clear: both\" \/><dl class='gallery-item'>\n\t\t\t\t<dt class='gallery-icon landscape'>\n\t\t\t\t\t<a class=\"rollover\" href='https:\/\/www.radiopiu.net\/wordpress\/al-taibon-il-trofeo-mirco-spillo-manfroi\/whatsapp-image-2019-08-11-at-22-58-10\/'><img loading=\"lazy\" decoding=\"async\" width=\"150\" height=\"150\" src=\"https:\/\/www.radiopiu.net\/wordpress\/wp-content\/uploads\/2019\/08\/WhatsApp-Image-2019-08-11-at-22.58.10-150x150.jpeg\" class=\"attachment-thumbnail size-thumbnail\" alt=\"\" srcset=\"https:\/\/www.radiopiu.net\/wordpress\/wp-content\/uploads\/2019\/08\/WhatsApp-Image-2019-08-11-at-22.58.10-150x150.jpeg 150w, https:\/\/www.radiopiu.net\/wordpress\/wp-content\/uploads\/2019\/08\/WhatsApp-Image-2019-08-11-at-22.58.10-300x300.jpeg 300w, https:\/\/www.radiopiu.net\/wordpress\/wp-content\/uploads\/2019\/08\/WhatsApp-Image-2019-08-11-at-22.58.10-768x768.jpeg 768w, https:\/\/www.radiopiu.net\/wordpress\/wp-content\/uploads\/2019\/08\/WhatsApp-Image-2019-08-11-at-22.58.10-1024x1024.jpeg 1024w, https:\/\/www.radiopiu.net\/wordpress\/wp-content\/uploads\/2019\/08\/WhatsApp-Image-2019-08-11-at-22.58.10.jpeg 1600w\" sizes=\"auto, (max-width: 150px) 100vw, 150px\" \/><\/a>\n\t\t\t\t<\/dt><\/dl>\n\t\t\t\t<br style='clear: both' \/>\n\t\t\t<\/div>\n\n<h2><\/h2>\n<p>&nbsp;<\/p>\n<h2>DOMANI\u00a0 LA 25\u00b0 EDIZIONE DEL GIRO PODISTICO DI FALCADE<\/h2>\n<p><a class=\"dt-pswp-item\" href=\"http:\/\/www.radiopiu.net\/wordpress\/wp-content\/uploads\/2019\/08\/GIRO-PODISTICO-FALCADE.jpeg\" data-dt-img-description=\"\" data-large_image_width=\"1600\" data-large_image_height=\"709\"><img loading=\"lazy\" decoding=\"async\" class=\"size-medium wp-image-95043 alignleft\" src=\"http:\/\/www.radiopiu.net\/wordpress\/wp-content\/uploads\/2019\/08\/GIRO-PODISTICO-FALCADE-300x133.jpeg\" alt=\"\" width=\"300\" height=\"133\" srcset=\"https:\/\/www.radiopiu.net\/wordpress\/wp-content\/uploads\/2019\/08\/GIRO-PODISTICO-FALCADE-300x133.jpeg 300w, https:\/\/www.radiopiu.net\/wordpress\/wp-content\/uploads\/2019\/08\/GIRO-PODISTICO-FALCADE-768x340.jpeg 768w, https:\/\/www.radiopiu.net\/wordpress\/wp-content\/uploads\/2019\/08\/GIRO-PODISTICO-FALCADE-1024x454.jpeg 1024w, https:\/\/www.radiopiu.net\/wordpress\/wp-content\/uploads\/2019\/08\/GIRO-PODISTICO-FALCADE.jpeg 1600w\" sizes=\"auto, (max-width: 300px) 100vw, 300px\" \/><\/a>\u00c8 in programma per domani la 25\u00b0 edizione del Giro Podistico di Falcade. L&#8217;evento organizzato dallo Sci club Val Biois \u00e8 ormai \u00e8 diventato appuntamento fisso dell&#8217;estate di Falcade e della Valle del Biois: la manifestazione quest&#8217;anno compie infatti 25 anni. Il Giro podistico si svolger\u00e0 nella serata del 13 agosto, con il via alle 18.50. Come consuetudine, il Giro sar\u00e0 preceduto dal Mini Giro (17.ma edizione), evento su chilometraggio ridotto dedicato ai pi\u00f9 piccoli (in questo caso la partenza \u00e8 fissata per le 16). Le iscrizioni sono possibili presso l\u2019Ufficio informazioni turistiche di Falcade (0437\/599062) fino al 12 agosto ma naturalmente sar\u00e0 possibile iscriversi anche il giorno della gara. Come consuetudine, oltre al premio per ogni concorrente (una maglietta tecnica realizzata da AlpenPlus) numerosi saranno i premi per i migliori di ogni categoria. \u00abCome sempre, vogliamo valorizzare al massimo i concorrenti del Giro: per questo i premi saranno numerosissimi\u00bb spiega Matteo Cagnati, presidente dello Sci club Val Biois. \u00abE vogliamo anche che il Giro sia prima di tutto una grande festa: per questo cureremo con grande attenzione il post gara al tendone, dove ci saranno musica e stand gastronomico\u00bb.<\/p>\n<blockquote>\n<p style=\"text-align: left;\"><em><strong>RADIO PIU&#8217; SARA&#8217; PRESENTE A FALCADE CON COLLEGAMENTI IN DIRETTA DURANTE TUTTO IL POMERIGGIO DEDICATO ALLA CORSA<\/strong><\/em><\/p>\n<\/blockquote>\n<p>&nbsp;<\/p>\n<p>&nbsp;<\/p>\n<p>&nbsp;<\/p>\n<h2>LE AMICHEVOLI DELL&#8217;ALLEGHE HOCKEY IN AGOSTO<\/h2>\n<p><a class=\"dt-pswp-item\" href=\"http:\/\/www.radiopiu.net\/wordpress\/wp-content\/uploads\/2019\/01\/AE7A9D38-59B1-49C9-9B49-6662F54D0440.jpeg\" data-dt-img-description=\"\" data-large_image_width=\"1300\" data-large_image_height=\"1300\"><img loading=\"lazy\" decoding=\"async\" class=\"wp-image-71463 alignleft\" src=\"http:\/\/www.radiopiu.net\/wordpress\/wp-content\/uploads\/2019\/01\/AE7A9D38-59B1-49C9-9B49-6662F54D0440-300x300.jpeg\" alt=\"\" width=\"142\" height=\"142\" srcset=\"https:\/\/www.radiopiu.net\/wordpress\/wp-content\/uploads\/2019\/01\/AE7A9D38-59B1-49C9-9B49-6662F54D0440-300x300.jpeg 300w, https:\/\/www.radiopiu.net\/wordpress\/wp-content\/uploads\/2019\/01\/AE7A9D38-59B1-49C9-9B49-6662F54D0440-150x150.jpeg 150w, https:\/\/www.radiopiu.net\/wordpress\/wp-content\/uploads\/2019\/01\/AE7A9D38-59B1-49C9-9B49-6662F54D0440-768x768.jpeg 768w, https:\/\/www.radiopiu.net\/wordpress\/wp-content\/uploads\/2019\/01\/AE7A9D38-59B1-49C9-9B49-6662F54D0440-1024x1024.jpeg 1024w, https:\/\/www.radiopiu.net\/wordpress\/wp-content\/uploads\/2019\/01\/AE7A9D38-59B1-49C9-9B49-6662F54D0440.jpeg 1300w\" sizes=\"auto, (max-width: 142px) 100vw, 142px\" \/><\/a>La preparazione alla nuova stagione \u00e8 appena iniziata e l&#8217;Alleghe Hockey ha gi\u00e0 programmato le prime amichevoli estive. Si inizia domenica 18 agosto quando all&#8217;Alvise De Toni di Alleghe la squadra di Matikainen calcher\u00e0 il ghiaccio di casa per sfidare gli atleti che nella stagione 1984\/85 hanno giocato la finale scudetto. Una serata per per festeggiare e ricordare con un pasta party a chiudere il tutto. L&#8217;altra partita amichevole si giocher\u00e0 sabato 24 agosto sempre al De Toni. In riva al lago di Alleghe arriveranno i trentini del Fassa Falcons. Anche in questo caso sar\u00e0 una serata particolare dedicata a Daniele Veggiato visto che disputer\u00e0 la sua ultima sfida prima di appendere pattini e stecca ad un chiodo.<\/p>\n<p>&nbsp;<\/p>\n<p>&nbsp;<\/p>\n<p>&nbsp;<\/p>\n<p>&nbsp;<\/p>\n<h1>La prima volta di Eddj Nani alla Alpago Sky Super 3<\/h1>\n<p><a class=\"dt-pswp-item\" href=\"http:\/\/www.radiopiu.net\/wordpress\/wp-content\/uploads\/2019\/08\/eddj-nani-vincitore-alpago-sky-super-3-10-agosto-2019.jpg\" data-dt-img-description=\"\" data-large_image_width=\"1500\" data-large_image_height=\"1001\"><img loading=\"lazy\" decoding=\"async\" class=\"size-medium wp-image-95222 alignleft\" src=\"http:\/\/www.radiopiu.net\/wordpress\/wp-content\/uploads\/2019\/08\/eddj-nani-vincitore-alpago-sky-super-3-10-agosto-2019-300x200.jpg\" alt=\"\" width=\"300\" height=\"200\" srcset=\"https:\/\/www.radiopiu.net\/wordpress\/wp-content\/uploads\/2019\/08\/eddj-nani-vincitore-alpago-sky-super-3-10-agosto-2019-300x200.jpg 300w, https:\/\/www.radiopiu.net\/wordpress\/wp-content\/uploads\/2019\/08\/eddj-nani-vincitore-alpago-sky-super-3-10-agosto-2019-768x513.jpg 768w, https:\/\/www.radiopiu.net\/wordpress\/wp-content\/uploads\/2019\/08\/eddj-nani-vincitore-alpago-sky-super-3-10-agosto-2019-1024x683.jpg 1024w, https:\/\/www.radiopiu.net\/wordpress\/wp-content\/uploads\/2019\/08\/eddj-nani-vincitore-alpago-sky-super-3-10-agosto-2019.jpg 1500w\" sizes=\"auto, (max-width: 300px) 100vw, 300px\" \/><\/a>18,8 chilometri di sviluppo e 3.626 metri di dislivello complessivo(1.850 quelli positivo). Diversi passaggi tecnici. Grande caldo. Questi gli ingredienti di Alpago Sky Super 3, la sky race che dl 2013 ogni 10 agosto a Chies d&#8217;Alpago (Belluno) vuole onorare la memoria di Maudi De March, David Cecchin e Andrea Zanon, i tre ragazzi del Soccorso Alpino caduti sul Monte Cridola il 10 agosto del 2012. Cos\u00ec \u00e8 stato sabato 10 agosto 2019, per la settima edizione. 150 i protagonisti dell&#8217;evento supportato da Scarpa, azienda trevigiana punto di riferimento mondiale nelle calzature sportive, e che in questo 2019 ha celebrato la settima edizione. A mettere d&#8217;accordo tutti Eddj Nani, classe 1993, bellunese di Alano di Piave. I<a class=\"dt-pswp-item\" href=\"http:\/\/www.radiopiu.net\/wordpress\/wp-content\/uploads\/2019\/08\/sara-cavalet-vincitrice-alpago-sky-super-3-10-agosto-2019.jpg\" data-dt-img-description=\"\" data-large_image_width=\"1500\" data-large_image_height=\"1001\"><img loading=\"lazy\" decoding=\"async\" class=\"size-medium wp-image-95223 alignright\" src=\"http:\/\/www.radiopiu.net\/wordpress\/wp-content\/uploads\/2019\/08\/sara-cavalet-vincitrice-alpago-sky-super-3-10-agosto-2019-300x200.jpg\" alt=\"\" width=\"300\" height=\"200\" srcset=\"https:\/\/www.radiopiu.net\/wordpress\/wp-content\/uploads\/2019\/08\/sara-cavalet-vincitrice-alpago-sky-super-3-10-agosto-2019-300x200.jpg 300w, https:\/\/www.radiopiu.net\/wordpress\/wp-content\/uploads\/2019\/08\/sara-cavalet-vincitrice-alpago-sky-super-3-10-agosto-2019-768x513.jpg 768w, https:\/\/www.radiopiu.net\/wordpress\/wp-content\/uploads\/2019\/08\/sara-cavalet-vincitrice-alpago-sky-super-3-10-agosto-2019-1024x683.jpg 1024w, https:\/\/www.radiopiu.net\/wordpress\/wp-content\/uploads\/2019\/08\/sara-cavalet-vincitrice-alpago-sky-super-3-10-agosto-2019.jpg 1500w\" sizes=\"auto, (max-width: 300px) 100vw, 300px\" \/><\/a>l portacolori del Team Tornado ha condotto gara parallela al bellunese Gianpietro Barattin, vincitore nel 2016 e nel 2017, e al giovane sci alpinista e skyrunner veronese Mattia Tanara. Poi, quando il sentiero si \u00e8 fatto pi\u00f9 stretto e le pendenze divenute pi\u00f9 erte, salendo verso il Monte Ven\u00e0l (&#8220;tetto&#8221; della corsa con i suoi 2.212 metri di altitudine), ha forzato il ritmo e lasciato la compagnia. Dopo il passaggio al Ven\u00e0l, Nani ha continuato a implementare il vantaggio lungo la tecnica discesa che portava a Chies, per poi tagliare il traguardo con il tempo di 2h16&#8217;43&#8221;. Secondo, con 3&#8217;28&#8221; di distacco, Tanara, e terzo, con un ritardo di 6&#8217;00&#8221; Barattin. A completare la top five il trentino Daniele Meneghel e il rodigino Enrico Bonati.\u00a0 Tra le donne, dominio per la bellunese Sara Cavalet: sempre in testa, la bellunese si \u00e8 imposta con grande autorevolezza, fermando il cronometro sul tempo di 3h05&#8217;18&#8221;. Piazza d&#8217;onore per Stefania Zanon, vincitrice lo scorso anno, e terzo gradino del podio per Erica Turi. Silvia De Col e Angela De Poi hanno completato le prime cinque posizioni. Alpago Sky Super 3 ha proposto, come tradizione, anche una gara su chilometraggio ridotto, 10 chilometri di sviluppo e 600 metri di dislivello. In campo maschile successo per il trevigiano Roberto Fregona davanti al trentino Franco Torresani e al pap\u00e0 Lucio Fregona. La classifica in rosa ha visto al primo posto Sara Mazzucco davanti a Chiara Pedol e Michela Zanon.\u00a0 Per tutti i dettagli:\u00a0www.dolomitiski-alp.com.<\/p>\n<p>&nbsp;<\/p>\n<p>&nbsp;<\/p>\n<p>&nbsp;<\/p>\n<p>&nbsp;<\/p>\n<p><center><b><a class=\"dt-pswp-item\" href=\"http:\/\/www.radiopiu.net\/wordpress\/wp-content\/uploads\/2018\/09\/WhatsApp-Image-2018-09-20-at-16.04.06.jpeg\" data-dt-img-description=\"\" data-large_image_width=\"800\" data-large_image_height=\"100\"><img loading=\"lazy\" decoding=\"async\" class=\"alignnone wp-image-61378 size-full\" src=\"http:\/\/www.radiopiu.net\/wordpress\/wp-content\/uploads\/2018\/09\/WhatsApp-Image-2018-09-20-at-16.04.06.jpeg\" alt=\"\" width=\"800\" height=\"100\" srcset=\"https:\/\/www.radiopiu.net\/wordpress\/wp-content\/uploads\/2018\/09\/WhatsApp-Image-2018-09-20-at-16.04.06.jpeg 800w, https:\/\/www.radiopiu.net\/wordpress\/wp-content\/uploads\/2018\/09\/WhatsApp-Image-2018-09-20-at-16.04.06-300x38.jpeg 300w, https:\/\/www.radiopiu.net\/wordpress\/wp-content\/uploads\/2018\/09\/WhatsApp-Image-2018-09-20-at-16.04.06-768x96.jpeg 768w\" sizes=\"auto, (max-width: 800px) 100vw, 800px\" \/><\/a><\/b><\/center><center><\/center><center><b>Lunedi 12<\/b><\/center><b>Tempo atteso: <\/b>Tempo inizialmente abbastanza soleggiato, nonostante persista il rischio di nubi basse mattutine, con tendenza a maggiore sviluppo di cumuli al pomeriggio e soprattutto verso sera, quando saranno possibili fenomeni di instabilit\u00e0. Clima sempre caldo, con apice dell&#8217;afa nelle valli, mentre in quota si avr\u00e0 una sostenuta ventilazione.<br \/>\n<b>Precipitazioni: <\/b>Al mattino assenti (0%); al pomeriggio, ma soprattutto verso sera, crescente probabilit\u00e0 di qualche rovescio o temporale, pi\u00f9 probabile sulle Dolomiti e al confine con il Trentino (50\/60%); fenomeni meno probabili sui settori prealpini occidentali (30\/40%); i fenomeni, sebbene non frequenti, potranno risultare di forte intensit\u00e0.<br \/>\n<b>Temperature: <\/b>Minime stazionarie o in lieve calo in alta quota, dove saranno raggiunte in serata; massime in lieve aumento nelle valli, stazionarie in quota. Su Prealpi a 1500 m min 16\u00b0C max 20\u00b0C, a 2000 m min 13\u00b0C max 17\u00b0C. Su Dolomiti a 2000 m min 13\u00b0C max 18\u00b0C, a 3000 m min 6\u00b0C max 8\u00b0C.<br \/>\n<b>Venti: <\/b>Nelle valli deboli o moderati meridionali; in quota tesi\/forti da Sud-Ovest, a 15-35 km\/h a 2000 m, 40-65 km\/h a 3000 m.<\/p>\n<hr \/>\n<p><center><b>Martedi 13<\/b><\/center><b>Tempo atteso: <\/b>Tempo variabile\/instabile, con nuvolosit\u00e0 irregolare maggiormente presente rispetto ai giorni precedenti sulle Dolomiti e con schiarite mattutine pi\u00f9 ampie sulle Prealpi; i fenomeni di instabilit\u00e0 saranno possibili gi\u00e0 in mattinata, ma risulteranno maggiormente diffusi al pomeriggio\/sera. Calo termico diurno.<br \/>\n<b>Precipitazioni: <\/b>Nella notte e al mattino possibili rovesci locali o isolati temporali, perlopi\u00f9 limitati alle Dolomiti (30\/40%); al pomeriggio rovesci e temporali pi\u00f9 diffusi (50\/70%), dapprima sulle Dolomiti, in trasferimento entro sera a tutti i settori prealpini.<br \/>\n<b>Temperature: <\/b>In calo, con minime alla sera in quota e anche nelle valli in caso di ampie schiarite serali. Su Prealpi a 1500 m min 13\u00b0C max 16\u00b0C, a 2000 m min 10\u00b0C max 13\u00b0C. Su Dolomiti a 2000 m min 10\u00b0C max 13\u00b0C, a 3000 m min 3\u00b0C max 5\u00b0C.<br \/>\n<b>Venti: <\/b>Nelle valli deboli o moderati settentrionali; in quota in sensibile attenuazione e in rotazione da Sud-Ovest nelle prime ore a Nord in giornata, a 5-20 km\/h a 2000 m, 10-35 km\/h a 3000 m.<\/p>\n<hr \/>\n<p><center><b>Mercoledi 14<\/b><\/center>Tempo discreto\/variabile e relativamente fresco, con ampie schiarite, specie al mattino, alternate ad annuvolamenti irregolari da Ovest e modesti cumuli pomeridiani, con rischio contenuto di precipitazioni, eventualmente limitate a qualche locale piovasco. Venti deboli occidentali in quota e brezze nelle valli.<\/p>\n<hr \/>\n<p><center><b>Giovedi 15<\/b><\/center>Tempo da variabile a debolmente instabile, con schiarite anche ampie al mattino e modesta o moderata cumulificazione diurna, che potr\u00e0 produrre qualche rovescio o isolati temporali al pomeriggio\/sera. Clima fresco al mattino, caldo con temperature prossime alla media di giorno. Venti deboli occidentali in quota, brezze nelle valli. Previsore: G.M.<\/p>\n<p>&nbsp;<\/p>\n<p>&nbsp;<\/p>\n","protected":false},"excerpt":{"rendered":"<p>SCOUT NEI GUAI ALL&#8217;IMBRUNIRE, PROBLEMI AD UN GINOCCHIO PER UN 17ENNE E PER GLI ALTRI LA NECESSITA&#8217; DI UN ALLOGGIO PER LA NOTTE. Ieri attorno alle 21 il Soccorso alpino di San Vito di Cadore \u00e8 stato allertato dalla Centrale del 118 per un infortunio sotto il Rifugio San Marco. Mentre scendeva con il suo&hellip;<\/p>\n","protected":false},"author":1,"featured_media":95249,"comment_status":"closed","ping_status":"closed","sticky":false,"template":"","format":"standard","meta":{"_monsterinsights_skip_tracking":false,"_monsterinsights_sitenote_active":false,"_monsterinsights_sitenote_note":"","_monsterinsights_sitenote_category":0,"footnotes":""},"categories":[86],"tags":[],"class_list":["post-95184","post","type-post","status-publish","format-standard","has-post-thumbnail","hentry","category-gr","category-86","description-off"],"img_url":"https:\/\/www.radiopiu.net\/wordpress\/wp-content\/uploads\/2019\/08\/3c46d5a9-cc06-4531-b671-63b17e5038ec.jpg","_links":{"self":[{"href":"https:\/\/www.radiopiu.net\/wordpress\/wp-json\/wp\/v2\/posts\/95184","targetHints":{"allow":["GET"]}}],"collection":[{"href":"https:\/\/www.radiopiu.net\/wordpress\/wp-json\/wp\/v2\/posts"}],"about":[{"href":"https:\/\/www.radiopiu.net\/wordpress\/wp-json\/wp\/v2\/types\/post"}],"author":[{"embeddable":true,"href":"https:\/\/www.radiopiu.net\/wordpress\/wp-json\/wp\/v2\/users\/1"}],"replies":[{"embeddable":true,"href":"https:\/\/www.radiopiu.net\/wordpress\/wp-json\/wp\/v2\/comments?post=95184"}],"version-history":[{"count":0,"href":"https:\/\/www.radiopiu.net\/wordpress\/wp-json\/wp\/v2\/posts\/95184\/revisions"}],"wp:featuredmedia":[{"embeddable":true,"href":"https:\/\/www.radiopiu.net\/wordpress\/wp-json\/wp\/v2\/media\/95249"}],"wp:attachment":[{"href":"https:\/\/www.radiopiu.net\/wordpress\/wp-json\/wp\/v2\/media?parent=95184"}],"wp:term":[{"taxonomy":"category","embeddable":true,"href":"https:\/\/www.radiopiu.net\/wordpress\/wp-json\/wp\/v2\/categories?post=95184"},{"taxonomy":"post_tag","embeddable":true,"href":"https:\/\/www.radiopiu.net\/wordpress\/wp-json\/wp\/v2\/tags?post=95184"}],"curies":[{"name":"wp","href":"https:\/\/api.w.org\/{rel}","templated":true}]}}