{"id":95233,"date":"2019-08-11T23:59:08","date_gmt":"2019-08-11T21:59:08","guid":{"rendered":"http:\/\/www.radiopiu.net\/wordpress\/?p=95233"},"modified":"2019-08-13T07:12:16","modified_gmt":"2019-08-13T05:12:16","slug":"sabato-a-campedel-di-taibon-con-i-castellani","status":"publish","type":"post","link":"https:\/\/www.radiopiu.net\/wordpress\/sabato-a-campedel-di-taibon-con-i-castellani\/","title":{"rendered":"SABATO A CAMPEDEL DI TAIBON CON I CASTELLANI"},"content":{"rendered":"<p>&nbsp;<\/p>\n<h2><a class=\"dt-pswp-item\" href=\"http:\/\/www.radiopiu.net\/wordpress\/wp-content\/uploads\/2019\/08\/WhatsApp-Image-2019-08-11-at-12.55.20.jpeg\" data-dt-img-description=\"\" data-large_image_width=\"1489\" data-large_image_height=\"1116\"><img loading=\"lazy\" decoding=\"async\" class=\" wp-image-95194 alignleft\" src=\"http:\/\/www.radiopiu.net\/wordpress\/wp-content\/uploads\/2019\/08\/WhatsApp-Image-2019-08-11-at-12.55.20-300x225.jpeg\" alt=\"\" width=\"261\" height=\"196\" srcset=\"https:\/\/www.radiopiu.net\/wordpress\/wp-content\/uploads\/2019\/08\/WhatsApp-Image-2019-08-11-at-12.55.20-300x225.jpeg 300w, https:\/\/www.radiopiu.net\/wordpress\/wp-content\/uploads\/2019\/08\/WhatsApp-Image-2019-08-11-at-12.55.20-768x576.jpeg 768w, https:\/\/www.radiopiu.net\/wordpress\/wp-content\/uploads\/2019\/08\/WhatsApp-Image-2019-08-11-at-12.55.20-1024x767.jpeg 1024w, https:\/\/www.radiopiu.net\/wordpress\/wp-content\/uploads\/2019\/08\/WhatsApp-Image-2019-08-11-at-12.55.20.jpeg 1489w\" sizes=\"auto, (max-width: 261px) 100vw, 261px\" \/><\/a><\/h2>\n<p><strong>TAIBON\u00a0<\/strong> I Castelani, gruppo di volontariato locale, ha organizzato una serata culturale presentata da Claudio Pra dedicata al 50mo anniversario dall&#8217; allunaggio. L&#8217;appuntamento, a cui ha partecipato una nutrita folla, aveva anche l&#8217;obbiettivo di radunare le persone del luogo per un momento di incontro e al termine della conferenza non \u00e8 mancato un rinfresco con le buone cose preparate dagli abitanti del luogo. Tra le tante golosit\u00e0 \u00e8 spiccata una strepitosa torta a tema preparata da Paola Paganin, che ricostruiva il momento storico del primo uomo sulla Luna. Per quanto buona \u00e8 stato un peccato tagliarla a fette data la sua bellezza.<\/p>\n<p>&nbsp;<\/p>\n","protected":false},"excerpt":{"rendered":"<p>&nbsp; TAIBON\u00a0 I Castelani, gruppo di volontariato locale, ha organizzato una serata culturale presentata da Claudio Pra dedicata al 50mo anniversario dall&#8217; allunaggio. L&#8217;appuntamento, a cui ha partecipato una nutrita folla, aveva anche l&#8217;obbiettivo di radunare le persone del luogo per un momento di incontro e al termine della conferenza non \u00e8 mancato un rinfresco&hellip;<\/p>\n","protected":false},"author":1,"featured_media":95194,"comment_status":"closed","ping_status":"closed","sticky":false,"template":"","format":"standard","meta":{"_monsterinsights_skip_tracking":false,"_monsterinsights_sitenote_active":false,"_monsterinsights_sitenote_note":"","_monsterinsights_sitenote_category":0,"footnotes":""},"categories":[104,49],"tags":[],"class_list":["post-95233","post","type-post","status-publish","format-standard","has-post-thumbnail","hentry","category-evidenza_3","category-news-18","category-104","category-49","description-off"],"img_url":"https:\/\/www.radiopiu.net\/wordpress\/wp-content\/uploads\/2019\/08\/WhatsApp-Image-2019-08-11-at-12.55.20.jpeg","_links":{"self":[{"href":"https:\/\/www.radiopiu.net\/wordpress\/wp-json\/wp\/v2\/posts\/95233","targetHints":{"allow":["GET"]}}],"collection":[{"href":"https:\/\/www.radiopiu.net\/wordpress\/wp-json\/wp\/v2\/posts"}],"about":[{"href":"https:\/\/www.radiopiu.net\/wordpress\/wp-json\/wp\/v2\/types\/post"}],"author":[{"embeddable":true,"href":"https:\/\/www.radiopiu.net\/wordpress\/wp-json\/wp\/v2\/users\/1"}],"replies":[{"embeddable":true,"href":"https:\/\/www.radiopiu.net\/wordpress\/wp-json\/wp\/v2\/comments?post=95233"}],"version-history":[{"count":0,"href":"https:\/\/www.radiopiu.net\/wordpress\/wp-json\/wp\/v2\/posts\/95233\/revisions"}],"wp:featuredmedia":[{"embeddable":true,"href":"https:\/\/www.radiopiu.net\/wordpress\/wp-json\/wp\/v2\/media\/95194"}],"wp:attachment":[{"href":"https:\/\/www.radiopiu.net\/wordpress\/wp-json\/wp\/v2\/media?parent=95233"}],"wp:term":[{"taxonomy":"category","embeddable":true,"href":"https:\/\/www.radiopiu.net\/wordpress\/wp-json\/wp\/v2\/categories?post=95233"},{"taxonomy":"post_tag","embeddable":true,"href":"https:\/\/www.radiopiu.net\/wordpress\/wp-json\/wp\/v2\/tags?post=95233"}],"curies":[{"name":"wp","href":"https:\/\/api.w.org\/{rel}","templated":true}]}}