{"id":95355,"date":"2019-08-13T05:59:55","date_gmt":"2019-08-13T03:59:55","guid":{"rendered":"http:\/\/www.radiopiu.net\/wordpress\/?p=95355"},"modified":"2019-08-13T13:35:56","modified_gmt":"2019-08-13T11:35:56","slug":"incidenti-in-montagna-considerazione-di-ferragosto","status":"publish","type":"post","link":"https:\/\/www.radiopiu.net\/wordpress\/incidenti-in-montagna-considerazione-di-ferragosto\/","title":{"rendered":"INCIDENTI IN MONTAGNA, CONSIDERAZIONE D&#8217;ESTATE"},"content":{"rendered":"<div><\/div>\n<h3><em>\u00a0che non passi l&#8217;inadeguato termine montagna assassina&#8230;piuttosto che dell&#8217;alpinista &#8220;pirla&#8221;.<\/em><\/h3>\n<blockquote>\n<div><em>di Claudio Pra, conduttore delle trasmissioni La Montagna nel cuore, 360 gradi di passione ad alta quota.<\/em><\/div>\n<div><\/div>\n<div><a class=\"dt-pswp-item\" href=\"http:\/\/www.radiopiu.net\/wordpress\/wp-content\/uploads\/2019\/08\/c5715ef9-30e4-4851-a118-380939200d3d.jpg\" data-dt-img-description=\"\" data-large_image_width=\"1296\" data-large_image_height=\"730\"><img loading=\"lazy\" decoding=\"async\" class=\" wp-image-95341 alignleft\" src=\"http:\/\/www.radiopiu.net\/wordpress\/wp-content\/uploads\/2019\/08\/c5715ef9-30e4-4851-a118-380939200d3d-300x169.jpg\" alt=\"\" width=\"238\" height=\"134\" srcset=\"https:\/\/www.radiopiu.net\/wordpress\/wp-content\/uploads\/2019\/08\/c5715ef9-30e4-4851-a118-380939200d3d-300x169.jpg 300w, https:\/\/www.radiopiu.net\/wordpress\/wp-content\/uploads\/2019\/08\/c5715ef9-30e4-4851-a118-380939200d3d-768x433.jpg 768w, https:\/\/www.radiopiu.net\/wordpress\/wp-content\/uploads\/2019\/08\/c5715ef9-30e4-4851-a118-380939200d3d-1024x577.jpg 1024w, https:\/\/www.radiopiu.net\/wordpress\/wp-content\/uploads\/2019\/08\/c5715ef9-30e4-4851-a118-380939200d3d.jpg 1296w\" sizes=\"auto, (max-width: 238px) 100vw, 238px\" \/><\/a>Inevitabilmente in questo periodo, grazie alla maggior frequentazione, si assiste ad un gran numero di incidenti in montagna. Quel che sconcerta, ma fino ad un certo punto, sono per\u00f2 le numerosissime scivolate o gli slogamenti alle caviglie su sentieri facili, con conseguente richiesta di soccorso al SUEM. Quali le cause? Poca esperienza? Calzature inadeguate? Mancanza di allenamento? Sottovalutazione? Cos\u2019altro? Ovviamente tutti possono incorrere in una scivolata o in uno slogamento, anche i pi\u00f9 esperti, ma il numero di questo tipo di incidenti \u00e8 troppo elevato per non far pensare ad un\u2019 inadeguatezza di base. Camminare sui sentieri montani non \u00e8 come camminare su comode strade senza ostacoli e l&#8217;approccio deve essere totalmente differente. Si ha invece l&#8217;impressione che ci\u00f2 sfugga a molti escursionisti inesperti. Le calzature, ad esempio, possono fare la differenza. Uno scarponcino con suola adeguata, oltre a far scivolare meno, tiene pi\u00f9 ferma la caviglia ed \u00e8 pi\u00f9 indicato delle scarpette da trekking (non parliamo poi delle scarpette da ginnastica o altro) su percorsi sconnessi o comunque di un certo tipo. I bastoncini aiutano senza dubbio l&#8217;equilibrio, oltre a permettere uno scaricamento del peso degli arti inferiori. Un grado di preparazione fisica adeguata allo sforzo \u00e8 poi fondamentale, cos\u00ec come rimanere concentrati proprio per il tipo di terreno che si sta calpestando. Appoggiare il piede nel modo appropriato, evitando ad esempio di calpestare sassi mobili o prestando attenzione ai tratti umidi, evita conseguenze spiacevoli. Sono tutte cose all&#8217;apparenza banali ma che, se non seguite, portano alle conseguenze che abbiamo sotto gli occhi tutti i giorni, con un elicottero che deve volare di qua e di l\u00e0 per prestare soccorso. Su come camminare in montagna (non \u00e8 una provocazione) ci vorrebbero dei corsi per i tanti inesperti che arrivano e presumibilmente arriveranno sempre pi\u00f9 numerosi grazie alle Olimpiadi di Cortina e la conseguente pubblicizzazione dei nostri luoghi. Perch\u00e9 poi, se il numero di incidenti \u00e8 alto, passa il concetto, per citare Beppe Grillo in un suo show, della montagna assassina, non dell&#8217;alpinista pirla.<\/div>\n<\/blockquote>\n<div><\/div>\n","protected":false},"excerpt":{"rendered":"<p>\u00a0che non passi l&#8217;inadeguato termine montagna assassina&#8230;piuttosto che dell&#8217;alpinista &#8220;pirla&#8221;. di Claudio Pra, conduttore delle trasmissioni La Montagna nel cuore, 360 gradi di passione ad alta quota. Inevitabilmente in questo periodo, grazie alla maggior frequentazione, si assiste ad un gran numero di incidenti in montagna. Quel che sconcerta, ma fino ad un certo punto, sono&hellip;<\/p>\n","protected":false},"author":1,"featured_media":95341,"comment_status":"closed","ping_status":"closed","sticky":false,"template":"","format":"standard","meta":{"_monsterinsights_skip_tracking":false,"_monsterinsights_sitenote_active":false,"_monsterinsights_sitenote_note":"","_monsterinsights_sitenote_category":0,"footnotes":""},"categories":[49],"tags":[],"class_list":["post-95355","post","type-post","status-publish","format-standard","has-post-thumbnail","hentry","category-news-18","category-49","description-off"],"img_url":"https:\/\/www.radiopiu.net\/wordpress\/wp-content\/uploads\/2019\/08\/c5715ef9-30e4-4851-a118-380939200d3d.jpg","_links":{"self":[{"href":"https:\/\/www.radiopiu.net\/wordpress\/wp-json\/wp\/v2\/posts\/95355","targetHints":{"allow":["GET"]}}],"collection":[{"href":"https:\/\/www.radiopiu.net\/wordpress\/wp-json\/wp\/v2\/posts"}],"about":[{"href":"https:\/\/www.radiopiu.net\/wordpress\/wp-json\/wp\/v2\/types\/post"}],"author":[{"embeddable":true,"href":"https:\/\/www.radiopiu.net\/wordpress\/wp-json\/wp\/v2\/users\/1"}],"replies":[{"embeddable":true,"href":"https:\/\/www.radiopiu.net\/wordpress\/wp-json\/wp\/v2\/comments?post=95355"}],"version-history":[{"count":0,"href":"https:\/\/www.radiopiu.net\/wordpress\/wp-json\/wp\/v2\/posts\/95355\/revisions"}],"wp:featuredmedia":[{"embeddable":true,"href":"https:\/\/www.radiopiu.net\/wordpress\/wp-json\/wp\/v2\/media\/95341"}],"wp:attachment":[{"href":"https:\/\/www.radiopiu.net\/wordpress\/wp-json\/wp\/v2\/media?parent=95355"}],"wp:term":[{"taxonomy":"category","embeddable":true,"href":"https:\/\/www.radiopiu.net\/wordpress\/wp-json\/wp\/v2\/categories?post=95355"},{"taxonomy":"post_tag","embeddable":true,"href":"https:\/\/www.radiopiu.net\/wordpress\/wp-json\/wp\/v2\/tags?post=95355"}],"curies":[{"name":"wp","href":"https:\/\/api.w.org\/{rel}","templated":true}]}}