{"id":95374,"date":"2019-08-13T05:55:28","date_gmt":"2019-08-13T03:55:28","guid":{"rendered":"http:\/\/www.radiopiu.net\/wordpress\/?p=95374"},"modified":"2019-08-14T06:17:55","modified_gmt":"2019-08-14T04:17:55","slug":"don-mario-celebrera-la-messa-alla-casa-di-soggiorno","status":"publish","type":"post","link":"https:\/\/www.radiopiu.net\/wordpress\/don-mario-celebrera-la-messa-alla-casa-di-soggiorno\/","title":{"rendered":"DON MARIO CELEBRERA&#8217; LA MESSA ALLA CASA DI SOGGIORNO,"},"content":{"rendered":"<p>&nbsp;<\/p>\n<h3>PER TAIBON IL FUTURO RISERVA UN PARROCO PART-TIME CON LA VALLE E AGORDO<\/h3>\n<p><strong><a class=\"dt-pswp-item\" href=\"http:\/\/www.radiopiu.net\/wordpress\/wp-content\/uploads\/2019\/08\/download-6.jpg\" data-dt-img-description=\"\" data-large_image_width=\"300\" data-large_image_height=\"168\"><img loading=\"lazy\" decoding=\"async\" class=\" wp-image-95372 alignleft\" src=\"http:\/\/www.radiopiu.net\/wordpress\/wp-content\/uploads\/2019\/08\/download-6-300x168.jpg\" alt=\"\" width=\"227\" height=\"127\" \/><\/a>TAIBON<\/strong> Che sia il caso di allargare la chiesetta alla Casa di Soggiorno di Taibon? Il paese \u00e8 affezionato al suo parroco Mario Zanon che oltre gli 80 trascorrer\u00e0 gli anni della pensione alla casa di soggiorno per persone anziane di Taibon Agordino e li&#8217; celebrer\u00e0 la messa amche domenicale. In molti hanno gi\u00e0 assicurato che non mancheranno a quelle celebrazioni religiose. Intanto Don Mario ha inziato a dare la notizia e parlare alla sua comunit\u00e0, l&#8217; ha fatto in occasione della festa organizzata l&#8217;altra sera ai Coi con i frazionisti di via al Forte<\/p>\n<audio class=\"wp-audio-shortcode\" id=\"audio-95374-1\" preload=\"none\" style=\"width: 100%;\" controls=\"controls\"><source type=\"audio\/mpeg\" src=\"http:\/\/www.radiopiu.net\/wordpress\/wp-content\/uploads\/2019\/08\/don-mario.mp3?_=1\" \/><a href=\"http:\/\/www.radiopiu.net\/wordpress\/wp-content\/uploads\/2019\/08\/don-mario.mp3\">http:\/\/www.radiopiu.net\/wordpress\/wp-content\/uploads\/2019\/08\/don-mario.mp3<\/a><\/audio>\n<p>&nbsp;<\/p>\n<p>&nbsp;<\/p>\n","protected":false},"excerpt":{"rendered":"<p>&nbsp; PER TAIBON IL FUTURO RISERVA UN PARROCO PART-TIME CON LA VALLE E AGORDO TAIBON Che sia il caso di allargare la chiesetta alla Casa di Soggiorno di Taibon? Il paese \u00e8 affezionato al suo parroco Mario Zanon che oltre gli 80 trascorrer\u00e0 gli anni della pensione alla casa di soggiorno per persone anziane di&hellip;<\/p>\n","protected":false},"author":1,"featured_media":95372,"comment_status":"closed","ping_status":"closed","sticky":false,"template":"","format":"standard","meta":{"_monsterinsights_skip_tracking":false,"_monsterinsights_sitenote_active":false,"_monsterinsights_sitenote_note":"","_monsterinsights_sitenote_category":0,"footnotes":""},"categories":[103,49],"tags":[],"class_list":["post-95374","post","type-post","status-publish","format-standard","has-post-thumbnail","hentry","category-evidenza_2","category-news-18","category-103","category-49","description-off"],"img_url":"https:\/\/www.radiopiu.net\/wordpress\/wp-content\/uploads\/2019\/08\/download-6.jpg","_links":{"self":[{"href":"https:\/\/www.radiopiu.net\/wordpress\/wp-json\/wp\/v2\/posts\/95374","targetHints":{"allow":["GET"]}}],"collection":[{"href":"https:\/\/www.radiopiu.net\/wordpress\/wp-json\/wp\/v2\/posts"}],"about":[{"href":"https:\/\/www.radiopiu.net\/wordpress\/wp-json\/wp\/v2\/types\/post"}],"author":[{"embeddable":true,"href":"https:\/\/www.radiopiu.net\/wordpress\/wp-json\/wp\/v2\/users\/1"}],"replies":[{"embeddable":true,"href":"https:\/\/www.radiopiu.net\/wordpress\/wp-json\/wp\/v2\/comments?post=95374"}],"version-history":[{"count":0,"href":"https:\/\/www.radiopiu.net\/wordpress\/wp-json\/wp\/v2\/posts\/95374\/revisions"}],"wp:featuredmedia":[{"embeddable":true,"href":"https:\/\/www.radiopiu.net\/wordpress\/wp-json\/wp\/v2\/media\/95372"}],"wp:attachment":[{"href":"https:\/\/www.radiopiu.net\/wordpress\/wp-json\/wp\/v2\/media?parent=95374"}],"wp:term":[{"taxonomy":"category","embeddable":true,"href":"https:\/\/www.radiopiu.net\/wordpress\/wp-json\/wp\/v2\/categories?post=95374"},{"taxonomy":"post_tag","embeddable":true,"href":"https:\/\/www.radiopiu.net\/wordpress\/wp-json\/wp\/v2\/tags?post=95374"}],"curies":[{"name":"wp","href":"https:\/\/api.w.org\/{rel}","templated":true}]}}