{"id":95377,"date":"2019-08-13T05:59:31","date_gmt":"2019-08-13T03:59:31","guid":{"rendered":"http:\/\/www.radiopiu.net\/wordpress\/?p=95377"},"modified":"2019-08-14T06:17:48","modified_gmt":"2019-08-14T04:17:48","slug":"frassene-e-il-parco-laghetti-in-un-triste-abbandono","status":"publish","type":"post","link":"https:\/\/www.radiopiu.net\/wordpress\/frassene-e-il-parco-laghetti-in-un-triste-abbandono\/","title":{"rendered":"FRASSENE&#8217; E IL PARCO LAGHETTI IN UN TRISTE ABBANDONO"},"content":{"rendered":"<h2><span style=\"color: #ff0000;\">LA LETTERA<\/span><\/h2>\n<div><strong>di Carlo Della Lucia, Frassen\u00e8 di Voltag<\/strong>o<\/div>\n<div>\n<blockquote>\n<p lang=\"it-IT\"><em>In merito a quanto\u00a0 detto e scritto nel giornale radio\u00a0 di venerd\u00ec 9 agosto, nel condividere tutta l&#8217;amarezza per la condizione di squallore in cui vive oggi quella che tu definisci la piccola Cortina, consentimi alcune precisazioni sull&#8217;oggetto della tue osservazioni. Per quanto riguarda l&#8217;erba alta nell&#8217;area antistante la palestra di roccia al Parco Laghetti \u00e8 stata tagliata circa 15 giorni or sono. Le panchine che nell&#8217;estate del 2015 il Comitato ASBUC aveva acquistato con il contributo degli &#8220;Amici del Parco Laghetti&#8221; e abbandonate ammalorate sono state recuperate e con paziente lavoro smontate, grattate, riverniciate e rimontate ed da due settimane fanno la loro bella figura e servizio nell&#8217;area della palestra di roccia. E&#8217; stata fatta anche una pulizia al caratteristico sentiero che dall&#8217;antica piazzetta con fontana del Col dei Manth (in localit\u00e0 La Vila), dove sorgono costruzioni tra le pi\u00f9 antiche e caratteristiche dell&#8217;intero villaggio, conduce al Parco Laghetti, zona che ha anche l&#8217;originario toponimo de \u201c AI SASS\u201d. E pure la presa della condotta dell&#8217;acqua per i laghetti \u00e8 stata oggetto di una profonda pulizia. Sul piano pi\u00f9 ampio e politico ci sarebbe molto da dire ma eviter\u00f2 l&#8217;argomento perch\u00e9 inevitabilmente cadrei nelle facili polemiche e mi limito ad esprimere la considerazione che i tempi sono cambiati, per fortuna per certi versi. Personalmente credo profondamente nel valore delle \u201cradici\u201d, ma oggi sembra che tutto questo non abbia senso. Allora che cosa trasmettiamo ai ragazzi? Che cosa lasciamo in eredit\u00e0? Viviamo in luoghi meravigliosi e questo dovrebbe essere sufficiente per farci riflettere. Una cosa per\u00f2 m&#8217;incuriosisce in merito alla gestione del Parco Laghetti, e non solo me ma anche altre persone ospiti con cui ho avuto modo in questi giorni di scambiare \u201cquattro ciacole\u201d e la domanda che ci poniamo \u00e8: \u201cPerch\u00e9 hanno chiuso il Parco Laghetti?\u201d<\/em><\/p>\n<\/blockquote>\n<\/div>\n<h3>LA LETTERA FA RIFERIMENTO A QUESTO ARTICOLO, DOCUMENTATO CON SERVIZIO FOTOGRAFICO DELLO SCORSO VENERDI<\/h3>\n<div>http:\/\/www.radiopiu.net\/wordpress\/me-la-ricordo-la-piccola-cortina-di-mirko-mezzacasa\/<\/div>\n<div><\/div>\n<div><\/div>\n","protected":false},"excerpt":{"rendered":"<p>LA LETTERA di Carlo Della Lucia, Frassen\u00e8 di Voltago In merito a quanto\u00a0 detto e scritto nel giornale radio\u00a0 di venerd\u00ec 9 agosto, nel condividere tutta l&#8217;amarezza per la condizione di squallore in cui vive oggi quella che tu definisci la piccola Cortina, consentimi alcune precisazioni sull&#8217;oggetto della tue osservazioni. Per quanto riguarda l&#8217;erba alta&hellip;<\/p>\n","protected":false},"author":1,"featured_media":94880,"comment_status":"closed","ping_status":"closed","sticky":false,"template":"","format":"standard","meta":{"_monsterinsights_skip_tracking":false,"_monsterinsights_sitenote_active":false,"_monsterinsights_sitenote_note":"","_monsterinsights_sitenote_category":0,"footnotes":""},"categories":[103,49],"tags":[],"class_list":["post-95377","post","type-post","status-publish","format-standard","has-post-thumbnail","hentry","category-evidenza_2","category-news-18","category-103","category-49","description-off"],"img_url":"https:\/\/www.radiopiu.net\/wordpress\/wp-content\/uploads\/2019\/08\/897e9621-206b-4fb0-805b-4e4cdd3f53dc.jpg","_links":{"self":[{"href":"https:\/\/www.radiopiu.net\/wordpress\/wp-json\/wp\/v2\/posts\/95377","targetHints":{"allow":["GET"]}}],"collection":[{"href":"https:\/\/www.radiopiu.net\/wordpress\/wp-json\/wp\/v2\/posts"}],"about":[{"href":"https:\/\/www.radiopiu.net\/wordpress\/wp-json\/wp\/v2\/types\/post"}],"author":[{"embeddable":true,"href":"https:\/\/www.radiopiu.net\/wordpress\/wp-json\/wp\/v2\/users\/1"}],"replies":[{"embeddable":true,"href":"https:\/\/www.radiopiu.net\/wordpress\/wp-json\/wp\/v2\/comments?post=95377"}],"version-history":[{"count":0,"href":"https:\/\/www.radiopiu.net\/wordpress\/wp-json\/wp\/v2\/posts\/95377\/revisions"}],"wp:featuredmedia":[{"embeddable":true,"href":"https:\/\/www.radiopiu.net\/wordpress\/wp-json\/wp\/v2\/media\/94880"}],"wp:attachment":[{"href":"https:\/\/www.radiopiu.net\/wordpress\/wp-json\/wp\/v2\/media?parent=95377"}],"wp:term":[{"taxonomy":"category","embeddable":true,"href":"https:\/\/www.radiopiu.net\/wordpress\/wp-json\/wp\/v2\/categories?post=95377"},{"taxonomy":"post_tag","embeddable":true,"href":"https:\/\/www.radiopiu.net\/wordpress\/wp-json\/wp\/v2\/tags?post=95377"}],"curies":[{"name":"wp","href":"https:\/\/api.w.org\/{rel}","templated":true}]}}