{"id":95407,"date":"2019-08-13T06:00:03","date_gmt":"2019-08-13T04:00:03","guid":{"rendered":"http:\/\/www.radiopiu.net\/wordpress\/?p=95407"},"modified":"2019-08-14T06:14:43","modified_gmt":"2019-08-14T04:14:43","slug":"in-montagna-altra-raffica-di-incidenti-soccorso-anche-un-cane","status":"publish","type":"post","link":"https:\/\/www.radiopiu.net\/wordpress\/in-montagna-altra-raffica-di-incidenti-soccorso-anche-un-cane\/","title":{"rendered":"IN MONTAGNA ALTRA RAFFICA DI INCIDENTI, SOCCORSO ANCHE UN CANE"},"content":{"rendered":"<p><strong><a class=\"dt-pswp-item\" href=\"http:\/\/www.radiopiu.net\/wordpress\/wp-content\/uploads\/2019\/08\/IMG-20190812-WA0007.jpg\" data-dt-img-description=\"\" data-large_image_width=\"1600\" data-large_image_height=\"1200\"><img loading=\"lazy\" decoding=\"async\" class=\"size-medium wp-image-95408 alignleft\" src=\"http:\/\/www.radiopiu.net\/wordpress\/wp-content\/uploads\/2019\/08\/IMG-20190812-WA0007-300x225.jpg\" alt=\"\" width=\"300\" height=\"225\" srcset=\"https:\/\/www.radiopiu.net\/wordpress\/wp-content\/uploads\/2019\/08\/IMG-20190812-WA0007-300x225.jpg 300w, https:\/\/www.radiopiu.net\/wordpress\/wp-content\/uploads\/2019\/08\/IMG-20190812-WA0007-768x576.jpg 768w, https:\/\/www.radiopiu.net\/wordpress\/wp-content\/uploads\/2019\/08\/IMG-20190812-WA0007-1024x768.jpg 1024w, https:\/\/www.radiopiu.net\/wordpress\/wp-content\/uploads\/2019\/08\/IMG-20190812-WA0007.jpg 1600w\" sizes=\"auto, (max-width: 300px) 100vw, 300px\" \/><\/a>BELLUNO<\/strong>\u00a0 Attorno a mezzogiorno e mezza, ricevuto poco prima l&#8217;allerta dalla Centrale operativa del 118, il Soccorso alpino di Belluno \u00e8 intervenuto sotto il Rifugio Settimo alpini, per un cane caduto dalla scarpata laterale che costeggia il sentiero e finito sul greto del torrente Ardo, all&#8217;altezza del terzo ponte, poco prima del Calvario. Una squadra \u00e8 arrivata dalle case Bortot e un&#8217;altra \u00e8 salita dalla strada delle gallerie. Raggiunto a piedi alle 14 il punto da dove era scivolata la bestiola, uno dei soccorritori \u00e8 stato calato con un paranco sulla verticale per una trentina di metri, la ha assicurata con un apposito imbrago e assieme sono stati sollevati sul sentiero. Il cagnolino, che stava bene e si era subito fatto avvicinare, \u00e8 stato riconsegnato al proprietario trevigiano.<\/p>\n<p><strong>SAN VITO DI CADORE<\/strong>\u00a0 Alle 13 circa una squadra del Soccorso alpino di San Vito di Cadore si \u00e8 portata in fuoristrada al Rifugio Venezia, sotto il Pelmo, poich\u00e8 una bimba di 6 anni di Sarmede (TV) lamentava dolori addominali. Trasportata fino all&#8217;ambulanza, la bambina \u00e8 stata accompagnata all&#8217;ospedale di Belluno per le verifiche del caso.<\/p>\n<p><strong>CORTINA<\/strong> Alle 13.30 l&#8217;elicottero del Suem di Pieve di Cadore \u00e8 volato al Rifugio Vandelli, a Cortina d&#8217;Ampezzo, per un malore. Dopo il controllo sanitario dell&#8217;equipe medica, l&#8217;escursionista, C.M., 67 anni, di Roma, \u00e8 stato imbarcato e accompagnato a Belluno per approfondimenti.<\/p>\n<p><strong>LORENZAGO DI CADORE<\/strong> Poco prima delle 14, il Soccorso alpino del Centro Cadore \u00e8 stato inviato per un eventuale supporto all&#8217;ambulanza a Lorenzago di Cadore, per uno scout diciassettenne di Treviso che aveva riportato una ferita alla testa colpito da un sasso, mentre con il suo gruppo si trovava all&#8217;imbocco della Val Cridola. Aiutato dai compagni a raggiungere la strada, il ragazzo \u00e8 stato medicato e imbarellato, per poi essere portato al pronto soccorso dall&#8217;ambulanza di Auronzo. Sul posto sette soccorritori.<\/p>\n<p><strong>CORTINA\u00a0<\/strong> Alle 14.30 circa \u00e8 invece scattato l&#8217;allarme per una persona persa di vista da amici e parenti durante una camminata nella zona di Campo Croce a Cortina d&#8217;Ampezzo. L&#8217;uomo, un quarantasettenne di San Marino, si era allontanato nella discesa verso Casera Vedla. Non vedendolo pi\u00f9 arrivare, i familiari erano tornati indietro per poi chiedere aiuto. Quando il Soccorso alpino e il Sagf di Cortina hanno avviato la ricerca nella zona di Ra Stua, l&#8217;uomo \u00e8 rientrato autonomamente e l&#8217;allarme \u00e8 cessato.<\/p>\n","protected":false},"excerpt":{"rendered":"<p>BELLUNO\u00a0 Attorno a mezzogiorno e mezza, ricevuto poco prima l&#8217;allerta dalla Centrale operativa del 118, il Soccorso alpino di Belluno \u00e8 intervenuto sotto il Rifugio Settimo alpini, per un cane caduto dalla scarpata laterale che costeggia il sentiero e finito sul greto del torrente Ardo, all&#8217;altezza del terzo ponte, poco prima del Calvario. Una squadra&hellip;<\/p>\n","protected":false},"author":1,"featured_media":95408,"comment_status":"closed","ping_status":"closed","sticky":false,"template":"","format":"standard","meta":{"_monsterinsights_skip_tracking":false,"_monsterinsights_sitenote_active":false,"_monsterinsights_sitenote_note":"","_monsterinsights_sitenote_category":0,"footnotes":""},"categories":[51,49],"tags":[],"class_list":["post-95407","post","type-post","status-publish","format-standard","has-post-thumbnail","hentry","category-evidenza-top","category-news-18","category-51","category-49","description-off"],"img_url":"https:\/\/www.radiopiu.net\/wordpress\/wp-content\/uploads\/2019\/08\/IMG-20190812-WA0007.jpg","_links":{"self":[{"href":"https:\/\/www.radiopiu.net\/wordpress\/wp-json\/wp\/v2\/posts\/95407","targetHints":{"allow":["GET"]}}],"collection":[{"href":"https:\/\/www.radiopiu.net\/wordpress\/wp-json\/wp\/v2\/posts"}],"about":[{"href":"https:\/\/www.radiopiu.net\/wordpress\/wp-json\/wp\/v2\/types\/post"}],"author":[{"embeddable":true,"href":"https:\/\/www.radiopiu.net\/wordpress\/wp-json\/wp\/v2\/users\/1"}],"replies":[{"embeddable":true,"href":"https:\/\/www.radiopiu.net\/wordpress\/wp-json\/wp\/v2\/comments?post=95407"}],"version-history":[{"count":0,"href":"https:\/\/www.radiopiu.net\/wordpress\/wp-json\/wp\/v2\/posts\/95407\/revisions"}],"wp:featuredmedia":[{"embeddable":true,"href":"https:\/\/www.radiopiu.net\/wordpress\/wp-json\/wp\/v2\/media\/95408"}],"wp:attachment":[{"href":"https:\/\/www.radiopiu.net\/wordpress\/wp-json\/wp\/v2\/media?parent=95407"}],"wp:term":[{"taxonomy":"category","embeddable":true,"href":"https:\/\/www.radiopiu.net\/wordpress\/wp-json\/wp\/v2\/categories?post=95407"},{"taxonomy":"post_tag","embeddable":true,"href":"https:\/\/www.radiopiu.net\/wordpress\/wp-json\/wp\/v2\/tags?post=95407"}],"curies":[{"name":"wp","href":"https:\/\/api.w.org\/{rel}","templated":true}]}}