{"id":95477,"date":"2019-08-14T05:00:43","date_gmt":"2019-08-14T03:00:43","guid":{"rendered":"http:\/\/www.radiopiu.net\/wordpress\/?p=95477"},"modified":"2019-08-15T14:13:13","modified_gmt":"2019-08-15T12:13:13","slug":"giornale-radiopiu-14-agosto-2019-direttore-mirko-mezzacasa","status":"publish","type":"post","link":"https:\/\/www.radiopiu.net\/wordpress\/giornale-radiopiu-14-agosto-2019-direttore-mirko-mezzacasa\/","title":{"rendered":"GIORNALE RADIOPIU 14 AGOSTO 2019 DIRETTORE MIRKO MEZZACASA"},"content":{"rendered":"<p>&nbsp;<\/p>\n<p><strong>A mali estremi&#8230;si scoppiano i petardi.<\/strong> Succede a Belluno dove Paola Dal Farra l&#8217;altra notte ha scacciato i lupi, una coppia di predatori ha &#8220;cenato&#8221; uccidendo un&#8217;asina incinta ed \u00e8 gi\u00e0 la seconda volta. la proprietaria del ranch in zona Ronce per evitare ulteriori danni ha scoppiato dei petardi e gli animali sono di nuovo scomparsi nel bosco<\/p>\n<p>&nbsp;<\/p>\n<p><strong>A Tambre c&#8217;\u00e8 chi protesta e minaccia di andare dal Prefetto<\/strong>, perch\u00e9 l&#8217;acqua \u00e8 inquinata da una settimana. Notizia che fa sorridere nell&#8217;Agordino visto che dai giorni di Vaia, ma anche prima, ci sono zone come ad esempio Gosaldo (da settimane) ha gli stessi problemi. Se gli agordini dovessero scendere dal Prefetto ogni volta che l&#8217;acqua \u00e8 inquinata&#8230;la coda al palazzo sarebbe continua ed interminabile, perch\u00e9 proprio nell&#8217;Agordino i problemi sono quotidiani, qui o li&#8217;&#8230;ad esempio da giorni, da molto pi\u00f9 di una settimana:<br \/>\n<em>Gestione Servizi Pubblici informa che in\u00a0 Comune di GOSALDO l&#8217;acqua \u00e8 inquinata nelle localit\u00e0 CENCI, MORI, CARCOI, SCUSSEI, PAGANIN E VALLASIN pu\u00f2 quindi essere usata solo previa bollitura\u00a0<\/em><\/p>\n<p>&nbsp;<\/p>\n<p>&nbsp;<\/p>\n<h2>DAL 26 AGOSTO CHIUDE IL PONTE DI SANTA CATERINA. LA PREFETTURA PREDISPONE IL PIANO B, C E D COME DISAGI.<\/h2>\n<p><strong><a class=\"dt-pswp-item\" href=\"http:\/\/www.radiopiu.net\/wordpress\/wp-content\/uploads\/2019\/08\/ponte-nelle-alpi-1.jpg\" data-dt-img-description=\"\" data-large_image_width=\"290\" data-large_image_height=\"218\"><img loading=\"lazy\" decoding=\"async\" class=\" wp-image-95604 alignleft\" src=\"http:\/\/www.radiopiu.net\/wordpress\/wp-content\/uploads\/2019\/08\/ponte-nelle-alpi-1.jpg\" alt=\"\" width=\"202\" height=\"152\" \/><\/a>BELLUNO<\/strong> Il ponte chiude ed ecco la debolezza delle infrastrutture bellunesi. Per tre mesi i lavori sul ponte che attraversa il Piave, chiuso un ponte se ne fa un altro&#8230;ma anche molti chilometri in pi\u00f9. (foto bellunopress.it)<\/p>\n<p><strong>di DAMIANO TORMEN\u00a0<\/strong><\/p>\n<audio class=\"wp-audio-shortcode\" id=\"audio-95477-1\" preload=\"none\" style=\"width: 100%;\" controls=\"controls\"><source type=\"audio\/mpeg\" src=\"http:\/\/www.radiopiu.net\/wordpress\/wp-content\/uploads\/2019\/08\/damiano-ponte.mp3?_=1\" \/><a href=\"http:\/\/www.radiopiu.net\/wordpress\/wp-content\/uploads\/2019\/08\/damiano-ponte.mp3\">http:\/\/www.radiopiu.net\/wordpress\/wp-content\/uploads\/2019\/08\/damiano-ponte.mp3<\/a><\/audio>\n<p>&nbsp;<\/p>\n<h1>Piano di gestione del traffico per la chiusura del Ponte<\/h1>\n<blockquote class=\"wp-embedded-content\" data-secret=\"6ZYqFbQ7hx\"><p><a href=\"http:\/\/www.radiopiu.net\/wordpress\/chiusura-del-ponte-di-santa-caterina-piano-di-gestione-del-traffico\/\">\u201cCHIUSURA DEL PONTE DI SANTA CATERINA &#8211; PIANO DI GESTIONE DEL TRAFFICO\u201d\u00a0<\/a><\/p><\/blockquote>\n<p><iframe loading=\"lazy\" title=\"&#8220;\u201cCHIUSURA DEL PONTE DI SANTA CATERINA &#8211; PIANO DI GESTIONE DEL TRAFFICO\u201d\u00a0&#8221; &#8212; Radio Pi\u00f9\" class=\"wp-embedded-content\" sandbox=\"allow-scripts\" security=\"restricted\" style=\"position: absolute; clip: rect(1px, 1px, 1px, 1px);\" src=\"http:\/\/www.radiopiu.net\/wordpress\/chiusura-del-ponte-di-santa-caterina-piano-di-gestione-del-traffico\/embed\/#?secret=6ZYqFbQ7hx\" data-secret=\"6ZYqFbQ7hx\" width=\"600\" height=\"338\" frameborder=\"0\" marginwidth=\"0\" marginheight=\"0\" scrolling=\"no\"><\/iframe><\/p>\n<p>&nbsp;<\/p>\n<p>&nbsp;<\/p>\n<p>&nbsp;<\/p>\n<p>&nbsp;<\/p>\n<p><em><strong>FELTRE VIABILITA<\/strong> Oggi e domani\u00a0 (se necessario) dalle 7 alle 17\u00a0 per : &#8220;Sostituzione conduttori elettrodotto 220 kv presso centrale Vellai&#8221; &#8211; l\u2019istituzione, dei seguenti obblighi, divieti e limitazioni: chiusura totale al transito di tutti i veicoli, motocicli e cicli (escluso mezzi di soccorso ed autobus) del tratto di via Borgo Nuovo compreso fra l&#8217;incrocio con via Saluch ed i civici 14 \/ 23\u00a0<\/em><\/p>\n<p>&nbsp;<\/p>\n<p>&nbsp;<\/p>\n<h3>FUNGAIOLO RUZZOLA NEL BOSCO PER 200 METRI<\/h3>\n<p><a class=\"dt-pswp-item\" href=\"http:\/\/www.radiopiu.net\/wordpress\/wp-content\/uploads\/2019\/08\/IMG-20190813-WA0003.jpg\" data-dt-img-description=\"\" data-large_image_width=\"1600\" data-large_image_height=\"1200\"><img loading=\"lazy\" decoding=\"async\" class=\" wp-image-95474 alignleft\" src=\"http:\/\/www.radiopiu.net\/wordpress\/wp-content\/uploads\/2019\/08\/IMG-20190813-WA0003-300x225.jpg\" alt=\"\" width=\"227\" height=\"170\" srcset=\"https:\/\/www.radiopiu.net\/wordpress\/wp-content\/uploads\/2019\/08\/IMG-20190813-WA0003-300x225.jpg 300w, https:\/\/www.radiopiu.net\/wordpress\/wp-content\/uploads\/2019\/08\/IMG-20190813-WA0003-768x576.jpg 768w, https:\/\/www.radiopiu.net\/wordpress\/wp-content\/uploads\/2019\/08\/IMG-20190813-WA0003-1024x768.jpg 1024w, https:\/\/www.radiopiu.net\/wordpress\/wp-content\/uploads\/2019\/08\/IMG-20190813-WA0003.jpg 1600w\" sizes=\"auto, (max-width: 227px) 100vw, 227px\" \/><\/a><strong>SAN NICOLO&#8217; COMELICO\u00a0 <\/strong>Ieri mattina il Soccorso alpino della Val Comelico \u00e8 stato allertato dalla Centrale del Suem, per intervenire in supporto all&#8217;elicottero di Pieve di Cadore in aiuto di un fungaiolo ruzzolato per 200 metri in un bosco molto ripido. L&#8217;uomo, S.C., 67 anni, di San Nicol\u00f2 Comelico (BL), \u00e8 scivolato e caduto mentre con un amico si trovava nella zona di Casera Aiaredo, una sessantina di metri sopra la strada che dal Rifugio De D\u00f2o porta a Malga Melin. Raggiunto dall&#8217;equipe medica e dal tecnico di elisoccorso, all&#8217;infortunato sono state prestate le prime cure, mentre sopraggiungevano 6 soccorritori, tra i quali 2 finanzieri di Auronzo. Una volta imbarellato, il cercatore di funghi \u00e8 stato calato lungo il pendio fino alla strada, per poi essere imbarcato e accompagnato all&#8217;ospedale di Treviso con una sospetta frattura alla spalla.<\/p>\n<p>&nbsp;<\/p>\n<p>&nbsp;<\/p>\n<h3>SCOUT NEI GUAI, TERZO SOCCORSO IN POCO PIU&#8217; DI 24 ORE<\/h3>\n<p><strong>VIGO DI CADORE<\/strong>\u00a0 L&#8217;altra sera attorno alle 22 una squadra del Soccorso alpino del Centro Cadore si \u00e8 recata a Malga Doana, dove un ragazzo di 19 anni, A.S.T., facente parte di un gruppo scout di Treviso partito dal Passo della Mauria, era stato accompagnato dal gestore per un dolore al ginocchio. I soccorritori lo hanno caricato sul fuoristrada e trasportato all&#8217;ospedale di Pieve di Cadore per i controlli del caso.<\/p>\n<p>&nbsp;<\/p>\n<p>&nbsp;<\/p>\n<h3>PRONTO VOLONTARI? POTETE VENIRE A PRENDERMI HO UN TRAUMA ALLA CAVIGLIA<\/h3>\n<p><strong><a class=\"dt-pswp-item\" href=\"http:\/\/www.radiopiu.net\/wordpress\/wp-content\/uploads\/2019\/05\/ELI-SUEM-SOCC-5.jpg\" data-dt-img-description=\"\" data-large_image_width=\"1600\" data-large_image_height=\"900\"><img loading=\"lazy\" decoding=\"async\" class=\" wp-image-86183 alignleft\" src=\"http:\/\/www.radiopiu.net\/wordpress\/wp-content\/uploads\/2019\/05\/ELI-SUEM-SOCC-5-300x169.jpg\" alt=\"\" width=\"202\" height=\"114\" srcset=\"https:\/\/www.radiopiu.net\/wordpress\/wp-content\/uploads\/2019\/05\/ELI-SUEM-SOCC-5-300x169.jpg 300w, https:\/\/www.radiopiu.net\/wordpress\/wp-content\/uploads\/2019\/05\/ELI-SUEM-SOCC-5-768x432.jpg 768w, https:\/\/www.radiopiu.net\/wordpress\/wp-content\/uploads\/2019\/05\/ELI-SUEM-SOCC-5-1024x576.jpg 1024w, https:\/\/www.radiopiu.net\/wordpress\/wp-content\/uploads\/2019\/05\/ELI-SUEM-SOCC-5.jpg 1600w\" sizes=\"auto, (max-width: 202px) 100vw, 202px\" \/><\/a>FALCADE<\/strong>\u00a0 Nel primo pomriggio di ieri\u00a0 una squadra del Soccorso alpino della Val Biois ha raggiunto in fuoristrada localit\u00e0 la Rossa, dove, scendendo lungo la silvopastorale che dal Rifugio Flora Alpina porta all&#8217;abitato di Costa, un&#8217;escursionista \u00e8 scivolata, riportando un trauma ad una\u00a0 caviglia. Una volta dall&#8217;infortunata, D.Z., 63 anni, di Ravenna, che si trovava con una coppia di amici, i tre soccorritori le hanno immobilizzato il piede. Dopo averla aiutata a salire sulla jeep, hanno poi accompagnato la donna sulla strada per affidarla all&#8217;ambulanza della Croce Verde diretta all&#8217;ospedale di Agordo.<\/p>\n<p>&nbsp;<\/p>\n<p>&nbsp;<\/p>\n<h3>AUTO TRUCCATA E POSSESSO DI ARMA: SANZIONATO E DENUNCIATO<\/h3>\n<p><strong><a class=\"dt-pswp-item\" href=\"http:\/\/www.radiopiu.net\/wordpress\/wp-content\/uploads\/2018\/09\/POLIZIA-2.jpg\" data-dt-img-description=\"\" data-large_image_width=\"768\" data-large_image_height=\"512\"><img loading=\"lazy\" decoding=\"async\" class=\"size-medium wp-image-60259 alignleft\" src=\"http:\/\/www.radiopiu.net\/wordpress\/wp-content\/uploads\/2018\/09\/POLIZIA-2-300x200.jpg\" alt=\"\" width=\"300\" height=\"200\" srcset=\"https:\/\/www.radiopiu.net\/wordpress\/wp-content\/uploads\/2018\/09\/POLIZIA-2-300x200.jpg 300w, https:\/\/www.radiopiu.net\/wordpress\/wp-content\/uploads\/2018\/09\/POLIZIA-2.jpg 768w\" sizes=\"auto, (max-width: 300px) 100vw, 300px\" \/><\/a>BELLUNO <\/strong>Girava con una Fiat 600 nuova che non \u00e8 passata inosservata davanti all&#8217; equipaggio della\u00a0 Squadra Volanti della Questura di Belluno. Gli agenti hanno intuito che l&#8217;auto poteva essere &#8220;truccata&#8221; e al controllo hanno avuto la prova, ovvero il giovane alla guida aveva apportato una nutrita serie di modifiche rispetto all&#8217;originale come la sostituzione del volante, l\u2019abbassamento del veicolo, i retrovisori non originali e il filtro dell\u2019aria modificato in maniera artigianale. Gi\u00e0 questo al proprietario \u00e8 costato 431 euro di multa e ritiro della carte di circolazione. A complicare la situazione un coltello con doppia lama affilata nel vano portaoggetti centrale dell&#8217;auto. Per\u00a0il possesso ingiustificato di oggetti atti ad offendere l&#8217;uomo\u00a0rischia la pena dell\u2019arresto da un mese ad un anno ed un ammenda da \u20ac 1.000 ad \u20ac 10.000.<\/p>\n<p>&nbsp;<\/p>\n<p>&nbsp;<\/p>\n<p>&nbsp;<\/p>\n<p>&nbsp;<\/p>\n<h2>CERVO CONTRO L&#8217;AMBULANZA, GRAVI DANNI AL MEZZO, INCOLUME L&#8217;AUTISTA<\/h2>\n<blockquote><p><em>\u00abAll&#8217;improvviso, avevo raggiunto la zona dei piani del Falzarego, \u00e8 balzato in strada un cervo dal bosco e ha preso il mezzo sulla fiancata a destra. Un danno enorme. Ero sul rettilineo, con la coda dell&#8217;occhio mi sembrava di aver visto sbalzare qualcosa da un costone\u00bb<\/em><\/p><\/blockquote>\n<p><strong>LIVINALLONGO<\/strong> Il mezzo della Croce Bianca di Arabba\u00a0 guidato dal\u00a0 caposervizio Andreas Mitibung\u00a0 stava scendendo da Passo Falzarego di ritorno da Cortina quando il cervo di notevoli dimensioni si \u00e8 parato davanti, impossibile evitarlo nonostante la velocit\u00e0 non elevata dell&#8217;ambulanza con a bordo solo il guidatore. Enorme lo spavento, al pari dei danni al mezzo. \u00a0Miribung non ha fatto in tempo a rendersi conto di cosa fosse, ha sentito un tonfo e una pioggia di vetri: l&#8217;animale ha preso il parabrezza, il vetro del lato passeggero e ha ammaccato la fiancata<\/p>\n<p><a class=\"dt-pswp-item\" href=\"http:\/\/www.radiopiu.net\/wordpress\/wp-content\/uploads\/2019\/08\/WhatsApp-Image-2019-08-13-at-17.39.31-4.jpeg\" data-dt-img-description=\"\" data-large_image_width=\"1599\" data-large_image_height=\"1200\"><img loading=\"lazy\" decoding=\"async\" class=\"alignnone size-medium wp-image-95535\" src=\"http:\/\/www.radiopiu.net\/wordpress\/wp-content\/uploads\/2019\/08\/WhatsApp-Image-2019-08-13-at-17.39.31-4-300x225.jpeg\" alt=\"\" width=\"300\" height=\"225\" srcset=\"https:\/\/www.radiopiu.net\/wordpress\/wp-content\/uploads\/2019\/08\/WhatsApp-Image-2019-08-13-at-17.39.31-4-300x225.jpeg 300w, https:\/\/www.radiopiu.net\/wordpress\/wp-content\/uploads\/2019\/08\/WhatsApp-Image-2019-08-13-at-17.39.31-4-768x576.jpeg 768w, https:\/\/www.radiopiu.net\/wordpress\/wp-content\/uploads\/2019\/08\/WhatsApp-Image-2019-08-13-at-17.39.31-4-1024x768.jpeg 1024w, https:\/\/www.radiopiu.net\/wordpress\/wp-content\/uploads\/2019\/08\/WhatsApp-Image-2019-08-13-at-17.39.31-4.jpeg 1599w\" sizes=\"auto, (max-width: 300px) 100vw, 300px\" \/><\/a><a class=\"dt-pswp-item\" href=\"http:\/\/www.radiopiu.net\/wordpress\/wp-content\/uploads\/2019\/08\/WhatsApp-Image-2019-08-13-at-17.39.31-3.jpeg\" data-dt-img-description=\"\" data-large_image_width=\"1599\" data-large_image_height=\"1200\"><img loading=\"lazy\" decoding=\"async\" class=\"alignnone size-medium wp-image-95534\" src=\"http:\/\/www.radiopiu.net\/wordpress\/wp-content\/uploads\/2019\/08\/WhatsApp-Image-2019-08-13-at-17.39.31-3-300x225.jpeg\" alt=\"\" width=\"300\" height=\"225\" srcset=\"https:\/\/www.radiopiu.net\/wordpress\/wp-content\/uploads\/2019\/08\/WhatsApp-Image-2019-08-13-at-17.39.31-3-300x225.jpeg 300w, https:\/\/www.radiopiu.net\/wordpress\/wp-content\/uploads\/2019\/08\/WhatsApp-Image-2019-08-13-at-17.39.31-3-768x576.jpeg 768w, https:\/\/www.radiopiu.net\/wordpress\/wp-content\/uploads\/2019\/08\/WhatsApp-Image-2019-08-13-at-17.39.31-3-1024x768.jpeg 1024w, https:\/\/www.radiopiu.net\/wordpress\/wp-content\/uploads\/2019\/08\/WhatsApp-Image-2019-08-13-at-17.39.31-3.jpeg 1599w\" sizes=\"auto, (max-width: 300px) 100vw, 300px\" \/><\/a><a class=\"dt-pswp-item\" href=\"http:\/\/www.radiopiu.net\/wordpress\/wp-content\/uploads\/2019\/08\/WhatsApp-Image-2019-08-13-at-17.39.31-2.jpeg\" data-dt-img-description=\"\" data-large_image_width=\"1599\" data-large_image_height=\"1200\"><img loading=\"lazy\" decoding=\"async\" class=\"alignnone size-medium wp-image-95533\" src=\"http:\/\/www.radiopiu.net\/wordpress\/wp-content\/uploads\/2019\/08\/WhatsApp-Image-2019-08-13-at-17.39.31-2-300x225.jpeg\" alt=\"\" width=\"300\" height=\"225\" srcset=\"https:\/\/www.radiopiu.net\/wordpress\/wp-content\/uploads\/2019\/08\/WhatsApp-Image-2019-08-13-at-17.39.31-2-300x225.jpeg 300w, https:\/\/www.radiopiu.net\/wordpress\/wp-content\/uploads\/2019\/08\/WhatsApp-Image-2019-08-13-at-17.39.31-2-768x576.jpeg 768w, https:\/\/www.radiopiu.net\/wordpress\/wp-content\/uploads\/2019\/08\/WhatsApp-Image-2019-08-13-at-17.39.31-2-1024x768.jpeg 1024w, https:\/\/www.radiopiu.net\/wordpress\/wp-content\/uploads\/2019\/08\/WhatsApp-Image-2019-08-13-at-17.39.31-2.jpeg 1599w\" sizes=\"auto, (max-width: 300px) 100vw, 300px\" \/><\/a><a class=\"dt-pswp-item\" href=\"http:\/\/www.radiopiu.net\/wordpress\/wp-content\/uploads\/2019\/08\/WhatsApp-Image-2019-08-13-at-17.39.31-1.jpeg\" data-dt-img-description=\"\" data-large_image_width=\"1200\" data-large_image_height=\"1599\"><img loading=\"lazy\" decoding=\"async\" class=\"alignnone wp-image-95532\" src=\"http:\/\/www.radiopiu.net\/wordpress\/wp-content\/uploads\/2019\/08\/WhatsApp-Image-2019-08-13-at-17.39.31-1-225x300.jpeg\" alt=\"\" width=\"167\" height=\"223\" srcset=\"https:\/\/www.radiopiu.net\/wordpress\/wp-content\/uploads\/2019\/08\/WhatsApp-Image-2019-08-13-at-17.39.31-1-225x300.jpeg 225w, https:\/\/www.radiopiu.net\/wordpress\/wp-content\/uploads\/2019\/08\/WhatsApp-Image-2019-08-13-at-17.39.31-1-768x1024.jpeg 768w, https:\/\/www.radiopiu.net\/wordpress\/wp-content\/uploads\/2019\/08\/WhatsApp-Image-2019-08-13-at-17.39.31-1.jpeg 1200w\" sizes=\"auto, (max-width: 167px) 100vw, 167px\" \/><\/a><a class=\"dt-pswp-item\" href=\"http:\/\/www.radiopiu.net\/wordpress\/wp-content\/uploads\/2019\/08\/WhatsApp-Image-2019-08-13-at-17.39.31.jpeg\" data-dt-img-description=\"\" data-large_image_width=\"1200\" data-large_image_height=\"1599\"><img loading=\"lazy\" decoding=\"async\" class=\"alignnone wp-image-95531\" src=\"http:\/\/www.radiopiu.net\/wordpress\/wp-content\/uploads\/2019\/08\/WhatsApp-Image-2019-08-13-at-17.39.31-225x300.jpeg\" alt=\"\" width=\"172\" height=\"229\" srcset=\"https:\/\/www.radiopiu.net\/wordpress\/wp-content\/uploads\/2019\/08\/WhatsApp-Image-2019-08-13-at-17.39.31-225x300.jpeg 225w, https:\/\/www.radiopiu.net\/wordpress\/wp-content\/uploads\/2019\/08\/WhatsApp-Image-2019-08-13-at-17.39.31-768x1024.jpeg 768w, https:\/\/www.radiopiu.net\/wordpress\/wp-content\/uploads\/2019\/08\/WhatsApp-Image-2019-08-13-at-17.39.31.jpeg 1200w\" sizes=\"auto, (max-width: 172px) 100vw, 172px\" \/><\/a><\/p>\n<p>&nbsp;<\/p>\n<p>&nbsp;<\/p>\n<p>&nbsp;<\/p>\n<h2>ATTENZIONE AI FURTI IN VALLE DI SAN LUCANO<\/h2>\n<p><strong><a class=\"dt-pswp-item\" href=\"http:\/\/www.radiopiu.net\/wordpress\/wp-content\/uploads\/2019\/08\/download-10.jpg\" data-dt-img-description=\"\" data-large_image_width=\"168\" data-large_image_height=\"300\"><img loading=\"lazy\" decoding=\"async\" class=\" wp-image-95505 alignleft\" src=\"http:\/\/www.radiopiu.net\/wordpress\/wp-content\/uploads\/2019\/08\/download-10-168x300.jpg\" alt=\"\" width=\"85\" height=\"152\" \/><\/a><\/strong><\/p>\n<p><strong>TAIBON<\/strong> Povera Valle di San Lucano dove gli alberi sono ancora tristemente a terra ma la nuova amministrazione \u00e8 operativa da poche settimane ed era prevedibile, chiss\u00e0 se il Commissario per l&#8217;emergenza se lo ricorda visto che sembrava tutto facile e risolvibile negli incontri mediatici. La strada per Pont (rifatto il primo tornante) \u00e8 sempre sbarrata con cancelli e cartelli,\u00a0 il\u00a0 recente\u00a0 temporale\u00a0 ha nuovamente spazzato via i guadi sul Tegnas.\u00a0 Adesso si\u00a0 aggiungono anche i furti. In prossimit\u00e0 della chiesa di San Lucano, nei giorni scorsi ad una signora \u00e8 stata rubata la borsetta lasciata nella Panda. Oltre al danno per il furto anche quello del vetro dell&#8217;auto finito in mille pezzi, il modo pi\u00f9 semplice per mettere le mani sulla borsa. Ci sono poi le ordinanze di divieto di transito verso il laghetto delle Peschiere e il divieto di accendere fuochi. Anche qui tempo sprecato per gli uffici comunali, ognuno fa quello che vuole, le ordinanze non vengono rispettate e ogni giorno c&#8217;\u00e8 chi arriva con l&#8217;auto fino sulla riva di quel che rimane alle Peschiere e non manca di accendere fuochi in barba alle ordinanze dell&#8217;inascoltato sindaco Silvia Tormen che fa quel che pu\u00f2, ma con il vigile urbano in ferie e la carenza di personale i controlli latitano. E per gli amanti dei funghi l&#8217;invito a cercare i pregiati miceti ben lontano dalle aree pic nic perche&#8217; sono frequentatissime ma mancando i bagni, uomini, donne, bambini, abbandonano i loro escrementi in mezzo al bosco ormai diventato un cesso a cielo aperto pieno di cattivi odori e carta igienica sparsa ovunque, perch\u00e8 quella, come l&#8217;acqua, lo zucchero e il caffe&#8217; i turisti se la portano sempre appresso che al supermarket di citt\u00e0 costa meno, mentre la legna la trovano sul posto, se va bene gi\u00e0 accatastata, male che vada in riva al Tegnas. (mm)<\/p>\n<p>&nbsp;<\/p>\n<p><strong>\u00a0<\/strong><\/p>\n<p>&nbsp;<\/p>\n<p>&nbsp;<\/p>\n<h2>UN&#8217; ATTIVA GESTIONE AGORDINA PER LA PISCINA DI AGORDO<\/h2>\n<p><strong><a class=\"dt-pswp-item\" href=\"http:\/\/www.radiopiu.net\/wordpress\/wp-content\/uploads\/2019\/06\/impianto_Agordo_orari_piscina.jpg\" data-dt-img-description=\"\" data-large_image_width=\"1000\" data-large_image_height=\"300\"><img loading=\"lazy\" decoding=\"async\" class=\" wp-image-88772 alignleft\" src=\"http:\/\/www.radiopiu.net\/wordpress\/wp-content\/uploads\/2019\/06\/impianto_Agordo_orari_piscina-300x90.jpg\" alt=\"\" width=\"177\" height=\"53\" srcset=\"https:\/\/www.radiopiu.net\/wordpress\/wp-content\/uploads\/2019\/06\/impianto_Agordo_orari_piscina-300x90.jpg 300w, https:\/\/www.radiopiu.net\/wordpress\/wp-content\/uploads\/2019\/06\/impianto_Agordo_orari_piscina-768x230.jpg 768w, https:\/\/www.radiopiu.net\/wordpress\/wp-content\/uploads\/2019\/06\/impianto_Agordo_orari_piscina.jpg 1000w\" sizes=\"auto, (max-width: 177px) 100vw, 177px\" \/><\/a>AGORDO<\/strong> Stamane alle 10 sar\u00e0 aperta l&#8217;unica busta per la gestione della piscina di Agordo, L&#8217;Unione Montana mette sul piatto 70mila euro per 5 anni, Attivamente Agordino s&#8217;impegner\u00e0 per la gestione dell&#8217;impianto di via Lungorova<\/p>\n<p><strong>di Gianni Santomaso<\/strong><\/p>\n<audio class=\"wp-audio-shortcode\" id=\"audio-95477-2\" preload=\"none\" style=\"width: 100%;\" controls=\"controls\"><source type=\"audio\/mpeg\" src=\"http:\/\/www.radiopiu.net\/wordpress\/wp-content\/uploads\/2019\/08\/GIANNI-PISCINA-1.mp3?_=2\" \/><a href=\"http:\/\/www.radiopiu.net\/wordpress\/wp-content\/uploads\/2019\/08\/GIANNI-PISCINA-1.mp3\">http:\/\/www.radiopiu.net\/wordpress\/wp-content\/uploads\/2019\/08\/GIANNI-PISCINA-1.mp3<\/a><\/audio>\n<p>&nbsp;<\/p>\n<p>&nbsp;<\/p>\n<p>&nbsp;<\/p>\n<h3>MICHELE COSTA NUOVO PRESIDENTE DELL&#8217;UNIONE MONTANA?<\/h3>\n<p><strong><a class=\"dt-pswp-item\" href=\"http:\/\/www.radiopiu.net\/wordpress\/wp-content\/uploads\/2016\/05\/UNIONE-MONTANA.jpg\" data-dt-img-description=\"\" data-large_image_width=\"464\" data-large_image_height=\"660\"><img loading=\"lazy\" decoding=\"async\" class=\"wp-image-19671 alignleft\" src=\"http:\/\/www.radiopiu.net\/wordpress\/wp-content\/uploads\/2016\/05\/UNIONE-MONTANA-211x300.jpg\" alt=\"\" width=\"93\" height=\"132\" \/><\/a>AGORDO<\/strong> Al sindaco di Falcade l&#8217;esperienza non manca, l&#8217;Agordino \u00e8 come noto diviso in due, ma Costa potrebbe mettere tutti d&#8217;accordo, Paolo Frena da Collle Santa Lucia potrebbe essere il suo vice. Lo si scoprir\u00e0 a settembre quando il consigliere anziano Nino Deon convocher\u00e0 i consiglieri.<\/p>\n<p>&nbsp;<\/p>\n<p><strong>di Gianni Santomaso<\/strong><\/p>\n<audio class=\"wp-audio-shortcode\" id=\"audio-95477-3\" preload=\"none\" style=\"width: 100%;\" controls=\"controls\"><source type=\"audio\/mpeg\" src=\"http:\/\/www.radiopiu.net\/wordpress\/wp-content\/uploads\/2019\/08\/GIANNI-MICHELE-COSTA.mp3?_=3\" \/><a href=\"http:\/\/www.radiopiu.net\/wordpress\/wp-content\/uploads\/2019\/08\/GIANNI-MICHELE-COSTA.mp3\">http:\/\/www.radiopiu.net\/wordpress\/wp-content\/uploads\/2019\/08\/GIANNI-MICHELE-COSTA.mp3<\/a><\/audio>\n<p>&nbsp;<\/p>\n<p>&nbsp;<\/p>\n<blockquote><p>&nbsp;<\/p><\/blockquote>\n<h2>APRONO I CANTIERI\u00a0 APPALTO DA 320 MILA EURO AL PONTE DEL GHIRLO<\/h2>\n<p><strong><a class=\"dt-pswp-item\" href=\"http:\/\/www.radiopiu.net\/wordpress\/wp-content\/uploads\/2018\/05\/Mauro-Soppelsa-libero-professionista-perito-edile-56-anni.jpg\" data-dt-img-description=\"\" data-large_image_width=\"1852\" data-large_image_height=\"2218\"><img loading=\"lazy\" decoding=\"async\" class=\" wp-image-48070 alignleft\" src=\"http:\/\/www.radiopiu.net\/wordpress\/wp-content\/uploads\/2018\/05\/Mauro-Soppelsa-libero-professionista-perito-edile-56-anni-250x300.jpg\" alt=\"\" width=\"144\" height=\"172\" srcset=\"https:\/\/www.radiopiu.net\/wordpress\/wp-content\/uploads\/2018\/05\/Mauro-Soppelsa-libero-professionista-perito-edile-56-anni-250x300.jpg 250w, https:\/\/www.radiopiu.net\/wordpress\/wp-content\/uploads\/2018\/05\/Mauro-Soppelsa-libero-professionista-perito-edile-56-anni-768x920.jpg 768w, https:\/\/www.radiopiu.net\/wordpress\/wp-content\/uploads\/2018\/05\/Mauro-Soppelsa-libero-professionista-perito-edile-56-anni-855x1024.jpg 855w, https:\/\/www.radiopiu.net\/wordpress\/wp-content\/uploads\/2018\/05\/Mauro-Soppelsa-libero-professionista-perito-edile-56-anni.jpg 1852w\" sizes=\"auto, (max-width: 144px) 100vw, 144px\" \/><\/a>CENCENIGHE<\/strong> Il dopo Vaia dopo i primi lavori della Regione \u00e8 tempo di nuovi cantieri. L&#8217;attuale situazione e il futuro alla lente d&#8217;ingrandimento del sindaco Mauro Soppelsa. Appaltati i lavori di arginatura sotto al Ponte del Ghirlo dopo i lavori sul Cordevole in somma urgenza. Saranno sistemate le fondazioni compromesse dall&#8217;alluvione. Altro intervento importante sull&#8217;acquedotto della Valle del Biois. Il 20 agosto importante incontro con il Genio Civile<\/p>\n<p><strong>IL SINDACO MAURO SOPPELSA\u00a0<\/strong><\/p>\n<audio class=\"wp-audio-shortcode\" id=\"audio-95477-4\" preload=\"none\" style=\"width: 100%;\" controls=\"controls\"><source type=\"audio\/mpeg\" src=\"http:\/\/www.radiopiu.net\/wordpress\/wp-content\/uploads\/2019\/08\/mauro-vaia.mp3?_=4\" \/><a href=\"http:\/\/www.radiopiu.net\/wordpress\/wp-content\/uploads\/2019\/08\/mauro-vaia.mp3\">http:\/\/www.radiopiu.net\/wordpress\/wp-content\/uploads\/2019\/08\/mauro-vaia.mp3<\/a><\/audio>\n<p>&nbsp;<\/p>\n<p>&nbsp;<\/p>\n<blockquote><p>&nbsp;<\/p><\/blockquote>\n<h2><span style=\"color: #ff0000;\">LA LETTERA<\/span><\/h2>\n<p>di Antonella Follador<\/p>\n<p><strong>considerazione\u00a0 sulle modifiche all&#8217;ambiente naturale a cui assistiamo ogni giorno<\/strong><\/p>\n<blockquote><p><strong>FALCADE<\/strong> Forse passeggiando lungo il sentiero che dalla pista ciclabile porta all&#8217;ecocentro di Falcade qualcuno avr\u00e0 notato, come me, dei lavori in corso lungo le rive del torrente Biois. In un primo momento ho pensato che stessero costruendo degli argini per rimediare ai danni di Vaia e di tutte le precipitazioni che, da allora in poi, si sono succedute abbondanti da queste parti. Ma mi \u00e8 bastato poco e accanto ai grandi massi, alla ruspa e ai tronchi accatastati ho visto anche una gettata di cemento, realizzando solo allora che si trattava dell&#8217;ennesima centralina su questo piccolo corso d&#8217;acqua. Vorrei provare a descrivervi la bellezza di quella zona selvaggia e un po&#8217; appartata tra Falcade e Caviola, lontana dalle case, immersa nel verde e poco frequentata. In estate, al mattino presto, una leggera foschia si alza dall&#8217;acqua, rendendo il paesaggio irreale e suggestivo; in inverno i pendii sovrastanti il sentiero si ricoprono di grossi cristalli di ghiaccio dalle forme magiche e misteriose. Gi\u00e0 adesso so che tutta questa meraviglia sar\u00e0 inevitabilmente modificata dalla struttura in costruzione. Quando i lavori saranno ultimati gli amanti dello sci di fondo e delle camminate ritorneranno a utilizzare questo percorso, ma si pu\u00f2 ben immaginare che panorama si aprir\u00e0 ai loro occhi. Povero Biois.<\/p><\/blockquote>\n<p>&nbsp;<\/p>\n<p>&nbsp;<\/p>\n<blockquote>\n<div>\n<h3>ALLEGHE RICONOSCE LA FEDELTA&#8217; TURISTICA<\/h3>\n<div><strong>ALLEGHE<\/strong> Ieri nella sala consiliare di Alleghe il sindaco Danilo De Toni, ha\u00a0 consegnato ai coniugi Vaccari di Ferrara una targa quale riconoscimento dei 55 anni di presenza in riva al lago. Una tradizione che il sindaco ha voluto riprendere. Un doveroso omaggio a chi per cos\u00ec lungo tempo e&#8217; rimasto legato alla nostra terra e alle sue genti<\/div>\n<div>IL SINDACO DANILO DE TONI<\/div>\n<\/div>\n<\/blockquote>\n<div>\n<audio class=\"wp-audio-shortcode\" id=\"audio-95477-5\" preload=\"none\" style=\"width: 100%;\" controls=\"controls\"><source type=\"audio\/mpeg\" src=\"http:\/\/www.radiopiu.net\/wordpress\/wp-content\/uploads\/2019\/08\/danilo-premio.mp3?_=5\" \/><a href=\"http:\/\/www.radiopiu.net\/wordpress\/wp-content\/uploads\/2019\/08\/danilo-premio.mp3\">http:\/\/www.radiopiu.net\/wordpress\/wp-content\/uploads\/2019\/08\/danilo-premio.mp3<\/a><\/audio>\n<p>&nbsp;<\/p>\n<\/div>\n<p><a class=\"dt-pswp-item\" href=\"http:\/\/www.radiopiu.net\/wordpress\/wp-content\/uploads\/2019\/08\/IMG_2688.jpg\" data-dt-img-description=\"\" data-large_image_width=\"3888\" data-large_image_height=\"2592\"><img loading=\"lazy\" decoding=\"async\" class=\"alignnone size-medium wp-image-95529\" src=\"http:\/\/www.radiopiu.net\/wordpress\/wp-content\/uploads\/2019\/08\/IMG_2688-300x200.jpg\" alt=\"\" width=\"300\" height=\"200\" srcset=\"https:\/\/www.radiopiu.net\/wordpress\/wp-content\/uploads\/2019\/08\/IMG_2688-300x200.jpg 300w, https:\/\/www.radiopiu.net\/wordpress\/wp-content\/uploads\/2019\/08\/IMG_2688-768x512.jpg 768w, https:\/\/www.radiopiu.net\/wordpress\/wp-content\/uploads\/2019\/08\/IMG_2688-1024x683.jpg 1024w\" sizes=\"auto, (max-width: 300px) 100vw, 300px\" \/><\/a><a class=\"dt-pswp-item\" href=\"http:\/\/www.radiopiu.net\/wordpress\/wp-content\/uploads\/2019\/08\/IMG_2680.jpg\" data-dt-img-description=\"\" data-large_image_width=\"3888\" data-large_image_height=\"2592\"><img loading=\"lazy\" decoding=\"async\" class=\"alignnone size-medium wp-image-95528\" src=\"http:\/\/www.radiopiu.net\/wordpress\/wp-content\/uploads\/2019\/08\/IMG_2680-300x200.jpg\" alt=\"\" width=\"300\" height=\"200\" srcset=\"https:\/\/www.radiopiu.net\/wordpress\/wp-content\/uploads\/2019\/08\/IMG_2680-300x200.jpg 300w, https:\/\/www.radiopiu.net\/wordpress\/wp-content\/uploads\/2019\/08\/IMG_2680-768x512.jpg 768w, https:\/\/www.radiopiu.net\/wordpress\/wp-content\/uploads\/2019\/08\/IMG_2680-1024x683.jpg 1024w\" sizes=\"auto, (max-width: 300px) 100vw, 300px\" \/><\/a><a class=\"dt-pswp-item\" href=\"http:\/\/www.radiopiu.net\/wordpress\/wp-content\/uploads\/2019\/08\/IMG_2693.jpg\" data-dt-img-description=\"\" data-large_image_width=\"3888\" data-large_image_height=\"2592\"><img loading=\"lazy\" decoding=\"async\" class=\"alignnone size-medium wp-image-95527\" src=\"http:\/\/www.radiopiu.net\/wordpress\/wp-content\/uploads\/2019\/08\/IMG_2693-300x200.jpg\" alt=\"\" width=\"300\" height=\"200\" srcset=\"https:\/\/www.radiopiu.net\/wordpress\/wp-content\/uploads\/2019\/08\/IMG_2693-300x200.jpg 300w, https:\/\/www.radiopiu.net\/wordpress\/wp-content\/uploads\/2019\/08\/IMG_2693-768x512.jpg 768w, https:\/\/www.radiopiu.net\/wordpress\/wp-content\/uploads\/2019\/08\/IMG_2693-1024x683.jpg 1024w\" sizes=\"auto, (max-width: 300px) 100vw, 300px\" \/><\/a><\/p>\n<p>&nbsp;<\/p>\n<p>&nbsp;<\/p>\n<p>&nbsp;<\/p>\n<h3>I REGGENTI DELLA REPUBBLICA DI SAN MARINO A ROCCA PIETORE, VENERDI L&#8217;INCONTRO CON GLI AMMINISTRATORI<\/h3>\n<p><strong><a class=\"dt-pswp-item\" href=\"http:\/\/www.radiopiu.net\/wordpress\/wp-content\/uploads\/2019\/08\/download-9.jpg\" data-dt-img-description=\"\" data-large_image_width=\"193\" data-large_image_height=\"260\"><img loading=\"lazy\" decoding=\"async\" class=\" wp-image-95502 alignleft\" src=\"http:\/\/www.radiopiu.net\/wordpress\/wp-content\/uploads\/2019\/08\/download-9.jpg\" alt=\"\" width=\"106\" height=\"143\" \/><\/a>ROCCA PIETORE<\/strong> Venerdi sera alle ore 21.00 nella sala consiliare del Municipio di Rocca Pietore ci sar\u00e0 l&#8217;incontro informale e amichevole fra l&#8217;amministrazione comunale e i Reggenti della Repubblica di San Marino, i quali hanno scelto il nostro territorio per un breve soggiorno . Nei decenni scorsi la presenza a Rocca di una Colonia sanmarinese per vacanze, ha favorito amicizie e contatti importanti che si sono consolidati negli anni, sino alla sua chiusura. Molti sanmarinesi hanno quindi trascorso qui le estati della loro infanzia e questo ha sempre incentivato anche successivamente un notevole afflusso di turisti di San Marino a Rocca Pietore. L&#8217;incontro vuole rinsaldare una volta di pi\u00f9 lamicizia fra le nostre Comunit\u00e0.<\/p>\n<p>&nbsp;<\/p>\n<p>&nbsp;<\/p>\n<p>&nbsp;<\/p>\n<h2>RICORDATE IL FAMOSO INTERVALLO TELEVISIVO?<\/h2>\n<blockquote><p>Nelle trasmissioni televisive della Rai, l&#8217;intervallo era un vuoto nel palinsesto, in passato riempito con musica e immagini. In seguito \u00e8 stato sostituito da &#8220;programmi riempitivo&#8221;, in genere costituiti dalla riproposizione di materiale d&#8217;archivio. Ebbene immaginate quella musica &#8220;Allegro dalla Sonata VI in La maggiore di Pietro Domenico Paradisi&#8221; (noto anche con il titolo di Toccata per arpa) e mentre ricordate quelle note ecco le immagini della situazione della raccolta rifiuti nell&#8217;Agordino, oggi abbiamo preso ad esempio l&#8217;ordinato eco centro di Falcade e due scatti ad Agordo zona posta e discarica. Per quanto riguarda l&#8217;ecocentro, immagini simili ve le avevamo proposte pochi giorni fa da Agordo, ci era stato detto di un disservizio temporaneo, di un problema interno&#8230;pare si ripetano i problemi temporanei.<\/p><\/blockquote>\n<p><a class=\"dt-pswp-item\" href=\"http:\/\/www.radiopiu.net\/wordpress\/wp-content\/uploads\/2019\/08\/WhatsApp-Image-2019-08-13-at-09.52.00-3.jpeg\" data-dt-img-description=\"\" data-large_image_width=\"1600\" data-large_image_height=\"777\"><img loading=\"lazy\" decoding=\"async\" class=\"alignnone size-medium wp-image-95543\" src=\"http:\/\/www.radiopiu.net\/wordpress\/wp-content\/uploads\/2019\/08\/WhatsApp-Image-2019-08-13-at-09.52.00-3-300x146.jpeg\" alt=\"\" width=\"300\" height=\"146\" srcset=\"https:\/\/www.radiopiu.net\/wordpress\/wp-content\/uploads\/2019\/08\/WhatsApp-Image-2019-08-13-at-09.52.00-3-300x146.jpeg 300w, https:\/\/www.radiopiu.net\/wordpress\/wp-content\/uploads\/2019\/08\/WhatsApp-Image-2019-08-13-at-09.52.00-3-768x373.jpeg 768w, https:\/\/www.radiopiu.net\/wordpress\/wp-content\/uploads\/2019\/08\/WhatsApp-Image-2019-08-13-at-09.52.00-3-1024x497.jpeg 1024w, https:\/\/www.radiopiu.net\/wordpress\/wp-content\/uploads\/2019\/08\/WhatsApp-Image-2019-08-13-at-09.52.00-3.jpeg 1600w\" sizes=\"auto, (max-width: 300px) 100vw, 300px\" \/><\/a><a class=\"dt-pswp-item\" href=\"http:\/\/www.radiopiu.net\/wordpress\/wp-content\/uploads\/2019\/08\/WhatsApp-Image-2019-08-13-at-09.52.00-2.jpeg\" data-dt-img-description=\"\" data-large_image_width=\"1600\" data-large_image_height=\"777\"><img loading=\"lazy\" decoding=\"async\" class=\"alignnone size-medium wp-image-95542\" src=\"http:\/\/www.radiopiu.net\/wordpress\/wp-content\/uploads\/2019\/08\/WhatsApp-Image-2019-08-13-at-09.52.00-2-300x146.jpeg\" alt=\"\" width=\"300\" height=\"146\" srcset=\"https:\/\/www.radiopiu.net\/wordpress\/wp-content\/uploads\/2019\/08\/WhatsApp-Image-2019-08-13-at-09.52.00-2-300x146.jpeg 300w, https:\/\/www.radiopiu.net\/wordpress\/wp-content\/uploads\/2019\/08\/WhatsApp-Image-2019-08-13-at-09.52.00-2-768x373.jpeg 768w, https:\/\/www.radiopiu.net\/wordpress\/wp-content\/uploads\/2019\/08\/WhatsApp-Image-2019-08-13-at-09.52.00-2-1024x497.jpeg 1024w, https:\/\/www.radiopiu.net\/wordpress\/wp-content\/uploads\/2019\/08\/WhatsApp-Image-2019-08-13-at-09.52.00-2.jpeg 1600w\" sizes=\"auto, (max-width: 300px) 100vw, 300px\" \/><\/a><a class=\"dt-pswp-item\" href=\"http:\/\/www.radiopiu.net\/wordpress\/wp-content\/uploads\/2019\/08\/WhatsApp-Image-2019-08-13-at-09.52.00-1.jpeg\" data-dt-img-description=\"\" data-large_image_width=\"1600\" data-large_image_height=\"777\"><img loading=\"lazy\" decoding=\"async\" class=\"alignnone size-medium wp-image-95541\" src=\"http:\/\/www.radiopiu.net\/wordpress\/wp-content\/uploads\/2019\/08\/WhatsApp-Image-2019-08-13-at-09.52.00-1-300x146.jpeg\" alt=\"\" width=\"300\" height=\"146\" srcset=\"https:\/\/www.radiopiu.net\/wordpress\/wp-content\/uploads\/2019\/08\/WhatsApp-Image-2019-08-13-at-09.52.00-1-300x146.jpeg 300w, https:\/\/www.radiopiu.net\/wordpress\/wp-content\/uploads\/2019\/08\/WhatsApp-Image-2019-08-13-at-09.52.00-1-768x373.jpeg 768w, https:\/\/www.radiopiu.net\/wordpress\/wp-content\/uploads\/2019\/08\/WhatsApp-Image-2019-08-13-at-09.52.00-1-1024x497.jpeg 1024w, https:\/\/www.radiopiu.net\/wordpress\/wp-content\/uploads\/2019\/08\/WhatsApp-Image-2019-08-13-at-09.52.00-1.jpeg 1600w\" sizes=\"auto, (max-width: 300px) 100vw, 300px\" \/><\/a><a class=\"dt-pswp-item\" href=\"http:\/\/www.radiopiu.net\/wordpress\/wp-content\/uploads\/2019\/08\/WhatsApp-Image-2019-08-13-at-09.07.17.jpeg\" data-dt-img-description=\"\" data-large_image_width=\"1600\" data-large_image_height=\"777\"><img loading=\"lazy\" decoding=\"async\" class=\"alignnone size-medium wp-image-95540\" src=\"http:\/\/www.radiopiu.net\/wordpress\/wp-content\/uploads\/2019\/08\/WhatsApp-Image-2019-08-13-at-09.07.17-300x146.jpeg\" alt=\"\" width=\"300\" height=\"146\" srcset=\"https:\/\/www.radiopiu.net\/wordpress\/wp-content\/uploads\/2019\/08\/WhatsApp-Image-2019-08-13-at-09.07.17-300x146.jpeg 300w, https:\/\/www.radiopiu.net\/wordpress\/wp-content\/uploads\/2019\/08\/WhatsApp-Image-2019-08-13-at-09.07.17-768x373.jpeg 768w, https:\/\/www.radiopiu.net\/wordpress\/wp-content\/uploads\/2019\/08\/WhatsApp-Image-2019-08-13-at-09.07.17-1024x497.jpeg 1024w, https:\/\/www.radiopiu.net\/wordpress\/wp-content\/uploads\/2019\/08\/WhatsApp-Image-2019-08-13-at-09.07.17.jpeg 1600w\" sizes=\"auto, (max-width: 300px) 100vw, 300px\" \/><\/a><a class=\"dt-pswp-item\" href=\"http:\/\/www.radiopiu.net\/wordpress\/wp-content\/uploads\/2019\/08\/WhatsApp-Image-2019-08-13-at-09.52.00.jpeg\" data-dt-img-description=\"\" data-large_image_width=\"1600\" data-large_image_height=\"777\"><img loading=\"lazy\" decoding=\"async\" class=\"alignnone size-medium wp-image-95539\" src=\"http:\/\/www.radiopiu.net\/wordpress\/wp-content\/uploads\/2019\/08\/WhatsApp-Image-2019-08-13-at-09.52.00-300x146.jpeg\" alt=\"\" width=\"300\" height=\"146\" srcset=\"https:\/\/www.radiopiu.net\/wordpress\/wp-content\/uploads\/2019\/08\/WhatsApp-Image-2019-08-13-at-09.52.00-300x146.jpeg 300w, https:\/\/www.radiopiu.net\/wordpress\/wp-content\/uploads\/2019\/08\/WhatsApp-Image-2019-08-13-at-09.52.00-768x373.jpeg 768w, https:\/\/www.radiopiu.net\/wordpress\/wp-content\/uploads\/2019\/08\/WhatsApp-Image-2019-08-13-at-09.52.00-1024x497.jpeg 1024w, https:\/\/www.radiopiu.net\/wordpress\/wp-content\/uploads\/2019\/08\/WhatsApp-Image-2019-08-13-at-09.52.00.jpeg 1600w\" sizes=\"auto, (max-width: 300px) 100vw, 300px\" \/><\/a><a class=\"dt-pswp-item\" href=\"http:\/\/www.radiopiu.net\/wordpress\/wp-content\/uploads\/2019\/08\/68393608_2104997799801724_320954616743198720_n.jpg\" data-dt-img-description=\"\" data-large_image_width=\"352\" data-large_image_height=\"480\"><img loading=\"lazy\" decoding=\"async\" class=\"alignnone wp-image-95525\" src=\"http:\/\/www.radiopiu.net\/wordpress\/wp-content\/uploads\/2019\/08\/68393608_2104997799801724_320954616743198720_n-220x300.jpg\" alt=\"\" width=\"108\" height=\"147\" srcset=\"https:\/\/www.radiopiu.net\/wordpress\/wp-content\/uploads\/2019\/08\/68393608_2104997799801724_320954616743198720_n-220x300.jpg 220w, https:\/\/www.radiopiu.net\/wordpress\/wp-content\/uploads\/2019\/08\/68393608_2104997799801724_320954616743198720_n.jpg 352w\" sizes=\"auto, (max-width: 108px) 100vw, 108px\" \/><\/a><a class=\"dt-pswp-item\" href=\"http:\/\/www.radiopiu.net\/wordpress\/wp-content\/uploads\/2019\/08\/67495198_1150158925176995_760459676704833536_n.jpg\" data-dt-img-description=\"\" data-large_image_width=\"360\" data-large_image_height=\"480\"><img loading=\"lazy\" decoding=\"async\" class=\"alignnone wp-image-95526\" src=\"http:\/\/www.radiopiu.net\/wordpress\/wp-content\/uploads\/2019\/08\/67495198_1150158925176995_760459676704833536_n-225x300.jpg\" alt=\"\" width=\"111\" height=\"148\" srcset=\"https:\/\/www.radiopiu.net\/wordpress\/wp-content\/uploads\/2019\/08\/67495198_1150158925176995_760459676704833536_n-225x300.jpg 225w, https:\/\/www.radiopiu.net\/wordpress\/wp-content\/uploads\/2019\/08\/67495198_1150158925176995_760459676704833536_n.jpg 360w\" sizes=\"auto, (max-width: 111px) 100vw, 111px\" \/><\/a><\/p>\n<p>&nbsp;<\/p>\n<p>&nbsp;<\/p>\n<p>&nbsp;<\/p>\n<h3>SELEZIONE PERSONALE INFERMIERISTICO E COORDINATORE DEL PERSONALE PRESSO LA RSA DI AGORDO<\/h3>\n<p><strong>AGORDO<\/strong> ASCA (Azienda Speciale Consortile Agordina)\u00a0 ha indetto due nuove selezioni pubbliche finalizzate alla formulazione di graduatorie cui attingere per l\u2019assunzione delle seguenti figure professionali: infermieri a tempo determinato e indeterminato e a tempo pieno; coordinatore del personale presso la RSA a tempo indeterminato e pieno.\u00a0 Le modalit\u00e0 di presentazione delle domande si trovano sul sito aziendale www.servizisocialiasca.it. Il termine perentorio previsto per la presentazione della domanda per infermieri\u00a0 \u00e8 fissato\u00a0 per il\u00a0 5 settembre, Il termine\u00a0 per coordinatore il 16 settembre.<\/p>\n<p>&nbsp;<\/p>\n<p>&nbsp;<\/p>\n<blockquote><p>&nbsp;<\/p><\/blockquote>\n<div>\n<p><strong>LA VECCHIA FONTANA AI TOS DI RIVAMONTE E&#8217; STATA RESTAURATA, OGGI L&#8217;INAUGURAZIONE\u00a0<\/strong><\/p>\n<p><strong><a class=\"dt-pswp-item\" href=\"http:\/\/www.radiopiu.net\/wordpress\/wp-content\/uploads\/2019\/08\/WhatsApp-Image-2019-08-12-at-16.42.06.jpeg\" data-dt-img-description=\"\" data-large_image_width=\"1600\" data-large_image_height=\"901\"><img loading=\"lazy\" decoding=\"async\" class=\"wp-image-95371 alignleft\" src=\"http:\/\/www.radiopiu.net\/wordpress\/wp-content\/uploads\/2019\/08\/WhatsApp-Image-2019-08-12-at-16.42.06-300x169.jpeg\" alt=\"\" width=\"208\" height=\"117\" srcset=\"https:\/\/www.radiopiu.net\/wordpress\/wp-content\/uploads\/2019\/08\/WhatsApp-Image-2019-08-12-at-16.42.06-300x169.jpeg 300w, https:\/\/www.radiopiu.net\/wordpress\/wp-content\/uploads\/2019\/08\/WhatsApp-Image-2019-08-12-at-16.42.06-768x432.jpeg 768w, https:\/\/www.radiopiu.net\/wordpress\/wp-content\/uploads\/2019\/08\/WhatsApp-Image-2019-08-12-at-16.42.06-1024x577.jpeg 1024w, https:\/\/www.radiopiu.net\/wordpress\/wp-content\/uploads\/2019\/08\/WhatsApp-Image-2019-08-12-at-16.42.06.jpeg 1600w\" sizes=\"auto, (max-width: 208px) 100vw, 208px\" \/><\/a><\/strong><\/p>\n<p>&nbsp;<\/p>\n<p><strong>RIVAMONTE<\/strong><\/p>\n<p><strong>DI GIANNI SANTOMASO<\/strong><\/p>\n<p>&nbsp;<\/p>\n<\/div>\n<div>\n<audio class=\"wp-audio-shortcode\" id=\"audio-95477-6\" preload=\"none\" style=\"width: 100%;\" controls=\"controls\"><source type=\"audio\/mpeg\" src=\"http:\/\/www.radiopiu.net\/wordpress\/wp-content\/uploads\/2019\/08\/GIANNI-TOS.mp3?_=6\" \/><a href=\"http:\/\/www.radiopiu.net\/wordpress\/wp-content\/uploads\/2019\/08\/GIANNI-TOS.mp3\">http:\/\/www.radiopiu.net\/wordpress\/wp-content\/uploads\/2019\/08\/GIANNI-TOS.mp3<\/a><\/audio>\n<p>&nbsp;<\/p>\n<\/div>\n<p>&nbsp;<\/p>\n<p>&nbsp;<\/p>\n<p><strong>AVVENTURA, LETTERATURA E NATURA: SULL\u2019ALTA VIA DELL\u2019ORSO\u00a0CON L&#8217;AUTORE<\/strong><\/p>\n<p><strong><a class=\"dt-pswp-item\" href=\"http:\/\/www.radiopiu.net\/wordpress\/wp-content\/uploads\/2019\/08\/MAPPA-ORSO-2.jpg\" data-dt-img-description=\"\" data-large_image_width=\"1765\" data-large_image_height=\"1251\"><img loading=\"lazy\" decoding=\"async\" class=\"size-medium wp-image-95071 alignleft\" src=\"http:\/\/www.radiopiu.net\/wordpress\/wp-content\/uploads\/2019\/08\/MAPPA-ORSO-2-300x213.jpg\" alt=\"\" width=\"300\" height=\"213\" srcset=\"https:\/\/www.radiopiu.net\/wordpress\/wp-content\/uploads\/2019\/08\/MAPPA-ORSO-2-300x213.jpg 300w, https:\/\/www.radiopiu.net\/wordpress\/wp-content\/uploads\/2019\/08\/MAPPA-ORSO-2-768x544.jpg 768w, https:\/\/www.radiopiu.net\/wordpress\/wp-content\/uploads\/2019\/08\/MAPPA-ORSO-2-1024x726.jpg 1024w, https:\/\/www.radiopiu.net\/wordpress\/wp-content\/uploads\/2019\/08\/MAPPA-ORSO-2.jpg 1765w\" sizes=\"auto, (max-width: 300px) 100vw, 300px\" \/><\/a>COLLE SANTA LUCIA<\/strong> Domani alle 8.30, inaugurazione ed escursione sull&#8217;alta via dell&#8217;Orso con la partecipazione dell\u2019autore del romanzo \u201cLa pelle dell&#8217;orso\u201d, Matteo Righetto. E&#8217; un nuovo itinerario escursionistico, naturalistico e culturale sulle pendici del Monte Pore.da quota 1.450 sale a 1.850, sovrastando la Val Fiorentina per 10, 5 km attorno al massiccio del Pore (gruppo Nuvolau-Averau), per poi scollinare sul versante di Livinallongo del Col di Lana e quindi imboccare la storica Via della Vena, percorsa fin dal Medioevo da minatori e commercianti di ferro e delle pi\u00f9 belle spade d\u2019Europa.<\/p>\n<p>&nbsp;<\/p>\n<p>&nbsp;<\/p>\n<p>&nbsp;<\/p>\n<h2><\/h2>\n<p>&nbsp;<\/p>\n<blockquote><p>&nbsp;<\/p><\/blockquote>\n<h2>IL PALIO DEI CENTO AD AGORDO NEL\u00a0 FINE SETTIMANA<\/h2>\n<div class=\"addthis_sharing_toolbox\" data-url=\"https:\/\/sfoglio.corrierealpi.gelocal.it\/share_article.php?article_id=5478453\" data-title=\"Lupi alle Roncemessi un fugafacendo scoppiaredei petardi&quot;Palio dei Cento&quot;, tornala frazione di Faren...\"><strong>di GIANNI SANTOMASO<\/strong><\/div>\n<div data-url=\"https:\/\/sfoglio.corrierealpi.gelocal.it\/share_article.php?article_id=5478453\" data-title=\"Lupi alle Roncemessi un fugafacendo scoppiaredei petardi&quot;Palio dei Cento&quot;, tornala frazione di Faren...\"><\/div>\n<div class=\"articlePlainText\"><strong>AGORDO<\/strong>. Mancano pochi giorni al via della 35\u00aa edizione del &#8220;Palio dei Cento&#8221; sul Broi di Agordo, organizzata dal Comitato Palio guidato da Matteo Chissal\u00e8 in collaborazione col Comune, la Pro loco e Radio Pi\u00f9. Tutto pronto sul grande prato verde dove le otto contrade (c&#8217;\u00e8 il ritorno di Farenzena) si sfideranno sabato e domenica per conquistare il &#8220;bronzo&#8221; di Cesare Benvegn\u00f9. A difendere il titolo la frazione di Rif che lo scorso anno aveva vinto con sette punti di vantaggio su Toccol.<\/div>\n<div><\/div>\n<p><strong>AI MICROFONI DI RADIO PIU&#8217; CON MARCO GAZ, MATTEO CHISSALE&#8217; (PRESIDENTE DEL COMITATO PALIO)<\/strong><\/p>\n<audio class=\"wp-audio-shortcode\" id=\"audio-95477-7\" preload=\"none\" style=\"width: 100%;\" controls=\"controls\"><source type=\"audio\/mpeg\" src=\"http:\/\/www.radiopiu.net\/wordpress\/wp-content\/uploads\/2019\/08\/matteo-chissa-palio-2019.mp3?_=7\" \/><a href=\"http:\/\/www.radiopiu.net\/wordpress\/wp-content\/uploads\/2019\/08\/matteo-chissa-palio-2019.mp3\">http:\/\/www.radiopiu.net\/wordpress\/wp-content\/uploads\/2019\/08\/matteo-chissa-palio-2019.mp3<\/a><\/audio>\n<p>&nbsp;<\/p>\n<p>&nbsp;<\/p>\n<p>&nbsp;<\/p>\n<h3>LA SOVRINTENDENZA DICE SI&#8217; PER GLI SCAVI, SI INTERRANO LE ISOLE ECOLOGICHE<\/h3>\n<p><strong><a class=\"dt-pswp-item\" href=\"http:\/\/www.radiopiu.net\/wordpress\/wp-content\/uploads\/2019\/08\/download-8.jpg\" data-dt-img-description=\"\" data-large_image_width=\"259\" data-large_image_height=\"194\"><img loading=\"lazy\" decoding=\"async\" class=\"size-medium wp-image-95491 alignleft\" src=\"http:\/\/www.radiopiu.net\/wordpress\/wp-content\/uploads\/2019\/08\/download-8.jpg\" alt=\"\" width=\"259\" height=\"194\" \/><\/a>BELLUNO<\/strong> \u00c8 arrivato nei giorni scorsi il parere favorevole da parte della Sovrintendenza agli scavi per la realizzazione delle isole ecologiche interrate in Piazza dei Martiri. Si chiude cos\u00ec un lungo iter, avviato lo scorso autunno con la posa delle campane che hanno permesso di avviare la sperimentazione; questo periodo di prova ha permesso di rilevare eventuali anomalie e criticit\u00e0 di questa nuova modalit\u00e0 (che \u00e8 andata a sostituire i bidoni individuali) e di tarare il numero dei passaggi dei mezzi impegnati negli svuotamenti. Con questo \u201cvia libera\u201d, ora si potr\u00e0 passare alla fase operativa; nelle prossime settimane, sar\u00e0 la societ\u00e0 partecipata Bellunum a bandire la gara per la realizzazione degli scavi e dell&#8217;opera: una volta aggiudicati i lavori, sono previste circa quattro settimane di cantiere, fatti salvi tutti gli imprevisti che gli scavi in area archeologica possono comportare. Il costo per la realizzazione delle due aree, tra scavi, opere edili e messa a punto dei contenitori, \u00e8 di circa 100mila euro; ogni isola ospiter\u00e0 20 metri cubi totalmente interrati e divisi in quattro scompartimenti, pari al volume di circa 6-7 campane stradali. Se non si dovessero verificare particolari incognite, l&#8217;obbiettivo \u00e8 quello di \u201ctagliare il nastro\u201d delle due isole ecologiche interrate per le festivit\u00e0 natalizie.<\/p>\n<p>&nbsp;<\/p>\n<p>&nbsp;<\/p>\n<p>&nbsp;<\/p>\n<h3>DOPOSCUOLA, DOPO VILLABRUNA ANCHE A FOEN<\/h3>\n<p><strong><a class=\"dt-pswp-item\" href=\"http:\/\/www.radiopiu.net\/wordpress\/wp-content\/uploads\/2019\/08\/IMG_20190811_113213.jpg\" data-dt-img-description=\"\" data-large_image_width=\"5312\" data-large_image_height=\"2988\"><img loading=\"lazy\" decoding=\"async\" class=\" wp-image-95490 alignleft\" src=\"http:\/\/www.radiopiu.net\/wordpress\/wp-content\/uploads\/2019\/08\/IMG_20190811_113213-300x169.jpg\" alt=\"\" width=\"250\" height=\"141\" srcset=\"https:\/\/www.radiopiu.net\/wordpress\/wp-content\/uploads\/2019\/08\/IMG_20190811_113213-300x169.jpg 300w, https:\/\/www.radiopiu.net\/wordpress\/wp-content\/uploads\/2019\/08\/IMG_20190811_113213-768x432.jpg 768w, https:\/\/www.radiopiu.net\/wordpress\/wp-content\/uploads\/2019\/08\/IMG_20190811_113213-1024x576.jpg 1024w\" sizes=\"auto, (max-width: 250px) 100vw, 250px\" \/><\/a>FELTRE<\/strong> Il Comune di Feltre, nell&#8217;ambito delle proprie politiche attive a favore delle famiglie e dell&#8217;infanzia, ha inteso alimentare i doposcuola nati e gestiti su iniziativa delle famiglie. Dopo la positiva esperienza del doposcuola di Villabruna, grazie al progetto &#8220;Luoghi e non luoghi. I bambini abitano il territorio&#8221;, selezionato dall&#8217;Impresa sociale \u201cCon i Bambini\u201d nell\u2019ambito del Fondo per il contrasto della povert\u00e0 educativa minorile, la Cooperativa Societ\u00e0 Nuova avvier\u00e0 un nuovo servizio di doposcuola nella frazione di Foen (presso la sala parrocchiale) e proseguir\u00e0 nell\u2019erogazione di quello gi\u00e0 attivato nella frazione di Villabruna, con rette agevolate.\u00a0 L&#8217;intento \u00e8 dare continuit\u00e0 ad un servizio ben funzionante e molto apprezzato a Villabruna (dai primi 6 iscritti del 2016 ai 25 del 2019) e sostenere le necessit\u00e0 espresse dai genitori della frazione di Foen, dove il servizio scolastico \u00e8 a tempo normale.<\/p>\n<blockquote><p><em>\u201cRaddoppiare il doposcuola offerto ai bambini e alle loro famiglie, con l\u2019avvio del servizio anche a Foen, costituisce per noi un duplice motivo di soddisfazione\u201d, sottolinea l\u2019assessora alle politiche sociali e della famiglia Debora Nicoletto. \u201cAnzitutto perch\u00e9 siamo cos\u00ec in grado di allargare la platea dei beneficiari di un servizio oggi fondamentale per molti nuclei familiari a tariffa agevolata e tale quindi da non incidere in maniera pesante sull\u2019economia domestica; in secondo luogo perch\u00e9 questa iniziativa costituisce un altro importante passo sulla via del coinvolgimento del territorio e dei cittadini per una gestione partecipativa delle politiche sociali e familiari, in cui l\u2019amministrazione comunale \u00e8 volano e facilitatore di una governance condivisa&#8221;<\/em><\/p><\/blockquote>\n<p>&nbsp;<\/p>\n<p>&nbsp;<\/p>\n<p>&nbsp;<\/p>\n<p>&nbsp;<\/p>\n<h3>PROTEZIONE CIVILE. APPROVATA CONVENZIONE CON GLI SCOUT<\/h3>\n<p><strong>VENEZIA<\/strong> La Giunta regionale, su proposta dell\u2019assessore delegato Gianpaolo Bottacin, ha approvato una delibera che formalizza e consolida attraverso convenzione la collaborazione con l&#8217;Associazione Guide e Scout Cattolici Italiani per lo svolgimento di una serie di attivit\u00e0 nell\u2019ambito del sistema di Protezione Civile regionale. Con la sottoscrizione della convenzione agli scout sar\u00e0 anche riconosciuto un contributo economico, che per l&#8217;anno corrente \u00e8 di 10.000 euro. Cifra che l&#8217;associazione potr\u00e0 utilizzare per spese di investimento necessarie alle varie attivit\u00e0.<\/p>\n<p>&nbsp;<\/p>\n<p>&nbsp;<\/p>\n<p>&nbsp;<\/p>\n<h2>LA VAL CHE URLA<\/h2>\n<p>il film della regista\u00a0<a class=\"weakReference profileLink\" title=\"Lucia Zanettin\" href=\"https:\/\/www.facebook.com\/profile.php?id=100012887797775&amp;fref=gs&amp;__tn__=%2CdK-R-R-R&amp;eid=ARBa4rT8ew9HCdGGTlPE4JsEzLkAyWqjM929PGIFCJUH8w_X4QxPfOQsQaCHdx9_lWdMDzQazjA0FslS&amp;dti=61488111720&amp;hc_location=group\" data-hovercard=\"\/ajax\/hovercard\/user.php?id=100012887797775&amp;extragetparams=%7B%22__tn__%22%3A%22%2CdK-R-R-R%22%2C%22eid%22%3A%22ARBa4rT8ew9HCdGGTlPE4JsEzLkAyWqjM929PGIFCJUH8w_X4QxPfOQsQaCHdx9_lWdMDzQazjA0FslS%22%2C%22fref%22%3A%22gs%22%2C%22directed_target_id%22%3A61488111720%2C%22dti%22%3A61488111720%2C%22hc_location%22%3A%22group%22%7D\" data-hovercard-prefer-more-content-show=\"1\"><i class=\"img sp_VURFtSkEbMl_1_5x sx_2ba788\"><\/i>Lucia Zanettin<\/a> sar\u00e0 una grande sorpresa come lo \u00e8 stato il filma che ha raccontato la storia di Marcello De Dorigo&#8230; ne parliamo alle 10 di mercoledi 14 agosto in diretta radio&#8230;. RADIO PIU&#8217; \u00e8 parte del film&#8230;. siamo stati scelti per delle scene particorlamente importanti e che ci hanno entusiasmato tra le mura della sede di via Paris bordone&#8230;. Venerd\u00ec 30 agosto LA VAL CHE URLA sar\u00e0 alla Biennale del Cinema di Venezia nello spazio Regione ore 12.00. Sar\u00e0 presentato il trailer Un thriller tutto italiano che promette benissimo anzi, finalmente il cinema italiano inizia a farsi sentire anche in ambiti non da Commedia. Venite e scambieremo due chiacchiere. Vi aspetto alcuni scatti nella redazione e studi di RADIO PIU con una splendida <a class=\"profileLink\" title=\"Fiammetta Nena\" role=\"button\" href=\"https:\/\/www.facebook.com\/fiammetta.nena?fref=gs&amp;__tn__=%2CdK-R-R-R&amp;eid=ARDuiFOsQFnZbibOQtL7g9nraAjJzZ-02KfbzwjFdzL5h8LTfhY2zp12-3Hqf99YAwx2x8Y881Srm-E2&amp;dti=61488111720&amp;hc_location=group\" rel=\"dialog\" data-hovercard=\"\/ajax\/hovercard\/user.php?id=100001247961183&amp;extragetparams=%7B%22__tn__%22%3A%22%2CdK-R-R-R%22%2C%22eid%22%3A%22ARDuiFOsQFnZbibOQtL7g9nraAjJzZ-02KfbzwjFdzL5h8LTfhY2zp12-3Hqf99YAwx2x8Y881Srm-E2%22%2C%22fref%22%3A%22gs%22%2C%22directed_target_id%22%3A61488111720%2C%22dti%22%3A61488111720%2C%22hc_location%22%3A%22group%22%7D\" data-hovercard-prefer-more-content-show=\"1\">Fiammetta Nena<\/a>&#8230;. una cantante dalla voce eccezionale e un meraviglioso <a class=\"profileLink\" title=\"Luca Zanfron\" role=\"button\" href=\"https:\/\/www.facebook.com\/fotozanfron.belluno?fref=gs&amp;__tn__=%2CdK-R-R-R&amp;eid=ARCZd6g2g6X4M9C3jxFHzbj-rd9XHlkb6Ht6dOFt7r7Ilv3U6q5fuSBrbnU6j22ZHlpss6SdcHxTepNV&amp;dti=61488111720&amp;hc_location=group\" rel=\"dialog\" data-hovercard=\"\/ajax\/hovercard\/user.php?id=100007190160467&amp;extragetparams=%7B%22__tn__%22%3A%22%2CdK-R-R-R%22%2C%22eid%22%3A%22ARCZd6g2g6X4M9C3jxFHzbj-rd9XHlkb6Ht6dOFt7r7Ilv3U6q5fuSBrbnU6j22ZHlpss6SdcHxTepNV%22%2C%22fref%22%3A%22gs%22%2C%22directed_target_id%22%3A61488111720%2C%22dti%22%3A61488111720%2C%22hc_location%22%3A%22group%22%7D\" data-hovercard-prefer-more-content-show=\"1\">Luca Zanfron<\/a><\/p>\n<p><a class=\"dt-pswp-item\" href=\"http:\/\/www.radiopiu.net\/wordpress\/wp-content\/uploads\/2019\/08\/WhatsApp-Image-2019-08-13-at-22.08.58.jpeg\" data-dt-img-description=\"\" data-large_image_width=\"1600\" data-large_image_height=\"1200\"><img loading=\"lazy\" decoding=\"async\" class=\"alignnone wp-image-95545\" src=\"http:\/\/www.radiopiu.net\/wordpress\/wp-content\/uploads\/2019\/08\/WhatsApp-Image-2019-08-13-at-22.08.58-300x225.jpeg\" alt=\"\" width=\"221\" height=\"166\" srcset=\"https:\/\/www.radiopiu.net\/wordpress\/wp-content\/uploads\/2019\/08\/WhatsApp-Image-2019-08-13-at-22.08.58-300x225.jpeg 300w, https:\/\/www.radiopiu.net\/wordpress\/wp-content\/uploads\/2019\/08\/WhatsApp-Image-2019-08-13-at-22.08.58-768x576.jpeg 768w, https:\/\/www.radiopiu.net\/wordpress\/wp-content\/uploads\/2019\/08\/WhatsApp-Image-2019-08-13-at-22.08.58-1024x768.jpeg 1024w, https:\/\/www.radiopiu.net\/wordpress\/wp-content\/uploads\/2019\/08\/WhatsApp-Image-2019-08-13-at-22.08.58.jpeg 1600w\" sizes=\"auto, (max-width: 221px) 100vw, 221px\" \/><\/a><a class=\"dt-pswp-item\" href=\"http:\/\/www.radiopiu.net\/wordpress\/wp-content\/uploads\/2019\/08\/La-Val-che-Urla-Fiammetta-Mirko.jpg\" data-dt-img-description=\"\" data-large_image_width=\"1920\" data-large_image_height=\"1080\"><img loading=\"lazy\" decoding=\"async\" class=\"alignnone size-medium wp-image-95546\" src=\"http:\/\/www.radiopiu.net\/wordpress\/wp-content\/uploads\/2019\/08\/La-Val-che-Urla-Fiammetta-Mirko-300x169.jpg\" alt=\"\" width=\"300\" height=\"169\" srcset=\"https:\/\/www.radiopiu.net\/wordpress\/wp-content\/uploads\/2019\/08\/La-Val-che-Urla-Fiammetta-Mirko-300x169.jpg 300w, https:\/\/www.radiopiu.net\/wordpress\/wp-content\/uploads\/2019\/08\/La-Val-che-Urla-Fiammetta-Mirko-768x432.jpg 768w, https:\/\/www.radiopiu.net\/wordpress\/wp-content\/uploads\/2019\/08\/La-Val-che-Urla-Fiammetta-Mirko-1024x576.jpg 1024w, https:\/\/www.radiopiu.net\/wordpress\/wp-content\/uploads\/2019\/08\/La-Val-che-Urla-Fiammetta-Mirko.jpg 1920w\" sizes=\"auto, (max-width: 300px) 100vw, 300px\" \/><\/a><a class=\"dt-pswp-item\" href=\"http:\/\/www.radiopiu.net\/wordpress\/wp-content\/uploads\/2019\/08\/La-Val-che-Urla-Mirko-3.jpg\" data-dt-img-description=\"\" data-large_image_width=\"1920\" data-large_image_height=\"1080\"><img loading=\"lazy\" decoding=\"async\" class=\"alignnone size-medium wp-image-95548\" src=\"http:\/\/www.radiopiu.net\/wordpress\/wp-content\/uploads\/2019\/08\/La-Val-che-Urla-Mirko-3-300x169.jpg\" alt=\"\" width=\"300\" height=\"169\" srcset=\"https:\/\/www.radiopiu.net\/wordpress\/wp-content\/uploads\/2019\/08\/La-Val-che-Urla-Mirko-3-300x169.jpg 300w, https:\/\/www.radiopiu.net\/wordpress\/wp-content\/uploads\/2019\/08\/La-Val-che-Urla-Mirko-3-768x432.jpg 768w, https:\/\/www.radiopiu.net\/wordpress\/wp-content\/uploads\/2019\/08\/La-Val-che-Urla-Mirko-3-1024x576.jpg 1024w, https:\/\/www.radiopiu.net\/wordpress\/wp-content\/uploads\/2019\/08\/La-Val-che-Urla-Mirko-3.jpg 1920w\" sizes=\"auto, (max-width: 300px) 100vw, 300px\" \/><\/a><a class=\"dt-pswp-item\" href=\"http:\/\/www.radiopiu.net\/wordpress\/wp-content\/uploads\/2019\/08\/La-Val-che-Urla-Mirko-4.jpg\" data-dt-img-description=\"\" data-large_image_width=\"1920\" data-large_image_height=\"1080\"><img loading=\"lazy\" decoding=\"async\" class=\"alignnone size-medium wp-image-95549\" src=\"http:\/\/www.radiopiu.net\/wordpress\/wp-content\/uploads\/2019\/08\/La-Val-che-Urla-Mirko-4-300x169.jpg\" alt=\"\" width=\"300\" height=\"169\" srcset=\"https:\/\/www.radiopiu.net\/wordpress\/wp-content\/uploads\/2019\/08\/La-Val-che-Urla-Mirko-4-300x169.jpg 300w, https:\/\/www.radiopiu.net\/wordpress\/wp-content\/uploads\/2019\/08\/La-Val-che-Urla-Mirko-4-768x432.jpg 768w, https:\/\/www.radiopiu.net\/wordpress\/wp-content\/uploads\/2019\/08\/La-Val-che-Urla-Mirko-4-1024x576.jpg 1024w, https:\/\/www.radiopiu.net\/wordpress\/wp-content\/uploads\/2019\/08\/La-Val-che-Urla-Mirko-4.jpg 1920w\" sizes=\"auto, (max-width: 300px) 100vw, 300px\" \/><\/a><a class=\"dt-pswp-item\" href=\"http:\/\/www.radiopiu.net\/wordpress\/wp-content\/uploads\/2019\/08\/La-Val-che-Urla-Mirko.jpg\" data-dt-img-description=\"\" data-large_image_width=\"1920\" data-large_image_height=\"1080\"><img loading=\"lazy\" decoding=\"async\" class=\"alignnone size-medium wp-image-95550\" src=\"http:\/\/www.radiopiu.net\/wordpress\/wp-content\/uploads\/2019\/08\/La-Val-che-Urla-Mirko-300x169.jpg\" alt=\"\" width=\"300\" height=\"169\" srcset=\"https:\/\/www.radiopiu.net\/wordpress\/wp-content\/uploads\/2019\/08\/La-Val-che-Urla-Mirko-300x169.jpg 300w, https:\/\/www.radiopiu.net\/wordpress\/wp-content\/uploads\/2019\/08\/La-Val-che-Urla-Mirko-768x432.jpg 768w, https:\/\/www.radiopiu.net\/wordpress\/wp-content\/uploads\/2019\/08\/La-Val-che-Urla-Mirko-1024x576.jpg 1024w, https:\/\/www.radiopiu.net\/wordpress\/wp-content\/uploads\/2019\/08\/La-Val-che-Urla-Mirko.jpg 1920w\" sizes=\"auto, (max-width: 300px) 100vw, 300px\" \/><\/a><a class=\"dt-pswp-item\" href=\"http:\/\/www.radiopiu.net\/wordpress\/wp-content\/uploads\/2019\/08\/La-Val-che-Urla-Mirko-2.jpg\" data-dt-img-description=\"\" data-large_image_width=\"1920\" data-large_image_height=\"1080\"><img loading=\"lazy\" decoding=\"async\" class=\"alignnone size-medium wp-image-95547\" src=\"http:\/\/www.radiopiu.net\/wordpress\/wp-content\/uploads\/2019\/08\/La-Val-che-Urla-Mirko-2-300x169.jpg\" alt=\"\" width=\"300\" height=\"169\" \/><\/a><\/p>\n<p>&nbsp;<\/p>\n<p>&nbsp;<\/p>\n<p>&nbsp;<\/p>\n<p>&nbsp;<\/p>\n<h3>CICLOMELANDO IL RITORNO, IL 25 AGOSTO SI PEDALA<\/h3>\n<p><strong>MEL<\/strong>\u00a0A maggio le condizioni meteo avevano costretto gli organizzatori a rinviare il partecipato evento, ed ecco la nuova data: 25 agosto con ritrovo e partenza alle 8.30 da Pagogna, Due i tracciati, classic da 32 chilometri, 600 metri di dislivello, et\u00e0 minima 14 anni; enduro 22 chilometri, 900 metri di dislivello, et\u00e0 minima 18 anni. Servizio e noleggio e-bike, mtb, info 351 9368333. Pranzo, assicurazione, ristoro e guide. Per informazioni ed iscrizioni, Elisa al 338 9848878. Iscrizioni entro il 24 agosto, quota iscrizione comprensiva di pranzo 15 euro.<\/p>\n<p><a class=\"dt-pswp-item\" href=\"http:\/\/www.radiopiu.net\/wordpress\/wp-content\/uploads\/2019\/08\/IMG-20190808-WA0000-1.jpg\" data-dt-img-description=\"\" data-large_image_width=\"1131\" data-large_image_height=\"1600\"><img loading=\"lazy\" decoding=\"async\" class=\"alignnone size-medium wp-image-95482\" src=\"http:\/\/www.radiopiu.net\/wordpress\/wp-content\/uploads\/2019\/08\/IMG-20190808-WA0000-1-212x300.jpg\" alt=\"\" width=\"212\" height=\"300\" srcset=\"https:\/\/www.radiopiu.net\/wordpress\/wp-content\/uploads\/2019\/08\/IMG-20190808-WA0000-1-212x300.jpg 212w, https:\/\/www.radiopiu.net\/wordpress\/wp-content\/uploads\/2019\/08\/IMG-20190808-WA0000-1-768x1086.jpg 768w, https:\/\/www.radiopiu.net\/wordpress\/wp-content\/uploads\/2019\/08\/IMG-20190808-WA0000-1-724x1024.jpg 724w, https:\/\/www.radiopiu.net\/wordpress\/wp-content\/uploads\/2019\/08\/IMG-20190808-WA0000-1.jpg 1131w\" sizes=\"auto, (max-width: 212px) 100vw, 212px\" \/><\/a><a class=\"dt-pswp-item\" href=\"http:\/\/www.radiopiu.net\/wordpress\/wp-content\/uploads\/2019\/08\/IMG-20190808-WA0001-1.jpg\" data-dt-img-description=\"\" data-large_image_width=\"1131\" data-large_image_height=\"1600\"><img loading=\"lazy\" decoding=\"async\" class=\"alignnone size-medium wp-image-95483\" src=\"http:\/\/www.radiopiu.net\/wordpress\/wp-content\/uploads\/2019\/08\/IMG-20190808-WA0001-1-212x300.jpg\" alt=\"\" width=\"212\" height=\"300\" srcset=\"https:\/\/www.radiopiu.net\/wordpress\/wp-content\/uploads\/2019\/08\/IMG-20190808-WA0001-1-212x300.jpg 212w, https:\/\/www.radiopiu.net\/wordpress\/wp-content\/uploads\/2019\/08\/IMG-20190808-WA0001-1-768x1086.jpg 768w, https:\/\/www.radiopiu.net\/wordpress\/wp-content\/uploads\/2019\/08\/IMG-20190808-WA0001-1-724x1024.jpg 724w, https:\/\/www.radiopiu.net\/wordpress\/wp-content\/uploads\/2019\/08\/IMG-20190808-WA0001-1.jpg 1131w\" sizes=\"auto, (max-width: 212px) 100vw, 212px\" \/><\/a><\/p>\n<p>&nbsp;<\/p>\n<div><\/div>\n<div><\/div>\n<div><\/div>\n<div>\n<p><a class=\"dt-pswp-item\" href=\"http:\/\/www.radiopiu.net\/wordpress\/wp-content\/uploads\/2018\/09\/appuntamenti.jpeg\" data-dt-img-description=\"\" data-large_image_width=\"800\" data-large_image_height=\"100\"><img loading=\"lazy\" decoding=\"async\" class=\"alignnone wp-image-61958 size-full\" src=\"http:\/\/www.radiopiu.net\/wordpress\/wp-content\/uploads\/2018\/09\/appuntamenti.jpeg\" alt=\"\" width=\"800\" height=\"100\" srcset=\"https:\/\/www.radiopiu.net\/wordpress\/wp-content\/uploads\/2018\/09\/appuntamenti.jpeg 800w, https:\/\/www.radiopiu.net\/wordpress\/wp-content\/uploads\/2018\/09\/appuntamenti-300x38.jpeg 300w, https:\/\/www.radiopiu.net\/wordpress\/wp-content\/uploads\/2018\/09\/appuntamenti-768x96.jpeg 768w\" sizes=\"auto, (max-width: 800px) 100vw, 800px\" \/><\/a><\/p>\n<\/div>\n<p>&nbsp;<\/p>\n<div>\n<div>\n<p><span style=\"color: #ff0000;\"><strong><a class=\"dt-pswp-item\" href=\"http:\/\/www.radiopiu.net\/wordpress\/wp-content\/uploads\/2019\/07\/21231208_1428419980586085_1115215269049052745_n.jpg\" data-dt-img-description=\"\" data-large_image_width=\"661\" data-large_image_height=\"661\"><img loading=\"lazy\" decoding=\"async\" class=\" wp-image-90482 alignleft\" src=\"http:\/\/www.radiopiu.net\/wordpress\/wp-content\/uploads\/2019\/07\/21231208_1428419980586085_1115215269049052745_n-300x300.jpg\" alt=\"\" width=\"145\" height=\"145\" srcset=\"https:\/\/www.radiopiu.net\/wordpress\/wp-content\/uploads\/2019\/07\/21231208_1428419980586085_1115215269049052745_n-300x300.jpg 300w, https:\/\/www.radiopiu.net\/wordpress\/wp-content\/uploads\/2019\/07\/21231208_1428419980586085_1115215269049052745_n-150x150.jpg 150w, https:\/\/www.radiopiu.net\/wordpress\/wp-content\/uploads\/2019\/07\/21231208_1428419980586085_1115215269049052745_n.jpg 661w\" sizes=\"auto, (max-width: 145px) 100vw, 145px\" \/><\/a><\/strong><\/span><\/p>\n<p style=\"text-align: left;\"><span style=\"color: #ff0000;\"><strong>PER IL SECONDO ANNO, PER TUTTA L&#8217;ESTATE: LA &#8220;FABBRICA DELLE EMOZIONI&#8221;, ALLA RADIO IN COLLABORAZIONE CON <a class=\"profileLink\" style=\"color: #ff0000;\" href=\"https:\/\/www.facebook.com\/dersut.taibon\/?__tn__=K-R&amp;eid=ARAWHGS4pY7ErSAGuNNMHp-xra7d294ysugnpoUicWkeK9rjbvd86RDR3SHV57JuBTC7yrMP85kcC7oy&amp;fref=mentions&amp;__xts__%5B0%5D=68.ARA8kEGfdeZlMevmYpMAmAmJ7ziHM_3WogqE61anVHM5V-Ht7pYFd4NJRcEVlK7VIq__zFsG6G8vsxxKnVF1SBmpERHebECtYKNHrf4mG4C4wVmPxxn4uj_nmTIeZglrdIyUPa0dnE3usWWzci033oOnyRS5XDhoavIU-eTU85t_Wp6jFT0-ULRP932r4STxN16bdptt8cef\" data-hovercard=\"\/ajax\/hovercard\/page.php?id=904939246267497&amp;extragetparams=%7B%22__tn__%22%3A%22%2CdK-R-R%22%2C%22eid%22%3A%22ARAWHGS4pY7ErSAGuNNMHp-xra7d294ysugnpoUicWkeK9rjbvd86RDR3SHV57JuBTC7yrMP85kcC7oy%22%2C%22fref%22%3A%22mentions%22%7D\" data-hovercard-prefer-more-content-show=\"1\">Dersut Taibon<\/a>\u00a0EVENTI, APPUNTAMENTI, DIVERTIMENTI NELLA VALLATA AGORDINA. IN ONDA ALLA RADIO NEI NOTIZIARI E NEGLI APPROFONDIMENTI ALLA RADIO E SUL SITO\u00a0<a style=\"color: #ff0000;\" href=\"http:\/\/www.radiopiu.net\/?fbclid=IwAR3Zckh6EArPlP9el3_APl-CxxkfxeumpcmQ4v9HIwZohBUQuztQ4jOimzE\" target=\"_blank\" rel=\"noopener nofollow noreferrer\" data-ft=\"{&quot;tn&quot;:&quot;-U&quot;}\" data-lynx-mode=\"async\" data-lynx-uri=\"https:\/\/l.facebook.com\/l.php?u=http%3A%2F%2FWWW.RADIOPIU.NET%2F%3Ffbclid%3DIwAR3Zckh6EArPlP9el3_APl-CxxkfxeumpcmQ4v9HIwZohBUQuztQ4jOimzE&amp;h=AT3iK2sNf9WjhvLB7AaqYnWzUdWcBNNS_1cXI6UJ3eEvhP4Ym5v2vemsj9TpyM0_qzzb9gjT9sJhgm4I2ZXxgJSAlUfvNTaJwITPvOvqfAuTNdwnWON3ic-lvSbJXWzM3FVSvAgPffEqbH4dYL2TEG6D6xs5TZHrlhUGtTKMYKoPXpBJIF8ke0VZdFkl3YQ7tGdqat-r6rzvDTprheLIjQ7jKZPmLRbVLu1fIKQ2jHEQkMU8LzIZvt_s5FE3Fxl6fUw_HG6Kz2ygpE7qxE3yIyhlOk0wt55c_6ZWHfM2I0PFlpPFgNhCDJwFSVFieE73_LsmFyKeJSBqSnd9p7KBuOYgQAQepyVC8du7dtfKvd60oOKKb1xchMvMyu9mMRYGRKi2y8I7U2WlGyyKbcYHubfjzWI02WXZXcSE97K_yFCYyeqZ2T_hgQJ7vzHhfBlDLdaXxkE\">WWW.RADIOPIU.NET<\/a><\/strong><\/span><\/p>\n<\/div>\n<blockquote>\n<p style=\"text-align: left;\"><strong>DA NON PERDERE:<\/strong> La mostra di pittura di\u00a0 Renzo Miola al Nof Filo&#8217; di Cencenighe, fino al 18 agosto, ad Agordo DolomitiAmo in sala Don Tamis, entrambe sono aperte anche la sera dopo cena fino alle 22.<\/p>\n<\/blockquote>\n<\/div>\n<p>&nbsp;<\/p>\n<p>&nbsp;<\/p>\n<p>&nbsp;<\/p>\n<p style=\"text-align: left;\"><span style=\"color: #ff0000;\">FERRAGOSTO A LIVINALLONGO<\/span><\/p>\n<p style=\"text-align: left;\"><strong>Oggi ad Arabba<\/strong> spettacolo di burattini alle 17 e festa in piazza sotto al tendone,<strong> domani<\/strong> alle 9 a Pieve di Livinallongo\u00a0 messa in chiesa e alle 10.30 sagra di fiori e costumi in piazza, alle 11 festa della Madonna Assunta ai Bec de Roces, nel pomeriggio al castello di Andraz trame di storia con l&#8217;arco e le sue tecniche, <strong>venerdi<\/strong> passeggiata nel bosco alla scoperta degli animali del bosco e in serata notte al castello di Andraz, <strong>sabato<\/strong> esibizione gruppo Folk Fodom alle 17 ad Arabba, <strong>domenica<\/strong> sfilata dei carri delle associazioni dei gruppi folk dalle 14.30, alle 21.30 illuminazione delle creste di Porta Vescovo, al castello di Andraz dimostrazione di spade e spadai.<\/p>\n<p>&nbsp;<\/p>\n<p>&nbsp;<\/p>\n<div>\n<p style=\"text-align: left;\"><strong>ALLEGHE<\/strong>\u00a0 Questa sera\u00a0 \u00a0da Masare&#8217; di Alleghe il giro del lago\u00a0 (corsa podistica)<\/p>\n<\/div>\n<div>\n<p style=\"text-align: left;\"><strong>ALLEGHE <\/strong>Venerdi 16 agosto concerto a Villa Paganini alle 17 con Les Magots, in serata concorso barche illuminate dalle 21 e fuochi sul lago dalle 23<\/p>\n<p style=\"text-align: left;\"><strong><a class=\"dt-pswp-item\" href=\"http:\/\/www.radiopiu.net\/wordpress\/wp-content\/uploads\/2019\/08\/68424026_3358067704207022_7561547416487329792_n-1.jpg\" data-dt-img-description=\"\" data-large_image_width=\"680\" data-large_image_height=\"960\"><img loading=\"lazy\" decoding=\"async\" class=\" wp-image-95338 alignleft\" src=\"http:\/\/www.radiopiu.net\/wordpress\/wp-content\/uploads\/2019\/08\/68424026_3358067704207022_7561547416487329792_n-1-213x300.jpg\" alt=\"\" width=\"192\" height=\"270\" srcset=\"https:\/\/www.radiopiu.net\/wordpress\/wp-content\/uploads\/2019\/08\/68424026_3358067704207022_7561547416487329792_n-1-213x300.jpg 213w, https:\/\/www.radiopiu.net\/wordpress\/wp-content\/uploads\/2019\/08\/68424026_3358067704207022_7561547416487329792_n-1.jpg 680w\" sizes=\"auto, (max-width: 192px) 100vw, 192px\" \/><\/a>FALCADE\u00a0<\/strong> sabato alle\u00a0 20.45\u00a0Casa della Giovent\u00f9 di Caviola\u00a0 Proiezione di documentari d&#8217;epoca di Giuseppe Taffarel dal titolo &#8220;C&#8217;era una volta&#8221;, con presentazione del Prof. Mirco Marenco, dell&#8217;Universit\u00e0 degli Studi di Padova<\/p>\n<p style=\"text-align: left;\"><strong>GOSALDO<\/strong> Con la bocciofila oggi\u00a0 dalle 14.30 gara lui e lei, venerdi alle 14.30 gara sociale e domenica alle 14 gara individuale<\/p>\n<p style=\"text-align: left;\"><strong>GOSALDO<\/strong> Sabato alle 20.45 in sala conferenze ex scuola media di Don serata con i fotografi Aldo Comincioli, Bruno Bressan e Graziano March.<\/p>\n<p style=\"text-align: left;\"><strong>ALLEGHE<\/strong> Domenica\u00a0 alle 20.45 in piazza Kennedy concerto del coro parrocchiale San Biagio<\/p>\n<p style=\"text-align: left;\"><strong>ALLEGHE<\/strong> Domenica alle 21 amichevole hockey ghiaccio, Alleghe IHL-Alleghe finale 1985-86.<\/p>\n<p style=\"text-align: left;\"><strong>FALCADE<\/strong> Domenica dalle 10 sulla piana di Falcade Manifestazione paracadutistica e voli in elicottero, davanti all&#8217;Aivaz, Possibilit\u00e0 di lanci in tandem, prenotazione voli sul posto.<\/p>\n<p style=\"text-align: left;\"><strong>CENCENIGHE<\/strong> Domenica festa degli alpini in Pineta, 10.30 messa cantata dal coro parrocchiale in Pineta, 12 piatti tipici e pomeriggio di musica e ballo folk con Ioris.<\/p>\n<p style=\"text-align: left;\"><strong>GOSALDO<\/strong> Domenica alle 20.30 alle scuole medie con il gruppo Ana\u00a0 &#8220;Il fronte di fronte, diari&#8221; Ricerche storiche con Adone Bettega, Luciana Palla, Santo De Dorigo, Luca Salvagno, I\u00f2 di Qual, Mariateresa Stella, Riccardo Pasqual, Marco Felici, Elena Corona, Vincenzo Bottecchia. Saranno presenti curatori, storici ed autori di fumetti.<\/p>\n<\/div>\n<p><strong>TAIBON<\/strong> Torna domenica il premio Corpassa alla casa Bortolona, previsto un significativo ricordo del sindaco Loretta Ben per 10 anni alla guida del paese.<\/p>\n<p>&nbsp;<\/p>\n<p>&nbsp;<\/p>\n<blockquote><p>&nbsp;<\/p><\/blockquote>\n<h2><a class=\"dt-pswp-item\" href=\"http:\/\/www.radiopiu.net\/wordpress\/wp-content\/uploads\/2019\/08\/th-1.jpg\" data-dt-img-description=\"\" data-large_image_width=\"220\" data-large_image_height=\"165\"><img loading=\"lazy\" decoding=\"async\" class=\"size-full wp-image-95608 alignleft\" src=\"http:\/\/www.radiopiu.net\/wordpress\/wp-content\/uploads\/2019\/08\/th-1.jpg\" alt=\"\" width=\"220\" height=\"165\" \/><\/a><\/h2>\n<h2>NEVEGAL, CON LA PROLOCO CASTIONESE GIORNI DI GIOIA PER DIMENTICARE LE DIFFICOLTA&#8217; DELLA PROSSIMA STAGIONE INVERNALE<\/h2>\n<p><strong>BELLUNO<\/strong><\/p>\n<p><strong>DI DAMIANO TORMEN<\/strong><\/p>\n<p>&nbsp;<\/p>\n<audio class=\"wp-audio-shortcode\" id=\"audio-95477-8\" preload=\"none\" style=\"width: 100%;\" controls=\"controls\"><source type=\"audio\/mpeg\" src=\"http:\/\/www.radiopiu.net\/wordpress\/wp-content\/uploads\/2019\/08\/nevegal-damiano.mp3?_=8\" \/><a href=\"http:\/\/www.radiopiu.net\/wordpress\/wp-content\/uploads\/2019\/08\/nevegal-damiano.mp3\">http:\/\/www.radiopiu.net\/wordpress\/wp-content\/uploads\/2019\/08\/nevegal-damiano.mp3<\/a><\/audio>\n<p>&nbsp;<\/p>\n<p>&nbsp;<\/p>\n<blockquote class=\"wp-embedded-content\" data-secret=\"rrBkNnDAdy\"><p><a href=\"http:\/\/www.radiopiu.net\/wordpress\/ledizione-numero-35-a-cusighe-della-festa-del-pesce-con-isp-di-renato-bona\/\">L\u2019EDIZIONE NUMERO 35 A CUSIGHE DELLA \u201cFESTA DEL PESCE\u201d CON ISP di RENATO BONA<\/a><\/p><\/blockquote>\n<p><iframe loading=\"lazy\" title=\"&#8220;L\u2019EDIZIONE NUMERO 35 A CUSIGHE DELLA \u201cFESTA DEL PESCE\u201d CON ISP di RENATO BONA&#8221; &#8212; Radio Pi\u00f9\" class=\"wp-embedded-content\" sandbox=\"allow-scripts\" security=\"restricted\" style=\"position: absolute; clip: rect(1px, 1px, 1px, 1px);\" src=\"http:\/\/www.radiopiu.net\/wordpress\/ledizione-numero-35-a-cusighe-della-festa-del-pesce-con-isp-di-renato-bona\/embed\/#?secret=rrBkNnDAdy\" data-secret=\"rrBkNnDAdy\" width=\"600\" height=\"338\" frameborder=\"0\" marginwidth=\"0\" marginheight=\"0\" scrolling=\"no\"><\/iframe><\/p>\n<p>&nbsp;<\/p>\n<p>&nbsp;<\/p>\n<p>&nbsp;<\/p>\n<p><a class=\"dt-pswp-item\" href=\"http:\/\/www.radiopiu.net\/wordpress\/wp-content\/uploads\/2018\/09\/sport.jpg\" data-dt-img-description=\"\" data-large_image_width=\"800\" data-large_image_height=\"100\"><img loading=\"lazy\" decoding=\"async\" class=\"alignnone wp-image-60761 size-full\" src=\"http:\/\/www.radiopiu.net\/wordpress\/wp-content\/uploads\/2018\/09\/sport.jpg\" alt=\"\" width=\"800\" height=\"100\" srcset=\"https:\/\/www.radiopiu.net\/wordpress\/wp-content\/uploads\/2018\/09\/sport.jpg 800w, https:\/\/www.radiopiu.net\/wordpress\/wp-content\/uploads\/2018\/09\/sport-300x38.jpg 300w, https:\/\/www.radiopiu.net\/wordpress\/wp-content\/uploads\/2018\/09\/sport-768x96.jpg 768w\" sizes=\"auto, (max-width: 800px) 100vw, 800px\" \/><\/a><\/p>\n<p>&nbsp;<\/p>\n<h1><strong>OKBA SEDDIK E MANUELA BULF SONO IL RE E LA REGINA DEL GIRO PODISTICO DI FALCADE<\/strong><\/h1>\n<p><strong>DI MARCO GAZ E CLAUDIO FONTANIVE DALLA DIRETTA DI RADIO PIU&#8217;<\/strong><\/p>\n<audio class=\"wp-audio-shortcode\" id=\"audio-95477-9\" preload=\"none\" style=\"width: 100%;\" controls=\"controls\"><source type=\"audio\/mpeg\" src=\"http:\/\/www.radiopiu.net\/wordpress\/wp-content\/uploads\/2019\/08\/gr-14-sport-giro-podistico-falcade.mp3?_=9\" \/><a href=\"http:\/\/www.radiopiu.net\/wordpress\/wp-content\/uploads\/2019\/08\/gr-14-sport-giro-podistico-falcade.mp3\">http:\/\/www.radiopiu.net\/wordpress\/wp-content\/uploads\/2019\/08\/gr-14-sport-giro-podistico-falcade.mp3<\/a><\/audio>\n<p>&nbsp;<\/p>\n<p><a class=\"dt-pswp-item\" href=\"http:\/\/www.radiopiu.net\/wordpress\/wp-content\/uploads\/2019\/08\/VINCITORE-MASCHILE-GIRO-FALCADE-2019.jpeg\" data-dt-img-description=\"\" data-large_image_width=\"1599\" data-large_image_height=\"1200\"><img loading=\"lazy\" decoding=\"async\" class=\"size-medium wp-image-95554 alignleft\" src=\"http:\/\/www.radiopiu.net\/wordpress\/wp-content\/uploads\/2019\/08\/VINCITORE-MASCHILE-GIRO-FALCADE-2019-300x225.jpeg\" alt=\"\" width=\"300\" height=\"225\" srcset=\"https:\/\/www.radiopiu.net\/wordpress\/wp-content\/uploads\/2019\/08\/VINCITORE-MASCHILE-GIRO-FALCADE-2019-300x225.jpeg 300w, https:\/\/www.radiopiu.net\/wordpress\/wp-content\/uploads\/2019\/08\/VINCITORE-MASCHILE-GIRO-FALCADE-2019-768x576.jpeg 768w, https:\/\/www.radiopiu.net\/wordpress\/wp-content\/uploads\/2019\/08\/VINCITORE-MASCHILE-GIRO-FALCADE-2019-1024x768.jpeg 1024w, https:\/\/www.radiopiu.net\/wordpress\/wp-content\/uploads\/2019\/08\/VINCITORE-MASCHILE-GIRO-FALCADE-2019.jpeg 1599w\" sizes=\"auto, (max-width: 300px) 100vw, 300px\" \/><\/a>\u00c8 andata in scena ieri la 25\u00b0 edizione del Giro Podistico di Falcade, la gara di corsa campestre aperta a tutti organizzata dallo Sci Club Val Biois. Un pomeriggio di sport per tutti, giovani e adulti. Ad aprire il pomeriggio falcadino sono stati i bambini che hanno corso il Mini Giro Podistico arrivato alla 17\u00b0edizione. Gara dedicata ai nati dal 2008 al 2018 suddivisa in 5 categorie dedicate ai pi\u00f9 giovani.<\/p>\n<p>301 gli iscritti al 25\u00b0 Giro Podistico di Falcade. Una trentina i giovani che si sono sfidati sul percorso corto di 2 km dedicato alle classi 2006\/2007. A vincere Sebastiano Da Tos in ambito maschile mentre per le donne vince Denise Marinello.<\/p>\n<p>Nel percorso lungo (5,6 km) la vittoria \u00e8 andata al marocchino Okba Seddik con il tempo di 20&#8217;17\u201d5, seconda posizione per Nicol\u00f2 Bedini e terzo Eris Costa. In ambito femminile vince l&#8217;agordina Manuela Bulf con il tempo di 23&#8217;21\u201d3, seconda Silvia Gavarretti e terzo gradino del podio ad Anna Dal Magro.<\/p>\n<p>&nbsp;<\/p>\n<p><strong>LA FOTOGALLERY DELLA GARA<\/strong><\/p>\n\n\t\t\t<style type='text\/css'>\n\t\t\t\t#gallery-1 {\n\t\t\t\t\tmargin: auto;\n\t\t\t\t}\n\t\t\t\t#gallery-1 .gallery-item {\n\t\t\t\t\tfloat: left;\n\t\t\t\t\tmargin-top: 10px;\n\t\t\t\t\ttext-align: center;\n\t\t\t\t\twidth: 33%;\n\t\t\t\t}\n\t\t\t\t#gallery-1 img {\n\t\t\t\t\tborder: 2px solid #cfcfcf;\n\t\t\t\t}\n\t\t\t\t#gallery-1 .gallery-caption {\n\t\t\t\t\tmargin-left: 0;\n\t\t\t\t}\n\t\t\t\t\/* see gallery_shortcode() in wp-includes\/media.php *\/\n\t\t\t<\/style>\n\t\t<div id='gallery-1' class='dt-gallery-container gallery galleryid-95477 gallery-columns-3 gallery-size-medium'><dl class='gallery-item'>\n\t\t\t\t<dt class='gallery-icon landscape'>\n\t\t\t\t\t<a class=\"rollover\" href='https:\/\/www.radiopiu.net\/wordpress\/okba-seddik-e-manuela-bulf-sono-il-re-e-la-regina-del-giro-podistico-di-falcade\/giro-falcade-2019-01\/'><img loading=\"lazy\" decoding=\"async\" width=\"300\" height=\"225\" src=\"https:\/\/www.radiopiu.net\/wordpress\/wp-content\/uploads\/2019\/08\/GIRO-FALCADE-2019-01-300x225.jpg\" class=\"attachment-medium size-medium\" alt=\"\" srcset=\"https:\/\/www.radiopiu.net\/wordpress\/wp-content\/uploads\/2019\/08\/GIRO-FALCADE-2019-01-300x225.jpg 300w, https:\/\/www.radiopiu.net\/wordpress\/wp-content\/uploads\/2019\/08\/GIRO-FALCADE-2019-01-768x576.jpg 768w, https:\/\/www.radiopiu.net\/wordpress\/wp-content\/uploads\/2019\/08\/GIRO-FALCADE-2019-01-1024x768.jpg 1024w, https:\/\/www.radiopiu.net\/wordpress\/wp-content\/uploads\/2019\/08\/GIRO-FALCADE-2019-01.jpg 1599w\" sizes=\"auto, (max-width: 300px) 100vw, 300px\" \/><\/a>\n\t\t\t\t<\/dt><\/dl><dl class='gallery-item'>\n\t\t\t\t<dt class='gallery-icon landscape'>\n\t\t\t\t\t<a class=\"rollover\" href='https:\/\/www.radiopiu.net\/wordpress\/okba-seddik-e-manuela-bulf-sono-il-re-e-la-regina-del-giro-podistico-di-falcade\/giro-falcade-2019-02\/'><img loading=\"lazy\" decoding=\"async\" width=\"300\" height=\"225\" src=\"https:\/\/www.radiopiu.net\/wordpress\/wp-content\/uploads\/2019\/08\/GIRO-FALCADE-2019-02-300x225.jpg\" class=\"attachment-medium size-medium\" alt=\"\" srcset=\"https:\/\/www.radiopiu.net\/wordpress\/wp-content\/uploads\/2019\/08\/GIRO-FALCADE-2019-02-300x225.jpg 300w, https:\/\/www.radiopiu.net\/wordpress\/wp-content\/uploads\/2019\/08\/GIRO-FALCADE-2019-02-768x576.jpg 768w, https:\/\/www.radiopiu.net\/wordpress\/wp-content\/uploads\/2019\/08\/GIRO-FALCADE-2019-02-1024x768.jpg 1024w, https:\/\/www.radiopiu.net\/wordpress\/wp-content\/uploads\/2019\/08\/GIRO-FALCADE-2019-02.jpg 1599w\" sizes=\"auto, (max-width: 300px) 100vw, 300px\" \/><\/a>\n\t\t\t\t<\/dt><\/dl><dl class='gallery-item'>\n\t\t\t\t<dt class='gallery-icon landscape'>\n\t\t\t\t\t<a class=\"rollover\" href='https:\/\/www.radiopiu.net\/wordpress\/okba-seddik-e-manuela-bulf-sono-il-re-e-la-regina-del-giro-podistico-di-falcade\/giro-falcade-2019-03\/'><img loading=\"lazy\" decoding=\"async\" width=\"300\" height=\"225\" src=\"https:\/\/www.radiopiu.net\/wordpress\/wp-content\/uploads\/2019\/08\/GIRO-FALCADE-2019-03-300x225.jpg\" class=\"attachment-medium size-medium\" alt=\"\" srcset=\"https:\/\/www.radiopiu.net\/wordpress\/wp-content\/uploads\/2019\/08\/GIRO-FALCADE-2019-03-300x225.jpg 300w, https:\/\/www.radiopiu.net\/wordpress\/wp-content\/uploads\/2019\/08\/GIRO-FALCADE-2019-03-768x576.jpg 768w, https:\/\/www.radiopiu.net\/wordpress\/wp-content\/uploads\/2019\/08\/GIRO-FALCADE-2019-03-1024x768.jpg 1024w, https:\/\/www.radiopiu.net\/wordpress\/wp-content\/uploads\/2019\/08\/GIRO-FALCADE-2019-03.jpg 1599w\" sizes=\"auto, (max-width: 300px) 100vw, 300px\" \/><\/a>\n\t\t\t\t<\/dt><\/dl><br style=\"clear: both\" \/><dl class='gallery-item'>\n\t\t\t\t<dt class='gallery-icon landscape'>\n\t\t\t\t\t<a class=\"rollover\" href='https:\/\/www.radiopiu.net\/wordpress\/okba-seddik-e-manuela-bulf-sono-il-re-e-la-regina-del-giro-podistico-di-falcade\/giro-falcade-2019-04\/'><img loading=\"lazy\" decoding=\"async\" width=\"300\" height=\"225\" src=\"https:\/\/www.radiopiu.net\/wordpress\/wp-content\/uploads\/2019\/08\/GIRO-FALCADE-2019-04-300x225.jpg\" class=\"attachment-medium size-medium\" alt=\"\" srcset=\"https:\/\/www.radiopiu.net\/wordpress\/wp-content\/uploads\/2019\/08\/GIRO-FALCADE-2019-04-300x225.jpg 300w, https:\/\/www.radiopiu.net\/wordpress\/wp-content\/uploads\/2019\/08\/GIRO-FALCADE-2019-04-768x576.jpg 768w, https:\/\/www.radiopiu.net\/wordpress\/wp-content\/uploads\/2019\/08\/GIRO-FALCADE-2019-04-1024x768.jpg 1024w, https:\/\/www.radiopiu.net\/wordpress\/wp-content\/uploads\/2019\/08\/GIRO-FALCADE-2019-04.jpg 1599w\" sizes=\"auto, (max-width: 300px) 100vw, 300px\" \/><\/a>\n\t\t\t\t<\/dt><\/dl><dl class='gallery-item'>\n\t\t\t\t<dt class='gallery-icon landscape'>\n\t\t\t\t\t<a class=\"rollover\" href='https:\/\/www.radiopiu.net\/wordpress\/okba-seddik-e-manuela-bulf-sono-il-re-e-la-regina-del-giro-podistico-di-falcade\/giro-falcade-2019-05\/'><img loading=\"lazy\" decoding=\"async\" width=\"300\" height=\"225\" src=\"https:\/\/www.radiopiu.net\/wordpress\/wp-content\/uploads\/2019\/08\/GIRO-FALCADE-2019-05-300x225.jpg\" class=\"attachment-medium size-medium\" alt=\"\" srcset=\"https:\/\/www.radiopiu.net\/wordpress\/wp-content\/uploads\/2019\/08\/GIRO-FALCADE-2019-05-300x225.jpg 300w, https:\/\/www.radiopiu.net\/wordpress\/wp-content\/uploads\/2019\/08\/GIRO-FALCADE-2019-05-768x576.jpg 768w, https:\/\/www.radiopiu.net\/wordpress\/wp-content\/uploads\/2019\/08\/GIRO-FALCADE-2019-05-1024x768.jpg 1024w, https:\/\/www.radiopiu.net\/wordpress\/wp-content\/uploads\/2019\/08\/GIRO-FALCADE-2019-05.jpg 1599w\" sizes=\"auto, (max-width: 300px) 100vw, 300px\" \/><\/a>\n\t\t\t\t<\/dt><\/dl><dl class='gallery-item'>\n\t\t\t\t<dt class='gallery-icon landscape'>\n\t\t\t\t\t<a class=\"rollover\" href='https:\/\/www.radiopiu.net\/wordpress\/okba-seddik-e-manuela-bulf-sono-il-re-e-la-regina-del-giro-podistico-di-falcade\/giro-falcade-2019-06\/'><img loading=\"lazy\" decoding=\"async\" width=\"300\" height=\"225\" src=\"https:\/\/www.radiopiu.net\/wordpress\/wp-content\/uploads\/2019\/08\/GIRO-FALCADE-2019-06-300x225.jpg\" class=\"attachment-medium size-medium\" alt=\"\" srcset=\"https:\/\/www.radiopiu.net\/wordpress\/wp-content\/uploads\/2019\/08\/GIRO-FALCADE-2019-06-300x225.jpg 300w, https:\/\/www.radiopiu.net\/wordpress\/wp-content\/uploads\/2019\/08\/GIRO-FALCADE-2019-06-768x576.jpg 768w, https:\/\/www.radiopiu.net\/wordpress\/wp-content\/uploads\/2019\/08\/GIRO-FALCADE-2019-06-1024x768.jpg 1024w, https:\/\/www.radiopiu.net\/wordpress\/wp-content\/uploads\/2019\/08\/GIRO-FALCADE-2019-06.jpg 1599w\" sizes=\"auto, (max-width: 300px) 100vw, 300px\" \/><\/a>\n\t\t\t\t<\/dt><\/dl><br style=\"clear: both\" \/><dl class='gallery-item'>\n\t\t\t\t<dt class='gallery-icon landscape'>\n\t\t\t\t\t<a class=\"rollover\" href='https:\/\/www.radiopiu.net\/wordpress\/okba-seddik-e-manuela-bulf-sono-il-re-e-la-regina-del-giro-podistico-di-falcade\/giro-falcade-2019-07\/'><img loading=\"lazy\" decoding=\"async\" width=\"300\" height=\"225\" src=\"https:\/\/www.radiopiu.net\/wordpress\/wp-content\/uploads\/2019\/08\/GIRO-FALCADE-2019-07-300x225.jpg\" class=\"attachment-medium size-medium\" alt=\"\" srcset=\"https:\/\/www.radiopiu.net\/wordpress\/wp-content\/uploads\/2019\/08\/GIRO-FALCADE-2019-07-300x225.jpg 300w, https:\/\/www.radiopiu.net\/wordpress\/wp-content\/uploads\/2019\/08\/GIRO-FALCADE-2019-07-768x576.jpg 768w, https:\/\/www.radiopiu.net\/wordpress\/wp-content\/uploads\/2019\/08\/GIRO-FALCADE-2019-07-1024x768.jpg 1024w, https:\/\/www.radiopiu.net\/wordpress\/wp-content\/uploads\/2019\/08\/GIRO-FALCADE-2019-07.jpg 1599w\" sizes=\"auto, (max-width: 300px) 100vw, 300px\" \/><\/a>\n\t\t\t\t<\/dt><\/dl><dl class='gallery-item'>\n\t\t\t\t<dt class='gallery-icon landscape'>\n\t\t\t\t\t<a class=\"rollover\" href='https:\/\/www.radiopiu.net\/wordpress\/okba-seddik-e-manuela-bulf-sono-il-re-e-la-regina-del-giro-podistico-di-falcade\/giro-falcade-2019-08\/'><img loading=\"lazy\" decoding=\"async\" width=\"300\" height=\"225\" src=\"https:\/\/www.radiopiu.net\/wordpress\/wp-content\/uploads\/2019\/08\/GIRO-FALCADE-2019-08-300x225.jpg\" class=\"attachment-medium size-medium\" alt=\"\" srcset=\"https:\/\/www.radiopiu.net\/wordpress\/wp-content\/uploads\/2019\/08\/GIRO-FALCADE-2019-08-300x225.jpg 300w, https:\/\/www.radiopiu.net\/wordpress\/wp-content\/uploads\/2019\/08\/GIRO-FALCADE-2019-08-768x576.jpg 768w, https:\/\/www.radiopiu.net\/wordpress\/wp-content\/uploads\/2019\/08\/GIRO-FALCADE-2019-08-1024x768.jpg 1024w, https:\/\/www.radiopiu.net\/wordpress\/wp-content\/uploads\/2019\/08\/GIRO-FALCADE-2019-08.jpg 1599w\" sizes=\"auto, (max-width: 300px) 100vw, 300px\" \/><\/a>\n\t\t\t\t<\/dt><\/dl><dl class='gallery-item'>\n\t\t\t\t<dt class='gallery-icon landscape'>\n\t\t\t\t\t<a class=\"rollover\" href='https:\/\/www.radiopiu.net\/wordpress\/okba-seddik-e-manuela-bulf-sono-il-re-e-la-regina-del-giro-podistico-di-falcade\/giro-falcade-2019-09\/'><img loading=\"lazy\" decoding=\"async\" width=\"300\" height=\"225\" src=\"https:\/\/www.radiopiu.net\/wordpress\/wp-content\/uploads\/2019\/08\/GIRO-FALCADE-2019-09-300x225.jpg\" class=\"attachment-medium size-medium\" alt=\"\" srcset=\"https:\/\/www.radiopiu.net\/wordpress\/wp-content\/uploads\/2019\/08\/GIRO-FALCADE-2019-09-300x225.jpg 300w, https:\/\/www.radiopiu.net\/wordpress\/wp-content\/uploads\/2019\/08\/GIRO-FALCADE-2019-09-768x576.jpg 768w, https:\/\/www.radiopiu.net\/wordpress\/wp-content\/uploads\/2019\/08\/GIRO-FALCADE-2019-09-1024x768.jpg 1024w, https:\/\/www.radiopiu.net\/wordpress\/wp-content\/uploads\/2019\/08\/GIRO-FALCADE-2019-09.jpg 1599w\" sizes=\"auto, (max-width: 300px) 100vw, 300px\" \/><\/a>\n\t\t\t\t<\/dt><\/dl><br style=\"clear: both\" \/><dl class='gallery-item'>\n\t\t\t\t<dt class='gallery-icon landscape'>\n\t\t\t\t\t<a class=\"rollover\" href='https:\/\/www.radiopiu.net\/wordpress\/okba-seddik-e-manuela-bulf-sono-il-re-e-la-regina-del-giro-podistico-di-falcade\/giro-falcade-2019-10\/'><img loading=\"lazy\" decoding=\"async\" width=\"300\" height=\"225\" src=\"https:\/\/www.radiopiu.net\/wordpress\/wp-content\/uploads\/2019\/08\/GIRO-FALCADE-2019-10-300x225.jpg\" class=\"attachment-medium size-medium\" alt=\"\" srcset=\"https:\/\/www.radiopiu.net\/wordpress\/wp-content\/uploads\/2019\/08\/GIRO-FALCADE-2019-10-300x225.jpg 300w, https:\/\/www.radiopiu.net\/wordpress\/wp-content\/uploads\/2019\/08\/GIRO-FALCADE-2019-10-768x576.jpg 768w, https:\/\/www.radiopiu.net\/wordpress\/wp-content\/uploads\/2019\/08\/GIRO-FALCADE-2019-10-1024x768.jpg 1024w, https:\/\/www.radiopiu.net\/wordpress\/wp-content\/uploads\/2019\/08\/GIRO-FALCADE-2019-10.jpg 1599w\" sizes=\"auto, (max-width: 300px) 100vw, 300px\" \/><\/a>\n\t\t\t\t<\/dt><\/dl><dl class='gallery-item'>\n\t\t\t\t<dt class='gallery-icon landscape'>\n\t\t\t\t\t<a class=\"rollover\" href='https:\/\/www.radiopiu.net\/wordpress\/okba-seddik-e-manuela-bulf-sono-il-re-e-la-regina-del-giro-podistico-di-falcade\/giro-falcade-2019-11\/'><img loading=\"lazy\" decoding=\"async\" width=\"300\" height=\"225\" src=\"https:\/\/www.radiopiu.net\/wordpress\/wp-content\/uploads\/2019\/08\/GIRO-FALCADE-2019-11-300x225.jpg\" class=\"attachment-medium size-medium\" alt=\"\" srcset=\"https:\/\/www.radiopiu.net\/wordpress\/wp-content\/uploads\/2019\/08\/GIRO-FALCADE-2019-11-300x225.jpg 300w, https:\/\/www.radiopiu.net\/wordpress\/wp-content\/uploads\/2019\/08\/GIRO-FALCADE-2019-11-768x576.jpg 768w, https:\/\/www.radiopiu.net\/wordpress\/wp-content\/uploads\/2019\/08\/GIRO-FALCADE-2019-11-1024x768.jpg 1024w, https:\/\/www.radiopiu.net\/wordpress\/wp-content\/uploads\/2019\/08\/GIRO-FALCADE-2019-11.jpg 1599w\" sizes=\"auto, (max-width: 300px) 100vw, 300px\" \/><\/a>\n\t\t\t\t<\/dt><\/dl><dl class='gallery-item'>\n\t\t\t\t<dt class='gallery-icon landscape'>\n\t\t\t\t\t<a class=\"rollover\" href='https:\/\/www.radiopiu.net\/wordpress\/okba-seddik-e-manuela-bulf-sono-il-re-e-la-regina-del-giro-podistico-di-falcade\/giro-falcade-2019-12\/'><img loading=\"lazy\" decoding=\"async\" width=\"300\" height=\"225\" src=\"https:\/\/www.radiopiu.net\/wordpress\/wp-content\/uploads\/2019\/08\/GIRO-FALCADE-2019-12-300x225.jpg\" class=\"attachment-medium size-medium\" alt=\"\" srcset=\"https:\/\/www.radiopiu.net\/wordpress\/wp-content\/uploads\/2019\/08\/GIRO-FALCADE-2019-12-300x225.jpg 300w, https:\/\/www.radiopiu.net\/wordpress\/wp-content\/uploads\/2019\/08\/GIRO-FALCADE-2019-12-768x576.jpg 768w, https:\/\/www.radiopiu.net\/wordpress\/wp-content\/uploads\/2019\/08\/GIRO-FALCADE-2019-12-1024x768.jpg 1024w, https:\/\/www.radiopiu.net\/wordpress\/wp-content\/uploads\/2019\/08\/GIRO-FALCADE-2019-12.jpg 1599w\" sizes=\"auto, (max-width: 300px) 100vw, 300px\" \/><\/a>\n\t\t\t\t<\/dt><\/dl><br style=\"clear: both\" \/><dl class='gallery-item'>\n\t\t\t\t<dt class='gallery-icon landscape'>\n\t\t\t\t\t<a class=\"rollover\" href='https:\/\/www.radiopiu.net\/wordpress\/okba-seddik-e-manuela-bulf-sono-il-re-e-la-regina-del-giro-podistico-di-falcade\/giro-falcade-2019-13\/'><img loading=\"lazy\" decoding=\"async\" width=\"300\" height=\"225\" src=\"https:\/\/www.radiopiu.net\/wordpress\/wp-content\/uploads\/2019\/08\/GIRO-FALCADE-2019-13-300x225.jpg\" class=\"attachment-medium size-medium\" alt=\"\" srcset=\"https:\/\/www.radiopiu.net\/wordpress\/wp-content\/uploads\/2019\/08\/GIRO-FALCADE-2019-13-300x225.jpg 300w, https:\/\/www.radiopiu.net\/wordpress\/wp-content\/uploads\/2019\/08\/GIRO-FALCADE-2019-13-768x576.jpg 768w, https:\/\/www.radiopiu.net\/wordpress\/wp-content\/uploads\/2019\/08\/GIRO-FALCADE-2019-13-1024x768.jpg 1024w, https:\/\/www.radiopiu.net\/wordpress\/wp-content\/uploads\/2019\/08\/GIRO-FALCADE-2019-13.jpg 1599w\" sizes=\"auto, (max-width: 300px) 100vw, 300px\" \/><\/a>\n\t\t\t\t<\/dt><\/dl><dl class='gallery-item'>\n\t\t\t\t<dt class='gallery-icon landscape'>\n\t\t\t\t\t<a class=\"rollover\" href='https:\/\/www.radiopiu.net\/wordpress\/okba-seddik-e-manuela-bulf-sono-il-re-e-la-regina-del-giro-podistico-di-falcade\/giro-falcade-2019-14\/'><img loading=\"lazy\" decoding=\"async\" width=\"300\" height=\"225\" src=\"https:\/\/www.radiopiu.net\/wordpress\/wp-content\/uploads\/2019\/08\/GIRO-FALCADE-2019-14-300x225.jpg\" class=\"attachment-medium size-medium\" alt=\"\" srcset=\"https:\/\/www.radiopiu.net\/wordpress\/wp-content\/uploads\/2019\/08\/GIRO-FALCADE-2019-14-300x225.jpg 300w, https:\/\/www.radiopiu.net\/wordpress\/wp-content\/uploads\/2019\/08\/GIRO-FALCADE-2019-14-768x576.jpg 768w, https:\/\/www.radiopiu.net\/wordpress\/wp-content\/uploads\/2019\/08\/GIRO-FALCADE-2019-14-1024x768.jpg 1024w, https:\/\/www.radiopiu.net\/wordpress\/wp-content\/uploads\/2019\/08\/GIRO-FALCADE-2019-14.jpg 1599w\" sizes=\"auto, (max-width: 300px) 100vw, 300px\" \/><\/a>\n\t\t\t\t<\/dt><\/dl><dl class='gallery-item'>\n\t\t\t\t<dt class='gallery-icon landscape'>\n\t\t\t\t\t<a class=\"rollover\" href='https:\/\/www.radiopiu.net\/wordpress\/okba-seddik-e-manuela-bulf-sono-il-re-e-la-regina-del-giro-podistico-di-falcade\/giro-falcade-2019-15\/'><img loading=\"lazy\" decoding=\"async\" width=\"300\" height=\"225\" src=\"https:\/\/www.radiopiu.net\/wordpress\/wp-content\/uploads\/2019\/08\/GIRO-FALCADE-2019-15-300x225.jpg\" class=\"attachment-medium size-medium\" alt=\"\" srcset=\"https:\/\/www.radiopiu.net\/wordpress\/wp-content\/uploads\/2019\/08\/GIRO-FALCADE-2019-15-300x225.jpg 300w, https:\/\/www.radiopiu.net\/wordpress\/wp-content\/uploads\/2019\/08\/GIRO-FALCADE-2019-15-768x576.jpg 768w, https:\/\/www.radiopiu.net\/wordpress\/wp-content\/uploads\/2019\/08\/GIRO-FALCADE-2019-15-1024x768.jpg 1024w, https:\/\/www.radiopiu.net\/wordpress\/wp-content\/uploads\/2019\/08\/GIRO-FALCADE-2019-15.jpg 1599w\" sizes=\"auto, (max-width: 300px) 100vw, 300px\" \/><\/a>\n\t\t\t\t<\/dt><\/dl><br style=\"clear: both\" \/><dl class='gallery-item'>\n\t\t\t\t<dt class='gallery-icon landscape'>\n\t\t\t\t\t<a class=\"rollover\" href='https:\/\/www.radiopiu.net\/wordpress\/okba-seddik-e-manuela-bulf-sono-il-re-e-la-regina-del-giro-podistico-di-falcade\/giro-falcade-2019-16\/'><img loading=\"lazy\" decoding=\"async\" width=\"300\" height=\"225\" src=\"https:\/\/www.radiopiu.net\/wordpress\/wp-content\/uploads\/2019\/08\/GIRO-FALCADE-2019-16-300x225.jpg\" class=\"attachment-medium size-medium\" alt=\"\" srcset=\"https:\/\/www.radiopiu.net\/wordpress\/wp-content\/uploads\/2019\/08\/GIRO-FALCADE-2019-16-300x225.jpg 300w, https:\/\/www.radiopiu.net\/wordpress\/wp-content\/uploads\/2019\/08\/GIRO-FALCADE-2019-16-768x576.jpg 768w, https:\/\/www.radiopiu.net\/wordpress\/wp-content\/uploads\/2019\/08\/GIRO-FALCADE-2019-16-1024x768.jpg 1024w, https:\/\/www.radiopiu.net\/wordpress\/wp-content\/uploads\/2019\/08\/GIRO-FALCADE-2019-16.jpg 1599w\" sizes=\"auto, (max-width: 300px) 100vw, 300px\" \/><\/a>\n\t\t\t\t<\/dt><\/dl><dl class='gallery-item'>\n\t\t\t\t<dt class='gallery-icon landscape'>\n\t\t\t\t\t<a class=\"rollover\" href='https:\/\/www.radiopiu.net\/wordpress\/okba-seddik-e-manuela-bulf-sono-il-re-e-la-regina-del-giro-podistico-di-falcade\/giro-falcade-2019-17\/'><img loading=\"lazy\" decoding=\"async\" width=\"300\" height=\"225\" src=\"https:\/\/www.radiopiu.net\/wordpress\/wp-content\/uploads\/2019\/08\/GIRO-FALCADE-2019-17-300x225.jpg\" class=\"attachment-medium size-medium\" alt=\"\" srcset=\"https:\/\/www.radiopiu.net\/wordpress\/wp-content\/uploads\/2019\/08\/GIRO-FALCADE-2019-17-300x225.jpg 300w, https:\/\/www.radiopiu.net\/wordpress\/wp-content\/uploads\/2019\/08\/GIRO-FALCADE-2019-17-768x576.jpg 768w, https:\/\/www.radiopiu.net\/wordpress\/wp-content\/uploads\/2019\/08\/GIRO-FALCADE-2019-17-1024x768.jpg 1024w, https:\/\/www.radiopiu.net\/wordpress\/wp-content\/uploads\/2019\/08\/GIRO-FALCADE-2019-17.jpg 1599w\" sizes=\"auto, (max-width: 300px) 100vw, 300px\" \/><\/a>\n\t\t\t\t<\/dt><\/dl><dl class='gallery-item'>\n\t\t\t\t<dt class='gallery-icon landscape'>\n\t\t\t\t\t<a class=\"rollover\" href='https:\/\/www.radiopiu.net\/wordpress\/okba-seddik-e-manuela-bulf-sono-il-re-e-la-regina-del-giro-podistico-di-falcade\/giro-falcade-2019-18\/'><img loading=\"lazy\" decoding=\"async\" width=\"300\" height=\"225\" src=\"https:\/\/www.radiopiu.net\/wordpress\/wp-content\/uploads\/2019\/08\/GIRO-FALCADE-2019-18-300x225.jpg\" class=\"attachment-medium size-medium\" alt=\"\" srcset=\"https:\/\/www.radiopiu.net\/wordpress\/wp-content\/uploads\/2019\/08\/GIRO-FALCADE-2019-18-300x225.jpg 300w, https:\/\/www.radiopiu.net\/wordpress\/wp-content\/uploads\/2019\/08\/GIRO-FALCADE-2019-18-768x576.jpg 768w, https:\/\/www.radiopiu.net\/wordpress\/wp-content\/uploads\/2019\/08\/GIRO-FALCADE-2019-18-1024x768.jpg 1024w, https:\/\/www.radiopiu.net\/wordpress\/wp-content\/uploads\/2019\/08\/GIRO-FALCADE-2019-18.jpg 1599w\" sizes=\"auto, (max-width: 300px) 100vw, 300px\" \/><\/a>\n\t\t\t\t<\/dt><\/dl><br style=\"clear: both\" \/><dl class='gallery-item'>\n\t\t\t\t<dt class='gallery-icon landscape'>\n\t\t\t\t\t<a class=\"rollover\" href='https:\/\/www.radiopiu.net\/wordpress\/okba-seddik-e-manuela-bulf-sono-il-re-e-la-regina-del-giro-podistico-di-falcade\/giro-falcade-2019-19\/'><img loading=\"lazy\" decoding=\"async\" width=\"300\" height=\"225\" src=\"https:\/\/www.radiopiu.net\/wordpress\/wp-content\/uploads\/2019\/08\/GIRO-FALCADE-2019-19-300x225.jpg\" class=\"attachment-medium size-medium\" alt=\"\" srcset=\"https:\/\/www.radiopiu.net\/wordpress\/wp-content\/uploads\/2019\/08\/GIRO-FALCADE-2019-19-300x225.jpg 300w, https:\/\/www.radiopiu.net\/wordpress\/wp-content\/uploads\/2019\/08\/GIRO-FALCADE-2019-19-768x576.jpg 768w, https:\/\/www.radiopiu.net\/wordpress\/wp-content\/uploads\/2019\/08\/GIRO-FALCADE-2019-19-1024x768.jpg 1024w, https:\/\/www.radiopiu.net\/wordpress\/wp-content\/uploads\/2019\/08\/GIRO-FALCADE-2019-19.jpg 1599w\" sizes=\"auto, (max-width: 300px) 100vw, 300px\" \/><\/a>\n\t\t\t\t<\/dt><\/dl><dl class='gallery-item'>\n\t\t\t\t<dt class='gallery-icon landscape'>\n\t\t\t\t\t<a class=\"rollover\" href='https:\/\/www.radiopiu.net\/wordpress\/okba-seddik-e-manuela-bulf-sono-il-re-e-la-regina-del-giro-podistico-di-falcade\/giro-falcade-2019-20\/'><img loading=\"lazy\" decoding=\"async\" width=\"300\" height=\"225\" src=\"https:\/\/www.radiopiu.net\/wordpress\/wp-content\/uploads\/2019\/08\/GIRO-FALCADE-2019-20-300x225.jpg\" class=\"attachment-medium size-medium\" alt=\"\" srcset=\"https:\/\/www.radiopiu.net\/wordpress\/wp-content\/uploads\/2019\/08\/GIRO-FALCADE-2019-20-300x225.jpg 300w, https:\/\/www.radiopiu.net\/wordpress\/wp-content\/uploads\/2019\/08\/GIRO-FALCADE-2019-20-768x576.jpg 768w, https:\/\/www.radiopiu.net\/wordpress\/wp-content\/uploads\/2019\/08\/GIRO-FALCADE-2019-20-1024x768.jpg 1024w, https:\/\/www.radiopiu.net\/wordpress\/wp-content\/uploads\/2019\/08\/GIRO-FALCADE-2019-20.jpg 1599w\" sizes=\"auto, (max-width: 300px) 100vw, 300px\" \/><\/a>\n\t\t\t\t<\/dt><\/dl><dl class='gallery-item'>\n\t\t\t\t<dt class='gallery-icon landscape'>\n\t\t\t\t\t<a class=\"rollover\" href='https:\/\/www.radiopiu.net\/wordpress\/okba-seddik-e-manuela-bulf-sono-il-re-e-la-regina-del-giro-podistico-di-falcade\/giro-falcade-2019-21\/'><img loading=\"lazy\" decoding=\"async\" width=\"300\" height=\"225\" src=\"https:\/\/www.radiopiu.net\/wordpress\/wp-content\/uploads\/2019\/08\/GIRO-FALCADE-2019-21-300x225.jpg\" class=\"attachment-medium size-medium\" alt=\"\" srcset=\"https:\/\/www.radiopiu.net\/wordpress\/wp-content\/uploads\/2019\/08\/GIRO-FALCADE-2019-21-300x225.jpg 300w, https:\/\/www.radiopiu.net\/wordpress\/wp-content\/uploads\/2019\/08\/GIRO-FALCADE-2019-21-768x576.jpg 768w, https:\/\/www.radiopiu.net\/wordpress\/wp-content\/uploads\/2019\/08\/GIRO-FALCADE-2019-21-1024x768.jpg 1024w, https:\/\/www.radiopiu.net\/wordpress\/wp-content\/uploads\/2019\/08\/GIRO-FALCADE-2019-21.jpg 1599w\" sizes=\"auto, (max-width: 300px) 100vw, 300px\" \/><\/a>\n\t\t\t\t<\/dt><\/dl><br style=\"clear: both\" \/><dl class='gallery-item'>\n\t\t\t\t<dt class='gallery-icon landscape'>\n\t\t\t\t\t<a class=\"rollover\" href='https:\/\/www.radiopiu.net\/wordpress\/okba-seddik-e-manuela-bulf-sono-il-re-e-la-regina-del-giro-podistico-di-falcade\/giro-falcade-2019-22\/'><img loading=\"lazy\" decoding=\"async\" width=\"300\" height=\"225\" src=\"https:\/\/www.radiopiu.net\/wordpress\/wp-content\/uploads\/2019\/08\/GIRO-FALCADE-2019-22-300x225.jpg\" class=\"attachment-medium size-medium\" alt=\"\" srcset=\"https:\/\/www.radiopiu.net\/wordpress\/wp-content\/uploads\/2019\/08\/GIRO-FALCADE-2019-22-300x225.jpg 300w, https:\/\/www.radiopiu.net\/wordpress\/wp-content\/uploads\/2019\/08\/GIRO-FALCADE-2019-22-768x576.jpg 768w, https:\/\/www.radiopiu.net\/wordpress\/wp-content\/uploads\/2019\/08\/GIRO-FALCADE-2019-22-1024x768.jpg 1024w, https:\/\/www.radiopiu.net\/wordpress\/wp-content\/uploads\/2019\/08\/GIRO-FALCADE-2019-22.jpg 1599w\" sizes=\"auto, (max-width: 300px) 100vw, 300px\" \/><\/a>\n\t\t\t\t<\/dt><\/dl>\n\t\t\t\t<br style='clear: both' \/>\n\t\t\t<\/div>\n\n<p><strong>PER CONSULTARE LE CLASSIFICHE UFFICIALI CLICCARE SUL LINK SOTTO<\/strong><\/p>\n<p><a href=\"http:\/\/www.radiopiu.net\/wordpress\/wp-content\/uploads\/2019\/08\/Classifiche_Generali_Falcade_2019.pdf\">Classifiche_Generali_Falcade_2019<\/a><\/p>\n<p>&nbsp;<\/p>\n<p>&nbsp;<\/p>\n<p>&nbsp;<\/p>\n<p>&nbsp;<\/p>\n<p><center><\/center><center><\/center><center><\/center><center><b><a class=\"dt-pswp-item\" href=\"http:\/\/www.radiopiu.net\/wordpress\/wp-content\/uploads\/2018\/09\/WhatsApp-Image-2018-09-20-at-16.04.06.jpeg\" data-dt-img-description=\"\" data-large_image_width=\"800\" data-large_image_height=\"100\"><img loading=\"lazy\" decoding=\"async\" class=\"alignnone wp-image-61378 size-full\" src=\"http:\/\/www.radiopiu.net\/wordpress\/wp-content\/uploads\/2018\/09\/WhatsApp-Image-2018-09-20-at-16.04.06.jpeg\" alt=\"\" width=\"800\" height=\"100\" srcset=\"https:\/\/www.radiopiu.net\/wordpress\/wp-content\/uploads\/2018\/09\/WhatsApp-Image-2018-09-20-at-16.04.06.jpeg 800w, https:\/\/www.radiopiu.net\/wordpress\/wp-content\/uploads\/2018\/09\/WhatsApp-Image-2018-09-20-at-16.04.06-300x38.jpeg 300w, https:\/\/www.radiopiu.net\/wordpress\/wp-content\/uploads\/2018\/09\/WhatsApp-Image-2018-09-20-at-16.04.06-768x96.jpeg 768w\" sizes=\"auto, (max-width: 800px) 100vw, 800px\" \/><\/a><\/b><\/center><center><\/center><center><b>Mercoledi 14<\/b><\/center><b>Tempo atteso: <\/b>Dopo l&#8217;esaurimento dell&#8217;instabilit\u00e0 nelle prime ore della notte, tempo discreto\/variabile e relativamente fresco, specie al primo mattino, con ampie schiarite soprattutto al mattino, alternate ad annuvolamenti irregolari da Ovest e modesti cumuli pomeridiani, con rischio contenuto di fenomeni.<br \/>\n<b>Precipitazioni: <\/b>Nella notte possibili residui rovesci o temporali sulle Prealpi (20\/30%); in giornata generalmente assenti sulle Dolomiti (10\/20%), mentre sulle Prealpi sar\u00e0 possibile la ripresa di qualche rovescio al pomeriggio\/sera (30\/40%).<br \/>\n<b>Temperature: <\/b>In ulteriore calo. Su Prealpi a 1500 m min 10\u00b0C max 15\u00b0C, a 2000 m min 7\u00b0C max 12\u00b0C. Su Dolomiti a 2000 m min 5\u00b0C max 12\u00b0C, a 3000 m min 1\u00b0C max 3\u00b0C.<br \/>\n<b>Venti: <\/b>Nelle valli deboli o moderati a regime di brezza; in quota deboli\/moderati settentrionali, in rotazione a Ovest alla sera, a 5-15 km\/h a 2000 m, 15-25 km\/h a 3000 m.<\/p>\n<hr \/>\n<p><center><b>Giovedi 15<\/b><\/center><b>Tempo atteso: <\/b>Tempo da variabile a debolmente instabile, con schiarite anche ampie al mattino e modesta o moderata cumulificazione diurna, che ridurr\u00e0 il soleggiamento e potr\u00e0 produrre qualche fenomeno di instabilit\u00e0 al pomeriggio\/sera. Clima fresco al mattino.<br \/>\n<b>Precipitazioni: <\/b>Al mattino assenti (0%); al pomeriggio possibili rovesci sparsi e qualche temporale sulle Dolomiti (50\/70%), in possibile trasferimento nel tardo pomeriggio\/sera alle Prealpi, dove comunque i fenomeni saranno meno probabili (30\/50%).<br \/>\n<b>Temperature: <\/b>Minime stazionarie, massime in lieve calo. Su Prealpi a 1500 m min 10\u00b0C max 14\u00b0C, a 2000 m min 7\u00b0C max 11\u00b0C. Su Dolomiti a 2000 m min 7\u00b0C max 12\u00b0C, a 3000 m min 2\u00b0C max 4\u00b0C.<br \/>\n<b>Venti: <\/b>Nelle valli deboli o moderati a regime di brezza; in quota perlopi\u00f9 deboli in rotazione da Ovest a Nord, a 5-10 km\/h a 2000 m, 10-25 km\/h a 3000 m.<\/p>\n<hr \/>\n<p><center><b>Venerdi 16<\/b><\/center>Dopo l&#8217;esaurimento sulle Prealpi della possibile instabilit\u00e0 entro il mattino, il tempo sar\u00e0 ovunque abbastanza soleggiato, con schiarite alternate ad annuvolamenti irregolari, ma perlopi\u00f9 senza ulteriori precipitazioni, se non qualche sporadico piovasco. Lieve rialzo termico diurno, con valori prossimi o poco inferiori alle medie del periodo. Venti deboli\/moderati nuovamente occidentali in quota, brezze nelle valli<\/p>\n<hr \/>\n<p><center><b>Sabato 17<\/b><\/center>Tempo abbastanza soleggiato e stabile, con schiarite anche ampie alternate ad annuvolamenti irregolari, e con il rischio di nubi basse mattutine. Il rischio di precipitazioni sar\u00e0 pressoch\u00e8 assente. Clima mattutino fresco, pi\u00f9 caldo di giorno. Previsore: G.M.<\/p>\n","protected":false},"excerpt":{"rendered":"<p>&nbsp; A mali estremi&#8230;si scoppiano i petardi. Succede a Belluno dove Paola Dal Farra l&#8217;altra notte ha scacciato i lupi, una coppia di predatori ha &#8220;cenato&#8221; uccidendo un&#8217;asina incinta ed \u00e8 gi\u00e0 la seconda volta. la proprietaria del ranch in zona Ronce per evitare ulteriori danni ha scoppiato dei petardi e gli animali sono di&hellip;<\/p>\n","protected":false},"author":1,"featured_media":95474,"comment_status":"closed","ping_status":"closed","sticky":false,"template":"","format":"standard","meta":{"_monsterinsights_skip_tracking":false,"_monsterinsights_sitenote_active":false,"_monsterinsights_sitenote_note":"","_monsterinsights_sitenote_category":0,"footnotes":""},"categories":[86],"tags":[],"class_list":["post-95477","post","type-post","status-publish","format-standard","has-post-thumbnail","hentry","category-gr","category-86","description-off"],"img_url":"https:\/\/www.radiopiu.net\/wordpress\/wp-content\/uploads\/2019\/08\/IMG-20190813-WA0003.jpg","_links":{"self":[{"href":"https:\/\/www.radiopiu.net\/wordpress\/wp-json\/wp\/v2\/posts\/95477","targetHints":{"allow":["GET"]}}],"collection":[{"href":"https:\/\/www.radiopiu.net\/wordpress\/wp-json\/wp\/v2\/posts"}],"about":[{"href":"https:\/\/www.radiopiu.net\/wordpress\/wp-json\/wp\/v2\/types\/post"}],"author":[{"embeddable":true,"href":"https:\/\/www.radiopiu.net\/wordpress\/wp-json\/wp\/v2\/users\/1"}],"replies":[{"embeddable":true,"href":"https:\/\/www.radiopiu.net\/wordpress\/wp-json\/wp\/v2\/comments?post=95477"}],"version-history":[{"count":0,"href":"https:\/\/www.radiopiu.net\/wordpress\/wp-json\/wp\/v2\/posts\/95477\/revisions"}],"wp:featuredmedia":[{"embeddable":true,"href":"https:\/\/www.radiopiu.net\/wordpress\/wp-json\/wp\/v2\/media\/95474"}],"wp:attachment":[{"href":"https:\/\/www.radiopiu.net\/wordpress\/wp-json\/wp\/v2\/media?parent=95477"}],"wp:term":[{"taxonomy":"category","embeddable":true,"href":"https:\/\/www.radiopiu.net\/wordpress\/wp-json\/wp\/v2\/categories?post=95477"},{"taxonomy":"post_tag","embeddable":true,"href":"https:\/\/www.radiopiu.net\/wordpress\/wp-json\/wp\/v2\/tags?post=95477"}],"curies":[{"name":"wp","href":"https:\/\/api.w.org\/{rel}","templated":true}]}}